{"id":87714,"date":"2026-05-01T15:18:27","date_gmt":"2026-05-01T15:18:27","guid":{"rendered":"https:\/\/transportjournal.com\/2026\/05\/01\/o-chanceler-federal-friedrich-merz-visita-a-akkermann-transporte\/"},"modified":"2026-05-01T15:18:27","modified_gmt":"2026-05-01T15:18:27","slug":"o-chanceler-federal-friedrich-merz-visita-a-akkermann-transporte","status":"publish","type":"post","link":"https:\/\/transportjournal.com\/pt-pt\/2026\/05\/01\/o-chanceler-federal-friedrich-merz-visita-a-akkermann-transporte\/","title":{"rendered":"O Chanceler Federal Friedrich Merz visita a Akkermann Transporte"},"content":{"rendered":"<p>Bundeskanzler Friedrich Merz visitou a Akkermann Transporte GmbH em Moormerland, na Fr\u00edsia Oriental, no dia 29 de abril de 2026, para se informar sobre os desafios do transporte rodovi\u00e1rio de mercadorias de m\u00e9dio porte. Ele foi acompanhado pela Secret\u00e1ria de Estado Parlamentar Gitta Connemann e representantes da Associa\u00e7\u00e3o Federal de Transporte Rodovi\u00e1rio, Log\u00edstica e Descarte (BGL) e.V., incluindo o membro do conselho de supervis\u00e3o Klaus Akkermann e o porta-voz do conselho, Prof. Dr. Dirk Engelhardt.<\/p>\n<h3>Desafios para o setor m\u00e9dio<\/h3>\n<p>A visita ocorreu em um contexto em que o setor est\u00e1 sob press\u00e3o significativa. O aumento dos custos, a falta de motoristas, obst\u00e1culos burocr\u00e1ticos e distor\u00e7\u00f5es competitivas internacionais afetam as empresas. Em particular, pequenas empresas, que representam cerca de 80% do setor e empregam menos de 20 funcion\u00e1rios, dependem de condi\u00e7\u00f5es confi\u00e1veis para garantir a seguran\u00e7a do abastecimento na Alemanha. Prof. Dr. Dirk Engelhardt enfatizou: \u201cA situa\u00e7\u00e3o no setor de transporte de m\u00e9dio porte \u00e9 extremamente tensa. Nossas empresas precisam agora de confiabilidade pol\u00edtica \u2013 para que possam investir, formar e moldar ativamente a transforma\u00e7\u00e3o.\u201d<\/p>\n<h3>Demandas ao governo federal<\/h3>\n<p>Durante a troca de ideias, tr\u00eas preocupa\u00e7\u00f5es centrais foram formuladas ao governo federal. O BGL destacou que o desconto tempor\u00e1rio no imposto sobre energia \u00e9 um passo importante, mas n\u00e3o representa uma solu\u00e7\u00e3o duradoura. Para garantir liquidez e reduzir desvantagens competitivas, \u00e9 necess\u00e1ria uma ampla desonera\u00e7\u00e3o. Uma preocupa\u00e7\u00e3o central \u00e9 a elimina\u00e7\u00e3o da dupla tributa\u00e7\u00e3o de CO\u2082. Empresas que j\u00e1 s\u00e3o afetadas pela componente de CO\u2082 da taxa de ped\u00e1gio para caminh\u00f5es n\u00e3o devem ser sobrecarregadas adicionalmente por um acr\u00e9scimo de CO\u2082 sobre o combust\u00edvel.<\/p>\n<p>Al\u00e9m disso, o BGL exige um fortalecimento da harmoniza\u00e7\u00e3o do ped\u00e1gio. O programa \u201cProte\u00e7\u00e3o Ambiental e Seguran\u00e7a\u201d deve ser ampliado para incluir aspectos como digitaliza\u00e7\u00e3o e resili\u00eancia do transporte rodovi\u00e1rio de mercadorias, e o financiamento deve ser aumentado de 450 para 900 milh\u00f5es de euros. Outro ponto \u00e9 o fechamento do ciclo de financiamento da estrada, onde as receitas da taxa de ped\u00e1gio para caminh\u00f5es devem ser direcionadas para projetos de infraestrutura, como pontes, \u00e1reas de estacionamento para caminh\u00f5es e manuten\u00e7\u00e3o de estradas.<\/p>\n<h3>Di\u00e1logo entre pol\u00edtica e economia<\/h3>\n<p>O BGL defende um di\u00e1logo cont\u00ednuo entre pol\u00edtica, economia e o setor. A visita a Moormerland destaca a necessidade de n\u00e3o apenas falar sobre o setor m\u00e9dio, mas de se comunicar ativamente com as empresas que diariamente assumem a responsabilidade por seus funcion\u00e1rios, clientes e investimentos. Klaus Akkermann expressou o desejo de que do interc\u00e2mbio com o chanceler federal sigam-se passos concretos: \u201cO progresso ocorre onde pol\u00edtica, economia e sociedade assumem conjuntamente a responsabilidade.\u201d<\/p>\n<p><a href=\"http:\/\/www.bgl-ev.de\" target=\"_blank\" rel=\"noopener noreferrer\">www.bgl-ev.de<\/a><\/p>\n","protected":false},"excerpt":{"rendered":"<p>O Chanceler Federal Friedrich Merz visitou em 29 de abril de 2026 a Akkermann Transporte GmbH para se informar sobre os desafios do transporte rodovi\u00e1rio de mercadorias de m\u00e9dio porte.<\/p>\n","protected":false},"author":7,"featured_media":87709,"comment_status":"open","ping_status":"","sticky":false,"template":"","format":"standard","meta":{"_acf_changed":false,"footnotes":""},"categories":[9092,1623,1617],"tags":[44535,44536,44537,44538,44539,44540,44541,44542,28747,44543,44544,44545,44546,3089,3090,44547,44548,44549,2122,44550,44551,44552,10645,44553,44554,44555,44556,44557,44558,44559,44560,44561,44562,2145,44563,44564,44565,44566,44567,44568,44569,44570,18619,44571,44572,10012,18620,44573,44574,13813,18622,8592,44575,44576],"class_list":["post-87714","post","type-post","status-publish","format-standard","has-post-thumbnail","hentry","category-deutschland","category-europa","category-expedicao-e-logistica","tag-akkermann-transporte-gmbh","tag-bgl-e-v","tag-bridge-construction-infrastructure","tag-brueckenbau-infrastruktur","tag-challenges-in-transport-sector","tag-co2-double-burden","tag-co2-doppelbelastung","tag-construction-de-ponts-infrastructure","tag-defis-du-secteur-du-transport","tag-deutsch-bundeskanzler-friedrich-merz","tag-dialog-politik-wirtschaft-english-chancellor-friedrich-merz","tag-dialogue-politics-economy-francais-chancelier-friedrich-merz","tag-dialogue-politique-economie","tag-digitalisierung-im-gueterverkehr","tag-digitization-in-freight-transport","tag-double-imposition-co2","tag-energiesteuerrabatt-transport","tag-energy-tax-rebate-transport","tag-fachkraeftemangel-logistik","tag-fiabilite-politique-pme","tag-harmonisation-des-peages","tag-herausforderungen-im-transportgewerbe","tag-industrie-du-transport-allemagne","tag-infrastructure-projects-road-network","tag-infrastrukturprojekte-strassennetz","tag-liquiditaetssicherung-logistik","tag-liquidity-security-logistics","tag-lkw-maut-einnahmen","tag-logistique-pme","tag-mautharmonisierung","tag-medium-sized-logistics","tag-mittelstand-logistik","tag-numerisation-du-transport-de-marchandises","tag-penurie-de-main-doeuvre-logistique","tag-political-reliability-medium-sized-businesses","tag-politische-verlaesslichkeit-mittelstand","tag-projets-dinfrastructure-reseau-routier","tag-reduction-de-la-taxe-energetique-transport","tag-resilience-du-transport-routier","tag-resilience-road-transport","tag-resilienz-strassentransport","tag-revenus-de-peage-de-camion","tag-road-freight-transport","tag-securite-dapprovisionnement-allemagne","tag-securite-de-liquidite-logistique","tag-skilled-labor-shortage-logistics","tag-strassengueterverkehr","tag-supply-security-germany","tag-toll-harmonization","tag-transport-industry-germany","tag-transport-routier-de-marchandises","tag-transportwirtschaft-deutschland","tag-truck-toll-revenues","tag-versorgungssicherheit-deutschland"],"acf":[],"yoast_head":"<!-- This site is optimized with the Yoast SEO plugin v27.3 - https:\/\/yoast.com\/product\/yoast-seo-wordpress\/ -->\n<title>O Chanceler Federal Friedrich Merz visita a Akkermann Transporte - ITJ | International Transport Journal<\/title>\n<meta name=\"robots\" content=\"index, follow, max-snippet:-1, max-image-preview:large, max-video-preview:-1\" \/>\n<link rel=\"canonical\" href=\"https:\/\/transportjournal.com\/pt-pt\/2026\/05\/01\/o-chanceler-federal-friedrich-merz-visita-a-akkermann-transporte\/\" \/>\n<meta property=\"og:locale\" content=\"pt_PT\" \/>\n<meta property=\"og:type\" content=\"article\" \/>\n<meta property=\"og:title\" content=\"O Chanceler Federal Friedrich Merz visita a Akkermann Transporte - ITJ | International Transport Journal\" \/>\n<meta property=\"og:description\" content=\"O Chanceler Federal Friedrich Merz visitou em 29 de abril de 2026 a Akkermann Transporte GmbH para se informar sobre os desafios do transporte rodovi\u00e1rio de mercadorias de m\u00e9dio porte.\" \/>\n<meta property=\"og:url\" content=\"https:\/\/transportjournal.com\/pt-pt\/2026\/05\/01\/o-chanceler-federal-friedrich-merz-visita-a-akkermann-transporte\/\" \/>\n<meta property=\"og:site_name\" content=\"ITJ | International Transport Journal\" \/>\n<meta property=\"article:published_time\" content=\"2026-05-01T15:18:27+00:00\" \/>\n<meta property=\"og:image\" content=\"https:\/\/transportjournal.com\/wp-content\/uploads\/sites\/2\/2026\/05\/BGL_1.5.26-aspect-ratio-1400-788.jpg\" \/>\n\t<meta property=\"og:image:width\" content=\"1920\" \/>\n\t<meta property=\"og:image:height\" content=\"1081\" \/>\n\t<meta property=\"og:image:type\" content=\"image\/jpeg\" \/>\n<meta name=\"author\" content=\"Andreas M\u00fcller\" \/>\n<meta name=\"twitter:card\" content=\"summary_large_image\" \/>\n<meta name=\"twitter:label1\" content=\"Escrito por\" \/>\n\t<meta name=\"twitter:data1\" content=\"Andreas M\u00fcller\" \/>\n\t<meta name=\"twitter:label2\" content=\"Tempo estimado de leitura\" \/>\n\t<meta name=\"twitter:data2\" content=\"2 minutos\" \/>\n<script type=\"application\/ld+json\" class=\"yoast-schema-graph\">{\"@context\":\"https:\\\/\\\/schema.org\",\"@graph\":[{\"@type\":\"Article\",\"@id\":\"https:\\\/\\\/transportjournal.com\\\/pt-pt\\\/2026\\\/05\\\/01\\\/o-chanceler-federal-friedrich-merz-visita-a-akkermann-transporte\\\/#article\",\"isPartOf\":{\"@id\":\"https:\\\/\\\/transportjournal.com\\\/pt-pt\\\/2026\\\/05\\\/01\\\/o-chanceler-federal-friedrich-merz-visita-a-akkermann-transporte\\\/\"},\"author\":{\"name\":\"Andreas M\u00fcller\",\"@id\":\"https:\\\/\\\/transportjournal.com\\\/pt-pt\\\/#\\\/schema\\\/person\\\/7b1593b33567ba798d300c8a1b0b85b1\"},\"headline\":\"O Chanceler Federal Friedrich Merz visita a Akkermann Transporte\",\"datePublished\":\"2026-05-01T15:18:27+00:00\",\"mainEntityOfPage\":{\"@id\":\"https:\\\/\\\/transportjournal.com\\\/pt-pt\\\/2026\\\/05\\\/01\\\/o-chanceler-federal-friedrich-merz-visita-a-akkermann-transporte\\\/\"},\"wordCount\":487,\"commentCount\":0,\"publisher\":{\"@id\":\"https:\\\/\\\/transportjournal.com\\\/pt-pt\\\/#organization\"},\"image\":{\"@id\":\"https:\\\/\\\/transportjournal.com\\\/pt-pt\\\/2026\\\/05\\\/01\\\/o-chanceler-federal-friedrich-merz-visita-a-akkermann-transporte\\\/#primaryimage\"},\"thumbnailUrl\":\"https:\\\/\\\/transportjournal.com\\\/wp-content\\\/uploads\\\/sites\\\/2\\\/2026\\\/05\\\/BGL_1.5.26-aspect-ratio-1400-788.jpg\",\"keywords\":[\"Akkermann Transporte GmbH\",\"BGL e.V.\",\"bridge construction infrastructure\",\"Br\u00fcckenbau Infrastruktur\",\"challenges in transport sector\",\"CO2 double burden\",\"CO2-Doppelbelastung\",\"construction de ponts infrastructure\",\"d\u00e9fis du secteur du transport\",\"Deutsch Bundeskanzler Friedrich Merz\",\"Dialog Politik Wirtschaft English Chancellor Friedrich Merz\",\"dialogue politics economy Fran\u00e7ais Chancelier Friedrich Merz\",\"dialogue politique \u00e9conomie\",\"Digitalisierung im G\u00fcterverkehr\",\"digitization in freight transport\",\"double imposition CO2\",\"Energiesteuerrabatt Transport\",\"energy tax rebate transport\",\"Fachkr\u00e4ftemangel Logistik\",\"fiabilit\u00e9 politique PME\",\"harmonisation des p\u00e9ages\",\"Herausforderungen im Transportgewerbe\",\"industrie du transport Allemagne\",\"infrastructure projects road network\",\"Infrastrukturprojekte Stra\u00dfennetz\",\"Liquidit\u00e4tssicherung Logistik\",\"liquidity security logistics\",\"Lkw-Maut Einnahmen\",\"logistique PME\",\"Mautharmonisierung\",\"medium-sized logistics\",\"Mittelstand Logistik\",\"num\u00e9risation du transport de marchandises\",\"p\u00e9nurie de main-d'\u0153uvre logistique\",\"political reliability medium-sized businesses\",\"politische Verl\u00e4sslichkeit Mittelstand\",\"projets d'infrastructure r\u00e9seau routier\",\"r\u00e9duction de la taxe \u00e9nerg\u00e9tique transport\",\"r\u00e9silience du transport routier\",\"resilience road transport\",\"Resilienz Stra\u00dfentransport\",\"revenus de p\u00e9age de camion\",\"road freight transport\",\"s\u00e9curit\u00e9 d'approvisionnement Allemagne\",\"s\u00e9curit\u00e9 de liquidit\u00e9 logistique\",\"skilled labor shortage logistics\",\"Stra\u00dfeng\u00fcterverkehr\",\"supply security Germany\",\"toll harmonization\",\"transport industry Germany\",\"transport routier de marchandises\",\"Transportwirtschaft Deutschland\",\"truck toll revenues\",\"Versorgungssicherheit Deutschland\"],\"articleSection\":[\"Deutschland\",\"Europa\",\"Expedi\u00e7\u00e3o de Mercadorias e Log\u00edstica\"],\"inLanguage\":\"pt-PT\",\"potentialAction\":[{\"@type\":\"CommentAction\",\"name\":\"Comment\",\"target\":[\"https:\\\/\\\/transportjournal.com\\\/pt-pt\\\/2026\\\/05\\\/01\\\/o-chanceler-federal-friedrich-merz-visita-a-akkermann-transporte\\\/#respond\"]}]},{\"@type\":\"WebPage\",\"@id\":\"https:\\\/\\\/transportjournal.com\\\/pt-pt\\\/2026\\\/05\\\/01\\\/o-chanceler-federal-friedrich-merz-visita-a-akkermann-transporte\\\/\",\"url\":\"https:\\\/\\\/transportjournal.com\\\/pt-pt\\\/2026\\\/05\\\/01\\\/o-chanceler-federal-friedrich-merz-visita-a-akkermann-transporte\\\/\",\"name\":\"O Chanceler Federal Friedrich Merz visita a Akkermann Transporte - ITJ | International Transport Journal\",\"isPartOf\":{\"@id\":\"https:\\\/\\\/transportjournal.com\\\/pt-pt\\\/#website\"},\"primaryImageOfPage\":{\"@id\":\"https:\\\/\\\/transportjournal.com\\\/pt-pt\\\/2026\\\/05\\\/01\\\/o-chanceler-federal-friedrich-merz-visita-a-akkermann-transporte\\\/#primaryimage\"},\"image\":{\"@id\":\"https:\\\/\\\/transportjournal.com\\\/pt-pt\\\/2026\\\/05\\\/01\\\/o-chanceler-federal-friedrich-merz-visita-a-akkermann-transporte\\\/#primaryimage\"},\"thumbnailUrl\":\"https:\\\/\\\/transportjournal.com\\\/wp-content\\\/uploads\\\/sites\\\/2\\\/2026\\\/05\\\/BGL_1.5.26-aspect-ratio-1400-788.jpg\",\"datePublished\":\"2026-05-01T15:18:27+00:00\",\"breadcrumb\":{\"@id\":\"https:\\\/\\\/transportjournal.com\\\/pt-pt\\\/2026\\\/05\\\/01\\\/o-chanceler-federal-friedrich-merz-visita-a-akkermann-transporte\\\/#breadcrumb\"},\"inLanguage\":\"pt-PT\",\"potentialAction\":[{\"@type\":\"ReadAction\",\"target\":[\"https:\\\/\\\/transportjournal.com\\\/pt-pt\\\/2026\\\/05\\\/01\\\/o-chanceler-federal-friedrich-merz-visita-a-akkermann-transporte\\\/\"]}]},{\"@type\":\"ImageObject\",\"inLanguage\":\"pt-PT\",\"@id\":\"https:\\\/\\\/transportjournal.com\\\/pt-pt\\\/2026\\\/05\\\/01\\\/o-chanceler-federal-friedrich-merz-visita-a-akkermann-transporte\\\/#primaryimage\",\"url\":\"https:\\\/\\\/transportjournal.com\\\/wp-content\\\/uploads\\\/sites\\\/2\\\/2026\\\/05\\\/BGL_1.5.26-aspect-ratio-1400-788.jpg\",\"contentUrl\":\"https:\\\/\\\/transportjournal.com\\\/wp-content\\\/uploads\\\/sites\\\/2\\\/2026\\\/05\\\/BGL_1.5.26-aspect-ratio-1400-788.jpg\",\"width\":1920,\"height\":1081},{\"@type\":\"BreadcrumbList\",\"@id\":\"https:\\\/\\\/transportjournal.com\\\/pt-pt\\\/2026\\\/05\\\/01\\\/o-chanceler-federal-friedrich-merz-visita-a-akkermann-transporte\\\/#breadcrumb\",\"itemListElement\":[{\"@type\":\"ListItem\",\"position\":1,\"name\":\"Startseite\",\"item\":\"https:\\\/\\\/transportjournal.com\\\/pt-pt\\\/\"},{\"@type\":\"ListItem\",\"position\":2,\"name\":\"O Chanceler Federal Friedrich Merz visita a Akkermann Transporte\"}]},{\"@type\":\"WebSite\",\"@id\":\"https:\\\/\\\/transportjournal.com\\\/pt-pt\\\/#website\",\"url\":\"https:\\\/\\\/transportjournal.com\\\/pt-pt\\\/\",\"name\":\"ITJ | International Transport Journal\",\"description\":\"Stay informed with the latest global news from the transport, logistics, and supply chain industries. Transport Journal delivers expert insights, analysis, and updates across shipping, aviation, intermodal, and forwarding.\",\"publisher\":{\"@id\":\"https:\\\/\\\/transportjournal.com\\\/pt-pt\\\/#organization\"},\"potentialAction\":[{\"@type\":\"SearchAction\",\"target\":{\"@type\":\"EntryPoint\",\"urlTemplate\":\"https:\\\/\\\/transportjournal.com\\\/pt-pt\\\/?s={search_term_string}\"},\"query-input\":{\"@type\":\"PropertyValueSpecification\",\"valueRequired\":true,\"valueName\":\"search_term_string\"}}],\"inLanguage\":\"pt-PT\"},{\"@type\":\"Organization\",\"@id\":\"https:\\\/\\\/transportjournal.com\\\/pt-pt\\\/#organization\",\"name\":\"Logismedia Group AG\",\"alternateName\":\"Logismedia Group AG\",\"url\":\"https:\\\/\\\/transportjournal.com\\\/pt-pt\\\/\",\"logo\":{\"@type\":\"ImageObject\",\"inLanguage\":\"pt-PT\",\"@id\":\"https:\\\/\\\/transportjournal.com\\\/pt-pt\\\/#\\\/schema\\\/logo\\\/image\\\/\",\"url\":\"https:\\\/\\\/transportjournal.com\\\/wp-content\\\/uploads\\\/sites\\\/2\\\/2025\\\/09\\\/Logo_ITJ.png\",\"contentUrl\":\"https:\\\/\\\/transportjournal.com\\\/wp-content\\\/uploads\\\/sites\\\/2\\\/2025\\\/09\\\/Logo_ITJ.png\",\"width\":799,\"height\":326,\"caption\":\"Logismedia Group AG\"},\"image\":{\"@id\":\"https:\\\/\\\/transportjournal.com\\\/pt-pt\\\/#\\\/schema\\\/logo\\\/image\\\/\"},\"sameAs\":[\"https:\\\/\\\/www.linkedin.com\\\/company\\\/56456496\\\/admin\\\/dashboard\\\/\",\"https:\\\/\\\/www.instagram.com\\\/logismediagroup\\\/\",\"https:\\\/\\\/www.youtube.com\\\/@LogiamediaGroupAG\"]},{\"@type\":\"Person\",\"@id\":\"https:\\\/\\\/transportjournal.com\\\/pt-pt\\\/#\\\/schema\\\/person\\\/7b1593b33567ba798d300c8a1b0b85b1\",\"name\":\"Andreas M\u00fcller\",\"url\":\"https:\\\/\\\/transportjournal.com\\\/pt-pt\\\/author\\\/logismedia\\\/\"}]}<\/script>\n<!-- \/ Yoast SEO plugin. -->","yoast_head_json":{"title":"O Chanceler Federal Friedrich Merz visita a Akkermann Transporte - ITJ | International Transport Journal","robots":{"index":"index","follow":"follow","max-snippet":"max-snippet:-1","max-image-preview":"max-image-preview:large","max-video-preview":"max-video-preview:-1"},"canonical":"https:\/\/transportjournal.com\/pt-pt\/2026\/05\/01\/o-chanceler-federal-friedrich-merz-visita-a-akkermann-transporte\/","og_locale":"pt_PT","og_type":"article","og_title":"O Chanceler Federal Friedrich Merz visita a Akkermann Transporte - ITJ | International Transport Journal","og_description":"O Chanceler Federal Friedrich Merz visitou em 29 de abril de 2026 a Akkermann Transporte GmbH para se informar sobre os desafios do transporte rodovi\u00e1rio de mercadorias de m\u00e9dio porte.","og_url":"https:\/\/transportjournal.com\/pt-pt\/2026\/05\/01\/o-chanceler-federal-friedrich-merz-visita-a-akkermann-transporte\/","og_site_name":"ITJ | International Transport Journal","article_published_time":"2026-05-01T15:18:27+00:00","og_image":[{"width":1920,"height":1081,"url":"https:\/\/transportjournal.com\/wp-content\/uploads\/sites\/2\/2026\/05\/BGL_1.5.26-aspect-ratio-1400-788.jpg","type":"image\/jpeg"}],"author":"Andreas M\u00fcller","twitter_card":"summary_large_image","twitter_misc":{"Escrito por":"Andreas M\u00fcller","Tempo estimado de leitura":"2 minutos"},"schema":{"@context":"https:\/\/schema.org","@graph":[{"@type":"Article","@id":"https:\/\/transportjournal.com\/pt-pt\/2026\/05\/01\/o-chanceler-federal-friedrich-merz-visita-a-akkermann-transporte\/#article","isPartOf":{"@id":"https:\/\/transportjournal.com\/pt-pt\/2026\/05\/01\/o-chanceler-federal-friedrich-merz-visita-a-akkermann-transporte\/"},"author":{"name":"Andreas M\u00fcller","@id":"https:\/\/transportjournal.com\/pt-pt\/#\/schema\/person\/7b1593b33567ba798d300c8a1b0b85b1"},"headline":"O Chanceler Federal Friedrich Merz visita a Akkermann Transporte","datePublished":"2026-05-01T15:18:27+00:00","mainEntityOfPage":{"@id":"https:\/\/transportjournal.com\/pt-pt\/2026\/05\/01\/o-chanceler-federal-friedrich-merz-visita-a-akkermann-transporte\/"},"wordCount":487,"commentCount":0,"publisher":{"@id":"https:\/\/transportjournal.com\/pt-pt\/#organization"},"image":{"@id":"https:\/\/transportjournal.com\/pt-pt\/2026\/05\/01\/o-chanceler-federal-friedrich-merz-visita-a-akkermann-transporte\/#primaryimage"},"thumbnailUrl":"https:\/\/transportjournal.com\/wp-content\/uploads\/sites\/2\/2026\/05\/BGL_1.5.26-aspect-ratio-1400-788.jpg","keywords":["Akkermann Transporte GmbH","BGL e.V.","bridge construction infrastructure","Br\u00fcckenbau Infrastruktur","challenges in transport sector","CO2 double burden","CO2-Doppelbelastung","construction de ponts infrastructure","d\u00e9fis du secteur du transport","Deutsch Bundeskanzler Friedrich Merz","Dialog Politik Wirtschaft English Chancellor Friedrich Merz","dialogue politics economy Fran\u00e7ais Chancelier Friedrich Merz","dialogue politique \u00e9conomie","Digitalisierung im G\u00fcterverkehr","digitization in freight transport","double imposition CO2","Energiesteuerrabatt Transport","energy tax rebate transport","Fachkr\u00e4ftemangel Logistik","fiabilit\u00e9 politique PME","harmonisation des p\u00e9ages","Herausforderungen im Transportgewerbe","industrie du transport Allemagne","infrastructure projects road network","Infrastrukturprojekte Stra\u00dfennetz","Liquidit\u00e4tssicherung Logistik","liquidity security logistics","Lkw-Maut Einnahmen","logistique PME","Mautharmonisierung","medium-sized logistics","Mittelstand Logistik","num\u00e9risation du transport de marchandises","p\u00e9nurie de main-d'\u0153uvre logistique","political reliability medium-sized businesses","politische Verl\u00e4sslichkeit Mittelstand","projets d'infrastructure r\u00e9seau routier","r\u00e9duction de la taxe \u00e9nerg\u00e9tique transport","r\u00e9silience du transport routier","resilience road transport","Resilienz Stra\u00dfentransport","revenus de p\u00e9age de camion","road freight transport","s\u00e9curit\u00e9 d'approvisionnement Allemagne","s\u00e9curit\u00e9 de liquidit\u00e9 logistique","skilled labor shortage logistics","Stra\u00dfeng\u00fcterverkehr","supply security Germany","toll harmonization","transport industry Germany","transport routier de marchandises","Transportwirtschaft Deutschland","truck toll revenues","Versorgungssicherheit Deutschland"],"articleSection":["Deutschland","Europa","Expedi\u00e7\u00e3o de Mercadorias e Log\u00edstica"],"inLanguage":"pt-PT","potentialAction":[{"@type":"CommentAction","name":"Comment","target":["https:\/\/transportjournal.com\/pt-pt\/2026\/05\/01\/o-chanceler-federal-friedrich-merz-visita-a-akkermann-transporte\/#respond"]}]},{"@type":"WebPage","@id":"https:\/\/transportjournal.com\/pt-pt\/2026\/05\/01\/o-chanceler-federal-friedrich-merz-visita-a-akkermann-transporte\/","url":"https:\/\/transportjournal.com\/pt-pt\/2026\/05\/01\/o-chanceler-federal-friedrich-merz-visita-a-akkermann-transporte\/","name":"O Chanceler Federal Friedrich Merz visita a Akkermann Transporte - ITJ | International Transport Journal","isPartOf":{"@id":"https:\/\/transportjournal.com\/pt-pt\/#website"},"primaryImageOfPage":{"@id":"https:\/\/transportjournal.com\/pt-pt\/2026\/05\/01\/o-chanceler-federal-friedrich-merz-visita-a-akkermann-transporte\/#primaryimage"},"image":{"@id":"https:\/\/transportjournal.com\/pt-pt\/2026\/05\/01\/o-chanceler-federal-friedrich-merz-visita-a-akkermann-transporte\/#primaryimage"},"thumbnailUrl":"https:\/\/transportjournal.com\/wp-content\/uploads\/sites\/2\/2026\/05\/BGL_1.5.26-aspect-ratio-1400-788.jpg","datePublished":"2026-05-01T15:18:27+00:00","breadcrumb":{"@id":"https:\/\/transportjournal.com\/pt-pt\/2026\/05\/01\/o-chanceler-federal-friedrich-merz-visita-a-akkermann-transporte\/#breadcrumb"},"inLanguage":"pt-PT","potentialAction":[{"@type":"ReadAction","target":["https:\/\/transportjournal.com\/pt-pt\/2026\/05\/01\/o-chanceler-federal-friedrich-merz-visita-a-akkermann-transporte\/"]}]},{"@type":"ImageObject","inLanguage":"pt-PT","@id":"https:\/\/transportjournal.com\/pt-pt\/2026\/05\/01\/o-chanceler-federal-friedrich-merz-visita-a-akkermann-transporte\/#primaryimage","url":"https:\/\/transportjournal.com\/wp-content\/uploads\/sites\/2\/2026\/05\/BGL_1.5.26-aspect-ratio-1400-788.jpg","contentUrl":"https:\/\/transportjournal.com\/wp-content\/uploads\/sites\/2\/2026\/05\/BGL_1.5.26-aspect-ratio-1400-788.jpg","width":1920,"height":1081},{"@type":"BreadcrumbList","@id":"https:\/\/transportjournal.com\/pt-pt\/2026\/05\/01\/o-chanceler-federal-friedrich-merz-visita-a-akkermann-transporte\/#breadcrumb","itemListElement":[{"@type":"ListItem","position":1,"name":"Startseite","item":"https:\/\/transportjournal.com\/pt-pt\/"},{"@type":"ListItem","position":2,"name":"O Chanceler Federal Friedrich Merz visita a Akkermann Transporte"}]},{"@type":"WebSite","@id":"https:\/\/transportjournal.com\/pt-pt\/#website","url":"https:\/\/transportjournal.com\/pt-pt\/","name":"ITJ | International Transport Journal","description":"Stay informed with the latest global news from the transport, logistics, and supply chain industries. Transport Journal delivers expert insights, analysis, and updates across shipping, aviation, intermodal, and forwarding.","publisher":{"@id":"https:\/\/transportjournal.com\/pt-pt\/#organization"},"potentialAction":[{"@type":"SearchAction","target":{"@type":"EntryPoint","urlTemplate":"https:\/\/transportjournal.com\/pt-pt\/?s={search_term_string}"},"query-input":{"@type":"PropertyValueSpecification","valueRequired":true,"valueName":"search_term_string"}}],"inLanguage":"pt-PT"},{"@type":"Organization","@id":"https:\/\/transportjournal.com\/pt-pt\/#organization","name":"Logismedia Group AG","alternateName":"Logismedia Group AG","url":"https:\/\/transportjournal.com\/pt-pt\/","logo":{"@type":"ImageObject","inLanguage":"pt-PT","@id":"https:\/\/transportjournal.com\/pt-pt\/#\/schema\/logo\/image\/","url":"https:\/\/transportjournal.com\/wp-content\/uploads\/sites\/2\/2025\/09\/Logo_ITJ.png","contentUrl":"https:\/\/transportjournal.com\/wp-content\/uploads\/sites\/2\/2025\/09\/Logo_ITJ.png","width":799,"height":326,"caption":"Logismedia Group AG"},"image":{"@id":"https:\/\/transportjournal.com\/pt-pt\/#\/schema\/logo\/image\/"},"sameAs":["https:\/\/www.linkedin.com\/company\/56456496\/admin\/dashboard\/","https:\/\/www.instagram.com\/logismediagroup\/","https:\/\/www.youtube.com\/@LogiamediaGroupAG"]},{"@type":"Person","@id":"https:\/\/transportjournal.com\/pt-pt\/#\/schema\/person\/7b1593b33567ba798d300c8a1b0b85b1","name":"Andreas M\u00fcller","url":"https:\/\/transportjournal.com\/pt-pt\/author\/logismedia\/"}]}},"_links":{"self":[{"href":"https:\/\/transportjournal.com\/pt-pt\/wp-json\/wp\/v2\/posts\/87714","targetHints":{"allow":["GET"]}}],"collection":[{"href":"https:\/\/transportjournal.com\/pt-pt\/wp-json\/wp\/v2\/posts"}],"about":[{"href":"https:\/\/transportjournal.com\/pt-pt\/wp-json\/wp\/v2\/types\/post"}],"author":[{"embeddable":true,"href":"https:\/\/transportjournal.com\/pt-pt\/wp-json\/wp\/v2\/users\/7"}],"replies":[{"embeddable":true,"href":"https:\/\/transportjournal.com\/pt-pt\/wp-json\/wp\/v2\/comments?post=87714"}],"version-history":[{"count":0,"href":"https:\/\/transportjournal.com\/pt-pt\/wp-json\/wp\/v2\/posts\/87714\/revisions"}],"wp:featuredmedia":[{"embeddable":true,"href":"https:\/\/transportjournal.com\/pt-pt\/wp-json\/wp\/v2\/media\/87709"}],"wp:attachment":[{"href":"https:\/\/transportjournal.com\/pt-pt\/wp-json\/wp\/v2\/media?parent=87714"}],"wp:term":[{"taxonomy":"category","embeddable":true,"href":"https:\/\/transportjournal.com\/pt-pt\/wp-json\/wp\/v2\/categories?post=87714"},{"taxonomy":"post_tag","embeddable":true,"href":"https:\/\/transportjournal.com\/pt-pt\/wp-json\/wp\/v2\/tags?post=87714"}],"curies":[{"name":"wp","href":"https:\/\/api.w.org\/{rel}","templated":true}]}}