{"id":87654,"date":"2026-04-30T10:41:53","date_gmt":"2026-04-30T10:41:53","guid":{"rendered":"https:\/\/transportjournal.com\/2026\/04\/30\/harbor-logistics-nomeia-auslund-como-ceo\/"},"modified":"2026-04-30T10:41:53","modified_gmt":"2026-04-30T10:41:53","slug":"harbor-logistics-nomeia-auslund-como-ceo","status":"publish","type":"post","link":"https:\/\/transportjournal.com\/pt-pt\/2026\/04\/30\/harbor-logistics-nomeia-auslund-como-ceo\/","title":{"rendered":"Harbor Logistics nomeia Auslund como CEO"},"content":{"rendered":"<p>Harbor Logistics nomeou Scott Auslund como o novo Chief Executive Officer. A decis\u00e3o da empresa americana com sede em Charleston, Carolina do Sul, entra em vigor em 4 de maio de 2026. Auslund traz mais de 15 anos de experi\u00eancia na ind\u00fastria de transporte e log\u00edstica, destacando-se no passado pela escalabilidade de opera\u00e7\u00f5es e pela cria\u00e7\u00e3o de valor.<\/p>\n<h3>Experi\u00eancia e orienta\u00e7\u00e3o estrat\u00e9gica<\/h3>\n<p>Aulsund, que anteriormente atuou como COO na loop.com, liderou a integra\u00e7\u00e3o de duas aquisi\u00e7\u00f5es e desenvolveu a empresa com sucesso. Antes, foi CEO do servi\u00e7o de frete baseado em tecnologia Data2Logistics, onde estabeleceu uma cultura empresarial orientada para o cliente. Tamb\u00e9m na GR Holdings, uma empresa com frota pesada, ele conduziu uma transforma\u00e7\u00e3o para um prestador de servi\u00e7os log\u00edsticos 3PL\/4PL diversificado. Sua carreira inclui passagens pela Mariner, Covenant Logistics, Transplace e UPS, onde se concentrou na escalabilidade estrat\u00e9gica de empresas.<\/p>\n<p>Marc Kramer, presidente do conselho da Harbor Logistics, comentou sobre a nomea\u00e7\u00e3o de Auslund: \u201cEstamos felizes em receber Scott em um momento t\u00e3o decisivo para n\u00f3s. Sua profundidade operacional e experi\u00eancia espec\u00edfica do setor o tornam especialmente adequado para liderar a Harbor na pr\u00f3xima fase.\u201d<\/p>\n<p>O novo CEO enfatizou as oportunidades que est\u00e3o \u00e0 sua frente: \u201cA empresa construiu uma plataforma diferenciada em um mercado atraente e em crescimento. Estou ansioso para trabalhar com a equipe para acelerar o crescimento e continuar a criar valor para nossos clientes e partes interessadas.\u201d<\/p>\n<h3>Transi\u00e7\u00e3o de lideran\u00e7a<\/h3>\n<p>Aulsund sucede Kevin Shuba, que liderou a Harbor em uma fase decisiva de crescimento da empresa. Shuba trouxe mais de 30 anos de experi\u00eancia na ind\u00fastria de transporte e log\u00edstica e desempenhou um papel central na integra\u00e7\u00e3o e expans\u00e3o da empresa nos mercados do sudeste dos EUA. Allison Kingsley, fundadora e parceira da NOVA Infrastructure, propriet\u00e1ria da Harbor, reconheceu a contribui\u00e7\u00e3o de Shuba: \u201cKevin entrou em um ponto de inflex\u00e3o importante na Harbor e forneceu a lideran\u00e7a necess\u00e1ria.\u201d<\/p>\n<p>A Harbor Logistics planeja continuar investindo em sua presen\u00e7a na regi\u00e3o de Charleston e no sudeste em geral. Entre os investimentos recentes est\u00e1 a abertura de um armaz\u00e9m de 57.000 m\u00b2 no Condado de Dorchester, bem como o in\u00edcio da constru\u00e7\u00e3o de uma instala\u00e7\u00e3o de transbordo para soja no Condado de Berkeley. A empresa planeja preencher mais cargos de lideran\u00e7a nas pr\u00f3ximas semanas.<\/p>\n<p>&nbsp;<\/p>\n<p><a href=\"https:\/\/harborlogistics.com\/\" target=\"_blank\" rel=\"noopener noreferrer\">www.harborlogistics.com<\/a><\/p>\n<p>&nbsp;<\/p>\n","protected":false},"excerpt":{"rendered":"<p>A Harbor Logistics nomeou Scott Auslund como o novo CEO para liderar e desenvolver estrategicamente a empresa em sua fase de crescimento.<\/p>\n","protected":false},"author":12,"featured_media":87649,"comment_status":"open","ping_status":"","sticky":false,"template":"","format":"standard","meta":{"_acf_changed":false,"footnotes":""},"categories":[1626,1617,1619,1615],"tags":[44180,44181,44182,5283,20317,44183,20318,44184,3353,32288,4232,44185,44186,17452,23427,44187,2123,44188,44189,44190,44191,44192,44193,44194,44195,20812,3872,44196,2133,44197,1831,44198,44199,11546,3379,4257,44200,2145,2148,1916,44201,44202,9650,2106,3535,3536,3537,44203,44204,11551,2591,44205],"class_list":["post-87654","post","type-post","status-publish","format-standard","has-post-thumbnail","hentry","category-americas","category-expedicao-e-logistica","category-navegacao-e-portos","category-pessoas-e-empresas","tag-3pl-dienstleister","tag-3pl-providers","tag-analyse-de-marche-secteur-du-transport","tag-betriebsablaeufe-optimieren","tag-business-growth","tag-ceo-transport","tag-croissance-des-entreprises","tag-deutsch-harbor-logistics","tag-digitalisierung-logistik","tag-durabilite-du-transport","tag-efficacite-operationnelle","tag-fachkraeftemangel-logistik-english-harbor-logistics","tag-fournisseurs-3pl","tag-frachtservices","tag-freight-services","tag-fuehrungskraefte-logistik","tag-gestion-de-la-chaine-dapprovisionnement","tag-infrastructure-southeast-usa","tag-infrastructure-sud-est-des-etats-unis","tag-infrastruktur-suedosten-usa","tag-installations-de-transbordement","tag-investissements-charleston","tag-investitionen-charleston","tag-investments-charleston","tag-leadership-en-logistique","tag-leadership-in-logistics","tag-logistics-digitalization","tag-logistics-industry-charleston","tag-logistics-service-providers","tag-logistikbranche-charleston","tag-logistikdienstleister","tag-market-analysis-transportation-industry","tag-marktanalyse-transportwirtschaft","tag-nachhaltigkeit-transport","tag-numerisation-logistique","tag-operational-efficiency","tag-pdg-transport","tag-penurie-de-main-doeuvre-logistique","tag-prestataires-de-services-logistiques","tag-schienengueterverkehr","tag-scott-auslund","tag-secteur-logistique-charleston","tag-services-de-fret","tag-supply-chain-management","tag-technologie-dans-la-logistique","tag-technologie-in-der-logistik","tag-technology-in-logistics","tag-transladeeinrichtungen","tag-transloading-facilities","tag-transport-sustainability","tag-unternehmenswachstum","tag-workforce-shortage-logistics-francais-harbor-logistics"],"acf":[],"yoast_head":"<!-- This site is optimized with the Yoast SEO plugin v27.3 - https:\/\/yoast.com\/product\/yoast-seo-wordpress\/ -->\n<title>Harbor Logistics nomeia Auslund como CEO - ITJ | International Transport Journal<\/title>\n<meta name=\"robots\" content=\"index, follow, max-snippet:-1, max-image-preview:large, max-video-preview:-1\" \/>\n<link rel=\"canonical\" href=\"https:\/\/transportjournal.com\/pt-pt\/2026\/04\/30\/harbor-logistics-nomeia-auslund-como-ceo\/\" \/>\n<meta property=\"og:locale\" content=\"pt_PT\" \/>\n<meta property=\"og:type\" content=\"article\" \/>\n<meta property=\"og:title\" content=\"Harbor Logistics nomeia Auslund como CEO - ITJ | International Transport Journal\" \/>\n<meta property=\"og:description\" content=\"A Harbor Logistics nomeou Scott Auslund como o novo CEO para liderar e desenvolver estrategicamente a empresa em sua fase de crescimento.\" \/>\n<meta property=\"og:url\" content=\"https:\/\/transportjournal.com\/pt-pt\/2026\/04\/30\/harbor-logistics-nomeia-auslund-como-ceo\/\" \/>\n<meta property=\"og:site_name\" content=\"ITJ | International Transport Journal\" \/>\n<meta property=\"article:published_time\" content=\"2026-04-30T10:41:53+00:00\" \/>\n<meta property=\"og:image\" content=\"https:\/\/transportjournal.com\/wp-content\/uploads\/sites\/2\/2026\/04\/Harbor_Logistics_Scott_Auslund-aspect-ratio-1400-788.jpg\" \/>\n\t<meta property=\"og:image:width\" content=\"528\" \/>\n\t<meta property=\"og:image:height\" content=\"298\" \/>\n\t<meta property=\"og:image:type\" content=\"image\/jpeg\" \/>\n<meta name=\"author\" content=\"Andreas Haug\" \/>\n<meta name=\"twitter:card\" content=\"summary_large_image\" \/>\n<meta name=\"twitter:label1\" content=\"Escrito por\" \/>\n\t<meta name=\"twitter:data1\" content=\"Andreas Haug\" \/>\n\t<meta name=\"twitter:label2\" content=\"Tempo estimado de leitura\" \/>\n\t<meta name=\"twitter:data2\" content=\"2 minutos\" \/>\n<script type=\"application\/ld+json\" class=\"yoast-schema-graph\">{\"@context\":\"https:\\\/\\\/schema.org\",\"@graph\":[{\"@type\":\"Article\",\"@id\":\"https:\\\/\\\/transportjournal.com\\\/pt-pt\\\/2026\\\/04\\\/30\\\/harbor-logistics-nomeia-auslund-como-ceo\\\/#article\",\"isPartOf\":{\"@id\":\"https:\\\/\\\/transportjournal.com\\\/pt-pt\\\/2026\\\/04\\\/30\\\/harbor-logistics-nomeia-auslund-como-ceo\\\/\"},\"author\":{\"name\":\"Andreas Haug\",\"@id\":\"https:\\\/\\\/transportjournal.com\\\/pt-pt\\\/#\\\/schema\\\/person\\\/cf538b3157f15afd7589245a4b3dbd25\"},\"headline\":\"Harbor Logistics nomeia Auslund como CEO\",\"datePublished\":\"2026-04-30T10:41:53+00:00\",\"mainEntityOfPage\":{\"@id\":\"https:\\\/\\\/transportjournal.com\\\/pt-pt\\\/2026\\\/04\\\/30\\\/harbor-logistics-nomeia-auslund-como-ceo\\\/\"},\"wordCount\":429,\"commentCount\":0,\"publisher\":{\"@id\":\"https:\\\/\\\/transportjournal.com\\\/pt-pt\\\/#organization\"},\"image\":{\"@id\":\"https:\\\/\\\/transportjournal.com\\\/pt-pt\\\/2026\\\/04\\\/30\\\/harbor-logistics-nomeia-auslund-como-ceo\\\/#primaryimage\"},\"thumbnailUrl\":\"https:\\\/\\\/transportjournal.com\\\/wp-content\\\/uploads\\\/sites\\\/2\\\/2026\\\/04\\\/Harbor_Logistics_Scott_Auslund-aspect-ratio-1400-788.jpg\",\"keywords\":[\"3PL Dienstleister\",\"3PL providers\",\"analyse de march\u00e9 secteur du transport\",\"Betriebsabl\u00e4ufe optimieren\",\"business growth\",\"CEO Transport\",\"croissance des entreprises\",\"Deutsch Harbor Logistics\",\"Digitalisierung Logistik\",\"durabilit\u00e9 du transport\",\"efficacit\u00e9 op\u00e9rationnelle\",\"Fachkr\u00e4ftemangel Logistik English Harbor Logistics\",\"fournisseurs 3PL\",\"Frachtservices\",\"freight services\",\"F\u00fchrungskr\u00e4fte Logistik\",\"gestion de la cha\u00eene d'approvisionnement\",\"infrastructure Southeast USA\",\"infrastructure sud-est des \u00c9tats-Unis\",\"Infrastruktur S\u00fcdosten USA\",\"installations de transbordement\",\"investissements Charleston\",\"Investitionen Charleston\",\"investments Charleston\",\"leadership en logistique\",\"leadership in logistics\",\"logistics digitalization\",\"logistics industry Charleston\",\"logistics service providers\",\"Logistikbranche Charleston\",\"Logistikdienstleister\",\"market analysis transportation industry\",\"Marktanalyse Transportwirtschaft\",\"Nachhaltigkeit Transport\",\"num\u00e9risation logistique\",\"operational efficiency\",\"PDG transport\",\"p\u00e9nurie de main-d'\u0153uvre logistique\",\"prestataires de services logistiques\",\"Schieneng\u00fcterverkehr\",\"Scott Auslund\",\"secteur logistique Charleston\",\"services de fret\",\"Supply Chain Management\",\"technologie dans la logistique\",\"Technologie in der Logistik\",\"technology in logistics\",\"Transladeeinrichtungen\",\"transloading facilities\",\"transport sustainability\",\"Unternehmenswachstum\",\"workforce shortage logistics Fran\u00e7ais Harbor Logistics\"],\"articleSection\":[\"Am\u00e9ricas\",\"Expedi\u00e7\u00e3o de Mercadorias e Log\u00edstica\",\"Navega\u00e7\u00e3o e portos\",\"Pessoas e empresas\"],\"inLanguage\":\"pt-PT\",\"potentialAction\":[{\"@type\":\"CommentAction\",\"name\":\"Comment\",\"target\":[\"https:\\\/\\\/transportjournal.com\\\/pt-pt\\\/2026\\\/04\\\/30\\\/harbor-logistics-nomeia-auslund-como-ceo\\\/#respond\"]}]},{\"@type\":\"WebPage\",\"@id\":\"https:\\\/\\\/transportjournal.com\\\/pt-pt\\\/2026\\\/04\\\/30\\\/harbor-logistics-nomeia-auslund-como-ceo\\\/\",\"url\":\"https:\\\/\\\/transportjournal.com\\\/pt-pt\\\/2026\\\/04\\\/30\\\/harbor-logistics-nomeia-auslund-como-ceo\\\/\",\"name\":\"Harbor Logistics nomeia Auslund como CEO - ITJ | International Transport Journal\",\"isPartOf\":{\"@id\":\"https:\\\/\\\/transportjournal.com\\\/pt-pt\\\/#website\"},\"primaryImageOfPage\":{\"@id\":\"https:\\\/\\\/transportjournal.com\\\/pt-pt\\\/2026\\\/04\\\/30\\\/harbor-logistics-nomeia-auslund-como-ceo\\\/#primaryimage\"},\"image\":{\"@id\":\"https:\\\/\\\/transportjournal.com\\\/pt-pt\\\/2026\\\/04\\\/30\\\/harbor-logistics-nomeia-auslund-como-ceo\\\/#primaryimage\"},\"thumbnailUrl\":\"https:\\\/\\\/transportjournal.com\\\/wp-content\\\/uploads\\\/sites\\\/2\\\/2026\\\/04\\\/Harbor_Logistics_Scott_Auslund-aspect-ratio-1400-788.jpg\",\"datePublished\":\"2026-04-30T10:41:53+00:00\",\"breadcrumb\":{\"@id\":\"https:\\\/\\\/transportjournal.com\\\/pt-pt\\\/2026\\\/04\\\/30\\\/harbor-logistics-nomeia-auslund-como-ceo\\\/#breadcrumb\"},\"inLanguage\":\"pt-PT\",\"potentialAction\":[{\"@type\":\"ReadAction\",\"target\":[\"https:\\\/\\\/transportjournal.com\\\/pt-pt\\\/2026\\\/04\\\/30\\\/harbor-logistics-nomeia-auslund-como-ceo\\\/\"]}]},{\"@type\":\"ImageObject\",\"inLanguage\":\"pt-PT\",\"@id\":\"https:\\\/\\\/transportjournal.com\\\/pt-pt\\\/2026\\\/04\\\/30\\\/harbor-logistics-nomeia-auslund-como-ceo\\\/#primaryimage\",\"url\":\"https:\\\/\\\/transportjournal.com\\\/wp-content\\\/uploads\\\/sites\\\/2\\\/2026\\\/04\\\/Harbor_Logistics_Scott_Auslund-aspect-ratio-1400-788.jpg\",\"contentUrl\":\"https:\\\/\\\/transportjournal.com\\\/wp-content\\\/uploads\\\/sites\\\/2\\\/2026\\\/04\\\/Harbor_Logistics_Scott_Auslund-aspect-ratio-1400-788.jpg\",\"width\":528,\"height\":298},{\"@type\":\"BreadcrumbList\",\"@id\":\"https:\\\/\\\/transportjournal.com\\\/pt-pt\\\/2026\\\/04\\\/30\\\/harbor-logistics-nomeia-auslund-como-ceo\\\/#breadcrumb\",\"itemListElement\":[{\"@type\":\"ListItem\",\"position\":1,\"name\":\"Startseite\",\"item\":\"https:\\\/\\\/transportjournal.com\\\/pt-pt\\\/\"},{\"@type\":\"ListItem\",\"position\":2,\"name\":\"Harbor Logistics nomeia Auslund como CEO\"}]},{\"@type\":\"WebSite\",\"@id\":\"https:\\\/\\\/transportjournal.com\\\/pt-pt\\\/#website\",\"url\":\"https:\\\/\\\/transportjournal.com\\\/pt-pt\\\/\",\"name\":\"ITJ | International Transport Journal\",\"description\":\"Stay informed with the latest global news from the transport, logistics, and supply chain industries. Transport Journal delivers expert insights, analysis, and updates across shipping, aviation, intermodal, and forwarding.\",\"publisher\":{\"@id\":\"https:\\\/\\\/transportjournal.com\\\/pt-pt\\\/#organization\"},\"potentialAction\":[{\"@type\":\"SearchAction\",\"target\":{\"@type\":\"EntryPoint\",\"urlTemplate\":\"https:\\\/\\\/transportjournal.com\\\/pt-pt\\\/?s={search_term_string}\"},\"query-input\":{\"@type\":\"PropertyValueSpecification\",\"valueRequired\":true,\"valueName\":\"search_term_string\"}}],\"inLanguage\":\"pt-PT\"},{\"@type\":\"Organization\",\"@id\":\"https:\\\/\\\/transportjournal.com\\\/pt-pt\\\/#organization\",\"name\":\"Logismedia Group AG\",\"alternateName\":\"Logismedia Group AG\",\"url\":\"https:\\\/\\\/transportjournal.com\\\/pt-pt\\\/\",\"logo\":{\"@type\":\"ImageObject\",\"inLanguage\":\"pt-PT\",\"@id\":\"https:\\\/\\\/transportjournal.com\\\/pt-pt\\\/#\\\/schema\\\/logo\\\/image\\\/\",\"url\":\"https:\\\/\\\/transportjournal.com\\\/wp-content\\\/uploads\\\/sites\\\/2\\\/2025\\\/09\\\/Logo_ITJ.png\",\"contentUrl\":\"https:\\\/\\\/transportjournal.com\\\/wp-content\\\/uploads\\\/sites\\\/2\\\/2025\\\/09\\\/Logo_ITJ.png\",\"width\":799,\"height\":326,\"caption\":\"Logismedia Group AG\"},\"image\":{\"@id\":\"https:\\\/\\\/transportjournal.com\\\/pt-pt\\\/#\\\/schema\\\/logo\\\/image\\\/\"},\"sameAs\":[\"https:\\\/\\\/www.linkedin.com\\\/company\\\/56456496\\\/admin\\\/dashboard\\\/\",\"https:\\\/\\\/www.instagram.com\\\/logismediagroup\\\/\",\"https:\\\/\\\/www.youtube.com\\\/@LogiamediaGroupAG\"]},{\"@type\":\"Person\",\"@id\":\"https:\\\/\\\/transportjournal.com\\\/pt-pt\\\/#\\\/schema\\\/person\\\/cf538b3157f15afd7589245a4b3dbd25\",\"name\":\"Andreas Haug\",\"url\":\"https:\\\/\\\/transportjournal.com\\\/pt-pt\\\/author\\\/andreas\\\/\"}]}<\/script>\n<!-- \/ Yoast SEO plugin. -->","yoast_head_json":{"title":"Harbor Logistics nomeia Auslund como CEO - ITJ | International Transport Journal","robots":{"index":"index","follow":"follow","max-snippet":"max-snippet:-1","max-image-preview":"max-image-preview:large","max-video-preview":"max-video-preview:-1"},"canonical":"https:\/\/transportjournal.com\/pt-pt\/2026\/04\/30\/harbor-logistics-nomeia-auslund-como-ceo\/","og_locale":"pt_PT","og_type":"article","og_title":"Harbor Logistics nomeia Auslund como CEO - ITJ | International Transport Journal","og_description":"A Harbor Logistics nomeou Scott Auslund como o novo CEO para liderar e desenvolver estrategicamente a empresa em sua fase de crescimento.","og_url":"https:\/\/transportjournal.com\/pt-pt\/2026\/04\/30\/harbor-logistics-nomeia-auslund-como-ceo\/","og_site_name":"ITJ | International Transport Journal","article_published_time":"2026-04-30T10:41:53+00:00","og_image":[{"width":528,"height":298,"url":"https:\/\/transportjournal.com\/wp-content\/uploads\/sites\/2\/2026\/04\/Harbor_Logistics_Scott_Auslund-aspect-ratio-1400-788.jpg","type":"image\/jpeg"}],"author":"Andreas Haug","twitter_card":"summary_large_image","twitter_misc":{"Escrito por":"Andreas Haug","Tempo estimado de leitura":"2 minutos"},"schema":{"@context":"https:\/\/schema.org","@graph":[{"@type":"Article","@id":"https:\/\/transportjournal.com\/pt-pt\/2026\/04\/30\/harbor-logistics-nomeia-auslund-como-ceo\/#article","isPartOf":{"@id":"https:\/\/transportjournal.com\/pt-pt\/2026\/04\/30\/harbor-logistics-nomeia-auslund-como-ceo\/"},"author":{"name":"Andreas Haug","@id":"https:\/\/transportjournal.com\/pt-pt\/#\/schema\/person\/cf538b3157f15afd7589245a4b3dbd25"},"headline":"Harbor Logistics nomeia Auslund como CEO","datePublished":"2026-04-30T10:41:53+00:00","mainEntityOfPage":{"@id":"https:\/\/transportjournal.com\/pt-pt\/2026\/04\/30\/harbor-logistics-nomeia-auslund-como-ceo\/"},"wordCount":429,"commentCount":0,"publisher":{"@id":"https:\/\/transportjournal.com\/pt-pt\/#organization"},"image":{"@id":"https:\/\/transportjournal.com\/pt-pt\/2026\/04\/30\/harbor-logistics-nomeia-auslund-como-ceo\/#primaryimage"},"thumbnailUrl":"https:\/\/transportjournal.com\/wp-content\/uploads\/sites\/2\/2026\/04\/Harbor_Logistics_Scott_Auslund-aspect-ratio-1400-788.jpg","keywords":["3PL Dienstleister","3PL providers","analyse de march\u00e9 secteur du transport","Betriebsabl\u00e4ufe optimieren","business growth","CEO Transport","croissance des entreprises","Deutsch Harbor Logistics","Digitalisierung Logistik","durabilit\u00e9 du transport","efficacit\u00e9 op\u00e9rationnelle","Fachkr\u00e4ftemangel Logistik English Harbor Logistics","fournisseurs 3PL","Frachtservices","freight services","F\u00fchrungskr\u00e4fte Logistik","gestion de la cha\u00eene d'approvisionnement","infrastructure Southeast USA","infrastructure sud-est des \u00c9tats-Unis","Infrastruktur S\u00fcdosten USA","installations de transbordement","investissements Charleston","Investitionen Charleston","investments Charleston","leadership en logistique","leadership in logistics","logistics digitalization","logistics industry Charleston","logistics service providers","Logistikbranche Charleston","Logistikdienstleister","market analysis transportation industry","Marktanalyse Transportwirtschaft","Nachhaltigkeit Transport","num\u00e9risation logistique","operational efficiency","PDG transport","p\u00e9nurie de main-d'\u0153uvre logistique","prestataires de services logistiques","Schieneng\u00fcterverkehr","Scott Auslund","secteur logistique Charleston","services de fret","Supply Chain Management","technologie dans la logistique","Technologie in der Logistik","technology in logistics","Transladeeinrichtungen","transloading facilities","transport sustainability","Unternehmenswachstum","workforce shortage logistics Fran\u00e7ais Harbor Logistics"],"articleSection":["Am\u00e9ricas","Expedi\u00e7\u00e3o de Mercadorias e Log\u00edstica","Navega\u00e7\u00e3o e portos","Pessoas e empresas"],"inLanguage":"pt-PT","potentialAction":[{"@type":"CommentAction","name":"Comment","target":["https:\/\/transportjournal.com\/pt-pt\/2026\/04\/30\/harbor-logistics-nomeia-auslund-como-ceo\/#respond"]}]},{"@type":"WebPage","@id":"https:\/\/transportjournal.com\/pt-pt\/2026\/04\/30\/harbor-logistics-nomeia-auslund-como-ceo\/","url":"https:\/\/transportjournal.com\/pt-pt\/2026\/04\/30\/harbor-logistics-nomeia-auslund-como-ceo\/","name":"Harbor Logistics nomeia Auslund como CEO - ITJ | International Transport Journal","isPartOf":{"@id":"https:\/\/transportjournal.com\/pt-pt\/#website"},"primaryImageOfPage":{"@id":"https:\/\/transportjournal.com\/pt-pt\/2026\/04\/30\/harbor-logistics-nomeia-auslund-como-ceo\/#primaryimage"},"image":{"@id":"https:\/\/transportjournal.com\/pt-pt\/2026\/04\/30\/harbor-logistics-nomeia-auslund-como-ceo\/#primaryimage"},"thumbnailUrl":"https:\/\/transportjournal.com\/wp-content\/uploads\/sites\/2\/2026\/04\/Harbor_Logistics_Scott_Auslund-aspect-ratio-1400-788.jpg","datePublished":"2026-04-30T10:41:53+00:00","breadcrumb":{"@id":"https:\/\/transportjournal.com\/pt-pt\/2026\/04\/30\/harbor-logistics-nomeia-auslund-como-ceo\/#breadcrumb"},"inLanguage":"pt-PT","potentialAction":[{"@type":"ReadAction","target":["https:\/\/transportjournal.com\/pt-pt\/2026\/04\/30\/harbor-logistics-nomeia-auslund-como-ceo\/"]}]},{"@type":"ImageObject","inLanguage":"pt-PT","@id":"https:\/\/transportjournal.com\/pt-pt\/2026\/04\/30\/harbor-logistics-nomeia-auslund-como-ceo\/#primaryimage","url":"https:\/\/transportjournal.com\/wp-content\/uploads\/sites\/2\/2026\/04\/Harbor_Logistics_Scott_Auslund-aspect-ratio-1400-788.jpg","contentUrl":"https:\/\/transportjournal.com\/wp-content\/uploads\/sites\/2\/2026\/04\/Harbor_Logistics_Scott_Auslund-aspect-ratio-1400-788.jpg","width":528,"height":298},{"@type":"BreadcrumbList","@id":"https:\/\/transportjournal.com\/pt-pt\/2026\/04\/30\/harbor-logistics-nomeia-auslund-como-ceo\/#breadcrumb","itemListElement":[{"@type":"ListItem","position":1,"name":"Startseite","item":"https:\/\/transportjournal.com\/pt-pt\/"},{"@type":"ListItem","position":2,"name":"Harbor Logistics nomeia Auslund como CEO"}]},{"@type":"WebSite","@id":"https:\/\/transportjournal.com\/pt-pt\/#website","url":"https:\/\/transportjournal.com\/pt-pt\/","name":"ITJ | International Transport Journal","description":"Stay informed with the latest global news from the transport, logistics, and supply chain industries. Transport Journal delivers expert insights, analysis, and updates across shipping, aviation, intermodal, and forwarding.","publisher":{"@id":"https:\/\/transportjournal.com\/pt-pt\/#organization"},"potentialAction":[{"@type":"SearchAction","target":{"@type":"EntryPoint","urlTemplate":"https:\/\/transportjournal.com\/pt-pt\/?s={search_term_string}"},"query-input":{"@type":"PropertyValueSpecification","valueRequired":true,"valueName":"search_term_string"}}],"inLanguage":"pt-PT"},{"@type":"Organization","@id":"https:\/\/transportjournal.com\/pt-pt\/#organization","name":"Logismedia Group AG","alternateName":"Logismedia Group AG","url":"https:\/\/transportjournal.com\/pt-pt\/","logo":{"@type":"ImageObject","inLanguage":"pt-PT","@id":"https:\/\/transportjournal.com\/pt-pt\/#\/schema\/logo\/image\/","url":"https:\/\/transportjournal.com\/wp-content\/uploads\/sites\/2\/2025\/09\/Logo_ITJ.png","contentUrl":"https:\/\/transportjournal.com\/wp-content\/uploads\/sites\/2\/2025\/09\/Logo_ITJ.png","width":799,"height":326,"caption":"Logismedia Group AG"},"image":{"@id":"https:\/\/transportjournal.com\/pt-pt\/#\/schema\/logo\/image\/"},"sameAs":["https:\/\/www.linkedin.com\/company\/56456496\/admin\/dashboard\/","https:\/\/www.instagram.com\/logismediagroup\/","https:\/\/www.youtube.com\/@LogiamediaGroupAG"]},{"@type":"Person","@id":"https:\/\/transportjournal.com\/pt-pt\/#\/schema\/person\/cf538b3157f15afd7589245a4b3dbd25","name":"Andreas Haug","url":"https:\/\/transportjournal.com\/pt-pt\/author\/andreas\/"}]}},"_links":{"self":[{"href":"https:\/\/transportjournal.com\/pt-pt\/wp-json\/wp\/v2\/posts\/87654","targetHints":{"allow":["GET"]}}],"collection":[{"href":"https:\/\/transportjournal.com\/pt-pt\/wp-json\/wp\/v2\/posts"}],"about":[{"href":"https:\/\/transportjournal.com\/pt-pt\/wp-json\/wp\/v2\/types\/post"}],"author":[{"embeddable":true,"href":"https:\/\/transportjournal.com\/pt-pt\/wp-json\/wp\/v2\/users\/12"}],"replies":[{"embeddable":true,"href":"https:\/\/transportjournal.com\/pt-pt\/wp-json\/wp\/v2\/comments?post=87654"}],"version-history":[{"count":0,"href":"https:\/\/transportjournal.com\/pt-pt\/wp-json\/wp\/v2\/posts\/87654\/revisions"}],"wp:featuredmedia":[{"embeddable":true,"href":"https:\/\/transportjournal.com\/pt-pt\/wp-json\/wp\/v2\/media\/87649"}],"wp:attachment":[{"href":"https:\/\/transportjournal.com\/pt-pt\/wp-json\/wp\/v2\/media?parent=87654"}],"wp:term":[{"taxonomy":"category","embeddable":true,"href":"https:\/\/transportjournal.com\/pt-pt\/wp-json\/wp\/v2\/categories?post=87654"},{"taxonomy":"post_tag","embeddable":true,"href":"https:\/\/transportjournal.com\/pt-pt\/wp-json\/wp\/v2\/tags?post=87654"}],"curies":[{"name":"wp","href":"https:\/\/api.w.org\/{rel}","templated":true}]}}