{"id":87588,"date":"2026-04-30T10:16:04","date_gmt":"2026-04-30T10:16:04","guid":{"rendered":"https:\/\/transportjournal.com\/2026\/04\/30\/strebel-entrega-a-lideranca-da-schneider-a-peigne\/"},"modified":"2026-04-30T12:26:33","modified_gmt":"2026-04-30T10:26:33","slug":"strebel-entrega-a-lideranca-da-schneider-a-peigne","status":"publish","type":"post","link":"https:\/\/transportjournal.com\/pt-pt\/2026\/04\/30\/strebel-entrega-a-lideranca-da-schneider-a-peigne\/","title":{"rendered":"Strebel entrega a lideran\u00e7a da Schneider a Peign\u00e9"},"content":{"rendered":"<p>Andr\u00e9 Strebel ir\u00e1 passar a lideran\u00e7a operacional do Schneider Group, um prestador de servi\u00e7os log\u00edsticos internacional com sede em Basileia (Su\u00ed\u00e7a), para \u00c9ric Peign\u00e9 em 1\u00ba de julho de 2026. Strebel moldou a empresa de maneira significativa nos \u00faltimos oito anos, expandiu consideravelmente a presen\u00e7a internacional e concluiu com sucesso mais de dez aquisi\u00e7\u00f5es. Seu empenho e valiosa contribui\u00e7\u00e3o para o desenvolvimento do grupo s\u00e3o reconhecidos.<\/p>\n<p>Ap\u00f3s sua sa\u00edda da lideran\u00e7a operacional, Andr\u00e9 Strebel permanecer\u00e1 ligado \u00e0 empresa em uma fun\u00e7\u00e3o estrat\u00e9gica como Senior Advisor e membro do conselho de administra\u00e7\u00e3o. Essa continuidade visa garantir que suas experi\u00eancias e conhecimentos continuem a influenciar a dire\u00e7\u00e3o estrat\u00e9gica do Schneider Group.<\/p>\n<h3>Novo CEO traz ampla experi\u00eancia<\/h3>\n<p>\u00c9ric Peign\u00e9 \u00e9 recebido como o novo CEO do Schneider Group. Ele traz vasta experi\u00eancia da ind\u00fastria de transporte e log\u00edstica internacional, incluindo passagens por empresas como CEVA Logistics, Bollor\u00e9 e K\u00fchne + Nagel. Suas habilidades estrat\u00e9gicas acentuadas e sua ampla experi\u00eancia em lideran\u00e7a em organiza\u00e7\u00f5es maiores, bem como em v\u00e1rias regi\u00f5es, fazem dele um sucessor adequado.<\/p>\n<p>O Schneider Group se mostra otimista em rela\u00e7\u00e3o ao desenvolvimento futuro. O foco est\u00e1 na escalabilidade da organiza\u00e7\u00e3o internacional e na continuidade da estrat\u00e9gia de Buy &amp; Build, que visa impulsionar o crescimento por meio de aquisi\u00e7\u00f5es direcionadas.<\/p>\n<p>&nbsp;<\/p>\n<p><a href=\"https:\/\/schneider-transport.com\/\" target=\"_blank\" rel=\"noopener noreferrer\">www.schneider-transport.com<\/a><\/p>\n<p>&nbsp;<\/p>\n","protected":false},"excerpt":{"rendered":"<p>Andr\u00e9 Strebel entrega em 1\u00ba de julho de 2026 a lideran\u00e7a operacional do Schneider Group a \u00c9ric Peign\u00e9, que traz ampla experi\u00eancia no setor de log\u00edstica.<\/p>\n","protected":false},"author":12,"featured_media":87583,"comment_status":"open","ping_status":"","sticky":false,"template":"","format":"standard","meta":{"_acf_changed":false,"footnotes":""},"categories":[1623,1617,1615,11110],"tags":[44111,9587,44112,1784,2112,44113,44114,2211,2212,5089,2213,44115,2700,2123,44116,2909,9596,22775,26099,26100,22776,2659,2918,2133,2135,1831,2622,44117,1800,2925,10093,2720,2929,26102,2148,2153,10094,4144,2106,2641,2242,44118,5080,44119,2157,44120,39084],"class_list":["post-87588","post","type-post","status-publish","format-standard","has-post-thumbnail","hentry","category-europa","category-expedicao-e-logistica","category-pessoas-e-empresas","category-schweiz","tag-andre-strebel","tag-augmentation-de-la-part-de-marche","tag-bollore","tag-ceva-logistics","tag-corporate-leadership","tag-croissance-par-acquisitions","tag-deutsch-schneider-group","tag-digital-transformation","tag-digitale-transformation","tag-direction-dentreprise","tag-economie-du-transport","tag-eric-peigne","tag-fachkraeftemangel-in-der-logistik","tag-gestion-de-la-chaine-dapprovisionnement","tag-growth-through-acquisitions","tag-hafenbetrieb","tag-increasing-market-share","tag-international-freight-forwarding","tag-international-presence","tag-internationale-praesenz","tag-internationale-spedition","tag-kuehne-nagel","tag-logistics-industry","tag-logistics-service-providers","tag-logistikbranche","tag-logistikdienstleister","tag-logistique-durable","tag-marktanteil-steigern","tag-nachhaltige-logistik","tag-operations-portuaires","tag-orientation-strategique","tag-penurie-de-main-doeuvre-dans-la-logistique","tag-port-operations","tag-presence-internationale","tag-prestataires-de-services-logistiques","tag-secteur-logistique","tag-strategic-direction","tag-strategische-ausrichtung","tag-supply-chain-management","tag-sustainable-logistics","tag-transformation-numerique","tag-transport-economy-francais-schneider-group","tag-transport-international","tag-transportwirtschaft-english-schneider-group","tag-unternehmensfuehrung","tag-wachstum-durch-akquisitionen","tag-workforce-shortage-in-logistics"],"acf":[],"yoast_head":"<!-- This site is optimized with the Yoast SEO plugin v27.3 - https:\/\/yoast.com\/product\/yoast-seo-wordpress\/ -->\n<title>Strebel entrega a lideran\u00e7a da Schneider a Peign\u00e9 - ITJ | International Transport Journal<\/title>\n<meta name=\"robots\" content=\"index, follow, max-snippet:-1, max-image-preview:large, max-video-preview:-1\" \/>\n<link rel=\"canonical\" href=\"https:\/\/transportjournal.com\/pt-pt\/2026\/04\/30\/strebel-entrega-a-lideranca-da-schneider-a-peigne\/\" \/>\n<meta property=\"og:locale\" content=\"pt_PT\" \/>\n<meta property=\"og:type\" content=\"article\" \/>\n<meta property=\"og:title\" content=\"Strebel entrega a lideran\u00e7a da Schneider a Peign\u00e9 - ITJ | International Transport Journal\" \/>\n<meta property=\"og:description\" content=\"Andr\u00e9 Strebel entrega em 1\u00ba de julho de 2026 a lideran\u00e7a operacional do Schneider Group a \u00c9ric Peign\u00e9, que traz ampla experi\u00eancia no setor de log\u00edstica.\" \/>\n<meta property=\"og:url\" content=\"https:\/\/transportjournal.com\/pt-pt\/2026\/04\/30\/strebel-entrega-a-lideranca-da-schneider-a-peigne\/\" \/>\n<meta property=\"og:site_name\" content=\"ITJ | International Transport Journal\" \/>\n<meta property=\"article:published_time\" content=\"2026-04-30T10:16:04+00:00\" \/>\n<meta property=\"article:modified_time\" content=\"2026-04-30T10:26:33+00:00\" \/>\n<meta property=\"og:image\" content=\"https:\/\/transportjournal.com\/wp-content\/uploads\/sites\/2\/2026\/04\/Andre-Eric_Schneider-Group-1024x929-1-aspect-ratio-1400-788.jpg\" \/>\n\t<meta property=\"og:image:width\" content=\"1024\" \/>\n\t<meta property=\"og:image:height\" content=\"576\" \/>\n\t<meta property=\"og:image:type\" content=\"image\/jpeg\" \/>\n<meta name=\"author\" content=\"Andreas Haug\" \/>\n<meta name=\"twitter:card\" content=\"summary_large_image\" \/>\n<meta name=\"twitter:label1\" content=\"Escrito por\" \/>\n\t<meta name=\"twitter:data1\" content=\"Andreas Haug\" \/>\n\t<meta name=\"twitter:label2\" content=\"Tempo estimado de leitura\" \/>\n\t<meta name=\"twitter:data2\" content=\"1 minuto\" \/>\n<script type=\"application\/ld+json\" class=\"yoast-schema-graph\">{\"@context\":\"https:\\\/\\\/schema.org\",\"@graph\":[{\"@type\":\"Article\",\"@id\":\"https:\\\/\\\/transportjournal.com\\\/pt-pt\\\/2026\\\/04\\\/30\\\/strebel-entrega-a-lideranca-da-schneider-a-peigne\\\/#article\",\"isPartOf\":{\"@id\":\"https:\\\/\\\/transportjournal.com\\\/pt-pt\\\/2026\\\/04\\\/30\\\/strebel-entrega-a-lideranca-da-schneider-a-peigne\\\/\"},\"author\":{\"name\":\"Andreas Haug\",\"@id\":\"https:\\\/\\\/transportjournal.com\\\/pt-pt\\\/#\\\/schema\\\/person\\\/cf538b3157f15afd7589245a4b3dbd25\"},\"headline\":\"Strebel entrega a lideran\u00e7a da Schneider a Peign\u00e9\",\"datePublished\":\"2026-04-30T10:16:04+00:00\",\"dateModified\":\"2026-04-30T10:26:33+00:00\",\"mainEntityOfPage\":{\"@id\":\"https:\\\/\\\/transportjournal.com\\\/pt-pt\\\/2026\\\/04\\\/30\\\/strebel-entrega-a-lideranca-da-schneider-a-peigne\\\/\"},\"wordCount\":250,\"commentCount\":0,\"publisher\":{\"@id\":\"https:\\\/\\\/transportjournal.com\\\/pt-pt\\\/#organization\"},\"image\":{\"@id\":\"https:\\\/\\\/transportjournal.com\\\/pt-pt\\\/2026\\\/04\\\/30\\\/strebel-entrega-a-lideranca-da-schneider-a-peigne\\\/#primaryimage\"},\"thumbnailUrl\":\"https:\\\/\\\/transportjournal.com\\\/wp-content\\\/uploads\\\/sites\\\/2\\\/2026\\\/04\\\/Andre-Eric_Schneider-Group-1024x929-1-aspect-ratio-1400-788.jpg\",\"keywords\":[\"Andr\u00e9 Strebel\",\"augmentation de la part de march\u00e9\",\"Bollor\u00e9\",\"CEVA Logistics\",\"corporate leadership\",\"croissance par acquisitions\",\"Deutsch Schneider Group\",\"digital transformation\",\"digitale Transformation\",\"direction d'entreprise\",\"\u00e9conomie du transport\",\"\u00c9ric Peign\u00e9\",\"Fachkr\u00e4ftemangel in der Logistik\",\"gestion de la cha\u00eene d'approvisionnement\",\"growth through acquisitions\",\"Hafenbetrieb\",\"increasing market share\",\"international freight forwarding\",\"international presence\",\"internationale Pr\u00e4senz\",\"internationale Spedition\",\"Kuehne + Nagel\",\"logistics industry\",\"logistics service providers\",\"Logistikbranche\",\"Logistikdienstleister\",\"logistique durable\",\"Marktanteil steigern\",\"nachhaltige Logistik\",\"op\u00e9rations portuaires\",\"orientation strat\u00e9gique\",\"p\u00e9nurie de main-d'\u0153uvre dans la logistique\",\"port operations\",\"pr\u00e9sence internationale\",\"prestataires de services logistiques\",\"secteur logistique\",\"strategic direction\",\"strategische Ausrichtung\",\"Supply Chain Management\",\"sustainable logistics\",\"transformation num\u00e9rique\",\"transport economy Fran\u00e7ais Schneider Group\",\"transport international\",\"Transportwirtschaft English Schneider Group\",\"Unternehmensf\u00fchrung\",\"Wachstum durch Akquisitionen\",\"workforce shortage in logistics\"],\"articleSection\":[\"Europa\",\"Expedi\u00e7\u00e3o de Mercadorias e Log\u00edstica\",\"Pessoas e empresas\",\"Schweiz\"],\"inLanguage\":\"pt-PT\",\"potentialAction\":[{\"@type\":\"CommentAction\",\"name\":\"Comment\",\"target\":[\"https:\\\/\\\/transportjournal.com\\\/pt-pt\\\/2026\\\/04\\\/30\\\/strebel-entrega-a-lideranca-da-schneider-a-peigne\\\/#respond\"]}]},{\"@type\":\"WebPage\",\"@id\":\"https:\\\/\\\/transportjournal.com\\\/pt-pt\\\/2026\\\/04\\\/30\\\/strebel-entrega-a-lideranca-da-schneider-a-peigne\\\/\",\"url\":\"https:\\\/\\\/transportjournal.com\\\/pt-pt\\\/2026\\\/04\\\/30\\\/strebel-entrega-a-lideranca-da-schneider-a-peigne\\\/\",\"name\":\"Strebel entrega a lideran\u00e7a da Schneider a Peign\u00e9 - ITJ | International Transport Journal\",\"isPartOf\":{\"@id\":\"https:\\\/\\\/transportjournal.com\\\/pt-pt\\\/#website\"},\"primaryImageOfPage\":{\"@id\":\"https:\\\/\\\/transportjournal.com\\\/pt-pt\\\/2026\\\/04\\\/30\\\/strebel-entrega-a-lideranca-da-schneider-a-peigne\\\/#primaryimage\"},\"image\":{\"@id\":\"https:\\\/\\\/transportjournal.com\\\/pt-pt\\\/2026\\\/04\\\/30\\\/strebel-entrega-a-lideranca-da-schneider-a-peigne\\\/#primaryimage\"},\"thumbnailUrl\":\"https:\\\/\\\/transportjournal.com\\\/wp-content\\\/uploads\\\/sites\\\/2\\\/2026\\\/04\\\/Andre-Eric_Schneider-Group-1024x929-1-aspect-ratio-1400-788.jpg\",\"datePublished\":\"2026-04-30T10:16:04+00:00\",\"dateModified\":\"2026-04-30T10:26:33+00:00\",\"breadcrumb\":{\"@id\":\"https:\\\/\\\/transportjournal.com\\\/pt-pt\\\/2026\\\/04\\\/30\\\/strebel-entrega-a-lideranca-da-schneider-a-peigne\\\/#breadcrumb\"},\"inLanguage\":\"pt-PT\",\"potentialAction\":[{\"@type\":\"ReadAction\",\"target\":[\"https:\\\/\\\/transportjournal.com\\\/pt-pt\\\/2026\\\/04\\\/30\\\/strebel-entrega-a-lideranca-da-schneider-a-peigne\\\/\"]}]},{\"@type\":\"ImageObject\",\"inLanguage\":\"pt-PT\",\"@id\":\"https:\\\/\\\/transportjournal.com\\\/pt-pt\\\/2026\\\/04\\\/30\\\/strebel-entrega-a-lideranca-da-schneider-a-peigne\\\/#primaryimage\",\"url\":\"https:\\\/\\\/transportjournal.com\\\/wp-content\\\/uploads\\\/sites\\\/2\\\/2026\\\/04\\\/Andre-Eric_Schneider-Group-1024x929-1-aspect-ratio-1400-788.jpg\",\"contentUrl\":\"https:\\\/\\\/transportjournal.com\\\/wp-content\\\/uploads\\\/sites\\\/2\\\/2026\\\/04\\\/Andre-Eric_Schneider-Group-1024x929-1-aspect-ratio-1400-788.jpg\",\"width\":1024,\"height\":576},{\"@type\":\"BreadcrumbList\",\"@id\":\"https:\\\/\\\/transportjournal.com\\\/pt-pt\\\/2026\\\/04\\\/30\\\/strebel-entrega-a-lideranca-da-schneider-a-peigne\\\/#breadcrumb\",\"itemListElement\":[{\"@type\":\"ListItem\",\"position\":1,\"name\":\"Startseite\",\"item\":\"https:\\\/\\\/transportjournal.com\\\/pt-pt\\\/\"},{\"@type\":\"ListItem\",\"position\":2,\"name\":\"Strebel entrega a lideran\u00e7a da Schneider a Peign\u00e9\"}]},{\"@type\":\"WebSite\",\"@id\":\"https:\\\/\\\/transportjournal.com\\\/pt-pt\\\/#website\",\"url\":\"https:\\\/\\\/transportjournal.com\\\/pt-pt\\\/\",\"name\":\"ITJ | International Transport Journal\",\"description\":\"Stay informed with the latest global news from the transport, logistics, and supply chain industries. Transport Journal delivers expert insights, analysis, and updates across shipping, aviation, intermodal, and forwarding.\",\"publisher\":{\"@id\":\"https:\\\/\\\/transportjournal.com\\\/pt-pt\\\/#organization\"},\"potentialAction\":[{\"@type\":\"SearchAction\",\"target\":{\"@type\":\"EntryPoint\",\"urlTemplate\":\"https:\\\/\\\/transportjournal.com\\\/pt-pt\\\/?s={search_term_string}\"},\"query-input\":{\"@type\":\"PropertyValueSpecification\",\"valueRequired\":true,\"valueName\":\"search_term_string\"}}],\"inLanguage\":\"pt-PT\"},{\"@type\":\"Organization\",\"@id\":\"https:\\\/\\\/transportjournal.com\\\/pt-pt\\\/#organization\",\"name\":\"Logismedia Group AG\",\"alternateName\":\"Logismedia Group AG\",\"url\":\"https:\\\/\\\/transportjournal.com\\\/pt-pt\\\/\",\"logo\":{\"@type\":\"ImageObject\",\"inLanguage\":\"pt-PT\",\"@id\":\"https:\\\/\\\/transportjournal.com\\\/pt-pt\\\/#\\\/schema\\\/logo\\\/image\\\/\",\"url\":\"https:\\\/\\\/transportjournal.com\\\/wp-content\\\/uploads\\\/sites\\\/2\\\/2025\\\/09\\\/Logo_ITJ.png\",\"contentUrl\":\"https:\\\/\\\/transportjournal.com\\\/wp-content\\\/uploads\\\/sites\\\/2\\\/2025\\\/09\\\/Logo_ITJ.png\",\"width\":799,\"height\":326,\"caption\":\"Logismedia Group AG\"},\"image\":{\"@id\":\"https:\\\/\\\/transportjournal.com\\\/pt-pt\\\/#\\\/schema\\\/logo\\\/image\\\/\"},\"sameAs\":[\"https:\\\/\\\/www.linkedin.com\\\/company\\\/56456496\\\/admin\\\/dashboard\\\/\",\"https:\\\/\\\/www.instagram.com\\\/logismediagroup\\\/\",\"https:\\\/\\\/www.youtube.com\\\/@LogiamediaGroupAG\"]},{\"@type\":\"Person\",\"@id\":\"https:\\\/\\\/transportjournal.com\\\/pt-pt\\\/#\\\/schema\\\/person\\\/cf538b3157f15afd7589245a4b3dbd25\",\"name\":\"Andreas Haug\",\"url\":\"https:\\\/\\\/transportjournal.com\\\/pt-pt\\\/author\\\/andreas\\\/\"}]}<\/script>\n<!-- \/ Yoast SEO plugin. -->","yoast_head_json":{"title":"Strebel entrega a lideran\u00e7a da Schneider a Peign\u00e9 - ITJ | International Transport Journal","robots":{"index":"index","follow":"follow","max-snippet":"max-snippet:-1","max-image-preview":"max-image-preview:large","max-video-preview":"max-video-preview:-1"},"canonical":"https:\/\/transportjournal.com\/pt-pt\/2026\/04\/30\/strebel-entrega-a-lideranca-da-schneider-a-peigne\/","og_locale":"pt_PT","og_type":"article","og_title":"Strebel entrega a lideran\u00e7a da Schneider a Peign\u00e9 - ITJ | International Transport Journal","og_description":"Andr\u00e9 Strebel entrega em 1\u00ba de julho de 2026 a lideran\u00e7a operacional do Schneider Group a \u00c9ric Peign\u00e9, que traz ampla experi\u00eancia no setor de log\u00edstica.","og_url":"https:\/\/transportjournal.com\/pt-pt\/2026\/04\/30\/strebel-entrega-a-lideranca-da-schneider-a-peigne\/","og_site_name":"ITJ | International Transport Journal","article_published_time":"2026-04-30T10:16:04+00:00","article_modified_time":"2026-04-30T10:26:33+00:00","og_image":[{"width":1024,"height":576,"url":"https:\/\/transportjournal.com\/wp-content\/uploads\/sites\/2\/2026\/04\/Andre-Eric_Schneider-Group-1024x929-1-aspect-ratio-1400-788.jpg","type":"image\/jpeg"}],"author":"Andreas Haug","twitter_card":"summary_large_image","twitter_misc":{"Escrito por":"Andreas Haug","Tempo estimado de leitura":"1 minuto"},"schema":{"@context":"https:\/\/schema.org","@graph":[{"@type":"Article","@id":"https:\/\/transportjournal.com\/pt-pt\/2026\/04\/30\/strebel-entrega-a-lideranca-da-schneider-a-peigne\/#article","isPartOf":{"@id":"https:\/\/transportjournal.com\/pt-pt\/2026\/04\/30\/strebel-entrega-a-lideranca-da-schneider-a-peigne\/"},"author":{"name":"Andreas Haug","@id":"https:\/\/transportjournal.com\/pt-pt\/#\/schema\/person\/cf538b3157f15afd7589245a4b3dbd25"},"headline":"Strebel entrega a lideran\u00e7a da Schneider a Peign\u00e9","datePublished":"2026-04-30T10:16:04+00:00","dateModified":"2026-04-30T10:26:33+00:00","mainEntityOfPage":{"@id":"https:\/\/transportjournal.com\/pt-pt\/2026\/04\/30\/strebel-entrega-a-lideranca-da-schneider-a-peigne\/"},"wordCount":250,"commentCount":0,"publisher":{"@id":"https:\/\/transportjournal.com\/pt-pt\/#organization"},"image":{"@id":"https:\/\/transportjournal.com\/pt-pt\/2026\/04\/30\/strebel-entrega-a-lideranca-da-schneider-a-peigne\/#primaryimage"},"thumbnailUrl":"https:\/\/transportjournal.com\/wp-content\/uploads\/sites\/2\/2026\/04\/Andre-Eric_Schneider-Group-1024x929-1-aspect-ratio-1400-788.jpg","keywords":["Andr\u00e9 Strebel","augmentation de la part de march\u00e9","Bollor\u00e9","CEVA Logistics","corporate leadership","croissance par acquisitions","Deutsch Schneider Group","digital transformation","digitale Transformation","direction d'entreprise","\u00e9conomie du transport","\u00c9ric Peign\u00e9","Fachkr\u00e4ftemangel in der Logistik","gestion de la cha\u00eene d'approvisionnement","growth through acquisitions","Hafenbetrieb","increasing market share","international freight forwarding","international presence","internationale Pr\u00e4senz","internationale Spedition","Kuehne + Nagel","logistics industry","logistics service providers","Logistikbranche","Logistikdienstleister","logistique durable","Marktanteil steigern","nachhaltige Logistik","op\u00e9rations portuaires","orientation strat\u00e9gique","p\u00e9nurie de main-d'\u0153uvre dans la logistique","port operations","pr\u00e9sence internationale","prestataires de services logistiques","secteur logistique","strategic direction","strategische Ausrichtung","Supply Chain Management","sustainable logistics","transformation num\u00e9rique","transport economy Fran\u00e7ais Schneider Group","transport international","Transportwirtschaft English Schneider Group","Unternehmensf\u00fchrung","Wachstum durch Akquisitionen","workforce shortage in logistics"],"articleSection":["Europa","Expedi\u00e7\u00e3o de Mercadorias e Log\u00edstica","Pessoas e empresas","Schweiz"],"inLanguage":"pt-PT","potentialAction":[{"@type":"CommentAction","name":"Comment","target":["https:\/\/transportjournal.com\/pt-pt\/2026\/04\/30\/strebel-entrega-a-lideranca-da-schneider-a-peigne\/#respond"]}]},{"@type":"WebPage","@id":"https:\/\/transportjournal.com\/pt-pt\/2026\/04\/30\/strebel-entrega-a-lideranca-da-schneider-a-peigne\/","url":"https:\/\/transportjournal.com\/pt-pt\/2026\/04\/30\/strebel-entrega-a-lideranca-da-schneider-a-peigne\/","name":"Strebel entrega a lideran\u00e7a da Schneider a Peign\u00e9 - ITJ | International Transport Journal","isPartOf":{"@id":"https:\/\/transportjournal.com\/pt-pt\/#website"},"primaryImageOfPage":{"@id":"https:\/\/transportjournal.com\/pt-pt\/2026\/04\/30\/strebel-entrega-a-lideranca-da-schneider-a-peigne\/#primaryimage"},"image":{"@id":"https:\/\/transportjournal.com\/pt-pt\/2026\/04\/30\/strebel-entrega-a-lideranca-da-schneider-a-peigne\/#primaryimage"},"thumbnailUrl":"https:\/\/transportjournal.com\/wp-content\/uploads\/sites\/2\/2026\/04\/Andre-Eric_Schneider-Group-1024x929-1-aspect-ratio-1400-788.jpg","datePublished":"2026-04-30T10:16:04+00:00","dateModified":"2026-04-30T10:26:33+00:00","breadcrumb":{"@id":"https:\/\/transportjournal.com\/pt-pt\/2026\/04\/30\/strebel-entrega-a-lideranca-da-schneider-a-peigne\/#breadcrumb"},"inLanguage":"pt-PT","potentialAction":[{"@type":"ReadAction","target":["https:\/\/transportjournal.com\/pt-pt\/2026\/04\/30\/strebel-entrega-a-lideranca-da-schneider-a-peigne\/"]}]},{"@type":"ImageObject","inLanguage":"pt-PT","@id":"https:\/\/transportjournal.com\/pt-pt\/2026\/04\/30\/strebel-entrega-a-lideranca-da-schneider-a-peigne\/#primaryimage","url":"https:\/\/transportjournal.com\/wp-content\/uploads\/sites\/2\/2026\/04\/Andre-Eric_Schneider-Group-1024x929-1-aspect-ratio-1400-788.jpg","contentUrl":"https:\/\/transportjournal.com\/wp-content\/uploads\/sites\/2\/2026\/04\/Andre-Eric_Schneider-Group-1024x929-1-aspect-ratio-1400-788.jpg","width":1024,"height":576},{"@type":"BreadcrumbList","@id":"https:\/\/transportjournal.com\/pt-pt\/2026\/04\/30\/strebel-entrega-a-lideranca-da-schneider-a-peigne\/#breadcrumb","itemListElement":[{"@type":"ListItem","position":1,"name":"Startseite","item":"https:\/\/transportjournal.com\/pt-pt\/"},{"@type":"ListItem","position":2,"name":"Strebel entrega a lideran\u00e7a da Schneider a Peign\u00e9"}]},{"@type":"WebSite","@id":"https:\/\/transportjournal.com\/pt-pt\/#website","url":"https:\/\/transportjournal.com\/pt-pt\/","name":"ITJ | International Transport Journal","description":"Stay informed with the latest global news from the transport, logistics, and supply chain industries. Transport Journal delivers expert insights, analysis, and updates across shipping, aviation, intermodal, and forwarding.","publisher":{"@id":"https:\/\/transportjournal.com\/pt-pt\/#organization"},"potentialAction":[{"@type":"SearchAction","target":{"@type":"EntryPoint","urlTemplate":"https:\/\/transportjournal.com\/pt-pt\/?s={search_term_string}"},"query-input":{"@type":"PropertyValueSpecification","valueRequired":true,"valueName":"search_term_string"}}],"inLanguage":"pt-PT"},{"@type":"Organization","@id":"https:\/\/transportjournal.com\/pt-pt\/#organization","name":"Logismedia Group AG","alternateName":"Logismedia Group AG","url":"https:\/\/transportjournal.com\/pt-pt\/","logo":{"@type":"ImageObject","inLanguage":"pt-PT","@id":"https:\/\/transportjournal.com\/pt-pt\/#\/schema\/logo\/image\/","url":"https:\/\/transportjournal.com\/wp-content\/uploads\/sites\/2\/2025\/09\/Logo_ITJ.png","contentUrl":"https:\/\/transportjournal.com\/wp-content\/uploads\/sites\/2\/2025\/09\/Logo_ITJ.png","width":799,"height":326,"caption":"Logismedia Group AG"},"image":{"@id":"https:\/\/transportjournal.com\/pt-pt\/#\/schema\/logo\/image\/"},"sameAs":["https:\/\/www.linkedin.com\/company\/56456496\/admin\/dashboard\/","https:\/\/www.instagram.com\/logismediagroup\/","https:\/\/www.youtube.com\/@LogiamediaGroupAG"]},{"@type":"Person","@id":"https:\/\/transportjournal.com\/pt-pt\/#\/schema\/person\/cf538b3157f15afd7589245a4b3dbd25","name":"Andreas Haug","url":"https:\/\/transportjournal.com\/pt-pt\/author\/andreas\/"}]}},"_links":{"self":[{"href":"https:\/\/transportjournal.com\/pt-pt\/wp-json\/wp\/v2\/posts\/87588","targetHints":{"allow":["GET"]}}],"collection":[{"href":"https:\/\/transportjournal.com\/pt-pt\/wp-json\/wp\/v2\/posts"}],"about":[{"href":"https:\/\/transportjournal.com\/pt-pt\/wp-json\/wp\/v2\/types\/post"}],"author":[{"embeddable":true,"href":"https:\/\/transportjournal.com\/pt-pt\/wp-json\/wp\/v2\/users\/12"}],"replies":[{"embeddable":true,"href":"https:\/\/transportjournal.com\/pt-pt\/wp-json\/wp\/v2\/comments?post=87588"}],"version-history":[{"count":4,"href":"https:\/\/transportjournal.com\/pt-pt\/wp-json\/wp\/v2\/posts\/87588\/revisions"}],"predecessor-version":[{"id":87631,"href":"https:\/\/transportjournal.com\/pt-pt\/wp-json\/wp\/v2\/posts\/87588\/revisions\/87631"}],"wp:featuredmedia":[{"embeddable":true,"href":"https:\/\/transportjournal.com\/pt-pt\/wp-json\/wp\/v2\/media\/87583"}],"wp:attachment":[{"href":"https:\/\/transportjournal.com\/pt-pt\/wp-json\/wp\/v2\/media?parent=87588"}],"wp:term":[{"taxonomy":"category","embeddable":true,"href":"https:\/\/transportjournal.com\/pt-pt\/wp-json\/wp\/v2\/categories?post=87588"},{"taxonomy":"post_tag","embeddable":true,"href":"https:\/\/transportjournal.com\/pt-pt\/wp-json\/wp\/v2\/tags?post=87588"}],"curies":[{"name":"wp","href":"https:\/\/api.w.org\/{rel}","templated":true}]}}