{"id":87580,"date":"2026-04-30T09:45:20","date_gmt":"2026-04-30T09:45:20","guid":{"rendered":"https:\/\/transportjournal.com\/2026\/04\/30\/cpk-contrata-budoprojekt-para-segunda-area-de-carga\/"},"modified":"2026-04-30T09:45:20","modified_gmt":"2026-04-30T09:45:20","slug":"cpk-contrata-budoprojekt-para-segunda-area-de-carga","status":"publish","type":"post","link":"https:\/\/transportjournal.com\/pt-pt\/2026\/04\/30\/cpk-contrata-budoprojekt-para-segunda-area-de-carga\/","title":{"rendered":"CPK contrata Budoprojekt para segunda \u00e1rea de carga"},"content":{"rendered":"<p>Centralny Port Komunikacyjny (CPK) deu um passo significativo no desenvolvimento do futuro n\u00f3 de transporte na Pol\u00f4nia. A empresa, que est\u00e1 implementando o abrangente programa de investimentos Port Polska, assinou um contrato com a Przedsi\u0119biorstwo Sp\u00f3\u0142dzielcze Budoprojekt. Este contrato prev\u00ea a elabora\u00e7\u00e3o da documenta\u00e7\u00e3o de projeto para a pr\u00f3xima fase da Zona de Carga.<\/p>\n<h3>Avan\u00e7os na \u00e1rea de carga<\/h3>\n<p>O contrato representa o segundo de tr\u00eas acordos essenciais que moldar\u00e3o a infraestrutura de carga do futuro aeroporto. O projeto Cargo 2 visa criar um sistema complexo de instala\u00e7\u00f5es e infraestrutura de apoio, voltado para prestadores de servi\u00e7os log\u00edsticos globais que operam suas pr\u00f3prias redes de distribui\u00e7\u00e3o. O objetivo \u00e9 criar um ambiente eficiente e seguro para o processamento de entregas de courier e expressas, a fim de atender \u00e0 crescente demanda mundial por transporte a\u00e9reo de carga.<\/p>\n<p>O contrato tem um valor equivalente a 2,1 bilh\u00f5es de euros (bruto). O foco do projeto \u00e9 garantir processos log\u00edsticos cont\u00ednuos e ininterruptos, al\u00e9m de reduzir significativamente os tempos de processamento das remessas. Isso deve ser alcan\u00e7ado por meio da integra\u00e7\u00e3o de fun\u00e7\u00f5es de armazenamento, manuseio e triagem em um layout unificado.<\/p>\n<h3>Seguran\u00e7a e efici\u00eancia em foco<\/h3>\n<p>Uma preocupa\u00e7\u00e3o central do projeto \u00e9 a seguran\u00e7a. O projeto prev\u00ea uma separa\u00e7\u00e3o rigorosa e acesso controlado entre as \u00e1reas de avia\u00e7\u00e3o e terrestre, para proteger tanto a carga quanto o pessoal. As instala\u00e7\u00f5es para prestadores de servi\u00e7os log\u00edsticos ser\u00e3o estrategicamente posicionadas na interface entre as \u00e1reas de avia\u00e7\u00e3o e terrestre, para permitir uma transfer\u00eancia direta e r\u00e1pida de mercadorias entre o transporte a\u00e9reo e terrestre. Isso \u00e9 crucial para as modernas cadeias de suprimento globais.<\/p>\n<p>Os edif\u00edcios planejados funcionar\u00e3o como centros de transfer\u00eancia de alta velocidade, minimizando o tempo de armazenamento e maximizando o fluxo. Na pr\u00e1tica, isso significa que pacotes ser\u00e3o rapidamente transportados de caminh\u00f5es para avi\u00f5es e vice-versa, com atrasos m\u00ednimos. Uma zona de triagem especial ser\u00e1 outro componente central do projeto, projetada para organizar rapidamente as remessas de acordo com seu destino. Solu\u00e7\u00f5es espaciais e tecnol\u00f3gicas flex\u00edveis devem permitir que o sistema se adapte a volumes de carga flutuantes, garantindo efici\u00eancia e escalabilidade.<\/p>\n<p>O primeiro contrato para o design da Zona de Carga, que abrange a Cargo 1, foi anteriormente concedido \u00e0 Cundall Polska. Dada a extens\u00e3o e a complexidade do investimento, o design da Zona de Carga foi dividido em tr\u00eas pacotes separados, cada um abordando diferentes requisitos funcionais e espaciais no local do aeroporto.<\/p>\n<p>De acordo com o cronograma atual de investimentos, as instala\u00e7\u00f5es da Zona de Carga devem ser colocadas em opera\u00e7\u00e3o at\u00e9 o final de 2031. Este recente acordo sublinha o ritmo acelerado de desenvolvimento no Centralny Port Komunikacyjny e reafirma o compromisso de posicionar a Pol\u00f4nia como um ator significativo no setor global de log\u00edstica e avia\u00e7\u00e3o.<\/p>\n<p>&nbsp;<\/p>\n<p><a href=\"https:\/\/portpolska.pl\/\" target=\"_blank\" rel=\"noopener noreferrer\">www.portpolska.pl<\/a><\/p>\n<p>&nbsp;<\/p>\n","protected":false},"excerpt":{"rendered":"<p>Centralny Port Komunikacyjny assinou um contrato para a elabora\u00e7\u00e3o da documenta\u00e7\u00e3o de projeto para a Zona de Carga, a fim de desenvolver a infraestrutura de carga at\u00e9 o final de 2031.<\/p>\n","protected":false},"author":12,"featured_media":87575,"comment_status":"open","ping_status":"","sticky":false,"template":"","format":"standard","meta":{"_acf_changed":false,"footnotes":""},"categories":[1623,1618],"tags":[22490,44072,44073,44074,44075,44076,3452,44077,44078,44079,22498,44080,44081,44082,3353,3354,44083,44084,44085,44086,2122,44087,44088,44089,44090,44091,3462,3463,44092,44093,44094,44095,44096,44097,44098,44099,44100,44101,26037,26038,22519,44102,3379,2479,44103,24534,44104,44105,44106,44107,2339,5119,44108,44109,44110],"class_list":["post-87580","post","type-post","status-publish","format-standard","has-post-thumbnail","hentry","category-europa","category-transporte-aereo-de-mercadorias","tag-air-freight-demand","tag-budoprojekt-contract","tag-budoprojekt-vertrag","tag-cargo-zone-poland","tag-cargo-zone-polen","tag-centres-de-transfert-a-grande-vitesse","tag-chaines-dapprovisionnement-mondiales","tag-concept-de-securite-logistique","tag-contrat-budoprojekt","tag-courier-and-express-deliveries","tag-demande-de-fret-aerien","tag-design-documentation-cargo-zone","tag-deutsch-centralny-port-komunikacyjny","tag-developpement-du-secteur-du-fret","tag-digitalisierung-logistik","tag-digitalization-logistics","tag-documentation-de-conception-zone-de-fret","tag-efficient-logistics-processes","tag-effiziente-logistikprozesse","tag-entwurfsdokumentation-cargo-zone","tag-fachkraeftemangel-logistik","tag-fonctions-dentreposage-et-de-manutention","tag-frachtbereich-entwicklung","tag-frachtinfrastruktur-flughafen","tag-freight-infrastructure-airport","tag-freight-sector-development","tag-global-supply-chains","tag-globale-lieferketten","tag-high-speed-transfer-centers","tag-hochgeschwindigkeits-transferzentren","tag-infrastructure-de-fret-aeroport","tag-infrastructure-projects-poland","tag-infrastruktur-projekte-polen","tag-investitionsprogramm-port-polska","tag-investment-program-port-polska","tag-kurier-und-expresslieferungen","tag-lager-und-umschlagfunktionen","tag-livraisons-de-courrier-et-dexpress","tag-logistics-service-providers-poland","tag-logistikdienstleister-polen","tag-luftfracht-nachfrage","tag-nachhaltige-logistikloesungen-english-centralny-port-komunikacyjny","tag-numerisation-logistique","tag-penurie-de-competences-logistique","tag-prestataires-de-services-logistiques-pologne","tag-processus-logistiques-efficaces","tag-programme-dinvestissement-port-polska","tag-projets-dinfrastructure-pologne","tag-security-concept-logistics","tag-sicherheitskonzept-logistik","tag-skills-shortage-logistics","tag-solutions-logistiques-durables","tag-sustainable-logistics-solutions-francais-centralny-port-komunikacyjny","tag-warehousing-and-handling-functions","tag-zone-de-fret-pologne"],"acf":[],"yoast_head":"<!-- This site is optimized with the Yoast SEO plugin v27.3 - https:\/\/yoast.com\/product\/yoast-seo-wordpress\/ -->\n<title>CPK contrata Budoprojekt para segunda \u00e1rea de carga - ITJ | International Transport Journal<\/title>\n<meta name=\"robots\" content=\"index, follow, max-snippet:-1, max-image-preview:large, max-video-preview:-1\" \/>\n<link rel=\"canonical\" href=\"https:\/\/transportjournal.com\/pt-pt\/2026\/04\/30\/cpk-contrata-budoprojekt-para-segunda-area-de-carga\/\" \/>\n<meta property=\"og:locale\" content=\"pt_PT\" \/>\n<meta property=\"og:type\" content=\"article\" \/>\n<meta property=\"og:title\" content=\"CPK contrata Budoprojekt para segunda \u00e1rea de carga - ITJ | International Transport Journal\" \/>\n<meta property=\"og:description\" content=\"Centralny Port Komunikacyjny assinou um contrato para a elabora\u00e7\u00e3o da documenta\u00e7\u00e3o de projeto para a Zona de Carga, a fim de desenvolver a infraestrutura de carga at\u00e9 o final de 2031.\" \/>\n<meta property=\"og:url\" content=\"https:\/\/transportjournal.com\/pt-pt\/2026\/04\/30\/cpk-contrata-budoprojekt-para-segunda-area-de-carga\/\" \/>\n<meta property=\"og:site_name\" content=\"ITJ | International Transport Journal\" \/>\n<meta property=\"article:published_time\" content=\"2026-04-30T09:45:20+00:00\" \/>\n<meta property=\"og:image\" content=\"https:\/\/transportjournal.com\/wp-content\/uploads\/sites\/2\/2026\/04\/Centralny-Port-Komunikacyjn-CPK-Plan-Lotniska-Definicja-Lotniska-Uklad-Pasow-i-Terminali-1024x659-1-aspect-ratio-1400-788.jpg\" \/>\n\t<meta property=\"og:image:width\" content=\"1024\" \/>\n\t<meta property=\"og:image:height\" content=\"576\" \/>\n\t<meta property=\"og:image:type\" content=\"image\/jpeg\" \/>\n<meta name=\"author\" content=\"Andreas Haug\" \/>\n<meta name=\"twitter:card\" content=\"summary_large_image\" \/>\n<meta name=\"twitter:label1\" content=\"Escrito por\" \/>\n\t<meta name=\"twitter:data1\" content=\"Andreas Haug\" \/>\n\t<meta name=\"twitter:label2\" content=\"Tempo estimado de leitura\" \/>\n\t<meta name=\"twitter:data2\" content=\"3 minutos\" \/>\n<script type=\"application\/ld+json\" class=\"yoast-schema-graph\">{\"@context\":\"https:\\\/\\\/schema.org\",\"@graph\":[{\"@type\":\"Article\",\"@id\":\"https:\\\/\\\/transportjournal.com\\\/pt-pt\\\/2026\\\/04\\\/30\\\/cpk-contrata-budoprojekt-para-segunda-area-de-carga\\\/#article\",\"isPartOf\":{\"@id\":\"https:\\\/\\\/transportjournal.com\\\/pt-pt\\\/2026\\\/04\\\/30\\\/cpk-contrata-budoprojekt-para-segunda-area-de-carga\\\/\"},\"author\":{\"name\":\"Andreas Haug\",\"@id\":\"https:\\\/\\\/transportjournal.com\\\/pt-pt\\\/#\\\/schema\\\/person\\\/cf538b3157f15afd7589245a4b3dbd25\"},\"headline\":\"CPK contrata Budoprojekt para segunda \u00e1rea de carga\",\"datePublished\":\"2026-04-30T09:45:20+00:00\",\"mainEntityOfPage\":{\"@id\":\"https:\\\/\\\/transportjournal.com\\\/pt-pt\\\/2026\\\/04\\\/30\\\/cpk-contrata-budoprojekt-para-segunda-area-de-carga\\\/\"},\"wordCount\":518,\"commentCount\":0,\"publisher\":{\"@id\":\"https:\\\/\\\/transportjournal.com\\\/pt-pt\\\/#organization\"},\"image\":{\"@id\":\"https:\\\/\\\/transportjournal.com\\\/pt-pt\\\/2026\\\/04\\\/30\\\/cpk-contrata-budoprojekt-para-segunda-area-de-carga\\\/#primaryimage\"},\"thumbnailUrl\":\"https:\\\/\\\/transportjournal.com\\\/wp-content\\\/uploads\\\/sites\\\/2\\\/2026\\\/04\\\/Centralny-Port-Komunikacyjn-CPK-Plan-Lotniska-Definicja-Lotniska-Uklad-Pasow-i-Terminali-1024x659-1-aspect-ratio-1400-788.jpg\",\"keywords\":[\"air freight demand\",\"Budoprojekt contract\",\"Budoprojekt Vertrag\",\"Cargo Zone Poland\",\"Cargo-Zone Polen\",\"centres de transfert \u00e0 grande vitesse\",\"cha\u00eenes d'approvisionnement mondiales\",\"concept de s\u00e9curit\u00e9 logistique\",\"contrat Budoprojekt\",\"courier and express deliveries\",\"demande de fret a\u00e9rien\",\"design documentation Cargo Zone\",\"Deutsch Centralny Port Komunikacyjny\",\"d\u00e9veloppement du secteur du fret\",\"Digitalisierung Logistik\",\"digitalization logistics\",\"documentation de conception zone de fret\",\"efficient logistics processes\",\"effiziente Logistikprozesse\",\"Entwurfsdokumentation Cargo-Zone\",\"Fachkr\u00e4ftemangel Logistik\",\"fonctions d'entreposage et de manutention\",\"Frachtbereich Entwicklung\",\"Frachtinfrastruktur Flughafen\",\"freight infrastructure airport\",\"freight sector development\",\"global supply chains\",\"globale Lieferketten\",\"high-speed transfer centers\",\"Hochgeschwindigkeits-Transferzentren\",\"infrastructure de fret a\u00e9roport\",\"infrastructure projects Poland\",\"Infrastruktur Projekte Polen\",\"Investitionsprogramm Port Polska\",\"investment program Port Polska\",\"Kurier- und Expresslieferungen\",\"Lager- und Umschlagfunktionen\",\"livraisons de courrier et d'express\",\"logistics service providers Poland\",\"Logistikdienstleister Polen\",\"Luftfracht Nachfrage\",\"nachhaltige Logistikl\u00f6sungen English Centralny Port Komunikacyjny\",\"num\u00e9risation logistique\",\"p\u00e9nurie de comp\u00e9tences logistique\",\"prestataires de services logistiques Pologne\",\"processus logistiques efficaces\",\"programme d'investissement Port Polska\",\"projets d'infrastructure Pologne\",\"security concept logistics\",\"Sicherheitskonzept Logistik\",\"skills shortage logistics\",\"solutions logistiques durables\",\"sustainable logistics solutions Fran\u00e7ais Centralny Port Komunikacyjny\",\"warehousing and handling functions\",\"zone de fret Pologne\"],\"articleSection\":[\"Europa\",\"Transporte a\u00e9reo de mercadorias\"],\"inLanguage\":\"pt-PT\",\"potentialAction\":[{\"@type\":\"CommentAction\",\"name\":\"Comment\",\"target\":[\"https:\\\/\\\/transportjournal.com\\\/pt-pt\\\/2026\\\/04\\\/30\\\/cpk-contrata-budoprojekt-para-segunda-area-de-carga\\\/#respond\"]}]},{\"@type\":\"WebPage\",\"@id\":\"https:\\\/\\\/transportjournal.com\\\/pt-pt\\\/2026\\\/04\\\/30\\\/cpk-contrata-budoprojekt-para-segunda-area-de-carga\\\/\",\"url\":\"https:\\\/\\\/transportjournal.com\\\/pt-pt\\\/2026\\\/04\\\/30\\\/cpk-contrata-budoprojekt-para-segunda-area-de-carga\\\/\",\"name\":\"CPK contrata Budoprojekt para segunda \u00e1rea de carga - ITJ | International Transport Journal\",\"isPartOf\":{\"@id\":\"https:\\\/\\\/transportjournal.com\\\/pt-pt\\\/#website\"},\"primaryImageOfPage\":{\"@id\":\"https:\\\/\\\/transportjournal.com\\\/pt-pt\\\/2026\\\/04\\\/30\\\/cpk-contrata-budoprojekt-para-segunda-area-de-carga\\\/#primaryimage\"},\"image\":{\"@id\":\"https:\\\/\\\/transportjournal.com\\\/pt-pt\\\/2026\\\/04\\\/30\\\/cpk-contrata-budoprojekt-para-segunda-area-de-carga\\\/#primaryimage\"},\"thumbnailUrl\":\"https:\\\/\\\/transportjournal.com\\\/wp-content\\\/uploads\\\/sites\\\/2\\\/2026\\\/04\\\/Centralny-Port-Komunikacyjn-CPK-Plan-Lotniska-Definicja-Lotniska-Uklad-Pasow-i-Terminali-1024x659-1-aspect-ratio-1400-788.jpg\",\"datePublished\":\"2026-04-30T09:45:20+00:00\",\"breadcrumb\":{\"@id\":\"https:\\\/\\\/transportjournal.com\\\/pt-pt\\\/2026\\\/04\\\/30\\\/cpk-contrata-budoprojekt-para-segunda-area-de-carga\\\/#breadcrumb\"},\"inLanguage\":\"pt-PT\",\"potentialAction\":[{\"@type\":\"ReadAction\",\"target\":[\"https:\\\/\\\/transportjournal.com\\\/pt-pt\\\/2026\\\/04\\\/30\\\/cpk-contrata-budoprojekt-para-segunda-area-de-carga\\\/\"]}]},{\"@type\":\"ImageObject\",\"inLanguage\":\"pt-PT\",\"@id\":\"https:\\\/\\\/transportjournal.com\\\/pt-pt\\\/2026\\\/04\\\/30\\\/cpk-contrata-budoprojekt-para-segunda-area-de-carga\\\/#primaryimage\",\"url\":\"https:\\\/\\\/transportjournal.com\\\/wp-content\\\/uploads\\\/sites\\\/2\\\/2026\\\/04\\\/Centralny-Port-Komunikacyjn-CPK-Plan-Lotniska-Definicja-Lotniska-Uklad-Pasow-i-Terminali-1024x659-1-aspect-ratio-1400-788.jpg\",\"contentUrl\":\"https:\\\/\\\/transportjournal.com\\\/wp-content\\\/uploads\\\/sites\\\/2\\\/2026\\\/04\\\/Centralny-Port-Komunikacyjn-CPK-Plan-Lotniska-Definicja-Lotniska-Uklad-Pasow-i-Terminali-1024x659-1-aspect-ratio-1400-788.jpg\",\"width\":1024,\"height\":576},{\"@type\":\"BreadcrumbList\",\"@id\":\"https:\\\/\\\/transportjournal.com\\\/pt-pt\\\/2026\\\/04\\\/30\\\/cpk-contrata-budoprojekt-para-segunda-area-de-carga\\\/#breadcrumb\",\"itemListElement\":[{\"@type\":\"ListItem\",\"position\":1,\"name\":\"Startseite\",\"item\":\"https:\\\/\\\/transportjournal.com\\\/pt-pt\\\/\"},{\"@type\":\"ListItem\",\"position\":2,\"name\":\"CPK contrata Budoprojekt para segunda \u00e1rea de carga\"}]},{\"@type\":\"WebSite\",\"@id\":\"https:\\\/\\\/transportjournal.com\\\/pt-pt\\\/#website\",\"url\":\"https:\\\/\\\/transportjournal.com\\\/pt-pt\\\/\",\"name\":\"ITJ | International Transport Journal\",\"description\":\"Stay informed with the latest global news from the transport, logistics, and supply chain industries. Transport Journal delivers expert insights, analysis, and updates across shipping, aviation, intermodal, and forwarding.\",\"publisher\":{\"@id\":\"https:\\\/\\\/transportjournal.com\\\/pt-pt\\\/#organization\"},\"potentialAction\":[{\"@type\":\"SearchAction\",\"target\":{\"@type\":\"EntryPoint\",\"urlTemplate\":\"https:\\\/\\\/transportjournal.com\\\/pt-pt\\\/?s={search_term_string}\"},\"query-input\":{\"@type\":\"PropertyValueSpecification\",\"valueRequired\":true,\"valueName\":\"search_term_string\"}}],\"inLanguage\":\"pt-PT\"},{\"@type\":\"Organization\",\"@id\":\"https:\\\/\\\/transportjournal.com\\\/pt-pt\\\/#organization\",\"name\":\"Logismedia Group AG\",\"alternateName\":\"Logismedia Group AG\",\"url\":\"https:\\\/\\\/transportjournal.com\\\/pt-pt\\\/\",\"logo\":{\"@type\":\"ImageObject\",\"inLanguage\":\"pt-PT\",\"@id\":\"https:\\\/\\\/transportjournal.com\\\/pt-pt\\\/#\\\/schema\\\/logo\\\/image\\\/\",\"url\":\"https:\\\/\\\/transportjournal.com\\\/wp-content\\\/uploads\\\/sites\\\/2\\\/2025\\\/09\\\/Logo_ITJ.png\",\"contentUrl\":\"https:\\\/\\\/transportjournal.com\\\/wp-content\\\/uploads\\\/sites\\\/2\\\/2025\\\/09\\\/Logo_ITJ.png\",\"width\":799,\"height\":326,\"caption\":\"Logismedia Group AG\"},\"image\":{\"@id\":\"https:\\\/\\\/transportjournal.com\\\/pt-pt\\\/#\\\/schema\\\/logo\\\/image\\\/\"},\"sameAs\":[\"https:\\\/\\\/www.linkedin.com\\\/company\\\/56456496\\\/admin\\\/dashboard\\\/\",\"https:\\\/\\\/www.instagram.com\\\/logismediagroup\\\/\",\"https:\\\/\\\/www.youtube.com\\\/@LogiamediaGroupAG\"]},{\"@type\":\"Person\",\"@id\":\"https:\\\/\\\/transportjournal.com\\\/pt-pt\\\/#\\\/schema\\\/person\\\/cf538b3157f15afd7589245a4b3dbd25\",\"name\":\"Andreas Haug\",\"url\":\"https:\\\/\\\/transportjournal.com\\\/pt-pt\\\/author\\\/andreas\\\/\"}]}<\/script>\n<!-- \/ Yoast SEO plugin. -->","yoast_head_json":{"title":"CPK contrata Budoprojekt para segunda \u00e1rea de carga - ITJ | International Transport Journal","robots":{"index":"index","follow":"follow","max-snippet":"max-snippet:-1","max-image-preview":"max-image-preview:large","max-video-preview":"max-video-preview:-1"},"canonical":"https:\/\/transportjournal.com\/pt-pt\/2026\/04\/30\/cpk-contrata-budoprojekt-para-segunda-area-de-carga\/","og_locale":"pt_PT","og_type":"article","og_title":"CPK contrata Budoprojekt para segunda \u00e1rea de carga - ITJ | International Transport Journal","og_description":"Centralny Port Komunikacyjny assinou um contrato para a elabora\u00e7\u00e3o da documenta\u00e7\u00e3o de projeto para a Zona de Carga, a fim de desenvolver a infraestrutura de carga at\u00e9 o final de 2031.","og_url":"https:\/\/transportjournal.com\/pt-pt\/2026\/04\/30\/cpk-contrata-budoprojekt-para-segunda-area-de-carga\/","og_site_name":"ITJ | International Transport Journal","article_published_time":"2026-04-30T09:45:20+00:00","og_image":[{"width":1024,"height":576,"url":"https:\/\/transportjournal.com\/wp-content\/uploads\/sites\/2\/2026\/04\/Centralny-Port-Komunikacyjn-CPK-Plan-Lotniska-Definicja-Lotniska-Uklad-Pasow-i-Terminali-1024x659-1-aspect-ratio-1400-788.jpg","type":"image\/jpeg"}],"author":"Andreas Haug","twitter_card":"summary_large_image","twitter_misc":{"Escrito por":"Andreas Haug","Tempo estimado de leitura":"3 minutos"},"schema":{"@context":"https:\/\/schema.org","@graph":[{"@type":"Article","@id":"https:\/\/transportjournal.com\/pt-pt\/2026\/04\/30\/cpk-contrata-budoprojekt-para-segunda-area-de-carga\/#article","isPartOf":{"@id":"https:\/\/transportjournal.com\/pt-pt\/2026\/04\/30\/cpk-contrata-budoprojekt-para-segunda-area-de-carga\/"},"author":{"name":"Andreas Haug","@id":"https:\/\/transportjournal.com\/pt-pt\/#\/schema\/person\/cf538b3157f15afd7589245a4b3dbd25"},"headline":"CPK contrata Budoprojekt para segunda \u00e1rea de carga","datePublished":"2026-04-30T09:45:20+00:00","mainEntityOfPage":{"@id":"https:\/\/transportjournal.com\/pt-pt\/2026\/04\/30\/cpk-contrata-budoprojekt-para-segunda-area-de-carga\/"},"wordCount":518,"commentCount":0,"publisher":{"@id":"https:\/\/transportjournal.com\/pt-pt\/#organization"},"image":{"@id":"https:\/\/transportjournal.com\/pt-pt\/2026\/04\/30\/cpk-contrata-budoprojekt-para-segunda-area-de-carga\/#primaryimage"},"thumbnailUrl":"https:\/\/transportjournal.com\/wp-content\/uploads\/sites\/2\/2026\/04\/Centralny-Port-Komunikacyjn-CPK-Plan-Lotniska-Definicja-Lotniska-Uklad-Pasow-i-Terminali-1024x659-1-aspect-ratio-1400-788.jpg","keywords":["air freight demand","Budoprojekt contract","Budoprojekt Vertrag","Cargo Zone Poland","Cargo-Zone Polen","centres de transfert \u00e0 grande vitesse","cha\u00eenes d'approvisionnement mondiales","concept de s\u00e9curit\u00e9 logistique","contrat Budoprojekt","courier and express deliveries","demande de fret a\u00e9rien","design documentation Cargo Zone","Deutsch Centralny Port Komunikacyjny","d\u00e9veloppement du secteur du fret","Digitalisierung Logistik","digitalization logistics","documentation de conception zone de fret","efficient logistics processes","effiziente Logistikprozesse","Entwurfsdokumentation Cargo-Zone","Fachkr\u00e4ftemangel Logistik","fonctions d'entreposage et de manutention","Frachtbereich Entwicklung","Frachtinfrastruktur Flughafen","freight infrastructure airport","freight sector development","global supply chains","globale Lieferketten","high-speed transfer centers","Hochgeschwindigkeits-Transferzentren","infrastructure de fret a\u00e9roport","infrastructure projects Poland","Infrastruktur Projekte Polen","Investitionsprogramm Port Polska","investment program Port Polska","Kurier- und Expresslieferungen","Lager- und Umschlagfunktionen","livraisons de courrier et d'express","logistics service providers Poland","Logistikdienstleister Polen","Luftfracht Nachfrage","nachhaltige Logistikl\u00f6sungen English Centralny Port Komunikacyjny","num\u00e9risation logistique","p\u00e9nurie de comp\u00e9tences logistique","prestataires de services logistiques Pologne","processus logistiques efficaces","programme d'investissement Port Polska","projets d'infrastructure Pologne","security concept logistics","Sicherheitskonzept Logistik","skills shortage logistics","solutions logistiques durables","sustainable logistics solutions Fran\u00e7ais Centralny Port Komunikacyjny","warehousing and handling functions","zone de fret Pologne"],"articleSection":["Europa","Transporte a\u00e9reo de mercadorias"],"inLanguage":"pt-PT","potentialAction":[{"@type":"CommentAction","name":"Comment","target":["https:\/\/transportjournal.com\/pt-pt\/2026\/04\/30\/cpk-contrata-budoprojekt-para-segunda-area-de-carga\/#respond"]}]},{"@type":"WebPage","@id":"https:\/\/transportjournal.com\/pt-pt\/2026\/04\/30\/cpk-contrata-budoprojekt-para-segunda-area-de-carga\/","url":"https:\/\/transportjournal.com\/pt-pt\/2026\/04\/30\/cpk-contrata-budoprojekt-para-segunda-area-de-carga\/","name":"CPK contrata Budoprojekt para segunda \u00e1rea de carga - ITJ | International Transport Journal","isPartOf":{"@id":"https:\/\/transportjournal.com\/pt-pt\/#website"},"primaryImageOfPage":{"@id":"https:\/\/transportjournal.com\/pt-pt\/2026\/04\/30\/cpk-contrata-budoprojekt-para-segunda-area-de-carga\/#primaryimage"},"image":{"@id":"https:\/\/transportjournal.com\/pt-pt\/2026\/04\/30\/cpk-contrata-budoprojekt-para-segunda-area-de-carga\/#primaryimage"},"thumbnailUrl":"https:\/\/transportjournal.com\/wp-content\/uploads\/sites\/2\/2026\/04\/Centralny-Port-Komunikacyjn-CPK-Plan-Lotniska-Definicja-Lotniska-Uklad-Pasow-i-Terminali-1024x659-1-aspect-ratio-1400-788.jpg","datePublished":"2026-04-30T09:45:20+00:00","breadcrumb":{"@id":"https:\/\/transportjournal.com\/pt-pt\/2026\/04\/30\/cpk-contrata-budoprojekt-para-segunda-area-de-carga\/#breadcrumb"},"inLanguage":"pt-PT","potentialAction":[{"@type":"ReadAction","target":["https:\/\/transportjournal.com\/pt-pt\/2026\/04\/30\/cpk-contrata-budoprojekt-para-segunda-area-de-carga\/"]}]},{"@type":"ImageObject","inLanguage":"pt-PT","@id":"https:\/\/transportjournal.com\/pt-pt\/2026\/04\/30\/cpk-contrata-budoprojekt-para-segunda-area-de-carga\/#primaryimage","url":"https:\/\/transportjournal.com\/wp-content\/uploads\/sites\/2\/2026\/04\/Centralny-Port-Komunikacyjn-CPK-Plan-Lotniska-Definicja-Lotniska-Uklad-Pasow-i-Terminali-1024x659-1-aspect-ratio-1400-788.jpg","contentUrl":"https:\/\/transportjournal.com\/wp-content\/uploads\/sites\/2\/2026\/04\/Centralny-Port-Komunikacyjn-CPK-Plan-Lotniska-Definicja-Lotniska-Uklad-Pasow-i-Terminali-1024x659-1-aspect-ratio-1400-788.jpg","width":1024,"height":576},{"@type":"BreadcrumbList","@id":"https:\/\/transportjournal.com\/pt-pt\/2026\/04\/30\/cpk-contrata-budoprojekt-para-segunda-area-de-carga\/#breadcrumb","itemListElement":[{"@type":"ListItem","position":1,"name":"Startseite","item":"https:\/\/transportjournal.com\/pt-pt\/"},{"@type":"ListItem","position":2,"name":"CPK contrata Budoprojekt para segunda \u00e1rea de carga"}]},{"@type":"WebSite","@id":"https:\/\/transportjournal.com\/pt-pt\/#website","url":"https:\/\/transportjournal.com\/pt-pt\/","name":"ITJ | International Transport Journal","description":"Stay informed with the latest global news from the transport, logistics, and supply chain industries. Transport Journal delivers expert insights, analysis, and updates across shipping, aviation, intermodal, and forwarding.","publisher":{"@id":"https:\/\/transportjournal.com\/pt-pt\/#organization"},"potentialAction":[{"@type":"SearchAction","target":{"@type":"EntryPoint","urlTemplate":"https:\/\/transportjournal.com\/pt-pt\/?s={search_term_string}"},"query-input":{"@type":"PropertyValueSpecification","valueRequired":true,"valueName":"search_term_string"}}],"inLanguage":"pt-PT"},{"@type":"Organization","@id":"https:\/\/transportjournal.com\/pt-pt\/#organization","name":"Logismedia Group AG","alternateName":"Logismedia Group AG","url":"https:\/\/transportjournal.com\/pt-pt\/","logo":{"@type":"ImageObject","inLanguage":"pt-PT","@id":"https:\/\/transportjournal.com\/pt-pt\/#\/schema\/logo\/image\/","url":"https:\/\/transportjournal.com\/wp-content\/uploads\/sites\/2\/2025\/09\/Logo_ITJ.png","contentUrl":"https:\/\/transportjournal.com\/wp-content\/uploads\/sites\/2\/2025\/09\/Logo_ITJ.png","width":799,"height":326,"caption":"Logismedia Group AG"},"image":{"@id":"https:\/\/transportjournal.com\/pt-pt\/#\/schema\/logo\/image\/"},"sameAs":["https:\/\/www.linkedin.com\/company\/56456496\/admin\/dashboard\/","https:\/\/www.instagram.com\/logismediagroup\/","https:\/\/www.youtube.com\/@LogiamediaGroupAG"]},{"@type":"Person","@id":"https:\/\/transportjournal.com\/pt-pt\/#\/schema\/person\/cf538b3157f15afd7589245a4b3dbd25","name":"Andreas Haug","url":"https:\/\/transportjournal.com\/pt-pt\/author\/andreas\/"}]}},"_links":{"self":[{"href":"https:\/\/transportjournal.com\/pt-pt\/wp-json\/wp\/v2\/posts\/87580","targetHints":{"allow":["GET"]}}],"collection":[{"href":"https:\/\/transportjournal.com\/pt-pt\/wp-json\/wp\/v2\/posts"}],"about":[{"href":"https:\/\/transportjournal.com\/pt-pt\/wp-json\/wp\/v2\/types\/post"}],"author":[{"embeddable":true,"href":"https:\/\/transportjournal.com\/pt-pt\/wp-json\/wp\/v2\/users\/12"}],"replies":[{"embeddable":true,"href":"https:\/\/transportjournal.com\/pt-pt\/wp-json\/wp\/v2\/comments?post=87580"}],"version-history":[{"count":0,"href":"https:\/\/transportjournal.com\/pt-pt\/wp-json\/wp\/v2\/posts\/87580\/revisions"}],"wp:featuredmedia":[{"embeddable":true,"href":"https:\/\/transportjournal.com\/pt-pt\/wp-json\/wp\/v2\/media\/87575"}],"wp:attachment":[{"href":"https:\/\/transportjournal.com\/pt-pt\/wp-json\/wp\/v2\/media?parent=87580"}],"wp:term":[{"taxonomy":"category","embeddable":true,"href":"https:\/\/transportjournal.com\/pt-pt\/wp-json\/wp\/v2\/categories?post=87580"},{"taxonomy":"post_tag","embeddable":true,"href":"https:\/\/transportjournal.com\/pt-pt\/wp-json\/wp\/v2\/tags?post=87580"}],"curies":[{"name":"wp","href":"https:\/\/api.w.org\/{rel}","templated":true}]}}