{"id":87572,"date":"2026-04-30T09:59:16","date_gmt":"2026-04-30T09:59:16","guid":{"rendered":"https:\/\/transportjournal.com\/2026\/04\/30\/mecalux-pela-quinta-vez-no-gartner-magic-quadrant\/"},"modified":"2026-04-30T09:59:16","modified_gmt":"2026-04-30T09:59:16","slug":"mecalux-pela-quinta-vez-no-gartner-magic-quadrant","status":"publish","type":"post","link":"https:\/\/transportjournal.com\/pt-pt\/2026\/04\/30\/mecalux-pela-quinta-vez-no-gartner-magic-quadrant\/","title":{"rendered":"Mecalux pela quinta vez no &#8220;Gartner Magic Quadrant&#8221;"},"content":{"rendered":"<p>Mecalux foi inclu\u00edda no atual &#8222;Gartner Magic Quadrant\u2122 2026&#8220; para sistemas de gerenciamento de armaz\u00e9m (WMS). Este \u00e9 j\u00e1 o quinto aparecimento da empresa neste relat\u00f3rio, elaborado pela empresa de pesquisa americana Gartner, conforme informado pela empresa. O relat\u00f3rio avalia fornecedores de sistemas de gerenciamento de armaz\u00e9m em todo o mundo.<\/p>\n<p>O &#8222;Easy WMS&#8220; da Mecalux \u00e9 projetado, segundo o fabricante, para otimizar todos os processos log\u00edsticos. Isso inclui o recebimento, o armazenamento, a separa\u00e7\u00e3o e o envio de mercadorias. O software est\u00e1 dispon\u00edvel como uma solu\u00e7\u00e3o baseada em nuvem (SaaS) e permite que as empresas monitorem suas opera\u00e7\u00f5es em tempo real. Isso deve resultar em uma melhor rastreabilidade e produtividade em ambientes de armaz\u00e9m tanto manuais quanto automatizados.<\/p>\n<p>Em armaz\u00e9ns automatizados, o &#8222;Easy WMS&#8220; trabalha em conjunto com outras solu\u00e7\u00f5es da Mecalux. Assim, o software se integra com o &#8222;Easy WES&#8220;, que \u00e9 respons\u00e1vel pela execu\u00e7\u00e3o das opera\u00e7\u00f5es di\u00e1rias, e com o &#8222;Easy WCS&#8220;, que controla os movimentos das m\u00e1quinas.<\/p>\n<p><a href=\"https:\/\/www.mecalux.com\/\" target=\"_blank\" rel=\"noopener noreferrer\">www.mecalux.com<\/a><\/p>\n","protected":false},"excerpt":{"rendered":"<p>A Mecalux foi inclu\u00edda no &#8220;Gartner Magic Quadrant 2026&#8221; para sistemas de gest\u00e3o de armaz\u00e9m e oferece com &#8220;Easy WMS&#8221; uma solu\u00e7\u00e3o baseada em nuvem para otimiza\u00e7\u00e3o de processos log\u00edsticos.<\/p>\n","protected":false},"author":10,"featured_media":87567,"comment_status":"open","ping_status":"","sticky":false,"template":"","format":"standard","meta":{"_acf_changed":false,"footnotes":""},"categories":[1626,1617,1620],"tags":[38580,44053,44054,44055,44056,44057,2115,2116,44058,44059,44060,28907,44061,2700,44062,2123,38598,6478,18913,14987,44063,2133,2379,1831,4728,2382,3157,31447,44064,4734,44065,4735,2720,2148,38608,9916,44066,44067,2106,9923,14996,2397,44068,44069,14997,18932,44070,44071],"class_list":["post-87572","post","type-post","status-publish","format-standard","has-post-thumbnail","hentry","category-americas","category-expedicao-e-logistica","category-intralogistica","tag-augmenter-la-productivite","tag-automated-warehouse-environments","tag-automatisierte-lagerumgebungen","tag-cloud-based-logistics-solutions","tag-cloudbasierte-logistikloesungen","tag-deutsch-mecalux","tag-digitalisierung-in-der-logistik","tag-digitalization-in-logistics","tag-easy-wcs","tag-easy-wes","tag-easy-wms","tag-echtzeit-ueberwachung","tag-environnements-dentrepot-automatises","tag-fachkraeftemangel-in-der-logistik","tag-gartner-magic-quadrant","tag-gestion-de-la-chaine-dapprovisionnement","tag-increase-productivity","tag-labor-shortage-in-logistics","tag-lageroptimierung","tag-lagerverwaltungssysteme","tag-logiciel-wms","tag-logistics-service-providers","tag-logistics-technology","tag-logistikdienstleister","tag-logistikprozesse-optimieren","tag-logistiktechnologie","tag-numerisation-dans-la-logistique","tag-optimisation-des-entrepots","tag-optimiser-lexpedition-des-marchandises","tag-optimiser-les-processus-logistiques","tag-optimize-goods-shipping-francais-mecalux","tag-optimize-logistics-processes","tag-penurie-de-main-doeuvre-dans-la-logistique","tag-prestataires-de-services-logistiques","tag-produktivitaet-steigern","tag-real-time-monitoring","tag-rueckverfolgbarkeit-in-lagern","tag-solutions-logistiques-basees-sur-le-cloud","tag-supply-chain-management","tag-surveillance-en-temps-reel","tag-systemes-de-gestion-dentrepot","tag-technologie-logistique","tag-tracabilite-dans-les-entrepots","tag-traceability-in-warehouses","tag-warehouse-management-systems","tag-warehouse-optimization","tag-warenversand-optimieren-english-mecalux","tag-wms-software"],"acf":[],"yoast_head":"<!-- This site is optimized with the Yoast SEO plugin v27.3 - https:\/\/yoast.com\/product\/yoast-seo-wordpress\/ -->\n<title>Mecalux pela quinta vez no &#8222;Gartner Magic Quadrant&#8220; - ITJ | International Transport Journal<\/title>\n<meta name=\"robots\" content=\"index, follow, max-snippet:-1, max-image-preview:large, max-video-preview:-1\" \/>\n<link rel=\"canonical\" href=\"https:\/\/transportjournal.com\/pt-pt\/2026\/04\/30\/mecalux-pela-quinta-vez-no-gartner-magic-quadrant\/\" \/>\n<meta property=\"og:locale\" content=\"pt_PT\" \/>\n<meta property=\"og:type\" content=\"article\" \/>\n<meta property=\"og:title\" content=\"Mecalux pela quinta vez no &#8222;Gartner Magic Quadrant&#8220; - ITJ | International Transport Journal\" \/>\n<meta property=\"og:description\" content=\"A Mecalux foi inclu\u00edda no &quot;Gartner Magic Quadrant 2026&quot; para sistemas de gest\u00e3o de armaz\u00e9m e oferece com &quot;Easy WMS&quot; uma solu\u00e7\u00e3o baseada em nuvem para otimiza\u00e7\u00e3o de processos log\u00edsticos.\" \/>\n<meta property=\"og:url\" content=\"https:\/\/transportjournal.com\/pt-pt\/2026\/04\/30\/mecalux-pela-quinta-vez-no-gartner-magic-quadrant\/\" \/>\n<meta property=\"og:site_name\" content=\"ITJ | International Transport Journal\" \/>\n<meta property=\"article:published_time\" content=\"2026-04-30T09:59:16+00:00\" \/>\n<meta property=\"og:image\" content=\"https:\/\/transportjournal.com\/wp-content\/uploads\/sites\/2\/2026\/04\/PR_Mecalux_Gartner_AI3-scaled-1.jpg\" \/>\n\t<meta property=\"og:image:width\" content=\"2560\" \/>\n\t<meta property=\"og:image:height\" content=\"1440\" \/>\n\t<meta property=\"og:image:type\" content=\"image\/jpeg\" \/>\n<meta name=\"author\" content=\"Jeremy Soland\" \/>\n<meta name=\"twitter:card\" content=\"summary_large_image\" \/>\n<meta name=\"twitter:label1\" content=\"Escrito por\" \/>\n\t<meta name=\"twitter:data1\" content=\"Jeremy Soland\" \/>\n\t<meta name=\"twitter:label2\" content=\"Tempo estimado de leitura\" \/>\n\t<meta name=\"twitter:data2\" content=\"1 minuto\" \/>\n<script type=\"application\/ld+json\" class=\"yoast-schema-graph\">{\"@context\":\"https:\\\/\\\/schema.org\",\"@graph\":[{\"@type\":\"Article\",\"@id\":\"https:\\\/\\\/transportjournal.com\\\/pt-pt\\\/2026\\\/04\\\/30\\\/mecalux-pela-quinta-vez-no-gartner-magic-quadrant\\\/#article\",\"isPartOf\":{\"@id\":\"https:\\\/\\\/transportjournal.com\\\/pt-pt\\\/2026\\\/04\\\/30\\\/mecalux-pela-quinta-vez-no-gartner-magic-quadrant\\\/\"},\"author\":{\"name\":\"Jeremy Soland\",\"@id\":\"https:\\\/\\\/transportjournal.com\\\/pt-pt\\\/#\\\/schema\\\/person\\\/41d36b5474b623392fa613e97e2363fa\"},\"headline\":\"Mecalux pela quinta vez no &#8220;Gartner Magic Quadrant&#8221;\",\"datePublished\":\"2026-04-30T09:59:16+00:00\",\"mainEntityOfPage\":{\"@id\":\"https:\\\/\\\/transportjournal.com\\\/pt-pt\\\/2026\\\/04\\\/30\\\/mecalux-pela-quinta-vez-no-gartner-magic-quadrant\\\/\"},\"wordCount\":186,\"commentCount\":0,\"publisher\":{\"@id\":\"https:\\\/\\\/transportjournal.com\\\/pt-pt\\\/#organization\"},\"image\":{\"@id\":\"https:\\\/\\\/transportjournal.com\\\/pt-pt\\\/2026\\\/04\\\/30\\\/mecalux-pela-quinta-vez-no-gartner-magic-quadrant\\\/#primaryimage\"},\"thumbnailUrl\":\"https:\\\/\\\/transportjournal.com\\\/wp-content\\\/uploads\\\/sites\\\/2\\\/2026\\\/04\\\/PR_Mecalux_Gartner_AI3-scaled-1.jpg\",\"keywords\":[\"augmenter la productivit\u00e9\",\"automated warehouse environments\",\"automatisierte Lagerumgebungen\",\"cloud-based logistics solutions\",\"cloudbasierte Logistikl\u00f6sungen\",\"Deutsch Mecalux\",\"Digitalisierung in der Logistik\",\"digitalization in logistics\",\"Easy WCS\",\"Easy WES\",\"Easy WMS\",\"Echtzeit-\u00dcberwachung\",\"environnements d'entrep\u00f4t automatis\u00e9s\",\"Fachkr\u00e4ftemangel in der Logistik\",\"Gartner Magic Quadrant\",\"gestion de la cha\u00eene d'approvisionnement\",\"increase productivity\",\"labor shortage in logistics\",\"Lageroptimierung\",\"Lagerverwaltungssysteme\",\"logiciel WMS\",\"logistics service providers\",\"logistics technology\",\"Logistikdienstleister\",\"Logistikprozesse optimieren\",\"Logistiktechnologie\",\"num\u00e9risation dans la logistique\",\"optimisation des entrep\u00f4ts\",\"optimiser l'exp\u00e9dition des marchandises\",\"optimiser les processus logistiques\",\"optimize goods shipping Fran\u00e7ais Mecalux\",\"optimize logistics processes\",\"p\u00e9nurie de main-d'\u0153uvre dans la logistique\",\"prestataires de services logistiques\",\"Produktivit\u00e4t steigern\",\"real-time monitoring\",\"R\u00fcckverfolgbarkeit in Lagern\",\"solutions logistiques bas\u00e9es sur le cloud\",\"Supply Chain Management\",\"surveillance en temps r\u00e9el\",\"syst\u00e8mes de gestion d'entrep\u00f4t\",\"technologie logistique\",\"tra\u00e7abilit\u00e9 dans les entrep\u00f4ts\",\"traceability in warehouses\",\"warehouse management systems\",\"warehouse optimization\",\"Warenversand optimieren English Mecalux\",\"WMS Software\"],\"articleSection\":[\"Am\u00e9ricas\",\"Expedi\u00e7\u00e3o de Mercadorias e Log\u00edstica\",\"Intralog\u00edstica\"],\"inLanguage\":\"pt-PT\",\"potentialAction\":[{\"@type\":\"CommentAction\",\"name\":\"Comment\",\"target\":[\"https:\\\/\\\/transportjournal.com\\\/pt-pt\\\/2026\\\/04\\\/30\\\/mecalux-pela-quinta-vez-no-gartner-magic-quadrant\\\/#respond\"]}]},{\"@type\":\"WebPage\",\"@id\":\"https:\\\/\\\/transportjournal.com\\\/pt-pt\\\/2026\\\/04\\\/30\\\/mecalux-pela-quinta-vez-no-gartner-magic-quadrant\\\/\",\"url\":\"https:\\\/\\\/transportjournal.com\\\/pt-pt\\\/2026\\\/04\\\/30\\\/mecalux-pela-quinta-vez-no-gartner-magic-quadrant\\\/\",\"name\":\"Mecalux pela quinta vez no &#8222;Gartner Magic Quadrant&#8220; - ITJ | International Transport Journal\",\"isPartOf\":{\"@id\":\"https:\\\/\\\/transportjournal.com\\\/pt-pt\\\/#website\"},\"primaryImageOfPage\":{\"@id\":\"https:\\\/\\\/transportjournal.com\\\/pt-pt\\\/2026\\\/04\\\/30\\\/mecalux-pela-quinta-vez-no-gartner-magic-quadrant\\\/#primaryimage\"},\"image\":{\"@id\":\"https:\\\/\\\/transportjournal.com\\\/pt-pt\\\/2026\\\/04\\\/30\\\/mecalux-pela-quinta-vez-no-gartner-magic-quadrant\\\/#primaryimage\"},\"thumbnailUrl\":\"https:\\\/\\\/transportjournal.com\\\/wp-content\\\/uploads\\\/sites\\\/2\\\/2026\\\/04\\\/PR_Mecalux_Gartner_AI3-scaled-1.jpg\",\"datePublished\":\"2026-04-30T09:59:16+00:00\",\"breadcrumb\":{\"@id\":\"https:\\\/\\\/transportjournal.com\\\/pt-pt\\\/2026\\\/04\\\/30\\\/mecalux-pela-quinta-vez-no-gartner-magic-quadrant\\\/#breadcrumb\"},\"inLanguage\":\"pt-PT\",\"potentialAction\":[{\"@type\":\"ReadAction\",\"target\":[\"https:\\\/\\\/transportjournal.com\\\/pt-pt\\\/2026\\\/04\\\/30\\\/mecalux-pela-quinta-vez-no-gartner-magic-quadrant\\\/\"]}]},{\"@type\":\"ImageObject\",\"inLanguage\":\"pt-PT\",\"@id\":\"https:\\\/\\\/transportjournal.com\\\/pt-pt\\\/2026\\\/04\\\/30\\\/mecalux-pela-quinta-vez-no-gartner-magic-quadrant\\\/#primaryimage\",\"url\":\"https:\\\/\\\/transportjournal.com\\\/wp-content\\\/uploads\\\/sites\\\/2\\\/2026\\\/04\\\/PR_Mecalux_Gartner_AI3-scaled-1.jpg\",\"contentUrl\":\"https:\\\/\\\/transportjournal.com\\\/wp-content\\\/uploads\\\/sites\\\/2\\\/2026\\\/04\\\/PR_Mecalux_Gartner_AI3-scaled-1.jpg\",\"width\":2560,\"height\":1440},{\"@type\":\"BreadcrumbList\",\"@id\":\"https:\\\/\\\/transportjournal.com\\\/pt-pt\\\/2026\\\/04\\\/30\\\/mecalux-pela-quinta-vez-no-gartner-magic-quadrant\\\/#breadcrumb\",\"itemListElement\":[{\"@type\":\"ListItem\",\"position\":1,\"name\":\"Startseite\",\"item\":\"https:\\\/\\\/transportjournal.com\\\/pt-pt\\\/\"},{\"@type\":\"ListItem\",\"position\":2,\"name\":\"Mecalux pela quinta vez no &#8220;Gartner Magic Quadrant&#8221;\"}]},{\"@type\":\"WebSite\",\"@id\":\"https:\\\/\\\/transportjournal.com\\\/pt-pt\\\/#website\",\"url\":\"https:\\\/\\\/transportjournal.com\\\/pt-pt\\\/\",\"name\":\"ITJ | International Transport Journal\",\"description\":\"Stay informed with the latest global news from the transport, logistics, and supply chain industries. Transport Journal delivers expert insights, analysis, and updates across shipping, aviation, intermodal, and forwarding.\",\"publisher\":{\"@id\":\"https:\\\/\\\/transportjournal.com\\\/pt-pt\\\/#organization\"},\"potentialAction\":[{\"@type\":\"SearchAction\",\"target\":{\"@type\":\"EntryPoint\",\"urlTemplate\":\"https:\\\/\\\/transportjournal.com\\\/pt-pt\\\/?s={search_term_string}\"},\"query-input\":{\"@type\":\"PropertyValueSpecification\",\"valueRequired\":true,\"valueName\":\"search_term_string\"}}],\"inLanguage\":\"pt-PT\"},{\"@type\":\"Organization\",\"@id\":\"https:\\\/\\\/transportjournal.com\\\/pt-pt\\\/#organization\",\"name\":\"Logismedia Group AG\",\"alternateName\":\"Logismedia Group AG\",\"url\":\"https:\\\/\\\/transportjournal.com\\\/pt-pt\\\/\",\"logo\":{\"@type\":\"ImageObject\",\"inLanguage\":\"pt-PT\",\"@id\":\"https:\\\/\\\/transportjournal.com\\\/pt-pt\\\/#\\\/schema\\\/logo\\\/image\\\/\",\"url\":\"https:\\\/\\\/transportjournal.com\\\/wp-content\\\/uploads\\\/sites\\\/2\\\/2025\\\/09\\\/Logo_ITJ.png\",\"contentUrl\":\"https:\\\/\\\/transportjournal.com\\\/wp-content\\\/uploads\\\/sites\\\/2\\\/2025\\\/09\\\/Logo_ITJ.png\",\"width\":799,\"height\":326,\"caption\":\"Logismedia Group AG\"},\"image\":{\"@id\":\"https:\\\/\\\/transportjournal.com\\\/pt-pt\\\/#\\\/schema\\\/logo\\\/image\\\/\"},\"sameAs\":[\"https:\\\/\\\/www.linkedin.com\\\/company\\\/56456496\\\/admin\\\/dashboard\\\/\",\"https:\\\/\\\/www.instagram.com\\\/logismediagroup\\\/\",\"https:\\\/\\\/www.youtube.com\\\/@LogiamediaGroupAG\"]},{\"@type\":\"Person\",\"@id\":\"https:\\\/\\\/transportjournal.com\\\/pt-pt\\\/#\\\/schema\\\/person\\\/41d36b5474b623392fa613e97e2363fa\",\"name\":\"Jeremy Soland\",\"url\":\"https:\\\/\\\/transportjournal.com\\\/pt-pt\\\/author\\\/jeremy\\\/\"}]}<\/script>\n<!-- \/ Yoast SEO plugin. -->","yoast_head_json":{"title":"Mecalux pela quinta vez no &#8222;Gartner Magic Quadrant&#8220; - ITJ | International Transport Journal","robots":{"index":"index","follow":"follow","max-snippet":"max-snippet:-1","max-image-preview":"max-image-preview:large","max-video-preview":"max-video-preview:-1"},"canonical":"https:\/\/transportjournal.com\/pt-pt\/2026\/04\/30\/mecalux-pela-quinta-vez-no-gartner-magic-quadrant\/","og_locale":"pt_PT","og_type":"article","og_title":"Mecalux pela quinta vez no &#8222;Gartner Magic Quadrant&#8220; - ITJ | International Transport Journal","og_description":"A Mecalux foi inclu\u00edda no \"Gartner Magic Quadrant 2026\" para sistemas de gest\u00e3o de armaz\u00e9m e oferece com \"Easy WMS\" uma solu\u00e7\u00e3o baseada em nuvem para otimiza\u00e7\u00e3o de processos log\u00edsticos.","og_url":"https:\/\/transportjournal.com\/pt-pt\/2026\/04\/30\/mecalux-pela-quinta-vez-no-gartner-magic-quadrant\/","og_site_name":"ITJ | International Transport Journal","article_published_time":"2026-04-30T09:59:16+00:00","og_image":[{"width":2560,"height":1440,"url":"https:\/\/transportjournal.com\/wp-content\/uploads\/sites\/2\/2026\/04\/PR_Mecalux_Gartner_AI3-scaled-1.jpg","type":"image\/jpeg"}],"author":"Jeremy Soland","twitter_card":"summary_large_image","twitter_misc":{"Escrito por":"Jeremy Soland","Tempo estimado de leitura":"1 minuto"},"schema":{"@context":"https:\/\/schema.org","@graph":[{"@type":"Article","@id":"https:\/\/transportjournal.com\/pt-pt\/2026\/04\/30\/mecalux-pela-quinta-vez-no-gartner-magic-quadrant\/#article","isPartOf":{"@id":"https:\/\/transportjournal.com\/pt-pt\/2026\/04\/30\/mecalux-pela-quinta-vez-no-gartner-magic-quadrant\/"},"author":{"name":"Jeremy Soland","@id":"https:\/\/transportjournal.com\/pt-pt\/#\/schema\/person\/41d36b5474b623392fa613e97e2363fa"},"headline":"Mecalux pela quinta vez no &#8220;Gartner Magic Quadrant&#8221;","datePublished":"2026-04-30T09:59:16+00:00","mainEntityOfPage":{"@id":"https:\/\/transportjournal.com\/pt-pt\/2026\/04\/30\/mecalux-pela-quinta-vez-no-gartner-magic-quadrant\/"},"wordCount":186,"commentCount":0,"publisher":{"@id":"https:\/\/transportjournal.com\/pt-pt\/#organization"},"image":{"@id":"https:\/\/transportjournal.com\/pt-pt\/2026\/04\/30\/mecalux-pela-quinta-vez-no-gartner-magic-quadrant\/#primaryimage"},"thumbnailUrl":"https:\/\/transportjournal.com\/wp-content\/uploads\/sites\/2\/2026\/04\/PR_Mecalux_Gartner_AI3-scaled-1.jpg","keywords":["augmenter la productivit\u00e9","automated warehouse environments","automatisierte Lagerumgebungen","cloud-based logistics solutions","cloudbasierte Logistikl\u00f6sungen","Deutsch Mecalux","Digitalisierung in der Logistik","digitalization in logistics","Easy WCS","Easy WES","Easy WMS","Echtzeit-\u00dcberwachung","environnements d'entrep\u00f4t automatis\u00e9s","Fachkr\u00e4ftemangel in der Logistik","Gartner Magic Quadrant","gestion de la cha\u00eene d'approvisionnement","increase productivity","labor shortage in logistics","Lageroptimierung","Lagerverwaltungssysteme","logiciel WMS","logistics service providers","logistics technology","Logistikdienstleister","Logistikprozesse optimieren","Logistiktechnologie","num\u00e9risation dans la logistique","optimisation des entrep\u00f4ts","optimiser l'exp\u00e9dition des marchandises","optimiser les processus logistiques","optimize goods shipping Fran\u00e7ais Mecalux","optimize logistics processes","p\u00e9nurie de main-d'\u0153uvre dans la logistique","prestataires de services logistiques","Produktivit\u00e4t steigern","real-time monitoring","R\u00fcckverfolgbarkeit in Lagern","solutions logistiques bas\u00e9es sur le cloud","Supply Chain Management","surveillance en temps r\u00e9el","syst\u00e8mes de gestion d'entrep\u00f4t","technologie logistique","tra\u00e7abilit\u00e9 dans les entrep\u00f4ts","traceability in warehouses","warehouse management systems","warehouse optimization","Warenversand optimieren English Mecalux","WMS Software"],"articleSection":["Am\u00e9ricas","Expedi\u00e7\u00e3o de Mercadorias e Log\u00edstica","Intralog\u00edstica"],"inLanguage":"pt-PT","potentialAction":[{"@type":"CommentAction","name":"Comment","target":["https:\/\/transportjournal.com\/pt-pt\/2026\/04\/30\/mecalux-pela-quinta-vez-no-gartner-magic-quadrant\/#respond"]}]},{"@type":"WebPage","@id":"https:\/\/transportjournal.com\/pt-pt\/2026\/04\/30\/mecalux-pela-quinta-vez-no-gartner-magic-quadrant\/","url":"https:\/\/transportjournal.com\/pt-pt\/2026\/04\/30\/mecalux-pela-quinta-vez-no-gartner-magic-quadrant\/","name":"Mecalux pela quinta vez no &#8222;Gartner Magic Quadrant&#8220; - ITJ | International Transport Journal","isPartOf":{"@id":"https:\/\/transportjournal.com\/pt-pt\/#website"},"primaryImageOfPage":{"@id":"https:\/\/transportjournal.com\/pt-pt\/2026\/04\/30\/mecalux-pela-quinta-vez-no-gartner-magic-quadrant\/#primaryimage"},"image":{"@id":"https:\/\/transportjournal.com\/pt-pt\/2026\/04\/30\/mecalux-pela-quinta-vez-no-gartner-magic-quadrant\/#primaryimage"},"thumbnailUrl":"https:\/\/transportjournal.com\/wp-content\/uploads\/sites\/2\/2026\/04\/PR_Mecalux_Gartner_AI3-scaled-1.jpg","datePublished":"2026-04-30T09:59:16+00:00","breadcrumb":{"@id":"https:\/\/transportjournal.com\/pt-pt\/2026\/04\/30\/mecalux-pela-quinta-vez-no-gartner-magic-quadrant\/#breadcrumb"},"inLanguage":"pt-PT","potentialAction":[{"@type":"ReadAction","target":["https:\/\/transportjournal.com\/pt-pt\/2026\/04\/30\/mecalux-pela-quinta-vez-no-gartner-magic-quadrant\/"]}]},{"@type":"ImageObject","inLanguage":"pt-PT","@id":"https:\/\/transportjournal.com\/pt-pt\/2026\/04\/30\/mecalux-pela-quinta-vez-no-gartner-magic-quadrant\/#primaryimage","url":"https:\/\/transportjournal.com\/wp-content\/uploads\/sites\/2\/2026\/04\/PR_Mecalux_Gartner_AI3-scaled-1.jpg","contentUrl":"https:\/\/transportjournal.com\/wp-content\/uploads\/sites\/2\/2026\/04\/PR_Mecalux_Gartner_AI3-scaled-1.jpg","width":2560,"height":1440},{"@type":"BreadcrumbList","@id":"https:\/\/transportjournal.com\/pt-pt\/2026\/04\/30\/mecalux-pela-quinta-vez-no-gartner-magic-quadrant\/#breadcrumb","itemListElement":[{"@type":"ListItem","position":1,"name":"Startseite","item":"https:\/\/transportjournal.com\/pt-pt\/"},{"@type":"ListItem","position":2,"name":"Mecalux pela quinta vez no &#8220;Gartner Magic Quadrant&#8221;"}]},{"@type":"WebSite","@id":"https:\/\/transportjournal.com\/pt-pt\/#website","url":"https:\/\/transportjournal.com\/pt-pt\/","name":"ITJ | International Transport Journal","description":"Stay informed with the latest global news from the transport, logistics, and supply chain industries. Transport Journal delivers expert insights, analysis, and updates across shipping, aviation, intermodal, and forwarding.","publisher":{"@id":"https:\/\/transportjournal.com\/pt-pt\/#organization"},"potentialAction":[{"@type":"SearchAction","target":{"@type":"EntryPoint","urlTemplate":"https:\/\/transportjournal.com\/pt-pt\/?s={search_term_string}"},"query-input":{"@type":"PropertyValueSpecification","valueRequired":true,"valueName":"search_term_string"}}],"inLanguage":"pt-PT"},{"@type":"Organization","@id":"https:\/\/transportjournal.com\/pt-pt\/#organization","name":"Logismedia Group AG","alternateName":"Logismedia Group AG","url":"https:\/\/transportjournal.com\/pt-pt\/","logo":{"@type":"ImageObject","inLanguage":"pt-PT","@id":"https:\/\/transportjournal.com\/pt-pt\/#\/schema\/logo\/image\/","url":"https:\/\/transportjournal.com\/wp-content\/uploads\/sites\/2\/2025\/09\/Logo_ITJ.png","contentUrl":"https:\/\/transportjournal.com\/wp-content\/uploads\/sites\/2\/2025\/09\/Logo_ITJ.png","width":799,"height":326,"caption":"Logismedia Group AG"},"image":{"@id":"https:\/\/transportjournal.com\/pt-pt\/#\/schema\/logo\/image\/"},"sameAs":["https:\/\/www.linkedin.com\/company\/56456496\/admin\/dashboard\/","https:\/\/www.instagram.com\/logismediagroup\/","https:\/\/www.youtube.com\/@LogiamediaGroupAG"]},{"@type":"Person","@id":"https:\/\/transportjournal.com\/pt-pt\/#\/schema\/person\/41d36b5474b623392fa613e97e2363fa","name":"Jeremy Soland","url":"https:\/\/transportjournal.com\/pt-pt\/author\/jeremy\/"}]}},"_links":{"self":[{"href":"https:\/\/transportjournal.com\/pt-pt\/wp-json\/wp\/v2\/posts\/87572","targetHints":{"allow":["GET"]}}],"collection":[{"href":"https:\/\/transportjournal.com\/pt-pt\/wp-json\/wp\/v2\/posts"}],"about":[{"href":"https:\/\/transportjournal.com\/pt-pt\/wp-json\/wp\/v2\/types\/post"}],"author":[{"embeddable":true,"href":"https:\/\/transportjournal.com\/pt-pt\/wp-json\/wp\/v2\/users\/10"}],"replies":[{"embeddable":true,"href":"https:\/\/transportjournal.com\/pt-pt\/wp-json\/wp\/v2\/comments?post=87572"}],"version-history":[{"count":0,"href":"https:\/\/transportjournal.com\/pt-pt\/wp-json\/wp\/v2\/posts\/87572\/revisions"}],"wp:featuredmedia":[{"embeddable":true,"href":"https:\/\/transportjournal.com\/pt-pt\/wp-json\/wp\/v2\/media\/87567"}],"wp:attachment":[{"href":"https:\/\/transportjournal.com\/pt-pt\/wp-json\/wp\/v2\/media?parent=87572"}],"wp:term":[{"taxonomy":"category","embeddable":true,"href":"https:\/\/transportjournal.com\/pt-pt\/wp-json\/wp\/v2\/categories?post=87572"},{"taxonomy":"post_tag","embeddable":true,"href":"https:\/\/transportjournal.com\/pt-pt\/wp-json\/wp\/v2\/tags?post=87572"}],"curies":[{"name":"wp","href":"https:\/\/api.w.org\/{rel}","templated":true}]}}