{"id":87458,"date":"2026-04-30T08:13:33","date_gmt":"2026-04-30T08:13:33","guid":{"rendered":"https:\/\/transportjournal.com\/2026\/04\/30\/mercado-de-carga-aerea-global-cai-48\/"},"modified":"2026-04-30T10:34:27","modified_gmt":"2026-04-30T08:34:27","slug":"mercado-de-carga-aerea-global-cai-48","status":"publish","type":"post","link":"https:\/\/transportjournal.com\/pt-pt\/2026\/04\/30\/mercado-de-carga-aerea-global-cai-48\/","title":{"rendered":"Mar\u00e7o catastr\u00f3fico para a carga a\u00e9rea no Golfo"},"content":{"rendered":"<p>A demanda global no mercado de frete a\u00e9reo caiu 4,8% em mar\u00e7o de 2026 em compara\u00e7\u00e3o ao ano anterior. Esse desenvolvimento \u00e9 atribu\u00eddo a um ambiente operacional desafiador, caracterizado por tens\u00f5es geopol\u00edticas no Oriente M\u00e9dio e efeitos sazonais. Enquanto a \u00c1frica apresentou o melhor desempenho com um aumento de exatamente 7%, o Oriente M\u00e9dio registrou uma queda dram\u00e1tica de 54,3%.<\/p>\n<h3>Fluxos de frete internacionais sob press\u00e3o<\/h3>\n<p>O tr\u00e1fego internacional de frete a\u00e9reo caiu 5,5% em rela\u00e7\u00e3o ao ano anterior. As companhias a\u00e9reas do Oriente M\u00e9dio foram as mais afetadas, sofrendo uma queda de 54,2%, devido \u00e0 deteriora\u00e7\u00e3o da conectividade dos hubs e da confiabilidade da rede. A capacidade total da ind\u00fastria caiu 4,7%, o que est\u00e1 em linha com a demanda em decl\u00ednio. O fator de carga de frete permaneceu est\u00e1vel em 47,9%.<\/p>\n<p>A volatilidade nos mercados de energia tamb\u00e9m foi significativa. O pre\u00e7o do Brent subiu 43,1% em rela\u00e7\u00e3o ao ano anterior, enquanto o pre\u00e7o do querosene aumentou 106,6%, alcan\u00e7ando o n\u00edvel mais alto em mais de 23 anos. Esses desenvolvimentos levaram a um aumento nas tarifas de frete de 18,9% em um ambiente de pre\u00e7os inflacion\u00e1rio.<\/p>\n<h3>Diferen\u00e7as regionais no desempenho de frete<\/h3>\n<p>O desempenho regional no mercado de frete a\u00e9reo foi desigual. Enquanto a \u00c1frica, \u00c1sia-Pac\u00edfico, Europa e Am\u00e9rica Latina e Caribe registraram taxas de crescimento moderadas, essas n\u00e3o conseguiram compensar as quedas dram\u00e1ticas no Oriente M\u00e9dio. As companhias a\u00e9reas africanas alcan\u00e7aram o crescimento mais forte, apoiadas por tr\u00e1fego de desvio. Na Europa (+2,2%) e Am\u00e9rica Latina (+1,8%), houve pequenos aumentos, enquanto a Am\u00e9rica do Norte (-1,1%) apresentou leve queda, indicando uma din\u00e2mica transatl\u00e2ntica mais fraca.<\/p>\n<p>A situa\u00e7\u00e3o no Oriente M\u00e9dio representou o maior obst\u00e1culo para o desempenho do setor. A queda de 54,3% no CTK (Cargueiro Tonelada Quil\u00f4metro) ilustra os s\u00e9rios impactos do conflito na conectividade dos hubs e na ocupa\u00e7\u00e3o das aeronaves.<\/p>\n<h3>Tend\u00eancias internacionais e an\u00e1lises de rotas<\/h3>\n<p>As demandas internacionais de frete mostraram uma clara desigualdade geogr\u00e1fica. Enquanto os mercados na \u00c1frica e \u00c1sia-Pac\u00edfico (+5,5%) cresceram, as companhias a\u00e9reas do Oriente M\u00e9dio sofreram a maior queda. A an\u00e1lise de rotas revelou que a conex\u00e3o Europa-\u00c1sia, com um aumento de 14,2%, apresentou o melhor desempenho, enquanto as rotas comerciais conectadas ao Golfo estavam sob forte press\u00e3o.<\/p>\n<p>A demanda por cargueiros se mostrou mais resiliente do que a demanda por carga de passageiros, que caiu 12,1%. Isso demonstra que os cargueiros se beneficiaram da flexibilidade operacional e capturaram fluxos de desvio em longos corredores, especialmente no com\u00e9rcio asi\u00e1tico.<\/p>\n<h3>Perspectivas e condi\u00e7\u00f5es econ\u00f4micas<\/h3>\n<p>Os pre\u00e7os do querosene aumentaram significativamente em mar\u00e7o, o que pressionou consideravelmente a rentabilidade no setor de frete a\u00e9reo. Os \u00edndices globais de manufatura mostram que a atividade industrial continua na \u00e1rea de expans\u00e3o, embora a din\u00e2mica tenha diminu\u00eddo em compara\u00e7\u00e3o aos meses anteriores. Apesar desses desafios, o setor de frete a\u00e9reo permanece em uma base macroecon\u00f4mica est\u00e1vel, embora a din\u00e2mica de crescimento esteja diminuindo em rela\u00e7\u00e3o aos picos dos anos anteriores.<\/p>\n<p>&nbsp;<\/p>\n<p><a href=\"https:\/\/www.iata.org\/\" target=\"_blank\" rel=\"noopener noreferrer\">www.iata.org<\/a><\/p>\n<p>&nbsp;<\/p>\n","protected":false},"excerpt":{"rendered":"<p>A demanda global no mercado de carga a\u00e9rea caiu 4,8% em mar\u00e7o de 2026, enquanto a \u00c1frica registrou um crescimento de 7% e o Oriente M\u00e9dio teve uma forte queda.<\/p>\n","protected":false},"author":12,"featured_media":87453,"comment_status":"open","ping_status":"","sticky":false,"template":"","format":"standard","meta":{"_acf_changed":false,"footnotes":""},"categories":[1625,1626,1622,1623,1624,1618],"tags":[33608,33609,4939,2648,13739,5507,4279,13671,22495,22496,21947,43885,22499,2211,2212,21956,43886,43887,2032,1778,43888,21766,4288,43889,7110,2655,5225,5226,43890,43891,2125,3682,43892,43893,43894,43895,22511,22512,2133,1831,1962,13768,4132,4134,4135,43896,2148,22524,43897,43898,7124,2295,43899,23307,2242,2155,1837,21980],"class_list":["post-87458","post","type-post","status-publish","format-standard","has-post-thumbnail","hentry","category-africa","category-americas","category-asia-pacifico","category-europa","category-medio-oriente","category-transporte-aereo-de-mercadorias","tag-africa","tag-afrika","tag-afrique","tag-air-freight","tag-air-freight-traffic","tag-avions-cargo","tag-capacite-de-fret","tag-cargo-planes","tag-cargo-tonne-kilometer","tag-cargo-tonne-kilometers","tag-conditions-economiques","tag-connectivite-des-hubs","tag-deutsch-luftfrachtmarkt","tag-digital-transformation","tag-digitale-transformation","tag-economic-conditions","tag-effets-saisonniers","tag-flux-de-fret-international","tag-frachtflugzeuge","tag-frachtkapazitaet","tag-frachtleistung","tag-frachtraten","tag-freight-capacity","tag-freight-performance","tag-freight-rates","tag-fret-aerien","tag-geopolitical-tensions","tag-geopolitische-spannungen","tag-hub-connectivity","tag-hub-konnektivitaet","tag-industrie-du-transport","tag-infrastructure","tag-infrastructure-francais-marche-de-la-fret-aerien","tag-infrastruktur-english-air-freight-market","tag-international-freight-flows","tag-internationale-frachtstroeme","tag-jet-fuel-prices","tag-kerosinpreise","tag-logistics-service-providers","tag-logistikdienstleister","tag-luftfracht","tag-luftfrachtverkehr","tag-middle-east","tag-moyen-orient","tag-naher-osten","tag-performance-de-fret","tag-prestataires-de-services-logistiques","tag-prix-du-kerosene","tag-saisonale-effekte","tag-seasonal-effects","tag-tarifs-de-fret","tag-tensions-geopolitiques","tag-tonne-kilometre-de-fret","tag-trafic-de-fret-aerien","tag-transformation-numerique","tag-transport-industry","tag-transportwirtschaft","tag-wirtschaftliche-rahmenbedingungen"],"acf":[],"yoast_head":"<!-- This site is optimized with the Yoast SEO plugin v27.3 - https:\/\/yoast.com\/product\/yoast-seo-wordpress\/ -->\n<title>Mercado de carga a\u00e9rea global cai 4,8% - ITJ | International Transport Journal<\/title>\n<meta name=\"robots\" content=\"index, follow, max-snippet:-1, max-image-preview:large, max-video-preview:-1\" \/>\n<link rel=\"canonical\" href=\"https:\/\/transportjournal.com\/pt-pt\/2026\/04\/30\/mercado-de-carga-aerea-global-cai-48\/\" \/>\n<meta property=\"og:locale\" content=\"pt_PT\" \/>\n<meta property=\"og:type\" content=\"article\" \/>\n<meta property=\"og:title\" content=\"Mercado de carga a\u00e9rea global cai 4,8% - ITJ | International Transport Journal\" \/>\n<meta property=\"og:description\" content=\"A demanda global no mercado de carga a\u00e9rea caiu 4,8% em mar\u00e7o de 2026, enquanto a \u00c1frica registrou um crescimento de 7% e o Oriente M\u00e9dio teve uma forte queda.\" \/>\n<meta property=\"og:url\" content=\"https:\/\/transportjournal.com\/pt-pt\/2026\/04\/30\/mercado-de-carga-aerea-global-cai-48\/\" \/>\n<meta property=\"og:site_name\" content=\"ITJ | International Transport Journal\" \/>\n<meta property=\"article:published_time\" content=\"2026-04-30T08:13:33+00:00\" \/>\n<meta property=\"article:modified_time\" content=\"2026-04-30T08:34:27+00:00\" \/>\n<meta property=\"og:image\" content=\"https:\/\/transportjournal.com\/wp-content\/uploads\/sites\/2\/2026\/04\/Screenshot-2026-04-30-102513-aspect-ratio-1400-788.png\" \/>\n\t<meta property=\"og:image:width\" content=\"405\" \/>\n\t<meta property=\"og:image:height\" content=\"228\" \/>\n\t<meta property=\"og:image:type\" content=\"image\/png\" \/>\n<meta name=\"author\" content=\"Andreas Haug\" \/>\n<meta name=\"twitter:card\" content=\"summary_large_image\" \/>\n<meta name=\"twitter:label1\" content=\"Escrito por\" \/>\n\t<meta name=\"twitter:data1\" content=\"Andreas Haug\" \/>\n\t<meta name=\"twitter:label2\" content=\"Tempo estimado de leitura\" \/>\n\t<meta name=\"twitter:data2\" content=\"3 minutos\" \/>\n<script type=\"application\/ld+json\" class=\"yoast-schema-graph\">{\"@context\":\"https:\\\/\\\/schema.org\",\"@graph\":[{\"@type\":\"Article\",\"@id\":\"https:\\\/\\\/transportjournal.com\\\/pt-pt\\\/2026\\\/04\\\/30\\\/mercado-de-carga-aerea-global-cai-48\\\/#article\",\"isPartOf\":{\"@id\":\"https:\\\/\\\/transportjournal.com\\\/pt-pt\\\/2026\\\/04\\\/30\\\/mercado-de-carga-aerea-global-cai-48\\\/\"},\"author\":{\"name\":\"Andreas Haug\",\"@id\":\"https:\\\/\\\/transportjournal.com\\\/pt-pt\\\/#\\\/schema\\\/person\\\/cf538b3157f15afd7589245a4b3dbd25\"},\"headline\":\"Mar\u00e7o catastr\u00f3fico para a carga a\u00e9rea no Golfo\",\"datePublished\":\"2026-04-30T08:13:33+00:00\",\"dateModified\":\"2026-04-30T08:34:27+00:00\",\"mainEntityOfPage\":{\"@id\":\"https:\\\/\\\/transportjournal.com\\\/pt-pt\\\/2026\\\/04\\\/30\\\/mercado-de-carga-aerea-global-cai-48\\\/\"},\"wordCount\":556,\"commentCount\":0,\"publisher\":{\"@id\":\"https:\\\/\\\/transportjournal.com\\\/pt-pt\\\/#organization\"},\"image\":{\"@id\":\"https:\\\/\\\/transportjournal.com\\\/pt-pt\\\/2026\\\/04\\\/30\\\/mercado-de-carga-aerea-global-cai-48\\\/#primaryimage\"},\"thumbnailUrl\":\"https:\\\/\\\/transportjournal.com\\\/wp-content\\\/uploads\\\/sites\\\/2\\\/2026\\\/04\\\/Screenshot-2026-04-30-102513-aspect-ratio-1400-788.png\",\"keywords\":[\"Africa\",\"Afrika\",\"Afrique\",\"air freight\",\"air freight traffic\",\"avions cargo\",\"capacit\u00e9 de fret\",\"cargo planes\",\"Cargo Tonne-Kilometer\",\"cargo tonne-kilometers\",\"conditions \u00e9conomiques\",\"connectivit\u00e9 des hubs\",\"Deutsch Luftfrachtmarkt\",\"digital transformation\",\"digitale Transformation\",\"economic conditions\",\"effets saisonniers\",\"flux de fret international\",\"Frachtflugzeuge\",\"Frachtkapazit\u00e4t\",\"Frachtleistung\",\"Frachtraten\",\"freight capacity\",\"freight performance\",\"freight rates\",\"fret a\u00e9rien\",\"geopolitical tensions\",\"geopolitische Spannungen\",\"hub connectivity\",\"Hub-Konnektivit\u00e4t\",\"industrie du transport\",\"infrastructure\",\"infrastructure Fran\u00e7ais march\u00e9 de la fret a\u00e9rien\",\"Infrastruktur English air freight market\",\"international freight flows\",\"internationale Frachtstr\u00f6me\",\"jet fuel prices\",\"Kerosinpreise\",\"logistics service providers\",\"Logistikdienstleister\",\"Luftfracht\",\"Luftfrachtverkehr\",\"Middle East\",\"Moyen-Orient\",\"Naher Osten\",\"performance de fret\",\"prestataires de services logistiques\",\"prix du k\u00e9ros\u00e8ne\",\"saisonale Effekte\",\"seasonal effects\",\"tarifs de fret\",\"tensions g\u00e9opolitiques\",\"tonne-kilom\u00e8tre de fret\",\"trafic de fret a\u00e9rien\",\"transformation num\u00e9rique\",\"transport industry\",\"Transportwirtschaft\",\"wirtschaftliche Rahmenbedingungen\"],\"articleSection\":[\"\u00c1frica\",\"Am\u00e9ricas\",\"\u00c1sia\\\/Pac\u00edfico\",\"Europa\",\"M\u00e9dio Oriente\",\"Transporte a\u00e9reo de mercadorias\"],\"inLanguage\":\"pt-PT\",\"potentialAction\":[{\"@type\":\"CommentAction\",\"name\":\"Comment\",\"target\":[\"https:\\\/\\\/transportjournal.com\\\/pt-pt\\\/2026\\\/04\\\/30\\\/mercado-de-carga-aerea-global-cai-48\\\/#respond\"]}]},{\"@type\":\"WebPage\",\"@id\":\"https:\\\/\\\/transportjournal.com\\\/pt-pt\\\/2026\\\/04\\\/30\\\/mercado-de-carga-aerea-global-cai-48\\\/\",\"url\":\"https:\\\/\\\/transportjournal.com\\\/pt-pt\\\/2026\\\/04\\\/30\\\/mercado-de-carga-aerea-global-cai-48\\\/\",\"name\":\"Mercado de carga a\u00e9rea global cai 4,8% - ITJ | International Transport Journal\",\"isPartOf\":{\"@id\":\"https:\\\/\\\/transportjournal.com\\\/pt-pt\\\/#website\"},\"primaryImageOfPage\":{\"@id\":\"https:\\\/\\\/transportjournal.com\\\/pt-pt\\\/2026\\\/04\\\/30\\\/mercado-de-carga-aerea-global-cai-48\\\/#primaryimage\"},\"image\":{\"@id\":\"https:\\\/\\\/transportjournal.com\\\/pt-pt\\\/2026\\\/04\\\/30\\\/mercado-de-carga-aerea-global-cai-48\\\/#primaryimage\"},\"thumbnailUrl\":\"https:\\\/\\\/transportjournal.com\\\/wp-content\\\/uploads\\\/sites\\\/2\\\/2026\\\/04\\\/Screenshot-2026-04-30-102513-aspect-ratio-1400-788.png\",\"datePublished\":\"2026-04-30T08:13:33+00:00\",\"dateModified\":\"2026-04-30T08:34:27+00:00\",\"breadcrumb\":{\"@id\":\"https:\\\/\\\/transportjournal.com\\\/pt-pt\\\/2026\\\/04\\\/30\\\/mercado-de-carga-aerea-global-cai-48\\\/#breadcrumb\"},\"inLanguage\":\"pt-PT\",\"potentialAction\":[{\"@type\":\"ReadAction\",\"target\":[\"https:\\\/\\\/transportjournal.com\\\/pt-pt\\\/2026\\\/04\\\/30\\\/mercado-de-carga-aerea-global-cai-48\\\/\"]}]},{\"@type\":\"ImageObject\",\"inLanguage\":\"pt-PT\",\"@id\":\"https:\\\/\\\/transportjournal.com\\\/pt-pt\\\/2026\\\/04\\\/30\\\/mercado-de-carga-aerea-global-cai-48\\\/#primaryimage\",\"url\":\"https:\\\/\\\/transportjournal.com\\\/wp-content\\\/uploads\\\/sites\\\/2\\\/2026\\\/04\\\/Screenshot-2026-04-30-102513-aspect-ratio-1400-788.png\",\"contentUrl\":\"https:\\\/\\\/transportjournal.com\\\/wp-content\\\/uploads\\\/sites\\\/2\\\/2026\\\/04\\\/Screenshot-2026-04-30-102513-aspect-ratio-1400-788.png\",\"width\":405,\"height\":228},{\"@type\":\"BreadcrumbList\",\"@id\":\"https:\\\/\\\/transportjournal.com\\\/pt-pt\\\/2026\\\/04\\\/30\\\/mercado-de-carga-aerea-global-cai-48\\\/#breadcrumb\",\"itemListElement\":[{\"@type\":\"ListItem\",\"position\":1,\"name\":\"Startseite\",\"item\":\"https:\\\/\\\/transportjournal.com\\\/pt-pt\\\/\"},{\"@type\":\"ListItem\",\"position\":2,\"name\":\"Mercado de carga a\u00e9rea global cai 4,8%\"}]},{\"@type\":\"WebSite\",\"@id\":\"https:\\\/\\\/transportjournal.com\\\/pt-pt\\\/#website\",\"url\":\"https:\\\/\\\/transportjournal.com\\\/pt-pt\\\/\",\"name\":\"ITJ | International Transport Journal\",\"description\":\"Stay informed with the latest global news from the transport, logistics, and supply chain industries. Transport Journal delivers expert insights, analysis, and updates across shipping, aviation, intermodal, and forwarding.\",\"publisher\":{\"@id\":\"https:\\\/\\\/transportjournal.com\\\/pt-pt\\\/#organization\"},\"potentialAction\":[{\"@type\":\"SearchAction\",\"target\":{\"@type\":\"EntryPoint\",\"urlTemplate\":\"https:\\\/\\\/transportjournal.com\\\/pt-pt\\\/?s={search_term_string}\"},\"query-input\":{\"@type\":\"PropertyValueSpecification\",\"valueRequired\":true,\"valueName\":\"search_term_string\"}}],\"inLanguage\":\"pt-PT\"},{\"@type\":\"Organization\",\"@id\":\"https:\\\/\\\/transportjournal.com\\\/pt-pt\\\/#organization\",\"name\":\"Logismedia Group AG\",\"alternateName\":\"Logismedia Group AG\",\"url\":\"https:\\\/\\\/transportjournal.com\\\/pt-pt\\\/\",\"logo\":{\"@type\":\"ImageObject\",\"inLanguage\":\"pt-PT\",\"@id\":\"https:\\\/\\\/transportjournal.com\\\/pt-pt\\\/#\\\/schema\\\/logo\\\/image\\\/\",\"url\":\"https:\\\/\\\/transportjournal.com\\\/wp-content\\\/uploads\\\/sites\\\/2\\\/2025\\\/09\\\/Logo_ITJ.png\",\"contentUrl\":\"https:\\\/\\\/transportjournal.com\\\/wp-content\\\/uploads\\\/sites\\\/2\\\/2025\\\/09\\\/Logo_ITJ.png\",\"width\":799,\"height\":326,\"caption\":\"Logismedia Group AG\"},\"image\":{\"@id\":\"https:\\\/\\\/transportjournal.com\\\/pt-pt\\\/#\\\/schema\\\/logo\\\/image\\\/\"},\"sameAs\":[\"https:\\\/\\\/www.linkedin.com\\\/company\\\/56456496\\\/admin\\\/dashboard\\\/\",\"https:\\\/\\\/www.instagram.com\\\/logismediagroup\\\/\",\"https:\\\/\\\/www.youtube.com\\\/@LogiamediaGroupAG\"]},{\"@type\":\"Person\",\"@id\":\"https:\\\/\\\/transportjournal.com\\\/pt-pt\\\/#\\\/schema\\\/person\\\/cf538b3157f15afd7589245a4b3dbd25\",\"name\":\"Andreas Haug\",\"url\":\"https:\\\/\\\/transportjournal.com\\\/pt-pt\\\/author\\\/andreas\\\/\"}]}<\/script>\n<!-- \/ Yoast SEO plugin. -->","yoast_head_json":{"title":"Mercado de carga a\u00e9rea global cai 4,8% - ITJ | International Transport Journal","robots":{"index":"index","follow":"follow","max-snippet":"max-snippet:-1","max-image-preview":"max-image-preview:large","max-video-preview":"max-video-preview:-1"},"canonical":"https:\/\/transportjournal.com\/pt-pt\/2026\/04\/30\/mercado-de-carga-aerea-global-cai-48\/","og_locale":"pt_PT","og_type":"article","og_title":"Mercado de carga a\u00e9rea global cai 4,8% - ITJ | International Transport Journal","og_description":"A demanda global no mercado de carga a\u00e9rea caiu 4,8% em mar\u00e7o de 2026, enquanto a \u00c1frica registrou um crescimento de 7% e o Oriente M\u00e9dio teve uma forte queda.","og_url":"https:\/\/transportjournal.com\/pt-pt\/2026\/04\/30\/mercado-de-carga-aerea-global-cai-48\/","og_site_name":"ITJ | International Transport Journal","article_published_time":"2026-04-30T08:13:33+00:00","article_modified_time":"2026-04-30T08:34:27+00:00","og_image":[{"width":405,"height":228,"url":"https:\/\/transportjournal.com\/wp-content\/uploads\/sites\/2\/2026\/04\/Screenshot-2026-04-30-102513-aspect-ratio-1400-788.png","type":"image\/png"}],"author":"Andreas Haug","twitter_card":"summary_large_image","twitter_misc":{"Escrito por":"Andreas Haug","Tempo estimado de leitura":"3 minutos"},"schema":{"@context":"https:\/\/schema.org","@graph":[{"@type":"Article","@id":"https:\/\/transportjournal.com\/pt-pt\/2026\/04\/30\/mercado-de-carga-aerea-global-cai-48\/#article","isPartOf":{"@id":"https:\/\/transportjournal.com\/pt-pt\/2026\/04\/30\/mercado-de-carga-aerea-global-cai-48\/"},"author":{"name":"Andreas Haug","@id":"https:\/\/transportjournal.com\/pt-pt\/#\/schema\/person\/cf538b3157f15afd7589245a4b3dbd25"},"headline":"Mar\u00e7o catastr\u00f3fico para a carga a\u00e9rea no Golfo","datePublished":"2026-04-30T08:13:33+00:00","dateModified":"2026-04-30T08:34:27+00:00","mainEntityOfPage":{"@id":"https:\/\/transportjournal.com\/pt-pt\/2026\/04\/30\/mercado-de-carga-aerea-global-cai-48\/"},"wordCount":556,"commentCount":0,"publisher":{"@id":"https:\/\/transportjournal.com\/pt-pt\/#organization"},"image":{"@id":"https:\/\/transportjournal.com\/pt-pt\/2026\/04\/30\/mercado-de-carga-aerea-global-cai-48\/#primaryimage"},"thumbnailUrl":"https:\/\/transportjournal.com\/wp-content\/uploads\/sites\/2\/2026\/04\/Screenshot-2026-04-30-102513-aspect-ratio-1400-788.png","keywords":["Africa","Afrika","Afrique","air freight","air freight traffic","avions cargo","capacit\u00e9 de fret","cargo planes","Cargo Tonne-Kilometer","cargo tonne-kilometers","conditions \u00e9conomiques","connectivit\u00e9 des hubs","Deutsch Luftfrachtmarkt","digital transformation","digitale Transformation","economic conditions","effets saisonniers","flux de fret international","Frachtflugzeuge","Frachtkapazit\u00e4t","Frachtleistung","Frachtraten","freight capacity","freight performance","freight rates","fret a\u00e9rien","geopolitical tensions","geopolitische Spannungen","hub connectivity","Hub-Konnektivit\u00e4t","industrie du transport","infrastructure","infrastructure Fran\u00e7ais march\u00e9 de la fret a\u00e9rien","Infrastruktur English air freight market","international freight flows","internationale Frachtstr\u00f6me","jet fuel prices","Kerosinpreise","logistics service providers","Logistikdienstleister","Luftfracht","Luftfrachtverkehr","Middle East","Moyen-Orient","Naher Osten","performance de fret","prestataires de services logistiques","prix du k\u00e9ros\u00e8ne","saisonale Effekte","seasonal effects","tarifs de fret","tensions g\u00e9opolitiques","tonne-kilom\u00e8tre de fret","trafic de fret a\u00e9rien","transformation num\u00e9rique","transport industry","Transportwirtschaft","wirtschaftliche Rahmenbedingungen"],"articleSection":["\u00c1frica","Am\u00e9ricas","\u00c1sia\/Pac\u00edfico","Europa","M\u00e9dio Oriente","Transporte a\u00e9reo de mercadorias"],"inLanguage":"pt-PT","potentialAction":[{"@type":"CommentAction","name":"Comment","target":["https:\/\/transportjournal.com\/pt-pt\/2026\/04\/30\/mercado-de-carga-aerea-global-cai-48\/#respond"]}]},{"@type":"WebPage","@id":"https:\/\/transportjournal.com\/pt-pt\/2026\/04\/30\/mercado-de-carga-aerea-global-cai-48\/","url":"https:\/\/transportjournal.com\/pt-pt\/2026\/04\/30\/mercado-de-carga-aerea-global-cai-48\/","name":"Mercado de carga a\u00e9rea global cai 4,8% - ITJ | International Transport Journal","isPartOf":{"@id":"https:\/\/transportjournal.com\/pt-pt\/#website"},"primaryImageOfPage":{"@id":"https:\/\/transportjournal.com\/pt-pt\/2026\/04\/30\/mercado-de-carga-aerea-global-cai-48\/#primaryimage"},"image":{"@id":"https:\/\/transportjournal.com\/pt-pt\/2026\/04\/30\/mercado-de-carga-aerea-global-cai-48\/#primaryimage"},"thumbnailUrl":"https:\/\/transportjournal.com\/wp-content\/uploads\/sites\/2\/2026\/04\/Screenshot-2026-04-30-102513-aspect-ratio-1400-788.png","datePublished":"2026-04-30T08:13:33+00:00","dateModified":"2026-04-30T08:34:27+00:00","breadcrumb":{"@id":"https:\/\/transportjournal.com\/pt-pt\/2026\/04\/30\/mercado-de-carga-aerea-global-cai-48\/#breadcrumb"},"inLanguage":"pt-PT","potentialAction":[{"@type":"ReadAction","target":["https:\/\/transportjournal.com\/pt-pt\/2026\/04\/30\/mercado-de-carga-aerea-global-cai-48\/"]}]},{"@type":"ImageObject","inLanguage":"pt-PT","@id":"https:\/\/transportjournal.com\/pt-pt\/2026\/04\/30\/mercado-de-carga-aerea-global-cai-48\/#primaryimage","url":"https:\/\/transportjournal.com\/wp-content\/uploads\/sites\/2\/2026\/04\/Screenshot-2026-04-30-102513-aspect-ratio-1400-788.png","contentUrl":"https:\/\/transportjournal.com\/wp-content\/uploads\/sites\/2\/2026\/04\/Screenshot-2026-04-30-102513-aspect-ratio-1400-788.png","width":405,"height":228},{"@type":"BreadcrumbList","@id":"https:\/\/transportjournal.com\/pt-pt\/2026\/04\/30\/mercado-de-carga-aerea-global-cai-48\/#breadcrumb","itemListElement":[{"@type":"ListItem","position":1,"name":"Startseite","item":"https:\/\/transportjournal.com\/pt-pt\/"},{"@type":"ListItem","position":2,"name":"Mercado de carga a\u00e9rea global cai 4,8%"}]},{"@type":"WebSite","@id":"https:\/\/transportjournal.com\/pt-pt\/#website","url":"https:\/\/transportjournal.com\/pt-pt\/","name":"ITJ | International Transport Journal","description":"Stay informed with the latest global news from the transport, logistics, and supply chain industries. Transport Journal delivers expert insights, analysis, and updates across shipping, aviation, intermodal, and forwarding.","publisher":{"@id":"https:\/\/transportjournal.com\/pt-pt\/#organization"},"potentialAction":[{"@type":"SearchAction","target":{"@type":"EntryPoint","urlTemplate":"https:\/\/transportjournal.com\/pt-pt\/?s={search_term_string}"},"query-input":{"@type":"PropertyValueSpecification","valueRequired":true,"valueName":"search_term_string"}}],"inLanguage":"pt-PT"},{"@type":"Organization","@id":"https:\/\/transportjournal.com\/pt-pt\/#organization","name":"Logismedia Group AG","alternateName":"Logismedia Group AG","url":"https:\/\/transportjournal.com\/pt-pt\/","logo":{"@type":"ImageObject","inLanguage":"pt-PT","@id":"https:\/\/transportjournal.com\/pt-pt\/#\/schema\/logo\/image\/","url":"https:\/\/transportjournal.com\/wp-content\/uploads\/sites\/2\/2025\/09\/Logo_ITJ.png","contentUrl":"https:\/\/transportjournal.com\/wp-content\/uploads\/sites\/2\/2025\/09\/Logo_ITJ.png","width":799,"height":326,"caption":"Logismedia Group AG"},"image":{"@id":"https:\/\/transportjournal.com\/pt-pt\/#\/schema\/logo\/image\/"},"sameAs":["https:\/\/www.linkedin.com\/company\/56456496\/admin\/dashboard\/","https:\/\/www.instagram.com\/logismediagroup\/","https:\/\/www.youtube.com\/@LogiamediaGroupAG"]},{"@type":"Person","@id":"https:\/\/transportjournal.com\/pt-pt\/#\/schema\/person\/cf538b3157f15afd7589245a4b3dbd25","name":"Andreas Haug","url":"https:\/\/transportjournal.com\/pt-pt\/author\/andreas\/"}]}},"_links":{"self":[{"href":"https:\/\/transportjournal.com\/pt-pt\/wp-json\/wp\/v2\/posts\/87458","targetHints":{"allow":["GET"]}}],"collection":[{"href":"https:\/\/transportjournal.com\/pt-pt\/wp-json\/wp\/v2\/posts"}],"about":[{"href":"https:\/\/transportjournal.com\/pt-pt\/wp-json\/wp\/v2\/types\/post"}],"author":[{"embeddable":true,"href":"https:\/\/transportjournal.com\/pt-pt\/wp-json\/wp\/v2\/users\/12"}],"replies":[{"embeddable":true,"href":"https:\/\/transportjournal.com\/pt-pt\/wp-json\/wp\/v2\/comments?post=87458"}],"version-history":[{"count":2,"href":"https:\/\/transportjournal.com\/pt-pt\/wp-json\/wp\/v2\/posts\/87458\/revisions"}],"predecessor-version":[{"id":87472,"href":"https:\/\/transportjournal.com\/pt-pt\/wp-json\/wp\/v2\/posts\/87458\/revisions\/87472"}],"wp:featuredmedia":[{"embeddable":true,"href":"https:\/\/transportjournal.com\/pt-pt\/wp-json\/wp\/v2\/media\/87453"}],"wp:attachment":[{"href":"https:\/\/transportjournal.com\/pt-pt\/wp-json\/wp\/v2\/media?parent=87458"}],"wp:term":[{"taxonomy":"category","embeddable":true,"href":"https:\/\/transportjournal.com\/pt-pt\/wp-json\/wp\/v2\/categories?post=87458"},{"taxonomy":"post_tag","embeddable":true,"href":"https:\/\/transportjournal.com\/pt-pt\/wp-json\/wp\/v2\/tags?post=87458"}],"curies":[{"name":"wp","href":"https:\/\/api.w.org\/{rel}","templated":true}]}}