{"id":87388,"date":"2026-04-29T15:28:43","date_gmt":"2026-04-29T15:28:43","guid":{"rendered":"https:\/\/transportjournal.com\/2026\/04\/29\/arnold-schwerlast-junta-se-a-ahk-ucrania\/"},"modified":"2026-04-29T15:28:43","modified_gmt":"2026-04-29T15:28:43","slug":"arnold-schwerlast-junta-se-a-ahk-ucrania","status":"publish","type":"post","link":"https:\/\/transportjournal.com\/pt-pt\/2026\/04\/29\/arnold-schwerlast-junta-se-a-ahk-ucrania\/","title":{"rendered":"Arnold Schwerlast junta-se \u00e0 AHK Ucr\u00e2nia"},"content":{"rendered":"<p>Arnold Schwerlast GmbH de Rimpar, perto de W\u00fcrzburg, juntou-se \u00e0 C\u00e2mara de Ind\u00fastria e Com\u00e9rcio Germano-Ucraniana (AHK Ucr\u00e2nia) para se preparar para a reconstru\u00e7\u00e3o da Ucr\u00e2nia. A empresa, especializada em log\u00edstica de projetos e transportes pesados, considera sua experi\u00eancia crucial para enfrentar os desafios no transporte de mercadorias de grande dimens\u00e3o, especialmente em \u00e1reas de guerra.<\/p>\n<p>Oliver Arnold (centro), um dos diretores ao lado de Heike Fuchs e Volker Lenzing, enfatiza a import\u00e2ncia de uma log\u00edstica de projeto flex\u00edvel e segura para a reconstru\u00e7\u00e3o da Ucr\u00e2nia. Ele explica que a reconstru\u00e7\u00e3o representa uma das maiores tarefas econ\u00f4micas e de infraestrutura da Europa nos pr\u00f3ximos anos. A empresa deseja atuar como parceira para investidores, fornecedores de energia e entidades p\u00fablicas que desejam implementar projetos na Ucr\u00e2nia.<\/p>\n<h3>Experi\u00eancia na Europa Oriental<\/h3>\n<p>Arnold Schwerlast traz uma longa experi\u00eancia na planea\u00e7\u00e3o e execu\u00e7\u00e3o de transportes de projetos internacionais na Europa Oriental. O escopo dos servi\u00e7os inclui an\u00e1lises de viabilidade, gest\u00e3o de aprova\u00e7\u00f5es, planejamento de rotas, desembara\u00e7o aduaneiro e conceitos de transporte multimodal. As entregas para projetos de energia, locais industriais e de produ\u00e7\u00e3o, bem como para a constru\u00e7\u00e3o civil, ser\u00e3o particularmente demandadas na Ucr\u00e2nia. Esses projetos exigem solu\u00e7\u00f5es log\u00edsticas precisas, que a empresa tem implementado com sucesso ao longo dos anos.<\/p>\n<p>\u201cEstamos prontos para trazer nossa experi\u00eancia, nossa rede e nossa for\u00e7a operacional para apoiar de forma eficiente projetos internacionais na Ucr\u00e2nia\u201d, diz Oliver Arnold. Ele destaca que a reconstru\u00e7\u00e3o n\u00e3o come\u00e7a apenas com a primeira grua de constru\u00e7\u00e3o, mas j\u00e1 com cadeias de suprimento funcionais. Empresas que constru\u00edrem estruturas log\u00edsticas robustas desde cedo poder\u00e3o garantir vantagens decisivas.<\/p>\n<h3>Filia\u00e7\u00e3o \u00e0 AHK Ucr\u00e2nia<\/h3>\n<p>A filia\u00e7\u00e3o \u00e0 C\u00e2mara de Ind\u00fastria e Com\u00e9rcio Germano-Ucraniana permite \u00e0 Arnold Schwerlast desenvolver uma compreens\u00e3o s\u00f3lida das condi\u00e7\u00f5es econ\u00f4micas e pr\u00e1ticas na Ucr\u00e2nia. A AHK Ucr\u00e2nia, fundada em 2016 em Kiev, apoia empresas no com\u00e9rcio internacional e conta atualmente com 62 membros premium, incluindo empresas renomadas como BMW e Siemens.<\/p>\n<p>A decis\u00e3o de se juntar \u00e0 AHK foi tomada durante o 8\u00ba F\u00f3rum Econ\u00f4mico Germano-Ucraniano em Berlim, onde representantes de alto n\u00edvel dos dois pa\u00edses estavam presentes. Oliver Arnold relata que a empresa foi abordada por Volodymyr Kravets, gerente de projetos da AHK, para apoiar seu trabalho nas \u00e1reas de transporte e log\u00edstica.<\/p>\n<p>Arnold v\u00ea na filia\u00e7\u00e3o vantagens como branding no espa\u00e7o econ\u00f4mico germano-ucraniano e acesso direto a tomadores de decis\u00e3o. O co-diretor Volker Lenzing ser\u00e1 o respons\u00e1vel principal pelo engajamento da empresa na Ucr\u00e2nia.<\/p>\n<p>No entanto, o desenvolvimento futuro da empresa depende fortemente da situa\u00e7\u00e3o na Ucr\u00e2nia e da capacidade do pa\u00eds de aceitar o apoio da Alemanha ap\u00f3s a guerra.<\/p>\n<p>&nbsp;<\/p>\n<p><a href=\"https:\/\/www.arnold-schwerlast.de\/\" target=\"_blank\" rel=\"noopener noreferrer\">www.arnold-schwerlast.de<\/a><\/p>\n<p>&nbsp;<\/p>\n","protected":false},"excerpt":{"rendered":"<p>Arnold Schwerlast GmbH uniu-se \u00e0 AHK Ucr\u00e2nia para contribuir com sua expertise em transporte de projetos para a reconstru\u00e7\u00e3o da Ucr\u00e2nia.<\/p>\n","protected":false},"author":12,"featured_media":87383,"comment_status":"open","ping_status":"","sticky":false,"template":"","format":"standard","meta":{"_acf_changed":false,"footnotes":""},"categories":[9092,1623,1617,1615],"tags":[43679,43680,43681,43682,12662,43683,43684,4557,4753,4754,43685,43686,43687,7478,7480,43688,43689,43690,43691,43692,2125,43693,43694,43695,43696,12674,2133,1831,10929,43697,43698,43699,43700,43701,43702,14634,2148,10935,1991,43703,4583,7496,43704,14636,14924,12681,43705,43706,2155,1837,43707,43708,1850],"class_list":["post-87388","post","type-post","status-publish","format-standard","has-post-thumbnail","hentry","category-deutschland","category-europa","category-expedicao-e-logistica","category-pessoas-e-empresas","tag-adhesion-ahk","tag-ahk-membership-francais-transport-lourd","tag-ahk-ukraine","tag-arnold-schwerlast-gmbh","tag-chaines-dapprovisionnement","tag-concepts-de-transport-multimodal","tag-conditions-economiques-ukraine","tag-construction-projects","tag-customs-clearance","tag-dedouanement","tag-deutsch-schwerlast","tag-eastern-europe-logistics","tag-economic-conditions-ukraine","tag-energieprojekte","tag-energy-projects","tag-genehmigungsmanagement","tag-gestion-des-autorisations","tag-goods-transport-war-zones","tag-guetertransport-kriegsgebiete","tag-hochbau-projekte","tag-industrie-du-transport","tag-infrastructure-projects-ukraine","tag-infrastrukturprojekte-ukraine","tag-international-project-transport","tag-internationale-projekttransporte","tag-lieferketten","tag-logistics-service-providers","tag-logistikdienstleister","tag-logistique-de-projet","tag-logistique-en-europe-de-lest","tag-mitgliedschaft-ahk-english-heavy-transport","tag-multimodal-transport-concepts","tag-multimodale-transportkonzepte","tag-osteuropa-logistik","tag-permit-management","tag-planification-des-itineraires","tag-prestataires-de-services-logistiques","tag-project-logistics","tag-projektlogistik","tag-projets-dinfrastructure-ukraine","tag-projets-de-construction","tag-projets-energetiques","tag-reconstruction-ukraine","tag-route-planning","tag-routenplanung","tag-supply-chains","tag-transport-de-marchandises-zones-de-guerre","tag-transport-de-projet-international","tag-transport-industry","tag-transportwirtschaft","tag-wiederaufbau-ukraine","tag-wirtschaftliche-rahmenbedingungen-ukraine","tag-zollabwicklung"],"acf":[],"yoast_head":"<!-- This site is optimized with the Yoast SEO plugin v27.3 - https:\/\/yoast.com\/product\/yoast-seo-wordpress\/ -->\n<title>Arnold Schwerlast junta-se \u00e0 AHK Ucr\u00e2nia - ITJ | International Transport Journal<\/title>\n<meta name=\"robots\" content=\"index, follow, max-snippet:-1, max-image-preview:large, max-video-preview:-1\" \/>\n<link rel=\"canonical\" href=\"https:\/\/transportjournal.com\/pt-pt\/2026\/04\/29\/arnold-schwerlast-junta-se-a-ahk-ucrania\/\" \/>\n<meta property=\"og:locale\" content=\"pt_PT\" \/>\n<meta property=\"og:type\" content=\"article\" \/>\n<meta property=\"og:title\" content=\"Arnold Schwerlast junta-se \u00e0 AHK Ucr\u00e2nia - ITJ | International Transport Journal\" \/>\n<meta property=\"og:description\" content=\"Arnold Schwerlast GmbH uniu-se \u00e0 AHK Ucr\u00e2nia para contribuir com sua expertise em transporte de projetos para a reconstru\u00e7\u00e3o da Ucr\u00e2nia.\" \/>\n<meta property=\"og:url\" content=\"https:\/\/transportjournal.com\/pt-pt\/2026\/04\/29\/arnold-schwerlast-junta-se-a-ahk-ucrania\/\" \/>\n<meta property=\"og:site_name\" content=\"ITJ | International Transport Journal\" \/>\n<meta property=\"article:published_time\" content=\"2026-04-29T15:28:43+00:00\" \/>\n<meta property=\"og:image\" content=\"https:\/\/transportjournal.com\/wp-content\/uploads\/sites\/2\/2026\/04\/Arnold-Schwerlast-Foto-GF-2026-4-Sara-Mergler-scaled-aspect-ratio-1400-788-scaled-1.jpg\" \/>\n\t<meta property=\"og:image:width\" content=\"2560\" \/>\n\t<meta property=\"og:image:height\" content=\"1441\" \/>\n\t<meta property=\"og:image:type\" content=\"image\/jpeg\" \/>\n<meta name=\"author\" content=\"Andreas Haug\" \/>\n<meta name=\"twitter:card\" content=\"summary_large_image\" \/>\n<meta name=\"twitter:label1\" content=\"Escrito por\" \/>\n\t<meta name=\"twitter:data1\" content=\"Andreas Haug\" \/>\n\t<meta name=\"twitter:label2\" content=\"Tempo estimado de leitura\" \/>\n\t<meta name=\"twitter:data2\" content=\"3 minutos\" \/>\n<script type=\"application\/ld+json\" class=\"yoast-schema-graph\">{\"@context\":\"https:\\\/\\\/schema.org\",\"@graph\":[{\"@type\":\"Article\",\"@id\":\"https:\\\/\\\/transportjournal.com\\\/pt-pt\\\/2026\\\/04\\\/29\\\/arnold-schwerlast-junta-se-a-ahk-ucrania\\\/#article\",\"isPartOf\":{\"@id\":\"https:\\\/\\\/transportjournal.com\\\/pt-pt\\\/2026\\\/04\\\/29\\\/arnold-schwerlast-junta-se-a-ahk-ucrania\\\/\"},\"author\":{\"name\":\"Andreas Haug\",\"@id\":\"https:\\\/\\\/transportjournal.com\\\/pt-pt\\\/#\\\/schema\\\/person\\\/cf538b3157f15afd7589245a4b3dbd25\"},\"headline\":\"Arnold Schwerlast junta-se \u00e0 AHK Ucr\u00e2nia\",\"datePublished\":\"2026-04-29T15:28:43+00:00\",\"mainEntityOfPage\":{\"@id\":\"https:\\\/\\\/transportjournal.com\\\/pt-pt\\\/2026\\\/04\\\/29\\\/arnold-schwerlast-junta-se-a-ahk-ucrania\\\/\"},\"wordCount\":509,\"commentCount\":0,\"publisher\":{\"@id\":\"https:\\\/\\\/transportjournal.com\\\/pt-pt\\\/#organization\"},\"image\":{\"@id\":\"https:\\\/\\\/transportjournal.com\\\/pt-pt\\\/2026\\\/04\\\/29\\\/arnold-schwerlast-junta-se-a-ahk-ucrania\\\/#primaryimage\"},\"thumbnailUrl\":\"https:\\\/\\\/transportjournal.com\\\/wp-content\\\/uploads\\\/sites\\\/2\\\/2026\\\/04\\\/Arnold-Schwerlast-Foto-GF-2026-4-Sara-Mergler-scaled-aspect-ratio-1400-788-scaled-1.jpg\",\"keywords\":[\"adh\u00e9sion AHK\",\"AHK membership Fran\u00e7ais transport lourd\",\"AHK Ukraine\",\"Arnold Schwerlast GmbH\",\"cha\u00eenes d'approvisionnement\",\"concepts de transport multimodal\",\"conditions \u00e9conomiques Ukraine\",\"construction projects\",\"customs clearance\",\"d\u00e9douanement\",\"Deutsch Schwerlast\",\"Eastern Europe logistics\",\"economic conditions Ukraine\",\"Energieprojekte\",\"energy projects\",\"Genehmigungsmanagement\",\"gestion des autorisations\",\"goods transport war zones\",\"G\u00fctertransport Kriegsgebiete\",\"Hochbau Projekte\",\"industrie du transport\",\"infrastructure projects Ukraine\",\"Infrastrukturprojekte Ukraine\",\"international project transport\",\"internationale Projekttransporte\",\"Lieferketten\",\"logistics service providers\",\"Logistikdienstleister\",\"logistique de projet\",\"logistique en Europe de l'Est\",\"Mitgliedschaft AHK English heavy transport\",\"multimodal transport concepts\",\"multimodale Transportkonzepte\",\"Osteuropa Logistik\",\"permit management\",\"planification des itin\u00e9raires\",\"prestataires de services logistiques\",\"project logistics\",\"Projektlogistik\",\"projets d'infrastructure Ukraine\",\"projets de construction\",\"projets \u00e9nerg\u00e9tiques\",\"reconstruction Ukraine\",\"route planning\",\"Routenplanung\",\"supply chains\",\"transport de marchandises zones de guerre\",\"transport de projet international\",\"transport industry\",\"Transportwirtschaft\",\"Wiederaufbau Ukraine\",\"wirtschaftliche Rahmenbedingungen Ukraine\",\"Zollabwicklung\"],\"articleSection\":[\"Deutschland\",\"Europa\",\"Expedi\u00e7\u00e3o de Mercadorias e Log\u00edstica\",\"Pessoas e empresas\"],\"inLanguage\":\"pt-PT\",\"potentialAction\":[{\"@type\":\"CommentAction\",\"name\":\"Comment\",\"target\":[\"https:\\\/\\\/transportjournal.com\\\/pt-pt\\\/2026\\\/04\\\/29\\\/arnold-schwerlast-junta-se-a-ahk-ucrania\\\/#respond\"]}]},{\"@type\":\"WebPage\",\"@id\":\"https:\\\/\\\/transportjournal.com\\\/pt-pt\\\/2026\\\/04\\\/29\\\/arnold-schwerlast-junta-se-a-ahk-ucrania\\\/\",\"url\":\"https:\\\/\\\/transportjournal.com\\\/pt-pt\\\/2026\\\/04\\\/29\\\/arnold-schwerlast-junta-se-a-ahk-ucrania\\\/\",\"name\":\"Arnold Schwerlast junta-se \u00e0 AHK Ucr\u00e2nia - ITJ | International Transport Journal\",\"isPartOf\":{\"@id\":\"https:\\\/\\\/transportjournal.com\\\/pt-pt\\\/#website\"},\"primaryImageOfPage\":{\"@id\":\"https:\\\/\\\/transportjournal.com\\\/pt-pt\\\/2026\\\/04\\\/29\\\/arnold-schwerlast-junta-se-a-ahk-ucrania\\\/#primaryimage\"},\"image\":{\"@id\":\"https:\\\/\\\/transportjournal.com\\\/pt-pt\\\/2026\\\/04\\\/29\\\/arnold-schwerlast-junta-se-a-ahk-ucrania\\\/#primaryimage\"},\"thumbnailUrl\":\"https:\\\/\\\/transportjournal.com\\\/wp-content\\\/uploads\\\/sites\\\/2\\\/2026\\\/04\\\/Arnold-Schwerlast-Foto-GF-2026-4-Sara-Mergler-scaled-aspect-ratio-1400-788-scaled-1.jpg\",\"datePublished\":\"2026-04-29T15:28:43+00:00\",\"breadcrumb\":{\"@id\":\"https:\\\/\\\/transportjournal.com\\\/pt-pt\\\/2026\\\/04\\\/29\\\/arnold-schwerlast-junta-se-a-ahk-ucrania\\\/#breadcrumb\"},\"inLanguage\":\"pt-PT\",\"potentialAction\":[{\"@type\":\"ReadAction\",\"target\":[\"https:\\\/\\\/transportjournal.com\\\/pt-pt\\\/2026\\\/04\\\/29\\\/arnold-schwerlast-junta-se-a-ahk-ucrania\\\/\"]}]},{\"@type\":\"ImageObject\",\"inLanguage\":\"pt-PT\",\"@id\":\"https:\\\/\\\/transportjournal.com\\\/pt-pt\\\/2026\\\/04\\\/29\\\/arnold-schwerlast-junta-se-a-ahk-ucrania\\\/#primaryimage\",\"url\":\"https:\\\/\\\/transportjournal.com\\\/wp-content\\\/uploads\\\/sites\\\/2\\\/2026\\\/04\\\/Arnold-Schwerlast-Foto-GF-2026-4-Sara-Mergler-scaled-aspect-ratio-1400-788-scaled-1.jpg\",\"contentUrl\":\"https:\\\/\\\/transportjournal.com\\\/wp-content\\\/uploads\\\/sites\\\/2\\\/2026\\\/04\\\/Arnold-Schwerlast-Foto-GF-2026-4-Sara-Mergler-scaled-aspect-ratio-1400-788-scaled-1.jpg\",\"width\":2560,\"height\":1441},{\"@type\":\"BreadcrumbList\",\"@id\":\"https:\\\/\\\/transportjournal.com\\\/pt-pt\\\/2026\\\/04\\\/29\\\/arnold-schwerlast-junta-se-a-ahk-ucrania\\\/#breadcrumb\",\"itemListElement\":[{\"@type\":\"ListItem\",\"position\":1,\"name\":\"Startseite\",\"item\":\"https:\\\/\\\/transportjournal.com\\\/pt-pt\\\/\"},{\"@type\":\"ListItem\",\"position\":2,\"name\":\"Arnold Schwerlast junta-se \u00e0 AHK Ucr\u00e2nia\"}]},{\"@type\":\"WebSite\",\"@id\":\"https:\\\/\\\/transportjournal.com\\\/pt-pt\\\/#website\",\"url\":\"https:\\\/\\\/transportjournal.com\\\/pt-pt\\\/\",\"name\":\"ITJ | International Transport Journal\",\"description\":\"Stay informed with the latest global news from the transport, logistics, and supply chain industries. Transport Journal delivers expert insights, analysis, and updates across shipping, aviation, intermodal, and forwarding.\",\"publisher\":{\"@id\":\"https:\\\/\\\/transportjournal.com\\\/pt-pt\\\/#organization\"},\"potentialAction\":[{\"@type\":\"SearchAction\",\"target\":{\"@type\":\"EntryPoint\",\"urlTemplate\":\"https:\\\/\\\/transportjournal.com\\\/pt-pt\\\/?s={search_term_string}\"},\"query-input\":{\"@type\":\"PropertyValueSpecification\",\"valueRequired\":true,\"valueName\":\"search_term_string\"}}],\"inLanguage\":\"pt-PT\"},{\"@type\":\"Organization\",\"@id\":\"https:\\\/\\\/transportjournal.com\\\/pt-pt\\\/#organization\",\"name\":\"Logismedia Group AG\",\"alternateName\":\"Logismedia Group AG\",\"url\":\"https:\\\/\\\/transportjournal.com\\\/pt-pt\\\/\",\"logo\":{\"@type\":\"ImageObject\",\"inLanguage\":\"pt-PT\",\"@id\":\"https:\\\/\\\/transportjournal.com\\\/pt-pt\\\/#\\\/schema\\\/logo\\\/image\\\/\",\"url\":\"https:\\\/\\\/transportjournal.com\\\/wp-content\\\/uploads\\\/sites\\\/2\\\/2025\\\/09\\\/Logo_ITJ.png\",\"contentUrl\":\"https:\\\/\\\/transportjournal.com\\\/wp-content\\\/uploads\\\/sites\\\/2\\\/2025\\\/09\\\/Logo_ITJ.png\",\"width\":799,\"height\":326,\"caption\":\"Logismedia Group AG\"},\"image\":{\"@id\":\"https:\\\/\\\/transportjournal.com\\\/pt-pt\\\/#\\\/schema\\\/logo\\\/image\\\/\"},\"sameAs\":[\"https:\\\/\\\/www.linkedin.com\\\/company\\\/56456496\\\/admin\\\/dashboard\\\/\",\"https:\\\/\\\/www.instagram.com\\\/logismediagroup\\\/\",\"https:\\\/\\\/www.youtube.com\\\/@LogiamediaGroupAG\"]},{\"@type\":\"Person\",\"@id\":\"https:\\\/\\\/transportjournal.com\\\/pt-pt\\\/#\\\/schema\\\/person\\\/cf538b3157f15afd7589245a4b3dbd25\",\"name\":\"Andreas Haug\",\"url\":\"https:\\\/\\\/transportjournal.com\\\/pt-pt\\\/author\\\/andreas\\\/\"}]}<\/script>\n<!-- \/ Yoast SEO plugin. -->","yoast_head_json":{"title":"Arnold Schwerlast junta-se \u00e0 AHK Ucr\u00e2nia - ITJ | International Transport Journal","robots":{"index":"index","follow":"follow","max-snippet":"max-snippet:-1","max-image-preview":"max-image-preview:large","max-video-preview":"max-video-preview:-1"},"canonical":"https:\/\/transportjournal.com\/pt-pt\/2026\/04\/29\/arnold-schwerlast-junta-se-a-ahk-ucrania\/","og_locale":"pt_PT","og_type":"article","og_title":"Arnold Schwerlast junta-se \u00e0 AHK Ucr\u00e2nia - ITJ | International Transport Journal","og_description":"Arnold Schwerlast GmbH uniu-se \u00e0 AHK Ucr\u00e2nia para contribuir com sua expertise em transporte de projetos para a reconstru\u00e7\u00e3o da Ucr\u00e2nia.","og_url":"https:\/\/transportjournal.com\/pt-pt\/2026\/04\/29\/arnold-schwerlast-junta-se-a-ahk-ucrania\/","og_site_name":"ITJ | International Transport Journal","article_published_time":"2026-04-29T15:28:43+00:00","og_image":[{"width":2560,"height":1441,"url":"https:\/\/transportjournal.com\/wp-content\/uploads\/sites\/2\/2026\/04\/Arnold-Schwerlast-Foto-GF-2026-4-Sara-Mergler-scaled-aspect-ratio-1400-788-scaled-1.jpg","type":"image\/jpeg"}],"author":"Andreas Haug","twitter_card":"summary_large_image","twitter_misc":{"Escrito por":"Andreas Haug","Tempo estimado de leitura":"3 minutos"},"schema":{"@context":"https:\/\/schema.org","@graph":[{"@type":"Article","@id":"https:\/\/transportjournal.com\/pt-pt\/2026\/04\/29\/arnold-schwerlast-junta-se-a-ahk-ucrania\/#article","isPartOf":{"@id":"https:\/\/transportjournal.com\/pt-pt\/2026\/04\/29\/arnold-schwerlast-junta-se-a-ahk-ucrania\/"},"author":{"name":"Andreas Haug","@id":"https:\/\/transportjournal.com\/pt-pt\/#\/schema\/person\/cf538b3157f15afd7589245a4b3dbd25"},"headline":"Arnold Schwerlast junta-se \u00e0 AHK Ucr\u00e2nia","datePublished":"2026-04-29T15:28:43+00:00","mainEntityOfPage":{"@id":"https:\/\/transportjournal.com\/pt-pt\/2026\/04\/29\/arnold-schwerlast-junta-se-a-ahk-ucrania\/"},"wordCount":509,"commentCount":0,"publisher":{"@id":"https:\/\/transportjournal.com\/pt-pt\/#organization"},"image":{"@id":"https:\/\/transportjournal.com\/pt-pt\/2026\/04\/29\/arnold-schwerlast-junta-se-a-ahk-ucrania\/#primaryimage"},"thumbnailUrl":"https:\/\/transportjournal.com\/wp-content\/uploads\/sites\/2\/2026\/04\/Arnold-Schwerlast-Foto-GF-2026-4-Sara-Mergler-scaled-aspect-ratio-1400-788-scaled-1.jpg","keywords":["adh\u00e9sion AHK","AHK membership Fran\u00e7ais transport lourd","AHK Ukraine","Arnold Schwerlast GmbH","cha\u00eenes d'approvisionnement","concepts de transport multimodal","conditions \u00e9conomiques Ukraine","construction projects","customs clearance","d\u00e9douanement","Deutsch Schwerlast","Eastern Europe logistics","economic conditions Ukraine","Energieprojekte","energy projects","Genehmigungsmanagement","gestion des autorisations","goods transport war zones","G\u00fctertransport Kriegsgebiete","Hochbau Projekte","industrie du transport","infrastructure projects Ukraine","Infrastrukturprojekte Ukraine","international project transport","internationale Projekttransporte","Lieferketten","logistics service providers","Logistikdienstleister","logistique de projet","logistique en Europe de l'Est","Mitgliedschaft AHK English heavy transport","multimodal transport concepts","multimodale Transportkonzepte","Osteuropa Logistik","permit management","planification des itin\u00e9raires","prestataires de services logistiques","project logistics","Projektlogistik","projets d'infrastructure Ukraine","projets de construction","projets \u00e9nerg\u00e9tiques","reconstruction Ukraine","route planning","Routenplanung","supply chains","transport de marchandises zones de guerre","transport de projet international","transport industry","Transportwirtschaft","Wiederaufbau Ukraine","wirtschaftliche Rahmenbedingungen Ukraine","Zollabwicklung"],"articleSection":["Deutschland","Europa","Expedi\u00e7\u00e3o de Mercadorias e Log\u00edstica","Pessoas e empresas"],"inLanguage":"pt-PT","potentialAction":[{"@type":"CommentAction","name":"Comment","target":["https:\/\/transportjournal.com\/pt-pt\/2026\/04\/29\/arnold-schwerlast-junta-se-a-ahk-ucrania\/#respond"]}]},{"@type":"WebPage","@id":"https:\/\/transportjournal.com\/pt-pt\/2026\/04\/29\/arnold-schwerlast-junta-se-a-ahk-ucrania\/","url":"https:\/\/transportjournal.com\/pt-pt\/2026\/04\/29\/arnold-schwerlast-junta-se-a-ahk-ucrania\/","name":"Arnold Schwerlast junta-se \u00e0 AHK Ucr\u00e2nia - ITJ | International Transport Journal","isPartOf":{"@id":"https:\/\/transportjournal.com\/pt-pt\/#website"},"primaryImageOfPage":{"@id":"https:\/\/transportjournal.com\/pt-pt\/2026\/04\/29\/arnold-schwerlast-junta-se-a-ahk-ucrania\/#primaryimage"},"image":{"@id":"https:\/\/transportjournal.com\/pt-pt\/2026\/04\/29\/arnold-schwerlast-junta-se-a-ahk-ucrania\/#primaryimage"},"thumbnailUrl":"https:\/\/transportjournal.com\/wp-content\/uploads\/sites\/2\/2026\/04\/Arnold-Schwerlast-Foto-GF-2026-4-Sara-Mergler-scaled-aspect-ratio-1400-788-scaled-1.jpg","datePublished":"2026-04-29T15:28:43+00:00","breadcrumb":{"@id":"https:\/\/transportjournal.com\/pt-pt\/2026\/04\/29\/arnold-schwerlast-junta-se-a-ahk-ucrania\/#breadcrumb"},"inLanguage":"pt-PT","potentialAction":[{"@type":"ReadAction","target":["https:\/\/transportjournal.com\/pt-pt\/2026\/04\/29\/arnold-schwerlast-junta-se-a-ahk-ucrania\/"]}]},{"@type":"ImageObject","inLanguage":"pt-PT","@id":"https:\/\/transportjournal.com\/pt-pt\/2026\/04\/29\/arnold-schwerlast-junta-se-a-ahk-ucrania\/#primaryimage","url":"https:\/\/transportjournal.com\/wp-content\/uploads\/sites\/2\/2026\/04\/Arnold-Schwerlast-Foto-GF-2026-4-Sara-Mergler-scaled-aspect-ratio-1400-788-scaled-1.jpg","contentUrl":"https:\/\/transportjournal.com\/wp-content\/uploads\/sites\/2\/2026\/04\/Arnold-Schwerlast-Foto-GF-2026-4-Sara-Mergler-scaled-aspect-ratio-1400-788-scaled-1.jpg","width":2560,"height":1441},{"@type":"BreadcrumbList","@id":"https:\/\/transportjournal.com\/pt-pt\/2026\/04\/29\/arnold-schwerlast-junta-se-a-ahk-ucrania\/#breadcrumb","itemListElement":[{"@type":"ListItem","position":1,"name":"Startseite","item":"https:\/\/transportjournal.com\/pt-pt\/"},{"@type":"ListItem","position":2,"name":"Arnold Schwerlast junta-se \u00e0 AHK Ucr\u00e2nia"}]},{"@type":"WebSite","@id":"https:\/\/transportjournal.com\/pt-pt\/#website","url":"https:\/\/transportjournal.com\/pt-pt\/","name":"ITJ | International Transport Journal","description":"Stay informed with the latest global news from the transport, logistics, and supply chain industries. Transport Journal delivers expert insights, analysis, and updates across shipping, aviation, intermodal, and forwarding.","publisher":{"@id":"https:\/\/transportjournal.com\/pt-pt\/#organization"},"potentialAction":[{"@type":"SearchAction","target":{"@type":"EntryPoint","urlTemplate":"https:\/\/transportjournal.com\/pt-pt\/?s={search_term_string}"},"query-input":{"@type":"PropertyValueSpecification","valueRequired":true,"valueName":"search_term_string"}}],"inLanguage":"pt-PT"},{"@type":"Organization","@id":"https:\/\/transportjournal.com\/pt-pt\/#organization","name":"Logismedia Group AG","alternateName":"Logismedia Group AG","url":"https:\/\/transportjournal.com\/pt-pt\/","logo":{"@type":"ImageObject","inLanguage":"pt-PT","@id":"https:\/\/transportjournal.com\/pt-pt\/#\/schema\/logo\/image\/","url":"https:\/\/transportjournal.com\/wp-content\/uploads\/sites\/2\/2025\/09\/Logo_ITJ.png","contentUrl":"https:\/\/transportjournal.com\/wp-content\/uploads\/sites\/2\/2025\/09\/Logo_ITJ.png","width":799,"height":326,"caption":"Logismedia Group AG"},"image":{"@id":"https:\/\/transportjournal.com\/pt-pt\/#\/schema\/logo\/image\/"},"sameAs":["https:\/\/www.linkedin.com\/company\/56456496\/admin\/dashboard\/","https:\/\/www.instagram.com\/logismediagroup\/","https:\/\/www.youtube.com\/@LogiamediaGroupAG"]},{"@type":"Person","@id":"https:\/\/transportjournal.com\/pt-pt\/#\/schema\/person\/cf538b3157f15afd7589245a4b3dbd25","name":"Andreas Haug","url":"https:\/\/transportjournal.com\/pt-pt\/author\/andreas\/"}]}},"_links":{"self":[{"href":"https:\/\/transportjournal.com\/pt-pt\/wp-json\/wp\/v2\/posts\/87388","targetHints":{"allow":["GET"]}}],"collection":[{"href":"https:\/\/transportjournal.com\/pt-pt\/wp-json\/wp\/v2\/posts"}],"about":[{"href":"https:\/\/transportjournal.com\/pt-pt\/wp-json\/wp\/v2\/types\/post"}],"author":[{"embeddable":true,"href":"https:\/\/transportjournal.com\/pt-pt\/wp-json\/wp\/v2\/users\/12"}],"replies":[{"embeddable":true,"href":"https:\/\/transportjournal.com\/pt-pt\/wp-json\/wp\/v2\/comments?post=87388"}],"version-history":[{"count":0,"href":"https:\/\/transportjournal.com\/pt-pt\/wp-json\/wp\/v2\/posts\/87388\/revisions"}],"wp:featuredmedia":[{"embeddable":true,"href":"https:\/\/transportjournal.com\/pt-pt\/wp-json\/wp\/v2\/media\/87383"}],"wp:attachment":[{"href":"https:\/\/transportjournal.com\/pt-pt\/wp-json\/wp\/v2\/media?parent=87388"}],"wp:term":[{"taxonomy":"category","embeddable":true,"href":"https:\/\/transportjournal.com\/pt-pt\/wp-json\/wp\/v2\/categories?post=87388"},{"taxonomy":"post_tag","embeddable":true,"href":"https:\/\/transportjournal.com\/pt-pt\/wp-json\/wp\/v2\/tags?post=87388"}],"curies":[{"name":"wp","href":"https:\/\/api.w.org\/{rel}","templated":true}]}}