{"id":87373,"date":"2026-04-29T15:17:40","date_gmt":"2026-04-29T15:17:40","guid":{"rendered":"https:\/\/transportjournal.com\/2026\/04\/29\/dp-world-se-torna-parceiro-logistico-da-porsche\/"},"modified":"2026-04-29T17:37:02","modified_gmt":"2026-04-29T15:37:02","slug":"dp-world-se-torna-parceiro-logistico-da-porsche","status":"publish","type":"post","link":"https:\/\/transportjournal.com\/pt-pt\/2026\/04\/29\/dp-world-se-torna-parceiro-logistico-da-porsche\/","title":{"rendered":"DP World se torna parceiro log\u00edstico da Porsche"},"content":{"rendered":"<p>DP World anunciou que a empresa foi nomeada como parceira oficial de log\u00edstica da equipe Porsche Formula E no Campeonato Mundial ABB FIA Formula E. Esta parceria de v\u00e1rios anos foi ativada pela primeira vez nesta temporada durante o Madrid E-Prix em mar\u00e7o e conecta duas marcas globais que se destacam pela precis\u00e3o, inova\u00e7\u00e3o e um compromisso comum com a mobilidade sustent\u00e1vel.<\/p>\n<p>A colabora\u00e7\u00e3o destaca a expertise da DP World na \u00e1rea de log\u00edstica automotiva, que abrange desde o manuseio de componentes e baterias para ve\u00edculos el\u00e9tricos at\u00e9 a distribui\u00e7\u00e3o de ve\u00edculos prontos. Isso possibilita solu\u00e7\u00f5es resilientes e integradas para a cadeia de suprimentos. Al\u00e9m disso, a parceria reflete o compromisso mais amplo da DP World em descarbonizar o com\u00e9rcio global, utilizando energias renov\u00e1veis e eletrificando os equipamentos nas opera\u00e7\u00f5es.<\/p>\n<p>Beat Simon, Chief Commercial Officer e Chief Operating Officer de Log\u00edstica da DP World, comentou sobre a parceria: \u201cNa DP World, nossos parceiros refletem nosso compromisso com desempenho, precis\u00e3o e inova\u00e7\u00e3o \u2013 e a Porsche Motorsport incorpora engenharia de alto n\u00edvel. Esta parceria se baseia em nosso relacionamento existente com a Porsche, incluindo o suporte log\u00edstico inteligente para o centro de produ\u00e7\u00e3o em Leipzig, e oferece uma plataforma global para fortalecer as rela\u00e7\u00f5es com os clientes, al\u00e9m de celebrar inova\u00e7\u00f5es em mobilidade el\u00e9trica.\u201d<\/p>\n<p>Thomas Laudenbach, vice-presidente da Porsche Motorsport, tamb\u00e9m expressou satisfa\u00e7\u00e3o com a colabora\u00e7\u00e3o: \u201cEstamos felizes em receber a DP World como parceira oficial de log\u00edstica da equipe Porsche Formula E. A competi\u00e7\u00e3o de alto n\u00edvel no automobilismo global exige precis\u00e3o, confiabilidade e coordena\u00e7\u00e3o perfeita em cada corrida do calend\u00e1rio. A expertise da DP World em log\u00edstica inteligente e sua rede global fazem dela um parceiro forte para nosso programa Formula E. Juntos, queremos combinar engenharia de alto desempenho na pista com excel\u00eancia operacional nos bastidores.\u201d<\/p>\n<p>O pr\u00f3ximo fim de semana, 2 e 3 de maio, marca o Berlin E-Prix, uma corrida para a Porsche em casa na Alemanha, que tamb\u00e9m representa um mercado importante para a DP World e reflete a expertise da empresa em log\u00edstica automotiva.<\/p>\n<p>O Campeonato Mundial ABB FIA Formula E abrange uma oferta global de corridas urbanas que apresentam a tecnologia de ve\u00edculos el\u00e9tricos e inova\u00e7\u00f5es sustent\u00e1veis. A colabora\u00e7\u00e3o com a Porsche fortalece o portf\u00f3lio esportivo global da DP World, que tamb\u00e9m inclui McLaren F1, SailGP, a DP World Tour, a Ryder Cup, o Conselho Internacional de Cr\u00edquete e Yamaha Factory Racing, e apoia a presen\u00e7a da marca e a fideliza\u00e7\u00e3o de clientes em todo o mundo.<\/p>\n<p>&nbsp;<\/p>\n<p><a href=\"https:\/\/www.dpworld.com\/\" target=\"_blank\" rel=\"noopener noreferrer\">www.dpworld.com<\/a><\/p>\n<p>&nbsp;<\/p>\n","protected":false},"excerpt":{"rendered":"<p>A DP World foi nomeada como parceira log\u00edstica oficial da equipe Porsche Formula E, para promover a mobilidade sustent\u00e1vel e solu\u00e7\u00f5es inovadoras na log\u00edstica automotiva.<\/p>\n","protected":false},"author":12,"featured_media":87368,"comment_status":"open","ping_status":"","sticky":false,"template":"","format":"standard","meta":{"_acf_changed":false,"footnotes":""},"categories":[9092,1623,1617,1624],"tags":[1828,6128,43661,43662,2207,5128,9626,16846,7919,30088,30089,1796,1797,11335,43663,1807,43664,43665,43666,43667,5139,5140,2125,43668,43669,9642,43670,5840,11639,2133,1831,4211,6138,6109,11016,1869,11642,43671,43672,43673,43674,43675,2148,43676,9649,11361,6120,43677,43678,1857,11026,2155,1837,7944],"class_list":["post-87373","post","type-post","status-publish","format-standard","has-post-thumbnail","hentry","category-deutschland","category-europa","category-expedicao-e-logistica","category-medio-oriente","tag-automobillogistik","tag-automotive-logistics","tag-berlin-e-prix","tag-centre-de-production-de-leipzig","tag-chaine-dapprovisionnement","tag-commerce-mondial","tag-customer-relationships","tag-deutsch-dp-world","tag-electric-vehicles","tag-electromobilite","tag-electromobility","tag-elektrofahrzeuge","tag-elektromobilitaet","tag-energies-renouvelables","tag-engineering-excellence-francais-dp-world","tag-erneuerbare-energien","tag-excellence-en-ingenierie","tag-formel-e","tag-formula-e","tag-formule-e","tag-global-trade","tag-globaler-handel","tag-industrie-du-transport","tag-ingenieurskunst-english-dp-world","tag-intelligente-logistik","tag-kundenbeziehungen","tag-leipzig-production-center","tag-lieferkette","tag-logistics-partner","tag-logistics-service-providers","tag-logistikdienstleister","tag-logistikpartner","tag-logistique-automobile","tag-logistique-intelligente","tag-mobilite-durable","tag-nachhaltige-mobilitaet","tag-partenaire-logistique","tag-porsche","tag-portefeuille-sportif","tag-praezision-im-motorsport","tag-precision-en-sport-automobile","tag-precision-in-motorsport","tag-prestataires-de-services-logistiques","tag-produktionszentrum-leipzig","tag-relations-clients","tag-renewable-energy","tag-smart-logistics","tag-sportportfolio","tag-sports-portfolio","tag-supply-chain","tag-sustainable-mobility","tag-transport-industry","tag-transportwirtschaft","tag-vehicules-electriques"],"acf":[],"yoast_head":"<!-- This site is optimized with the Yoast SEO plugin v27.3 - https:\/\/yoast.com\/product\/yoast-seo-wordpress\/ -->\n<title>DP World se torna parceiro log\u00edstico da Porsche - ITJ | International Transport Journal<\/title>\n<meta name=\"robots\" content=\"index, follow, max-snippet:-1, max-image-preview:large, max-video-preview:-1\" \/>\n<link rel=\"canonical\" href=\"https:\/\/transportjournal.com\/pt-pt\/2026\/04\/29\/dp-world-se-torna-parceiro-logistico-da-porsche\/\" \/>\n<meta property=\"og:locale\" content=\"pt_PT\" \/>\n<meta property=\"og:type\" content=\"article\" \/>\n<meta property=\"og:title\" content=\"DP World se torna parceiro log\u00edstico da Porsche - ITJ | International Transport Journal\" \/>\n<meta property=\"og:description\" content=\"A DP World foi nomeada como parceira log\u00edstica oficial da equipe Porsche Formula E, para promover a mobilidade sustent\u00e1vel e solu\u00e7\u00f5es inovadoras na log\u00edstica automotiva.\" \/>\n<meta property=\"og:url\" content=\"https:\/\/transportjournal.com\/pt-pt\/2026\/04\/29\/dp-world-se-torna-parceiro-logistico-da-porsche\/\" \/>\n<meta property=\"og:site_name\" content=\"ITJ | International Transport Journal\" \/>\n<meta property=\"article:published_time\" content=\"2026-04-29T15:17:40+00:00\" \/>\n<meta property=\"article:modified_time\" content=\"2026-04-29T15:37:02+00:00\" \/>\n<meta property=\"og:image\" content=\"https:\/\/transportjournal.com\/wp-content\/uploads\/sites\/2\/2026\/04\/image3-4-aspect-ratio-1400-788.jpg\" \/>\n\t<meta property=\"og:image:width\" content=\"1080\" \/>\n\t<meta property=\"og:image:height\" content=\"608\" \/>\n\t<meta property=\"og:image:type\" content=\"image\/jpeg\" \/>\n<meta name=\"author\" content=\"Andreas Haug\" \/>\n<meta name=\"twitter:card\" content=\"summary_large_image\" \/>\n<meta name=\"twitter:label1\" content=\"Escrito por\" \/>\n\t<meta name=\"twitter:data1\" content=\"Andreas Haug\" \/>\n\t<meta name=\"twitter:label2\" content=\"Tempo estimado de leitura\" \/>\n\t<meta name=\"twitter:data2\" content=\"2 minutos\" \/>\n<script type=\"application\/ld+json\" class=\"yoast-schema-graph\">{\"@context\":\"https:\\\/\\\/schema.org\",\"@graph\":[{\"@type\":\"Article\",\"@id\":\"https:\\\/\\\/transportjournal.com\\\/pt-pt\\\/2026\\\/04\\\/29\\\/dp-world-se-torna-parceiro-logistico-da-porsche\\\/#article\",\"isPartOf\":{\"@id\":\"https:\\\/\\\/transportjournal.com\\\/pt-pt\\\/2026\\\/04\\\/29\\\/dp-world-se-torna-parceiro-logistico-da-porsche\\\/\"},\"author\":{\"name\":\"Andreas Haug\",\"@id\":\"https:\\\/\\\/transportjournal.com\\\/pt-pt\\\/#\\\/schema\\\/person\\\/cf538b3157f15afd7589245a4b3dbd25\"},\"headline\":\"DP World se torna parceiro log\u00edstico da Porsche\",\"datePublished\":\"2026-04-29T15:17:40+00:00\",\"dateModified\":\"2026-04-29T15:37:02+00:00\",\"mainEntityOfPage\":{\"@id\":\"https:\\\/\\\/transportjournal.com\\\/pt-pt\\\/2026\\\/04\\\/29\\\/dp-world-se-torna-parceiro-logistico-da-porsche\\\/\"},\"wordCount\":475,\"commentCount\":0,\"publisher\":{\"@id\":\"https:\\\/\\\/transportjournal.com\\\/pt-pt\\\/#organization\"},\"image\":{\"@id\":\"https:\\\/\\\/transportjournal.com\\\/pt-pt\\\/2026\\\/04\\\/29\\\/dp-world-se-torna-parceiro-logistico-da-porsche\\\/#primaryimage\"},\"thumbnailUrl\":\"https:\\\/\\\/transportjournal.com\\\/wp-content\\\/uploads\\\/sites\\\/2\\\/2026\\\/04\\\/image3-4-aspect-ratio-1400-788.jpg\",\"keywords\":[\"Automobillogistik\",\"Automotive logistics\",\"Berlin E-Prix\",\"centre de production de Leipzig\",\"cha\u00eene d'approvisionnement\",\"commerce mondial\",\"customer relationships\",\"Deutsch DP World\",\"electric vehicles\",\"\u00e9lectromobilit\u00e9\",\"electromobility\",\"Elektrofahrzeuge\",\"Elektromobilit\u00e4t\",\"\u00e9nergies renouvelables\",\"engineering excellence Fran\u00e7ais DP World\",\"erneuerbare Energien\",\"excellence en ing\u00e9nierie\",\"Formel E\",\"Formula E\",\"Formule E\",\"global trade\",\"globaler Handel\",\"industrie du transport\",\"Ingenieurskunst English DP World\",\"intelligente Logistik\",\"Kundenbeziehungen\",\"Leipzig production center\",\"Lieferkette\",\"logistics partner\",\"logistics service providers\",\"Logistikdienstleister\",\"Logistikpartner\",\"Logistique automobile\",\"logistique intelligente\",\"mobilit\u00e9 durable\",\"nachhaltige Mobilit\u00e4t\",\"partenaire logistique\",\"Porsche\",\"portefeuille sportif\",\"Pr\u00e4zision im Motorsport\",\"pr\u00e9cision en sport automobile\",\"precision in motorsport\",\"prestataires de services logistiques\",\"Produktionszentrum Leipzig\",\"relations clients\",\"renewable energy\",\"smart logistics\",\"Sportportfolio\",\"sports portfolio\",\"Supply Chain\",\"sustainable mobility\",\"transport industry\",\"Transportwirtschaft\",\"v\u00e9hicules \u00e9lectriques\"],\"articleSection\":[\"Deutschland\",\"Europa\",\"Expedi\u00e7\u00e3o de Mercadorias e Log\u00edstica\",\"M\u00e9dio Oriente\"],\"inLanguage\":\"pt-PT\",\"potentialAction\":[{\"@type\":\"CommentAction\",\"name\":\"Comment\",\"target\":[\"https:\\\/\\\/transportjournal.com\\\/pt-pt\\\/2026\\\/04\\\/29\\\/dp-world-se-torna-parceiro-logistico-da-porsche\\\/#respond\"]}]},{\"@type\":\"WebPage\",\"@id\":\"https:\\\/\\\/transportjournal.com\\\/pt-pt\\\/2026\\\/04\\\/29\\\/dp-world-se-torna-parceiro-logistico-da-porsche\\\/\",\"url\":\"https:\\\/\\\/transportjournal.com\\\/pt-pt\\\/2026\\\/04\\\/29\\\/dp-world-se-torna-parceiro-logistico-da-porsche\\\/\",\"name\":\"DP World se torna parceiro log\u00edstico da Porsche - ITJ | International Transport Journal\",\"isPartOf\":{\"@id\":\"https:\\\/\\\/transportjournal.com\\\/pt-pt\\\/#website\"},\"primaryImageOfPage\":{\"@id\":\"https:\\\/\\\/transportjournal.com\\\/pt-pt\\\/2026\\\/04\\\/29\\\/dp-world-se-torna-parceiro-logistico-da-porsche\\\/#primaryimage\"},\"image\":{\"@id\":\"https:\\\/\\\/transportjournal.com\\\/pt-pt\\\/2026\\\/04\\\/29\\\/dp-world-se-torna-parceiro-logistico-da-porsche\\\/#primaryimage\"},\"thumbnailUrl\":\"https:\\\/\\\/transportjournal.com\\\/wp-content\\\/uploads\\\/sites\\\/2\\\/2026\\\/04\\\/image3-4-aspect-ratio-1400-788.jpg\",\"datePublished\":\"2026-04-29T15:17:40+00:00\",\"dateModified\":\"2026-04-29T15:37:02+00:00\",\"breadcrumb\":{\"@id\":\"https:\\\/\\\/transportjournal.com\\\/pt-pt\\\/2026\\\/04\\\/29\\\/dp-world-se-torna-parceiro-logistico-da-porsche\\\/#breadcrumb\"},\"inLanguage\":\"pt-PT\",\"potentialAction\":[{\"@type\":\"ReadAction\",\"target\":[\"https:\\\/\\\/transportjournal.com\\\/pt-pt\\\/2026\\\/04\\\/29\\\/dp-world-se-torna-parceiro-logistico-da-porsche\\\/\"]}]},{\"@type\":\"ImageObject\",\"inLanguage\":\"pt-PT\",\"@id\":\"https:\\\/\\\/transportjournal.com\\\/pt-pt\\\/2026\\\/04\\\/29\\\/dp-world-se-torna-parceiro-logistico-da-porsche\\\/#primaryimage\",\"url\":\"https:\\\/\\\/transportjournal.com\\\/wp-content\\\/uploads\\\/sites\\\/2\\\/2026\\\/04\\\/image3-4-aspect-ratio-1400-788.jpg\",\"contentUrl\":\"https:\\\/\\\/transportjournal.com\\\/wp-content\\\/uploads\\\/sites\\\/2\\\/2026\\\/04\\\/image3-4-aspect-ratio-1400-788.jpg\",\"width\":1080,\"height\":608},{\"@type\":\"BreadcrumbList\",\"@id\":\"https:\\\/\\\/transportjournal.com\\\/pt-pt\\\/2026\\\/04\\\/29\\\/dp-world-se-torna-parceiro-logistico-da-porsche\\\/#breadcrumb\",\"itemListElement\":[{\"@type\":\"ListItem\",\"position\":1,\"name\":\"Startseite\",\"item\":\"https:\\\/\\\/transportjournal.com\\\/pt-pt\\\/\"},{\"@type\":\"ListItem\",\"position\":2,\"name\":\"DP World se torna parceiro log\u00edstico da Porsche\"}]},{\"@type\":\"WebSite\",\"@id\":\"https:\\\/\\\/transportjournal.com\\\/pt-pt\\\/#website\",\"url\":\"https:\\\/\\\/transportjournal.com\\\/pt-pt\\\/\",\"name\":\"ITJ | International Transport Journal\",\"description\":\"Stay informed with the latest global news from the transport, logistics, and supply chain industries. Transport Journal delivers expert insights, analysis, and updates across shipping, aviation, intermodal, and forwarding.\",\"publisher\":{\"@id\":\"https:\\\/\\\/transportjournal.com\\\/pt-pt\\\/#organization\"},\"potentialAction\":[{\"@type\":\"SearchAction\",\"target\":{\"@type\":\"EntryPoint\",\"urlTemplate\":\"https:\\\/\\\/transportjournal.com\\\/pt-pt\\\/?s={search_term_string}\"},\"query-input\":{\"@type\":\"PropertyValueSpecification\",\"valueRequired\":true,\"valueName\":\"search_term_string\"}}],\"inLanguage\":\"pt-PT\"},{\"@type\":\"Organization\",\"@id\":\"https:\\\/\\\/transportjournal.com\\\/pt-pt\\\/#organization\",\"name\":\"Logismedia Group AG\",\"alternateName\":\"Logismedia Group AG\",\"url\":\"https:\\\/\\\/transportjournal.com\\\/pt-pt\\\/\",\"logo\":{\"@type\":\"ImageObject\",\"inLanguage\":\"pt-PT\",\"@id\":\"https:\\\/\\\/transportjournal.com\\\/pt-pt\\\/#\\\/schema\\\/logo\\\/image\\\/\",\"url\":\"https:\\\/\\\/transportjournal.com\\\/wp-content\\\/uploads\\\/sites\\\/2\\\/2025\\\/09\\\/Logo_ITJ.png\",\"contentUrl\":\"https:\\\/\\\/transportjournal.com\\\/wp-content\\\/uploads\\\/sites\\\/2\\\/2025\\\/09\\\/Logo_ITJ.png\",\"width\":799,\"height\":326,\"caption\":\"Logismedia Group AG\"},\"image\":{\"@id\":\"https:\\\/\\\/transportjournal.com\\\/pt-pt\\\/#\\\/schema\\\/logo\\\/image\\\/\"},\"sameAs\":[\"https:\\\/\\\/www.linkedin.com\\\/company\\\/56456496\\\/admin\\\/dashboard\\\/\",\"https:\\\/\\\/www.instagram.com\\\/logismediagroup\\\/\",\"https:\\\/\\\/www.youtube.com\\\/@LogiamediaGroupAG\"]},{\"@type\":\"Person\",\"@id\":\"https:\\\/\\\/transportjournal.com\\\/pt-pt\\\/#\\\/schema\\\/person\\\/cf538b3157f15afd7589245a4b3dbd25\",\"name\":\"Andreas Haug\",\"url\":\"https:\\\/\\\/transportjournal.com\\\/pt-pt\\\/author\\\/andreas\\\/\"}]}<\/script>\n<!-- \/ Yoast SEO plugin. -->","yoast_head_json":{"title":"DP World se torna parceiro log\u00edstico da Porsche - ITJ | International Transport Journal","robots":{"index":"index","follow":"follow","max-snippet":"max-snippet:-1","max-image-preview":"max-image-preview:large","max-video-preview":"max-video-preview:-1"},"canonical":"https:\/\/transportjournal.com\/pt-pt\/2026\/04\/29\/dp-world-se-torna-parceiro-logistico-da-porsche\/","og_locale":"pt_PT","og_type":"article","og_title":"DP World se torna parceiro log\u00edstico da Porsche - ITJ | International Transport Journal","og_description":"A DP World foi nomeada como parceira log\u00edstica oficial da equipe Porsche Formula E, para promover a mobilidade sustent\u00e1vel e solu\u00e7\u00f5es inovadoras na log\u00edstica automotiva.","og_url":"https:\/\/transportjournal.com\/pt-pt\/2026\/04\/29\/dp-world-se-torna-parceiro-logistico-da-porsche\/","og_site_name":"ITJ | International Transport Journal","article_published_time":"2026-04-29T15:17:40+00:00","article_modified_time":"2026-04-29T15:37:02+00:00","og_image":[{"width":1080,"height":608,"url":"https:\/\/transportjournal.com\/wp-content\/uploads\/sites\/2\/2026\/04\/image3-4-aspect-ratio-1400-788.jpg","type":"image\/jpeg"}],"author":"Andreas Haug","twitter_card":"summary_large_image","twitter_misc":{"Escrito por":"Andreas Haug","Tempo estimado de leitura":"2 minutos"},"schema":{"@context":"https:\/\/schema.org","@graph":[{"@type":"Article","@id":"https:\/\/transportjournal.com\/pt-pt\/2026\/04\/29\/dp-world-se-torna-parceiro-logistico-da-porsche\/#article","isPartOf":{"@id":"https:\/\/transportjournal.com\/pt-pt\/2026\/04\/29\/dp-world-se-torna-parceiro-logistico-da-porsche\/"},"author":{"name":"Andreas Haug","@id":"https:\/\/transportjournal.com\/pt-pt\/#\/schema\/person\/cf538b3157f15afd7589245a4b3dbd25"},"headline":"DP World se torna parceiro log\u00edstico da Porsche","datePublished":"2026-04-29T15:17:40+00:00","dateModified":"2026-04-29T15:37:02+00:00","mainEntityOfPage":{"@id":"https:\/\/transportjournal.com\/pt-pt\/2026\/04\/29\/dp-world-se-torna-parceiro-logistico-da-porsche\/"},"wordCount":475,"commentCount":0,"publisher":{"@id":"https:\/\/transportjournal.com\/pt-pt\/#organization"},"image":{"@id":"https:\/\/transportjournal.com\/pt-pt\/2026\/04\/29\/dp-world-se-torna-parceiro-logistico-da-porsche\/#primaryimage"},"thumbnailUrl":"https:\/\/transportjournal.com\/wp-content\/uploads\/sites\/2\/2026\/04\/image3-4-aspect-ratio-1400-788.jpg","keywords":["Automobillogistik","Automotive logistics","Berlin E-Prix","centre de production de Leipzig","cha\u00eene d'approvisionnement","commerce mondial","customer relationships","Deutsch DP World","electric vehicles","\u00e9lectromobilit\u00e9","electromobility","Elektrofahrzeuge","Elektromobilit\u00e4t","\u00e9nergies renouvelables","engineering excellence Fran\u00e7ais DP World","erneuerbare Energien","excellence en ing\u00e9nierie","Formel E","Formula E","Formule E","global trade","globaler Handel","industrie du transport","Ingenieurskunst English DP World","intelligente Logistik","Kundenbeziehungen","Leipzig production center","Lieferkette","logistics partner","logistics service providers","Logistikdienstleister","Logistikpartner","Logistique automobile","logistique intelligente","mobilit\u00e9 durable","nachhaltige Mobilit\u00e4t","partenaire logistique","Porsche","portefeuille sportif","Pr\u00e4zision im Motorsport","pr\u00e9cision en sport automobile","precision in motorsport","prestataires de services logistiques","Produktionszentrum Leipzig","relations clients","renewable energy","smart logistics","Sportportfolio","sports portfolio","Supply Chain","sustainable mobility","transport industry","Transportwirtschaft","v\u00e9hicules \u00e9lectriques"],"articleSection":["Deutschland","Europa","Expedi\u00e7\u00e3o de Mercadorias e Log\u00edstica","M\u00e9dio Oriente"],"inLanguage":"pt-PT","potentialAction":[{"@type":"CommentAction","name":"Comment","target":["https:\/\/transportjournal.com\/pt-pt\/2026\/04\/29\/dp-world-se-torna-parceiro-logistico-da-porsche\/#respond"]}]},{"@type":"WebPage","@id":"https:\/\/transportjournal.com\/pt-pt\/2026\/04\/29\/dp-world-se-torna-parceiro-logistico-da-porsche\/","url":"https:\/\/transportjournal.com\/pt-pt\/2026\/04\/29\/dp-world-se-torna-parceiro-logistico-da-porsche\/","name":"DP World se torna parceiro log\u00edstico da Porsche - ITJ | International Transport Journal","isPartOf":{"@id":"https:\/\/transportjournal.com\/pt-pt\/#website"},"primaryImageOfPage":{"@id":"https:\/\/transportjournal.com\/pt-pt\/2026\/04\/29\/dp-world-se-torna-parceiro-logistico-da-porsche\/#primaryimage"},"image":{"@id":"https:\/\/transportjournal.com\/pt-pt\/2026\/04\/29\/dp-world-se-torna-parceiro-logistico-da-porsche\/#primaryimage"},"thumbnailUrl":"https:\/\/transportjournal.com\/wp-content\/uploads\/sites\/2\/2026\/04\/image3-4-aspect-ratio-1400-788.jpg","datePublished":"2026-04-29T15:17:40+00:00","dateModified":"2026-04-29T15:37:02+00:00","breadcrumb":{"@id":"https:\/\/transportjournal.com\/pt-pt\/2026\/04\/29\/dp-world-se-torna-parceiro-logistico-da-porsche\/#breadcrumb"},"inLanguage":"pt-PT","potentialAction":[{"@type":"ReadAction","target":["https:\/\/transportjournal.com\/pt-pt\/2026\/04\/29\/dp-world-se-torna-parceiro-logistico-da-porsche\/"]}]},{"@type":"ImageObject","inLanguage":"pt-PT","@id":"https:\/\/transportjournal.com\/pt-pt\/2026\/04\/29\/dp-world-se-torna-parceiro-logistico-da-porsche\/#primaryimage","url":"https:\/\/transportjournal.com\/wp-content\/uploads\/sites\/2\/2026\/04\/image3-4-aspect-ratio-1400-788.jpg","contentUrl":"https:\/\/transportjournal.com\/wp-content\/uploads\/sites\/2\/2026\/04\/image3-4-aspect-ratio-1400-788.jpg","width":1080,"height":608},{"@type":"BreadcrumbList","@id":"https:\/\/transportjournal.com\/pt-pt\/2026\/04\/29\/dp-world-se-torna-parceiro-logistico-da-porsche\/#breadcrumb","itemListElement":[{"@type":"ListItem","position":1,"name":"Startseite","item":"https:\/\/transportjournal.com\/pt-pt\/"},{"@type":"ListItem","position":2,"name":"DP World se torna parceiro log\u00edstico da Porsche"}]},{"@type":"WebSite","@id":"https:\/\/transportjournal.com\/pt-pt\/#website","url":"https:\/\/transportjournal.com\/pt-pt\/","name":"ITJ | International Transport Journal","description":"Stay informed with the latest global news from the transport, logistics, and supply chain industries. Transport Journal delivers expert insights, analysis, and updates across shipping, aviation, intermodal, and forwarding.","publisher":{"@id":"https:\/\/transportjournal.com\/pt-pt\/#organization"},"potentialAction":[{"@type":"SearchAction","target":{"@type":"EntryPoint","urlTemplate":"https:\/\/transportjournal.com\/pt-pt\/?s={search_term_string}"},"query-input":{"@type":"PropertyValueSpecification","valueRequired":true,"valueName":"search_term_string"}}],"inLanguage":"pt-PT"},{"@type":"Organization","@id":"https:\/\/transportjournal.com\/pt-pt\/#organization","name":"Logismedia Group AG","alternateName":"Logismedia Group AG","url":"https:\/\/transportjournal.com\/pt-pt\/","logo":{"@type":"ImageObject","inLanguage":"pt-PT","@id":"https:\/\/transportjournal.com\/pt-pt\/#\/schema\/logo\/image\/","url":"https:\/\/transportjournal.com\/wp-content\/uploads\/sites\/2\/2025\/09\/Logo_ITJ.png","contentUrl":"https:\/\/transportjournal.com\/wp-content\/uploads\/sites\/2\/2025\/09\/Logo_ITJ.png","width":799,"height":326,"caption":"Logismedia Group AG"},"image":{"@id":"https:\/\/transportjournal.com\/pt-pt\/#\/schema\/logo\/image\/"},"sameAs":["https:\/\/www.linkedin.com\/company\/56456496\/admin\/dashboard\/","https:\/\/www.instagram.com\/logismediagroup\/","https:\/\/www.youtube.com\/@LogiamediaGroupAG"]},{"@type":"Person","@id":"https:\/\/transportjournal.com\/pt-pt\/#\/schema\/person\/cf538b3157f15afd7589245a4b3dbd25","name":"Andreas Haug","url":"https:\/\/transportjournal.com\/pt-pt\/author\/andreas\/"}]}},"_links":{"self":[{"href":"https:\/\/transportjournal.com\/pt-pt\/wp-json\/wp\/v2\/posts\/87373","targetHints":{"allow":["GET"]}}],"collection":[{"href":"https:\/\/transportjournal.com\/pt-pt\/wp-json\/wp\/v2\/posts"}],"about":[{"href":"https:\/\/transportjournal.com\/pt-pt\/wp-json\/wp\/v2\/types\/post"}],"author":[{"embeddable":true,"href":"https:\/\/transportjournal.com\/pt-pt\/wp-json\/wp\/v2\/users\/12"}],"replies":[{"embeddable":true,"href":"https:\/\/transportjournal.com\/pt-pt\/wp-json\/wp\/v2\/comments?post=87373"}],"version-history":[{"count":2,"href":"https:\/\/transportjournal.com\/pt-pt\/wp-json\/wp\/v2\/posts\/87373\/revisions"}],"predecessor-version":[{"id":87395,"href":"https:\/\/transportjournal.com\/pt-pt\/wp-json\/wp\/v2\/posts\/87373\/revisions\/87395"}],"wp:featuredmedia":[{"embeddable":true,"href":"https:\/\/transportjournal.com\/pt-pt\/wp-json\/wp\/v2\/media\/87368"}],"wp:attachment":[{"href":"https:\/\/transportjournal.com\/pt-pt\/wp-json\/wp\/v2\/media?parent=87373"}],"wp:term":[{"taxonomy":"category","embeddable":true,"href":"https:\/\/transportjournal.com\/pt-pt\/wp-json\/wp\/v2\/categories?post=87373"},{"taxonomy":"post_tag","embeddable":true,"href":"https:\/\/transportjournal.com\/pt-pt\/wp-json\/wp\/v2\/tags?post=87373"}],"curies":[{"name":"wp","href":"https:\/\/api.w.org\/{rel}","templated":true}]}}