{"id":87290,"date":"2026-04-29T10:37:12","date_gmt":"2026-04-29T10:37:12","guid":{"rendered":"https:\/\/transportjournal.com\/2026\/04\/29\/primeiros-ministros-discutem-infraestrutura-de-fronteira-entre-a-polonia-e-a-ucrania\/"},"modified":"2026-04-29T10:37:12","modified_gmt":"2026-04-29T10:37:12","slug":"primeiros-ministros-discutem-infraestrutura-de-fronteira-entre-a-polonia-e-a-ucrania","status":"publish","type":"post","link":"https:\/\/transportjournal.com\/pt-pt\/2026\/04\/29\/primeiros-ministros-discutem-infraestrutura-de-fronteira-entre-a-polonia-e-a-ucrania\/","title":{"rendered":"Primeiros-ministros discutem infraestrutura de fronteira entre a Pol\u00f4nia e a Ucr\u00e2nia"},"content":{"rendered":"<p>Durante uma visita de trabalho \u00e0 Pol\u00f4nia, a primeira-ministra ucraniana Yuliia Svyrydenko se reuniu com seu colega polon\u00eas Donald Tusk. O foco das conversas foi o aprofundamento da coopera\u00e7\u00e3o nas \u00e1reas de infraestrutura de fronteira, log\u00edstica e transporte rodovi\u00e1rio. O encontro ocorreu em Rzesz\u00f3w, uma cidade que se tornou um importante centro log\u00edstico desde o in\u00edcio da invas\u00e3o na Ucr\u00e2nia, conforme informa o Minist\u00e9rio do Desenvolvimento das Comunidades e Territ\u00f3rios da Ucr\u00e2nia.<\/p>\n<h3>Foco na infraestrutura de fronteira<\/h3>\n<p>Um tema central das negocia\u00e7\u00f5es foi o desenvolvimento da infraestrutura de fronteira, bem como a melhoria da efici\u00eancia nos procedimentos de passagem de fronteira. As duas partes discutiram, em particular, os preparativos para um acordo de controle conjunto nos pontos de passagem de fronteira. Isso deve reduzir os tempos de travessia, aliviar a infraestrutura e criar condi\u00e7\u00f5es mais previs\u00edveis para os prestadores de servi\u00e7os.<\/p>\n<p>Outro ponto das conversas foi a registro de prestadores ucranianos no sistema polon\u00eas SENT\/RMPD, onde quest\u00f5es t\u00e9cnicas devem ser esclarecidas. Essa medida \u00e9, segundo o minist\u00e9rio, crucial para garantir o funcionamento das empresas de transporte ucranianas no mercado da UE e evitar atrasos adicionais.<\/p>\n<p><a href=\"https:\/\/mindev.gov.ua\/\" target=\"_blank\" rel=\"noopener noreferrer\">www.mindev.gov.ua<\/a><\/p>\n","protected":false},"excerpt":{"rendered":"<p>A primeira-ministra ucraniana Yuliia Svyrydenko e seu hom\u00f3logo polon\u00eas Donald Tusk discutiram em Rzesz\u00f3w a melhoria da infraestrutura de fronteira.<\/p>\n","protected":false},"author":10,"featured_media":87285,"comment_status":"open","ping_status":"","sticky":false,"template":"","format":"standard","meta":{"_acf_changed":false,"footnotes":""},"categories":[1623,1616],"tags":[43456,43457,5246,43458,3739,3353,3354,43459,43460,43461,43462,43463,43464,5136,43465,43466,43467,2858,3745,2075,5148,5256,43468,43469,43470,43471,43472,43473,43474,5112,3379,5151,43475,43476,43477,43478,43479,43480,43481,5119,43482,5120,43483,2889,43484,43485,2890,43486,43487,43488,43489],"class_list":["post-87290","post","type-post","status-publish","format-standard","has-post-thumbnail","hentry","category-europa","category-intermodal-rodoviario","tag-border-crossing-procedures","tag-border-crossings-poland-ukraine","tag-cooperation-logistique","tag-deutsch-grenzinfrastruktur","tag-developpement-des-infrastructures","tag-digitalisierung-logistik","tag-digitalization-logistics","tag-efficacite-controle-frontalier","tag-efficiency-border-control","tag-effizienz-grenzkontrolle","tag-entreprises-de-transport-ukrainiennes","tag-eu-market-transport-companies","tag-eu-markt-transportunternehmen","tag-fachkraeftemangel-transport","tag-grenzuebergaenge-polen-ukraine","tag-grenzuebertrittsverfahren","tag-hub-logistique-rzeszow","tag-industrie-du-transport-europe","tag-infrastructure-development","tag-infrastrukturentwicklung","tag-labor-shortage-transport","tag-logistics-cooperation","tag-logistics-poland-ukraine","tag-logistik-polen-ukraine","tag-logistique-pologne-ukraine","tag-marche-de-lue-entreprises-de-transport","tag-ministere-du-developpement","tag-ministerium-fuer-entwicklung","tag-ministry-of-development","tag-nachhaltige-logistikloesungen","tag-numerisation-logistique","tag-penurie-de-main-doeuvre-transport","tag-planification-des-transports-europe","tag-points-de-passage-pologne-ukraine","tag-procedures-de-passage-de-frontiere","tag-road-transport-poland","tag-rzeszow-logistics-hub","tag-rzeszow-logistikzentrum","tag-sent-rmpd-system","tag-solutions-logistiques-durables","tag-strassenverkehr-polen","tag-sustainable-logistics-solutions","tag-systeme-sent-rmpd","tag-transport-industry-europe","tag-transport-planning-europe-francais-infrastructure-frontaliere","tag-transport-routier-pologne","tag-transportwirtschaft-europa","tag-ukrainian-transport-companies","tag-ukrainische-transportunternehmen","tag-verkehrsplanung-europa-english-border-infrastructure","tag-zusammenarbeit-logistik"],"acf":[],"yoast_head":"<!-- This site is optimized with the Yoast SEO plugin v27.3 - https:\/\/yoast.com\/product\/yoast-seo-wordpress\/ -->\n<title>Primeiros-ministros discutem infraestrutura de fronteira entre a Pol\u00f4nia e a Ucr\u00e2nia - ITJ | International Transport Journal<\/title>\n<meta name=\"robots\" content=\"index, follow, max-snippet:-1, max-image-preview:large, max-video-preview:-1\" \/>\n<link rel=\"canonical\" href=\"https:\/\/transportjournal.com\/pt-pt\/2026\/04\/29\/primeiros-ministros-discutem-infraestrutura-de-fronteira-entre-a-polonia-e-a-ucrania\/\" \/>\n<meta property=\"og:locale\" content=\"pt_PT\" \/>\n<meta property=\"og:type\" content=\"article\" \/>\n<meta property=\"og:title\" content=\"Primeiros-ministros discutem infraestrutura de fronteira entre a Pol\u00f4nia e a Ucr\u00e2nia - ITJ | International Transport Journal\" \/>\n<meta property=\"og:description\" content=\"A primeira-ministra ucraniana Yuliia Svyrydenko e seu hom\u00f3logo polon\u00eas Donald Tusk discutiram em Rzesz\u00f3w a melhoria da infraestrutura de fronteira.\" \/>\n<meta property=\"og:url\" content=\"https:\/\/transportjournal.com\/pt-pt\/2026\/04\/29\/primeiros-ministros-discutem-infraestrutura-de-fronteira-entre-a-polonia-e-a-ucrania\/\" \/>\n<meta property=\"og:site_name\" content=\"ITJ | International Transport Journal\" \/>\n<meta property=\"article:published_time\" content=\"2026-04-29T10:37:12+00:00\" \/>\n<meta property=\"og:image\" content=\"https:\/\/transportjournal.com\/wp-content\/uploads\/sites\/2\/2026\/04\/AdobeStock_550205599-scaled-aspect-ratio-1400-788-scaled-1.jpeg\" \/>\n\t<meta property=\"og:image:width\" content=\"2560\" \/>\n\t<meta property=\"og:image:height\" content=\"1441\" \/>\n\t<meta property=\"og:image:type\" content=\"image\/jpeg\" \/>\n<meta name=\"author\" content=\"Jeremy Soland\" \/>\n<meta name=\"twitter:card\" content=\"summary_large_image\" \/>\n<meta name=\"twitter:label1\" content=\"Escrito por\" \/>\n\t<meta name=\"twitter:data1\" content=\"Jeremy Soland\" \/>\n\t<meta name=\"twitter:label2\" content=\"Tempo estimado de leitura\" \/>\n\t<meta name=\"twitter:data2\" content=\"1 minuto\" \/>\n<script type=\"application\/ld+json\" class=\"yoast-schema-graph\">{\"@context\":\"https:\\\/\\\/schema.org\",\"@graph\":[{\"@type\":\"Article\",\"@id\":\"https:\\\/\\\/transportjournal.com\\\/pt-pt\\\/2026\\\/04\\\/29\\\/primeiros-ministros-discutem-infraestrutura-de-fronteira-entre-a-polonia-e-a-ucrania\\\/#article\",\"isPartOf\":{\"@id\":\"https:\\\/\\\/transportjournal.com\\\/pt-pt\\\/2026\\\/04\\\/29\\\/primeiros-ministros-discutem-infraestrutura-de-fronteira-entre-a-polonia-e-a-ucrania\\\/\"},\"author\":{\"name\":\"Jeremy Soland\",\"@id\":\"https:\\\/\\\/transportjournal.com\\\/pt-pt\\\/#\\\/schema\\\/person\\\/41d36b5474b623392fa613e97e2363fa\"},\"headline\":\"Primeiros-ministros discutem infraestrutura de fronteira entre a Pol\u00f4nia e a Ucr\u00e2nia\",\"datePublished\":\"2026-04-29T10:37:12+00:00\",\"mainEntityOfPage\":{\"@id\":\"https:\\\/\\\/transportjournal.com\\\/pt-pt\\\/2026\\\/04\\\/29\\\/primeiros-ministros-discutem-infraestrutura-de-fronteira-entre-a-polonia-e-a-ucrania\\\/\"},\"wordCount\":223,\"commentCount\":0,\"publisher\":{\"@id\":\"https:\\\/\\\/transportjournal.com\\\/pt-pt\\\/#organization\"},\"image\":{\"@id\":\"https:\\\/\\\/transportjournal.com\\\/pt-pt\\\/2026\\\/04\\\/29\\\/primeiros-ministros-discutem-infraestrutura-de-fronteira-entre-a-polonia-e-a-ucrania\\\/#primaryimage\"},\"thumbnailUrl\":\"https:\\\/\\\/transportjournal.com\\\/wp-content\\\/uploads\\\/sites\\\/2\\\/2026\\\/04\\\/AdobeStock_550205599-scaled-aspect-ratio-1400-788-scaled-1.jpeg\",\"keywords\":[\"border crossing procedures\",\"border crossings Poland Ukraine\",\"coop\u00e9ration logistique\",\"Deutsch Grenzinfrastruktur\",\"d\u00e9veloppement des infrastructures\",\"Digitalisierung Logistik\",\"digitalization logistics\",\"efficacit\u00e9 contr\u00f4le frontalier\",\"efficiency border control\",\"Effizienz Grenzkontrolle\",\"entreprises de transport ukrainiennes\",\"EU market transport companies\",\"EU-Markt Transportunternehmen\",\"Fachkr\u00e4ftemangel Transport\",\"Grenz\u00fcberg\u00e4nge Polen Ukraine\",\"Grenz\u00fcbertrittsverfahren\",\"hub logistique Rzesz\u00f3w\",\"industrie du transport Europe\",\"infrastructure development\",\"Infrastrukturentwicklung\",\"labor shortage transport\",\"logistics cooperation\",\"logistics Poland Ukraine\",\"Logistik Polen Ukraine\",\"logistique Pologne Ukraine\",\"march\u00e9 de l'UE entreprises de transport\",\"minist\u00e8re du D\u00e9veloppement\",\"Ministerium f\u00fcr Entwicklung\",\"Ministry of Development\",\"nachhaltige Logistikl\u00f6sungen\",\"num\u00e9risation logistique\",\"p\u00e9nurie de main-d'\u0153uvre transport\",\"planification des transports Europe\",\"points de passage Pologne Ukraine\",\"proc\u00e9dures de passage de fronti\u00e8re\",\"road transport Poland\",\"Rzesz\u00f3w logistics hub\",\"Rzesz\u00f3w Logistikzentrum\",\"SENT\\\/RMPD-System\",\"solutions logistiques durables\",\"Stra\u00dfenverkehr Polen\",\"sustainable logistics solutions\",\"syst\u00e8me SENT\\\/RMPD\",\"transport industry Europe\",\"transport planning Europe Fran\u00e7ais Infrastructure frontali\u00e8re\",\"transport routier Pologne\",\"Transportwirtschaft Europa\",\"Ukrainian transport companies\",\"ukrainische Transportunternehmen\",\"Verkehrsplanung Europa English Border infrastructure\",\"Zusammenarbeit Logistik\"],\"articleSection\":[\"Europa\",\"Intermodal \\\/ Rodovi\u00e1rio\"],\"inLanguage\":\"pt-PT\",\"potentialAction\":[{\"@type\":\"CommentAction\",\"name\":\"Comment\",\"target\":[\"https:\\\/\\\/transportjournal.com\\\/pt-pt\\\/2026\\\/04\\\/29\\\/primeiros-ministros-discutem-infraestrutura-de-fronteira-entre-a-polonia-e-a-ucrania\\\/#respond\"]}]},{\"@type\":\"WebPage\",\"@id\":\"https:\\\/\\\/transportjournal.com\\\/pt-pt\\\/2026\\\/04\\\/29\\\/primeiros-ministros-discutem-infraestrutura-de-fronteira-entre-a-polonia-e-a-ucrania\\\/\",\"url\":\"https:\\\/\\\/transportjournal.com\\\/pt-pt\\\/2026\\\/04\\\/29\\\/primeiros-ministros-discutem-infraestrutura-de-fronteira-entre-a-polonia-e-a-ucrania\\\/\",\"name\":\"Primeiros-ministros discutem infraestrutura de fronteira entre a Pol\u00f4nia e a Ucr\u00e2nia - ITJ | International Transport Journal\",\"isPartOf\":{\"@id\":\"https:\\\/\\\/transportjournal.com\\\/pt-pt\\\/#website\"},\"primaryImageOfPage\":{\"@id\":\"https:\\\/\\\/transportjournal.com\\\/pt-pt\\\/2026\\\/04\\\/29\\\/primeiros-ministros-discutem-infraestrutura-de-fronteira-entre-a-polonia-e-a-ucrania\\\/#primaryimage\"},\"image\":{\"@id\":\"https:\\\/\\\/transportjournal.com\\\/pt-pt\\\/2026\\\/04\\\/29\\\/primeiros-ministros-discutem-infraestrutura-de-fronteira-entre-a-polonia-e-a-ucrania\\\/#primaryimage\"},\"thumbnailUrl\":\"https:\\\/\\\/transportjournal.com\\\/wp-content\\\/uploads\\\/sites\\\/2\\\/2026\\\/04\\\/AdobeStock_550205599-scaled-aspect-ratio-1400-788-scaled-1.jpeg\",\"datePublished\":\"2026-04-29T10:37:12+00:00\",\"breadcrumb\":{\"@id\":\"https:\\\/\\\/transportjournal.com\\\/pt-pt\\\/2026\\\/04\\\/29\\\/primeiros-ministros-discutem-infraestrutura-de-fronteira-entre-a-polonia-e-a-ucrania\\\/#breadcrumb\"},\"inLanguage\":\"pt-PT\",\"potentialAction\":[{\"@type\":\"ReadAction\",\"target\":[\"https:\\\/\\\/transportjournal.com\\\/pt-pt\\\/2026\\\/04\\\/29\\\/primeiros-ministros-discutem-infraestrutura-de-fronteira-entre-a-polonia-e-a-ucrania\\\/\"]}]},{\"@type\":\"ImageObject\",\"inLanguage\":\"pt-PT\",\"@id\":\"https:\\\/\\\/transportjournal.com\\\/pt-pt\\\/2026\\\/04\\\/29\\\/primeiros-ministros-discutem-infraestrutura-de-fronteira-entre-a-polonia-e-a-ucrania\\\/#primaryimage\",\"url\":\"https:\\\/\\\/transportjournal.com\\\/wp-content\\\/uploads\\\/sites\\\/2\\\/2026\\\/04\\\/AdobeStock_550205599-scaled-aspect-ratio-1400-788-scaled-1.jpeg\",\"contentUrl\":\"https:\\\/\\\/transportjournal.com\\\/wp-content\\\/uploads\\\/sites\\\/2\\\/2026\\\/04\\\/AdobeStock_550205599-scaled-aspect-ratio-1400-788-scaled-1.jpeg\",\"width\":2560,\"height\":1441},{\"@type\":\"BreadcrumbList\",\"@id\":\"https:\\\/\\\/transportjournal.com\\\/pt-pt\\\/2026\\\/04\\\/29\\\/primeiros-ministros-discutem-infraestrutura-de-fronteira-entre-a-polonia-e-a-ucrania\\\/#breadcrumb\",\"itemListElement\":[{\"@type\":\"ListItem\",\"position\":1,\"name\":\"Startseite\",\"item\":\"https:\\\/\\\/transportjournal.com\\\/pt-pt\\\/\"},{\"@type\":\"ListItem\",\"position\":2,\"name\":\"Primeiros-ministros discutem infraestrutura de fronteira entre a Pol\u00f4nia e a Ucr\u00e2nia\"}]},{\"@type\":\"WebSite\",\"@id\":\"https:\\\/\\\/transportjournal.com\\\/pt-pt\\\/#website\",\"url\":\"https:\\\/\\\/transportjournal.com\\\/pt-pt\\\/\",\"name\":\"ITJ | International Transport Journal\",\"description\":\"Stay informed with the latest global news from the transport, logistics, and supply chain industries. Transport Journal delivers expert insights, analysis, and updates across shipping, aviation, intermodal, and forwarding.\",\"publisher\":{\"@id\":\"https:\\\/\\\/transportjournal.com\\\/pt-pt\\\/#organization\"},\"potentialAction\":[{\"@type\":\"SearchAction\",\"target\":{\"@type\":\"EntryPoint\",\"urlTemplate\":\"https:\\\/\\\/transportjournal.com\\\/pt-pt\\\/?s={search_term_string}\"},\"query-input\":{\"@type\":\"PropertyValueSpecification\",\"valueRequired\":true,\"valueName\":\"search_term_string\"}}],\"inLanguage\":\"pt-PT\"},{\"@type\":\"Organization\",\"@id\":\"https:\\\/\\\/transportjournal.com\\\/pt-pt\\\/#organization\",\"name\":\"Logismedia Group AG\",\"alternateName\":\"Logismedia Group AG\",\"url\":\"https:\\\/\\\/transportjournal.com\\\/pt-pt\\\/\",\"logo\":{\"@type\":\"ImageObject\",\"inLanguage\":\"pt-PT\",\"@id\":\"https:\\\/\\\/transportjournal.com\\\/pt-pt\\\/#\\\/schema\\\/logo\\\/image\\\/\",\"url\":\"https:\\\/\\\/transportjournal.com\\\/wp-content\\\/uploads\\\/sites\\\/2\\\/2025\\\/09\\\/Logo_ITJ.png\",\"contentUrl\":\"https:\\\/\\\/transportjournal.com\\\/wp-content\\\/uploads\\\/sites\\\/2\\\/2025\\\/09\\\/Logo_ITJ.png\",\"width\":799,\"height\":326,\"caption\":\"Logismedia Group AG\"},\"image\":{\"@id\":\"https:\\\/\\\/transportjournal.com\\\/pt-pt\\\/#\\\/schema\\\/logo\\\/image\\\/\"},\"sameAs\":[\"https:\\\/\\\/www.linkedin.com\\\/company\\\/56456496\\\/admin\\\/dashboard\\\/\",\"https:\\\/\\\/www.instagram.com\\\/logismediagroup\\\/\",\"https:\\\/\\\/www.youtube.com\\\/@LogiamediaGroupAG\"]},{\"@type\":\"Person\",\"@id\":\"https:\\\/\\\/transportjournal.com\\\/pt-pt\\\/#\\\/schema\\\/person\\\/41d36b5474b623392fa613e97e2363fa\",\"name\":\"Jeremy Soland\",\"url\":\"https:\\\/\\\/transportjournal.com\\\/pt-pt\\\/author\\\/jeremy\\\/\"}]}<\/script>\n<!-- \/ Yoast SEO plugin. -->","yoast_head_json":{"title":"Primeiros-ministros discutem infraestrutura de fronteira entre a Pol\u00f4nia e a Ucr\u00e2nia - ITJ | International Transport Journal","robots":{"index":"index","follow":"follow","max-snippet":"max-snippet:-1","max-image-preview":"max-image-preview:large","max-video-preview":"max-video-preview:-1"},"canonical":"https:\/\/transportjournal.com\/pt-pt\/2026\/04\/29\/primeiros-ministros-discutem-infraestrutura-de-fronteira-entre-a-polonia-e-a-ucrania\/","og_locale":"pt_PT","og_type":"article","og_title":"Primeiros-ministros discutem infraestrutura de fronteira entre a Pol\u00f4nia e a Ucr\u00e2nia - ITJ | International Transport Journal","og_description":"A primeira-ministra ucraniana Yuliia Svyrydenko e seu hom\u00f3logo polon\u00eas Donald Tusk discutiram em Rzesz\u00f3w a melhoria da infraestrutura de fronteira.","og_url":"https:\/\/transportjournal.com\/pt-pt\/2026\/04\/29\/primeiros-ministros-discutem-infraestrutura-de-fronteira-entre-a-polonia-e-a-ucrania\/","og_site_name":"ITJ | International Transport Journal","article_published_time":"2026-04-29T10:37:12+00:00","og_image":[{"width":2560,"height":1441,"url":"https:\/\/transportjournal.com\/wp-content\/uploads\/sites\/2\/2026\/04\/AdobeStock_550205599-scaled-aspect-ratio-1400-788-scaled-1.jpeg","type":"image\/jpeg"}],"author":"Jeremy Soland","twitter_card":"summary_large_image","twitter_misc":{"Escrito por":"Jeremy Soland","Tempo estimado de leitura":"1 minuto"},"schema":{"@context":"https:\/\/schema.org","@graph":[{"@type":"Article","@id":"https:\/\/transportjournal.com\/pt-pt\/2026\/04\/29\/primeiros-ministros-discutem-infraestrutura-de-fronteira-entre-a-polonia-e-a-ucrania\/#article","isPartOf":{"@id":"https:\/\/transportjournal.com\/pt-pt\/2026\/04\/29\/primeiros-ministros-discutem-infraestrutura-de-fronteira-entre-a-polonia-e-a-ucrania\/"},"author":{"name":"Jeremy Soland","@id":"https:\/\/transportjournal.com\/pt-pt\/#\/schema\/person\/41d36b5474b623392fa613e97e2363fa"},"headline":"Primeiros-ministros discutem infraestrutura de fronteira entre a Pol\u00f4nia e a Ucr\u00e2nia","datePublished":"2026-04-29T10:37:12+00:00","mainEntityOfPage":{"@id":"https:\/\/transportjournal.com\/pt-pt\/2026\/04\/29\/primeiros-ministros-discutem-infraestrutura-de-fronteira-entre-a-polonia-e-a-ucrania\/"},"wordCount":223,"commentCount":0,"publisher":{"@id":"https:\/\/transportjournal.com\/pt-pt\/#organization"},"image":{"@id":"https:\/\/transportjournal.com\/pt-pt\/2026\/04\/29\/primeiros-ministros-discutem-infraestrutura-de-fronteira-entre-a-polonia-e-a-ucrania\/#primaryimage"},"thumbnailUrl":"https:\/\/transportjournal.com\/wp-content\/uploads\/sites\/2\/2026\/04\/AdobeStock_550205599-scaled-aspect-ratio-1400-788-scaled-1.jpeg","keywords":["border crossing procedures","border crossings Poland Ukraine","coop\u00e9ration logistique","Deutsch Grenzinfrastruktur","d\u00e9veloppement des infrastructures","Digitalisierung Logistik","digitalization logistics","efficacit\u00e9 contr\u00f4le frontalier","efficiency border control","Effizienz Grenzkontrolle","entreprises de transport ukrainiennes","EU market transport companies","EU-Markt Transportunternehmen","Fachkr\u00e4ftemangel Transport","Grenz\u00fcberg\u00e4nge Polen Ukraine","Grenz\u00fcbertrittsverfahren","hub logistique Rzesz\u00f3w","industrie du transport Europe","infrastructure development","Infrastrukturentwicklung","labor shortage transport","logistics cooperation","logistics Poland Ukraine","Logistik Polen Ukraine","logistique Pologne Ukraine","march\u00e9 de l'UE entreprises de transport","minist\u00e8re du D\u00e9veloppement","Ministerium f\u00fcr Entwicklung","Ministry of Development","nachhaltige Logistikl\u00f6sungen","num\u00e9risation logistique","p\u00e9nurie de main-d'\u0153uvre transport","planification des transports Europe","points de passage Pologne Ukraine","proc\u00e9dures de passage de fronti\u00e8re","road transport Poland","Rzesz\u00f3w logistics hub","Rzesz\u00f3w Logistikzentrum","SENT\/RMPD-System","solutions logistiques durables","Stra\u00dfenverkehr Polen","sustainable logistics solutions","syst\u00e8me SENT\/RMPD","transport industry Europe","transport planning Europe Fran\u00e7ais Infrastructure frontali\u00e8re","transport routier Pologne","Transportwirtschaft Europa","Ukrainian transport companies","ukrainische Transportunternehmen","Verkehrsplanung Europa English Border infrastructure","Zusammenarbeit Logistik"],"articleSection":["Europa","Intermodal \/ Rodovi\u00e1rio"],"inLanguage":"pt-PT","potentialAction":[{"@type":"CommentAction","name":"Comment","target":["https:\/\/transportjournal.com\/pt-pt\/2026\/04\/29\/primeiros-ministros-discutem-infraestrutura-de-fronteira-entre-a-polonia-e-a-ucrania\/#respond"]}]},{"@type":"WebPage","@id":"https:\/\/transportjournal.com\/pt-pt\/2026\/04\/29\/primeiros-ministros-discutem-infraestrutura-de-fronteira-entre-a-polonia-e-a-ucrania\/","url":"https:\/\/transportjournal.com\/pt-pt\/2026\/04\/29\/primeiros-ministros-discutem-infraestrutura-de-fronteira-entre-a-polonia-e-a-ucrania\/","name":"Primeiros-ministros discutem infraestrutura de fronteira entre a Pol\u00f4nia e a Ucr\u00e2nia - ITJ | International Transport Journal","isPartOf":{"@id":"https:\/\/transportjournal.com\/pt-pt\/#website"},"primaryImageOfPage":{"@id":"https:\/\/transportjournal.com\/pt-pt\/2026\/04\/29\/primeiros-ministros-discutem-infraestrutura-de-fronteira-entre-a-polonia-e-a-ucrania\/#primaryimage"},"image":{"@id":"https:\/\/transportjournal.com\/pt-pt\/2026\/04\/29\/primeiros-ministros-discutem-infraestrutura-de-fronteira-entre-a-polonia-e-a-ucrania\/#primaryimage"},"thumbnailUrl":"https:\/\/transportjournal.com\/wp-content\/uploads\/sites\/2\/2026\/04\/AdobeStock_550205599-scaled-aspect-ratio-1400-788-scaled-1.jpeg","datePublished":"2026-04-29T10:37:12+00:00","breadcrumb":{"@id":"https:\/\/transportjournal.com\/pt-pt\/2026\/04\/29\/primeiros-ministros-discutem-infraestrutura-de-fronteira-entre-a-polonia-e-a-ucrania\/#breadcrumb"},"inLanguage":"pt-PT","potentialAction":[{"@type":"ReadAction","target":["https:\/\/transportjournal.com\/pt-pt\/2026\/04\/29\/primeiros-ministros-discutem-infraestrutura-de-fronteira-entre-a-polonia-e-a-ucrania\/"]}]},{"@type":"ImageObject","inLanguage":"pt-PT","@id":"https:\/\/transportjournal.com\/pt-pt\/2026\/04\/29\/primeiros-ministros-discutem-infraestrutura-de-fronteira-entre-a-polonia-e-a-ucrania\/#primaryimage","url":"https:\/\/transportjournal.com\/wp-content\/uploads\/sites\/2\/2026\/04\/AdobeStock_550205599-scaled-aspect-ratio-1400-788-scaled-1.jpeg","contentUrl":"https:\/\/transportjournal.com\/wp-content\/uploads\/sites\/2\/2026\/04\/AdobeStock_550205599-scaled-aspect-ratio-1400-788-scaled-1.jpeg","width":2560,"height":1441},{"@type":"BreadcrumbList","@id":"https:\/\/transportjournal.com\/pt-pt\/2026\/04\/29\/primeiros-ministros-discutem-infraestrutura-de-fronteira-entre-a-polonia-e-a-ucrania\/#breadcrumb","itemListElement":[{"@type":"ListItem","position":1,"name":"Startseite","item":"https:\/\/transportjournal.com\/pt-pt\/"},{"@type":"ListItem","position":2,"name":"Primeiros-ministros discutem infraestrutura de fronteira entre a Pol\u00f4nia e a Ucr\u00e2nia"}]},{"@type":"WebSite","@id":"https:\/\/transportjournal.com\/pt-pt\/#website","url":"https:\/\/transportjournal.com\/pt-pt\/","name":"ITJ | International Transport Journal","description":"Stay informed with the latest global news from the transport, logistics, and supply chain industries. Transport Journal delivers expert insights, analysis, and updates across shipping, aviation, intermodal, and forwarding.","publisher":{"@id":"https:\/\/transportjournal.com\/pt-pt\/#organization"},"potentialAction":[{"@type":"SearchAction","target":{"@type":"EntryPoint","urlTemplate":"https:\/\/transportjournal.com\/pt-pt\/?s={search_term_string}"},"query-input":{"@type":"PropertyValueSpecification","valueRequired":true,"valueName":"search_term_string"}}],"inLanguage":"pt-PT"},{"@type":"Organization","@id":"https:\/\/transportjournal.com\/pt-pt\/#organization","name":"Logismedia Group AG","alternateName":"Logismedia Group AG","url":"https:\/\/transportjournal.com\/pt-pt\/","logo":{"@type":"ImageObject","inLanguage":"pt-PT","@id":"https:\/\/transportjournal.com\/pt-pt\/#\/schema\/logo\/image\/","url":"https:\/\/transportjournal.com\/wp-content\/uploads\/sites\/2\/2025\/09\/Logo_ITJ.png","contentUrl":"https:\/\/transportjournal.com\/wp-content\/uploads\/sites\/2\/2025\/09\/Logo_ITJ.png","width":799,"height":326,"caption":"Logismedia Group AG"},"image":{"@id":"https:\/\/transportjournal.com\/pt-pt\/#\/schema\/logo\/image\/"},"sameAs":["https:\/\/www.linkedin.com\/company\/56456496\/admin\/dashboard\/","https:\/\/www.instagram.com\/logismediagroup\/","https:\/\/www.youtube.com\/@LogiamediaGroupAG"]},{"@type":"Person","@id":"https:\/\/transportjournal.com\/pt-pt\/#\/schema\/person\/41d36b5474b623392fa613e97e2363fa","name":"Jeremy Soland","url":"https:\/\/transportjournal.com\/pt-pt\/author\/jeremy\/"}]}},"_links":{"self":[{"href":"https:\/\/transportjournal.com\/pt-pt\/wp-json\/wp\/v2\/posts\/87290","targetHints":{"allow":["GET"]}}],"collection":[{"href":"https:\/\/transportjournal.com\/pt-pt\/wp-json\/wp\/v2\/posts"}],"about":[{"href":"https:\/\/transportjournal.com\/pt-pt\/wp-json\/wp\/v2\/types\/post"}],"author":[{"embeddable":true,"href":"https:\/\/transportjournal.com\/pt-pt\/wp-json\/wp\/v2\/users\/10"}],"replies":[{"embeddable":true,"href":"https:\/\/transportjournal.com\/pt-pt\/wp-json\/wp\/v2\/comments?post=87290"}],"version-history":[{"count":0,"href":"https:\/\/transportjournal.com\/pt-pt\/wp-json\/wp\/v2\/posts\/87290\/revisions"}],"wp:featuredmedia":[{"embeddable":true,"href":"https:\/\/transportjournal.com\/pt-pt\/wp-json\/wp\/v2\/media\/87285"}],"wp:attachment":[{"href":"https:\/\/transportjournal.com\/pt-pt\/wp-json\/wp\/v2\/media?parent=87290"}],"wp:term":[{"taxonomy":"category","embeddable":true,"href":"https:\/\/transportjournal.com\/pt-pt\/wp-json\/wp\/v2\/categories?post=87290"},{"taxonomy":"post_tag","embeddable":true,"href":"https:\/\/transportjournal.com\/pt-pt\/wp-json\/wp\/v2\/tags?post=87290"}],"curies":[{"name":"wp","href":"https:\/\/api.w.org\/{rel}","templated":true}]}}