{"id":87282,"date":"2026-04-29T10:38:43","date_gmt":"2026-04-29T10:38:43","guid":{"rendered":"https:\/\/transportjournal.com\/2026\/04\/29\/fedex-pressiona-pelo-retorno-dos-trijatos\/"},"modified":"2026-04-29T10:38:43","modified_gmt":"2026-04-29T10:38:43","slug":"fedex-pressiona-pelo-retorno-dos-trijatos","status":"publish","type":"post","link":"https:\/\/transportjournal.com\/pt-pt\/2026\/04\/29\/fedex-pressiona-pelo-retorno-dos-trijatos\/","title":{"rendered":"FedEx pressiona pelo retorno dos trijatos"},"content":{"rendered":"<p>FedEx anunciou que os cargueiros McDonnell Douglas MD-11F voltar\u00e3o ao servi\u00e7o ativo a partir de maio. Isso segue uma pausa de seis meses imposta ap\u00f3s o acidente fatal de um MD-11F da UPS em novembro de 2025. A Administra\u00e7\u00e3o Federal de Avia\u00e7\u00e3o dos EUA (FAA) emitiu uma ordem de emerg\u00eancia que exigia uma inspe\u00e7\u00e3o abrangente da frota de MD-11F. A FedEx j\u00e1 havia anunciado em janeiro que estava colaborando com a Boeing e a FAA para possibilitar o retorno das aeronaves at\u00e9 o final do quarto trimestre, que termina em 31 de maio.<\/p>\n<p>A frota da FedEx inclui um total de 29 MD-11F, que atualmente est\u00e3o estacionados. A maioria desses cargueiros tem mais de 30 anos, sendo o modelo mais antigo com 36 anos. A decis\u00e3o da FedEx de reintegrar os MD-11F ao servi\u00e7o pode surpreender alguns na ind\u00fastria, uma vez que a idade das aeronaves levanta preocupa\u00e7\u00f5es. Em contraste, a UPS retirou todos os MD-11F de opera\u00e7\u00e3o no quarto trimestre de 2025 e planeja substitu\u00ed-los por Boeing 767F.<\/p>\n<h3>Rein\u00edcio ap\u00f3s inspe\u00e7\u00f5es<\/h3>\n<p>A frota de MD-11F da FedEx foi temporariamente desativada ap\u00f3s o acidente da UPS, que resultou na morte de 15 pessoas. O acidente ocorreu quando o motor esquerdo se desprendeu da asa durante a subida, levando \u00e0 perda de controle da aeronave. O Conselho Nacional de Seguran\u00e7a no Transporte (NTSB) apontou em suas conclus\u00f5es preliminares uma falha por fadiga na suspens\u00e3o do motor. Essa vulnerabilidade j\u00e1 havia sido abordada em um memorando de manuten\u00e7\u00e3o da Boeing em 2011.<\/p>\n<p>A FAA inicialmente aterrissou os MD-11 ap\u00f3s o incidente, mas n\u00e3o descartou uma nova libera\u00e7\u00e3o, desde que as inspe\u00e7\u00f5es e reparos necess\u00e1rios fossem realizados. A FedEx planeja reintegrar os MD-11F gradualmente, ap\u00f3s a conclus\u00e3o das medidas necess\u00e1rias.<\/p>\n<p>Os impactos da desativa\u00e7\u00e3o dos MD-11F na capacidade global de carga foram limitados, uma vez que essas aeronaves eram predominantemente utilizadas em rotas nacionais. No entanto, o retorno dos MD-11F pode aumentar a capacidade da FedEx no transporte de carga, enquanto outros operadores, como a Western Global Airlines, tamb\u00e9m possuem MD-11F em sua frota, que atualmente n\u00e3o est\u00e3o em opera\u00e7\u00e3o.<\/p>\n<p>&nbsp;<\/p>\n<p><a href=\"https:\/\/www.fedex.com\/\" target=\"_blank\" rel=\"noopener noreferrer\">www.fedex.com<\/a><\/p>\n<p>&nbsp;<\/p>\n","protected":false},"excerpt":{"rendered":"<p>A FedEx ir\u00e1 reativar os cargueiros McDonnell Douglas MD-11F a partir de maio, ap\u00f3s inspe\u00e7\u00f5es abrangentes, para aumentar a capacidade de carga.<\/p>\n","protected":false},"author":12,"featured_media":87277,"comment_status":"open","ping_status":"","sticky":false,"template":"","format":"standard","meta":{"_acf_changed":false,"footnotes":""},"categories":[1626,1618],"tags":[43431,2648,3447,5975,5976,5507,43432,43433,4279,3402,10678,43434,4755,43435,43436,43437,43438,43439,43440,43441,2032,1778,28016,4091,2655,4604,2125,43442,2821,1831,5996,1962,3472,3475,43443,43444,43445,43446,43447,43448,2829,43449,43450,4105,2839,1837,43451,43452,43453,43454,43455],"class_list":["post-87282","post","type-post","status-publish","format-standard","has-post-thumbnail","hentry","category-americas","category-transporte-aereo-de-mercadorias","tag-accident-investigation","tag-air-freight","tag-air-freight-market","tag-autorite-de-laviation","tag-aviation-authority","tag-avions-cargo","tag-boeing-767f","tag-boeing-maintenance-memo","tag-capacite-de-fret","tag-cargo-aircraft","tag-cargo-capacity","tag-defaillance-de-support-moteur","tag-deutsch-fedex","tag-domestic-routes","tag-engine-mount-failure","tag-enquete-sur-laccident","tag-faa-inspections","tag-faa-inspektionen","tag-fleet-management-francais-fedex","tag-flottenmanagement-english-fedex","tag-frachtflugzeuge","tag-frachtkapazitaet","tag-frachtverkehr","tag-freight-transport","tag-fret-aerien","tag-gestion-de-flotte","tag-industrie-du-transport","tag-inspections-faa","tag-logistics-providers","tag-logistikdienstleister","tag-luftfahrtbehoerde","tag-luftfracht","tag-luftfrachtmarkt","tag-marche-du-fret-aerien","tag-mcdonnell-douglas","tag-md-11f","tag-md-11f-reactivation","tag-memo-de-maintenance-boeing","tag-nationale-routen","tag-ntsb","tag-prestataires-logistiques","tag-reactivation-md-11f","tag-routes-nationales","tag-transport-de-fret","tag-transportation-industry","tag-transportwirtschaft","tag-triebwerksaufhaengung","tag-unfalluntersuchung","tag-ups-md-11f","tag-wartungsmemo-boeing","tag-wiederinbetriebnahme-md-11f"],"acf":[],"yoast_head":"<!-- This site is optimized with the Yoast SEO plugin v27.3 - https:\/\/yoast.com\/product\/yoast-seo-wordpress\/ -->\n<title>FedEx pressiona pelo retorno dos trijatos - ITJ | International Transport Journal<\/title>\n<meta name=\"robots\" content=\"index, follow, max-snippet:-1, max-image-preview:large, max-video-preview:-1\" \/>\n<link rel=\"canonical\" href=\"https:\/\/transportjournal.com\/pt-pt\/2026\/04\/29\/fedex-pressiona-pelo-retorno-dos-trijatos\/\" \/>\n<meta property=\"og:locale\" content=\"pt_PT\" \/>\n<meta property=\"og:type\" content=\"article\" \/>\n<meta property=\"og:title\" content=\"FedEx pressiona pelo retorno dos trijatos - ITJ | International Transport Journal\" \/>\n<meta property=\"og:description\" content=\"A FedEx ir\u00e1 reativar os cargueiros McDonnell Douglas MD-11F a partir de maio, ap\u00f3s inspe\u00e7\u00f5es abrangentes, para aumentar a capacidade de carga.\" \/>\n<meta property=\"og:url\" content=\"https:\/\/transportjournal.com\/pt-pt\/2026\/04\/29\/fedex-pressiona-pelo-retorno-dos-trijatos\/\" \/>\n<meta property=\"og:site_name\" content=\"ITJ | International Transport Journal\" \/>\n<meta property=\"article:published_time\" content=\"2026-04-29T10:38:43+00:00\" \/>\n<meta property=\"og:image\" content=\"https:\/\/transportjournal.com\/wp-content\/uploads\/sites\/2\/2026\/04\/Fedex-md-11f.webp\" \/>\n\t<meta property=\"og:image:width\" content=\"1000\" \/>\n\t<meta property=\"og:image:height\" content=\"563\" \/>\n\t<meta property=\"og:image:type\" content=\"image\/webp\" \/>\n<meta name=\"author\" content=\"Andreas Haug\" \/>\n<meta name=\"twitter:card\" content=\"summary_large_image\" \/>\n<meta name=\"twitter:label1\" content=\"Escrito por\" \/>\n\t<meta name=\"twitter:data1\" content=\"Andreas Haug\" \/>\n\t<meta name=\"twitter:label2\" content=\"Tempo estimado de leitura\" \/>\n\t<meta name=\"twitter:data2\" content=\"2 minutos\" \/>\n<script type=\"application\/ld+json\" class=\"yoast-schema-graph\">{\"@context\":\"https:\\\/\\\/schema.org\",\"@graph\":[{\"@type\":\"Article\",\"@id\":\"https:\\\/\\\/transportjournal.com\\\/pt-pt\\\/2026\\\/04\\\/29\\\/fedex-pressiona-pelo-retorno-dos-trijatos\\\/#article\",\"isPartOf\":{\"@id\":\"https:\\\/\\\/transportjournal.com\\\/pt-pt\\\/2026\\\/04\\\/29\\\/fedex-pressiona-pelo-retorno-dos-trijatos\\\/\"},\"author\":{\"name\":\"Andreas Haug\",\"@id\":\"https:\\\/\\\/transportjournal.com\\\/pt-pt\\\/#\\\/schema\\\/person\\\/cf538b3157f15afd7589245a4b3dbd25\"},\"headline\":\"FedEx pressiona pelo retorno dos trijatos\",\"datePublished\":\"2026-04-29T10:38:43+00:00\",\"mainEntityOfPage\":{\"@id\":\"https:\\\/\\\/transportjournal.com\\\/pt-pt\\\/2026\\\/04\\\/29\\\/fedex-pressiona-pelo-retorno-dos-trijatos\\\/\"},\"wordCount\":395,\"commentCount\":0,\"publisher\":{\"@id\":\"https:\\\/\\\/transportjournal.com\\\/pt-pt\\\/#organization\"},\"image\":{\"@id\":\"https:\\\/\\\/transportjournal.com\\\/pt-pt\\\/2026\\\/04\\\/29\\\/fedex-pressiona-pelo-retorno-dos-trijatos\\\/#primaryimage\"},\"thumbnailUrl\":\"https:\\\/\\\/transportjournal.com\\\/wp-content\\\/uploads\\\/sites\\\/2\\\/2026\\\/04\\\/Fedex-md-11f.webp\",\"keywords\":[\"accident investigation\",\"air freight\",\"air freight market\",\"autorit\u00e9 de l'aviation\",\"aviation authority\",\"avions cargo\",\"Boeing 767F\",\"Boeing maintenance memo\",\"capacit\u00e9 de fret\",\"cargo aircraft\",\"cargo capacity\",\"d\u00e9faillance de support moteur\",\"Deutsch FedEx\",\"domestic routes\",\"engine mount failure\",\"enqu\u00eate sur l'accident\",\"FAA inspections\",\"FAA Inspektionen\",\"fleet management Fran\u00e7ais FedEx\",\"Flottenmanagement English FedEx\",\"Frachtflugzeuge\",\"Frachtkapazit\u00e4t\",\"Frachtverkehr\",\"freight transport\",\"fret a\u00e9rien\",\"gestion de flotte\",\"industrie du transport\",\"inspections FAA\",\"logistics providers\",\"Logistikdienstleister\",\"Luftfahrtbeh\u00f6rde\",\"Luftfracht\",\"Luftfrachtmarkt\",\"march\u00e9 du fret a\u00e9rien\",\"McDonnell Douglas\",\"MD-11F\",\"MD-11F reactivation\",\"m\u00e9mo de maintenance Boeing\",\"nationale Routen\",\"NTSB\",\"prestataires logistiques\",\"r\u00e9activation MD-11F\",\"routes nationales\",\"transport de fret\",\"transportation industry\",\"Transportwirtschaft\",\"Triebwerksaufh\u00e4ngung\",\"Unfalluntersuchung\",\"UPS MD-11F\",\"Wartungsmemo Boeing\",\"Wiederinbetriebnahme MD-11F\"],\"articleSection\":[\"Am\u00e9ricas\",\"Transporte a\u00e9reo de mercadorias\"],\"inLanguage\":\"pt-PT\",\"potentialAction\":[{\"@type\":\"CommentAction\",\"name\":\"Comment\",\"target\":[\"https:\\\/\\\/transportjournal.com\\\/pt-pt\\\/2026\\\/04\\\/29\\\/fedex-pressiona-pelo-retorno-dos-trijatos\\\/#respond\"]}]},{\"@type\":\"WebPage\",\"@id\":\"https:\\\/\\\/transportjournal.com\\\/pt-pt\\\/2026\\\/04\\\/29\\\/fedex-pressiona-pelo-retorno-dos-trijatos\\\/\",\"url\":\"https:\\\/\\\/transportjournal.com\\\/pt-pt\\\/2026\\\/04\\\/29\\\/fedex-pressiona-pelo-retorno-dos-trijatos\\\/\",\"name\":\"FedEx pressiona pelo retorno dos trijatos - ITJ | International Transport Journal\",\"isPartOf\":{\"@id\":\"https:\\\/\\\/transportjournal.com\\\/pt-pt\\\/#website\"},\"primaryImageOfPage\":{\"@id\":\"https:\\\/\\\/transportjournal.com\\\/pt-pt\\\/2026\\\/04\\\/29\\\/fedex-pressiona-pelo-retorno-dos-trijatos\\\/#primaryimage\"},\"image\":{\"@id\":\"https:\\\/\\\/transportjournal.com\\\/pt-pt\\\/2026\\\/04\\\/29\\\/fedex-pressiona-pelo-retorno-dos-trijatos\\\/#primaryimage\"},\"thumbnailUrl\":\"https:\\\/\\\/transportjournal.com\\\/wp-content\\\/uploads\\\/sites\\\/2\\\/2026\\\/04\\\/Fedex-md-11f.webp\",\"datePublished\":\"2026-04-29T10:38:43+00:00\",\"breadcrumb\":{\"@id\":\"https:\\\/\\\/transportjournal.com\\\/pt-pt\\\/2026\\\/04\\\/29\\\/fedex-pressiona-pelo-retorno-dos-trijatos\\\/#breadcrumb\"},\"inLanguage\":\"pt-PT\",\"potentialAction\":[{\"@type\":\"ReadAction\",\"target\":[\"https:\\\/\\\/transportjournal.com\\\/pt-pt\\\/2026\\\/04\\\/29\\\/fedex-pressiona-pelo-retorno-dos-trijatos\\\/\"]}]},{\"@type\":\"ImageObject\",\"inLanguage\":\"pt-PT\",\"@id\":\"https:\\\/\\\/transportjournal.com\\\/pt-pt\\\/2026\\\/04\\\/29\\\/fedex-pressiona-pelo-retorno-dos-trijatos\\\/#primaryimage\",\"url\":\"https:\\\/\\\/transportjournal.com\\\/wp-content\\\/uploads\\\/sites\\\/2\\\/2026\\\/04\\\/Fedex-md-11f.webp\",\"contentUrl\":\"https:\\\/\\\/transportjournal.com\\\/wp-content\\\/uploads\\\/sites\\\/2\\\/2026\\\/04\\\/Fedex-md-11f.webp\",\"width\":1000,\"height\":563},{\"@type\":\"BreadcrumbList\",\"@id\":\"https:\\\/\\\/transportjournal.com\\\/pt-pt\\\/2026\\\/04\\\/29\\\/fedex-pressiona-pelo-retorno-dos-trijatos\\\/#breadcrumb\",\"itemListElement\":[{\"@type\":\"ListItem\",\"position\":1,\"name\":\"Startseite\",\"item\":\"https:\\\/\\\/transportjournal.com\\\/pt-pt\\\/\"},{\"@type\":\"ListItem\",\"position\":2,\"name\":\"FedEx pressiona pelo retorno dos trijatos\"}]},{\"@type\":\"WebSite\",\"@id\":\"https:\\\/\\\/transportjournal.com\\\/pt-pt\\\/#website\",\"url\":\"https:\\\/\\\/transportjournal.com\\\/pt-pt\\\/\",\"name\":\"ITJ | International Transport Journal\",\"description\":\"Stay informed with the latest global news from the transport, logistics, and supply chain industries. Transport Journal delivers expert insights, analysis, and updates across shipping, aviation, intermodal, and forwarding.\",\"publisher\":{\"@id\":\"https:\\\/\\\/transportjournal.com\\\/pt-pt\\\/#organization\"},\"potentialAction\":[{\"@type\":\"SearchAction\",\"target\":{\"@type\":\"EntryPoint\",\"urlTemplate\":\"https:\\\/\\\/transportjournal.com\\\/pt-pt\\\/?s={search_term_string}\"},\"query-input\":{\"@type\":\"PropertyValueSpecification\",\"valueRequired\":true,\"valueName\":\"search_term_string\"}}],\"inLanguage\":\"pt-PT\"},{\"@type\":\"Organization\",\"@id\":\"https:\\\/\\\/transportjournal.com\\\/pt-pt\\\/#organization\",\"name\":\"Logismedia Group AG\",\"alternateName\":\"Logismedia Group AG\",\"url\":\"https:\\\/\\\/transportjournal.com\\\/pt-pt\\\/\",\"logo\":{\"@type\":\"ImageObject\",\"inLanguage\":\"pt-PT\",\"@id\":\"https:\\\/\\\/transportjournal.com\\\/pt-pt\\\/#\\\/schema\\\/logo\\\/image\\\/\",\"url\":\"https:\\\/\\\/transportjournal.com\\\/wp-content\\\/uploads\\\/sites\\\/2\\\/2025\\\/09\\\/Logo_ITJ.png\",\"contentUrl\":\"https:\\\/\\\/transportjournal.com\\\/wp-content\\\/uploads\\\/sites\\\/2\\\/2025\\\/09\\\/Logo_ITJ.png\",\"width\":799,\"height\":326,\"caption\":\"Logismedia Group AG\"},\"image\":{\"@id\":\"https:\\\/\\\/transportjournal.com\\\/pt-pt\\\/#\\\/schema\\\/logo\\\/image\\\/\"},\"sameAs\":[\"https:\\\/\\\/www.linkedin.com\\\/company\\\/56456496\\\/admin\\\/dashboard\\\/\",\"https:\\\/\\\/www.instagram.com\\\/logismediagroup\\\/\",\"https:\\\/\\\/www.youtube.com\\\/@LogiamediaGroupAG\"]},{\"@type\":\"Person\",\"@id\":\"https:\\\/\\\/transportjournal.com\\\/pt-pt\\\/#\\\/schema\\\/person\\\/cf538b3157f15afd7589245a4b3dbd25\",\"name\":\"Andreas Haug\",\"url\":\"https:\\\/\\\/transportjournal.com\\\/pt-pt\\\/author\\\/andreas\\\/\"}]}<\/script>\n<!-- \/ Yoast SEO plugin. -->","yoast_head_json":{"title":"FedEx pressiona pelo retorno dos trijatos - ITJ | International Transport Journal","robots":{"index":"index","follow":"follow","max-snippet":"max-snippet:-1","max-image-preview":"max-image-preview:large","max-video-preview":"max-video-preview:-1"},"canonical":"https:\/\/transportjournal.com\/pt-pt\/2026\/04\/29\/fedex-pressiona-pelo-retorno-dos-trijatos\/","og_locale":"pt_PT","og_type":"article","og_title":"FedEx pressiona pelo retorno dos trijatos - ITJ | International Transport Journal","og_description":"A FedEx ir\u00e1 reativar os cargueiros McDonnell Douglas MD-11F a partir de maio, ap\u00f3s inspe\u00e7\u00f5es abrangentes, para aumentar a capacidade de carga.","og_url":"https:\/\/transportjournal.com\/pt-pt\/2026\/04\/29\/fedex-pressiona-pelo-retorno-dos-trijatos\/","og_site_name":"ITJ | International Transport Journal","article_published_time":"2026-04-29T10:38:43+00:00","og_image":[{"width":1000,"height":563,"url":"https:\/\/transportjournal.com\/wp-content\/uploads\/sites\/2\/2026\/04\/Fedex-md-11f.webp","type":"image\/webp"}],"author":"Andreas Haug","twitter_card":"summary_large_image","twitter_misc":{"Escrito por":"Andreas Haug","Tempo estimado de leitura":"2 minutos"},"schema":{"@context":"https:\/\/schema.org","@graph":[{"@type":"Article","@id":"https:\/\/transportjournal.com\/pt-pt\/2026\/04\/29\/fedex-pressiona-pelo-retorno-dos-trijatos\/#article","isPartOf":{"@id":"https:\/\/transportjournal.com\/pt-pt\/2026\/04\/29\/fedex-pressiona-pelo-retorno-dos-trijatos\/"},"author":{"name":"Andreas Haug","@id":"https:\/\/transportjournal.com\/pt-pt\/#\/schema\/person\/cf538b3157f15afd7589245a4b3dbd25"},"headline":"FedEx pressiona pelo retorno dos trijatos","datePublished":"2026-04-29T10:38:43+00:00","mainEntityOfPage":{"@id":"https:\/\/transportjournal.com\/pt-pt\/2026\/04\/29\/fedex-pressiona-pelo-retorno-dos-trijatos\/"},"wordCount":395,"commentCount":0,"publisher":{"@id":"https:\/\/transportjournal.com\/pt-pt\/#organization"},"image":{"@id":"https:\/\/transportjournal.com\/pt-pt\/2026\/04\/29\/fedex-pressiona-pelo-retorno-dos-trijatos\/#primaryimage"},"thumbnailUrl":"https:\/\/transportjournal.com\/wp-content\/uploads\/sites\/2\/2026\/04\/Fedex-md-11f.webp","keywords":["accident investigation","air freight","air freight market","autorit\u00e9 de l'aviation","aviation authority","avions cargo","Boeing 767F","Boeing maintenance memo","capacit\u00e9 de fret","cargo aircraft","cargo capacity","d\u00e9faillance de support moteur","Deutsch FedEx","domestic routes","engine mount failure","enqu\u00eate sur l'accident","FAA inspections","FAA Inspektionen","fleet management Fran\u00e7ais FedEx","Flottenmanagement English FedEx","Frachtflugzeuge","Frachtkapazit\u00e4t","Frachtverkehr","freight transport","fret a\u00e9rien","gestion de flotte","industrie du transport","inspections FAA","logistics providers","Logistikdienstleister","Luftfahrtbeh\u00f6rde","Luftfracht","Luftfrachtmarkt","march\u00e9 du fret a\u00e9rien","McDonnell Douglas","MD-11F","MD-11F reactivation","m\u00e9mo de maintenance Boeing","nationale Routen","NTSB","prestataires logistiques","r\u00e9activation MD-11F","routes nationales","transport de fret","transportation industry","Transportwirtschaft","Triebwerksaufh\u00e4ngung","Unfalluntersuchung","UPS MD-11F","Wartungsmemo Boeing","Wiederinbetriebnahme MD-11F"],"articleSection":["Am\u00e9ricas","Transporte a\u00e9reo de mercadorias"],"inLanguage":"pt-PT","potentialAction":[{"@type":"CommentAction","name":"Comment","target":["https:\/\/transportjournal.com\/pt-pt\/2026\/04\/29\/fedex-pressiona-pelo-retorno-dos-trijatos\/#respond"]}]},{"@type":"WebPage","@id":"https:\/\/transportjournal.com\/pt-pt\/2026\/04\/29\/fedex-pressiona-pelo-retorno-dos-trijatos\/","url":"https:\/\/transportjournal.com\/pt-pt\/2026\/04\/29\/fedex-pressiona-pelo-retorno-dos-trijatos\/","name":"FedEx pressiona pelo retorno dos trijatos - ITJ | International Transport Journal","isPartOf":{"@id":"https:\/\/transportjournal.com\/pt-pt\/#website"},"primaryImageOfPage":{"@id":"https:\/\/transportjournal.com\/pt-pt\/2026\/04\/29\/fedex-pressiona-pelo-retorno-dos-trijatos\/#primaryimage"},"image":{"@id":"https:\/\/transportjournal.com\/pt-pt\/2026\/04\/29\/fedex-pressiona-pelo-retorno-dos-trijatos\/#primaryimage"},"thumbnailUrl":"https:\/\/transportjournal.com\/wp-content\/uploads\/sites\/2\/2026\/04\/Fedex-md-11f.webp","datePublished":"2026-04-29T10:38:43+00:00","breadcrumb":{"@id":"https:\/\/transportjournal.com\/pt-pt\/2026\/04\/29\/fedex-pressiona-pelo-retorno-dos-trijatos\/#breadcrumb"},"inLanguage":"pt-PT","potentialAction":[{"@type":"ReadAction","target":["https:\/\/transportjournal.com\/pt-pt\/2026\/04\/29\/fedex-pressiona-pelo-retorno-dos-trijatos\/"]}]},{"@type":"ImageObject","inLanguage":"pt-PT","@id":"https:\/\/transportjournal.com\/pt-pt\/2026\/04\/29\/fedex-pressiona-pelo-retorno-dos-trijatos\/#primaryimage","url":"https:\/\/transportjournal.com\/wp-content\/uploads\/sites\/2\/2026\/04\/Fedex-md-11f.webp","contentUrl":"https:\/\/transportjournal.com\/wp-content\/uploads\/sites\/2\/2026\/04\/Fedex-md-11f.webp","width":1000,"height":563},{"@type":"BreadcrumbList","@id":"https:\/\/transportjournal.com\/pt-pt\/2026\/04\/29\/fedex-pressiona-pelo-retorno-dos-trijatos\/#breadcrumb","itemListElement":[{"@type":"ListItem","position":1,"name":"Startseite","item":"https:\/\/transportjournal.com\/pt-pt\/"},{"@type":"ListItem","position":2,"name":"FedEx pressiona pelo retorno dos trijatos"}]},{"@type":"WebSite","@id":"https:\/\/transportjournal.com\/pt-pt\/#website","url":"https:\/\/transportjournal.com\/pt-pt\/","name":"ITJ | International Transport Journal","description":"Stay informed with the latest global news from the transport, logistics, and supply chain industries. Transport Journal delivers expert insights, analysis, and updates across shipping, aviation, intermodal, and forwarding.","publisher":{"@id":"https:\/\/transportjournal.com\/pt-pt\/#organization"},"potentialAction":[{"@type":"SearchAction","target":{"@type":"EntryPoint","urlTemplate":"https:\/\/transportjournal.com\/pt-pt\/?s={search_term_string}"},"query-input":{"@type":"PropertyValueSpecification","valueRequired":true,"valueName":"search_term_string"}}],"inLanguage":"pt-PT"},{"@type":"Organization","@id":"https:\/\/transportjournal.com\/pt-pt\/#organization","name":"Logismedia Group AG","alternateName":"Logismedia Group AG","url":"https:\/\/transportjournal.com\/pt-pt\/","logo":{"@type":"ImageObject","inLanguage":"pt-PT","@id":"https:\/\/transportjournal.com\/pt-pt\/#\/schema\/logo\/image\/","url":"https:\/\/transportjournal.com\/wp-content\/uploads\/sites\/2\/2025\/09\/Logo_ITJ.png","contentUrl":"https:\/\/transportjournal.com\/wp-content\/uploads\/sites\/2\/2025\/09\/Logo_ITJ.png","width":799,"height":326,"caption":"Logismedia Group AG"},"image":{"@id":"https:\/\/transportjournal.com\/pt-pt\/#\/schema\/logo\/image\/"},"sameAs":["https:\/\/www.linkedin.com\/company\/56456496\/admin\/dashboard\/","https:\/\/www.instagram.com\/logismediagroup\/","https:\/\/www.youtube.com\/@LogiamediaGroupAG"]},{"@type":"Person","@id":"https:\/\/transportjournal.com\/pt-pt\/#\/schema\/person\/cf538b3157f15afd7589245a4b3dbd25","name":"Andreas Haug","url":"https:\/\/transportjournal.com\/pt-pt\/author\/andreas\/"}]}},"_links":{"self":[{"href":"https:\/\/transportjournal.com\/pt-pt\/wp-json\/wp\/v2\/posts\/87282","targetHints":{"allow":["GET"]}}],"collection":[{"href":"https:\/\/transportjournal.com\/pt-pt\/wp-json\/wp\/v2\/posts"}],"about":[{"href":"https:\/\/transportjournal.com\/pt-pt\/wp-json\/wp\/v2\/types\/post"}],"author":[{"embeddable":true,"href":"https:\/\/transportjournal.com\/pt-pt\/wp-json\/wp\/v2\/users\/12"}],"replies":[{"embeddable":true,"href":"https:\/\/transportjournal.com\/pt-pt\/wp-json\/wp\/v2\/comments?post=87282"}],"version-history":[{"count":0,"href":"https:\/\/transportjournal.com\/pt-pt\/wp-json\/wp\/v2\/posts\/87282\/revisions"}],"wp:featuredmedia":[{"embeddable":true,"href":"https:\/\/transportjournal.com\/pt-pt\/wp-json\/wp\/v2\/media\/87277"}],"wp:attachment":[{"href":"https:\/\/transportjournal.com\/pt-pt\/wp-json\/wp\/v2\/media?parent=87282"}],"wp:term":[{"taxonomy":"category","embeddable":true,"href":"https:\/\/transportjournal.com\/pt-pt\/wp-json\/wp\/v2\/categories?post=87282"},{"taxonomy":"post_tag","embeddable":true,"href":"https:\/\/transportjournal.com\/pt-pt\/wp-json\/wp\/v2\/tags?post=87282"}],"curies":[{"name":"wp","href":"https:\/\/api.w.org\/{rel}","templated":true}]}}