{"id":87245,"date":"2026-04-29T09:02:11","date_gmt":"2026-04-29T09:02:11","guid":{"rendered":"https:\/\/transportjournal.com\/2026\/04\/29\/brunnauer-lidera-a-filial-da-dachser-em-himberg\/"},"modified":"2026-04-29T09:02:11","modified_gmt":"2026-04-29T09:02:11","slug":"brunnauer-lidera-a-filial-da-dachser-em-himberg","status":"publish","type":"post","link":"https:\/\/transportjournal.com\/pt-pt\/2026\/04\/29\/brunnauer-lidera-a-filial-da-dachser-em-himberg\/","title":{"rendered":"Brunnauer lidera a filial da Dachser em Himberg"},"content":{"rendered":"<p>Daniel Brunnauer assumiu a posi\u00e7\u00e3o de General Manager para a European Logistics da filial da Dachser em Himberg a partir de 1\u00ba de abril de 2026. Ele traz mais de 30 anos de experi\u00eancia na ind\u00fastria de transporte e log\u00edstica.<\/p>\n<p>Brunnauer come\u00e7ou sua carreira profissional em 1992 com uma forma\u00e7\u00e3o como despachante na Schachinger Transport &amp; Logistik na \u00c1ustria. Nos anos seguintes, atuou como despachante para transportes internacionais de charter e linhas regulares, al\u00e9m de assumir a lideran\u00e7a dos transportes para a Europa Oriental. Esse papel foi continuado na Dachser a partir de 2023, onde teve uma influ\u00eancia significativa no desenvolvimento da \u00e1rea. Nos anos seguintes, ocupou v\u00e1rias posi\u00e7\u00f5es de lideran\u00e7a central dentro da empresa. Por \u00faltimo, atuou como gerente de log\u00edstica do centro de log\u00edstica de Viena. Esse desenvolvimento cont\u00ednuo dentro da organiza\u00e7\u00e3o levou \u00e0 sua nomea\u00e7\u00e3o como General Manager.<\/p>\n<h3>Desenvolvimento estrat\u00e9gico da filial<\/h3>\n<p>Michael Rauhofer, Managing Director da Dachser Austria, comentou sobre a nomea\u00e7\u00e3o de Brunnauer: \u201cDaniel Brunnauer combina um profundo conhecimento operacional com longa experi\u00eancia em lideran\u00e7a e uma compreens\u00e3o abrangente de nossos processos e mercados. Ele \u00e9 extremamente adequado para desenvolver estrategicamente a filial de Himberg e fortalecer sua posi\u00e7\u00e3o no mercado austr\u00edaco.\u201d<\/p>\n<p>Brunnauer enfatiza a import\u00e2ncia de equipes bem integradas e processos confi\u00e1veis: \u201cAprendi log\u00edstica desde o in\u00edcio e sei como equipes bem integradas e processos confi\u00e1veis s\u00e3o decisivos. Meu objetivo \u00e9, junto com os colaboradores, desenvolver ainda mais a localiza\u00e7\u00e3o de Himberg e apoiar nossos clientes da melhor maneira poss\u00edvel.\u201d<\/p>\n<p>A Dachser Austria \u00e9 um ator significativo no mercado log\u00edstico austr\u00edaco e oferece uma rede forte que garante uma proximidade ideal ao mercado. A empresa atua como um hub log\u00edstico no cora\u00e7\u00e3o da Europa, conectando todas as filiais austr\u00edacas com todo o continente. No ano fiscal de 2025, a Dachser Austria transportou 2,1 milh\u00f5es de remessas com um peso total de 1 milh\u00e3o de toneladas e alcan\u00e7ou uma receita de 234,4 milh\u00f5es de EUR. Atualmente, a empresa emprega 796 colaboradores em nove locais e foi certificada como uma empresa l\u00edder desde 2024 pela Leitbetriebe Austria.<\/p>\n<p>&nbsp;<\/p>\n<p><a href=\"https:\/\/www.dachser.at\/\" target=\"_blank\" rel=\"noopener noreferrer\">www.dachser.at<\/a><\/p>\n<p>&nbsp;<\/p>\n","protected":false},"excerpt":{"rendered":"<p>Daniel Brunnauer assume em 1 de abril de 2026 a posi\u00e7\u00e3o de Gerente Geral para a Log\u00edstica Europeia na Dachser em Himberg e traz mais de 30 anos de experi\u00eancia.<\/p>\n","protected":false},"author":12,"featured_media":87240,"comment_status":"open","ping_status":"","sticky":false,"template":"","format":"standard","meta":{"_acf_changed":false,"footnotes":""},"categories":[1623,1617,9093,1615],"tags":[43301,43302,43303,17507,2459,2115,2116,26093,43304,34972,43305,3138,2700,8941,43306,2123,43307,33789,43308,43309,43310,33795,3145,3148,43311,3108,43312,43313,43314,23943,5112,3157,43315,4923,3975,43316,43317,43318,9229,2731,5119,43319,2486,2488,43320,2106,5120,38579,43321,38321,43322],"class_list":["post-87245","post","type-post","status-publish","format-standard","has-post-thumbnail","hentry","category-europa","category-expedicao-e-logistica","category-oesterreich","category-pessoas-e-empresas","tag-agent-de-transit","tag-brunnauer","tag-centre-logistique-de-vienne","tag-deutsch-dachser","tag-developpement-strategique","tag-digitalisierung-in-der-logistik","tag-digitalization-in-logistics","tag-directeur-general","tag-eastern-european-transport","tag-employees-in-logistics","tag-employes-dans-la-logistique","tag-european-logistics","tag-fachkraeftemangel-in-der-logistik","tag-freight-forwarding","tag-general-manager","tag-gestion-de-la-chaine-dapprovisionnement","tag-himberg","tag-hubs-logistiques","tag-international-charter-transport","tag-internationale-charterverkehre","tag-logistics-center-vienna","tag-logistics-hubs","tag-logistics-market-austria","tag-logistikmarkt-oesterreich","tag-logistikzentrum-wien","tag-logistique-europeenne","tag-logistische-drehkreuze","tag-marche-logistique-autrichien","tag-marktposition-staerken-english-dachser","tag-mitarbeitende-in-der-logistik","tag-nachhaltige-logistikloesungen","tag-numerisation-dans-la-logistique","tag-osteuropaverkehre","tag-penurie-de-competences-dans-la-logistique","tag-renforcer-la-position-sur-le-marche","tag-schachinger-transport-logistics","tag-schachinger-transport-logistik","tag-schachinger-transport-logistique","tag-secteur-du-transport-et-de-la-logistique","tag-skills-shortage-in-logistics","tag-solutions-logistiques-durables","tag-speditionskaufmann","tag-strategic-development","tag-strategische-weiterentwicklung","tag-strengthen-market-position-francais-dachser","tag-supply-chain-management","tag-sustainable-logistics-solutions","tag-transport-and-logistics-industry","tag-transport-par-affretement-international","tag-transport-und-logistikbranche","tag-transports-en-europe-de-lest"],"acf":[],"yoast_head":"<!-- This site is optimized with the Yoast SEO plugin v27.3 - https:\/\/yoast.com\/product\/yoast-seo-wordpress\/ -->\n<title>Brunnauer lidera a filial da Dachser em Himberg - ITJ | International Transport Journal<\/title>\n<meta name=\"robots\" content=\"index, follow, max-snippet:-1, max-image-preview:large, max-video-preview:-1\" \/>\n<link rel=\"canonical\" href=\"https:\/\/transportjournal.com\/pt-pt\/2026\/04\/29\/brunnauer-lidera-a-filial-da-dachser-em-himberg\/\" \/>\n<meta property=\"og:locale\" content=\"pt_PT\" \/>\n<meta property=\"og:type\" content=\"article\" \/>\n<meta property=\"og:title\" content=\"Brunnauer lidera a filial da Dachser em Himberg - ITJ | International Transport Journal\" \/>\n<meta property=\"og:description\" content=\"Daniel Brunnauer assume em 1 de abril de 2026 a posi\u00e7\u00e3o de Gerente Geral para a Log\u00edstica Europeia na Dachser em Himberg e traz mais de 30 anos de experi\u00eancia.\" \/>\n<meta property=\"og:url\" content=\"https:\/\/transportjournal.com\/pt-pt\/2026\/04\/29\/brunnauer-lidera-a-filial-da-dachser-em-himberg\/\" \/>\n<meta property=\"og:site_name\" content=\"ITJ | International Transport Journal\" \/>\n<meta property=\"article:published_time\" content=\"2026-04-29T09:02:11+00:00\" \/>\n<meta property=\"og:image\" content=\"https:\/\/transportjournal.com\/wp-content\/uploads\/sites\/2\/2026\/04\/Daniel_Brunnauer_General_Manager_Dachser_Logistikzentrum_Wien-scaled-aspect-ratio-1400-788-scaled-1.jpg\" \/>\n\t<meta property=\"og:image:width\" content=\"2560\" \/>\n\t<meta property=\"og:image:height\" content=\"1441\" \/>\n\t<meta property=\"og:image:type\" content=\"image\/jpeg\" \/>\n<meta name=\"author\" content=\"Andreas Haug\" \/>\n<meta name=\"twitter:card\" content=\"summary_large_image\" \/>\n<meta name=\"twitter:label1\" content=\"Escrito por\" \/>\n\t<meta name=\"twitter:data1\" content=\"Andreas Haug\" \/>\n\t<meta name=\"twitter:label2\" content=\"Tempo estimado de leitura\" \/>\n\t<meta name=\"twitter:data2\" content=\"2 minutos\" \/>\n<script type=\"application\/ld+json\" class=\"yoast-schema-graph\">{\"@context\":\"https:\\\/\\\/schema.org\",\"@graph\":[{\"@type\":\"Article\",\"@id\":\"https:\\\/\\\/transportjournal.com\\\/pt-pt\\\/2026\\\/04\\\/29\\\/brunnauer-lidera-a-filial-da-dachser-em-himberg\\\/#article\",\"isPartOf\":{\"@id\":\"https:\\\/\\\/transportjournal.com\\\/pt-pt\\\/2026\\\/04\\\/29\\\/brunnauer-lidera-a-filial-da-dachser-em-himberg\\\/\"},\"author\":{\"name\":\"Andreas Haug\",\"@id\":\"https:\\\/\\\/transportjournal.com\\\/pt-pt\\\/#\\\/schema\\\/person\\\/cf538b3157f15afd7589245a4b3dbd25\"},\"headline\":\"Brunnauer lidera a filial da Dachser em Himberg\",\"datePublished\":\"2026-04-29T09:02:11+00:00\",\"mainEntityOfPage\":{\"@id\":\"https:\\\/\\\/transportjournal.com\\\/pt-pt\\\/2026\\\/04\\\/29\\\/brunnauer-lidera-a-filial-da-dachser-em-himberg\\\/\"},\"wordCount\":381,\"commentCount\":0,\"publisher\":{\"@id\":\"https:\\\/\\\/transportjournal.com\\\/pt-pt\\\/#organization\"},\"image\":{\"@id\":\"https:\\\/\\\/transportjournal.com\\\/pt-pt\\\/2026\\\/04\\\/29\\\/brunnauer-lidera-a-filial-da-dachser-em-himberg\\\/#primaryimage\"},\"thumbnailUrl\":\"https:\\\/\\\/transportjournal.com\\\/wp-content\\\/uploads\\\/sites\\\/2\\\/2026\\\/04\\\/Daniel_Brunnauer_General_Manager_Dachser_Logistikzentrum_Wien-scaled-aspect-ratio-1400-788-scaled-1.jpg\",\"keywords\":[\"agent de transit\",\"Brunnauer\",\"centre logistique de Vienne\",\"Deutsch DACHSER\",\"d\u00e9veloppement strat\u00e9gique\",\"Digitalisierung in der Logistik\",\"digitalization in logistics\",\"directeur g\u00e9n\u00e9ral\",\"Eastern European transport\",\"employees in logistics\",\"employ\u00e9s dans la logistique\",\"European logistics\",\"Fachkr\u00e4ftemangel in der Logistik\",\"freight forwarding\",\"General Manager\",\"gestion de la cha\u00eene d'approvisionnement\",\"Himberg\",\"hubs logistiques\",\"international charter transport\",\"internationale Charterverkehre\",\"logistics center Vienna\",\"logistics hubs\",\"logistics market Austria\",\"Logistikmarkt \u00d6sterreich\",\"Logistikzentrum Wien\",\"logistique europ\u00e9enne\",\"logistische Drehkreuze\",\"march\u00e9 logistique autrichien\",\"Marktposition st\u00e4rken English Dachser\",\"Mitarbeitende in der Logistik\",\"nachhaltige Logistikl\u00f6sungen\",\"num\u00e9risation dans la logistique\",\"Osteuropaverkehre\",\"p\u00e9nurie de comp\u00e9tences dans la logistique\",\"renforcer la position sur le march\u00e9\",\"Schachinger Transport &amp; Logistics\",\"Schachinger Transport &amp; Logistik\",\"Schachinger Transport &amp; Logistique\",\"secteur du transport et de la logistique\",\"skills shortage in logistics\",\"solutions logistiques durables\",\"Speditionskaufmann\",\"strategic development\",\"strategische Weiterentwicklung\",\"strengthen market position Fran\u00e7ais Dachser\",\"Supply Chain Management\",\"sustainable logistics solutions\",\"transport and logistics industry\",\"transport par affr\u00e8tement international\",\"Transport- und Logistikbranche\",\"transports en Europe de l'Est\"],\"articleSection\":[\"Europa\",\"Expedi\u00e7\u00e3o de Mercadorias e Log\u00edstica\",\"\u00d6sterreich\",\"Pessoas e empresas\"],\"inLanguage\":\"pt-PT\",\"potentialAction\":[{\"@type\":\"CommentAction\",\"name\":\"Comment\",\"target\":[\"https:\\\/\\\/transportjournal.com\\\/pt-pt\\\/2026\\\/04\\\/29\\\/brunnauer-lidera-a-filial-da-dachser-em-himberg\\\/#respond\"]}]},{\"@type\":\"WebPage\",\"@id\":\"https:\\\/\\\/transportjournal.com\\\/pt-pt\\\/2026\\\/04\\\/29\\\/brunnauer-lidera-a-filial-da-dachser-em-himberg\\\/\",\"url\":\"https:\\\/\\\/transportjournal.com\\\/pt-pt\\\/2026\\\/04\\\/29\\\/brunnauer-lidera-a-filial-da-dachser-em-himberg\\\/\",\"name\":\"Brunnauer lidera a filial da Dachser em Himberg - ITJ | International Transport Journal\",\"isPartOf\":{\"@id\":\"https:\\\/\\\/transportjournal.com\\\/pt-pt\\\/#website\"},\"primaryImageOfPage\":{\"@id\":\"https:\\\/\\\/transportjournal.com\\\/pt-pt\\\/2026\\\/04\\\/29\\\/brunnauer-lidera-a-filial-da-dachser-em-himberg\\\/#primaryimage\"},\"image\":{\"@id\":\"https:\\\/\\\/transportjournal.com\\\/pt-pt\\\/2026\\\/04\\\/29\\\/brunnauer-lidera-a-filial-da-dachser-em-himberg\\\/#primaryimage\"},\"thumbnailUrl\":\"https:\\\/\\\/transportjournal.com\\\/wp-content\\\/uploads\\\/sites\\\/2\\\/2026\\\/04\\\/Daniel_Brunnauer_General_Manager_Dachser_Logistikzentrum_Wien-scaled-aspect-ratio-1400-788-scaled-1.jpg\",\"datePublished\":\"2026-04-29T09:02:11+00:00\",\"breadcrumb\":{\"@id\":\"https:\\\/\\\/transportjournal.com\\\/pt-pt\\\/2026\\\/04\\\/29\\\/brunnauer-lidera-a-filial-da-dachser-em-himberg\\\/#breadcrumb\"},\"inLanguage\":\"pt-PT\",\"potentialAction\":[{\"@type\":\"ReadAction\",\"target\":[\"https:\\\/\\\/transportjournal.com\\\/pt-pt\\\/2026\\\/04\\\/29\\\/brunnauer-lidera-a-filial-da-dachser-em-himberg\\\/\"]}]},{\"@type\":\"ImageObject\",\"inLanguage\":\"pt-PT\",\"@id\":\"https:\\\/\\\/transportjournal.com\\\/pt-pt\\\/2026\\\/04\\\/29\\\/brunnauer-lidera-a-filial-da-dachser-em-himberg\\\/#primaryimage\",\"url\":\"https:\\\/\\\/transportjournal.com\\\/wp-content\\\/uploads\\\/sites\\\/2\\\/2026\\\/04\\\/Daniel_Brunnauer_General_Manager_Dachser_Logistikzentrum_Wien-scaled-aspect-ratio-1400-788-scaled-1.jpg\",\"contentUrl\":\"https:\\\/\\\/transportjournal.com\\\/wp-content\\\/uploads\\\/sites\\\/2\\\/2026\\\/04\\\/Daniel_Brunnauer_General_Manager_Dachser_Logistikzentrum_Wien-scaled-aspect-ratio-1400-788-scaled-1.jpg\",\"width\":2560,\"height\":1441},{\"@type\":\"BreadcrumbList\",\"@id\":\"https:\\\/\\\/transportjournal.com\\\/pt-pt\\\/2026\\\/04\\\/29\\\/brunnauer-lidera-a-filial-da-dachser-em-himberg\\\/#breadcrumb\",\"itemListElement\":[{\"@type\":\"ListItem\",\"position\":1,\"name\":\"Startseite\",\"item\":\"https:\\\/\\\/transportjournal.com\\\/pt-pt\\\/\"},{\"@type\":\"ListItem\",\"position\":2,\"name\":\"Brunnauer lidera a filial da Dachser em Himberg\"}]},{\"@type\":\"WebSite\",\"@id\":\"https:\\\/\\\/transportjournal.com\\\/pt-pt\\\/#website\",\"url\":\"https:\\\/\\\/transportjournal.com\\\/pt-pt\\\/\",\"name\":\"ITJ | International Transport Journal\",\"description\":\"Stay informed with the latest global news from the transport, logistics, and supply chain industries. Transport Journal delivers expert insights, analysis, and updates across shipping, aviation, intermodal, and forwarding.\",\"publisher\":{\"@id\":\"https:\\\/\\\/transportjournal.com\\\/pt-pt\\\/#organization\"},\"potentialAction\":[{\"@type\":\"SearchAction\",\"target\":{\"@type\":\"EntryPoint\",\"urlTemplate\":\"https:\\\/\\\/transportjournal.com\\\/pt-pt\\\/?s={search_term_string}\"},\"query-input\":{\"@type\":\"PropertyValueSpecification\",\"valueRequired\":true,\"valueName\":\"search_term_string\"}}],\"inLanguage\":\"pt-PT\"},{\"@type\":\"Organization\",\"@id\":\"https:\\\/\\\/transportjournal.com\\\/pt-pt\\\/#organization\",\"name\":\"Logismedia Group AG\",\"alternateName\":\"Logismedia Group AG\",\"url\":\"https:\\\/\\\/transportjournal.com\\\/pt-pt\\\/\",\"logo\":{\"@type\":\"ImageObject\",\"inLanguage\":\"pt-PT\",\"@id\":\"https:\\\/\\\/transportjournal.com\\\/pt-pt\\\/#\\\/schema\\\/logo\\\/image\\\/\",\"url\":\"https:\\\/\\\/transportjournal.com\\\/wp-content\\\/uploads\\\/sites\\\/2\\\/2025\\\/09\\\/Logo_ITJ.png\",\"contentUrl\":\"https:\\\/\\\/transportjournal.com\\\/wp-content\\\/uploads\\\/sites\\\/2\\\/2025\\\/09\\\/Logo_ITJ.png\",\"width\":799,\"height\":326,\"caption\":\"Logismedia Group AG\"},\"image\":{\"@id\":\"https:\\\/\\\/transportjournal.com\\\/pt-pt\\\/#\\\/schema\\\/logo\\\/image\\\/\"},\"sameAs\":[\"https:\\\/\\\/www.linkedin.com\\\/company\\\/56456496\\\/admin\\\/dashboard\\\/\",\"https:\\\/\\\/www.instagram.com\\\/logismediagroup\\\/\",\"https:\\\/\\\/www.youtube.com\\\/@LogiamediaGroupAG\"]},{\"@type\":\"Person\",\"@id\":\"https:\\\/\\\/transportjournal.com\\\/pt-pt\\\/#\\\/schema\\\/person\\\/cf538b3157f15afd7589245a4b3dbd25\",\"name\":\"Andreas Haug\",\"url\":\"https:\\\/\\\/transportjournal.com\\\/pt-pt\\\/author\\\/andreas\\\/\"}]}<\/script>\n<!-- \/ Yoast SEO plugin. -->","yoast_head_json":{"title":"Brunnauer lidera a filial da Dachser em Himberg - ITJ | International Transport Journal","robots":{"index":"index","follow":"follow","max-snippet":"max-snippet:-1","max-image-preview":"max-image-preview:large","max-video-preview":"max-video-preview:-1"},"canonical":"https:\/\/transportjournal.com\/pt-pt\/2026\/04\/29\/brunnauer-lidera-a-filial-da-dachser-em-himberg\/","og_locale":"pt_PT","og_type":"article","og_title":"Brunnauer lidera a filial da Dachser em Himberg - ITJ | International Transport Journal","og_description":"Daniel Brunnauer assume em 1 de abril de 2026 a posi\u00e7\u00e3o de Gerente Geral para a Log\u00edstica Europeia na Dachser em Himberg e traz mais de 30 anos de experi\u00eancia.","og_url":"https:\/\/transportjournal.com\/pt-pt\/2026\/04\/29\/brunnauer-lidera-a-filial-da-dachser-em-himberg\/","og_site_name":"ITJ | International Transport Journal","article_published_time":"2026-04-29T09:02:11+00:00","og_image":[{"width":2560,"height":1441,"url":"https:\/\/transportjournal.com\/wp-content\/uploads\/sites\/2\/2026\/04\/Daniel_Brunnauer_General_Manager_Dachser_Logistikzentrum_Wien-scaled-aspect-ratio-1400-788-scaled-1.jpg","type":"image\/jpeg"}],"author":"Andreas Haug","twitter_card":"summary_large_image","twitter_misc":{"Escrito por":"Andreas Haug","Tempo estimado de leitura":"2 minutos"},"schema":{"@context":"https:\/\/schema.org","@graph":[{"@type":"Article","@id":"https:\/\/transportjournal.com\/pt-pt\/2026\/04\/29\/brunnauer-lidera-a-filial-da-dachser-em-himberg\/#article","isPartOf":{"@id":"https:\/\/transportjournal.com\/pt-pt\/2026\/04\/29\/brunnauer-lidera-a-filial-da-dachser-em-himberg\/"},"author":{"name":"Andreas Haug","@id":"https:\/\/transportjournal.com\/pt-pt\/#\/schema\/person\/cf538b3157f15afd7589245a4b3dbd25"},"headline":"Brunnauer lidera a filial da Dachser em Himberg","datePublished":"2026-04-29T09:02:11+00:00","mainEntityOfPage":{"@id":"https:\/\/transportjournal.com\/pt-pt\/2026\/04\/29\/brunnauer-lidera-a-filial-da-dachser-em-himberg\/"},"wordCount":381,"commentCount":0,"publisher":{"@id":"https:\/\/transportjournal.com\/pt-pt\/#organization"},"image":{"@id":"https:\/\/transportjournal.com\/pt-pt\/2026\/04\/29\/brunnauer-lidera-a-filial-da-dachser-em-himberg\/#primaryimage"},"thumbnailUrl":"https:\/\/transportjournal.com\/wp-content\/uploads\/sites\/2\/2026\/04\/Daniel_Brunnauer_General_Manager_Dachser_Logistikzentrum_Wien-scaled-aspect-ratio-1400-788-scaled-1.jpg","keywords":["agent de transit","Brunnauer","centre logistique de Vienne","Deutsch DACHSER","d\u00e9veloppement strat\u00e9gique","Digitalisierung in der Logistik","digitalization in logistics","directeur g\u00e9n\u00e9ral","Eastern European transport","employees in logistics","employ\u00e9s dans la logistique","European logistics","Fachkr\u00e4ftemangel in der Logistik","freight forwarding","General Manager","gestion de la cha\u00eene d'approvisionnement","Himberg","hubs logistiques","international charter transport","internationale Charterverkehre","logistics center Vienna","logistics hubs","logistics market Austria","Logistikmarkt \u00d6sterreich","Logistikzentrum Wien","logistique europ\u00e9enne","logistische Drehkreuze","march\u00e9 logistique autrichien","Marktposition st\u00e4rken English Dachser","Mitarbeitende in der Logistik","nachhaltige Logistikl\u00f6sungen","num\u00e9risation dans la logistique","Osteuropaverkehre","p\u00e9nurie de comp\u00e9tences dans la logistique","renforcer la position sur le march\u00e9","Schachinger Transport &amp; Logistics","Schachinger Transport &amp; Logistik","Schachinger Transport &amp; Logistique","secteur du transport et de la logistique","skills shortage in logistics","solutions logistiques durables","Speditionskaufmann","strategic development","strategische Weiterentwicklung","strengthen market position Fran\u00e7ais Dachser","Supply Chain Management","sustainable logistics solutions","transport and logistics industry","transport par affr\u00e8tement international","Transport- und Logistikbranche","transports en Europe de l'Est"],"articleSection":["Europa","Expedi\u00e7\u00e3o de Mercadorias e Log\u00edstica","\u00d6sterreich","Pessoas e empresas"],"inLanguage":"pt-PT","potentialAction":[{"@type":"CommentAction","name":"Comment","target":["https:\/\/transportjournal.com\/pt-pt\/2026\/04\/29\/brunnauer-lidera-a-filial-da-dachser-em-himberg\/#respond"]}]},{"@type":"WebPage","@id":"https:\/\/transportjournal.com\/pt-pt\/2026\/04\/29\/brunnauer-lidera-a-filial-da-dachser-em-himberg\/","url":"https:\/\/transportjournal.com\/pt-pt\/2026\/04\/29\/brunnauer-lidera-a-filial-da-dachser-em-himberg\/","name":"Brunnauer lidera a filial da Dachser em Himberg - ITJ | International Transport Journal","isPartOf":{"@id":"https:\/\/transportjournal.com\/pt-pt\/#website"},"primaryImageOfPage":{"@id":"https:\/\/transportjournal.com\/pt-pt\/2026\/04\/29\/brunnauer-lidera-a-filial-da-dachser-em-himberg\/#primaryimage"},"image":{"@id":"https:\/\/transportjournal.com\/pt-pt\/2026\/04\/29\/brunnauer-lidera-a-filial-da-dachser-em-himberg\/#primaryimage"},"thumbnailUrl":"https:\/\/transportjournal.com\/wp-content\/uploads\/sites\/2\/2026\/04\/Daniel_Brunnauer_General_Manager_Dachser_Logistikzentrum_Wien-scaled-aspect-ratio-1400-788-scaled-1.jpg","datePublished":"2026-04-29T09:02:11+00:00","breadcrumb":{"@id":"https:\/\/transportjournal.com\/pt-pt\/2026\/04\/29\/brunnauer-lidera-a-filial-da-dachser-em-himberg\/#breadcrumb"},"inLanguage":"pt-PT","potentialAction":[{"@type":"ReadAction","target":["https:\/\/transportjournal.com\/pt-pt\/2026\/04\/29\/brunnauer-lidera-a-filial-da-dachser-em-himberg\/"]}]},{"@type":"ImageObject","inLanguage":"pt-PT","@id":"https:\/\/transportjournal.com\/pt-pt\/2026\/04\/29\/brunnauer-lidera-a-filial-da-dachser-em-himberg\/#primaryimage","url":"https:\/\/transportjournal.com\/wp-content\/uploads\/sites\/2\/2026\/04\/Daniel_Brunnauer_General_Manager_Dachser_Logistikzentrum_Wien-scaled-aspect-ratio-1400-788-scaled-1.jpg","contentUrl":"https:\/\/transportjournal.com\/wp-content\/uploads\/sites\/2\/2026\/04\/Daniel_Brunnauer_General_Manager_Dachser_Logistikzentrum_Wien-scaled-aspect-ratio-1400-788-scaled-1.jpg","width":2560,"height":1441},{"@type":"BreadcrumbList","@id":"https:\/\/transportjournal.com\/pt-pt\/2026\/04\/29\/brunnauer-lidera-a-filial-da-dachser-em-himberg\/#breadcrumb","itemListElement":[{"@type":"ListItem","position":1,"name":"Startseite","item":"https:\/\/transportjournal.com\/pt-pt\/"},{"@type":"ListItem","position":2,"name":"Brunnauer lidera a filial da Dachser em Himberg"}]},{"@type":"WebSite","@id":"https:\/\/transportjournal.com\/pt-pt\/#website","url":"https:\/\/transportjournal.com\/pt-pt\/","name":"ITJ | International Transport Journal","description":"Stay informed with the latest global news from the transport, logistics, and supply chain industries. Transport Journal delivers expert insights, analysis, and updates across shipping, aviation, intermodal, and forwarding.","publisher":{"@id":"https:\/\/transportjournal.com\/pt-pt\/#organization"},"potentialAction":[{"@type":"SearchAction","target":{"@type":"EntryPoint","urlTemplate":"https:\/\/transportjournal.com\/pt-pt\/?s={search_term_string}"},"query-input":{"@type":"PropertyValueSpecification","valueRequired":true,"valueName":"search_term_string"}}],"inLanguage":"pt-PT"},{"@type":"Organization","@id":"https:\/\/transportjournal.com\/pt-pt\/#organization","name":"Logismedia Group AG","alternateName":"Logismedia Group AG","url":"https:\/\/transportjournal.com\/pt-pt\/","logo":{"@type":"ImageObject","inLanguage":"pt-PT","@id":"https:\/\/transportjournal.com\/pt-pt\/#\/schema\/logo\/image\/","url":"https:\/\/transportjournal.com\/wp-content\/uploads\/sites\/2\/2025\/09\/Logo_ITJ.png","contentUrl":"https:\/\/transportjournal.com\/wp-content\/uploads\/sites\/2\/2025\/09\/Logo_ITJ.png","width":799,"height":326,"caption":"Logismedia Group AG"},"image":{"@id":"https:\/\/transportjournal.com\/pt-pt\/#\/schema\/logo\/image\/"},"sameAs":["https:\/\/www.linkedin.com\/company\/56456496\/admin\/dashboard\/","https:\/\/www.instagram.com\/logismediagroup\/","https:\/\/www.youtube.com\/@LogiamediaGroupAG"]},{"@type":"Person","@id":"https:\/\/transportjournal.com\/pt-pt\/#\/schema\/person\/cf538b3157f15afd7589245a4b3dbd25","name":"Andreas Haug","url":"https:\/\/transportjournal.com\/pt-pt\/author\/andreas\/"}]}},"_links":{"self":[{"href":"https:\/\/transportjournal.com\/pt-pt\/wp-json\/wp\/v2\/posts\/87245","targetHints":{"allow":["GET"]}}],"collection":[{"href":"https:\/\/transportjournal.com\/pt-pt\/wp-json\/wp\/v2\/posts"}],"about":[{"href":"https:\/\/transportjournal.com\/pt-pt\/wp-json\/wp\/v2\/types\/post"}],"author":[{"embeddable":true,"href":"https:\/\/transportjournal.com\/pt-pt\/wp-json\/wp\/v2\/users\/12"}],"replies":[{"embeddable":true,"href":"https:\/\/transportjournal.com\/pt-pt\/wp-json\/wp\/v2\/comments?post=87245"}],"version-history":[{"count":0,"href":"https:\/\/transportjournal.com\/pt-pt\/wp-json\/wp\/v2\/posts\/87245\/revisions"}],"wp:featuredmedia":[{"embeddable":true,"href":"https:\/\/transportjournal.com\/pt-pt\/wp-json\/wp\/v2\/media\/87240"}],"wp:attachment":[{"href":"https:\/\/transportjournal.com\/pt-pt\/wp-json\/wp\/v2\/media?parent=87245"}],"wp:term":[{"taxonomy":"category","embeddable":true,"href":"https:\/\/transportjournal.com\/pt-pt\/wp-json\/wp\/v2\/categories?post=87245"},{"taxonomy":"post_tag","embeddable":true,"href":"https:\/\/transportjournal.com\/pt-pt\/wp-json\/wp\/v2\/tags?post=87245"}],"curies":[{"name":"wp","href":"https:\/\/api.w.org\/{rel}","templated":true}]}}