{"id":86993,"date":"2026-04-28T10:02:02","date_gmt":"2026-04-28T10:02:02","guid":{"rendered":"https:\/\/transportjournal.com\/2026\/04\/28\/id-logistics-inaugura-novo-centro-logistico\/"},"modified":"2026-04-28T10:02:02","modified_gmt":"2026-04-28T10:02:02","slug":"id-logistics-inaugura-novo-centro-logistico","status":"publish","type":"post","link":"https:\/\/transportjournal.com\/pt-pt\/2026\/04\/28\/id-logistics-inaugura-novo-centro-logistico\/","title":{"rendered":"ID Logistics inaugura novo centro log\u00edstico"},"content":{"rendered":"<p>Para o neg\u00f3cio de log\u00edstica contratual, observa-se uma tend\u00eancia em dire\u00e7\u00e3o a volumes e estruturas maiores no com\u00e9rcio eletr\u00f4nico. Nesse contexto, a ID Logistics Germany anunciou um contrato significativo com um cliente l\u00edder em E-Commerce. O contrato de longo prazo abrange a opera\u00e7\u00e3o de um centro log\u00edstico central com uma \u00e1rea de 72.800 m\u00b2 na regi\u00e3o de Aachen, que servir\u00e1 exclusivamente para o abastecimento de centros de fulfillment e distribui\u00e7\u00e3o.<\/p>\n<h3>In\u00edcio das opera\u00e7\u00f5es em v\u00e1rias fases<\/h3>\n<p>O in\u00edcio das opera\u00e7\u00f5es do im\u00f3vel existente est\u00e1 previsto para o terceiro trimestre deste ano e ocorrer\u00e1 de forma gradual em quatro etapas. A partir do segundo trimestre de 2027, o centro log\u00edstico dever\u00e1 estar em pleno funcionamento com cerca de 300 colaboradores. No pico, at\u00e9 50.000 pacotes ser\u00e3o manuseados diariamente, al\u00e9m de serem armazenados ou despachados.<\/p>\n<p>Robin Otto, CEO da ID Logistics Germany, explica a import\u00e2ncia do projeto: \u201cA magnitude do centro log\u00edstico \u00e9 excepcional para o segmento de E-Commerce e est\u00e1 alinhada ao nosso r\u00e1pido crescimento no ano passado. Com este investimento, tamb\u00e9m demonstramos como conceitos log\u00edsticos sustent\u00e1veis podem ser implementados em im\u00f3veis existentes. Assim, garantimos uma opera\u00e7\u00e3o duradoura e criamos novos empregos em um setor em expans\u00e3o.\u201d<\/p>\n<p>Para o conceito de intralog\u00edstica, a ID Logistics Germany or\u00e7ou um total de 15 milh\u00f5es de euros. Isso deve criar condi\u00e7\u00f5es ideais para o processamento preciso de milh\u00f5es de pacotes no armaz\u00e9m de alta estante com uma altura de 11,5 m e 55 rampas de carga. Est\u00e1 planejada a aquisi\u00e7\u00e3o de armaz\u00e9ns de corredor estreito, bem como empilhadeiras sob medida e tecnologia de transporte complementar.<\/p>\n<h3>Profissionais e empregos na regi\u00e3o<\/h3>\n<p>Outro crit\u00e9rio de sele\u00e7\u00e3o para o local foi o bom acesso a pessoal qualificado na regi\u00e3o populosa. Nos pr\u00f3ximos meses, a ID Logistics criar\u00e1 cerca de 300 vagas, que incluir\u00e3o diversas fun\u00e7\u00f5es nas \u00e1reas de TI, opera\u00e7\u00f5es (como operadores de empilhadeira e separa\u00e7\u00e3o de pedidos) e posi\u00e7\u00f5es de pessoal e gest\u00e3o (lideran\u00e7a de equipe e de turno).<\/p>\n<p>Tim Kr\u00e4mer, prefeito da cidade de Alsdorf, acolhe a instala\u00e7\u00e3o da ID Logistics: \u201cDamos as boas-vindas ao prestador de servi\u00e7os log\u00edsticos inovador e em crescimento. A empresa traz seu know-how log\u00edstico para nossa regi\u00e3o e garante novos empregos em um setor voltado para o futuro. Isso fortalece nosso espa\u00e7o econ\u00f4mico em um segmento de alta valoriza\u00e7\u00e3o, caracterizado por uma alta demanda por pessoal e pelo uso de tecnologia moderna.\u201d<\/p>\n<p>O locador do centro log\u00edstico \u00e9 a Logicor, um propriet\u00e1rio, gestor e desenvolvedor de im\u00f3veis log\u00edsticos europeus. Janica Gerecke, diretora administrativa e chefe da Alemanha na Logicor, se manifesta positivamente sobre a colabora\u00e7\u00e3o: \u201cCom a ID Logistics, ganhamos um inquilino que aproveita ao m\u00e1ximo as qualidades estrat\u00e9gicas do local. Estamos ansiosos por uma parceria de longo prazo e nos orgulhamos de criar, com este im\u00f3vel, a base para o crescimento e novos empregos na regi\u00e3o.\u201d<\/p>\n<p>Geograficamente, a ID Logistics Germany, com o novo local, abre a regi\u00e3o no tri\u00e2ngulo fronteiri\u00e7o Alemanha\u2013B\u00e9lgica\u2013Pa\u00edses Baixos para sua log\u00edstica contratual. Isso complementa a forte presen\u00e7a na regi\u00e3o do Ruhr e oferece condi\u00e7\u00f5es ideais para cadeias de suprimento internacionais.<\/p>\n<p>O novo centro log\u00edstico faz parte da estrat\u00e9gia da ID Logistics de operar cada vez mais grandes im\u00f3veis para a cadeia de suprimento de E-Commerce, que requerem alta demanda por pessoal e forte uso de tecnologia. Isso \u00e9 respaldado por dois projetos de 2025: no parque log\u00edstico Diemelstadt, na Hesse do Norte, a empresa colocou em opera\u00e7\u00e3o um centro de fulfillment com 68.000 m\u00b2, enquanto no Mittelweser Park, na regi\u00e3o de Hannover, as capacidades de E-Commerce foram ampliadas para 77.000 m\u00b2.<\/p>\n","protected":false},"excerpt":{"rendered":"<p>A ID Logistics Alemanha assinou um contrato de longo prazo para um centro log\u00edstico de 72.800 m\u00b2 na regi\u00e3o de Aachen, para atender \u00e0 demanda de e-commerce.<\/p>\n","protected":false},"author":7,"featured_media":86988,"comment_status":"open","ping_status":"","sticky":false,"template":"","format":"standard","meta":{"_acf_changed":false,"footnotes":""},"categories":[9092,1617],"tags":[42853,27917,42854,42855,42856,10067,2115,2116,5090,5091,42857,22235,2122,27923,42858,2123,22237,15474,4570,12828,24530,42859,2373,42860,42861,30857,4571,42862,2133,42863,2379,42864,1831,3371,22439,42865,42866,2382,42867,42868,5108,13919,42869,42870,42871,42872,3157,42873,2145,2148,42874,42875,12840,42876,2106,42877,2397],"class_list":["post-86993","post","type-post","status-publish","format-standard","has-post-thumbnail","hentry","category-deutschland","category-expedicao-e-logistica","tag-betriebsablaeufe-in-der-logistik","tag-centre-de-fulfillment","tag-centre-logistique-aix-la-chapelle","tag-concepts-logistiques-durables","tag-contract-logistics-germany","tag-deutsch-id-logistics","tag-digitalisierung-in-der-logistik","tag-digitalization-in-logistics","tag-e-commerce-logistics","tag-e-commerce-logistik","tag-emplois-logistiques-aix-la-chapelle","tag-entrepot-a-grande-hauteur","tag-fachkraeftemangel-logistik","tag-fulfillment-center","tag-fulfillment-zentrum","tag-gestion-de-la-chaine-dapprovisionnement","tag-high-bay-warehouse","tag-hochregallager","tag-immobilier-logistique","tag-intralogistics-solutions","tag-intralogistik-loesungen","tag-kontraktlogistik-deutschland","tag-labor-shortage-logistics","tag-logistics-center-aachen","tag-logistics-jobs-aachen","tag-logistics-market-germany","tag-logistics-real-estate","tag-logistics-region-tri-border-area","tag-logistics-service-providers","tag-logistics-strategy-e-commerce-francais-id-logistics","tag-logistics-technology","tag-logistik-jobs-aachen","tag-logistikdienstleister","tag-logistikimmobilien","tag-logistikmarkt-deutschland","tag-logistikregion-dreilaendereck","tag-logistikstrategie-e-commerce-english-id-logistics","tag-logistiktechnologie","tag-logistikzentrum-aachen","tag-logistique-contractuelle-allemagne","tag-logistique-e-commerce","tag-marche-logistique-allemagne","tag-nachhaltige-logistikkonzepte","tag-neue-arbeitsplaetze-logistik","tag-new-jobs-logistics","tag-nouveaux-emplois-logistique","tag-numerisation-dans-la-logistique","tag-operational-processes-in-logistics","tag-penurie-de-main-doeuvre-logistique","tag-prestataires-de-services-logistiques","tag-processus-operationnels-en-logistique","tag-region-logistique-triangle-des-frontieres","tag-solutions-dintralogistique","tag-strategie-logistique-e-commerce","tag-supply-chain-management","tag-sustainable-logistics-concepts","tag-technologie-logistique"],"acf":[],"yoast_head":"<!-- This site is optimized with the Yoast SEO plugin v27.3 - https:\/\/yoast.com\/product\/yoast-seo-wordpress\/ -->\n<title>ID Logistics inaugura novo centro log\u00edstico - ITJ | International Transport Journal<\/title>\n<meta name=\"robots\" content=\"index, follow, max-snippet:-1, max-image-preview:large, max-video-preview:-1\" \/>\n<link rel=\"canonical\" href=\"https:\/\/transportjournal.com\/pt-pt\/2026\/04\/28\/id-logistics-inaugura-novo-centro-logistico\/\" \/>\n<meta property=\"og:locale\" content=\"pt_PT\" \/>\n<meta property=\"og:type\" content=\"article\" \/>\n<meta property=\"og:title\" content=\"ID Logistics inaugura novo centro log\u00edstico - ITJ | International Transport Journal\" \/>\n<meta property=\"og:description\" content=\"A ID Logistics Alemanha assinou um contrato de longo prazo para um centro log\u00edstico de 72.800 m\u00b2 na regi\u00e3o de Aachen, para atender \u00e0 demanda de e-commerce.\" \/>\n<meta property=\"og:url\" content=\"https:\/\/transportjournal.com\/pt-pt\/2026\/04\/28\/id-logistics-inaugura-novo-centro-logistico\/\" \/>\n<meta property=\"og:site_name\" content=\"ITJ | International Transport Journal\" \/>\n<meta property=\"article:published_time\" content=\"2026-04-28T10:02:02+00:00\" \/>\n<meta property=\"og:image\" content=\"https:\/\/transportjournal.com\/wp-content\/uploads\/sites\/2\/2026\/04\/DSC1471-1-scaled-1-aspect-ratio-1400-788.jpg\" \/>\n\t<meta property=\"og:image:width\" content=\"2560\" \/>\n\t<meta property=\"og:image:height\" content=\"1441\" \/>\n\t<meta property=\"og:image:type\" content=\"image\/jpeg\" \/>\n<meta name=\"author\" content=\"Andreas M\u00fcller\" \/>\n<meta name=\"twitter:card\" content=\"summary_large_image\" \/>\n<meta name=\"twitter:label1\" content=\"Escrito por\" \/>\n\t<meta name=\"twitter:data1\" content=\"Andreas M\u00fcller\" \/>\n\t<meta name=\"twitter:label2\" content=\"Tempo estimado de leitura\" \/>\n\t<meta name=\"twitter:data2\" content=\"3 minutos\" \/>\n<script type=\"application\/ld+json\" class=\"yoast-schema-graph\">{\"@context\":\"https:\\\/\\\/schema.org\",\"@graph\":[{\"@type\":\"Article\",\"@id\":\"https:\\\/\\\/transportjournal.com\\\/pt-pt\\\/2026\\\/04\\\/28\\\/id-logistics-inaugura-novo-centro-logistico\\\/#article\",\"isPartOf\":{\"@id\":\"https:\\\/\\\/transportjournal.com\\\/pt-pt\\\/2026\\\/04\\\/28\\\/id-logistics-inaugura-novo-centro-logistico\\\/\"},\"author\":{\"name\":\"Andreas M\u00fcller\",\"@id\":\"https:\\\/\\\/transportjournal.com\\\/pt-pt\\\/#\\\/schema\\\/person\\\/7b1593b33567ba798d300c8a1b0b85b1\"},\"headline\":\"ID Logistics inaugura novo centro log\u00edstico\",\"datePublished\":\"2026-04-28T10:02:02+00:00\",\"mainEntityOfPage\":{\"@id\":\"https:\\\/\\\/transportjournal.com\\\/pt-pt\\\/2026\\\/04\\\/28\\\/id-logistics-inaugura-novo-centro-logistico\\\/\"},\"wordCount\":664,\"commentCount\":0,\"publisher\":{\"@id\":\"https:\\\/\\\/transportjournal.com\\\/pt-pt\\\/#organization\"},\"image\":{\"@id\":\"https:\\\/\\\/transportjournal.com\\\/pt-pt\\\/2026\\\/04\\\/28\\\/id-logistics-inaugura-novo-centro-logistico\\\/#primaryimage\"},\"thumbnailUrl\":\"https:\\\/\\\/transportjournal.com\\\/wp-content\\\/uploads\\\/sites\\\/2\\\/2026\\\/04\\\/DSC1471-1-scaled-1-aspect-ratio-1400-788.jpg\",\"keywords\":[\"Betriebsabl\u00e4ufe in der Logistik\",\"centre de fulfillment\",\"centre logistique Aix-la-Chapelle\",\"concepts logistiques durables\",\"contract logistics Germany\",\"Deutsch ID Logistics\",\"Digitalisierung in der Logistik\",\"digitalization in logistics\",\"e-commerce logistics\",\"E-Commerce Logistik\",\"emplois logistiques Aix-la-Chapelle\",\"entrep\u00f4t \u00e0 grande hauteur\",\"Fachkr\u00e4ftemangel Logistik\",\"Fulfillment Center\",\"Fulfillment-Zentrum\",\"gestion de la cha\u00eene d'approvisionnement\",\"high-bay warehouse\",\"Hochregallager\",\"immobilier logistique\",\"intralogistics solutions\",\"Intralogistik L\u00f6sungen\",\"Kontraktlogistik Deutschland\",\"labor shortage logistics\",\"logistics center Aachen\",\"logistics jobs Aachen\",\"logistics market Germany\",\"logistics real estate\",\"logistics region tri-border area\",\"logistics service providers\",\"logistics strategy e-commerce Fran\u00e7ais ID Logistics\",\"logistics technology\",\"Logistik Jobs Aachen\",\"Logistikdienstleister\",\"Logistikimmobilien\",\"Logistikmarkt Deutschland\",\"Logistikregion Dreil\u00e4ndereck\",\"Logistikstrategie E-Commerce English ID Logistics\",\"Logistiktechnologie\",\"Logistikzentrum Aachen\",\"logistique contractuelle Allemagne\",\"logistique e-commerce\",\"march\u00e9 logistique Allemagne\",\"nachhaltige Logistikkonzepte\",\"neue Arbeitspl\u00e4tze Logistik\",\"new jobs logistics\",\"nouveaux emplois logistique\",\"num\u00e9risation dans la logistique\",\"operational processes in logistics\",\"p\u00e9nurie de main-d'\u0153uvre logistique\",\"prestataires de services logistiques\",\"processus op\u00e9rationnels en logistique\",\"r\u00e9gion logistique triangle des fronti\u00e8res\",\"solutions d'intralogistique\",\"strat\u00e9gie logistique e-commerce\",\"Supply Chain Management\",\"sustainable logistics concepts\",\"technologie logistique\"],\"articleSection\":[\"Deutschland\",\"Expedi\u00e7\u00e3o de Mercadorias e Log\u00edstica\"],\"inLanguage\":\"pt-PT\",\"potentialAction\":[{\"@type\":\"CommentAction\",\"name\":\"Comment\",\"target\":[\"https:\\\/\\\/transportjournal.com\\\/pt-pt\\\/2026\\\/04\\\/28\\\/id-logistics-inaugura-novo-centro-logistico\\\/#respond\"]}]},{\"@type\":\"WebPage\",\"@id\":\"https:\\\/\\\/transportjournal.com\\\/pt-pt\\\/2026\\\/04\\\/28\\\/id-logistics-inaugura-novo-centro-logistico\\\/\",\"url\":\"https:\\\/\\\/transportjournal.com\\\/pt-pt\\\/2026\\\/04\\\/28\\\/id-logistics-inaugura-novo-centro-logistico\\\/\",\"name\":\"ID Logistics inaugura novo centro log\u00edstico - ITJ | International Transport Journal\",\"isPartOf\":{\"@id\":\"https:\\\/\\\/transportjournal.com\\\/pt-pt\\\/#website\"},\"primaryImageOfPage\":{\"@id\":\"https:\\\/\\\/transportjournal.com\\\/pt-pt\\\/2026\\\/04\\\/28\\\/id-logistics-inaugura-novo-centro-logistico\\\/#primaryimage\"},\"image\":{\"@id\":\"https:\\\/\\\/transportjournal.com\\\/pt-pt\\\/2026\\\/04\\\/28\\\/id-logistics-inaugura-novo-centro-logistico\\\/#primaryimage\"},\"thumbnailUrl\":\"https:\\\/\\\/transportjournal.com\\\/wp-content\\\/uploads\\\/sites\\\/2\\\/2026\\\/04\\\/DSC1471-1-scaled-1-aspect-ratio-1400-788.jpg\",\"datePublished\":\"2026-04-28T10:02:02+00:00\",\"breadcrumb\":{\"@id\":\"https:\\\/\\\/transportjournal.com\\\/pt-pt\\\/2026\\\/04\\\/28\\\/id-logistics-inaugura-novo-centro-logistico\\\/#breadcrumb\"},\"inLanguage\":\"pt-PT\",\"potentialAction\":[{\"@type\":\"ReadAction\",\"target\":[\"https:\\\/\\\/transportjournal.com\\\/pt-pt\\\/2026\\\/04\\\/28\\\/id-logistics-inaugura-novo-centro-logistico\\\/\"]}]},{\"@type\":\"ImageObject\",\"inLanguage\":\"pt-PT\",\"@id\":\"https:\\\/\\\/transportjournal.com\\\/pt-pt\\\/2026\\\/04\\\/28\\\/id-logistics-inaugura-novo-centro-logistico\\\/#primaryimage\",\"url\":\"https:\\\/\\\/transportjournal.com\\\/wp-content\\\/uploads\\\/sites\\\/2\\\/2026\\\/04\\\/DSC1471-1-scaled-1-aspect-ratio-1400-788.jpg\",\"contentUrl\":\"https:\\\/\\\/transportjournal.com\\\/wp-content\\\/uploads\\\/sites\\\/2\\\/2026\\\/04\\\/DSC1471-1-scaled-1-aspect-ratio-1400-788.jpg\",\"width\":2560,\"height\":1441},{\"@type\":\"BreadcrumbList\",\"@id\":\"https:\\\/\\\/transportjournal.com\\\/pt-pt\\\/2026\\\/04\\\/28\\\/id-logistics-inaugura-novo-centro-logistico\\\/#breadcrumb\",\"itemListElement\":[{\"@type\":\"ListItem\",\"position\":1,\"name\":\"Startseite\",\"item\":\"https:\\\/\\\/transportjournal.com\\\/pt-pt\\\/\"},{\"@type\":\"ListItem\",\"position\":2,\"name\":\"ID Logistics inaugura novo centro log\u00edstico\"}]},{\"@type\":\"WebSite\",\"@id\":\"https:\\\/\\\/transportjournal.com\\\/pt-pt\\\/#website\",\"url\":\"https:\\\/\\\/transportjournal.com\\\/pt-pt\\\/\",\"name\":\"ITJ | International Transport Journal\",\"description\":\"Stay informed with the latest global news from the transport, logistics, and supply chain industries. Transport Journal delivers expert insights, analysis, and updates across shipping, aviation, intermodal, and forwarding.\",\"publisher\":{\"@id\":\"https:\\\/\\\/transportjournal.com\\\/pt-pt\\\/#organization\"},\"potentialAction\":[{\"@type\":\"SearchAction\",\"target\":{\"@type\":\"EntryPoint\",\"urlTemplate\":\"https:\\\/\\\/transportjournal.com\\\/pt-pt\\\/?s={search_term_string}\"},\"query-input\":{\"@type\":\"PropertyValueSpecification\",\"valueRequired\":true,\"valueName\":\"search_term_string\"}}],\"inLanguage\":\"pt-PT\"},{\"@type\":\"Organization\",\"@id\":\"https:\\\/\\\/transportjournal.com\\\/pt-pt\\\/#organization\",\"name\":\"Logismedia Group AG\",\"alternateName\":\"Logismedia Group AG\",\"url\":\"https:\\\/\\\/transportjournal.com\\\/pt-pt\\\/\",\"logo\":{\"@type\":\"ImageObject\",\"inLanguage\":\"pt-PT\",\"@id\":\"https:\\\/\\\/transportjournal.com\\\/pt-pt\\\/#\\\/schema\\\/logo\\\/image\\\/\",\"url\":\"https:\\\/\\\/transportjournal.com\\\/wp-content\\\/uploads\\\/sites\\\/2\\\/2025\\\/09\\\/Logo_ITJ.png\",\"contentUrl\":\"https:\\\/\\\/transportjournal.com\\\/wp-content\\\/uploads\\\/sites\\\/2\\\/2025\\\/09\\\/Logo_ITJ.png\",\"width\":799,\"height\":326,\"caption\":\"Logismedia Group AG\"},\"image\":{\"@id\":\"https:\\\/\\\/transportjournal.com\\\/pt-pt\\\/#\\\/schema\\\/logo\\\/image\\\/\"},\"sameAs\":[\"https:\\\/\\\/www.linkedin.com\\\/company\\\/56456496\\\/admin\\\/dashboard\\\/\",\"https:\\\/\\\/www.instagram.com\\\/logismediagroup\\\/\",\"https:\\\/\\\/www.youtube.com\\\/@LogiamediaGroupAG\"]},{\"@type\":\"Person\",\"@id\":\"https:\\\/\\\/transportjournal.com\\\/pt-pt\\\/#\\\/schema\\\/person\\\/7b1593b33567ba798d300c8a1b0b85b1\",\"name\":\"Andreas M\u00fcller\",\"url\":\"https:\\\/\\\/transportjournal.com\\\/pt-pt\\\/author\\\/logismedia\\\/\"}]}<\/script>\n<!-- \/ Yoast SEO plugin. -->","yoast_head_json":{"title":"ID Logistics inaugura novo centro log\u00edstico - ITJ | International Transport Journal","robots":{"index":"index","follow":"follow","max-snippet":"max-snippet:-1","max-image-preview":"max-image-preview:large","max-video-preview":"max-video-preview:-1"},"canonical":"https:\/\/transportjournal.com\/pt-pt\/2026\/04\/28\/id-logistics-inaugura-novo-centro-logistico\/","og_locale":"pt_PT","og_type":"article","og_title":"ID Logistics inaugura novo centro log\u00edstico - ITJ | International Transport Journal","og_description":"A ID Logistics Alemanha assinou um contrato de longo prazo para um centro log\u00edstico de 72.800 m\u00b2 na regi\u00e3o de Aachen, para atender \u00e0 demanda de e-commerce.","og_url":"https:\/\/transportjournal.com\/pt-pt\/2026\/04\/28\/id-logistics-inaugura-novo-centro-logistico\/","og_site_name":"ITJ | International Transport Journal","article_published_time":"2026-04-28T10:02:02+00:00","og_image":[{"width":2560,"height":1441,"url":"https:\/\/transportjournal.com\/wp-content\/uploads\/sites\/2\/2026\/04\/DSC1471-1-scaled-1-aspect-ratio-1400-788.jpg","type":"image\/jpeg"}],"author":"Andreas M\u00fcller","twitter_card":"summary_large_image","twitter_misc":{"Escrito por":"Andreas M\u00fcller","Tempo estimado de leitura":"3 minutos"},"schema":{"@context":"https:\/\/schema.org","@graph":[{"@type":"Article","@id":"https:\/\/transportjournal.com\/pt-pt\/2026\/04\/28\/id-logistics-inaugura-novo-centro-logistico\/#article","isPartOf":{"@id":"https:\/\/transportjournal.com\/pt-pt\/2026\/04\/28\/id-logistics-inaugura-novo-centro-logistico\/"},"author":{"name":"Andreas M\u00fcller","@id":"https:\/\/transportjournal.com\/pt-pt\/#\/schema\/person\/7b1593b33567ba798d300c8a1b0b85b1"},"headline":"ID Logistics inaugura novo centro log\u00edstico","datePublished":"2026-04-28T10:02:02+00:00","mainEntityOfPage":{"@id":"https:\/\/transportjournal.com\/pt-pt\/2026\/04\/28\/id-logistics-inaugura-novo-centro-logistico\/"},"wordCount":664,"commentCount":0,"publisher":{"@id":"https:\/\/transportjournal.com\/pt-pt\/#organization"},"image":{"@id":"https:\/\/transportjournal.com\/pt-pt\/2026\/04\/28\/id-logistics-inaugura-novo-centro-logistico\/#primaryimage"},"thumbnailUrl":"https:\/\/transportjournal.com\/wp-content\/uploads\/sites\/2\/2026\/04\/DSC1471-1-scaled-1-aspect-ratio-1400-788.jpg","keywords":["Betriebsabl\u00e4ufe in der Logistik","centre de fulfillment","centre logistique Aix-la-Chapelle","concepts logistiques durables","contract logistics Germany","Deutsch ID Logistics","Digitalisierung in der Logistik","digitalization in logistics","e-commerce logistics","E-Commerce Logistik","emplois logistiques Aix-la-Chapelle","entrep\u00f4t \u00e0 grande hauteur","Fachkr\u00e4ftemangel Logistik","Fulfillment Center","Fulfillment-Zentrum","gestion de la cha\u00eene d'approvisionnement","high-bay warehouse","Hochregallager","immobilier logistique","intralogistics solutions","Intralogistik L\u00f6sungen","Kontraktlogistik Deutschland","labor shortage logistics","logistics center Aachen","logistics jobs Aachen","logistics market Germany","logistics real estate","logistics region tri-border area","logistics service providers","logistics strategy e-commerce Fran\u00e7ais ID Logistics","logistics technology","Logistik Jobs Aachen","Logistikdienstleister","Logistikimmobilien","Logistikmarkt Deutschland","Logistikregion Dreil\u00e4ndereck","Logistikstrategie E-Commerce English ID Logistics","Logistiktechnologie","Logistikzentrum Aachen","logistique contractuelle Allemagne","logistique e-commerce","march\u00e9 logistique Allemagne","nachhaltige Logistikkonzepte","neue Arbeitspl\u00e4tze Logistik","new jobs logistics","nouveaux emplois logistique","num\u00e9risation dans la logistique","operational processes in logistics","p\u00e9nurie de main-d'\u0153uvre logistique","prestataires de services logistiques","processus op\u00e9rationnels en logistique","r\u00e9gion logistique triangle des fronti\u00e8res","solutions d'intralogistique","strat\u00e9gie logistique e-commerce","Supply Chain Management","sustainable logistics concepts","technologie logistique"],"articleSection":["Deutschland","Expedi\u00e7\u00e3o de Mercadorias e Log\u00edstica"],"inLanguage":"pt-PT","potentialAction":[{"@type":"CommentAction","name":"Comment","target":["https:\/\/transportjournal.com\/pt-pt\/2026\/04\/28\/id-logistics-inaugura-novo-centro-logistico\/#respond"]}]},{"@type":"WebPage","@id":"https:\/\/transportjournal.com\/pt-pt\/2026\/04\/28\/id-logistics-inaugura-novo-centro-logistico\/","url":"https:\/\/transportjournal.com\/pt-pt\/2026\/04\/28\/id-logistics-inaugura-novo-centro-logistico\/","name":"ID Logistics inaugura novo centro log\u00edstico - ITJ | International Transport Journal","isPartOf":{"@id":"https:\/\/transportjournal.com\/pt-pt\/#website"},"primaryImageOfPage":{"@id":"https:\/\/transportjournal.com\/pt-pt\/2026\/04\/28\/id-logistics-inaugura-novo-centro-logistico\/#primaryimage"},"image":{"@id":"https:\/\/transportjournal.com\/pt-pt\/2026\/04\/28\/id-logistics-inaugura-novo-centro-logistico\/#primaryimage"},"thumbnailUrl":"https:\/\/transportjournal.com\/wp-content\/uploads\/sites\/2\/2026\/04\/DSC1471-1-scaled-1-aspect-ratio-1400-788.jpg","datePublished":"2026-04-28T10:02:02+00:00","breadcrumb":{"@id":"https:\/\/transportjournal.com\/pt-pt\/2026\/04\/28\/id-logistics-inaugura-novo-centro-logistico\/#breadcrumb"},"inLanguage":"pt-PT","potentialAction":[{"@type":"ReadAction","target":["https:\/\/transportjournal.com\/pt-pt\/2026\/04\/28\/id-logistics-inaugura-novo-centro-logistico\/"]}]},{"@type":"ImageObject","inLanguage":"pt-PT","@id":"https:\/\/transportjournal.com\/pt-pt\/2026\/04\/28\/id-logistics-inaugura-novo-centro-logistico\/#primaryimage","url":"https:\/\/transportjournal.com\/wp-content\/uploads\/sites\/2\/2026\/04\/DSC1471-1-scaled-1-aspect-ratio-1400-788.jpg","contentUrl":"https:\/\/transportjournal.com\/wp-content\/uploads\/sites\/2\/2026\/04\/DSC1471-1-scaled-1-aspect-ratio-1400-788.jpg","width":2560,"height":1441},{"@type":"BreadcrumbList","@id":"https:\/\/transportjournal.com\/pt-pt\/2026\/04\/28\/id-logistics-inaugura-novo-centro-logistico\/#breadcrumb","itemListElement":[{"@type":"ListItem","position":1,"name":"Startseite","item":"https:\/\/transportjournal.com\/pt-pt\/"},{"@type":"ListItem","position":2,"name":"ID Logistics inaugura novo centro log\u00edstico"}]},{"@type":"WebSite","@id":"https:\/\/transportjournal.com\/pt-pt\/#website","url":"https:\/\/transportjournal.com\/pt-pt\/","name":"ITJ | International Transport Journal","description":"Stay informed with the latest global news from the transport, logistics, and supply chain industries. Transport Journal delivers expert insights, analysis, and updates across shipping, aviation, intermodal, and forwarding.","publisher":{"@id":"https:\/\/transportjournal.com\/pt-pt\/#organization"},"potentialAction":[{"@type":"SearchAction","target":{"@type":"EntryPoint","urlTemplate":"https:\/\/transportjournal.com\/pt-pt\/?s={search_term_string}"},"query-input":{"@type":"PropertyValueSpecification","valueRequired":true,"valueName":"search_term_string"}}],"inLanguage":"pt-PT"},{"@type":"Organization","@id":"https:\/\/transportjournal.com\/pt-pt\/#organization","name":"Logismedia Group AG","alternateName":"Logismedia Group AG","url":"https:\/\/transportjournal.com\/pt-pt\/","logo":{"@type":"ImageObject","inLanguage":"pt-PT","@id":"https:\/\/transportjournal.com\/pt-pt\/#\/schema\/logo\/image\/","url":"https:\/\/transportjournal.com\/wp-content\/uploads\/sites\/2\/2025\/09\/Logo_ITJ.png","contentUrl":"https:\/\/transportjournal.com\/wp-content\/uploads\/sites\/2\/2025\/09\/Logo_ITJ.png","width":799,"height":326,"caption":"Logismedia Group AG"},"image":{"@id":"https:\/\/transportjournal.com\/pt-pt\/#\/schema\/logo\/image\/"},"sameAs":["https:\/\/www.linkedin.com\/company\/56456496\/admin\/dashboard\/","https:\/\/www.instagram.com\/logismediagroup\/","https:\/\/www.youtube.com\/@LogiamediaGroupAG"]},{"@type":"Person","@id":"https:\/\/transportjournal.com\/pt-pt\/#\/schema\/person\/7b1593b33567ba798d300c8a1b0b85b1","name":"Andreas M\u00fcller","url":"https:\/\/transportjournal.com\/pt-pt\/author\/logismedia\/"}]}},"_links":{"self":[{"href":"https:\/\/transportjournal.com\/pt-pt\/wp-json\/wp\/v2\/posts\/86993","targetHints":{"allow":["GET"]}}],"collection":[{"href":"https:\/\/transportjournal.com\/pt-pt\/wp-json\/wp\/v2\/posts"}],"about":[{"href":"https:\/\/transportjournal.com\/pt-pt\/wp-json\/wp\/v2\/types\/post"}],"author":[{"embeddable":true,"href":"https:\/\/transportjournal.com\/pt-pt\/wp-json\/wp\/v2\/users\/7"}],"replies":[{"embeddable":true,"href":"https:\/\/transportjournal.com\/pt-pt\/wp-json\/wp\/v2\/comments?post=86993"}],"version-history":[{"count":0,"href":"https:\/\/transportjournal.com\/pt-pt\/wp-json\/wp\/v2\/posts\/86993\/revisions"}],"wp:featuredmedia":[{"embeddable":true,"href":"https:\/\/transportjournal.com\/pt-pt\/wp-json\/wp\/v2\/media\/86988"}],"wp:attachment":[{"href":"https:\/\/transportjournal.com\/pt-pt\/wp-json\/wp\/v2\/media?parent=86993"}],"wp:term":[{"taxonomy":"category","embeddable":true,"href":"https:\/\/transportjournal.com\/pt-pt\/wp-json\/wp\/v2\/categories?post=86993"},{"taxonomy":"post_tag","embeddable":true,"href":"https:\/\/transportjournal.com\/pt-pt\/wp-json\/wp\/v2\/tags?post=86993"}],"curies":[{"name":"wp","href":"https:\/\/api.w.org\/{rel}","templated":true}]}}