{"id":86910,"date":"2026-04-28T08:41:03","date_gmt":"2026-04-28T08:41:03","guid":{"rendered":"https:\/\/transportjournal.com\/2026\/04\/28\/bartrums-expande-frota-com-15-reboques\/"},"modified":"2026-04-28T10:55:58","modified_gmt":"2026-04-28T08:55:58","slug":"bartrums-expande-frota-com-15-reboques","status":"publish","type":"post","link":"https:\/\/transportjournal.com\/pt-pt\/2026\/04\/28\/bartrums-expande-frota-com-15-reboques\/","title":{"rendered":"Bartrums expande frota com 15 reboques"},"content":{"rendered":"<p>Bartrums ampliou sua frota com 15 novos reboques de marca dupla. Este investimento, que est\u00e1 na faixa de seis d\u00edgitos, faz parte de uma estrat\u00e9gia de moderniza\u00e7\u00e3o da frota no \u00e2mbito do &#8218;Ano do Crescimento&#8216;, conforme informado pela empresa. Os novos reboques exibem tanto o logotipo da Bartrums quanto o da Pallet Track, o que visa destacar a longa associa\u00e7\u00e3o da empresa com a rede de paletes. Bartrums \u00e9 membro fundador da Pallet Track desde 2004.<\/p>\n<p>Os novos reboques s\u00e3o um complemento \u00e0 frota existente de mais de 200 ve\u00edculos e chegam em um momento em que a Bartrums, segundo suas pr\u00f3prias declara\u00e7\u00f5es, est\u00e1 realizando investimentos significativos em sua infraestrutura. Tremayne Johnson, gerente de opera\u00e7\u00f5es da Bartrums, comentou sobre os novos reboques: \u201cComo membros fundadores da Pallet Track em 2004, n\u00e3o poder\u00edamos estar mais orgulhosos de nossos novos reboques de marca dupla. Nossa associa\u00e7\u00e3o com a Pallet Track \u00e9 uma parte absolutamente integral de todo o nosso portf\u00f3lio de servi\u00e7os.\u201d<\/p>\n<p>No total, a Bartrums destinou cerca de 4 milh\u00f5es de libras este ano para a atualiza\u00e7\u00e3o de sua frota. Isso inclui a cria\u00e7\u00e3o de uma esta\u00e7\u00e3o de carregamento para ve\u00edculos el\u00e9tricos. 12 dos 15 novos reboques s\u00e3o do fabricante alem\u00e3o Schmitz Cargobull.<\/p>\n<p><a href=\"https:\/\/bartrums.com\/\" target=\"_blank\" rel=\"noopener noreferrer\">www.bartrums.com<\/a><\/p>\n","protected":false},"excerpt":{"rendered":"<p>Bartrums ampliou sua frota com 15 novos reboques de dupla marca, que devem enfatizar a parceria com a Pallet Track.<\/p>\n","protected":false},"author":10,"featured_media":86905,"comment_status":"open","ping_status":"","sticky":false,"template":"","format":"standard","meta":{"_acf_changed":false,"footnotes":""},"categories":[1623,1616],"tags":[42680,42681,42682,42683,42684,42685,42686,42687,42688,42689,42690,26555,7919,1796,26559,1864,42691,2419,36120,18823,2421,2125,3682,3683,42692,42693,42694,2132,2469,2135,1831,2622,42695,3427,1800,42696,42697,42698,13417,2481,42699,42700,40307,2153,3572,2641,2155,3574,3575,1837,36128,7944,42701],"class_list":["post-86910","post","type-post","status-publish","format-standard","has-post-thumbnail","hentry","category-europa","category-intermodal-rodoviario","tag-acheter-des-remorques","tag-adhesion-a-pallet-track","tag-anhaenger-kaufen","tag-annee-de-croissance","tag-bartrums-operations-manager","tag-betriebsleiter-bartrums","tag-buying-trailers","tag-deutsch-bartrums","tag-directeur-des-operations-bartrums","tag-doppelmarkenanhaenger","tag-double-deck-trailers","tag-elargir-la-flotte","tag-electric-vehicles","tag-elektrofahrzeuge","tag-expanding-fleet","tag-fahrzeugflotte","tag-fleet-investment","tag-fleet-modernization","tag-flotte-de-vehicules","tag-flotte-erweitern","tag-flottenmodernisierung","tag-industrie-du-transport","tag-infrastructure","tag-infrastruktur","tag-investissement-dans-la-flotte","tag-investitionen-in-flotte","tag-jahres-des-wachstums","tag-logistics-sector","tag-logistics-service-provider","tag-logistikbranche","tag-logistikdienstleister","tag-logistique-durable","tag-mitgliedschaft-pallet-track-english-bartrums","tag-modernisation-de-flotte","tag-nachhaltige-logistik","tag-palettennetzwerk","tag-pallet-network","tag-pallet-track-membership-francais-bartrums","tag-pallet-track","tag-prestataire-logistique","tag-remorques-a-double-etage","tag-reseau-de-palettes","tag-schmitz-cargobull","tag-secteur-logistique","tag-solutions-de-transport","tag-sustainable-logistics","tag-transport-industry","tag-transport-solutions","tag-transportloesungen","tag-transportwirtschaft","tag-vehicle-fleet","tag-vehicules-electriques","tag-year-of-growth"],"acf":[],"yoast_head":"<!-- This site is optimized with the Yoast SEO plugin v27.3 - https:\/\/yoast.com\/product\/yoast-seo-wordpress\/ -->\n<title>Bartrums expande frota com 15 reboques - ITJ | International Transport Journal<\/title>\n<meta name=\"robots\" content=\"index, follow, max-snippet:-1, max-image-preview:large, max-video-preview:-1\" \/>\n<link rel=\"canonical\" href=\"https:\/\/transportjournal.com\/pt-pt\/2026\/04\/28\/bartrums-expande-frota-com-15-reboques\/\" \/>\n<meta property=\"og:locale\" content=\"pt_PT\" \/>\n<meta property=\"og:type\" content=\"article\" \/>\n<meta property=\"og:title\" content=\"Bartrums expande frota com 15 reboques - ITJ | International Transport Journal\" \/>\n<meta property=\"og:description\" content=\"Bartrums ampliou sua frota com 15 novos reboques de dupla marca, que devem enfatizar a parceria com a Pallet Track.\" \/>\n<meta property=\"og:url\" content=\"https:\/\/transportjournal.com\/pt-pt\/2026\/04\/28\/bartrums-expande-frota-com-15-reboques\/\" \/>\n<meta property=\"og:site_name\" content=\"ITJ | International Transport Journal\" \/>\n<meta property=\"article:published_time\" content=\"2026-04-28T08:41:03+00:00\" \/>\n<meta property=\"article:modified_time\" content=\"2026-04-28T08:55:58+00:00\" \/>\n<meta property=\"og:image\" content=\"https:\/\/transportjournal.com\/wp-content\/uploads\/sites\/2\/2026\/04\/Bartrums-34-aspect-ratio-1400-788.jpg\" \/>\n\t<meta property=\"og:image:width\" content=\"2500\" \/>\n\t<meta property=\"og:image:height\" content=\"1407\" \/>\n\t<meta property=\"og:image:type\" content=\"image\/jpeg\" \/>\n<meta name=\"author\" content=\"Jeremy Soland\" \/>\n<meta name=\"twitter:card\" content=\"summary_large_image\" \/>\n<meta name=\"twitter:label1\" content=\"Escrito por\" \/>\n\t<meta name=\"twitter:data1\" content=\"Jeremy Soland\" \/>\n\t<meta name=\"twitter:label2\" content=\"Tempo estimado de leitura\" \/>\n\t<meta name=\"twitter:data2\" content=\"1 minuto\" \/>\n<script type=\"application\/ld+json\" class=\"yoast-schema-graph\">{\"@context\":\"https:\\\/\\\/schema.org\",\"@graph\":[{\"@type\":\"Article\",\"@id\":\"https:\\\/\\\/transportjournal.com\\\/pt-pt\\\/2026\\\/04\\\/28\\\/bartrums-expande-frota-com-15-reboques\\\/#article\",\"isPartOf\":{\"@id\":\"https:\\\/\\\/transportjournal.com\\\/pt-pt\\\/2026\\\/04\\\/28\\\/bartrums-expande-frota-com-15-reboques\\\/\"},\"author\":{\"name\":\"Jeremy Soland\",\"@id\":\"https:\\\/\\\/transportjournal.com\\\/pt-pt\\\/#\\\/schema\\\/person\\\/41d36b5474b623392fa613e97e2363fa\"},\"headline\":\"Bartrums expande frota com 15 reboques\",\"datePublished\":\"2026-04-28T08:41:03+00:00\",\"dateModified\":\"2026-04-28T08:55:58+00:00\",\"mainEntityOfPage\":{\"@id\":\"https:\\\/\\\/transportjournal.com\\\/pt-pt\\\/2026\\\/04\\\/28\\\/bartrums-expande-frota-com-15-reboques\\\/\"},\"wordCount\":222,\"commentCount\":0,\"publisher\":{\"@id\":\"https:\\\/\\\/transportjournal.com\\\/pt-pt\\\/#organization\"},\"image\":{\"@id\":\"https:\\\/\\\/transportjournal.com\\\/pt-pt\\\/2026\\\/04\\\/28\\\/bartrums-expande-frota-com-15-reboques\\\/#primaryimage\"},\"thumbnailUrl\":\"https:\\\/\\\/transportjournal.com\\\/wp-content\\\/uploads\\\/sites\\\/2\\\/2026\\\/04\\\/Bartrums-34-aspect-ratio-1400-788.jpg\",\"keywords\":[\"acheter des remorques\",\"adh\u00e9sion \u00e0 Pallet Track\",\"Anh\u00e4nger kaufen\",\"ann\u00e9e de croissance\",\"Bartrums operations manager\",\"Betriebsleiter Bartrums\",\"buying trailers\",\"Deutsch Bartrums\",\"directeur des op\u00e9rations Bartrums\",\"Doppelmarkenanh\u00e4nger\",\"double-deck trailers\",\"\u00e9largir la flotte\",\"electric vehicles\",\"Elektrofahrzeuge\",\"expanding fleet\",\"Fahrzeugflotte\",\"fleet investment\",\"fleet modernization\",\"flotte de v\u00e9hicules\",\"Flotte erweitern\",\"Flottenmodernisierung\",\"industrie du transport\",\"infrastructure\",\"Infrastruktur\",\"investissement dans la flotte\",\"Investitionen in Flotte\",\"Jahres des Wachstums\",\"logistics sector\",\"logistics service provider\",\"Logistikbranche\",\"Logistikdienstleister\",\"logistique durable\",\"Mitgliedschaft Pallet Track English Bartrums\",\"modernisation de flotte\",\"nachhaltige Logistik\",\"Palettennetzwerk\",\"pallet network\",\"Pallet Track membership Fran\u00e7ais Bartrums\",\"Pallet-Track\",\"prestataire logistique\",\"remorques \u00e0 double \u00e9tage\",\"r\u00e9seau de palettes\",\"Schmitz Cargobull\",\"secteur logistique\",\"solutions de transport\",\"sustainable logistics\",\"transport industry\",\"transport solutions\",\"Transportl\u00f6sungen\",\"Transportwirtschaft\",\"vehicle fleet\",\"v\u00e9hicules \u00e9lectriques\",\"year of growth\"],\"articleSection\":[\"Europa\",\"Intermodal \\\/ Rodovi\u00e1rio\"],\"inLanguage\":\"pt-PT\",\"potentialAction\":[{\"@type\":\"CommentAction\",\"name\":\"Comment\",\"target\":[\"https:\\\/\\\/transportjournal.com\\\/pt-pt\\\/2026\\\/04\\\/28\\\/bartrums-expande-frota-com-15-reboques\\\/#respond\"]}]},{\"@type\":\"WebPage\",\"@id\":\"https:\\\/\\\/transportjournal.com\\\/pt-pt\\\/2026\\\/04\\\/28\\\/bartrums-expande-frota-com-15-reboques\\\/\",\"url\":\"https:\\\/\\\/transportjournal.com\\\/pt-pt\\\/2026\\\/04\\\/28\\\/bartrums-expande-frota-com-15-reboques\\\/\",\"name\":\"Bartrums expande frota com 15 reboques - ITJ | International Transport Journal\",\"isPartOf\":{\"@id\":\"https:\\\/\\\/transportjournal.com\\\/pt-pt\\\/#website\"},\"primaryImageOfPage\":{\"@id\":\"https:\\\/\\\/transportjournal.com\\\/pt-pt\\\/2026\\\/04\\\/28\\\/bartrums-expande-frota-com-15-reboques\\\/#primaryimage\"},\"image\":{\"@id\":\"https:\\\/\\\/transportjournal.com\\\/pt-pt\\\/2026\\\/04\\\/28\\\/bartrums-expande-frota-com-15-reboques\\\/#primaryimage\"},\"thumbnailUrl\":\"https:\\\/\\\/transportjournal.com\\\/wp-content\\\/uploads\\\/sites\\\/2\\\/2026\\\/04\\\/Bartrums-34-aspect-ratio-1400-788.jpg\",\"datePublished\":\"2026-04-28T08:41:03+00:00\",\"dateModified\":\"2026-04-28T08:55:58+00:00\",\"breadcrumb\":{\"@id\":\"https:\\\/\\\/transportjournal.com\\\/pt-pt\\\/2026\\\/04\\\/28\\\/bartrums-expande-frota-com-15-reboques\\\/#breadcrumb\"},\"inLanguage\":\"pt-PT\",\"potentialAction\":[{\"@type\":\"ReadAction\",\"target\":[\"https:\\\/\\\/transportjournal.com\\\/pt-pt\\\/2026\\\/04\\\/28\\\/bartrums-expande-frota-com-15-reboques\\\/\"]}]},{\"@type\":\"ImageObject\",\"inLanguage\":\"pt-PT\",\"@id\":\"https:\\\/\\\/transportjournal.com\\\/pt-pt\\\/2026\\\/04\\\/28\\\/bartrums-expande-frota-com-15-reboques\\\/#primaryimage\",\"url\":\"https:\\\/\\\/transportjournal.com\\\/wp-content\\\/uploads\\\/sites\\\/2\\\/2026\\\/04\\\/Bartrums-34-aspect-ratio-1400-788.jpg\",\"contentUrl\":\"https:\\\/\\\/transportjournal.com\\\/wp-content\\\/uploads\\\/sites\\\/2\\\/2026\\\/04\\\/Bartrums-34-aspect-ratio-1400-788.jpg\",\"width\":2500,\"height\":1407},{\"@type\":\"BreadcrumbList\",\"@id\":\"https:\\\/\\\/transportjournal.com\\\/pt-pt\\\/2026\\\/04\\\/28\\\/bartrums-expande-frota-com-15-reboques\\\/#breadcrumb\",\"itemListElement\":[{\"@type\":\"ListItem\",\"position\":1,\"name\":\"Startseite\",\"item\":\"https:\\\/\\\/transportjournal.com\\\/pt-pt\\\/\"},{\"@type\":\"ListItem\",\"position\":2,\"name\":\"Bartrums expande frota com 15 reboques\"}]},{\"@type\":\"WebSite\",\"@id\":\"https:\\\/\\\/transportjournal.com\\\/pt-pt\\\/#website\",\"url\":\"https:\\\/\\\/transportjournal.com\\\/pt-pt\\\/\",\"name\":\"ITJ | International Transport Journal\",\"description\":\"Stay informed with the latest global news from the transport, logistics, and supply chain industries. Transport Journal delivers expert insights, analysis, and updates across shipping, aviation, intermodal, and forwarding.\",\"publisher\":{\"@id\":\"https:\\\/\\\/transportjournal.com\\\/pt-pt\\\/#organization\"},\"potentialAction\":[{\"@type\":\"SearchAction\",\"target\":{\"@type\":\"EntryPoint\",\"urlTemplate\":\"https:\\\/\\\/transportjournal.com\\\/pt-pt\\\/?s={search_term_string}\"},\"query-input\":{\"@type\":\"PropertyValueSpecification\",\"valueRequired\":true,\"valueName\":\"search_term_string\"}}],\"inLanguage\":\"pt-PT\"},{\"@type\":\"Organization\",\"@id\":\"https:\\\/\\\/transportjournal.com\\\/pt-pt\\\/#organization\",\"name\":\"Logismedia Group AG\",\"alternateName\":\"Logismedia Group AG\",\"url\":\"https:\\\/\\\/transportjournal.com\\\/pt-pt\\\/\",\"logo\":{\"@type\":\"ImageObject\",\"inLanguage\":\"pt-PT\",\"@id\":\"https:\\\/\\\/transportjournal.com\\\/pt-pt\\\/#\\\/schema\\\/logo\\\/image\\\/\",\"url\":\"https:\\\/\\\/transportjournal.com\\\/wp-content\\\/uploads\\\/sites\\\/2\\\/2025\\\/09\\\/Logo_ITJ.png\",\"contentUrl\":\"https:\\\/\\\/transportjournal.com\\\/wp-content\\\/uploads\\\/sites\\\/2\\\/2025\\\/09\\\/Logo_ITJ.png\",\"width\":799,\"height\":326,\"caption\":\"Logismedia Group AG\"},\"image\":{\"@id\":\"https:\\\/\\\/transportjournal.com\\\/pt-pt\\\/#\\\/schema\\\/logo\\\/image\\\/\"},\"sameAs\":[\"https:\\\/\\\/www.linkedin.com\\\/company\\\/56456496\\\/admin\\\/dashboard\\\/\",\"https:\\\/\\\/www.instagram.com\\\/logismediagroup\\\/\",\"https:\\\/\\\/www.youtube.com\\\/@LogiamediaGroupAG\"]},{\"@type\":\"Person\",\"@id\":\"https:\\\/\\\/transportjournal.com\\\/pt-pt\\\/#\\\/schema\\\/person\\\/41d36b5474b623392fa613e97e2363fa\",\"name\":\"Jeremy Soland\",\"url\":\"https:\\\/\\\/transportjournal.com\\\/pt-pt\\\/author\\\/jeremy\\\/\"}]}<\/script>\n<!-- \/ Yoast SEO plugin. -->","yoast_head_json":{"title":"Bartrums expande frota com 15 reboques - ITJ | International Transport Journal","robots":{"index":"index","follow":"follow","max-snippet":"max-snippet:-1","max-image-preview":"max-image-preview:large","max-video-preview":"max-video-preview:-1"},"canonical":"https:\/\/transportjournal.com\/pt-pt\/2026\/04\/28\/bartrums-expande-frota-com-15-reboques\/","og_locale":"pt_PT","og_type":"article","og_title":"Bartrums expande frota com 15 reboques - ITJ | International Transport Journal","og_description":"Bartrums ampliou sua frota com 15 novos reboques de dupla marca, que devem enfatizar a parceria com a Pallet Track.","og_url":"https:\/\/transportjournal.com\/pt-pt\/2026\/04\/28\/bartrums-expande-frota-com-15-reboques\/","og_site_name":"ITJ | International Transport Journal","article_published_time":"2026-04-28T08:41:03+00:00","article_modified_time":"2026-04-28T08:55:58+00:00","og_image":[{"width":2500,"height":1407,"url":"https:\/\/transportjournal.com\/wp-content\/uploads\/sites\/2\/2026\/04\/Bartrums-34-aspect-ratio-1400-788.jpg","type":"image\/jpeg"}],"author":"Jeremy Soland","twitter_card":"summary_large_image","twitter_misc":{"Escrito por":"Jeremy Soland","Tempo estimado de leitura":"1 minuto"},"schema":{"@context":"https:\/\/schema.org","@graph":[{"@type":"Article","@id":"https:\/\/transportjournal.com\/pt-pt\/2026\/04\/28\/bartrums-expande-frota-com-15-reboques\/#article","isPartOf":{"@id":"https:\/\/transportjournal.com\/pt-pt\/2026\/04\/28\/bartrums-expande-frota-com-15-reboques\/"},"author":{"name":"Jeremy Soland","@id":"https:\/\/transportjournal.com\/pt-pt\/#\/schema\/person\/41d36b5474b623392fa613e97e2363fa"},"headline":"Bartrums expande frota com 15 reboques","datePublished":"2026-04-28T08:41:03+00:00","dateModified":"2026-04-28T08:55:58+00:00","mainEntityOfPage":{"@id":"https:\/\/transportjournal.com\/pt-pt\/2026\/04\/28\/bartrums-expande-frota-com-15-reboques\/"},"wordCount":222,"commentCount":0,"publisher":{"@id":"https:\/\/transportjournal.com\/pt-pt\/#organization"},"image":{"@id":"https:\/\/transportjournal.com\/pt-pt\/2026\/04\/28\/bartrums-expande-frota-com-15-reboques\/#primaryimage"},"thumbnailUrl":"https:\/\/transportjournal.com\/wp-content\/uploads\/sites\/2\/2026\/04\/Bartrums-34-aspect-ratio-1400-788.jpg","keywords":["acheter des remorques","adh\u00e9sion \u00e0 Pallet Track","Anh\u00e4nger kaufen","ann\u00e9e de croissance","Bartrums operations manager","Betriebsleiter Bartrums","buying trailers","Deutsch Bartrums","directeur des op\u00e9rations Bartrums","Doppelmarkenanh\u00e4nger","double-deck trailers","\u00e9largir la flotte","electric vehicles","Elektrofahrzeuge","expanding fleet","Fahrzeugflotte","fleet investment","fleet modernization","flotte de v\u00e9hicules","Flotte erweitern","Flottenmodernisierung","industrie du transport","infrastructure","Infrastruktur","investissement dans la flotte","Investitionen in Flotte","Jahres des Wachstums","logistics sector","logistics service provider","Logistikbranche","Logistikdienstleister","logistique durable","Mitgliedschaft Pallet Track English Bartrums","modernisation de flotte","nachhaltige Logistik","Palettennetzwerk","pallet network","Pallet Track membership Fran\u00e7ais Bartrums","Pallet-Track","prestataire logistique","remorques \u00e0 double \u00e9tage","r\u00e9seau de palettes","Schmitz Cargobull","secteur logistique","solutions de transport","sustainable logistics","transport industry","transport solutions","Transportl\u00f6sungen","Transportwirtschaft","vehicle fleet","v\u00e9hicules \u00e9lectriques","year of growth"],"articleSection":["Europa","Intermodal \/ Rodovi\u00e1rio"],"inLanguage":"pt-PT","potentialAction":[{"@type":"CommentAction","name":"Comment","target":["https:\/\/transportjournal.com\/pt-pt\/2026\/04\/28\/bartrums-expande-frota-com-15-reboques\/#respond"]}]},{"@type":"WebPage","@id":"https:\/\/transportjournal.com\/pt-pt\/2026\/04\/28\/bartrums-expande-frota-com-15-reboques\/","url":"https:\/\/transportjournal.com\/pt-pt\/2026\/04\/28\/bartrums-expande-frota-com-15-reboques\/","name":"Bartrums expande frota com 15 reboques - ITJ | International Transport Journal","isPartOf":{"@id":"https:\/\/transportjournal.com\/pt-pt\/#website"},"primaryImageOfPage":{"@id":"https:\/\/transportjournal.com\/pt-pt\/2026\/04\/28\/bartrums-expande-frota-com-15-reboques\/#primaryimage"},"image":{"@id":"https:\/\/transportjournal.com\/pt-pt\/2026\/04\/28\/bartrums-expande-frota-com-15-reboques\/#primaryimage"},"thumbnailUrl":"https:\/\/transportjournal.com\/wp-content\/uploads\/sites\/2\/2026\/04\/Bartrums-34-aspect-ratio-1400-788.jpg","datePublished":"2026-04-28T08:41:03+00:00","dateModified":"2026-04-28T08:55:58+00:00","breadcrumb":{"@id":"https:\/\/transportjournal.com\/pt-pt\/2026\/04\/28\/bartrums-expande-frota-com-15-reboques\/#breadcrumb"},"inLanguage":"pt-PT","potentialAction":[{"@type":"ReadAction","target":["https:\/\/transportjournal.com\/pt-pt\/2026\/04\/28\/bartrums-expande-frota-com-15-reboques\/"]}]},{"@type":"ImageObject","inLanguage":"pt-PT","@id":"https:\/\/transportjournal.com\/pt-pt\/2026\/04\/28\/bartrums-expande-frota-com-15-reboques\/#primaryimage","url":"https:\/\/transportjournal.com\/wp-content\/uploads\/sites\/2\/2026\/04\/Bartrums-34-aspect-ratio-1400-788.jpg","contentUrl":"https:\/\/transportjournal.com\/wp-content\/uploads\/sites\/2\/2026\/04\/Bartrums-34-aspect-ratio-1400-788.jpg","width":2500,"height":1407},{"@type":"BreadcrumbList","@id":"https:\/\/transportjournal.com\/pt-pt\/2026\/04\/28\/bartrums-expande-frota-com-15-reboques\/#breadcrumb","itemListElement":[{"@type":"ListItem","position":1,"name":"Startseite","item":"https:\/\/transportjournal.com\/pt-pt\/"},{"@type":"ListItem","position":2,"name":"Bartrums expande frota com 15 reboques"}]},{"@type":"WebSite","@id":"https:\/\/transportjournal.com\/pt-pt\/#website","url":"https:\/\/transportjournal.com\/pt-pt\/","name":"ITJ | International Transport Journal","description":"Stay informed with the latest global news from the transport, logistics, and supply chain industries. Transport Journal delivers expert insights, analysis, and updates across shipping, aviation, intermodal, and forwarding.","publisher":{"@id":"https:\/\/transportjournal.com\/pt-pt\/#organization"},"potentialAction":[{"@type":"SearchAction","target":{"@type":"EntryPoint","urlTemplate":"https:\/\/transportjournal.com\/pt-pt\/?s={search_term_string}"},"query-input":{"@type":"PropertyValueSpecification","valueRequired":true,"valueName":"search_term_string"}}],"inLanguage":"pt-PT"},{"@type":"Organization","@id":"https:\/\/transportjournal.com\/pt-pt\/#organization","name":"Logismedia Group AG","alternateName":"Logismedia Group AG","url":"https:\/\/transportjournal.com\/pt-pt\/","logo":{"@type":"ImageObject","inLanguage":"pt-PT","@id":"https:\/\/transportjournal.com\/pt-pt\/#\/schema\/logo\/image\/","url":"https:\/\/transportjournal.com\/wp-content\/uploads\/sites\/2\/2025\/09\/Logo_ITJ.png","contentUrl":"https:\/\/transportjournal.com\/wp-content\/uploads\/sites\/2\/2025\/09\/Logo_ITJ.png","width":799,"height":326,"caption":"Logismedia Group AG"},"image":{"@id":"https:\/\/transportjournal.com\/pt-pt\/#\/schema\/logo\/image\/"},"sameAs":["https:\/\/www.linkedin.com\/company\/56456496\/admin\/dashboard\/","https:\/\/www.instagram.com\/logismediagroup\/","https:\/\/www.youtube.com\/@LogiamediaGroupAG"]},{"@type":"Person","@id":"https:\/\/transportjournal.com\/pt-pt\/#\/schema\/person\/41d36b5474b623392fa613e97e2363fa","name":"Jeremy Soland","url":"https:\/\/transportjournal.com\/pt-pt\/author\/jeremy\/"}]}},"_links":{"self":[{"href":"https:\/\/transportjournal.com\/pt-pt\/wp-json\/wp\/v2\/posts\/86910","targetHints":{"allow":["GET"]}}],"collection":[{"href":"https:\/\/transportjournal.com\/pt-pt\/wp-json\/wp\/v2\/posts"}],"about":[{"href":"https:\/\/transportjournal.com\/pt-pt\/wp-json\/wp\/v2\/types\/post"}],"author":[{"embeddable":true,"href":"https:\/\/transportjournal.com\/pt-pt\/wp-json\/wp\/v2\/users\/10"}],"replies":[{"embeddable":true,"href":"https:\/\/transportjournal.com\/pt-pt\/wp-json\/wp\/v2\/comments?post=86910"}],"version-history":[{"count":1,"href":"https:\/\/transportjournal.com\/pt-pt\/wp-json\/wp\/v2\/posts\/86910\/revisions"}],"predecessor-version":[{"id":86917,"href":"https:\/\/transportjournal.com\/pt-pt\/wp-json\/wp\/v2\/posts\/86910\/revisions\/86917"}],"wp:featuredmedia":[{"embeddable":true,"href":"https:\/\/transportjournal.com\/pt-pt\/wp-json\/wp\/v2\/media\/86905"}],"wp:attachment":[{"href":"https:\/\/transportjournal.com\/pt-pt\/wp-json\/wp\/v2\/media?parent=86910"}],"wp:term":[{"taxonomy":"category","embeddable":true,"href":"https:\/\/transportjournal.com\/pt-pt\/wp-json\/wp\/v2\/categories?post=86910"},{"taxonomy":"post_tag","embeddable":true,"href":"https:\/\/transportjournal.com\/pt-pt\/wp-json\/wp\/v2\/tags?post=86910"}],"curies":[{"name":"wp","href":"https:\/\/api.w.org\/{rel}","templated":true}]}}