{"id":86902,"date":"2026-04-28T08:03:42","date_gmt":"2026-04-28T08:03:42","guid":{"rendered":"https:\/\/transportjournal.com\/2026\/04\/28\/porto-de-barcelona-apresenta-plano-de-desenvolvimento-2026-2030\/"},"modified":"2026-04-28T13:13:45","modified_gmt":"2026-04-28T11:13:45","slug":"porto-de-barcelona-apresenta-plano-de-desenvolvimento-2026-2030","status":"publish","type":"post","link":"https:\/\/transportjournal.com\/pt-pt\/2026\/04\/28\/porto-de-barcelona-apresenta-plano-de-desenvolvimento-2026-2030\/","title":{"rendered":"Porto de Barcelona apresenta plano de desenvolvimento 2026-2030"},"content":{"rendered":"<p>O porto de Barcelona apresentou o quinto plano estrat\u00e9gico para os anos 2026 a 2030, que serve como um roteiro para seu desenvolvimento futuro. Este plano, considerado pelo porto como o maior ciclo de investimento em sua hist\u00f3ria, visa otimizar a infraestrutura, a conectividade e o fornecimento de energia. O objetivo \u00e9 fortalecer a resili\u00eancia do porto em um cen\u00e1rio global cada vez mais inst\u00e1vel, conforme comunicado pelo porto.<\/p>\n<h3>Medidas para a transforma\u00e7\u00e3o<\/h3>\n<p>O plano estrat\u00e9gico est\u00e1 dividido em um plano de a\u00e7\u00e3o com 120 iniciativas, que s\u00e3o subdivididas em 25 objetivos ambientais, sociais e econ\u00f4micos espec\u00edficos. O porto de Barcelona, com essa abordagem, busca garantir a competitividade do setor comercial enquanto promove a sustentabilidade. Uma preocupa\u00e7\u00e3o central do plano \u00e9 a constru\u00e7\u00e3o de infraestruturas s\u00f3lidas e modernas que possibilitem uma melhor conectividade. Isso \u00e9, segundo a empresa, especialmente importante para manter o papel do porto como motor econ\u00f4mico e social da regi\u00e3o.<\/p>\n<p><a href=\"https:\/\/www.portdebarcelona.cat\/en\" target=\"_blank\" rel=\"noopener noreferrer\">www.portdebarcelona.cat<\/a><\/p>\n","protected":false},"excerpt":{"rendered":"<p>O porto de Barcelona apresentou um plano estrat\u00e9gico para 2026 a 2030, visando melhorar a infraestrutura e a sustentabilidade e garantir a competitividade.<\/p>\n","protected":false},"author":10,"featured_media":86897,"comment_status":"open","ping_status":"","sticky":false,"template":"","format":"standard","meta":{"_acf_changed":false,"footnotes":""},"categories":[1623,1619],"tags":[42642,42643,42644,42645,42646,10388,42647,3710,3711,18244,42648,42649,42650,42651,2122,42652,42653,42654,10399,42655,42656,4814,4054,4815,42657,42658,42659,42660,6987,4829,3726,42661,42662,42663,10408,2479,42664,42665,42666,42667,4065,42668,42669,6999,42670,2339,42671,42672,42673,42674,42675,18264,42676,4841,4842,42677,42678,42679],"class_list":["post-86902","post","type-post","status-publish","format-standard","has-post-thumbnail","hentry","category-europa","category-navegacao-e-portos","tag-approvisionnement-energetique-port","tag-competitiveness-port-francais-port-de-barcelone","tag-competitivite-port","tag-connectivite-port","tag-cycle-dinvestissement-port","tag-deutsch-hafen-barcelona","tag-developpement-portuaire-2026-2030","tag-digitalisierung-im-hafen","tag-digitalization-in-ports","tag-durabilite-dans-les-ports","tag-economic-goals-port","tag-energieversorgung-hafen","tag-energy-supply-port","tag-environmental-goals-port","tag-fachkraeftemangel-logistik","tag-global-stability-port","tag-globale-stabilitaet-hafen","tag-hafen-der-zukunft","tag-hafenbetrieb-barcelona","tag-hafenentwicklung-2026-2030","tag-handelssektor-barcelona","tag-industrie-du-transport-barcelone","tag-infrastructure-portuaire","tag-infrastruktur-hafen","tag-investitionszyklus-hafen","tag-investment-cycle-port","tag-konnektivitaet-hafen","tag-logistics-providers-spain","tag-logistikdienstleister-spanien","tag-nachhaltigkeit-im-hafen","tag-numerisation-dans-les-ports","tag-objectifs-economiques-port","tag-objectifs-environnementaux-port","tag-objectifs-sociaux-port","tag-operations-portuaires-barcelone","tag-penurie-de-competences-logistique","tag-plan-strategique-port","tag-port-connectivity","tag-port-development-2026-2030","tag-port-du-futur","tag-port-infrastructure","tag-port-of-the-future","tag-port-operations-barcelona","tag-prestataires-logistiques-espagne","tag-secteur-commercial-barcelone","tag-skills-shortage-logistics","tag-social-goals-port","tag-soziale-ziele-hafen","tag-stabilite-mondiale-port","tag-strategic-plan-port","tag-strategischer-plan-hafen","tag-sustainability-in-ports","tag-trade-sector-barcelona","tag-transport-industry-barcelona","tag-transportwirtschaft-barcelona","tag-umweltziele-hafen","tag-wettbewerbsfaehigkeit-hafen-english-port-of-barcelona","tag-wirtschaftliche-ziele-hafen"],"acf":[],"yoast_head":"<!-- This site is optimized with the Yoast SEO plugin v27.3 - https:\/\/yoast.com\/product\/yoast-seo-wordpress\/ -->\n<title>Porto de Barcelona apresenta plano de desenvolvimento 2026-2030 - ITJ | International Transport Journal<\/title>\n<meta name=\"robots\" content=\"index, follow, max-snippet:-1, max-image-preview:large, max-video-preview:-1\" \/>\n<link rel=\"canonical\" href=\"https:\/\/transportjournal.com\/pt-pt\/2026\/04\/28\/porto-de-barcelona-apresenta-plano-de-desenvolvimento-2026-2030\/\" \/>\n<meta property=\"og:locale\" content=\"pt_PT\" \/>\n<meta property=\"og:type\" content=\"article\" \/>\n<meta property=\"og:title\" content=\"Porto de Barcelona apresenta plano de desenvolvimento 2026-2030 - ITJ | International Transport Journal\" \/>\n<meta property=\"og:description\" content=\"O porto de Barcelona apresentou um plano estrat\u00e9gico para 2026 a 2030, visando melhorar a infraestrutura e a sustentabilidade e garantir a competitividade.\" \/>\n<meta property=\"og:url\" content=\"https:\/\/transportjournal.com\/pt-pt\/2026\/04\/28\/porto-de-barcelona-apresenta-plano-de-desenvolvimento-2026-2030\/\" \/>\n<meta property=\"og:site_name\" content=\"ITJ | International Transport Journal\" \/>\n<meta property=\"article:published_time\" content=\"2026-04-28T08:03:42+00:00\" \/>\n<meta property=\"article:modified_time\" content=\"2026-04-28T11:13:45+00:00\" \/>\n<meta property=\"og:image\" content=\"https:\/\/transportjournal.com\/wp-content\/uploads\/sites\/2\/2026\/04\/0378d04e-952d-49ca-b896-6625830f386e-scaled-aspect-ratio-1400-788-scaled-1.jpg\" \/>\n\t<meta property=\"og:image:width\" content=\"2560\" \/>\n\t<meta property=\"og:image:height\" content=\"1441\" \/>\n\t<meta property=\"og:image:type\" content=\"image\/jpeg\" \/>\n<meta name=\"author\" content=\"Jeremy Soland\" \/>\n<meta name=\"twitter:card\" content=\"summary_large_image\" \/>\n<meta name=\"twitter:label1\" content=\"Escrito por\" \/>\n\t<meta name=\"twitter:data1\" content=\"Jeremy Soland\" \/>\n\t<meta name=\"twitter:label2\" content=\"Tempo estimado de leitura\" \/>\n\t<meta name=\"twitter:data2\" content=\"1 minuto\" \/>\n<script type=\"application\/ld+json\" class=\"yoast-schema-graph\">{\"@context\":\"https:\\\/\\\/schema.org\",\"@graph\":[{\"@type\":\"Article\",\"@id\":\"https:\\\/\\\/transportjournal.com\\\/pt-pt\\\/2026\\\/04\\\/28\\\/porto-de-barcelona-apresenta-plano-de-desenvolvimento-2026-2030\\\/#article\",\"isPartOf\":{\"@id\":\"https:\\\/\\\/transportjournal.com\\\/pt-pt\\\/2026\\\/04\\\/28\\\/porto-de-barcelona-apresenta-plano-de-desenvolvimento-2026-2030\\\/\"},\"author\":{\"name\":\"Jeremy Soland\",\"@id\":\"https:\\\/\\\/transportjournal.com\\\/pt-pt\\\/#\\\/schema\\\/person\\\/41d36b5474b623392fa613e97e2363fa\"},\"headline\":\"Porto de Barcelona apresenta plano de desenvolvimento 2026-2030\",\"datePublished\":\"2026-04-28T08:03:42+00:00\",\"dateModified\":\"2026-04-28T11:13:45+00:00\",\"mainEntityOfPage\":{\"@id\":\"https:\\\/\\\/transportjournal.com\\\/pt-pt\\\/2026\\\/04\\\/28\\\/porto-de-barcelona-apresenta-plano-de-desenvolvimento-2026-2030\\\/\"},\"wordCount\":173,\"commentCount\":0,\"publisher\":{\"@id\":\"https:\\\/\\\/transportjournal.com\\\/pt-pt\\\/#organization\"},\"image\":{\"@id\":\"https:\\\/\\\/transportjournal.com\\\/pt-pt\\\/2026\\\/04\\\/28\\\/porto-de-barcelona-apresenta-plano-de-desenvolvimento-2026-2030\\\/#primaryimage\"},\"thumbnailUrl\":\"https:\\\/\\\/transportjournal.com\\\/wp-content\\\/uploads\\\/sites\\\/2\\\/2026\\\/04\\\/0378d04e-952d-49ca-b896-6625830f386e-scaled-aspect-ratio-1400-788-scaled-1.jpg\",\"keywords\":[\"approvisionnement \u00e9nerg\u00e9tique port\",\"competitiveness port Fran\u00e7ais Port de Barcelone\",\"comp\u00e9titivit\u00e9 port\",\"connectivit\u00e9 port\",\"cycle d'investissement port\",\"Deutsch Hafen Barcelona\",\"d\u00e9veloppement portuaire 2026-2030\",\"Digitalisierung im Hafen\",\"digitalization in ports\",\"durabilit\u00e9 dans les ports\",\"economic goals port\",\"Energieversorgung Hafen\",\"energy supply port\",\"environmental goals port\",\"Fachkr\u00e4ftemangel Logistik\",\"global stability port\",\"globale Stabilit\u00e4t Hafen\",\"Hafen der Zukunft\",\"Hafenbetrieb Barcelona\",\"Hafenentwicklung 2026-2030\",\"Handelssektor Barcelona\",\"industrie du transport Barcelone\",\"infrastructure portuaire\",\"Infrastruktur Hafen\",\"Investitionszyklus Hafen\",\"investment cycle port\",\"Konnektivit\u00e4t Hafen\",\"logistics providers Spain\",\"Logistikdienstleister Spanien\",\"Nachhaltigkeit im Hafen\",\"num\u00e9risation dans les ports\",\"objectifs \u00e9conomiques port\",\"objectifs environnementaux port\",\"objectifs sociaux port\",\"op\u00e9rations portuaires Barcelone\",\"p\u00e9nurie de comp\u00e9tences logistique\",\"plan strat\u00e9gique port\",\"port connectivity\",\"port development 2026-2030\",\"port du futur\",\"port infrastructure\",\"port of the future\",\"port operations Barcelona\",\"prestataires logistiques Espagne\",\"secteur commercial Barcelone\",\"skills shortage logistics\",\"social goals port\",\"soziale Ziele Hafen\",\"stabilit\u00e9 mondiale port\",\"strategic plan port\",\"strategischer Plan Hafen\",\"sustainability in ports\",\"trade sector Barcelona\",\"transport industry Barcelona\",\"Transportwirtschaft Barcelona\",\"Umweltziele Hafen\",\"Wettbewerbsf\u00e4higkeit Hafen English Port of Barcelona\",\"wirtschaftliche Ziele Hafen\"],\"articleSection\":[\"Europa\",\"Navega\u00e7\u00e3o e portos\"],\"inLanguage\":\"pt-PT\",\"potentialAction\":[{\"@type\":\"CommentAction\",\"name\":\"Comment\",\"target\":[\"https:\\\/\\\/transportjournal.com\\\/pt-pt\\\/2026\\\/04\\\/28\\\/porto-de-barcelona-apresenta-plano-de-desenvolvimento-2026-2030\\\/#respond\"]}]},{\"@type\":\"WebPage\",\"@id\":\"https:\\\/\\\/transportjournal.com\\\/pt-pt\\\/2026\\\/04\\\/28\\\/porto-de-barcelona-apresenta-plano-de-desenvolvimento-2026-2030\\\/\",\"url\":\"https:\\\/\\\/transportjournal.com\\\/pt-pt\\\/2026\\\/04\\\/28\\\/porto-de-barcelona-apresenta-plano-de-desenvolvimento-2026-2030\\\/\",\"name\":\"Porto de Barcelona apresenta plano de desenvolvimento 2026-2030 - ITJ | International Transport Journal\",\"isPartOf\":{\"@id\":\"https:\\\/\\\/transportjournal.com\\\/pt-pt\\\/#website\"},\"primaryImageOfPage\":{\"@id\":\"https:\\\/\\\/transportjournal.com\\\/pt-pt\\\/2026\\\/04\\\/28\\\/porto-de-barcelona-apresenta-plano-de-desenvolvimento-2026-2030\\\/#primaryimage\"},\"image\":{\"@id\":\"https:\\\/\\\/transportjournal.com\\\/pt-pt\\\/2026\\\/04\\\/28\\\/porto-de-barcelona-apresenta-plano-de-desenvolvimento-2026-2030\\\/#primaryimage\"},\"thumbnailUrl\":\"https:\\\/\\\/transportjournal.com\\\/wp-content\\\/uploads\\\/sites\\\/2\\\/2026\\\/04\\\/0378d04e-952d-49ca-b896-6625830f386e-scaled-aspect-ratio-1400-788-scaled-1.jpg\",\"datePublished\":\"2026-04-28T08:03:42+00:00\",\"dateModified\":\"2026-04-28T11:13:45+00:00\",\"breadcrumb\":{\"@id\":\"https:\\\/\\\/transportjournal.com\\\/pt-pt\\\/2026\\\/04\\\/28\\\/porto-de-barcelona-apresenta-plano-de-desenvolvimento-2026-2030\\\/#breadcrumb\"},\"inLanguage\":\"pt-PT\",\"potentialAction\":[{\"@type\":\"ReadAction\",\"target\":[\"https:\\\/\\\/transportjournal.com\\\/pt-pt\\\/2026\\\/04\\\/28\\\/porto-de-barcelona-apresenta-plano-de-desenvolvimento-2026-2030\\\/\"]}]},{\"@type\":\"ImageObject\",\"inLanguage\":\"pt-PT\",\"@id\":\"https:\\\/\\\/transportjournal.com\\\/pt-pt\\\/2026\\\/04\\\/28\\\/porto-de-barcelona-apresenta-plano-de-desenvolvimento-2026-2030\\\/#primaryimage\",\"url\":\"https:\\\/\\\/transportjournal.com\\\/wp-content\\\/uploads\\\/sites\\\/2\\\/2026\\\/04\\\/0378d04e-952d-49ca-b896-6625830f386e-scaled-aspect-ratio-1400-788-scaled-1.jpg\",\"contentUrl\":\"https:\\\/\\\/transportjournal.com\\\/wp-content\\\/uploads\\\/sites\\\/2\\\/2026\\\/04\\\/0378d04e-952d-49ca-b896-6625830f386e-scaled-aspect-ratio-1400-788-scaled-1.jpg\",\"width\":2560,\"height\":1441},{\"@type\":\"BreadcrumbList\",\"@id\":\"https:\\\/\\\/transportjournal.com\\\/pt-pt\\\/2026\\\/04\\\/28\\\/porto-de-barcelona-apresenta-plano-de-desenvolvimento-2026-2030\\\/#breadcrumb\",\"itemListElement\":[{\"@type\":\"ListItem\",\"position\":1,\"name\":\"Startseite\",\"item\":\"https:\\\/\\\/transportjournal.com\\\/pt-pt\\\/\"},{\"@type\":\"ListItem\",\"position\":2,\"name\":\"Porto de Barcelona apresenta plano de desenvolvimento 2026-2030\"}]},{\"@type\":\"WebSite\",\"@id\":\"https:\\\/\\\/transportjournal.com\\\/pt-pt\\\/#website\",\"url\":\"https:\\\/\\\/transportjournal.com\\\/pt-pt\\\/\",\"name\":\"ITJ | International Transport Journal\",\"description\":\"Stay informed with the latest global news from the transport, logistics, and supply chain industries. Transport Journal delivers expert insights, analysis, and updates across shipping, aviation, intermodal, and forwarding.\",\"publisher\":{\"@id\":\"https:\\\/\\\/transportjournal.com\\\/pt-pt\\\/#organization\"},\"potentialAction\":[{\"@type\":\"SearchAction\",\"target\":{\"@type\":\"EntryPoint\",\"urlTemplate\":\"https:\\\/\\\/transportjournal.com\\\/pt-pt\\\/?s={search_term_string}\"},\"query-input\":{\"@type\":\"PropertyValueSpecification\",\"valueRequired\":true,\"valueName\":\"search_term_string\"}}],\"inLanguage\":\"pt-PT\"},{\"@type\":\"Organization\",\"@id\":\"https:\\\/\\\/transportjournal.com\\\/pt-pt\\\/#organization\",\"name\":\"Logismedia Group AG\",\"alternateName\":\"Logismedia Group AG\",\"url\":\"https:\\\/\\\/transportjournal.com\\\/pt-pt\\\/\",\"logo\":{\"@type\":\"ImageObject\",\"inLanguage\":\"pt-PT\",\"@id\":\"https:\\\/\\\/transportjournal.com\\\/pt-pt\\\/#\\\/schema\\\/logo\\\/image\\\/\",\"url\":\"https:\\\/\\\/transportjournal.com\\\/wp-content\\\/uploads\\\/sites\\\/2\\\/2025\\\/09\\\/Logo_ITJ.png\",\"contentUrl\":\"https:\\\/\\\/transportjournal.com\\\/wp-content\\\/uploads\\\/sites\\\/2\\\/2025\\\/09\\\/Logo_ITJ.png\",\"width\":799,\"height\":326,\"caption\":\"Logismedia Group AG\"},\"image\":{\"@id\":\"https:\\\/\\\/transportjournal.com\\\/pt-pt\\\/#\\\/schema\\\/logo\\\/image\\\/\"},\"sameAs\":[\"https:\\\/\\\/www.linkedin.com\\\/company\\\/56456496\\\/admin\\\/dashboard\\\/\",\"https:\\\/\\\/www.instagram.com\\\/logismediagroup\\\/\",\"https:\\\/\\\/www.youtube.com\\\/@LogiamediaGroupAG\"]},{\"@type\":\"Person\",\"@id\":\"https:\\\/\\\/transportjournal.com\\\/pt-pt\\\/#\\\/schema\\\/person\\\/41d36b5474b623392fa613e97e2363fa\",\"name\":\"Jeremy Soland\",\"url\":\"https:\\\/\\\/transportjournal.com\\\/pt-pt\\\/author\\\/jeremy\\\/\"}]}<\/script>\n<!-- \/ Yoast SEO plugin. -->","yoast_head_json":{"title":"Porto de Barcelona apresenta plano de desenvolvimento 2026-2030 - ITJ | International Transport Journal","robots":{"index":"index","follow":"follow","max-snippet":"max-snippet:-1","max-image-preview":"max-image-preview:large","max-video-preview":"max-video-preview:-1"},"canonical":"https:\/\/transportjournal.com\/pt-pt\/2026\/04\/28\/porto-de-barcelona-apresenta-plano-de-desenvolvimento-2026-2030\/","og_locale":"pt_PT","og_type":"article","og_title":"Porto de Barcelona apresenta plano de desenvolvimento 2026-2030 - ITJ | International Transport Journal","og_description":"O porto de Barcelona apresentou um plano estrat\u00e9gico para 2026 a 2030, visando melhorar a infraestrutura e a sustentabilidade e garantir a competitividade.","og_url":"https:\/\/transportjournal.com\/pt-pt\/2026\/04\/28\/porto-de-barcelona-apresenta-plano-de-desenvolvimento-2026-2030\/","og_site_name":"ITJ | International Transport Journal","article_published_time":"2026-04-28T08:03:42+00:00","article_modified_time":"2026-04-28T11:13:45+00:00","og_image":[{"width":2560,"height":1441,"url":"https:\/\/transportjournal.com\/wp-content\/uploads\/sites\/2\/2026\/04\/0378d04e-952d-49ca-b896-6625830f386e-scaled-aspect-ratio-1400-788-scaled-1.jpg","type":"image\/jpeg"}],"author":"Jeremy Soland","twitter_card":"summary_large_image","twitter_misc":{"Escrito por":"Jeremy Soland","Tempo estimado de leitura":"1 minuto"},"schema":{"@context":"https:\/\/schema.org","@graph":[{"@type":"Article","@id":"https:\/\/transportjournal.com\/pt-pt\/2026\/04\/28\/porto-de-barcelona-apresenta-plano-de-desenvolvimento-2026-2030\/#article","isPartOf":{"@id":"https:\/\/transportjournal.com\/pt-pt\/2026\/04\/28\/porto-de-barcelona-apresenta-plano-de-desenvolvimento-2026-2030\/"},"author":{"name":"Jeremy Soland","@id":"https:\/\/transportjournal.com\/pt-pt\/#\/schema\/person\/41d36b5474b623392fa613e97e2363fa"},"headline":"Porto de Barcelona apresenta plano de desenvolvimento 2026-2030","datePublished":"2026-04-28T08:03:42+00:00","dateModified":"2026-04-28T11:13:45+00:00","mainEntityOfPage":{"@id":"https:\/\/transportjournal.com\/pt-pt\/2026\/04\/28\/porto-de-barcelona-apresenta-plano-de-desenvolvimento-2026-2030\/"},"wordCount":173,"commentCount":0,"publisher":{"@id":"https:\/\/transportjournal.com\/pt-pt\/#organization"},"image":{"@id":"https:\/\/transportjournal.com\/pt-pt\/2026\/04\/28\/porto-de-barcelona-apresenta-plano-de-desenvolvimento-2026-2030\/#primaryimage"},"thumbnailUrl":"https:\/\/transportjournal.com\/wp-content\/uploads\/sites\/2\/2026\/04\/0378d04e-952d-49ca-b896-6625830f386e-scaled-aspect-ratio-1400-788-scaled-1.jpg","keywords":["approvisionnement \u00e9nerg\u00e9tique port","competitiveness port Fran\u00e7ais Port de Barcelone","comp\u00e9titivit\u00e9 port","connectivit\u00e9 port","cycle d'investissement port","Deutsch Hafen Barcelona","d\u00e9veloppement portuaire 2026-2030","Digitalisierung im Hafen","digitalization in ports","durabilit\u00e9 dans les ports","economic goals port","Energieversorgung Hafen","energy supply port","environmental goals port","Fachkr\u00e4ftemangel Logistik","global stability port","globale Stabilit\u00e4t Hafen","Hafen der Zukunft","Hafenbetrieb Barcelona","Hafenentwicklung 2026-2030","Handelssektor Barcelona","industrie du transport Barcelone","infrastructure portuaire","Infrastruktur Hafen","Investitionszyklus Hafen","investment cycle port","Konnektivit\u00e4t Hafen","logistics providers Spain","Logistikdienstleister Spanien","Nachhaltigkeit im Hafen","num\u00e9risation dans les ports","objectifs \u00e9conomiques port","objectifs environnementaux port","objectifs sociaux port","op\u00e9rations portuaires Barcelone","p\u00e9nurie de comp\u00e9tences logistique","plan strat\u00e9gique port","port connectivity","port development 2026-2030","port du futur","port infrastructure","port of the future","port operations Barcelona","prestataires logistiques Espagne","secteur commercial Barcelone","skills shortage logistics","social goals port","soziale Ziele Hafen","stabilit\u00e9 mondiale port","strategic plan port","strategischer Plan Hafen","sustainability in ports","trade sector Barcelona","transport industry Barcelona","Transportwirtschaft Barcelona","Umweltziele Hafen","Wettbewerbsf\u00e4higkeit Hafen English Port of Barcelona","wirtschaftliche Ziele Hafen"],"articleSection":["Europa","Navega\u00e7\u00e3o e portos"],"inLanguage":"pt-PT","potentialAction":[{"@type":"CommentAction","name":"Comment","target":["https:\/\/transportjournal.com\/pt-pt\/2026\/04\/28\/porto-de-barcelona-apresenta-plano-de-desenvolvimento-2026-2030\/#respond"]}]},{"@type":"WebPage","@id":"https:\/\/transportjournal.com\/pt-pt\/2026\/04\/28\/porto-de-barcelona-apresenta-plano-de-desenvolvimento-2026-2030\/","url":"https:\/\/transportjournal.com\/pt-pt\/2026\/04\/28\/porto-de-barcelona-apresenta-plano-de-desenvolvimento-2026-2030\/","name":"Porto de Barcelona apresenta plano de desenvolvimento 2026-2030 - ITJ | International Transport Journal","isPartOf":{"@id":"https:\/\/transportjournal.com\/pt-pt\/#website"},"primaryImageOfPage":{"@id":"https:\/\/transportjournal.com\/pt-pt\/2026\/04\/28\/porto-de-barcelona-apresenta-plano-de-desenvolvimento-2026-2030\/#primaryimage"},"image":{"@id":"https:\/\/transportjournal.com\/pt-pt\/2026\/04\/28\/porto-de-barcelona-apresenta-plano-de-desenvolvimento-2026-2030\/#primaryimage"},"thumbnailUrl":"https:\/\/transportjournal.com\/wp-content\/uploads\/sites\/2\/2026\/04\/0378d04e-952d-49ca-b896-6625830f386e-scaled-aspect-ratio-1400-788-scaled-1.jpg","datePublished":"2026-04-28T08:03:42+00:00","dateModified":"2026-04-28T11:13:45+00:00","breadcrumb":{"@id":"https:\/\/transportjournal.com\/pt-pt\/2026\/04\/28\/porto-de-barcelona-apresenta-plano-de-desenvolvimento-2026-2030\/#breadcrumb"},"inLanguage":"pt-PT","potentialAction":[{"@type":"ReadAction","target":["https:\/\/transportjournal.com\/pt-pt\/2026\/04\/28\/porto-de-barcelona-apresenta-plano-de-desenvolvimento-2026-2030\/"]}]},{"@type":"ImageObject","inLanguage":"pt-PT","@id":"https:\/\/transportjournal.com\/pt-pt\/2026\/04\/28\/porto-de-barcelona-apresenta-plano-de-desenvolvimento-2026-2030\/#primaryimage","url":"https:\/\/transportjournal.com\/wp-content\/uploads\/sites\/2\/2026\/04\/0378d04e-952d-49ca-b896-6625830f386e-scaled-aspect-ratio-1400-788-scaled-1.jpg","contentUrl":"https:\/\/transportjournal.com\/wp-content\/uploads\/sites\/2\/2026\/04\/0378d04e-952d-49ca-b896-6625830f386e-scaled-aspect-ratio-1400-788-scaled-1.jpg","width":2560,"height":1441},{"@type":"BreadcrumbList","@id":"https:\/\/transportjournal.com\/pt-pt\/2026\/04\/28\/porto-de-barcelona-apresenta-plano-de-desenvolvimento-2026-2030\/#breadcrumb","itemListElement":[{"@type":"ListItem","position":1,"name":"Startseite","item":"https:\/\/transportjournal.com\/pt-pt\/"},{"@type":"ListItem","position":2,"name":"Porto de Barcelona apresenta plano de desenvolvimento 2026-2030"}]},{"@type":"WebSite","@id":"https:\/\/transportjournal.com\/pt-pt\/#website","url":"https:\/\/transportjournal.com\/pt-pt\/","name":"ITJ | International Transport Journal","description":"Stay informed with the latest global news from the transport, logistics, and supply chain industries. Transport Journal delivers expert insights, analysis, and updates across shipping, aviation, intermodal, and forwarding.","publisher":{"@id":"https:\/\/transportjournal.com\/pt-pt\/#organization"},"potentialAction":[{"@type":"SearchAction","target":{"@type":"EntryPoint","urlTemplate":"https:\/\/transportjournal.com\/pt-pt\/?s={search_term_string}"},"query-input":{"@type":"PropertyValueSpecification","valueRequired":true,"valueName":"search_term_string"}}],"inLanguage":"pt-PT"},{"@type":"Organization","@id":"https:\/\/transportjournal.com\/pt-pt\/#organization","name":"Logismedia Group AG","alternateName":"Logismedia Group AG","url":"https:\/\/transportjournal.com\/pt-pt\/","logo":{"@type":"ImageObject","inLanguage":"pt-PT","@id":"https:\/\/transportjournal.com\/pt-pt\/#\/schema\/logo\/image\/","url":"https:\/\/transportjournal.com\/wp-content\/uploads\/sites\/2\/2025\/09\/Logo_ITJ.png","contentUrl":"https:\/\/transportjournal.com\/wp-content\/uploads\/sites\/2\/2025\/09\/Logo_ITJ.png","width":799,"height":326,"caption":"Logismedia Group AG"},"image":{"@id":"https:\/\/transportjournal.com\/pt-pt\/#\/schema\/logo\/image\/"},"sameAs":["https:\/\/www.linkedin.com\/company\/56456496\/admin\/dashboard\/","https:\/\/www.instagram.com\/logismediagroup\/","https:\/\/www.youtube.com\/@LogiamediaGroupAG"]},{"@type":"Person","@id":"https:\/\/transportjournal.com\/pt-pt\/#\/schema\/person\/41d36b5474b623392fa613e97e2363fa","name":"Jeremy Soland","url":"https:\/\/transportjournal.com\/pt-pt\/author\/jeremy\/"}]}},"_links":{"self":[{"href":"https:\/\/transportjournal.com\/pt-pt\/wp-json\/wp\/v2\/posts\/86902","targetHints":{"allow":["GET"]}}],"collection":[{"href":"https:\/\/transportjournal.com\/pt-pt\/wp-json\/wp\/v2\/posts"}],"about":[{"href":"https:\/\/transportjournal.com\/pt-pt\/wp-json\/wp\/v2\/types\/post"}],"author":[{"embeddable":true,"href":"https:\/\/transportjournal.com\/pt-pt\/wp-json\/wp\/v2\/users\/10"}],"replies":[{"embeddable":true,"href":"https:\/\/transportjournal.com\/pt-pt\/wp-json\/wp\/v2\/comments?post=86902"}],"version-history":[{"count":1,"href":"https:\/\/transportjournal.com\/pt-pt\/wp-json\/wp\/v2\/posts\/86902\/revisions"}],"predecessor-version":[{"id":87053,"href":"https:\/\/transportjournal.com\/pt-pt\/wp-json\/wp\/v2\/posts\/86902\/revisions\/87053"}],"wp:featuredmedia":[{"embeddable":true,"href":"https:\/\/transportjournal.com\/pt-pt\/wp-json\/wp\/v2\/media\/86897"}],"wp:attachment":[{"href":"https:\/\/transportjournal.com\/pt-pt\/wp-json\/wp\/v2\/media?parent=86902"}],"wp:term":[{"taxonomy":"category","embeddable":true,"href":"https:\/\/transportjournal.com\/pt-pt\/wp-json\/wp\/v2\/categories?post=86902"},{"taxonomy":"post_tag","embeddable":true,"href":"https:\/\/transportjournal.com\/pt-pt\/wp-json\/wp\/v2\/tags?post=86902"}],"curies":[{"name":"wp","href":"https:\/\/api.w.org\/{rel}","templated":true}]}}