{"id":86857,"date":"2026-04-28T07:13:18","date_gmt":"2026-04-28T07:13:18","guid":{"rendered":"https:\/\/transportjournal.com\/2026\/04\/28\/denis-peck-nova-direcao-de-vendas-na-ultimo\/"},"modified":"2026-04-28T09:32:07","modified_gmt":"2026-04-28T07:32:07","slug":"denis-peck-nova-direcao-de-vendas-na-ultimo","status":"publish","type":"post","link":"https:\/\/transportjournal.com\/pt-pt\/2026\/04\/28\/denis-peck-nova-direcao-de-vendas-na-ultimo\/","title":{"rendered":"Denis Peck: Nova dire\u00e7\u00e3o de vendas na Ultimo"},"content":{"rendered":"<p>Ultimo, um fornecedor de solu\u00e7\u00f5es de software na \u00e1rea de Enterprise Asset Management (EAM), nomeou Denis Peck como Diretor de Vendas para as regi\u00f5es DACH (Alemanha, \u00c1ustria, Su\u00ed\u00e7a) e Nordics. Em sua nova posi\u00e7\u00e3o, Peck ser\u00e1 respons\u00e1vel por impulsionar o crescimento nesses mercados e apoiar as empresas na transforma\u00e7\u00e3o digital de seus processos de gest\u00e3o de ativos e manuten\u00e7\u00e3o, conforme informado pela Ultimo. Um foco especial ser\u00e1 dado ao uso de Intelig\u00eancia Artificial.<\/p>\n<h3>Crescimento em mercados din\u00e2micos<\/h3>\n<p>As regi\u00f5es DACH e Nordics s\u00e3o consideradas pela empresa como alguns dos mercados mais din\u00e2micos para solu\u00e7\u00f5es EAM na Europa. Em diversos setores, incluindo a ind\u00fastria de manufatura e alimentos, fornecimento de energia, log\u00edstica e sa\u00fade, a demanda por solu\u00e7\u00f5es baseadas em dados est\u00e1 crescendo. Estas solu\u00e7\u00f5es visam otimizar a disponibilidade de ativos, aumentar a efici\u00eancia e melhorar as estruturas de custos. A Ultimo possui, nessas \u00e1reas, uma base de clientes de mais de 2.500 empresas, incluindo firmas como Evonik Industries, Bahlsen, Dachser e Siemens Healthineers.<\/p>\n<p>Com a nomea\u00e7\u00e3o de Denis Peck, a Ultimo enfatiza, segundo suas pr\u00f3prias declara\u00e7\u00f5es, a relev\u00e2ncia estrat\u00e9gica das regi\u00f5es DACH e Nordics no \u00e2mbito de sua estrat\u00e9gia de crescimento na Europa. Peck traz experi\u00eancia em Software como Servi\u00e7o (SaaS) e vendas empresariais.<\/p>\n<p><a href=\"https:\/\/www.ultimo.com\/\" target=\"_blank\" rel=\"noopener noreferrer\">www.ultimo.com<\/a><\/p>\n","protected":false},"excerpt":{"rendered":"<p>Denis Peck foi nomeado diretor de vendas para as regi\u00f5es DACH e Nordics na Ultimo, com o objetivo de promover o crescimento e a transforma\u00e7\u00e3o digital nesses mercados.<\/p>\n","protected":false},"author":10,"featured_media":86852,"comment_status":"open","ping_status":"","sticky":false,"template":"","format":"standard","meta":{"_acf_changed":false,"footnotes":""},"categories":[9092,1623,1617,9093,1615,11110],"tags":[2206,42563,42564,5396,42565,6090,42566,42567,42568,28538,42569,42570,42571,2211,2212,42572,42573,42574,2214,2215,11982,11983,42575,3050,16982,42576,11936,4291,11939,16986,3056,5408,42577,42578,3561,16988,2131,2134,2136,3064,42579,42580,11955,18757,18758,28555,42581,18759,4305,42582,2242,1783],"class_list":["post-86857","post","type-post","status-publish","format-standard","has-post-thumbnail","hentry","category-deutschland","category-europa","category-expedicao-e-logistica","category-oesterreich","category-pessoas-e-empresas","category-schweiz","tag-amelioration-de-lefficacite","tag-anlagenverfuegbarkeit","tag-approvisionnement-en-energie","tag-artificial-intelligence","tag-asset-availability","tag-base-de-clients","tag-cost-structures","tag-customer-base-francais-ultimo","tag-dach","tag-data-driven-solutions","tag-datengetriebene-loesungen","tag-denis-peck","tag-deutsch-ultimo","tag-digital-transformation","tag-digitale-transformation","tag-disponibilite-des-actifs","tag-eam-solutions","tag-eam-loesungen","tag-efficiency-improvement","tag-effizienzsteigerung","tag-energieversorgung","tag-energy-supply","tag-enterprise-asset-management","tag-fertigungsindustrie","tag-food-industry","tag-gestion-des-actifs-dentreprise","tag-gesundheitswesen","tag-growth-strategy","tag-healthcare","tag-industrie-alimentaire","tag-industrie-manufacturiere","tag-intelligence-artificielle","tag-kostenstrukturen","tag-kundenbasis-english-ultimo","tag-kuenstliche-intelligenz","tag-lebensmittelindustrie","tag-logistics","tag-logistik","tag-logistique","tag-manufacturing-industry","tag-nordics","tag-saas","tag-sante","tag-software-solutions","tag-softwareloesungen","tag-solutions-basees-sur-les-donnees","tag-solutions-eam","tag-solutions-logicielles","tag-strategie-de-croissance","tag-structures-de-couts","tag-transformation-numerique","tag-wachstumsstrategie"],"acf":[],"yoast_head":"<!-- This site is optimized with the Yoast SEO plugin v27.3 - https:\/\/yoast.com\/product\/yoast-seo-wordpress\/ -->\n<title>Denis Peck: Nova dire\u00e7\u00e3o de vendas na Ultimo - ITJ | International Transport Journal<\/title>\n<meta name=\"robots\" content=\"index, follow, max-snippet:-1, max-image-preview:large, max-video-preview:-1\" \/>\n<link rel=\"canonical\" href=\"https:\/\/transportjournal.com\/pt-pt\/2026\/04\/28\/denis-peck-nova-direcao-de-vendas-na-ultimo\/\" \/>\n<meta property=\"og:locale\" content=\"pt_PT\" \/>\n<meta property=\"og:type\" content=\"article\" \/>\n<meta property=\"og:title\" content=\"Denis Peck: Nova dire\u00e7\u00e3o de vendas na Ultimo - ITJ | International Transport Journal\" \/>\n<meta property=\"og:description\" content=\"Denis Peck foi nomeado diretor de vendas para as regi\u00f5es DACH e Nordics na Ultimo, com o objetivo de promover o crescimento e a transforma\u00e7\u00e3o digital nesses mercados.\" \/>\n<meta property=\"og:url\" content=\"https:\/\/transportjournal.com\/pt-pt\/2026\/04\/28\/denis-peck-nova-direcao-de-vendas-na-ultimo\/\" \/>\n<meta property=\"og:site_name\" content=\"ITJ | International Transport Journal\" \/>\n<meta property=\"article:published_time\" content=\"2026-04-28T07:13:18+00:00\" \/>\n<meta property=\"article:modified_time\" content=\"2026-04-28T07:32:07+00:00\" \/>\n<meta property=\"og:image\" content=\"https:\/\/transportjournal.com\/wp-content\/uploads\/sites\/2\/2026\/04\/Denis-Peck_Ultimo-aspect-ratio-1400-788.jpeg\" \/>\n\t<meta property=\"og:image:width\" content=\"800\" \/>\n\t<meta property=\"og:image:height\" content=\"450\" \/>\n\t<meta property=\"og:image:type\" content=\"image\/jpeg\" \/>\n<meta name=\"author\" content=\"Jeremy Soland\" \/>\n<meta name=\"twitter:card\" content=\"summary_large_image\" \/>\n<meta name=\"twitter:label1\" content=\"Escrito por\" \/>\n\t<meta name=\"twitter:data1\" content=\"Jeremy Soland\" \/>\n\t<meta name=\"twitter:label2\" content=\"Tempo estimado de leitura\" \/>\n\t<meta name=\"twitter:data2\" content=\"1 minuto\" \/>\n<script type=\"application\/ld+json\" class=\"yoast-schema-graph\">{\"@context\":\"https:\\\/\\\/schema.org\",\"@graph\":[{\"@type\":\"Article\",\"@id\":\"https:\\\/\\\/transportjournal.com\\\/pt-pt\\\/2026\\\/04\\\/28\\\/denis-peck-nova-direcao-de-vendas-na-ultimo\\\/#article\",\"isPartOf\":{\"@id\":\"https:\\\/\\\/transportjournal.com\\\/pt-pt\\\/2026\\\/04\\\/28\\\/denis-peck-nova-direcao-de-vendas-na-ultimo\\\/\"},\"author\":{\"name\":\"Jeremy Soland\",\"@id\":\"https:\\\/\\\/transportjournal.com\\\/pt-pt\\\/#\\\/schema\\\/person\\\/41d36b5474b623392fa613e97e2363fa\"},\"headline\":\"Denis Peck: Nova dire\u00e7\u00e3o de vendas na Ultimo\",\"datePublished\":\"2026-04-28T07:13:18+00:00\",\"dateModified\":\"2026-04-28T07:32:07+00:00\",\"mainEntityOfPage\":{\"@id\":\"https:\\\/\\\/transportjournal.com\\\/pt-pt\\\/2026\\\/04\\\/28\\\/denis-peck-nova-direcao-de-vendas-na-ultimo\\\/\"},\"wordCount\":244,\"commentCount\":0,\"publisher\":{\"@id\":\"https:\\\/\\\/transportjournal.com\\\/pt-pt\\\/#organization\"},\"image\":{\"@id\":\"https:\\\/\\\/transportjournal.com\\\/pt-pt\\\/2026\\\/04\\\/28\\\/denis-peck-nova-direcao-de-vendas-na-ultimo\\\/#primaryimage\"},\"thumbnailUrl\":\"https:\\\/\\\/transportjournal.com\\\/wp-content\\\/uploads\\\/sites\\\/2\\\/2026\\\/04\\\/Denis-Peck_Ultimo-aspect-ratio-1400-788.jpeg\",\"keywords\":[\"am\u00e9lioration de l'efficacit\u00e9\",\"Anlagenverf\u00fcgbarkeit\",\"approvisionnement en \u00e9nergie\",\"artificial intelligence\",\"asset availability\",\"base de clients\",\"cost structures\",\"customer base Fran\u00e7ais Ultimo\",\"DACH\",\"data-driven solutions\",\"datengetriebene L\u00f6sungen\",\"Denis Peck\",\"Deutsch Ultimo\",\"digital transformation\",\"digitale Transformation\",\"disponibilit\u00e9 des actifs\",\"EAM solutions\",\"EAM-L\u00f6sungen\",\"efficiency improvement\",\"Effizienzsteigerung\",\"Energieversorgung\",\"energy supply\",\"Enterprise-Asset-Management\",\"Fertigungsindustrie\",\"food industry\",\"gestion des actifs d'entreprise\",\"Gesundheitswesen\",\"growth strategy\",\"healthcare\",\"industrie alimentaire\",\"industrie manufacturi\u00e8re\",\"intelligence artificielle\",\"Kostenstrukturen\",\"Kundenbasis English Ultimo\",\"K\u00fcnstliche Intelligenz\",\"Lebensmittelindustrie\",\"logistics\",\"Logistik\",\"logistique\",\"manufacturing industry\",\"Nordics\",\"SaaS\",\"sant\u00e9\",\"software solutions\",\"Softwarel\u00f6sungen\",\"solutions bas\u00e9es sur les donn\u00e9es\",\"solutions EAM\",\"solutions logicielles\",\"strat\u00e9gie de croissance\",\"structures de co\u00fbts\",\"transformation num\u00e9rique\",\"Wachstumsstrategie\"],\"articleSection\":[\"Deutschland\",\"Europa\",\"Expedi\u00e7\u00e3o de Mercadorias e Log\u00edstica\",\"\u00d6sterreich\",\"Pessoas e empresas\",\"Schweiz\"],\"inLanguage\":\"pt-PT\",\"potentialAction\":[{\"@type\":\"CommentAction\",\"name\":\"Comment\",\"target\":[\"https:\\\/\\\/transportjournal.com\\\/pt-pt\\\/2026\\\/04\\\/28\\\/denis-peck-nova-direcao-de-vendas-na-ultimo\\\/#respond\"]}]},{\"@type\":\"WebPage\",\"@id\":\"https:\\\/\\\/transportjournal.com\\\/pt-pt\\\/2026\\\/04\\\/28\\\/denis-peck-nova-direcao-de-vendas-na-ultimo\\\/\",\"url\":\"https:\\\/\\\/transportjournal.com\\\/pt-pt\\\/2026\\\/04\\\/28\\\/denis-peck-nova-direcao-de-vendas-na-ultimo\\\/\",\"name\":\"Denis Peck: Nova dire\u00e7\u00e3o de vendas na Ultimo - ITJ | International Transport Journal\",\"isPartOf\":{\"@id\":\"https:\\\/\\\/transportjournal.com\\\/pt-pt\\\/#website\"},\"primaryImageOfPage\":{\"@id\":\"https:\\\/\\\/transportjournal.com\\\/pt-pt\\\/2026\\\/04\\\/28\\\/denis-peck-nova-direcao-de-vendas-na-ultimo\\\/#primaryimage\"},\"image\":{\"@id\":\"https:\\\/\\\/transportjournal.com\\\/pt-pt\\\/2026\\\/04\\\/28\\\/denis-peck-nova-direcao-de-vendas-na-ultimo\\\/#primaryimage\"},\"thumbnailUrl\":\"https:\\\/\\\/transportjournal.com\\\/wp-content\\\/uploads\\\/sites\\\/2\\\/2026\\\/04\\\/Denis-Peck_Ultimo-aspect-ratio-1400-788.jpeg\",\"datePublished\":\"2026-04-28T07:13:18+00:00\",\"dateModified\":\"2026-04-28T07:32:07+00:00\",\"breadcrumb\":{\"@id\":\"https:\\\/\\\/transportjournal.com\\\/pt-pt\\\/2026\\\/04\\\/28\\\/denis-peck-nova-direcao-de-vendas-na-ultimo\\\/#breadcrumb\"},\"inLanguage\":\"pt-PT\",\"potentialAction\":[{\"@type\":\"ReadAction\",\"target\":[\"https:\\\/\\\/transportjournal.com\\\/pt-pt\\\/2026\\\/04\\\/28\\\/denis-peck-nova-direcao-de-vendas-na-ultimo\\\/\"]}]},{\"@type\":\"ImageObject\",\"inLanguage\":\"pt-PT\",\"@id\":\"https:\\\/\\\/transportjournal.com\\\/pt-pt\\\/2026\\\/04\\\/28\\\/denis-peck-nova-direcao-de-vendas-na-ultimo\\\/#primaryimage\",\"url\":\"https:\\\/\\\/transportjournal.com\\\/wp-content\\\/uploads\\\/sites\\\/2\\\/2026\\\/04\\\/Denis-Peck_Ultimo-aspect-ratio-1400-788.jpeg\",\"contentUrl\":\"https:\\\/\\\/transportjournal.com\\\/wp-content\\\/uploads\\\/sites\\\/2\\\/2026\\\/04\\\/Denis-Peck_Ultimo-aspect-ratio-1400-788.jpeg\",\"width\":800,\"height\":450},{\"@type\":\"BreadcrumbList\",\"@id\":\"https:\\\/\\\/transportjournal.com\\\/pt-pt\\\/2026\\\/04\\\/28\\\/denis-peck-nova-direcao-de-vendas-na-ultimo\\\/#breadcrumb\",\"itemListElement\":[{\"@type\":\"ListItem\",\"position\":1,\"name\":\"Startseite\",\"item\":\"https:\\\/\\\/transportjournal.com\\\/pt-pt\\\/\"},{\"@type\":\"ListItem\",\"position\":2,\"name\":\"Denis Peck: Nova dire\u00e7\u00e3o de vendas na Ultimo\"}]},{\"@type\":\"WebSite\",\"@id\":\"https:\\\/\\\/transportjournal.com\\\/pt-pt\\\/#website\",\"url\":\"https:\\\/\\\/transportjournal.com\\\/pt-pt\\\/\",\"name\":\"ITJ | International Transport Journal\",\"description\":\"Stay informed with the latest global news from the transport, logistics, and supply chain industries. Transport Journal delivers expert insights, analysis, and updates across shipping, aviation, intermodal, and forwarding.\",\"publisher\":{\"@id\":\"https:\\\/\\\/transportjournal.com\\\/pt-pt\\\/#organization\"},\"potentialAction\":[{\"@type\":\"SearchAction\",\"target\":{\"@type\":\"EntryPoint\",\"urlTemplate\":\"https:\\\/\\\/transportjournal.com\\\/pt-pt\\\/?s={search_term_string}\"},\"query-input\":{\"@type\":\"PropertyValueSpecification\",\"valueRequired\":true,\"valueName\":\"search_term_string\"}}],\"inLanguage\":\"pt-PT\"},{\"@type\":\"Organization\",\"@id\":\"https:\\\/\\\/transportjournal.com\\\/pt-pt\\\/#organization\",\"name\":\"Logismedia Group AG\",\"alternateName\":\"Logismedia Group AG\",\"url\":\"https:\\\/\\\/transportjournal.com\\\/pt-pt\\\/\",\"logo\":{\"@type\":\"ImageObject\",\"inLanguage\":\"pt-PT\",\"@id\":\"https:\\\/\\\/transportjournal.com\\\/pt-pt\\\/#\\\/schema\\\/logo\\\/image\\\/\",\"url\":\"https:\\\/\\\/transportjournal.com\\\/wp-content\\\/uploads\\\/sites\\\/2\\\/2025\\\/09\\\/Logo_ITJ.png\",\"contentUrl\":\"https:\\\/\\\/transportjournal.com\\\/wp-content\\\/uploads\\\/sites\\\/2\\\/2025\\\/09\\\/Logo_ITJ.png\",\"width\":799,\"height\":326,\"caption\":\"Logismedia Group AG\"},\"image\":{\"@id\":\"https:\\\/\\\/transportjournal.com\\\/pt-pt\\\/#\\\/schema\\\/logo\\\/image\\\/\"},\"sameAs\":[\"https:\\\/\\\/www.linkedin.com\\\/company\\\/56456496\\\/admin\\\/dashboard\\\/\",\"https:\\\/\\\/www.instagram.com\\\/logismediagroup\\\/\",\"https:\\\/\\\/www.youtube.com\\\/@LogiamediaGroupAG\"]},{\"@type\":\"Person\",\"@id\":\"https:\\\/\\\/transportjournal.com\\\/pt-pt\\\/#\\\/schema\\\/person\\\/41d36b5474b623392fa613e97e2363fa\",\"name\":\"Jeremy Soland\",\"url\":\"https:\\\/\\\/transportjournal.com\\\/pt-pt\\\/author\\\/jeremy\\\/\"}]}<\/script>\n<!-- \/ Yoast SEO plugin. -->","yoast_head_json":{"title":"Denis Peck: Nova dire\u00e7\u00e3o de vendas na Ultimo - ITJ | International Transport Journal","robots":{"index":"index","follow":"follow","max-snippet":"max-snippet:-1","max-image-preview":"max-image-preview:large","max-video-preview":"max-video-preview:-1"},"canonical":"https:\/\/transportjournal.com\/pt-pt\/2026\/04\/28\/denis-peck-nova-direcao-de-vendas-na-ultimo\/","og_locale":"pt_PT","og_type":"article","og_title":"Denis Peck: Nova dire\u00e7\u00e3o de vendas na Ultimo - ITJ | International Transport Journal","og_description":"Denis Peck foi nomeado diretor de vendas para as regi\u00f5es DACH e Nordics na Ultimo, com o objetivo de promover o crescimento e a transforma\u00e7\u00e3o digital nesses mercados.","og_url":"https:\/\/transportjournal.com\/pt-pt\/2026\/04\/28\/denis-peck-nova-direcao-de-vendas-na-ultimo\/","og_site_name":"ITJ | International Transport Journal","article_published_time":"2026-04-28T07:13:18+00:00","article_modified_time":"2026-04-28T07:32:07+00:00","og_image":[{"width":800,"height":450,"url":"https:\/\/transportjournal.com\/wp-content\/uploads\/sites\/2\/2026\/04\/Denis-Peck_Ultimo-aspect-ratio-1400-788.jpeg","type":"image\/jpeg"}],"author":"Jeremy Soland","twitter_card":"summary_large_image","twitter_misc":{"Escrito por":"Jeremy Soland","Tempo estimado de leitura":"1 minuto"},"schema":{"@context":"https:\/\/schema.org","@graph":[{"@type":"Article","@id":"https:\/\/transportjournal.com\/pt-pt\/2026\/04\/28\/denis-peck-nova-direcao-de-vendas-na-ultimo\/#article","isPartOf":{"@id":"https:\/\/transportjournal.com\/pt-pt\/2026\/04\/28\/denis-peck-nova-direcao-de-vendas-na-ultimo\/"},"author":{"name":"Jeremy Soland","@id":"https:\/\/transportjournal.com\/pt-pt\/#\/schema\/person\/41d36b5474b623392fa613e97e2363fa"},"headline":"Denis Peck: Nova dire\u00e7\u00e3o de vendas na Ultimo","datePublished":"2026-04-28T07:13:18+00:00","dateModified":"2026-04-28T07:32:07+00:00","mainEntityOfPage":{"@id":"https:\/\/transportjournal.com\/pt-pt\/2026\/04\/28\/denis-peck-nova-direcao-de-vendas-na-ultimo\/"},"wordCount":244,"commentCount":0,"publisher":{"@id":"https:\/\/transportjournal.com\/pt-pt\/#organization"},"image":{"@id":"https:\/\/transportjournal.com\/pt-pt\/2026\/04\/28\/denis-peck-nova-direcao-de-vendas-na-ultimo\/#primaryimage"},"thumbnailUrl":"https:\/\/transportjournal.com\/wp-content\/uploads\/sites\/2\/2026\/04\/Denis-Peck_Ultimo-aspect-ratio-1400-788.jpeg","keywords":["am\u00e9lioration de l'efficacit\u00e9","Anlagenverf\u00fcgbarkeit","approvisionnement en \u00e9nergie","artificial intelligence","asset availability","base de clients","cost structures","customer base Fran\u00e7ais Ultimo","DACH","data-driven solutions","datengetriebene L\u00f6sungen","Denis Peck","Deutsch Ultimo","digital transformation","digitale Transformation","disponibilit\u00e9 des actifs","EAM solutions","EAM-L\u00f6sungen","efficiency improvement","Effizienzsteigerung","Energieversorgung","energy supply","Enterprise-Asset-Management","Fertigungsindustrie","food industry","gestion des actifs d'entreprise","Gesundheitswesen","growth strategy","healthcare","industrie alimentaire","industrie manufacturi\u00e8re","intelligence artificielle","Kostenstrukturen","Kundenbasis English Ultimo","K\u00fcnstliche Intelligenz","Lebensmittelindustrie","logistics","Logistik","logistique","manufacturing industry","Nordics","SaaS","sant\u00e9","software solutions","Softwarel\u00f6sungen","solutions bas\u00e9es sur les donn\u00e9es","solutions EAM","solutions logicielles","strat\u00e9gie de croissance","structures de co\u00fbts","transformation num\u00e9rique","Wachstumsstrategie"],"articleSection":["Deutschland","Europa","Expedi\u00e7\u00e3o de Mercadorias e Log\u00edstica","\u00d6sterreich","Pessoas e empresas","Schweiz"],"inLanguage":"pt-PT","potentialAction":[{"@type":"CommentAction","name":"Comment","target":["https:\/\/transportjournal.com\/pt-pt\/2026\/04\/28\/denis-peck-nova-direcao-de-vendas-na-ultimo\/#respond"]}]},{"@type":"WebPage","@id":"https:\/\/transportjournal.com\/pt-pt\/2026\/04\/28\/denis-peck-nova-direcao-de-vendas-na-ultimo\/","url":"https:\/\/transportjournal.com\/pt-pt\/2026\/04\/28\/denis-peck-nova-direcao-de-vendas-na-ultimo\/","name":"Denis Peck: Nova dire\u00e7\u00e3o de vendas na Ultimo - ITJ | International Transport Journal","isPartOf":{"@id":"https:\/\/transportjournal.com\/pt-pt\/#website"},"primaryImageOfPage":{"@id":"https:\/\/transportjournal.com\/pt-pt\/2026\/04\/28\/denis-peck-nova-direcao-de-vendas-na-ultimo\/#primaryimage"},"image":{"@id":"https:\/\/transportjournal.com\/pt-pt\/2026\/04\/28\/denis-peck-nova-direcao-de-vendas-na-ultimo\/#primaryimage"},"thumbnailUrl":"https:\/\/transportjournal.com\/wp-content\/uploads\/sites\/2\/2026\/04\/Denis-Peck_Ultimo-aspect-ratio-1400-788.jpeg","datePublished":"2026-04-28T07:13:18+00:00","dateModified":"2026-04-28T07:32:07+00:00","breadcrumb":{"@id":"https:\/\/transportjournal.com\/pt-pt\/2026\/04\/28\/denis-peck-nova-direcao-de-vendas-na-ultimo\/#breadcrumb"},"inLanguage":"pt-PT","potentialAction":[{"@type":"ReadAction","target":["https:\/\/transportjournal.com\/pt-pt\/2026\/04\/28\/denis-peck-nova-direcao-de-vendas-na-ultimo\/"]}]},{"@type":"ImageObject","inLanguage":"pt-PT","@id":"https:\/\/transportjournal.com\/pt-pt\/2026\/04\/28\/denis-peck-nova-direcao-de-vendas-na-ultimo\/#primaryimage","url":"https:\/\/transportjournal.com\/wp-content\/uploads\/sites\/2\/2026\/04\/Denis-Peck_Ultimo-aspect-ratio-1400-788.jpeg","contentUrl":"https:\/\/transportjournal.com\/wp-content\/uploads\/sites\/2\/2026\/04\/Denis-Peck_Ultimo-aspect-ratio-1400-788.jpeg","width":800,"height":450},{"@type":"BreadcrumbList","@id":"https:\/\/transportjournal.com\/pt-pt\/2026\/04\/28\/denis-peck-nova-direcao-de-vendas-na-ultimo\/#breadcrumb","itemListElement":[{"@type":"ListItem","position":1,"name":"Startseite","item":"https:\/\/transportjournal.com\/pt-pt\/"},{"@type":"ListItem","position":2,"name":"Denis Peck: Nova dire\u00e7\u00e3o de vendas na Ultimo"}]},{"@type":"WebSite","@id":"https:\/\/transportjournal.com\/pt-pt\/#website","url":"https:\/\/transportjournal.com\/pt-pt\/","name":"ITJ | International Transport Journal","description":"Stay informed with the latest global news from the transport, logistics, and supply chain industries. Transport Journal delivers expert insights, analysis, and updates across shipping, aviation, intermodal, and forwarding.","publisher":{"@id":"https:\/\/transportjournal.com\/pt-pt\/#organization"},"potentialAction":[{"@type":"SearchAction","target":{"@type":"EntryPoint","urlTemplate":"https:\/\/transportjournal.com\/pt-pt\/?s={search_term_string}"},"query-input":{"@type":"PropertyValueSpecification","valueRequired":true,"valueName":"search_term_string"}}],"inLanguage":"pt-PT"},{"@type":"Organization","@id":"https:\/\/transportjournal.com\/pt-pt\/#organization","name":"Logismedia Group AG","alternateName":"Logismedia Group AG","url":"https:\/\/transportjournal.com\/pt-pt\/","logo":{"@type":"ImageObject","inLanguage":"pt-PT","@id":"https:\/\/transportjournal.com\/pt-pt\/#\/schema\/logo\/image\/","url":"https:\/\/transportjournal.com\/wp-content\/uploads\/sites\/2\/2025\/09\/Logo_ITJ.png","contentUrl":"https:\/\/transportjournal.com\/wp-content\/uploads\/sites\/2\/2025\/09\/Logo_ITJ.png","width":799,"height":326,"caption":"Logismedia Group AG"},"image":{"@id":"https:\/\/transportjournal.com\/pt-pt\/#\/schema\/logo\/image\/"},"sameAs":["https:\/\/www.linkedin.com\/company\/56456496\/admin\/dashboard\/","https:\/\/www.instagram.com\/logismediagroup\/","https:\/\/www.youtube.com\/@LogiamediaGroupAG"]},{"@type":"Person","@id":"https:\/\/transportjournal.com\/pt-pt\/#\/schema\/person\/41d36b5474b623392fa613e97e2363fa","name":"Jeremy Soland","url":"https:\/\/transportjournal.com\/pt-pt\/author\/jeremy\/"}]}},"_links":{"self":[{"href":"https:\/\/transportjournal.com\/pt-pt\/wp-json\/wp\/v2\/posts\/86857","targetHints":{"allow":["GET"]}}],"collection":[{"href":"https:\/\/transportjournal.com\/pt-pt\/wp-json\/wp\/v2\/posts"}],"about":[{"href":"https:\/\/transportjournal.com\/pt-pt\/wp-json\/wp\/v2\/types\/post"}],"author":[{"embeddable":true,"href":"https:\/\/transportjournal.com\/pt-pt\/wp-json\/wp\/v2\/users\/10"}],"replies":[{"embeddable":true,"href":"https:\/\/transportjournal.com\/pt-pt\/wp-json\/wp\/v2\/comments?post=86857"}],"version-history":[{"count":1,"href":"https:\/\/transportjournal.com\/pt-pt\/wp-json\/wp\/v2\/posts\/86857\/revisions"}],"predecessor-version":[{"id":86864,"href":"https:\/\/transportjournal.com\/pt-pt\/wp-json\/wp\/v2\/posts\/86857\/revisions\/86864"}],"wp:featuredmedia":[{"embeddable":true,"href":"https:\/\/transportjournal.com\/pt-pt\/wp-json\/wp\/v2\/media\/86852"}],"wp:attachment":[{"href":"https:\/\/transportjournal.com\/pt-pt\/wp-json\/wp\/v2\/media?parent=86857"}],"wp:term":[{"taxonomy":"category","embeddable":true,"href":"https:\/\/transportjournal.com\/pt-pt\/wp-json\/wp\/v2\/categories?post=86857"},{"taxonomy":"post_tag","embeddable":true,"href":"https:\/\/transportjournal.com\/pt-pt\/wp-json\/wp\/v2\/tags?post=86857"}],"curies":[{"name":"wp","href":"https:\/\/api.w.org\/{rel}","templated":true}]}}