{"id":86806,"date":"2026-04-27T11:12:48","date_gmt":"2026-04-27T11:12:48","guid":{"rendered":"https:\/\/transportjournal.com\/2026\/04\/27\/marius-junda-sera-o-diretor-financeiro-do-grupo-girteka\/"},"modified":"2026-04-27T13:24:02","modified_gmt":"2026-04-27T11:24:02","slug":"marius-junda-sera-o-diretor-financeiro-do-grupo-girteka","status":"publish","type":"post","link":"https:\/\/transportjournal.com\/pt-pt\/2026\/04\/27\/marius-junda-sera-o-diretor-financeiro-do-grupo-girteka\/","title":{"rendered":"Marius Junda ser\u00e1 o diretor financeiro do grupo Girteka"},"content":{"rendered":"<p>Per 30 de abril, Marius Junda ser\u00e1 o novo diretor financeiro do grupo Girteka. O homem de 38 anos est\u00e1 na empresa h\u00e1 mais de tr\u00eas anos e, durante esse tempo, assumiu a responsabilidade pela \u00e1rea financeira dentro dos Servi\u00e7os Compartilhados, conforme informado pela empresa.<\/p>\n<p>Junda traz, segundo a Girteka, anos de experi\u00eancia profissional na \u00e1rea financeira: antes de ingressar na Girteka, ele ocupou v\u00e1rias posi\u00e7\u00f5es financeiras de lideran\u00e7a em empresas internacionais e regionais. Isso inclui tamb\u00e9m cargos de CFO, nos quais ele foi respons\u00e1vel por toda a \u00e1rea financeira no B\u00e1ltico. Sua carreira profissional tamb\u00e9m abrange experi\u00eancias no varejo, em vendas, bem como em gest\u00e3o de ativos e consultoria empresarial.<\/p>\n<p>Na comunica\u00e7\u00e3o, Marius Junda afirma que o papel das finan\u00e7as nas organiza\u00e7\u00f5es hoje vai al\u00e9m do simples controle. Ele enfatiza que as finan\u00e7as est\u00e3o se tornando uma parte central da tomada de decis\u00f5es empresariais.<\/p>\n<p><a href=\"https:\/\/www.girteka.eu\/\" target=\"_blank\" rel=\"noopener noreferrer\">www.girteka.eu<\/a><\/p>\n","protected":false},"excerpt":{"rendered":"<p>Marius Junda assumir\u00e1 o cargo de novo diretor financeiro do grupo Girteka a partir de 30 de abril e enfatiza a import\u00e2ncia da integra\u00e7\u00e3o da gest\u00e3o financeira nas decis\u00f5es estrat\u00e9gicas da empresa.<\/p>\n","protected":false},"author":10,"featured_media":86801,"comment_status":"open","ping_status":"","sticky":false,"template":"","format":"standard","meta":{"_acf_changed":false,"footnotes":""},"categories":[1623,1615],"tags":[22901,17765,17766,42520,42521,19743,19744,7380,42522,2548,42523,5587,42524,2695,2696,7385,5590,42525,42526,42527,1889,5591,42528,5593,42529,42530,16847,42531,27651,5599,2562,2125,3682,3683,5601,5602,2133,1831,42532,2717,3602,42533,2148,28857,42534,17778,42535,42536,42537,27637,27638,2237,2839,1837,32880,2157,42538],"class_list":["post-86806","post","type-post","status-publish","format-standard","has-post-thumbnail","hentry","category-europa","category-pessoas-e-empresas","tag-asset-management","tag-baltic-region","tag-baltikum","tag-berufserfahrung-english-girteka-group","tag-business-consulting","tag-cfo-positions","tag-cfo-positionen","tag-chief-financial-officer","tag-conseil-aux-entreprises","tag-corporate-governance","tag-decision-making","tag-departement-financier","tag-deutsch-girteka-gruppe","tag-digitalisierung","tag-digitalization","tag-directeur-financier","tag-entreprises-internationales","tag-entreprises-regionales","tag-entscheidungsfindung","tag-experience-professionnelle","tag-fachkraeftemangel","tag-finance-department","tag-finance-sector","tag-financial-management","tag-finanzbereich","tag-finanzsteuerung","tag-finanzvorstand","tag-finanzwesen","tag-gestion-dactifs","tag-gestion-financiere","tag-gouvernance-dentreprise","tag-industrie-du-transport","tag-infrastructure","tag-infrastruktur","tag-international-companies","tag-internationale-unternehmen","tag-logistics-service-providers","tag-logistikdienstleister","tag-marius-junda","tag-numerisation","tag-penurie-de-competences","tag-postes-de-directeur-financier","tag-prestataires-de-services-logistiques","tag-prise-de-decision","tag-professional-experience-francais-girteka-groupe","tag-region-baltique","tag-regional-companies","tag-regionale-unternehmen","tag-secteur-financier","tag-services-partages","tag-shared-services","tag-skills-shortage","tag-transportation-industry","tag-transportwirtschaft","tag-unternehmensberatung","tag-unternehmensfuehrung","tag-vermoegensverwaltung"],"acf":[],"yoast_head":"<!-- This site is optimized with the Yoast SEO plugin v27.3 - https:\/\/yoast.com\/product\/yoast-seo-wordpress\/ -->\n<title>Marius Junda ser\u00e1 o diretor financeiro do grupo Girteka - ITJ | International Transport Journal<\/title>\n<meta name=\"robots\" content=\"index, follow, max-snippet:-1, max-image-preview:large, max-video-preview:-1\" \/>\n<link rel=\"canonical\" href=\"https:\/\/transportjournal.com\/pt-pt\/2026\/04\/27\/marius-junda-sera-o-diretor-financeiro-do-grupo-girteka\/\" \/>\n<meta property=\"og:locale\" content=\"pt_PT\" \/>\n<meta property=\"og:type\" content=\"article\" \/>\n<meta property=\"og:title\" content=\"Marius Junda ser\u00e1 o diretor financeiro do grupo Girteka - ITJ | International Transport Journal\" \/>\n<meta property=\"og:description\" content=\"Marius Junda assumir\u00e1 o cargo de novo diretor financeiro do grupo Girteka a partir de 30 de abril e enfatiza a import\u00e2ncia da integra\u00e7\u00e3o da gest\u00e3o financeira nas decis\u00f5es estrat\u00e9gicas da empresa.\" \/>\n<meta property=\"og:url\" content=\"https:\/\/transportjournal.com\/pt-pt\/2026\/04\/27\/marius-junda-sera-o-diretor-financeiro-do-grupo-girteka\/\" \/>\n<meta property=\"og:site_name\" content=\"ITJ | International Transport Journal\" \/>\n<meta property=\"article:published_time\" content=\"2026-04-27T11:12:48+00:00\" \/>\n<meta property=\"article:modified_time\" content=\"2026-04-27T11:24:02+00:00\" \/>\n<meta property=\"og:image\" content=\"https:\/\/transportjournal.com\/wp-content\/uploads\/sites\/2\/2026\/04\/Marius-Junda-Girteka-Group-CFO-aspect-ratio-1400-788.jpg\" \/>\n\t<meta property=\"og:image:width\" content=\"2048\" \/>\n\t<meta property=\"og:image:height\" content=\"1153\" \/>\n\t<meta property=\"og:image:type\" content=\"image\/jpeg\" \/>\n<meta name=\"author\" content=\"Jeremy Soland\" \/>\n<meta name=\"twitter:card\" content=\"summary_large_image\" \/>\n<meta name=\"twitter:label1\" content=\"Escrito por\" \/>\n\t<meta name=\"twitter:data1\" content=\"Jeremy Soland\" \/>\n\t<meta name=\"twitter:label2\" content=\"Tempo estimado de leitura\" \/>\n\t<meta name=\"twitter:data2\" content=\"1 minuto\" \/>\n<script type=\"application\/ld+json\" class=\"yoast-schema-graph\">{\"@context\":\"https:\\\/\\\/schema.org\",\"@graph\":[{\"@type\":\"Article\",\"@id\":\"https:\\\/\\\/transportjournal.com\\\/pt-pt\\\/2026\\\/04\\\/27\\\/marius-junda-sera-o-diretor-financeiro-do-grupo-girteka\\\/#article\",\"isPartOf\":{\"@id\":\"https:\\\/\\\/transportjournal.com\\\/pt-pt\\\/2026\\\/04\\\/27\\\/marius-junda-sera-o-diretor-financeiro-do-grupo-girteka\\\/\"},\"author\":{\"name\":\"Jeremy Soland\",\"@id\":\"https:\\\/\\\/transportjournal.com\\\/pt-pt\\\/#\\\/schema\\\/person\\\/41d36b5474b623392fa613e97e2363fa\"},\"headline\":\"Marius Junda ser\u00e1 o diretor financeiro do grupo Girteka\",\"datePublished\":\"2026-04-27T11:12:48+00:00\",\"dateModified\":\"2026-04-27T11:24:02+00:00\",\"mainEntityOfPage\":{\"@id\":\"https:\\\/\\\/transportjournal.com\\\/pt-pt\\\/2026\\\/04\\\/27\\\/marius-junda-sera-o-diretor-financeiro-do-grupo-girteka\\\/\"},\"wordCount\":174,\"commentCount\":0,\"publisher\":{\"@id\":\"https:\\\/\\\/transportjournal.com\\\/pt-pt\\\/#organization\"},\"image\":{\"@id\":\"https:\\\/\\\/transportjournal.com\\\/pt-pt\\\/2026\\\/04\\\/27\\\/marius-junda-sera-o-diretor-financeiro-do-grupo-girteka\\\/#primaryimage\"},\"thumbnailUrl\":\"https:\\\/\\\/transportjournal.com\\\/wp-content\\\/uploads\\\/sites\\\/2\\\/2026\\\/04\\\/Marius-Junda-Girteka-Group-CFO-aspect-ratio-1400-788.jpg\",\"keywords\":[\"Asset Management\",\"Baltic region\",\"Baltikum\",\"Berufserfahrung English Girteka Group\",\"business consulting\",\"CFO positions\",\"CFO-Positionen\",\"Chief Financial Officer\",\"conseil aux entreprises\",\"corporate governance\",\"decision-making\",\"d\u00e9partement financier\",\"Deutsch Girteka-Gruppe\",\"Digitalisierung\",\"digitalization\",\"directeur financier\",\"entreprises internationales\",\"entreprises r\u00e9gionales\",\"Entscheidungsfindung\",\"exp\u00e9rience professionnelle\",\"Fachkr\u00e4ftemangel\",\"finance department\",\"finance sector\",\"financial management\",\"Finanzbereich\",\"Finanzsteuerung\",\"Finanzvorstand\",\"Finanzwesen\",\"gestion d'actifs\",\"gestion financi\u00e8re\",\"gouvernance d'entreprise\",\"industrie du transport\",\"infrastructure\",\"Infrastruktur\",\"international companies\",\"internationale Unternehmen\",\"logistics service providers\",\"Logistikdienstleister\",\"Marius Junda\",\"num\u00e9risation\",\"p\u00e9nurie de comp\u00e9tences\",\"postes de directeur financier\",\"prestataires de services logistiques\",\"prise de d\u00e9cision\",\"professional experience Fran\u00e7ais Girteka Groupe\",\"r\u00e9gion baltique\",\"regional companies\",\"regionale Unternehmen\",\"secteur financier\",\"services partag\u00e9s\",\"shared services\",\"skills shortage\",\"transportation industry\",\"Transportwirtschaft\",\"Unternehmensberatung\",\"Unternehmensf\u00fchrung\",\"Verm\u00f6gensverwaltung\"],\"articleSection\":[\"Europa\",\"Pessoas e empresas\"],\"inLanguage\":\"pt-PT\",\"potentialAction\":[{\"@type\":\"CommentAction\",\"name\":\"Comment\",\"target\":[\"https:\\\/\\\/transportjournal.com\\\/pt-pt\\\/2026\\\/04\\\/27\\\/marius-junda-sera-o-diretor-financeiro-do-grupo-girteka\\\/#respond\"]}]},{\"@type\":\"WebPage\",\"@id\":\"https:\\\/\\\/transportjournal.com\\\/pt-pt\\\/2026\\\/04\\\/27\\\/marius-junda-sera-o-diretor-financeiro-do-grupo-girteka\\\/\",\"url\":\"https:\\\/\\\/transportjournal.com\\\/pt-pt\\\/2026\\\/04\\\/27\\\/marius-junda-sera-o-diretor-financeiro-do-grupo-girteka\\\/\",\"name\":\"Marius Junda ser\u00e1 o diretor financeiro do grupo Girteka - ITJ | International Transport Journal\",\"isPartOf\":{\"@id\":\"https:\\\/\\\/transportjournal.com\\\/pt-pt\\\/#website\"},\"primaryImageOfPage\":{\"@id\":\"https:\\\/\\\/transportjournal.com\\\/pt-pt\\\/2026\\\/04\\\/27\\\/marius-junda-sera-o-diretor-financeiro-do-grupo-girteka\\\/#primaryimage\"},\"image\":{\"@id\":\"https:\\\/\\\/transportjournal.com\\\/pt-pt\\\/2026\\\/04\\\/27\\\/marius-junda-sera-o-diretor-financeiro-do-grupo-girteka\\\/#primaryimage\"},\"thumbnailUrl\":\"https:\\\/\\\/transportjournal.com\\\/wp-content\\\/uploads\\\/sites\\\/2\\\/2026\\\/04\\\/Marius-Junda-Girteka-Group-CFO-aspect-ratio-1400-788.jpg\",\"datePublished\":\"2026-04-27T11:12:48+00:00\",\"dateModified\":\"2026-04-27T11:24:02+00:00\",\"breadcrumb\":{\"@id\":\"https:\\\/\\\/transportjournal.com\\\/pt-pt\\\/2026\\\/04\\\/27\\\/marius-junda-sera-o-diretor-financeiro-do-grupo-girteka\\\/#breadcrumb\"},\"inLanguage\":\"pt-PT\",\"potentialAction\":[{\"@type\":\"ReadAction\",\"target\":[\"https:\\\/\\\/transportjournal.com\\\/pt-pt\\\/2026\\\/04\\\/27\\\/marius-junda-sera-o-diretor-financeiro-do-grupo-girteka\\\/\"]}]},{\"@type\":\"ImageObject\",\"inLanguage\":\"pt-PT\",\"@id\":\"https:\\\/\\\/transportjournal.com\\\/pt-pt\\\/2026\\\/04\\\/27\\\/marius-junda-sera-o-diretor-financeiro-do-grupo-girteka\\\/#primaryimage\",\"url\":\"https:\\\/\\\/transportjournal.com\\\/wp-content\\\/uploads\\\/sites\\\/2\\\/2026\\\/04\\\/Marius-Junda-Girteka-Group-CFO-aspect-ratio-1400-788.jpg\",\"contentUrl\":\"https:\\\/\\\/transportjournal.com\\\/wp-content\\\/uploads\\\/sites\\\/2\\\/2026\\\/04\\\/Marius-Junda-Girteka-Group-CFO-aspect-ratio-1400-788.jpg\",\"width\":2048,\"height\":1153},{\"@type\":\"BreadcrumbList\",\"@id\":\"https:\\\/\\\/transportjournal.com\\\/pt-pt\\\/2026\\\/04\\\/27\\\/marius-junda-sera-o-diretor-financeiro-do-grupo-girteka\\\/#breadcrumb\",\"itemListElement\":[{\"@type\":\"ListItem\",\"position\":1,\"name\":\"Startseite\",\"item\":\"https:\\\/\\\/transportjournal.com\\\/pt-pt\\\/\"},{\"@type\":\"ListItem\",\"position\":2,\"name\":\"Marius Junda ser\u00e1 o diretor financeiro do grupo Girteka\"}]},{\"@type\":\"WebSite\",\"@id\":\"https:\\\/\\\/transportjournal.com\\\/pt-pt\\\/#website\",\"url\":\"https:\\\/\\\/transportjournal.com\\\/pt-pt\\\/\",\"name\":\"ITJ | International Transport Journal\",\"description\":\"Stay informed with the latest global news from the transport, logistics, and supply chain industries. Transport Journal delivers expert insights, analysis, and updates across shipping, aviation, intermodal, and forwarding.\",\"publisher\":{\"@id\":\"https:\\\/\\\/transportjournal.com\\\/pt-pt\\\/#organization\"},\"potentialAction\":[{\"@type\":\"SearchAction\",\"target\":{\"@type\":\"EntryPoint\",\"urlTemplate\":\"https:\\\/\\\/transportjournal.com\\\/pt-pt\\\/?s={search_term_string}\"},\"query-input\":{\"@type\":\"PropertyValueSpecification\",\"valueRequired\":true,\"valueName\":\"search_term_string\"}}],\"inLanguage\":\"pt-PT\"},{\"@type\":\"Organization\",\"@id\":\"https:\\\/\\\/transportjournal.com\\\/pt-pt\\\/#organization\",\"name\":\"Logismedia Group AG\",\"alternateName\":\"Logismedia Group AG\",\"url\":\"https:\\\/\\\/transportjournal.com\\\/pt-pt\\\/\",\"logo\":{\"@type\":\"ImageObject\",\"inLanguage\":\"pt-PT\",\"@id\":\"https:\\\/\\\/transportjournal.com\\\/pt-pt\\\/#\\\/schema\\\/logo\\\/image\\\/\",\"url\":\"https:\\\/\\\/transportjournal.com\\\/wp-content\\\/uploads\\\/sites\\\/2\\\/2025\\\/09\\\/Logo_ITJ.png\",\"contentUrl\":\"https:\\\/\\\/transportjournal.com\\\/wp-content\\\/uploads\\\/sites\\\/2\\\/2025\\\/09\\\/Logo_ITJ.png\",\"width\":799,\"height\":326,\"caption\":\"Logismedia Group AG\"},\"image\":{\"@id\":\"https:\\\/\\\/transportjournal.com\\\/pt-pt\\\/#\\\/schema\\\/logo\\\/image\\\/\"},\"sameAs\":[\"https:\\\/\\\/www.linkedin.com\\\/company\\\/56456496\\\/admin\\\/dashboard\\\/\",\"https:\\\/\\\/www.instagram.com\\\/logismediagroup\\\/\",\"https:\\\/\\\/www.youtube.com\\\/@LogiamediaGroupAG\"]},{\"@type\":\"Person\",\"@id\":\"https:\\\/\\\/transportjournal.com\\\/pt-pt\\\/#\\\/schema\\\/person\\\/41d36b5474b623392fa613e97e2363fa\",\"name\":\"Jeremy Soland\",\"url\":\"https:\\\/\\\/transportjournal.com\\\/pt-pt\\\/author\\\/jeremy\\\/\"}]}<\/script>\n<!-- \/ Yoast SEO plugin. -->","yoast_head_json":{"title":"Marius Junda ser\u00e1 o diretor financeiro do grupo Girteka - ITJ | International Transport Journal","robots":{"index":"index","follow":"follow","max-snippet":"max-snippet:-1","max-image-preview":"max-image-preview:large","max-video-preview":"max-video-preview:-1"},"canonical":"https:\/\/transportjournal.com\/pt-pt\/2026\/04\/27\/marius-junda-sera-o-diretor-financeiro-do-grupo-girteka\/","og_locale":"pt_PT","og_type":"article","og_title":"Marius Junda ser\u00e1 o diretor financeiro do grupo Girteka - ITJ | International Transport Journal","og_description":"Marius Junda assumir\u00e1 o cargo de novo diretor financeiro do grupo Girteka a partir de 30 de abril e enfatiza a import\u00e2ncia da integra\u00e7\u00e3o da gest\u00e3o financeira nas decis\u00f5es estrat\u00e9gicas da empresa.","og_url":"https:\/\/transportjournal.com\/pt-pt\/2026\/04\/27\/marius-junda-sera-o-diretor-financeiro-do-grupo-girteka\/","og_site_name":"ITJ | International Transport Journal","article_published_time":"2026-04-27T11:12:48+00:00","article_modified_time":"2026-04-27T11:24:02+00:00","og_image":[{"width":2048,"height":1153,"url":"https:\/\/transportjournal.com\/wp-content\/uploads\/sites\/2\/2026\/04\/Marius-Junda-Girteka-Group-CFO-aspect-ratio-1400-788.jpg","type":"image\/jpeg"}],"author":"Jeremy Soland","twitter_card":"summary_large_image","twitter_misc":{"Escrito por":"Jeremy Soland","Tempo estimado de leitura":"1 minuto"},"schema":{"@context":"https:\/\/schema.org","@graph":[{"@type":"Article","@id":"https:\/\/transportjournal.com\/pt-pt\/2026\/04\/27\/marius-junda-sera-o-diretor-financeiro-do-grupo-girteka\/#article","isPartOf":{"@id":"https:\/\/transportjournal.com\/pt-pt\/2026\/04\/27\/marius-junda-sera-o-diretor-financeiro-do-grupo-girteka\/"},"author":{"name":"Jeremy Soland","@id":"https:\/\/transportjournal.com\/pt-pt\/#\/schema\/person\/41d36b5474b623392fa613e97e2363fa"},"headline":"Marius Junda ser\u00e1 o diretor financeiro do grupo Girteka","datePublished":"2026-04-27T11:12:48+00:00","dateModified":"2026-04-27T11:24:02+00:00","mainEntityOfPage":{"@id":"https:\/\/transportjournal.com\/pt-pt\/2026\/04\/27\/marius-junda-sera-o-diretor-financeiro-do-grupo-girteka\/"},"wordCount":174,"commentCount":0,"publisher":{"@id":"https:\/\/transportjournal.com\/pt-pt\/#organization"},"image":{"@id":"https:\/\/transportjournal.com\/pt-pt\/2026\/04\/27\/marius-junda-sera-o-diretor-financeiro-do-grupo-girteka\/#primaryimage"},"thumbnailUrl":"https:\/\/transportjournal.com\/wp-content\/uploads\/sites\/2\/2026\/04\/Marius-Junda-Girteka-Group-CFO-aspect-ratio-1400-788.jpg","keywords":["Asset Management","Baltic region","Baltikum","Berufserfahrung English Girteka Group","business consulting","CFO positions","CFO-Positionen","Chief Financial Officer","conseil aux entreprises","corporate governance","decision-making","d\u00e9partement financier","Deutsch Girteka-Gruppe","Digitalisierung","digitalization","directeur financier","entreprises internationales","entreprises r\u00e9gionales","Entscheidungsfindung","exp\u00e9rience professionnelle","Fachkr\u00e4ftemangel","finance department","finance sector","financial management","Finanzbereich","Finanzsteuerung","Finanzvorstand","Finanzwesen","gestion d'actifs","gestion financi\u00e8re","gouvernance d'entreprise","industrie du transport","infrastructure","Infrastruktur","international companies","internationale Unternehmen","logistics service providers","Logistikdienstleister","Marius Junda","num\u00e9risation","p\u00e9nurie de comp\u00e9tences","postes de directeur financier","prestataires de services logistiques","prise de d\u00e9cision","professional experience Fran\u00e7ais Girteka Groupe","r\u00e9gion baltique","regional companies","regionale Unternehmen","secteur financier","services partag\u00e9s","shared services","skills shortage","transportation industry","Transportwirtschaft","Unternehmensberatung","Unternehmensf\u00fchrung","Verm\u00f6gensverwaltung"],"articleSection":["Europa","Pessoas e empresas"],"inLanguage":"pt-PT","potentialAction":[{"@type":"CommentAction","name":"Comment","target":["https:\/\/transportjournal.com\/pt-pt\/2026\/04\/27\/marius-junda-sera-o-diretor-financeiro-do-grupo-girteka\/#respond"]}]},{"@type":"WebPage","@id":"https:\/\/transportjournal.com\/pt-pt\/2026\/04\/27\/marius-junda-sera-o-diretor-financeiro-do-grupo-girteka\/","url":"https:\/\/transportjournal.com\/pt-pt\/2026\/04\/27\/marius-junda-sera-o-diretor-financeiro-do-grupo-girteka\/","name":"Marius Junda ser\u00e1 o diretor financeiro do grupo Girteka - ITJ | International Transport Journal","isPartOf":{"@id":"https:\/\/transportjournal.com\/pt-pt\/#website"},"primaryImageOfPage":{"@id":"https:\/\/transportjournal.com\/pt-pt\/2026\/04\/27\/marius-junda-sera-o-diretor-financeiro-do-grupo-girteka\/#primaryimage"},"image":{"@id":"https:\/\/transportjournal.com\/pt-pt\/2026\/04\/27\/marius-junda-sera-o-diretor-financeiro-do-grupo-girteka\/#primaryimage"},"thumbnailUrl":"https:\/\/transportjournal.com\/wp-content\/uploads\/sites\/2\/2026\/04\/Marius-Junda-Girteka-Group-CFO-aspect-ratio-1400-788.jpg","datePublished":"2026-04-27T11:12:48+00:00","dateModified":"2026-04-27T11:24:02+00:00","breadcrumb":{"@id":"https:\/\/transportjournal.com\/pt-pt\/2026\/04\/27\/marius-junda-sera-o-diretor-financeiro-do-grupo-girteka\/#breadcrumb"},"inLanguage":"pt-PT","potentialAction":[{"@type":"ReadAction","target":["https:\/\/transportjournal.com\/pt-pt\/2026\/04\/27\/marius-junda-sera-o-diretor-financeiro-do-grupo-girteka\/"]}]},{"@type":"ImageObject","inLanguage":"pt-PT","@id":"https:\/\/transportjournal.com\/pt-pt\/2026\/04\/27\/marius-junda-sera-o-diretor-financeiro-do-grupo-girteka\/#primaryimage","url":"https:\/\/transportjournal.com\/wp-content\/uploads\/sites\/2\/2026\/04\/Marius-Junda-Girteka-Group-CFO-aspect-ratio-1400-788.jpg","contentUrl":"https:\/\/transportjournal.com\/wp-content\/uploads\/sites\/2\/2026\/04\/Marius-Junda-Girteka-Group-CFO-aspect-ratio-1400-788.jpg","width":2048,"height":1153},{"@type":"BreadcrumbList","@id":"https:\/\/transportjournal.com\/pt-pt\/2026\/04\/27\/marius-junda-sera-o-diretor-financeiro-do-grupo-girteka\/#breadcrumb","itemListElement":[{"@type":"ListItem","position":1,"name":"Startseite","item":"https:\/\/transportjournal.com\/pt-pt\/"},{"@type":"ListItem","position":2,"name":"Marius Junda ser\u00e1 o diretor financeiro do grupo Girteka"}]},{"@type":"WebSite","@id":"https:\/\/transportjournal.com\/pt-pt\/#website","url":"https:\/\/transportjournal.com\/pt-pt\/","name":"ITJ | International Transport Journal","description":"Stay informed with the latest global news from the transport, logistics, and supply chain industries. Transport Journal delivers expert insights, analysis, and updates across shipping, aviation, intermodal, and forwarding.","publisher":{"@id":"https:\/\/transportjournal.com\/pt-pt\/#organization"},"potentialAction":[{"@type":"SearchAction","target":{"@type":"EntryPoint","urlTemplate":"https:\/\/transportjournal.com\/pt-pt\/?s={search_term_string}"},"query-input":{"@type":"PropertyValueSpecification","valueRequired":true,"valueName":"search_term_string"}}],"inLanguage":"pt-PT"},{"@type":"Organization","@id":"https:\/\/transportjournal.com\/pt-pt\/#organization","name":"Logismedia Group AG","alternateName":"Logismedia Group AG","url":"https:\/\/transportjournal.com\/pt-pt\/","logo":{"@type":"ImageObject","inLanguage":"pt-PT","@id":"https:\/\/transportjournal.com\/pt-pt\/#\/schema\/logo\/image\/","url":"https:\/\/transportjournal.com\/wp-content\/uploads\/sites\/2\/2025\/09\/Logo_ITJ.png","contentUrl":"https:\/\/transportjournal.com\/wp-content\/uploads\/sites\/2\/2025\/09\/Logo_ITJ.png","width":799,"height":326,"caption":"Logismedia Group AG"},"image":{"@id":"https:\/\/transportjournal.com\/pt-pt\/#\/schema\/logo\/image\/"},"sameAs":["https:\/\/www.linkedin.com\/company\/56456496\/admin\/dashboard\/","https:\/\/www.instagram.com\/logismediagroup\/","https:\/\/www.youtube.com\/@LogiamediaGroupAG"]},{"@type":"Person","@id":"https:\/\/transportjournal.com\/pt-pt\/#\/schema\/person\/41d36b5474b623392fa613e97e2363fa","name":"Jeremy Soland","url":"https:\/\/transportjournal.com\/pt-pt\/author\/jeremy\/"}]}},"_links":{"self":[{"href":"https:\/\/transportjournal.com\/pt-pt\/wp-json\/wp\/v2\/posts\/86806","targetHints":{"allow":["GET"]}}],"collection":[{"href":"https:\/\/transportjournal.com\/pt-pt\/wp-json\/wp\/v2\/posts"}],"about":[{"href":"https:\/\/transportjournal.com\/pt-pt\/wp-json\/wp\/v2\/types\/post"}],"author":[{"embeddable":true,"href":"https:\/\/transportjournal.com\/pt-pt\/wp-json\/wp\/v2\/users\/10"}],"replies":[{"embeddable":true,"href":"https:\/\/transportjournal.com\/pt-pt\/wp-json\/wp\/v2\/comments?post=86806"}],"version-history":[{"count":1,"href":"https:\/\/transportjournal.com\/pt-pt\/wp-json\/wp\/v2\/posts\/86806\/revisions"}],"predecessor-version":[{"id":86813,"href":"https:\/\/transportjournal.com\/pt-pt\/wp-json\/wp\/v2\/posts\/86806\/revisions\/86813"}],"wp:featuredmedia":[{"embeddable":true,"href":"https:\/\/transportjournal.com\/pt-pt\/wp-json\/wp\/v2\/media\/86801"}],"wp:attachment":[{"href":"https:\/\/transportjournal.com\/pt-pt\/wp-json\/wp\/v2\/media?parent=86806"}],"wp:term":[{"taxonomy":"category","embeddable":true,"href":"https:\/\/transportjournal.com\/pt-pt\/wp-json\/wp\/v2\/categories?post=86806"},{"taxonomy":"post_tag","embeddable":true,"href":"https:\/\/transportjournal.com\/pt-pt\/wp-json\/wp\/v2\/tags?post=86806"}],"curies":[{"name":"wp","href":"https:\/\/api.w.org\/{rel}","templated":true}]}}