{"id":86687,"date":"2026-04-27T08:06:02","date_gmt":"2026-04-27T08:06:02","guid":{"rendered":"https:\/\/transportjournal.com\/2026\/04\/27\/ecs-group-coopera-com-my-freighter\/"},"modified":"2026-04-27T10:15:39","modified_gmt":"2026-04-27T08:15:39","slug":"ecs-group-coopera-com-my-freighter","status":"publish","type":"post","link":"https:\/\/transportjournal.com\/pt-pt\/2026\/04\/27\/ecs-group-coopera-com-my-freighter\/","title":{"rendered":"ECS Group coopera com My Freighter"},"content":{"rendered":"<p>A ECS Group estabeleceu uma parceria estrat\u00e9gica com a My Freighter para impulsionar sua expans\u00e3o comercial na Europa. O objetivo dessa colabora\u00e7\u00e3o \u00e9 expandir a infraestrutura de vendas para explorar fluxos de carga entre a Europa e a \u00c1sia Central, conforme informado pela empresa.<\/p>\n<p>A ECS Group afirma que, desde o in\u00edcio das opera\u00e7\u00f5es em janeiro de 2026, j\u00e1 ativou v\u00e1rios mercados-chave. Atrav\u00e9s de suas subsidi\u00e1rias Globe Air Cargo na Fran\u00e7a, Pa\u00edses Baixos e B\u00e9lgica, a empresa realizou um lan\u00e7amento transfronteiri\u00e7o. Esse desenvolvimento visa sublinhar a capacidade da ECS Group de responder a mudan\u00e7as no mercado e gerar resultados comerciais para companhias a\u00e9reas parceiras.<\/p>\n<h3>Expans\u00e3o da oferta de carga<\/h3>\n<p>A My Freighter opera uma rede de locais de carga na Europa, incluindo Li\u00e8ge, Maastricht, Basileia, Tallinn e o aeroporto de Paris CDG. Essa rede est\u00e1 diretamente conectada ao hub em Tashkent e se estende ainda mais para a \u00c1sia Central, incluindo Almaty. Rotinas regulares de carga e uma oferta flex\u00edvel de capacidade devem, segundo a ECS Group, garantir que a demanda em mudan\u00e7a no transporte de carga seja atendida.<\/p>\n<p><a href=\"https:\/\/ecsgroup.aero\/\" target=\"_blank\" rel=\"noopener noreferrer\">www.ecsgroup.aero<\/a><\/p>\n","protected":false},"excerpt":{"rendered":"<p>A ECS Group e a My Freighter firmaram uma parceria para expandir a infraestrutura de carga entre a Europa e a \u00c1sia Central.<\/p>\n","protected":false},"author":10,"featured_media":86682,"comment_status":"open","ping_status":"","sticky":false,"template":"","format":"standard","meta":{"_acf_changed":false,"footnotes":""},"categories":[1622,1623,1618],"tags":[42275,2648,16106,42276,42277,42278,16107,29883,42279,14214,42280,10460,10461,38903,42281,42282,2811,42283,42284,28016,42285,3234,42286,28019,42287,36211,42288,42289,42290,14379,42291,42292,4293,1962,14381,42293,29896,29897,34533,42294,2148,42295,42296,40795,28032,42297,16134],"class_list":["post-86687","post","type-post","status-publish","format-standard","has-post-thumbnail","hentry","category-asia-pacifico","category-europa","category-transporte-aereo-de-mercadorias","tag-aeroport-de-paris-cdg","tag-air-freight","tag-asie-centrale","tag-bale","tag-basel","tag-capacity-provision","tag-central-asia","tag-changements-de-marche","tag-commercial-expansion","tag-deutsch-ecs-group","tag-distribution-infrastructure","tag-europa","tag-europe","tag-expansion-commerciale","tag-flughafen-paris-cdg","tag-fourniture-de-capacite","tag-frachtlogistik","tag-frachtrotationen","tag-frachtstandorte","tag-frachtverkehr","tag-freight-locations","tag-freight-logistics","tag-freight-rotations","tag-freight-traffic","tag-fret","tag-globe-air-cargo","tag-infrastructure-de-distribution","tag-kapazitaetsbereitstellung","tag-kommerzielle-expansion","tag-liege","tag-logistics-service-providers-francais-ecs-group","tag-logistikdienstleister-english-ecs-group","tag-logistique-aerienne","tag-luftfracht","tag-luettich","tag-maastricht","tag-market-changes","tag-marktveraenderungen","tag-my-freighter","tag-paris-cdg-airport","tag-prestataires-de-services-logistiques","tag-rotations-de-fret","tag-sites-de-fret","tag-tallinn","tag-trafic-de-fret","tag-vertriebsinfrastruktur","tag-zentralasien"],"acf":[],"yoast_head":"<!-- This site is optimized with the Yoast SEO plugin v27.3 - https:\/\/yoast.com\/product\/yoast-seo-wordpress\/ -->\n<title>ECS Group coopera com My Freighter - ITJ | International Transport Journal<\/title>\n<meta name=\"robots\" content=\"index, follow, max-snippet:-1, max-image-preview:large, max-video-preview:-1\" \/>\n<link rel=\"canonical\" href=\"https:\/\/transportjournal.com\/pt-pt\/2026\/04\/27\/ecs-group-coopera-com-my-freighter\/\" \/>\n<meta property=\"og:locale\" content=\"pt_PT\" \/>\n<meta property=\"og:type\" content=\"article\" \/>\n<meta property=\"og:title\" content=\"ECS Group coopera com My Freighter - ITJ | International Transport Journal\" \/>\n<meta property=\"og:description\" content=\"A ECS Group e a My Freighter firmaram uma parceria para expandir a infraestrutura de carga entre a Europa e a \u00c1sia Central.\" \/>\n<meta property=\"og:url\" content=\"https:\/\/transportjournal.com\/pt-pt\/2026\/04\/27\/ecs-group-coopera-com-my-freighter\/\" \/>\n<meta property=\"og:site_name\" content=\"ITJ | International Transport Journal\" \/>\n<meta property=\"article:published_time\" content=\"2026-04-27T08:06:02+00:00\" \/>\n<meta property=\"article:modified_time\" content=\"2026-04-27T08:15:39+00:00\" \/>\n<meta property=\"og:image\" content=\"https:\/\/transportjournal.com\/wp-content\/uploads\/sites\/2\/2026\/04\/ECS-Group-Accelerates-European-Expansion-for-My-Freighter-Through-Strategic-Commercial-Partnership.jpg\" \/>\n\t<meta property=\"og:image:width\" content=\"1920\" \/>\n\t<meta property=\"og:image:height\" content=\"1080\" \/>\n\t<meta property=\"og:image:type\" content=\"image\/jpeg\" \/>\n<meta name=\"author\" content=\"Jeremy Soland\" \/>\n<meta name=\"twitter:card\" content=\"summary_large_image\" \/>\n<meta name=\"twitter:label1\" content=\"Escrito por\" \/>\n\t<meta name=\"twitter:data1\" content=\"Jeremy Soland\" \/>\n\t<meta name=\"twitter:label2\" content=\"Tempo estimado de leitura\" \/>\n\t<meta name=\"twitter:data2\" content=\"1 minuto\" \/>\n<script type=\"application\/ld+json\" class=\"yoast-schema-graph\">{\"@context\":\"https:\\\/\\\/schema.org\",\"@graph\":[{\"@type\":\"Article\",\"@id\":\"https:\\\/\\\/transportjournal.com\\\/pt-pt\\\/2026\\\/04\\\/27\\\/ecs-group-coopera-com-my-freighter\\\/#article\",\"isPartOf\":{\"@id\":\"https:\\\/\\\/transportjournal.com\\\/pt-pt\\\/2026\\\/04\\\/27\\\/ecs-group-coopera-com-my-freighter\\\/\"},\"author\":{\"name\":\"Jeremy Soland\",\"@id\":\"https:\\\/\\\/transportjournal.com\\\/pt-pt\\\/#\\\/schema\\\/person\\\/41d36b5474b623392fa613e97e2363fa\"},\"headline\":\"ECS Group coopera com My Freighter\",\"datePublished\":\"2026-04-27T08:06:02+00:00\",\"dateModified\":\"2026-04-27T08:15:39+00:00\",\"mainEntityOfPage\":{\"@id\":\"https:\\\/\\\/transportjournal.com\\\/pt-pt\\\/2026\\\/04\\\/27\\\/ecs-group-coopera-com-my-freighter\\\/\"},\"wordCount\":205,\"commentCount\":0,\"publisher\":{\"@id\":\"https:\\\/\\\/transportjournal.com\\\/pt-pt\\\/#organization\"},\"image\":{\"@id\":\"https:\\\/\\\/transportjournal.com\\\/pt-pt\\\/2026\\\/04\\\/27\\\/ecs-group-coopera-com-my-freighter\\\/#primaryimage\"},\"thumbnailUrl\":\"https:\\\/\\\/transportjournal.com\\\/wp-content\\\/uploads\\\/sites\\\/2\\\/2026\\\/04\\\/ECS-Group-Accelerates-European-Expansion-for-My-Freighter-Through-Strategic-Commercial-Partnership.jpg\",\"keywords\":[\"a\u00e9roport de Paris CDG\",\"air freight\",\"Asie centrale\",\"B\u00e2le\",\"Basel\",\"capacity provision\",\"Central Asia\",\"changements de march\u00e9\",\"commercial expansion\",\"Deutsch ECS Group\",\"distribution infrastructure\",\"Europa\",\"Europe\",\"expansion commerciale\",\"Flughafen Paris CDG\",\"fourniture de capacit\u00e9\",\"Frachtlogistik\",\"Frachtrotationen\",\"Frachtstandorte\",\"Frachtverkehr\",\"freight locations\",\"freight logistics\",\"freight rotations\",\"freight traffic\",\"fret\",\"Globe Air Cargo\",\"infrastructure de distribution\",\"Kapazit\u00e4tsbereitstellung\",\"kommerzielle Expansion\",\"Li\u00e8ge\",\"logistics service providers Fran\u00e7ais ECS Group\",\"Logistikdienstleister English ECS Group\",\"logistique a\u00e9rienne\",\"Luftfracht\",\"L\u00fcttich\",\"Maastricht\",\"market changes\",\"Marktver\u00e4nderungen\",\"My Freighter\",\"Paris CDG airport\",\"prestataires de services logistiques\",\"rotations de fret\",\"sites de fret\",\"Tallinn\",\"trafic de fret\",\"Vertriebsinfrastruktur\",\"Zentralasien\"],\"articleSection\":[\"\u00c1sia\\\/Pac\u00edfico\",\"Europa\",\"Transporte a\u00e9reo de mercadorias\"],\"inLanguage\":\"pt-PT\",\"potentialAction\":[{\"@type\":\"CommentAction\",\"name\":\"Comment\",\"target\":[\"https:\\\/\\\/transportjournal.com\\\/pt-pt\\\/2026\\\/04\\\/27\\\/ecs-group-coopera-com-my-freighter\\\/#respond\"]}]},{\"@type\":\"WebPage\",\"@id\":\"https:\\\/\\\/transportjournal.com\\\/pt-pt\\\/2026\\\/04\\\/27\\\/ecs-group-coopera-com-my-freighter\\\/\",\"url\":\"https:\\\/\\\/transportjournal.com\\\/pt-pt\\\/2026\\\/04\\\/27\\\/ecs-group-coopera-com-my-freighter\\\/\",\"name\":\"ECS Group coopera com My Freighter - ITJ | International Transport Journal\",\"isPartOf\":{\"@id\":\"https:\\\/\\\/transportjournal.com\\\/pt-pt\\\/#website\"},\"primaryImageOfPage\":{\"@id\":\"https:\\\/\\\/transportjournal.com\\\/pt-pt\\\/2026\\\/04\\\/27\\\/ecs-group-coopera-com-my-freighter\\\/#primaryimage\"},\"image\":{\"@id\":\"https:\\\/\\\/transportjournal.com\\\/pt-pt\\\/2026\\\/04\\\/27\\\/ecs-group-coopera-com-my-freighter\\\/#primaryimage\"},\"thumbnailUrl\":\"https:\\\/\\\/transportjournal.com\\\/wp-content\\\/uploads\\\/sites\\\/2\\\/2026\\\/04\\\/ECS-Group-Accelerates-European-Expansion-for-My-Freighter-Through-Strategic-Commercial-Partnership.jpg\",\"datePublished\":\"2026-04-27T08:06:02+00:00\",\"dateModified\":\"2026-04-27T08:15:39+00:00\",\"breadcrumb\":{\"@id\":\"https:\\\/\\\/transportjournal.com\\\/pt-pt\\\/2026\\\/04\\\/27\\\/ecs-group-coopera-com-my-freighter\\\/#breadcrumb\"},\"inLanguage\":\"pt-PT\",\"potentialAction\":[{\"@type\":\"ReadAction\",\"target\":[\"https:\\\/\\\/transportjournal.com\\\/pt-pt\\\/2026\\\/04\\\/27\\\/ecs-group-coopera-com-my-freighter\\\/\"]}]},{\"@type\":\"ImageObject\",\"inLanguage\":\"pt-PT\",\"@id\":\"https:\\\/\\\/transportjournal.com\\\/pt-pt\\\/2026\\\/04\\\/27\\\/ecs-group-coopera-com-my-freighter\\\/#primaryimage\",\"url\":\"https:\\\/\\\/transportjournal.com\\\/wp-content\\\/uploads\\\/sites\\\/2\\\/2026\\\/04\\\/ECS-Group-Accelerates-European-Expansion-for-My-Freighter-Through-Strategic-Commercial-Partnership.jpg\",\"contentUrl\":\"https:\\\/\\\/transportjournal.com\\\/wp-content\\\/uploads\\\/sites\\\/2\\\/2026\\\/04\\\/ECS-Group-Accelerates-European-Expansion-for-My-Freighter-Through-Strategic-Commercial-Partnership.jpg\",\"width\":1920,\"height\":1080},{\"@type\":\"BreadcrumbList\",\"@id\":\"https:\\\/\\\/transportjournal.com\\\/pt-pt\\\/2026\\\/04\\\/27\\\/ecs-group-coopera-com-my-freighter\\\/#breadcrumb\",\"itemListElement\":[{\"@type\":\"ListItem\",\"position\":1,\"name\":\"Startseite\",\"item\":\"https:\\\/\\\/transportjournal.com\\\/pt-pt\\\/\"},{\"@type\":\"ListItem\",\"position\":2,\"name\":\"ECS Group coopera com My Freighter\"}]},{\"@type\":\"WebSite\",\"@id\":\"https:\\\/\\\/transportjournal.com\\\/pt-pt\\\/#website\",\"url\":\"https:\\\/\\\/transportjournal.com\\\/pt-pt\\\/\",\"name\":\"ITJ | International Transport Journal\",\"description\":\"Stay informed with the latest global news from the transport, logistics, and supply chain industries. Transport Journal delivers expert insights, analysis, and updates across shipping, aviation, intermodal, and forwarding.\",\"publisher\":{\"@id\":\"https:\\\/\\\/transportjournal.com\\\/pt-pt\\\/#organization\"},\"potentialAction\":[{\"@type\":\"SearchAction\",\"target\":{\"@type\":\"EntryPoint\",\"urlTemplate\":\"https:\\\/\\\/transportjournal.com\\\/pt-pt\\\/?s={search_term_string}\"},\"query-input\":{\"@type\":\"PropertyValueSpecification\",\"valueRequired\":true,\"valueName\":\"search_term_string\"}}],\"inLanguage\":\"pt-PT\"},{\"@type\":\"Organization\",\"@id\":\"https:\\\/\\\/transportjournal.com\\\/pt-pt\\\/#organization\",\"name\":\"Logismedia Group AG\",\"alternateName\":\"Logismedia Group AG\",\"url\":\"https:\\\/\\\/transportjournal.com\\\/pt-pt\\\/\",\"logo\":{\"@type\":\"ImageObject\",\"inLanguage\":\"pt-PT\",\"@id\":\"https:\\\/\\\/transportjournal.com\\\/pt-pt\\\/#\\\/schema\\\/logo\\\/image\\\/\",\"url\":\"https:\\\/\\\/transportjournal.com\\\/wp-content\\\/uploads\\\/sites\\\/2\\\/2025\\\/09\\\/Logo_ITJ.png\",\"contentUrl\":\"https:\\\/\\\/transportjournal.com\\\/wp-content\\\/uploads\\\/sites\\\/2\\\/2025\\\/09\\\/Logo_ITJ.png\",\"width\":799,\"height\":326,\"caption\":\"Logismedia Group AG\"},\"image\":{\"@id\":\"https:\\\/\\\/transportjournal.com\\\/pt-pt\\\/#\\\/schema\\\/logo\\\/image\\\/\"},\"sameAs\":[\"https:\\\/\\\/www.linkedin.com\\\/company\\\/56456496\\\/admin\\\/dashboard\\\/\",\"https:\\\/\\\/www.instagram.com\\\/logismediagroup\\\/\",\"https:\\\/\\\/www.youtube.com\\\/@LogiamediaGroupAG\"]},{\"@type\":\"Person\",\"@id\":\"https:\\\/\\\/transportjournal.com\\\/pt-pt\\\/#\\\/schema\\\/person\\\/41d36b5474b623392fa613e97e2363fa\",\"name\":\"Jeremy Soland\",\"url\":\"https:\\\/\\\/transportjournal.com\\\/pt-pt\\\/author\\\/jeremy\\\/\"}]}<\/script>\n<!-- \/ Yoast SEO plugin. -->","yoast_head_json":{"title":"ECS Group coopera com My Freighter - ITJ | International Transport Journal","robots":{"index":"index","follow":"follow","max-snippet":"max-snippet:-1","max-image-preview":"max-image-preview:large","max-video-preview":"max-video-preview:-1"},"canonical":"https:\/\/transportjournal.com\/pt-pt\/2026\/04\/27\/ecs-group-coopera-com-my-freighter\/","og_locale":"pt_PT","og_type":"article","og_title":"ECS Group coopera com My Freighter - ITJ | International Transport Journal","og_description":"A ECS Group e a My Freighter firmaram uma parceria para expandir a infraestrutura de carga entre a Europa e a \u00c1sia Central.","og_url":"https:\/\/transportjournal.com\/pt-pt\/2026\/04\/27\/ecs-group-coopera-com-my-freighter\/","og_site_name":"ITJ | International Transport Journal","article_published_time":"2026-04-27T08:06:02+00:00","article_modified_time":"2026-04-27T08:15:39+00:00","og_image":[{"width":1920,"height":1080,"url":"https:\/\/transportjournal.com\/wp-content\/uploads\/sites\/2\/2026\/04\/ECS-Group-Accelerates-European-Expansion-for-My-Freighter-Through-Strategic-Commercial-Partnership.jpg","type":"image\/jpeg"}],"author":"Jeremy Soland","twitter_card":"summary_large_image","twitter_misc":{"Escrito por":"Jeremy Soland","Tempo estimado de leitura":"1 minuto"},"schema":{"@context":"https:\/\/schema.org","@graph":[{"@type":"Article","@id":"https:\/\/transportjournal.com\/pt-pt\/2026\/04\/27\/ecs-group-coopera-com-my-freighter\/#article","isPartOf":{"@id":"https:\/\/transportjournal.com\/pt-pt\/2026\/04\/27\/ecs-group-coopera-com-my-freighter\/"},"author":{"name":"Jeremy Soland","@id":"https:\/\/transportjournal.com\/pt-pt\/#\/schema\/person\/41d36b5474b623392fa613e97e2363fa"},"headline":"ECS Group coopera com My Freighter","datePublished":"2026-04-27T08:06:02+00:00","dateModified":"2026-04-27T08:15:39+00:00","mainEntityOfPage":{"@id":"https:\/\/transportjournal.com\/pt-pt\/2026\/04\/27\/ecs-group-coopera-com-my-freighter\/"},"wordCount":205,"commentCount":0,"publisher":{"@id":"https:\/\/transportjournal.com\/pt-pt\/#organization"},"image":{"@id":"https:\/\/transportjournal.com\/pt-pt\/2026\/04\/27\/ecs-group-coopera-com-my-freighter\/#primaryimage"},"thumbnailUrl":"https:\/\/transportjournal.com\/wp-content\/uploads\/sites\/2\/2026\/04\/ECS-Group-Accelerates-European-Expansion-for-My-Freighter-Through-Strategic-Commercial-Partnership.jpg","keywords":["a\u00e9roport de Paris CDG","air freight","Asie centrale","B\u00e2le","Basel","capacity provision","Central Asia","changements de march\u00e9","commercial expansion","Deutsch ECS Group","distribution infrastructure","Europa","Europe","expansion commerciale","Flughafen Paris CDG","fourniture de capacit\u00e9","Frachtlogistik","Frachtrotationen","Frachtstandorte","Frachtverkehr","freight locations","freight logistics","freight rotations","freight traffic","fret","Globe Air Cargo","infrastructure de distribution","Kapazit\u00e4tsbereitstellung","kommerzielle Expansion","Li\u00e8ge","logistics service providers Fran\u00e7ais ECS Group","Logistikdienstleister English ECS Group","logistique a\u00e9rienne","Luftfracht","L\u00fcttich","Maastricht","market changes","Marktver\u00e4nderungen","My Freighter","Paris CDG airport","prestataires de services logistiques","rotations de fret","sites de fret","Tallinn","trafic de fret","Vertriebsinfrastruktur","Zentralasien"],"articleSection":["\u00c1sia\/Pac\u00edfico","Europa","Transporte a\u00e9reo de mercadorias"],"inLanguage":"pt-PT","potentialAction":[{"@type":"CommentAction","name":"Comment","target":["https:\/\/transportjournal.com\/pt-pt\/2026\/04\/27\/ecs-group-coopera-com-my-freighter\/#respond"]}]},{"@type":"WebPage","@id":"https:\/\/transportjournal.com\/pt-pt\/2026\/04\/27\/ecs-group-coopera-com-my-freighter\/","url":"https:\/\/transportjournal.com\/pt-pt\/2026\/04\/27\/ecs-group-coopera-com-my-freighter\/","name":"ECS Group coopera com My Freighter - ITJ | International Transport Journal","isPartOf":{"@id":"https:\/\/transportjournal.com\/pt-pt\/#website"},"primaryImageOfPage":{"@id":"https:\/\/transportjournal.com\/pt-pt\/2026\/04\/27\/ecs-group-coopera-com-my-freighter\/#primaryimage"},"image":{"@id":"https:\/\/transportjournal.com\/pt-pt\/2026\/04\/27\/ecs-group-coopera-com-my-freighter\/#primaryimage"},"thumbnailUrl":"https:\/\/transportjournal.com\/wp-content\/uploads\/sites\/2\/2026\/04\/ECS-Group-Accelerates-European-Expansion-for-My-Freighter-Through-Strategic-Commercial-Partnership.jpg","datePublished":"2026-04-27T08:06:02+00:00","dateModified":"2026-04-27T08:15:39+00:00","breadcrumb":{"@id":"https:\/\/transportjournal.com\/pt-pt\/2026\/04\/27\/ecs-group-coopera-com-my-freighter\/#breadcrumb"},"inLanguage":"pt-PT","potentialAction":[{"@type":"ReadAction","target":["https:\/\/transportjournal.com\/pt-pt\/2026\/04\/27\/ecs-group-coopera-com-my-freighter\/"]}]},{"@type":"ImageObject","inLanguage":"pt-PT","@id":"https:\/\/transportjournal.com\/pt-pt\/2026\/04\/27\/ecs-group-coopera-com-my-freighter\/#primaryimage","url":"https:\/\/transportjournal.com\/wp-content\/uploads\/sites\/2\/2026\/04\/ECS-Group-Accelerates-European-Expansion-for-My-Freighter-Through-Strategic-Commercial-Partnership.jpg","contentUrl":"https:\/\/transportjournal.com\/wp-content\/uploads\/sites\/2\/2026\/04\/ECS-Group-Accelerates-European-Expansion-for-My-Freighter-Through-Strategic-Commercial-Partnership.jpg","width":1920,"height":1080},{"@type":"BreadcrumbList","@id":"https:\/\/transportjournal.com\/pt-pt\/2026\/04\/27\/ecs-group-coopera-com-my-freighter\/#breadcrumb","itemListElement":[{"@type":"ListItem","position":1,"name":"Startseite","item":"https:\/\/transportjournal.com\/pt-pt\/"},{"@type":"ListItem","position":2,"name":"ECS Group coopera com My Freighter"}]},{"@type":"WebSite","@id":"https:\/\/transportjournal.com\/pt-pt\/#website","url":"https:\/\/transportjournal.com\/pt-pt\/","name":"ITJ | International Transport Journal","description":"Stay informed with the latest global news from the transport, logistics, and supply chain industries. Transport Journal delivers expert insights, analysis, and updates across shipping, aviation, intermodal, and forwarding.","publisher":{"@id":"https:\/\/transportjournal.com\/pt-pt\/#organization"},"potentialAction":[{"@type":"SearchAction","target":{"@type":"EntryPoint","urlTemplate":"https:\/\/transportjournal.com\/pt-pt\/?s={search_term_string}"},"query-input":{"@type":"PropertyValueSpecification","valueRequired":true,"valueName":"search_term_string"}}],"inLanguage":"pt-PT"},{"@type":"Organization","@id":"https:\/\/transportjournal.com\/pt-pt\/#organization","name":"Logismedia Group AG","alternateName":"Logismedia Group AG","url":"https:\/\/transportjournal.com\/pt-pt\/","logo":{"@type":"ImageObject","inLanguage":"pt-PT","@id":"https:\/\/transportjournal.com\/pt-pt\/#\/schema\/logo\/image\/","url":"https:\/\/transportjournal.com\/wp-content\/uploads\/sites\/2\/2025\/09\/Logo_ITJ.png","contentUrl":"https:\/\/transportjournal.com\/wp-content\/uploads\/sites\/2\/2025\/09\/Logo_ITJ.png","width":799,"height":326,"caption":"Logismedia Group AG"},"image":{"@id":"https:\/\/transportjournal.com\/pt-pt\/#\/schema\/logo\/image\/"},"sameAs":["https:\/\/www.linkedin.com\/company\/56456496\/admin\/dashboard\/","https:\/\/www.instagram.com\/logismediagroup\/","https:\/\/www.youtube.com\/@LogiamediaGroupAG"]},{"@type":"Person","@id":"https:\/\/transportjournal.com\/pt-pt\/#\/schema\/person\/41d36b5474b623392fa613e97e2363fa","name":"Jeremy Soland","url":"https:\/\/transportjournal.com\/pt-pt\/author\/jeremy\/"}]}},"_links":{"self":[{"href":"https:\/\/transportjournal.com\/pt-pt\/wp-json\/wp\/v2\/posts\/86687","targetHints":{"allow":["GET"]}}],"collection":[{"href":"https:\/\/transportjournal.com\/pt-pt\/wp-json\/wp\/v2\/posts"}],"about":[{"href":"https:\/\/transportjournal.com\/pt-pt\/wp-json\/wp\/v2\/types\/post"}],"author":[{"embeddable":true,"href":"https:\/\/transportjournal.com\/pt-pt\/wp-json\/wp\/v2\/users\/10"}],"replies":[{"embeddable":true,"href":"https:\/\/transportjournal.com\/pt-pt\/wp-json\/wp\/v2\/comments?post=86687"}],"version-history":[{"count":1,"href":"https:\/\/transportjournal.com\/pt-pt\/wp-json\/wp\/v2\/posts\/86687\/revisions"}],"predecessor-version":[{"id":86694,"href":"https:\/\/transportjournal.com\/pt-pt\/wp-json\/wp\/v2\/posts\/86687\/revisions\/86694"}],"wp:featuredmedia":[{"embeddable":true,"href":"https:\/\/transportjournal.com\/pt-pt\/wp-json\/wp\/v2\/media\/86682"}],"wp:attachment":[{"href":"https:\/\/transportjournal.com\/pt-pt\/wp-json\/wp\/v2\/media?parent=86687"}],"wp:term":[{"taxonomy":"category","embeddable":true,"href":"https:\/\/transportjournal.com\/pt-pt\/wp-json\/wp\/v2\/categories?post=86687"},{"taxonomy":"post_tag","embeddable":true,"href":"https:\/\/transportjournal.com\/pt-pt\/wp-json\/wp\/v2\/tags?post=86687"}],"curies":[{"name":"wp","href":"https:\/\/api.w.org\/{rel}","templated":true}]}}