{"id":80885,"date":"2026-03-16T10:06:32","date_gmt":"2026-03-16T10:06:32","guid":{"rendered":"https:\/\/transportjournal.com\/2026\/03\/16\/intermanager-alerta-sobre-passagem-pelo-estreito-de-hormus\/"},"modified":"2026-03-16T10:06:32","modified_gmt":"2026-03-16T10:06:32","slug":"intermanager-alerta-sobre-passagem-pelo-estreito-de-hormus","status":"publish","type":"post","link":"https:\/\/transportjournal.com\/pt-pt\/2026\/03\/16\/intermanager-alerta-sobre-passagem-pelo-estreito-de-hormus\/","title":{"rendered":"InterManager alerta sobre passagem pelo Estreito de Hormus"},"content":{"rendered":"<p>A organiza\u00e7\u00e3o internacional do setor InterManager pede que armadores e gestores de navios redobrem a cautela em raz\u00e3o dos recentes incidentes de seguran\u00e7a e ataques a navios mercantes na regi\u00e3o do Golfo P\u00e9rsico durante as travessias pelo Estreito de Ormuz.<\/p>\n<p>De acordo com a avalia\u00e7\u00e3o da associa\u00e7\u00e3o, a situa\u00e7\u00e3o de seguran\u00e7a se agravou significativamente. Gestores de navios, propriet\u00e1rios e operadores devem, portanto, avaliar cuidadosamente se a passagem pela estreita \u00e9 realmente necess\u00e1ria no momento. A seguran\u00e7a e o bem-estar dos marinheiros devem sempre ter a mais alta prioridade.<\/p>\n<p>Aviso ap\u00f3s reuni\u00e3o de crise da IMO<\/p>\n<p>A declara\u00e7\u00e3o segue uma reuni\u00e3o intersetorial convocada de forma emergencial pela Organiza\u00e7\u00e3o Mar\u00edtima Internacional (IMO). Esta foi convocada pelo secret\u00e1rio-geral da IMO, Arsenio Dominguez, ap\u00f3s v\u00e1rios incidentes de seguran\u00e7a terem ocorrido na regi\u00e3o do Estreito de Ormuz.<\/p>\n<p>O secret\u00e1rio-geral do InterManager, Capit\u00e3o Kuba Szymanski, afirmou que a recente escalada \u00e9 extremamente preocupante para a navega\u00e7\u00e3o global. Os marinheiros n\u00e3o devem ser expostos a riscos desnecess\u00e1rios em seu trabalho no com\u00e9rcio internacional.<\/p>\n<p>Portanto, o InterManager recomenda que os riscos sejam cuidadosamente analisados antes de qualquer passagem planejada e que o estreito seja evitado sempre que poss\u00edvel. A associa\u00e7\u00e3o continuar\u00e1 a monitorar a situa\u00e7\u00e3o e informar\u00e1 seus membros sobre novos desenvolvimentos.<\/p>\n<p><a href=\"http:\/\/www.intermanager.org\" target=\"_blank\" rel=\"noopener noreferrer\">www.intermanager.org<\/a><\/p>\n","protected":false},"excerpt":{"rendered":"<p>InterManager pede \u00e0s companhias de navega\u00e7\u00e3o e gerentes de navios que evitem, na medida do poss\u00edvel, a passagem pelo Estreito de Hormus.<\/p>\n","protected":false},"author":14,"featured_media":80880,"comment_status":"open","ping_status":"","sticky":false,"template":"","format":"standard","meta":{"_acf_changed":false,"footnotes":""},"categories":[1619],"tags":[27264,21396,27265,27266,20498,27267,25954,27268,27269,27270,2223,2702,5050,5051,27271,3011,2054,5865,1904,27272,9269,27273,27274,27275,25959,25960,27276,20514,9276,24499,4183,27277,14354,9278,27278,6358,24504,24506,5070,27279,24508,27280,9279,13371,2728,27281,27282,27283,27284,27285,21379,21380,4187,6362,5884,27286],"class_list":["post-80885","post","type-post","status-publish","format-standard","has-post-thumbnail","hentry","category-navegacao-e-portos","tag-crisis-meeting-imo","tag-detroit-dhormuz","tag-deutsch-intermanager","tag-entreprises-de-transport-maritime","tag-gestion-des-risques-maritime","tag-gestionnaires-de-navires","tag-golfe-persique","tag-handelsmarine","tag-handelsrouten-english-intermanager","tag-imo","tag-industrie-maritime","tag-infrastructure-maritime","tag-international-shipping","tag-internationale-schifffahrt","tag-krisensitzung-imo","tag-maritime-infrastructure","tag-maritime-infrastruktur","tag-maritime-safety","tag-maritime-sicherheit","tag-omi","tag-operateurs-de-navires","tag-passage-durch-hormus","tag-passage-par-hormuz","tag-passage-through-hormuz","tag-persian-gulf","tag-persischer-golf","tag-reunion-de-crise-omi","tag-risikomanagement-schifffahrt","tag-risk-management-shipping","tag-risques-maritimes","tag-routes-commerciales","tag-schifffahrtsrisiken","tag-schifffahrtsunternehmen","tag-schiffsbetreiber","tag-schiffsmanager","tag-schiffsverkehr","tag-seafarer-safety","tag-securite-des-marins","tag-securite-maritime","tag-security-situation-persian-gulf","tag-seeleute-sicherheit","tag-ship-managers","tag-ship-operators","tag-shipping-companies","tag-shipping-industry","tag-shipping-risks","tag-shipping-security-francais-intermanager","tag-sicherheit-auf-see","tag-sicherheitslage-persischer-golf","tag-situation-de-securite-golfe-persique","tag-strait-of-hormuz","tag-strasse-von-hormus","tag-trade-routes","tag-trafic-maritime","tag-transport-maritime-international","tag-vessel-traffic"],"acf":[],"yoast_head":"<!-- This site is optimized with the Yoast SEO plugin v27.3 - https:\/\/yoast.com\/product\/yoast-seo-wordpress\/ -->\n<title>InterManager alerta sobre passagem pelo Estreito de Hormus - ITJ | International Transport Journal<\/title>\n<meta name=\"robots\" content=\"index, follow, max-snippet:-1, max-image-preview:large, max-video-preview:-1\" \/>\n<link rel=\"canonical\" href=\"https:\/\/transportjournal.com\/pt-pt\/2026\/03\/16\/intermanager-alerta-sobre-passagem-pelo-estreito-de-hormus\/\" \/>\n<meta property=\"og:locale\" content=\"pt_PT\" \/>\n<meta property=\"og:type\" content=\"article\" \/>\n<meta property=\"og:title\" content=\"InterManager alerta sobre passagem pelo Estreito de Hormus - ITJ | International Transport Journal\" \/>\n<meta property=\"og:description\" content=\"InterManager pede \u00e0s companhias de navega\u00e7\u00e3o e gerentes de navios que evitem, na medida do poss\u00edvel, a passagem pelo Estreito de Hormus.\" \/>\n<meta property=\"og:url\" content=\"https:\/\/transportjournal.com\/pt-pt\/2026\/03\/16\/intermanager-alerta-sobre-passagem-pelo-estreito-de-hormus\/\" \/>\n<meta property=\"og:site_name\" content=\"ITJ | International Transport Journal\" \/>\n<meta property=\"article:published_time\" content=\"2026-03-16T10:06:32+00:00\" \/>\n<meta property=\"og:image\" content=\"https:\/\/transportjournal.com\/wp-content\/uploads\/sites\/2\/2026\/03\/Foto-Lassedesignen_AdobeStock_75925197-scaled-aspect-ratio-1400-788-scaled-1.jpeg\" \/>\n\t<meta property=\"og:image:width\" content=\"2560\" \/>\n\t<meta property=\"og:image:height\" content=\"1441\" \/>\n\t<meta property=\"og:image:type\" content=\"image\/jpeg\" \/>\n<meta name=\"author\" content=\"Gyan Sharan\" \/>\n<meta name=\"twitter:card\" content=\"summary_large_image\" \/>\n<meta name=\"twitter:label1\" content=\"Escrito por\" \/>\n\t<meta name=\"twitter:data1\" content=\"Gyan Sharan\" \/>\n\t<meta name=\"twitter:label2\" content=\"Tempo estimado de leitura\" \/>\n\t<meta name=\"twitter:data2\" content=\"1 minuto\" \/>\n<script type=\"application\/ld+json\" class=\"yoast-schema-graph\">{\"@context\":\"https:\\\/\\\/schema.org\",\"@graph\":[{\"@type\":\"Article\",\"@id\":\"https:\\\/\\\/transportjournal.com\\\/pt-pt\\\/2026\\\/03\\\/16\\\/intermanager-alerta-sobre-passagem-pelo-estreito-de-hormus\\\/#article\",\"isPartOf\":{\"@id\":\"https:\\\/\\\/transportjournal.com\\\/pt-pt\\\/2026\\\/03\\\/16\\\/intermanager-alerta-sobre-passagem-pelo-estreito-de-hormus\\\/\"},\"author\":{\"name\":\"Gyan Sharan\",\"@id\":\"https:\\\/\\\/transportjournal.com\\\/pt-pt\\\/#\\\/schema\\\/person\\\/13a9fc605c753db60ef7750a229cd042\"},\"headline\":\"InterManager alerta sobre passagem pelo Estreito de Hormus\",\"datePublished\":\"2026-03-16T10:06:32+00:00\",\"mainEntityOfPage\":{\"@id\":\"https:\\\/\\\/transportjournal.com\\\/pt-pt\\\/2026\\\/03\\\/16\\\/intermanager-alerta-sobre-passagem-pelo-estreito-de-hormus\\\/\"},\"wordCount\":245,\"commentCount\":0,\"publisher\":{\"@id\":\"https:\\\/\\\/transportjournal.com\\\/pt-pt\\\/#organization\"},\"image\":{\"@id\":\"https:\\\/\\\/transportjournal.com\\\/pt-pt\\\/2026\\\/03\\\/16\\\/intermanager-alerta-sobre-passagem-pelo-estreito-de-hormus\\\/#primaryimage\"},\"thumbnailUrl\":\"https:\\\/\\\/transportjournal.com\\\/wp-content\\\/uploads\\\/sites\\\/2\\\/2026\\\/03\\\/Foto-Lassedesignen_AdobeStock_75925197-scaled-aspect-ratio-1400-788-scaled-1.jpeg\",\"keywords\":[\"crisis meeting IMO\",\"d\u00e9troit d'Hormuz\",\"Deutsch InterManager\",\"entreprises de transport maritime\",\"gestion des risques maritime\",\"gestionnaires de navires\",\"Golfe Persique\",\"Handelsmarine\",\"Handelsrouten English InterManager\",\"IMO\",\"industrie maritime\",\"infrastructure maritime\",\"international shipping\",\"internationale Schifffahrt\",\"Krisensitzung IMO\",\"maritime infrastructure\",\"maritime Infrastruktur\",\"maritime safety\",\"maritime Sicherheit\",\"OMI\",\"op\u00e9rateurs de navires\",\"Passage durch Hormus\",\"passage par Hormuz\",\"passage through Hormuz\",\"Persian Gulf\",\"Persischer Golf\",\"r\u00e9union de crise OMI\",\"Risikomanagement Schifffahrt\",\"risk management shipping\",\"risques maritimes\",\"routes commerciales\",\"Schifffahrtsrisiken\",\"Schifffahrtsunternehmen\",\"Schiffsbetreiber\",\"Schiffsmanager\",\"Schiffsverkehr\",\"seafarer safety\",\"s\u00e9curit\u00e9 des marins\",\"s\u00e9curit\u00e9 maritime\",\"security situation Persian Gulf\",\"Seeleute Sicherheit\",\"ship managers\",\"ship operators\",\"shipping companies\",\"shipping industry\",\"shipping risks\",\"shipping security Fran\u00e7ais InterManager\",\"Sicherheit auf See\",\"Sicherheitslage Persischer Golf\",\"situation de s\u00e9curit\u00e9 Golfe Persique\",\"Strait of Hormuz\",\"Strasse von Hormus\",\"trade routes\",\"trafic maritime\",\"transport maritime international\",\"vessel traffic\"],\"articleSection\":[\"Navega\u00e7\u00e3o e portos\"],\"inLanguage\":\"pt-PT\",\"potentialAction\":[{\"@type\":\"CommentAction\",\"name\":\"Comment\",\"target\":[\"https:\\\/\\\/transportjournal.com\\\/pt-pt\\\/2026\\\/03\\\/16\\\/intermanager-alerta-sobre-passagem-pelo-estreito-de-hormus\\\/#respond\"]}]},{\"@type\":\"WebPage\",\"@id\":\"https:\\\/\\\/transportjournal.com\\\/pt-pt\\\/2026\\\/03\\\/16\\\/intermanager-alerta-sobre-passagem-pelo-estreito-de-hormus\\\/\",\"url\":\"https:\\\/\\\/transportjournal.com\\\/pt-pt\\\/2026\\\/03\\\/16\\\/intermanager-alerta-sobre-passagem-pelo-estreito-de-hormus\\\/\",\"name\":\"InterManager alerta sobre passagem pelo Estreito de Hormus - ITJ | International Transport Journal\",\"isPartOf\":{\"@id\":\"https:\\\/\\\/transportjournal.com\\\/pt-pt\\\/#website\"},\"primaryImageOfPage\":{\"@id\":\"https:\\\/\\\/transportjournal.com\\\/pt-pt\\\/2026\\\/03\\\/16\\\/intermanager-alerta-sobre-passagem-pelo-estreito-de-hormus\\\/#primaryimage\"},\"image\":{\"@id\":\"https:\\\/\\\/transportjournal.com\\\/pt-pt\\\/2026\\\/03\\\/16\\\/intermanager-alerta-sobre-passagem-pelo-estreito-de-hormus\\\/#primaryimage\"},\"thumbnailUrl\":\"https:\\\/\\\/transportjournal.com\\\/wp-content\\\/uploads\\\/sites\\\/2\\\/2026\\\/03\\\/Foto-Lassedesignen_AdobeStock_75925197-scaled-aspect-ratio-1400-788-scaled-1.jpeg\",\"datePublished\":\"2026-03-16T10:06:32+00:00\",\"breadcrumb\":{\"@id\":\"https:\\\/\\\/transportjournal.com\\\/pt-pt\\\/2026\\\/03\\\/16\\\/intermanager-alerta-sobre-passagem-pelo-estreito-de-hormus\\\/#breadcrumb\"},\"inLanguage\":\"pt-PT\",\"potentialAction\":[{\"@type\":\"ReadAction\",\"target\":[\"https:\\\/\\\/transportjournal.com\\\/pt-pt\\\/2026\\\/03\\\/16\\\/intermanager-alerta-sobre-passagem-pelo-estreito-de-hormus\\\/\"]}]},{\"@type\":\"ImageObject\",\"inLanguage\":\"pt-PT\",\"@id\":\"https:\\\/\\\/transportjournal.com\\\/pt-pt\\\/2026\\\/03\\\/16\\\/intermanager-alerta-sobre-passagem-pelo-estreito-de-hormus\\\/#primaryimage\",\"url\":\"https:\\\/\\\/transportjournal.com\\\/wp-content\\\/uploads\\\/sites\\\/2\\\/2026\\\/03\\\/Foto-Lassedesignen_AdobeStock_75925197-scaled-aspect-ratio-1400-788-scaled-1.jpeg\",\"contentUrl\":\"https:\\\/\\\/transportjournal.com\\\/wp-content\\\/uploads\\\/sites\\\/2\\\/2026\\\/03\\\/Foto-Lassedesignen_AdobeStock_75925197-scaled-aspect-ratio-1400-788-scaled-1.jpeg\",\"width\":2560,\"height\":1441},{\"@type\":\"BreadcrumbList\",\"@id\":\"https:\\\/\\\/transportjournal.com\\\/pt-pt\\\/2026\\\/03\\\/16\\\/intermanager-alerta-sobre-passagem-pelo-estreito-de-hormus\\\/#breadcrumb\",\"itemListElement\":[{\"@type\":\"ListItem\",\"position\":1,\"name\":\"Startseite\",\"item\":\"https:\\\/\\\/transportjournal.com\\\/pt-pt\\\/\"},{\"@type\":\"ListItem\",\"position\":2,\"name\":\"InterManager alerta sobre passagem pelo Estreito de Hormus\"}]},{\"@type\":\"WebSite\",\"@id\":\"https:\\\/\\\/transportjournal.com\\\/pt-pt\\\/#website\",\"url\":\"https:\\\/\\\/transportjournal.com\\\/pt-pt\\\/\",\"name\":\"ITJ | International Transport Journal\",\"description\":\"Stay informed with the latest global news from the transport, logistics, and supply chain industries. Transport Journal delivers expert insights, analysis, and updates across shipping, aviation, intermodal, and forwarding.\",\"publisher\":{\"@id\":\"https:\\\/\\\/transportjournal.com\\\/pt-pt\\\/#organization\"},\"potentialAction\":[{\"@type\":\"SearchAction\",\"target\":{\"@type\":\"EntryPoint\",\"urlTemplate\":\"https:\\\/\\\/transportjournal.com\\\/pt-pt\\\/?s={search_term_string}\"},\"query-input\":{\"@type\":\"PropertyValueSpecification\",\"valueRequired\":true,\"valueName\":\"search_term_string\"}}],\"inLanguage\":\"pt-PT\"},{\"@type\":\"Organization\",\"@id\":\"https:\\\/\\\/transportjournal.com\\\/pt-pt\\\/#organization\",\"name\":\"Logismedia Group AG\",\"alternateName\":\"Logismedia Group AG\",\"url\":\"https:\\\/\\\/transportjournal.com\\\/pt-pt\\\/\",\"logo\":{\"@type\":\"ImageObject\",\"inLanguage\":\"pt-PT\",\"@id\":\"https:\\\/\\\/transportjournal.com\\\/pt-pt\\\/#\\\/schema\\\/logo\\\/image\\\/\",\"url\":\"https:\\\/\\\/transportjournal.com\\\/wp-content\\\/uploads\\\/sites\\\/2\\\/2025\\\/09\\\/Logo_ITJ.png\",\"contentUrl\":\"https:\\\/\\\/transportjournal.com\\\/wp-content\\\/uploads\\\/sites\\\/2\\\/2025\\\/09\\\/Logo_ITJ.png\",\"width\":799,\"height\":326,\"caption\":\"Logismedia Group AG\"},\"image\":{\"@id\":\"https:\\\/\\\/transportjournal.com\\\/pt-pt\\\/#\\\/schema\\\/logo\\\/image\\\/\"},\"sameAs\":[\"https:\\\/\\\/www.linkedin.com\\\/company\\\/56456496\\\/admin\\\/dashboard\\\/\",\"https:\\\/\\\/www.instagram.com\\\/logismediagroup\\\/\",\"https:\\\/\\\/www.youtube.com\\\/@LogiamediaGroupAG\"]},{\"@type\":\"Person\",\"@id\":\"https:\\\/\\\/transportjournal.com\\\/pt-pt\\\/#\\\/schema\\\/person\\\/13a9fc605c753db60ef7750a229cd042\",\"name\":\"Gyan Sharan\",\"url\":\"https:\\\/\\\/transportjournal.com\\\/pt-pt\\\/author\\\/gyan\\\/\"}]}<\/script>\n<!-- \/ Yoast SEO plugin. -->","yoast_head_json":{"title":"InterManager alerta sobre passagem pelo Estreito de Hormus - ITJ | International Transport Journal","robots":{"index":"index","follow":"follow","max-snippet":"max-snippet:-1","max-image-preview":"max-image-preview:large","max-video-preview":"max-video-preview:-1"},"canonical":"https:\/\/transportjournal.com\/pt-pt\/2026\/03\/16\/intermanager-alerta-sobre-passagem-pelo-estreito-de-hormus\/","og_locale":"pt_PT","og_type":"article","og_title":"InterManager alerta sobre passagem pelo Estreito de Hormus - ITJ | International Transport Journal","og_description":"InterManager pede \u00e0s companhias de navega\u00e7\u00e3o e gerentes de navios que evitem, na medida do poss\u00edvel, a passagem pelo Estreito de Hormus.","og_url":"https:\/\/transportjournal.com\/pt-pt\/2026\/03\/16\/intermanager-alerta-sobre-passagem-pelo-estreito-de-hormus\/","og_site_name":"ITJ | International Transport Journal","article_published_time":"2026-03-16T10:06:32+00:00","og_image":[{"width":2560,"height":1441,"url":"https:\/\/transportjournal.com\/wp-content\/uploads\/sites\/2\/2026\/03\/Foto-Lassedesignen_AdobeStock_75925197-scaled-aspect-ratio-1400-788-scaled-1.jpeg","type":"image\/jpeg"}],"author":"Gyan Sharan","twitter_card":"summary_large_image","twitter_misc":{"Escrito por":"Gyan Sharan","Tempo estimado de leitura":"1 minuto"},"schema":{"@context":"https:\/\/schema.org","@graph":[{"@type":"Article","@id":"https:\/\/transportjournal.com\/pt-pt\/2026\/03\/16\/intermanager-alerta-sobre-passagem-pelo-estreito-de-hormus\/#article","isPartOf":{"@id":"https:\/\/transportjournal.com\/pt-pt\/2026\/03\/16\/intermanager-alerta-sobre-passagem-pelo-estreito-de-hormus\/"},"author":{"name":"Gyan Sharan","@id":"https:\/\/transportjournal.com\/pt-pt\/#\/schema\/person\/13a9fc605c753db60ef7750a229cd042"},"headline":"InterManager alerta sobre passagem pelo Estreito de Hormus","datePublished":"2026-03-16T10:06:32+00:00","mainEntityOfPage":{"@id":"https:\/\/transportjournal.com\/pt-pt\/2026\/03\/16\/intermanager-alerta-sobre-passagem-pelo-estreito-de-hormus\/"},"wordCount":245,"commentCount":0,"publisher":{"@id":"https:\/\/transportjournal.com\/pt-pt\/#organization"},"image":{"@id":"https:\/\/transportjournal.com\/pt-pt\/2026\/03\/16\/intermanager-alerta-sobre-passagem-pelo-estreito-de-hormus\/#primaryimage"},"thumbnailUrl":"https:\/\/transportjournal.com\/wp-content\/uploads\/sites\/2\/2026\/03\/Foto-Lassedesignen_AdobeStock_75925197-scaled-aspect-ratio-1400-788-scaled-1.jpeg","keywords":["crisis meeting IMO","d\u00e9troit d'Hormuz","Deutsch InterManager","entreprises de transport maritime","gestion des risques maritime","gestionnaires de navires","Golfe Persique","Handelsmarine","Handelsrouten English InterManager","IMO","industrie maritime","infrastructure maritime","international shipping","internationale Schifffahrt","Krisensitzung IMO","maritime infrastructure","maritime Infrastruktur","maritime safety","maritime Sicherheit","OMI","op\u00e9rateurs de navires","Passage durch Hormus","passage par Hormuz","passage through Hormuz","Persian Gulf","Persischer Golf","r\u00e9union de crise OMI","Risikomanagement Schifffahrt","risk management shipping","risques maritimes","routes commerciales","Schifffahrtsrisiken","Schifffahrtsunternehmen","Schiffsbetreiber","Schiffsmanager","Schiffsverkehr","seafarer safety","s\u00e9curit\u00e9 des marins","s\u00e9curit\u00e9 maritime","security situation Persian Gulf","Seeleute Sicherheit","ship managers","ship operators","shipping companies","shipping industry","shipping risks","shipping security Fran\u00e7ais InterManager","Sicherheit auf See","Sicherheitslage Persischer Golf","situation de s\u00e9curit\u00e9 Golfe Persique","Strait of Hormuz","Strasse von Hormus","trade routes","trafic maritime","transport maritime international","vessel traffic"],"articleSection":["Navega\u00e7\u00e3o e portos"],"inLanguage":"pt-PT","potentialAction":[{"@type":"CommentAction","name":"Comment","target":["https:\/\/transportjournal.com\/pt-pt\/2026\/03\/16\/intermanager-alerta-sobre-passagem-pelo-estreito-de-hormus\/#respond"]}]},{"@type":"WebPage","@id":"https:\/\/transportjournal.com\/pt-pt\/2026\/03\/16\/intermanager-alerta-sobre-passagem-pelo-estreito-de-hormus\/","url":"https:\/\/transportjournal.com\/pt-pt\/2026\/03\/16\/intermanager-alerta-sobre-passagem-pelo-estreito-de-hormus\/","name":"InterManager alerta sobre passagem pelo Estreito de Hormus - ITJ | International Transport Journal","isPartOf":{"@id":"https:\/\/transportjournal.com\/pt-pt\/#website"},"primaryImageOfPage":{"@id":"https:\/\/transportjournal.com\/pt-pt\/2026\/03\/16\/intermanager-alerta-sobre-passagem-pelo-estreito-de-hormus\/#primaryimage"},"image":{"@id":"https:\/\/transportjournal.com\/pt-pt\/2026\/03\/16\/intermanager-alerta-sobre-passagem-pelo-estreito-de-hormus\/#primaryimage"},"thumbnailUrl":"https:\/\/transportjournal.com\/wp-content\/uploads\/sites\/2\/2026\/03\/Foto-Lassedesignen_AdobeStock_75925197-scaled-aspect-ratio-1400-788-scaled-1.jpeg","datePublished":"2026-03-16T10:06:32+00:00","breadcrumb":{"@id":"https:\/\/transportjournal.com\/pt-pt\/2026\/03\/16\/intermanager-alerta-sobre-passagem-pelo-estreito-de-hormus\/#breadcrumb"},"inLanguage":"pt-PT","potentialAction":[{"@type":"ReadAction","target":["https:\/\/transportjournal.com\/pt-pt\/2026\/03\/16\/intermanager-alerta-sobre-passagem-pelo-estreito-de-hormus\/"]}]},{"@type":"ImageObject","inLanguage":"pt-PT","@id":"https:\/\/transportjournal.com\/pt-pt\/2026\/03\/16\/intermanager-alerta-sobre-passagem-pelo-estreito-de-hormus\/#primaryimage","url":"https:\/\/transportjournal.com\/wp-content\/uploads\/sites\/2\/2026\/03\/Foto-Lassedesignen_AdobeStock_75925197-scaled-aspect-ratio-1400-788-scaled-1.jpeg","contentUrl":"https:\/\/transportjournal.com\/wp-content\/uploads\/sites\/2\/2026\/03\/Foto-Lassedesignen_AdobeStock_75925197-scaled-aspect-ratio-1400-788-scaled-1.jpeg","width":2560,"height":1441},{"@type":"BreadcrumbList","@id":"https:\/\/transportjournal.com\/pt-pt\/2026\/03\/16\/intermanager-alerta-sobre-passagem-pelo-estreito-de-hormus\/#breadcrumb","itemListElement":[{"@type":"ListItem","position":1,"name":"Startseite","item":"https:\/\/transportjournal.com\/pt-pt\/"},{"@type":"ListItem","position":2,"name":"InterManager alerta sobre passagem pelo Estreito de Hormus"}]},{"@type":"WebSite","@id":"https:\/\/transportjournal.com\/pt-pt\/#website","url":"https:\/\/transportjournal.com\/pt-pt\/","name":"ITJ | International Transport Journal","description":"Stay informed with the latest global news from the transport, logistics, and supply chain industries. Transport Journal delivers expert insights, analysis, and updates across shipping, aviation, intermodal, and forwarding.","publisher":{"@id":"https:\/\/transportjournal.com\/pt-pt\/#organization"},"potentialAction":[{"@type":"SearchAction","target":{"@type":"EntryPoint","urlTemplate":"https:\/\/transportjournal.com\/pt-pt\/?s={search_term_string}"},"query-input":{"@type":"PropertyValueSpecification","valueRequired":true,"valueName":"search_term_string"}}],"inLanguage":"pt-PT"},{"@type":"Organization","@id":"https:\/\/transportjournal.com\/pt-pt\/#organization","name":"Logismedia Group AG","alternateName":"Logismedia Group AG","url":"https:\/\/transportjournal.com\/pt-pt\/","logo":{"@type":"ImageObject","inLanguage":"pt-PT","@id":"https:\/\/transportjournal.com\/pt-pt\/#\/schema\/logo\/image\/","url":"https:\/\/transportjournal.com\/wp-content\/uploads\/sites\/2\/2025\/09\/Logo_ITJ.png","contentUrl":"https:\/\/transportjournal.com\/wp-content\/uploads\/sites\/2\/2025\/09\/Logo_ITJ.png","width":799,"height":326,"caption":"Logismedia Group AG"},"image":{"@id":"https:\/\/transportjournal.com\/pt-pt\/#\/schema\/logo\/image\/"},"sameAs":["https:\/\/www.linkedin.com\/company\/56456496\/admin\/dashboard\/","https:\/\/www.instagram.com\/logismediagroup\/","https:\/\/www.youtube.com\/@LogiamediaGroupAG"]},{"@type":"Person","@id":"https:\/\/transportjournal.com\/pt-pt\/#\/schema\/person\/13a9fc605c753db60ef7750a229cd042","name":"Gyan Sharan","url":"https:\/\/transportjournal.com\/pt-pt\/author\/gyan\/"}]}},"_links":{"self":[{"href":"https:\/\/transportjournal.com\/pt-pt\/wp-json\/wp\/v2\/posts\/80885","targetHints":{"allow":["GET"]}}],"collection":[{"href":"https:\/\/transportjournal.com\/pt-pt\/wp-json\/wp\/v2\/posts"}],"about":[{"href":"https:\/\/transportjournal.com\/pt-pt\/wp-json\/wp\/v2\/types\/post"}],"author":[{"embeddable":true,"href":"https:\/\/transportjournal.com\/pt-pt\/wp-json\/wp\/v2\/users\/14"}],"replies":[{"embeddable":true,"href":"https:\/\/transportjournal.com\/pt-pt\/wp-json\/wp\/v2\/comments?post=80885"}],"version-history":[{"count":0,"href":"https:\/\/transportjournal.com\/pt-pt\/wp-json\/wp\/v2\/posts\/80885\/revisions"}],"wp:featuredmedia":[{"embeddable":true,"href":"https:\/\/transportjournal.com\/pt-pt\/wp-json\/wp\/v2\/media\/80880"}],"wp:attachment":[{"href":"https:\/\/transportjournal.com\/pt-pt\/wp-json\/wp\/v2\/media?parent=80885"}],"wp:term":[{"taxonomy":"category","embeddable":true,"href":"https:\/\/transportjournal.com\/pt-pt\/wp-json\/wp\/v2\/categories?post=80885"},{"taxonomy":"post_tag","embeddable":true,"href":"https:\/\/transportjournal.com\/pt-pt\/wp-json\/wp\/v2\/tags?post=80885"}],"curies":[{"name":"wp","href":"https:\/\/api.w.org\/{rel}","templated":true}]}}