{"id":80854,"date":"2026-03-13T14:42:08","date_gmt":"2026-03-13T14:42:08","guid":{"rendered":"https:\/\/transportjournal.com\/2026\/03\/13\/cooperacao-entre-maersk-e-east-west-intermodal\/"},"modified":"2026-03-13T16:15:11","modified_gmt":"2026-03-13T15:15:11","slug":"cooperacao-entre-maersk-e-east-west-intermodal","status":"publish","type":"post","link":"https:\/\/transportjournal.com\/pt-pt\/2026\/03\/13\/cooperacao-entre-maersk-e-east-west-intermodal\/","title":{"rendered":"Coopera\u00e7\u00e3o entre Maersk e East-West Intermodal"},"content":{"rendered":"<p>A log\u00edstica intermodal na Hungria Oriental \u00e9 fortalecida por uma nova coopera\u00e7\u00e3o entre a East-West Intermodal Logistics Plc. (EWG) e a AP Moller \u2013 Maersk, conforme relatado recentemente pelo portal de not\u00edcias Port Technology International. Em uma cerim\u00f4nia no terminal intermodal da EWG em F\u00e9nyeslitke, representantes de ambas as empresas assinaram um acordo de longo prazo para a introdu\u00e7\u00e3o de servi\u00e7os de dep\u00f3sito de cont\u00eaineres e de terminal seco.<\/p>\n<h3>Estabelecimento de uma opera\u00e7\u00e3o de terminal seco<\/h3>\n<p>Com este acordo, a Maersk planeja estabelecer uma opera\u00e7\u00e3o de terminal seco no terminal. O conceito, de acordo com o artigo, prev\u00ea a transfer\u00eancia de determinadas fun\u00e7\u00f5es dos portos mar\u00edtimos para o terminal interior. Isso deve fazer com que a instala\u00e7\u00e3o se torne parte da rede log\u00edstica da Maersk.<\/p>\n<p>Os preparativos para o projeto come\u00e7aram em 2025. Nos meses que antecederam a assinatura do acordo, de acordo com o Port Technology International, foram realizadas planejamentos operacionais e avalia\u00e7\u00f5es de risco para garantir a implementa\u00e7\u00e3o do terminal seco.<\/p>\n<p><a href=\"https:\/\/www.maersk.com\/\" target=\"_blank\" rel=\"noopener noreferrer\">www.maersk.com<\/a><\/p>\n","protected":false},"excerpt":{"rendered":"<p>A coopera\u00e7\u00e3o entre East-West Intermodal Logistics Plc. e AP Moller \u2013 Maersk visa fortalecer a log\u00edstica intermodal no leste da Hungria atrav\u00e9s da cria\u00e7\u00e3o de uma opera\u00e7\u00e3o de terminal seco.<\/p>\n","protected":false},"author":10,"featured_media":80849,"comment_status":"open","ping_status":"","sticky":false,"template":"","format":"standard","meta":{"_acf_changed":false,"footnotes":""},"categories":[1623,1617],"tags":[27163,27164,2207,27165,27166,27167,4019,2695,2696,27168,27169,5443,27170,27171,21401,1889,27172,2909,27173,3682,3683,27174,2912,2914,27175,3330,2133,1831,3335,2919,27176,5454,2717,27177,2925,27178,27179,3602,27180,2929,27181,2148,3345,27182,21421,3295,27183,2237,1857,5460,27184,2839,1837,27185,27186],"class_list":["post-80854","post","type-post","status-publish","format-standard","has-post-thumbnail","hentry","category-europa","category-expedicao-e-logistica","tag-accord-a-long-terme","tag-binnenterminal","tag-chaine-dapprovisionnement","tag-container-depot","tag-containerdepot","tag-depot-de-conteneurs","tag-deutsch-maersk","tag-digitalisierung","tag-digitalization","tag-dry-port","tag-dry-port-services-francais-maersk","tag-durabilite","tag-east-west-intermodal","tag-eastern-hungary","tag-evaluations-des-risques","tag-fachkraeftemangel","tag-fenyeslitke","tag-hafenbetrieb","tag-hongrie-orientale","tag-infrastructure","tag-infrastruktur","tag-inland-terminal","tag-intermodal-logistics","tag-intermodale-logistik","tag-langfristige-vereinbarung","tag-logistics-network","tag-logistics-service-providers","tag-logistikdienstleister","tag-logistiknetzwerk","tag-logistique-intermodale","tag-long-term-agreement","tag-nachhaltigkeit","tag-numerisation","tag-operational-planning","tag-operations-portuaires","tag-operative-planungen","tag-ostungarn","tag-penurie-de-competences","tag-planification-operationnelle","tag-port-operations","tag-port-sec","tag-prestataires-de-services-logistiques","tag-reseau-logistique","tag-risikobewertungen","tag-risk-assessments","tag-secteur-du-transport","tag-services-de-port-sec","tag-skills-shortage","tag-supply-chain","tag-sustainability","tag-terminal-interieur","tag-transportation-industry","tag-transportwirtschaft","tag-trockenhafen","tag-trockenhafendienstleistungen-english-maersk"],"acf":[],"yoast_head":"<!-- This site is optimized with the Yoast SEO plugin v27.3 - https:\/\/yoast.com\/product\/yoast-seo-wordpress\/ -->\n<title>Coopera\u00e7\u00e3o entre Maersk e East-West Intermodal - ITJ | International Transport Journal<\/title>\n<meta name=\"robots\" content=\"index, follow, max-snippet:-1, max-image-preview:large, max-video-preview:-1\" \/>\n<link rel=\"canonical\" href=\"https:\/\/transportjournal.com\/pt-pt\/2026\/03\/13\/cooperacao-entre-maersk-e-east-west-intermodal\/\" \/>\n<meta property=\"og:locale\" content=\"pt_PT\" \/>\n<meta property=\"og:type\" content=\"article\" \/>\n<meta property=\"og:title\" content=\"Coopera\u00e7\u00e3o entre Maersk e East-West Intermodal - ITJ | International Transport Journal\" \/>\n<meta property=\"og:description\" content=\"A coopera\u00e7\u00e3o entre East-West Intermodal Logistics Plc. e AP Moller \u2013 Maersk visa fortalecer a log\u00edstica intermodal no leste da Hungria atrav\u00e9s da cria\u00e7\u00e3o de uma opera\u00e7\u00e3o de terminal seco.\" \/>\n<meta property=\"og:url\" content=\"https:\/\/transportjournal.com\/pt-pt\/2026\/03\/13\/cooperacao-entre-maersk-e-east-west-intermodal\/\" \/>\n<meta property=\"og:site_name\" content=\"ITJ | International Transport Journal\" \/>\n<meta property=\"article:published_time\" content=\"2026-03-13T14:42:08+00:00\" \/>\n<meta property=\"article:modified_time\" content=\"2026-03-13T15:15:11+00:00\" \/>\n<meta property=\"og:image\" content=\"https:\/\/transportjournal.com\/wp-content\/uploads\/sites\/2\/2026\/03\/AdobeStock_196131517-1-scaled-aspect-ratio-1400-788.jpeg\" \/>\n\t<meta property=\"og:image:width\" content=\"1802\" \/>\n\t<meta property=\"og:image:height\" content=\"1014\" \/>\n\t<meta property=\"og:image:type\" content=\"image\/jpeg\" \/>\n<meta name=\"author\" content=\"Jeremy Soland\" \/>\n<meta name=\"twitter:card\" content=\"summary_large_image\" \/>\n<meta name=\"twitter:label1\" content=\"Escrito por\" \/>\n\t<meta name=\"twitter:data1\" content=\"Jeremy Soland\" \/>\n\t<meta name=\"twitter:label2\" content=\"Tempo estimado de leitura\" \/>\n\t<meta name=\"twitter:data2\" content=\"1 minuto\" \/>\n<script type=\"application\/ld+json\" class=\"yoast-schema-graph\">{\"@context\":\"https:\\\/\\\/schema.org\",\"@graph\":[{\"@type\":\"Article\",\"@id\":\"https:\\\/\\\/transportjournal.com\\\/pt-pt\\\/2026\\\/03\\\/13\\\/cooperacao-entre-maersk-e-east-west-intermodal\\\/#article\",\"isPartOf\":{\"@id\":\"https:\\\/\\\/transportjournal.com\\\/pt-pt\\\/2026\\\/03\\\/13\\\/cooperacao-entre-maersk-e-east-west-intermodal\\\/\"},\"author\":{\"name\":\"Jeremy Soland\",\"@id\":\"https:\\\/\\\/transportjournal.com\\\/pt-pt\\\/#\\\/schema\\\/person\\\/41d36b5474b623392fa613e97e2363fa\"},\"headline\":\"Coopera\u00e7\u00e3o entre Maersk e East-West Intermodal\",\"datePublished\":\"2026-03-13T14:42:08+00:00\",\"dateModified\":\"2026-03-13T15:15:11+00:00\",\"mainEntityOfPage\":{\"@id\":\"https:\\\/\\\/transportjournal.com\\\/pt-pt\\\/2026\\\/03\\\/13\\\/cooperacao-entre-maersk-e-east-west-intermodal\\\/\"},\"wordCount\":189,\"commentCount\":0,\"publisher\":{\"@id\":\"https:\\\/\\\/transportjournal.com\\\/pt-pt\\\/#organization\"},\"image\":{\"@id\":\"https:\\\/\\\/transportjournal.com\\\/pt-pt\\\/2026\\\/03\\\/13\\\/cooperacao-entre-maersk-e-east-west-intermodal\\\/#primaryimage\"},\"thumbnailUrl\":\"https:\\\/\\\/transportjournal.com\\\/wp-content\\\/uploads\\\/sites\\\/2\\\/2026\\\/03\\\/AdobeStock_196131517-1-scaled-aspect-ratio-1400-788.jpeg\",\"keywords\":[\"accord \u00e0 long terme\",\"Binnenterminal\",\"cha\u00eene d'approvisionnement\",\"container depot\",\"Containerdepot\",\"d\u00e9p\u00f4t de conteneurs\",\"Deutsch Maersk\",\"Digitalisierung\",\"digitalization\",\"dry port\",\"dry port services Fran\u00e7ais Maersk\",\"durabilit\u00e9\",\"East-West Intermodal\",\"Eastern Hungary\",\"\u00e9valuations des risques\",\"Fachkr\u00e4ftemangel\",\"F\u00e9nyeslitke\",\"Hafenbetrieb\",\"Hongrie orientale\",\"infrastructure\",\"Infrastruktur\",\"inland terminal\",\"intermodal logistics\",\"intermodale Logistik\",\"langfristige Vereinbarung\",\"logistics network\",\"logistics service providers\",\"Logistikdienstleister\",\"Logistiknetzwerk\",\"logistique intermodale\",\"long-term agreement\",\"Nachhaltigkeit\",\"num\u00e9risation\",\"operational planning\",\"op\u00e9rations portuaires\",\"operative Planungen\",\"Ostungarn\",\"p\u00e9nurie de comp\u00e9tences\",\"planification op\u00e9rationnelle\",\"port operations\",\"port sec\",\"prestataires de services logistiques\",\"r\u00e9seau logistique\",\"Risikobewertungen\",\"risk assessments\",\"secteur du transport\",\"services de port sec\",\"skills shortage\",\"Supply Chain\",\"sustainability\",\"terminal int\u00e9rieur\",\"transportation industry\",\"Transportwirtschaft\",\"Trockenhafen\",\"Trockenhafendienstleistungen English Maersk\"],\"articleSection\":[\"Europa\",\"Expedi\u00e7\u00e3o de Mercadorias e Log\u00edstica\"],\"inLanguage\":\"pt-PT\",\"potentialAction\":[{\"@type\":\"CommentAction\",\"name\":\"Comment\",\"target\":[\"https:\\\/\\\/transportjournal.com\\\/pt-pt\\\/2026\\\/03\\\/13\\\/cooperacao-entre-maersk-e-east-west-intermodal\\\/#respond\"]}]},{\"@type\":\"WebPage\",\"@id\":\"https:\\\/\\\/transportjournal.com\\\/pt-pt\\\/2026\\\/03\\\/13\\\/cooperacao-entre-maersk-e-east-west-intermodal\\\/\",\"url\":\"https:\\\/\\\/transportjournal.com\\\/pt-pt\\\/2026\\\/03\\\/13\\\/cooperacao-entre-maersk-e-east-west-intermodal\\\/\",\"name\":\"Coopera\u00e7\u00e3o entre Maersk e East-West Intermodal - ITJ | International Transport Journal\",\"isPartOf\":{\"@id\":\"https:\\\/\\\/transportjournal.com\\\/pt-pt\\\/#website\"},\"primaryImageOfPage\":{\"@id\":\"https:\\\/\\\/transportjournal.com\\\/pt-pt\\\/2026\\\/03\\\/13\\\/cooperacao-entre-maersk-e-east-west-intermodal\\\/#primaryimage\"},\"image\":{\"@id\":\"https:\\\/\\\/transportjournal.com\\\/pt-pt\\\/2026\\\/03\\\/13\\\/cooperacao-entre-maersk-e-east-west-intermodal\\\/#primaryimage\"},\"thumbnailUrl\":\"https:\\\/\\\/transportjournal.com\\\/wp-content\\\/uploads\\\/sites\\\/2\\\/2026\\\/03\\\/AdobeStock_196131517-1-scaled-aspect-ratio-1400-788.jpeg\",\"datePublished\":\"2026-03-13T14:42:08+00:00\",\"dateModified\":\"2026-03-13T15:15:11+00:00\",\"breadcrumb\":{\"@id\":\"https:\\\/\\\/transportjournal.com\\\/pt-pt\\\/2026\\\/03\\\/13\\\/cooperacao-entre-maersk-e-east-west-intermodal\\\/#breadcrumb\"},\"inLanguage\":\"pt-PT\",\"potentialAction\":[{\"@type\":\"ReadAction\",\"target\":[\"https:\\\/\\\/transportjournal.com\\\/pt-pt\\\/2026\\\/03\\\/13\\\/cooperacao-entre-maersk-e-east-west-intermodal\\\/\"]}]},{\"@type\":\"ImageObject\",\"inLanguage\":\"pt-PT\",\"@id\":\"https:\\\/\\\/transportjournal.com\\\/pt-pt\\\/2026\\\/03\\\/13\\\/cooperacao-entre-maersk-e-east-west-intermodal\\\/#primaryimage\",\"url\":\"https:\\\/\\\/transportjournal.com\\\/wp-content\\\/uploads\\\/sites\\\/2\\\/2026\\\/03\\\/AdobeStock_196131517-1-scaled-aspect-ratio-1400-788.jpeg\",\"contentUrl\":\"https:\\\/\\\/transportjournal.com\\\/wp-content\\\/uploads\\\/sites\\\/2\\\/2026\\\/03\\\/AdobeStock_196131517-1-scaled-aspect-ratio-1400-788.jpeg\",\"width\":1802,\"height\":1014},{\"@type\":\"BreadcrumbList\",\"@id\":\"https:\\\/\\\/transportjournal.com\\\/pt-pt\\\/2026\\\/03\\\/13\\\/cooperacao-entre-maersk-e-east-west-intermodal\\\/#breadcrumb\",\"itemListElement\":[{\"@type\":\"ListItem\",\"position\":1,\"name\":\"Startseite\",\"item\":\"https:\\\/\\\/transportjournal.com\\\/pt-pt\\\/\"},{\"@type\":\"ListItem\",\"position\":2,\"name\":\"Coopera\u00e7\u00e3o entre Maersk e East-West Intermodal\"}]},{\"@type\":\"WebSite\",\"@id\":\"https:\\\/\\\/transportjournal.com\\\/pt-pt\\\/#website\",\"url\":\"https:\\\/\\\/transportjournal.com\\\/pt-pt\\\/\",\"name\":\"ITJ | International Transport Journal\",\"description\":\"Stay informed with the latest global news from the transport, logistics, and supply chain industries. Transport Journal delivers expert insights, analysis, and updates across shipping, aviation, intermodal, and forwarding.\",\"publisher\":{\"@id\":\"https:\\\/\\\/transportjournal.com\\\/pt-pt\\\/#organization\"},\"potentialAction\":[{\"@type\":\"SearchAction\",\"target\":{\"@type\":\"EntryPoint\",\"urlTemplate\":\"https:\\\/\\\/transportjournal.com\\\/pt-pt\\\/?s={search_term_string}\"},\"query-input\":{\"@type\":\"PropertyValueSpecification\",\"valueRequired\":true,\"valueName\":\"search_term_string\"}}],\"inLanguage\":\"pt-PT\"},{\"@type\":\"Organization\",\"@id\":\"https:\\\/\\\/transportjournal.com\\\/pt-pt\\\/#organization\",\"name\":\"Logismedia Group AG\",\"alternateName\":\"Logismedia Group AG\",\"url\":\"https:\\\/\\\/transportjournal.com\\\/pt-pt\\\/\",\"logo\":{\"@type\":\"ImageObject\",\"inLanguage\":\"pt-PT\",\"@id\":\"https:\\\/\\\/transportjournal.com\\\/pt-pt\\\/#\\\/schema\\\/logo\\\/image\\\/\",\"url\":\"https:\\\/\\\/transportjournal.com\\\/wp-content\\\/uploads\\\/sites\\\/2\\\/2025\\\/09\\\/Logo_ITJ.png\",\"contentUrl\":\"https:\\\/\\\/transportjournal.com\\\/wp-content\\\/uploads\\\/sites\\\/2\\\/2025\\\/09\\\/Logo_ITJ.png\",\"width\":799,\"height\":326,\"caption\":\"Logismedia Group AG\"},\"image\":{\"@id\":\"https:\\\/\\\/transportjournal.com\\\/pt-pt\\\/#\\\/schema\\\/logo\\\/image\\\/\"},\"sameAs\":[\"https:\\\/\\\/www.linkedin.com\\\/company\\\/56456496\\\/admin\\\/dashboard\\\/\",\"https:\\\/\\\/www.instagram.com\\\/logismediagroup\\\/\",\"https:\\\/\\\/www.youtube.com\\\/@LogiamediaGroupAG\"]},{\"@type\":\"Person\",\"@id\":\"https:\\\/\\\/transportjournal.com\\\/pt-pt\\\/#\\\/schema\\\/person\\\/41d36b5474b623392fa613e97e2363fa\",\"name\":\"Jeremy Soland\",\"url\":\"https:\\\/\\\/transportjournal.com\\\/pt-pt\\\/author\\\/jeremy\\\/\"}]}<\/script>\n<!-- \/ Yoast SEO plugin. -->","yoast_head_json":{"title":"Coopera\u00e7\u00e3o entre Maersk e East-West Intermodal - ITJ | International Transport Journal","robots":{"index":"index","follow":"follow","max-snippet":"max-snippet:-1","max-image-preview":"max-image-preview:large","max-video-preview":"max-video-preview:-1"},"canonical":"https:\/\/transportjournal.com\/pt-pt\/2026\/03\/13\/cooperacao-entre-maersk-e-east-west-intermodal\/","og_locale":"pt_PT","og_type":"article","og_title":"Coopera\u00e7\u00e3o entre Maersk e East-West Intermodal - ITJ | International Transport Journal","og_description":"A coopera\u00e7\u00e3o entre East-West Intermodal Logistics Plc. e AP Moller \u2013 Maersk visa fortalecer a log\u00edstica intermodal no leste da Hungria atrav\u00e9s da cria\u00e7\u00e3o de uma opera\u00e7\u00e3o de terminal seco.","og_url":"https:\/\/transportjournal.com\/pt-pt\/2026\/03\/13\/cooperacao-entre-maersk-e-east-west-intermodal\/","og_site_name":"ITJ | International Transport Journal","article_published_time":"2026-03-13T14:42:08+00:00","article_modified_time":"2026-03-13T15:15:11+00:00","og_image":[{"width":1802,"height":1014,"url":"https:\/\/transportjournal.com\/wp-content\/uploads\/sites\/2\/2026\/03\/AdobeStock_196131517-1-scaled-aspect-ratio-1400-788.jpeg","type":"image\/jpeg"}],"author":"Jeremy Soland","twitter_card":"summary_large_image","twitter_misc":{"Escrito por":"Jeremy Soland","Tempo estimado de leitura":"1 minuto"},"schema":{"@context":"https:\/\/schema.org","@graph":[{"@type":"Article","@id":"https:\/\/transportjournal.com\/pt-pt\/2026\/03\/13\/cooperacao-entre-maersk-e-east-west-intermodal\/#article","isPartOf":{"@id":"https:\/\/transportjournal.com\/pt-pt\/2026\/03\/13\/cooperacao-entre-maersk-e-east-west-intermodal\/"},"author":{"name":"Jeremy Soland","@id":"https:\/\/transportjournal.com\/pt-pt\/#\/schema\/person\/41d36b5474b623392fa613e97e2363fa"},"headline":"Coopera\u00e7\u00e3o entre Maersk e East-West Intermodal","datePublished":"2026-03-13T14:42:08+00:00","dateModified":"2026-03-13T15:15:11+00:00","mainEntityOfPage":{"@id":"https:\/\/transportjournal.com\/pt-pt\/2026\/03\/13\/cooperacao-entre-maersk-e-east-west-intermodal\/"},"wordCount":189,"commentCount":0,"publisher":{"@id":"https:\/\/transportjournal.com\/pt-pt\/#organization"},"image":{"@id":"https:\/\/transportjournal.com\/pt-pt\/2026\/03\/13\/cooperacao-entre-maersk-e-east-west-intermodal\/#primaryimage"},"thumbnailUrl":"https:\/\/transportjournal.com\/wp-content\/uploads\/sites\/2\/2026\/03\/AdobeStock_196131517-1-scaled-aspect-ratio-1400-788.jpeg","keywords":["accord \u00e0 long terme","Binnenterminal","cha\u00eene d'approvisionnement","container depot","Containerdepot","d\u00e9p\u00f4t de conteneurs","Deutsch Maersk","Digitalisierung","digitalization","dry port","dry port services Fran\u00e7ais Maersk","durabilit\u00e9","East-West Intermodal","Eastern Hungary","\u00e9valuations des risques","Fachkr\u00e4ftemangel","F\u00e9nyeslitke","Hafenbetrieb","Hongrie orientale","infrastructure","Infrastruktur","inland terminal","intermodal logistics","intermodale Logistik","langfristige Vereinbarung","logistics network","logistics service providers","Logistikdienstleister","Logistiknetzwerk","logistique intermodale","long-term agreement","Nachhaltigkeit","num\u00e9risation","operational planning","op\u00e9rations portuaires","operative Planungen","Ostungarn","p\u00e9nurie de comp\u00e9tences","planification op\u00e9rationnelle","port operations","port sec","prestataires de services logistiques","r\u00e9seau logistique","Risikobewertungen","risk assessments","secteur du transport","services de port sec","skills shortage","Supply Chain","sustainability","terminal int\u00e9rieur","transportation industry","Transportwirtschaft","Trockenhafen","Trockenhafendienstleistungen English Maersk"],"articleSection":["Europa","Expedi\u00e7\u00e3o de Mercadorias e Log\u00edstica"],"inLanguage":"pt-PT","potentialAction":[{"@type":"CommentAction","name":"Comment","target":["https:\/\/transportjournal.com\/pt-pt\/2026\/03\/13\/cooperacao-entre-maersk-e-east-west-intermodal\/#respond"]}]},{"@type":"WebPage","@id":"https:\/\/transportjournal.com\/pt-pt\/2026\/03\/13\/cooperacao-entre-maersk-e-east-west-intermodal\/","url":"https:\/\/transportjournal.com\/pt-pt\/2026\/03\/13\/cooperacao-entre-maersk-e-east-west-intermodal\/","name":"Coopera\u00e7\u00e3o entre Maersk e East-West Intermodal - ITJ | International Transport Journal","isPartOf":{"@id":"https:\/\/transportjournal.com\/pt-pt\/#website"},"primaryImageOfPage":{"@id":"https:\/\/transportjournal.com\/pt-pt\/2026\/03\/13\/cooperacao-entre-maersk-e-east-west-intermodal\/#primaryimage"},"image":{"@id":"https:\/\/transportjournal.com\/pt-pt\/2026\/03\/13\/cooperacao-entre-maersk-e-east-west-intermodal\/#primaryimage"},"thumbnailUrl":"https:\/\/transportjournal.com\/wp-content\/uploads\/sites\/2\/2026\/03\/AdobeStock_196131517-1-scaled-aspect-ratio-1400-788.jpeg","datePublished":"2026-03-13T14:42:08+00:00","dateModified":"2026-03-13T15:15:11+00:00","breadcrumb":{"@id":"https:\/\/transportjournal.com\/pt-pt\/2026\/03\/13\/cooperacao-entre-maersk-e-east-west-intermodal\/#breadcrumb"},"inLanguage":"pt-PT","potentialAction":[{"@type":"ReadAction","target":["https:\/\/transportjournal.com\/pt-pt\/2026\/03\/13\/cooperacao-entre-maersk-e-east-west-intermodal\/"]}]},{"@type":"ImageObject","inLanguage":"pt-PT","@id":"https:\/\/transportjournal.com\/pt-pt\/2026\/03\/13\/cooperacao-entre-maersk-e-east-west-intermodal\/#primaryimage","url":"https:\/\/transportjournal.com\/wp-content\/uploads\/sites\/2\/2026\/03\/AdobeStock_196131517-1-scaled-aspect-ratio-1400-788.jpeg","contentUrl":"https:\/\/transportjournal.com\/wp-content\/uploads\/sites\/2\/2026\/03\/AdobeStock_196131517-1-scaled-aspect-ratio-1400-788.jpeg","width":1802,"height":1014},{"@type":"BreadcrumbList","@id":"https:\/\/transportjournal.com\/pt-pt\/2026\/03\/13\/cooperacao-entre-maersk-e-east-west-intermodal\/#breadcrumb","itemListElement":[{"@type":"ListItem","position":1,"name":"Startseite","item":"https:\/\/transportjournal.com\/pt-pt\/"},{"@type":"ListItem","position":2,"name":"Coopera\u00e7\u00e3o entre Maersk e East-West Intermodal"}]},{"@type":"WebSite","@id":"https:\/\/transportjournal.com\/pt-pt\/#website","url":"https:\/\/transportjournal.com\/pt-pt\/","name":"ITJ | International Transport Journal","description":"Stay informed with the latest global news from the transport, logistics, and supply chain industries. Transport Journal delivers expert insights, analysis, and updates across shipping, aviation, intermodal, and forwarding.","publisher":{"@id":"https:\/\/transportjournal.com\/pt-pt\/#organization"},"potentialAction":[{"@type":"SearchAction","target":{"@type":"EntryPoint","urlTemplate":"https:\/\/transportjournal.com\/pt-pt\/?s={search_term_string}"},"query-input":{"@type":"PropertyValueSpecification","valueRequired":true,"valueName":"search_term_string"}}],"inLanguage":"pt-PT"},{"@type":"Organization","@id":"https:\/\/transportjournal.com\/pt-pt\/#organization","name":"Logismedia Group AG","alternateName":"Logismedia Group AG","url":"https:\/\/transportjournal.com\/pt-pt\/","logo":{"@type":"ImageObject","inLanguage":"pt-PT","@id":"https:\/\/transportjournal.com\/pt-pt\/#\/schema\/logo\/image\/","url":"https:\/\/transportjournal.com\/wp-content\/uploads\/sites\/2\/2025\/09\/Logo_ITJ.png","contentUrl":"https:\/\/transportjournal.com\/wp-content\/uploads\/sites\/2\/2025\/09\/Logo_ITJ.png","width":799,"height":326,"caption":"Logismedia Group AG"},"image":{"@id":"https:\/\/transportjournal.com\/pt-pt\/#\/schema\/logo\/image\/"},"sameAs":["https:\/\/www.linkedin.com\/company\/56456496\/admin\/dashboard\/","https:\/\/www.instagram.com\/logismediagroup\/","https:\/\/www.youtube.com\/@LogiamediaGroupAG"]},{"@type":"Person","@id":"https:\/\/transportjournal.com\/pt-pt\/#\/schema\/person\/41d36b5474b623392fa613e97e2363fa","name":"Jeremy Soland","url":"https:\/\/transportjournal.com\/pt-pt\/author\/jeremy\/"}]}},"_links":{"self":[{"href":"https:\/\/transportjournal.com\/pt-pt\/wp-json\/wp\/v2\/posts\/80854","targetHints":{"allow":["GET"]}}],"collection":[{"href":"https:\/\/transportjournal.com\/pt-pt\/wp-json\/wp\/v2\/posts"}],"about":[{"href":"https:\/\/transportjournal.com\/pt-pt\/wp-json\/wp\/v2\/types\/post"}],"author":[{"embeddable":true,"href":"https:\/\/transportjournal.com\/pt-pt\/wp-json\/wp\/v2\/users\/10"}],"replies":[{"embeddable":true,"href":"https:\/\/transportjournal.com\/pt-pt\/wp-json\/wp\/v2\/comments?post=80854"}],"version-history":[{"count":1,"href":"https:\/\/transportjournal.com\/pt-pt\/wp-json\/wp\/v2\/posts\/80854\/revisions"}],"predecessor-version":[{"id":80861,"href":"https:\/\/transportjournal.com\/pt-pt\/wp-json\/wp\/v2\/posts\/80854\/revisions\/80861"}],"wp:featuredmedia":[{"embeddable":true,"href":"https:\/\/transportjournal.com\/pt-pt\/wp-json\/wp\/v2\/media\/80849"}],"wp:attachment":[{"href":"https:\/\/transportjournal.com\/pt-pt\/wp-json\/wp\/v2\/media?parent=80854"}],"wp:term":[{"taxonomy":"category","embeddable":true,"href":"https:\/\/transportjournal.com\/pt-pt\/wp-json\/wp\/v2\/categories?post=80854"},{"taxonomy":"post_tag","embeddable":true,"href":"https:\/\/transportjournal.com\/pt-pt\/wp-json\/wp\/v2\/tags?post=80854"}],"curies":[{"name":"wp","href":"https:\/\/api.w.org\/{rel}","templated":true}]}}