{"id":80831,"date":"2026-03-13T13:31:44","date_gmt":"2026-03-13T13:31:44","guid":{"rendered":"https:\/\/transportjournal.com\/2026\/03\/13\/ethiopian-cargo-integrado-na-freightos\/"},"modified":"2026-03-13T15:20:16","modified_gmt":"2026-03-13T14:20:16","slug":"ethiopian-cargo-integrado-na-freightos","status":"publish","type":"post","link":"https:\/\/transportjournal.com\/pt-pt\/2026\/03\/13\/ethiopian-cargo-integrado-na-freightos\/","title":{"rendered":"Ethiopian Cargo integrado na Freightos"},"content":{"rendered":"<p>Ethiopian Cargo, o maior fornecedor de carga a\u00e9rea da \u00c1frica, ser\u00e1 integrado \u00e0 plataforma de reservas da Freightos no final de mar\u00e7o. A integra\u00e7\u00e3o inclui tarifas digitais, cota\u00e7\u00f5es e eBooking, al\u00e9m do WebCargo Pay para pagamentos digitais r\u00e1pidos e fun\u00e7\u00f5es de interlining.<\/p>\n<p>Ethiopian Cargo atende mais de 145 destinos em todo o mundo, utilizando uma combina\u00e7\u00e3o de aeronaves de carga pr\u00f3prias e o espa\u00e7o de carga de avi\u00f5es de passageiros. A plataforma WebCargo da Freightos permite que os despachantes busquem, citem e reservem capacidades de voo em quest\u00e3o de segundos, o que reduz significativamente os tempos de resposta \u00e0s solicita\u00e7\u00f5es dos clientes. Atrav\u00e9s da integra\u00e7\u00e3o direta com ferramentas l\u00edderes para gerenciamento de pre\u00e7os de carga a\u00e9rea e mar\u00edtima, os despachantes podem reagir mais rapidamente \u00e0s mudan\u00e7as do mercado.<\/p>\n<h3>Crescimento do mercado de carga a\u00e9rea africano<\/h3>\n<p>O mercado de carga a\u00e9rea africano cresce mais rapidamente do que a m\u00e9dia global, no entanto, uma parte significativa das reservas na regi\u00e3o \u00e9 realizada por companhias a\u00e9reas n\u00e3o africanas. A inclus\u00e3o da Ethiopian Airlines na plataforma WebCargo da Freightos amplia a oferta digital de uma das principais companhias a\u00e9reas do continente e melhora a conectividade dentro da \u00c1frica. Os despachantes agora podem reservar capacidades para destinos importantes como Europa, EUA, China, \u00cdndia, Qu\u00eania e \u00c1frica do Sul, fortalecendo as conex\u00f5es entre os mercados globais e a extensa rede intra-africana da Ethiopian Cargo.<\/p>\n<p>Pablo Pinillos, CFO e CEO interino da Freightos, comentou sobre as mudan\u00e7as no com\u00e9rcio global: \u201cO acesso \u00e0 velocidade e confiabilidade se tornou crucial, uma vez que capacidades, rotas e custos est\u00e3o em constante mudan\u00e7a. Com a Ethiopian Cargo em nossa plataforma, os despachantes podem utilizar ferramentas pr\u00e1ticas para movimentar carga de forma eficiente.\u201d<\/p>\n<h3>Transforma\u00e7\u00e3o digital na Ethiopian Cargo<\/h3>\n<p>Dereje Derero, diretor executivo da Ethiopian Cargo &amp; Logistics Services, enfatizou a import\u00e2ncia da transforma\u00e7\u00e3o digital para o crescimento da empresa. \u201cEstamos integrando v\u00e1rias solu\u00e7\u00f5es de reserva e pagamento em nossos servi\u00e7os para oferecer mais efici\u00eancia aos nossos clientes. Atrav\u00e9s da parceria com a Freightos, melhoramos nossos servi\u00e7os de carga para clientes em todo o mundo, oferecendo tarifas digitais, cota\u00e7\u00f5es e solu\u00e7\u00f5es de eBooking.\u201d<\/p>\n<p>A integra\u00e7\u00e3o da Ethiopian Cargo na plataforma Freightos deve aumentar a efici\u00eancia e flexibilidade no transporte de carga a\u00e9rea e consolidar ainda mais a posi\u00e7\u00e3o da empresa como um fornecedor l\u00edder de carga no continente. Despachantes que desejam reservar a Ethiopian Cargo atrav\u00e9s da Freightos podem se registrar na plataforma e utilizar as novas funcionalidades.<\/p>\n<p>&nbsp;<\/p>\n<p><a href=\"https:\/\/cargo.ethiopianairlines.com\/\" target=\"_blank\" rel=\"noopener noreferrer\">www.cargo.ethiopianairlines.com<\/a><\/p>\n<p>&nbsp;<\/p>\n<p><a href=\"https:\/\/www.freightos.com\/\" target=\"_blank\" rel=\"noopener noreferrer\">www.freightos.com<\/a><\/p>\n<p>&nbsp;<\/p>\n","protected":false},"excerpt":{"rendered":"<p>Ethiopian Cargo ser\u00e1 integrado na plataforma de reservas Freightos no final do m\u00eas, para oferecer tarifas digitais e eBooking para um processamento de carga a\u00e9rea mais eficiente.<\/p>\n","protected":false},"author":12,"featured_media":80826,"comment_status":"open","ping_status":"","sticky":false,"template":"","format":"standard","meta":{"_acf_changed":false,"footnotes":""},"categories":[1625,1626,1622,1623,1618],"tags":[27095,27096,27097,27098,27099,5507,27100,3402,27101,27102,27103,27104,2653,27105,1887,27106,27107,27108,27109,27110,27111,2032,27112,27113,27114,27115,27116,22502,27117,27118,27119,27120,27121,27122,27123,27124,27125,27126,27127,27128,27129,27130,27131,27132,2684,27133,27134],"class_list":["post-80831","post","type-post","status-publish","format-standard","has-post-thumbnail","hentry","category-africa","category-americas","category-asia-pacifico","category-europa","category-transporte-aereo-de-mercadorias","tag-africa-air-freight","tag-afrika-luftfracht","tag-air-and-sea-freight-rates","tag-air-freight-market-growth","tag-air-freight-provider-africa","tag-avions-cargo","tag-capacity-booking-africa","tag-cargo-aircraft","tag-connectivite-des-marches-mondiaux","tag-croissance-du-marche-du-fret-aerien","tag-deutsch-ethiopian-cargo","tag-digital-air-freight-rates","tag-digital-transformation-logistics","tag-digitale-tarife-luftfracht","tag-digitale-transformation-logistik","tag-ebooking-loesungen","tag-ebooking-solutions","tag-efficient-cargo-movement-francais-ethiopian-cargo","tag-effiziente-frachtbewegung-english-ethiopian-cargo","tag-fonctionnalites-dinterlining","tag-fournisseur-de-fret-aerien-afrique","tag-frachtflugzeuge","tag-frachtservices-digitalisierung","tag-freight-forwarders-africa","tag-freight-services-digitization","tag-freightos-booking-platform","tag-freightos-buchungsplattform","tag-fret-aerien-afrique","tag-global-market-connectivity","tag-globale-maerkte-anbindung","tag-interlining-features","tag-interlining-funktionen","tag-kapazitaeten-buchen-afrika","tag-luft-und-seefrachtpreise","tag-luftfrachtanbieter-afrika","tag-luftfrachtmarkt-wachstum","tag-mouvement-efficace-des-cargaisons","tag-numerisation-des-services-de-fret","tag-plateforme-de-reservation-freightos","tag-reservation-de-capacites-afrique","tag-solutions-ebooking","tag-spediteure-afrika","tag-tarifs-aeriens-numeriques","tag-tarifs-fret-aerien-et-maritime","tag-transformation-numerique-logistique","tag-transitaires-afrique","tag-webcargo-pay"],"acf":[],"yoast_head":"<!-- This site is optimized with the Yoast SEO plugin v27.3 - https:\/\/yoast.com\/product\/yoast-seo-wordpress\/ -->\n<title>Ethiopian Cargo integrado na Freightos - ITJ | International Transport Journal<\/title>\n<meta name=\"robots\" content=\"index, follow, max-snippet:-1, max-image-preview:large, max-video-preview:-1\" \/>\n<link rel=\"canonical\" href=\"https:\/\/transportjournal.com\/pt-pt\/2026\/03\/13\/ethiopian-cargo-integrado-na-freightos\/\" \/>\n<meta property=\"og:locale\" content=\"pt_PT\" \/>\n<meta property=\"og:type\" content=\"article\" \/>\n<meta property=\"og:title\" content=\"Ethiopian Cargo integrado na Freightos - ITJ | International Transport Journal\" \/>\n<meta property=\"og:description\" content=\"Ethiopian Cargo ser\u00e1 integrado na plataforma de reservas Freightos no final do m\u00eas, para oferecer tarifas digitais e eBooking para um processamento de carga a\u00e9rea mais eficiente.\" \/>\n<meta property=\"og:url\" content=\"https:\/\/transportjournal.com\/pt-pt\/2026\/03\/13\/ethiopian-cargo-integrado-na-freightos\/\" \/>\n<meta property=\"og:site_name\" content=\"ITJ | International Transport Journal\" \/>\n<meta property=\"article:published_time\" content=\"2026-03-13T13:31:44+00:00\" \/>\n<meta property=\"article:modified_time\" content=\"2026-03-13T14:20:16+00:00\" \/>\n<meta property=\"og:image\" content=\"https:\/\/transportjournal.com\/wp-content\/uploads\/sites\/2\/2026\/03\/Ethiopian-Cargo-1755868894884-aspect-ratio-1400-788.jpg\" \/>\n\t<meta property=\"og:image:width\" content=\"1920\" \/>\n\t<meta property=\"og:image:height\" content=\"1081\" \/>\n\t<meta property=\"og:image:type\" content=\"image\/jpeg\" \/>\n<meta name=\"author\" content=\"Andreas Haug\" \/>\n<meta name=\"twitter:card\" content=\"summary_large_image\" \/>\n<meta name=\"twitter:label1\" content=\"Escrito por\" \/>\n\t<meta name=\"twitter:data1\" content=\"Andreas Haug\" \/>\n\t<meta name=\"twitter:label2\" content=\"Tempo estimado de leitura\" \/>\n\t<meta name=\"twitter:data2\" content=\"2 minutos\" \/>\n<script type=\"application\/ld+json\" class=\"yoast-schema-graph\">{\"@context\":\"https:\\\/\\\/schema.org\",\"@graph\":[{\"@type\":\"Article\",\"@id\":\"https:\\\/\\\/transportjournal.com\\\/pt-pt\\\/2026\\\/03\\\/13\\\/ethiopian-cargo-integrado-na-freightos\\\/#article\",\"isPartOf\":{\"@id\":\"https:\\\/\\\/transportjournal.com\\\/pt-pt\\\/2026\\\/03\\\/13\\\/ethiopian-cargo-integrado-na-freightos\\\/\"},\"author\":{\"name\":\"Andreas Haug\",\"@id\":\"https:\\\/\\\/transportjournal.com\\\/pt-pt\\\/#\\\/schema\\\/person\\\/cf538b3157f15afd7589245a4b3dbd25\"},\"headline\":\"Ethiopian Cargo integrado na Freightos\",\"datePublished\":\"2026-03-13T13:31:44+00:00\",\"dateModified\":\"2026-03-13T14:20:16+00:00\",\"mainEntityOfPage\":{\"@id\":\"https:\\\/\\\/transportjournal.com\\\/pt-pt\\\/2026\\\/03\\\/13\\\/ethiopian-cargo-integrado-na-freightos\\\/\"},\"wordCount\":469,\"commentCount\":0,\"publisher\":{\"@id\":\"https:\\\/\\\/transportjournal.com\\\/pt-pt\\\/#organization\"},\"image\":{\"@id\":\"https:\\\/\\\/transportjournal.com\\\/pt-pt\\\/2026\\\/03\\\/13\\\/ethiopian-cargo-integrado-na-freightos\\\/#primaryimage\"},\"thumbnailUrl\":\"https:\\\/\\\/transportjournal.com\\\/wp-content\\\/uploads\\\/sites\\\/2\\\/2026\\\/03\\\/Ethiopian-Cargo-1755868894884-aspect-ratio-1400-788.jpg\",\"keywords\":[\"Africa air freight\",\"Afrika Luftfracht\",\"air and sea freight rates\",\"air freight market growth\",\"air freight provider Africa\",\"avions cargo\",\"capacity booking Africa\",\"cargo aircraft\",\"connectivit\u00e9 des march\u00e9s mondiaux\",\"croissance du march\u00e9 du fret a\u00e9rien\",\"Deutsch Ethiopian Cargo\",\"digital air freight rates\",\"digital transformation logistics\",\"digitale Tarife Luftfracht\",\"digitale Transformation Logistik\",\"eBooking L\u00f6sungen\",\"eBooking solutions\",\"efficient cargo movement Fran\u00e7ais Ethiopian Cargo\",\"effiziente Frachtbewegung English Ethiopian Cargo\",\"fonctionnalit\u00e9s d'interlining\",\"fournisseur de fret a\u00e9rien Afrique\",\"Frachtflugzeuge\",\"Frachtservices Digitalisierung\",\"freight forwarders Africa\",\"freight services digitization\",\"Freightos booking platform\",\"Freightos Buchungsplattform\",\"fret a\u00e9rien Afrique\",\"global market connectivity\",\"globale M\u00e4rkte Anbindung\",\"interlining features\",\"Interlining Funktionen\",\"Kapazit\u00e4ten buchen Afrika\",\"Luft- und Seefrachtpreise\",\"Luftfrachtanbieter Afrika\",\"Luftfrachtmarkt Wachstum\",\"mouvement efficace des cargaisons\",\"num\u00e9risation des services de fret\",\"plateforme de r\u00e9servation Freightos\",\"r\u00e9servation de capacit\u00e9s Afrique\",\"solutions eBooking\",\"Spediteure Afrika\",\"tarifs a\u00e9riens num\u00e9riques\",\"tarifs fret a\u00e9rien et maritime\",\"transformation num\u00e9rique logistique\",\"transitaires Afrique\",\"WebCargo Pay\"],\"articleSection\":[\"\u00c1frica\",\"Am\u00e9ricas\",\"\u00c1sia\\\/Pac\u00edfico\",\"Europa\",\"Transporte a\u00e9reo de mercadorias\"],\"inLanguage\":\"pt-PT\",\"potentialAction\":[{\"@type\":\"CommentAction\",\"name\":\"Comment\",\"target\":[\"https:\\\/\\\/transportjournal.com\\\/pt-pt\\\/2026\\\/03\\\/13\\\/ethiopian-cargo-integrado-na-freightos\\\/#respond\"]}]},{\"@type\":\"WebPage\",\"@id\":\"https:\\\/\\\/transportjournal.com\\\/pt-pt\\\/2026\\\/03\\\/13\\\/ethiopian-cargo-integrado-na-freightos\\\/\",\"url\":\"https:\\\/\\\/transportjournal.com\\\/pt-pt\\\/2026\\\/03\\\/13\\\/ethiopian-cargo-integrado-na-freightos\\\/\",\"name\":\"Ethiopian Cargo integrado na Freightos - ITJ | International Transport Journal\",\"isPartOf\":{\"@id\":\"https:\\\/\\\/transportjournal.com\\\/pt-pt\\\/#website\"},\"primaryImageOfPage\":{\"@id\":\"https:\\\/\\\/transportjournal.com\\\/pt-pt\\\/2026\\\/03\\\/13\\\/ethiopian-cargo-integrado-na-freightos\\\/#primaryimage\"},\"image\":{\"@id\":\"https:\\\/\\\/transportjournal.com\\\/pt-pt\\\/2026\\\/03\\\/13\\\/ethiopian-cargo-integrado-na-freightos\\\/#primaryimage\"},\"thumbnailUrl\":\"https:\\\/\\\/transportjournal.com\\\/wp-content\\\/uploads\\\/sites\\\/2\\\/2026\\\/03\\\/Ethiopian-Cargo-1755868894884-aspect-ratio-1400-788.jpg\",\"datePublished\":\"2026-03-13T13:31:44+00:00\",\"dateModified\":\"2026-03-13T14:20:16+00:00\",\"breadcrumb\":{\"@id\":\"https:\\\/\\\/transportjournal.com\\\/pt-pt\\\/2026\\\/03\\\/13\\\/ethiopian-cargo-integrado-na-freightos\\\/#breadcrumb\"},\"inLanguage\":\"pt-PT\",\"potentialAction\":[{\"@type\":\"ReadAction\",\"target\":[\"https:\\\/\\\/transportjournal.com\\\/pt-pt\\\/2026\\\/03\\\/13\\\/ethiopian-cargo-integrado-na-freightos\\\/\"]}]},{\"@type\":\"ImageObject\",\"inLanguage\":\"pt-PT\",\"@id\":\"https:\\\/\\\/transportjournal.com\\\/pt-pt\\\/2026\\\/03\\\/13\\\/ethiopian-cargo-integrado-na-freightos\\\/#primaryimage\",\"url\":\"https:\\\/\\\/transportjournal.com\\\/wp-content\\\/uploads\\\/sites\\\/2\\\/2026\\\/03\\\/Ethiopian-Cargo-1755868894884-aspect-ratio-1400-788.jpg\",\"contentUrl\":\"https:\\\/\\\/transportjournal.com\\\/wp-content\\\/uploads\\\/sites\\\/2\\\/2026\\\/03\\\/Ethiopian-Cargo-1755868894884-aspect-ratio-1400-788.jpg\",\"width\":1920,\"height\":1081},{\"@type\":\"BreadcrumbList\",\"@id\":\"https:\\\/\\\/transportjournal.com\\\/pt-pt\\\/2026\\\/03\\\/13\\\/ethiopian-cargo-integrado-na-freightos\\\/#breadcrumb\",\"itemListElement\":[{\"@type\":\"ListItem\",\"position\":1,\"name\":\"Startseite\",\"item\":\"https:\\\/\\\/transportjournal.com\\\/pt-pt\\\/\"},{\"@type\":\"ListItem\",\"position\":2,\"name\":\"Ethiopian Cargo integrado na Freightos\"}]},{\"@type\":\"WebSite\",\"@id\":\"https:\\\/\\\/transportjournal.com\\\/pt-pt\\\/#website\",\"url\":\"https:\\\/\\\/transportjournal.com\\\/pt-pt\\\/\",\"name\":\"ITJ | International Transport Journal\",\"description\":\"Stay informed with the latest global news from the transport, logistics, and supply chain industries. Transport Journal delivers expert insights, analysis, and updates across shipping, aviation, intermodal, and forwarding.\",\"publisher\":{\"@id\":\"https:\\\/\\\/transportjournal.com\\\/pt-pt\\\/#organization\"},\"potentialAction\":[{\"@type\":\"SearchAction\",\"target\":{\"@type\":\"EntryPoint\",\"urlTemplate\":\"https:\\\/\\\/transportjournal.com\\\/pt-pt\\\/?s={search_term_string}\"},\"query-input\":{\"@type\":\"PropertyValueSpecification\",\"valueRequired\":true,\"valueName\":\"search_term_string\"}}],\"inLanguage\":\"pt-PT\"},{\"@type\":\"Organization\",\"@id\":\"https:\\\/\\\/transportjournal.com\\\/pt-pt\\\/#organization\",\"name\":\"Logismedia Group AG\",\"alternateName\":\"Logismedia Group AG\",\"url\":\"https:\\\/\\\/transportjournal.com\\\/pt-pt\\\/\",\"logo\":{\"@type\":\"ImageObject\",\"inLanguage\":\"pt-PT\",\"@id\":\"https:\\\/\\\/transportjournal.com\\\/pt-pt\\\/#\\\/schema\\\/logo\\\/image\\\/\",\"url\":\"https:\\\/\\\/transportjournal.com\\\/wp-content\\\/uploads\\\/sites\\\/2\\\/2025\\\/09\\\/Logo_ITJ.png\",\"contentUrl\":\"https:\\\/\\\/transportjournal.com\\\/wp-content\\\/uploads\\\/sites\\\/2\\\/2025\\\/09\\\/Logo_ITJ.png\",\"width\":799,\"height\":326,\"caption\":\"Logismedia Group AG\"},\"image\":{\"@id\":\"https:\\\/\\\/transportjournal.com\\\/pt-pt\\\/#\\\/schema\\\/logo\\\/image\\\/\"},\"sameAs\":[\"https:\\\/\\\/www.linkedin.com\\\/company\\\/56456496\\\/admin\\\/dashboard\\\/\",\"https:\\\/\\\/www.instagram.com\\\/logismediagroup\\\/\",\"https:\\\/\\\/www.youtube.com\\\/@LogiamediaGroupAG\"]},{\"@type\":\"Person\",\"@id\":\"https:\\\/\\\/transportjournal.com\\\/pt-pt\\\/#\\\/schema\\\/person\\\/cf538b3157f15afd7589245a4b3dbd25\",\"name\":\"Andreas Haug\",\"url\":\"https:\\\/\\\/transportjournal.com\\\/pt-pt\\\/author\\\/andreas\\\/\"}]}<\/script>\n<!-- \/ Yoast SEO plugin. -->","yoast_head_json":{"title":"Ethiopian Cargo integrado na Freightos - ITJ | International Transport Journal","robots":{"index":"index","follow":"follow","max-snippet":"max-snippet:-1","max-image-preview":"max-image-preview:large","max-video-preview":"max-video-preview:-1"},"canonical":"https:\/\/transportjournal.com\/pt-pt\/2026\/03\/13\/ethiopian-cargo-integrado-na-freightos\/","og_locale":"pt_PT","og_type":"article","og_title":"Ethiopian Cargo integrado na Freightos - ITJ | International Transport Journal","og_description":"Ethiopian Cargo ser\u00e1 integrado na plataforma de reservas Freightos no final do m\u00eas, para oferecer tarifas digitais e eBooking para um processamento de carga a\u00e9rea mais eficiente.","og_url":"https:\/\/transportjournal.com\/pt-pt\/2026\/03\/13\/ethiopian-cargo-integrado-na-freightos\/","og_site_name":"ITJ | International Transport Journal","article_published_time":"2026-03-13T13:31:44+00:00","article_modified_time":"2026-03-13T14:20:16+00:00","og_image":[{"width":1920,"height":1081,"url":"https:\/\/transportjournal.com\/wp-content\/uploads\/sites\/2\/2026\/03\/Ethiopian-Cargo-1755868894884-aspect-ratio-1400-788.jpg","type":"image\/jpeg"}],"author":"Andreas Haug","twitter_card":"summary_large_image","twitter_misc":{"Escrito por":"Andreas Haug","Tempo estimado de leitura":"2 minutos"},"schema":{"@context":"https:\/\/schema.org","@graph":[{"@type":"Article","@id":"https:\/\/transportjournal.com\/pt-pt\/2026\/03\/13\/ethiopian-cargo-integrado-na-freightos\/#article","isPartOf":{"@id":"https:\/\/transportjournal.com\/pt-pt\/2026\/03\/13\/ethiopian-cargo-integrado-na-freightos\/"},"author":{"name":"Andreas Haug","@id":"https:\/\/transportjournal.com\/pt-pt\/#\/schema\/person\/cf538b3157f15afd7589245a4b3dbd25"},"headline":"Ethiopian Cargo integrado na Freightos","datePublished":"2026-03-13T13:31:44+00:00","dateModified":"2026-03-13T14:20:16+00:00","mainEntityOfPage":{"@id":"https:\/\/transportjournal.com\/pt-pt\/2026\/03\/13\/ethiopian-cargo-integrado-na-freightos\/"},"wordCount":469,"commentCount":0,"publisher":{"@id":"https:\/\/transportjournal.com\/pt-pt\/#organization"},"image":{"@id":"https:\/\/transportjournal.com\/pt-pt\/2026\/03\/13\/ethiopian-cargo-integrado-na-freightos\/#primaryimage"},"thumbnailUrl":"https:\/\/transportjournal.com\/wp-content\/uploads\/sites\/2\/2026\/03\/Ethiopian-Cargo-1755868894884-aspect-ratio-1400-788.jpg","keywords":["Africa air freight","Afrika Luftfracht","air and sea freight rates","air freight market growth","air freight provider Africa","avions cargo","capacity booking Africa","cargo aircraft","connectivit\u00e9 des march\u00e9s mondiaux","croissance du march\u00e9 du fret a\u00e9rien","Deutsch Ethiopian Cargo","digital air freight rates","digital transformation logistics","digitale Tarife Luftfracht","digitale Transformation Logistik","eBooking L\u00f6sungen","eBooking solutions","efficient cargo movement Fran\u00e7ais Ethiopian Cargo","effiziente Frachtbewegung English Ethiopian Cargo","fonctionnalit\u00e9s d'interlining","fournisseur de fret a\u00e9rien Afrique","Frachtflugzeuge","Frachtservices Digitalisierung","freight forwarders Africa","freight services digitization","Freightos booking platform","Freightos Buchungsplattform","fret a\u00e9rien Afrique","global market connectivity","globale M\u00e4rkte Anbindung","interlining features","Interlining Funktionen","Kapazit\u00e4ten buchen Afrika","Luft- und Seefrachtpreise","Luftfrachtanbieter Afrika","Luftfrachtmarkt Wachstum","mouvement efficace des cargaisons","num\u00e9risation des services de fret","plateforme de r\u00e9servation Freightos","r\u00e9servation de capacit\u00e9s Afrique","solutions eBooking","Spediteure Afrika","tarifs a\u00e9riens num\u00e9riques","tarifs fret a\u00e9rien et maritime","transformation num\u00e9rique logistique","transitaires Afrique","WebCargo Pay"],"articleSection":["\u00c1frica","Am\u00e9ricas","\u00c1sia\/Pac\u00edfico","Europa","Transporte a\u00e9reo de mercadorias"],"inLanguage":"pt-PT","potentialAction":[{"@type":"CommentAction","name":"Comment","target":["https:\/\/transportjournal.com\/pt-pt\/2026\/03\/13\/ethiopian-cargo-integrado-na-freightos\/#respond"]}]},{"@type":"WebPage","@id":"https:\/\/transportjournal.com\/pt-pt\/2026\/03\/13\/ethiopian-cargo-integrado-na-freightos\/","url":"https:\/\/transportjournal.com\/pt-pt\/2026\/03\/13\/ethiopian-cargo-integrado-na-freightos\/","name":"Ethiopian Cargo integrado na Freightos - ITJ | International Transport Journal","isPartOf":{"@id":"https:\/\/transportjournal.com\/pt-pt\/#website"},"primaryImageOfPage":{"@id":"https:\/\/transportjournal.com\/pt-pt\/2026\/03\/13\/ethiopian-cargo-integrado-na-freightos\/#primaryimage"},"image":{"@id":"https:\/\/transportjournal.com\/pt-pt\/2026\/03\/13\/ethiopian-cargo-integrado-na-freightos\/#primaryimage"},"thumbnailUrl":"https:\/\/transportjournal.com\/wp-content\/uploads\/sites\/2\/2026\/03\/Ethiopian-Cargo-1755868894884-aspect-ratio-1400-788.jpg","datePublished":"2026-03-13T13:31:44+00:00","dateModified":"2026-03-13T14:20:16+00:00","breadcrumb":{"@id":"https:\/\/transportjournal.com\/pt-pt\/2026\/03\/13\/ethiopian-cargo-integrado-na-freightos\/#breadcrumb"},"inLanguage":"pt-PT","potentialAction":[{"@type":"ReadAction","target":["https:\/\/transportjournal.com\/pt-pt\/2026\/03\/13\/ethiopian-cargo-integrado-na-freightos\/"]}]},{"@type":"ImageObject","inLanguage":"pt-PT","@id":"https:\/\/transportjournal.com\/pt-pt\/2026\/03\/13\/ethiopian-cargo-integrado-na-freightos\/#primaryimage","url":"https:\/\/transportjournal.com\/wp-content\/uploads\/sites\/2\/2026\/03\/Ethiopian-Cargo-1755868894884-aspect-ratio-1400-788.jpg","contentUrl":"https:\/\/transportjournal.com\/wp-content\/uploads\/sites\/2\/2026\/03\/Ethiopian-Cargo-1755868894884-aspect-ratio-1400-788.jpg","width":1920,"height":1081},{"@type":"BreadcrumbList","@id":"https:\/\/transportjournal.com\/pt-pt\/2026\/03\/13\/ethiopian-cargo-integrado-na-freightos\/#breadcrumb","itemListElement":[{"@type":"ListItem","position":1,"name":"Startseite","item":"https:\/\/transportjournal.com\/pt-pt\/"},{"@type":"ListItem","position":2,"name":"Ethiopian Cargo integrado na Freightos"}]},{"@type":"WebSite","@id":"https:\/\/transportjournal.com\/pt-pt\/#website","url":"https:\/\/transportjournal.com\/pt-pt\/","name":"ITJ | International Transport Journal","description":"Stay informed with the latest global news from the transport, logistics, and supply chain industries. Transport Journal delivers expert insights, analysis, and updates across shipping, aviation, intermodal, and forwarding.","publisher":{"@id":"https:\/\/transportjournal.com\/pt-pt\/#organization"},"potentialAction":[{"@type":"SearchAction","target":{"@type":"EntryPoint","urlTemplate":"https:\/\/transportjournal.com\/pt-pt\/?s={search_term_string}"},"query-input":{"@type":"PropertyValueSpecification","valueRequired":true,"valueName":"search_term_string"}}],"inLanguage":"pt-PT"},{"@type":"Organization","@id":"https:\/\/transportjournal.com\/pt-pt\/#organization","name":"Logismedia Group AG","alternateName":"Logismedia Group AG","url":"https:\/\/transportjournal.com\/pt-pt\/","logo":{"@type":"ImageObject","inLanguage":"pt-PT","@id":"https:\/\/transportjournal.com\/pt-pt\/#\/schema\/logo\/image\/","url":"https:\/\/transportjournal.com\/wp-content\/uploads\/sites\/2\/2025\/09\/Logo_ITJ.png","contentUrl":"https:\/\/transportjournal.com\/wp-content\/uploads\/sites\/2\/2025\/09\/Logo_ITJ.png","width":799,"height":326,"caption":"Logismedia Group AG"},"image":{"@id":"https:\/\/transportjournal.com\/pt-pt\/#\/schema\/logo\/image\/"},"sameAs":["https:\/\/www.linkedin.com\/company\/56456496\/admin\/dashboard\/","https:\/\/www.instagram.com\/logismediagroup\/","https:\/\/www.youtube.com\/@LogiamediaGroupAG"]},{"@type":"Person","@id":"https:\/\/transportjournal.com\/pt-pt\/#\/schema\/person\/cf538b3157f15afd7589245a4b3dbd25","name":"Andreas Haug","url":"https:\/\/transportjournal.com\/pt-pt\/author\/andreas\/"}]}},"_links":{"self":[{"href":"https:\/\/transportjournal.com\/pt-pt\/wp-json\/wp\/v2\/posts\/80831","targetHints":{"allow":["GET"]}}],"collection":[{"href":"https:\/\/transportjournal.com\/pt-pt\/wp-json\/wp\/v2\/posts"}],"about":[{"href":"https:\/\/transportjournal.com\/pt-pt\/wp-json\/wp\/v2\/types\/post"}],"author":[{"embeddable":true,"href":"https:\/\/transportjournal.com\/pt-pt\/wp-json\/wp\/v2\/users\/12"}],"replies":[{"embeddable":true,"href":"https:\/\/transportjournal.com\/pt-pt\/wp-json\/wp\/v2\/comments?post=80831"}],"version-history":[{"count":1,"href":"https:\/\/transportjournal.com\/pt-pt\/wp-json\/wp\/v2\/posts\/80831\/revisions"}],"predecessor-version":[{"id":80838,"href":"https:\/\/transportjournal.com\/pt-pt\/wp-json\/wp\/v2\/posts\/80831\/revisions\/80838"}],"wp:featuredmedia":[{"embeddable":true,"href":"https:\/\/transportjournal.com\/pt-pt\/wp-json\/wp\/v2\/media\/80826"}],"wp:attachment":[{"href":"https:\/\/transportjournal.com\/pt-pt\/wp-json\/wp\/v2\/media?parent=80831"}],"wp:term":[{"taxonomy":"category","embeddable":true,"href":"https:\/\/transportjournal.com\/pt-pt\/wp-json\/wp\/v2\/categories?post=80831"},{"taxonomy":"post_tag","embeddable":true,"href":"https:\/\/transportjournal.com\/pt-pt\/wp-json\/wp\/v2\/tags?post=80831"}],"curies":[{"name":"wp","href":"https:\/\/api.w.org\/{rel}","templated":true}]}}