{"id":80745,"date":"2026-03-13T10:10:27","date_gmt":"2026-03-13T10:10:27","guid":{"rendered":"https:\/\/transportjournal.com\/2026\/03\/13\/mitsubishi-logisnext-americas-sera-renomeada\/"},"modified":"2026-03-13T10:10:27","modified_gmt":"2026-03-13T10:10:27","slug":"mitsubishi-logisnext-americas-sera-renomeada","status":"publish","type":"post","link":"https:\/\/transportjournal.com\/pt-pt\/2026\/03\/13\/mitsubishi-logisnext-americas-sera-renomeada\/","title":{"rendered":"Mitsubishi Logisnext Americas ser\u00e1 renomeada"},"content":{"rendered":"<p>Mitsubishi Logisnext Americas ser\u00e1 renomeada para Logisnext Americas para promover uma vis\u00e3o unificada para a manipula\u00e7\u00e3o de materiais. Esta mudan\u00e7a de nome, que entrar\u00e1 em vigor em 30 de abril de 2026, faz parte de uma transforma\u00e7\u00e3o abrangente da empresa, que est\u00e1 sob o lema &#8222;Logisnext Vision 2035&#8220;. A mudan\u00e7a de nome visa fortalecer a orienta\u00e7\u00e3o global da empresa e atender \u00e0s necessidades em evolu\u00e7\u00e3o dos clientes.<\/p>\n<p>No \u00e2mbito dessa transi\u00e7\u00e3o, a Mitsubishi Logisnext Americas firmou uma parceria com a Japan Industrial Partners (JIP) para apoiar o crescimento sustent\u00e1vel e a cria\u00e7\u00e3o de valor a longo prazo. Berry Mansfield, presidente da Mitsubishi Logisnext Americas, enfatiza que o an\u00fancio reflete o progresso da empresa, mas que os valores fundamentais e a confiabilidade, nos quais os clientes confiam h\u00e1 d\u00e9cadas, permanecem inalterados.<\/p>\n<p>A linha de produtos existente dos empilhadores Mitsubishi ser\u00e1 mantida sob o novo nome Logisnext Forklifts. Esta mudan\u00e7a de nome visa sublinhar a confiabilidade dos produtos e a conformidade com os padr\u00f5es de desempenho globais. Al\u00e9m disso, a oferta de solu\u00e7\u00f5es ser\u00e1 ampliada para atender \u00e0s atuais demandas da manipula\u00e7\u00e3o de materiais.<\/p>\n<p>A organiza\u00e7\u00e3o valoriza muito a estabilidade e a continuidade para seus revendedores e clientes durante a transi\u00e7\u00e3o. Todas as estruturas de suporte e servi\u00e7o existentes ser\u00e3o mantidas para garantir uma opera\u00e7\u00e3o tranquila. Clientes e parceiros podem esperar uma experi\u00eancia cont\u00ednua, uma vez que a Logisnext Americas continuar\u00e1 a fornecer os produtos e servi\u00e7os familiares.<\/p>\n<p>A Mitsubishi Logisnext Americas possui mais de 100 anos de experi\u00eancia em manipula\u00e7\u00e3o de materiais e oferece solu\u00e7\u00f5es baseadas em tecnologia, que v\u00e3o desde automa\u00e7\u00e3o at\u00e9 suporte abrangente de frotas. A empresa tem sua sede em Houston, Texas, e comercializa produtos sob cinco marcas l\u00edderes, incluindo empilhadores Mitsubishi e produtos de automa\u00e7\u00e3o Jungheinrich.<\/p>\n<p>&nbsp;<\/p>\n<p><a href=\"https:\/\/www.logisnextamericas.com\/\" target=\"_blank\" rel=\"noopener noreferrer\">www.logisnextamericas.com<\/a><\/p>\n<p>&nbsp;<\/p>\n","protected":false},"excerpt":{"rendered":"<p>Mitsubishi Logisnext Americas ser\u00e1 renomeada em 30 de abril de 2026, para promover uma vis\u00e3o unificada para o manuseio de materiais sob o lema &#8220;Logisnext Vision 2035&#8221;.<\/p>\n","protected":false},"author":12,"featured_media":80740,"comment_status":"open","ping_status":"","sticky":false,"template":"","format":"standard","meta":{"_acf_changed":false,"footnotes":""},"categories":[1626,1620,1615],"tags":[3668,3669,3670,26831,4041,2995,8440,26832,2695,2696,1889,26833,26834,26835,6786,6788,26836,26837,26838,26839,2125,3682,3683,26840,8452,26841,26842,2133,1831,6792,6795,22399,3015,26843,2717,3602,2148,26844,26845,26846,26847,8462,2237,26848,26849,26850,26851,3029,26852,26853,26854,26855],"class_list":["post-80745","post","type-post","status-publish","format-standard","has-post-thumbnail","hentry","category-americas","category-intralogistica","category-pessoas-e-empresas","tag-automation","tag-automatisation","tag-automatisierung","tag-changement-de-nom","tag-chariots-elevateurs","tag-croissance-durable","tag-customer-service","tag-deutsch-mitsubishi-logisnext","tag-digitalisierung","tag-digitalization","tag-fachkraeftemangel","tag-fiabilite","tag-fleet-support","tag-flottenunterstuetzung","tag-forklifts","tag-gabelstapler","tag-gamme-de-produits","tag-global-performance-standards","tag-globale-leistungsstandards","tag-houston-texas","tag-industrie-du-transport","tag-infrastructure","tag-infrastruktur","tag-japan-industrial-partners","tag-kundenservice","tag-logisnext-americas","tag-logisnext-vision-2035","tag-logistics-service-providers","tag-logistikdienstleister","tag-manutention-de-materiel","tag-material-handling","tag-materialhandhabung","tag-nachhaltiges-wachstum","tag-normes-de-performance-mondiales","tag-numerisation","tag-penurie-de-competences","tag-prestataires-de-services-logistiques","tag-product-line","tag-produktlinie","tag-rebranding","tag-reliability","tag-service-client","tag-skills-shortage","tag-stabilitaet","tag-stabilite","tag-stability","tag-support-de-flotte","tag-sustainable-growth","tag-transport-industry-francais-mitsubishi-logisnext","tag-transportwirtschaft-english-mitsubishi-logisnext","tag-umbenennung","tag-zuverlaessigkeit"],"acf":[],"yoast_head":"<!-- This site is optimized with the Yoast SEO plugin v27.3 - https:\/\/yoast.com\/product\/yoast-seo-wordpress\/ -->\n<title>Mitsubishi Logisnext Americas ser\u00e1 renomeada - ITJ | International Transport Journal<\/title>\n<meta name=\"robots\" content=\"index, follow, max-snippet:-1, max-image-preview:large, max-video-preview:-1\" \/>\n<link rel=\"canonical\" href=\"https:\/\/transportjournal.com\/pt-pt\/2026\/03\/13\/mitsubishi-logisnext-americas-sera-renomeada\/\" \/>\n<meta property=\"og:locale\" content=\"pt_PT\" \/>\n<meta property=\"og:type\" content=\"article\" \/>\n<meta property=\"og:title\" content=\"Mitsubishi Logisnext Americas ser\u00e1 renomeada - ITJ | International Transport Journal\" \/>\n<meta property=\"og:description\" content=\"Mitsubishi Logisnext Americas ser\u00e1 renomeada em 30 de abril de 2026, para promover uma vis\u00e3o unificada para o manuseio de materiais sob o lema &quot;Logisnext Vision 2035&quot;.\" \/>\n<meta property=\"og:url\" content=\"https:\/\/transportjournal.com\/pt-pt\/2026\/03\/13\/mitsubishi-logisnext-americas-sera-renomeada\/\" \/>\n<meta property=\"og:site_name\" content=\"ITJ | International Transport Journal\" \/>\n<meta property=\"article:published_time\" content=\"2026-03-13T10:10:27+00:00\" \/>\n<meta property=\"og:image\" content=\"https:\/\/transportjournal.com\/wp-content\/uploads\/sites\/2\/2026\/03\/Logisnext-hbj172-1050x350-1-aspect-ratio-1400-788.webp\" \/>\n\t<meta property=\"og:image:width\" content=\"705\" \/>\n\t<meta property=\"og:image:height\" content=\"397\" \/>\n\t<meta property=\"og:image:type\" content=\"image\/webp\" \/>\n<meta name=\"author\" content=\"Andreas Haug\" \/>\n<meta name=\"twitter:card\" content=\"summary_large_image\" \/>\n<meta name=\"twitter:label1\" content=\"Escrito por\" \/>\n\t<meta name=\"twitter:data1\" content=\"Andreas Haug\" \/>\n\t<meta name=\"twitter:label2\" content=\"Tempo estimado de leitura\" \/>\n\t<meta name=\"twitter:data2\" content=\"2 minutos\" \/>\n<script type=\"application\/ld+json\" class=\"yoast-schema-graph\">{\"@context\":\"https:\\\/\\\/schema.org\",\"@graph\":[{\"@type\":\"Article\",\"@id\":\"https:\\\/\\\/transportjournal.com\\\/pt-pt\\\/2026\\\/03\\\/13\\\/mitsubishi-logisnext-americas-sera-renomeada\\\/#article\",\"isPartOf\":{\"@id\":\"https:\\\/\\\/transportjournal.com\\\/pt-pt\\\/2026\\\/03\\\/13\\\/mitsubishi-logisnext-americas-sera-renomeada\\\/\"},\"author\":{\"name\":\"Andreas Haug\",\"@id\":\"https:\\\/\\\/transportjournal.com\\\/pt-pt\\\/#\\\/schema\\\/person\\\/cf538b3157f15afd7589245a4b3dbd25\"},\"headline\":\"Mitsubishi Logisnext Americas ser\u00e1 renomeada\",\"datePublished\":\"2026-03-13T10:10:27+00:00\",\"mainEntityOfPage\":{\"@id\":\"https:\\\/\\\/transportjournal.com\\\/pt-pt\\\/2026\\\/03\\\/13\\\/mitsubishi-logisnext-americas-sera-renomeada\\\/\"},\"wordCount\":327,\"commentCount\":0,\"publisher\":{\"@id\":\"https:\\\/\\\/transportjournal.com\\\/pt-pt\\\/#organization\"},\"image\":{\"@id\":\"https:\\\/\\\/transportjournal.com\\\/pt-pt\\\/2026\\\/03\\\/13\\\/mitsubishi-logisnext-americas-sera-renomeada\\\/#primaryimage\"},\"thumbnailUrl\":\"https:\\\/\\\/transportjournal.com\\\/wp-content\\\/uploads\\\/sites\\\/2\\\/2026\\\/03\\\/Logisnext-hbj172-1050x350-1-aspect-ratio-1400-788.webp\",\"keywords\":[\"automation\",\"automatisation\",\"Automatisierung\",\"changement de nom\",\"chariots \u00e9l\u00e9vateurs\",\"croissance durable\",\"customer service\",\"Deutsch Mitsubishi Logisnext\",\"Digitalisierung\",\"digitalization\",\"Fachkr\u00e4ftemangel\",\"fiabilit\u00e9\",\"fleet support\",\"Flottenunterst\u00fctzung\",\"forklifts\",\"Gabelstapler\",\"gamme de produits\",\"global performance standards\",\"globale Leistungsstandards\",\"Houston Texas\",\"industrie du transport\",\"infrastructure\",\"Infrastruktur\",\"Japan Industrial Partners\",\"Kundenservice\",\"Logisnext Americas\",\"Logisnext Vision 2035\",\"logistics service providers\",\"Logistikdienstleister\",\"manutention de mat\u00e9riel\",\"material handling\",\"Materialhandhabung\",\"nachhaltiges Wachstum\",\"normes de performance mondiales\",\"num\u00e9risation\",\"p\u00e9nurie de comp\u00e9tences\",\"prestataires de services logistiques\",\"product line\",\"Produktlinie\",\"rebranding\",\"reliability\",\"service client\",\"skills shortage\",\"Stabilit\u00e4t\",\"stabilit\u00e9\",\"stability\",\"support de flotte\",\"sustainable growth\",\"transport industry Fran\u00e7ais Mitsubishi Logisnext\",\"Transportwirtschaft English Mitsubishi Logisnext\",\"Umbenennung\",\"Zuverl\u00e4ssigkeit\"],\"articleSection\":[\"Am\u00e9ricas\",\"Intralog\u00edstica\",\"Pessoas e empresas\"],\"inLanguage\":\"pt-PT\",\"potentialAction\":[{\"@type\":\"CommentAction\",\"name\":\"Comment\",\"target\":[\"https:\\\/\\\/transportjournal.com\\\/pt-pt\\\/2026\\\/03\\\/13\\\/mitsubishi-logisnext-americas-sera-renomeada\\\/#respond\"]}]},{\"@type\":\"WebPage\",\"@id\":\"https:\\\/\\\/transportjournal.com\\\/pt-pt\\\/2026\\\/03\\\/13\\\/mitsubishi-logisnext-americas-sera-renomeada\\\/\",\"url\":\"https:\\\/\\\/transportjournal.com\\\/pt-pt\\\/2026\\\/03\\\/13\\\/mitsubishi-logisnext-americas-sera-renomeada\\\/\",\"name\":\"Mitsubishi Logisnext Americas ser\u00e1 renomeada - ITJ | International Transport Journal\",\"isPartOf\":{\"@id\":\"https:\\\/\\\/transportjournal.com\\\/pt-pt\\\/#website\"},\"primaryImageOfPage\":{\"@id\":\"https:\\\/\\\/transportjournal.com\\\/pt-pt\\\/2026\\\/03\\\/13\\\/mitsubishi-logisnext-americas-sera-renomeada\\\/#primaryimage\"},\"image\":{\"@id\":\"https:\\\/\\\/transportjournal.com\\\/pt-pt\\\/2026\\\/03\\\/13\\\/mitsubishi-logisnext-americas-sera-renomeada\\\/#primaryimage\"},\"thumbnailUrl\":\"https:\\\/\\\/transportjournal.com\\\/wp-content\\\/uploads\\\/sites\\\/2\\\/2026\\\/03\\\/Logisnext-hbj172-1050x350-1-aspect-ratio-1400-788.webp\",\"datePublished\":\"2026-03-13T10:10:27+00:00\",\"breadcrumb\":{\"@id\":\"https:\\\/\\\/transportjournal.com\\\/pt-pt\\\/2026\\\/03\\\/13\\\/mitsubishi-logisnext-americas-sera-renomeada\\\/#breadcrumb\"},\"inLanguage\":\"pt-PT\",\"potentialAction\":[{\"@type\":\"ReadAction\",\"target\":[\"https:\\\/\\\/transportjournal.com\\\/pt-pt\\\/2026\\\/03\\\/13\\\/mitsubishi-logisnext-americas-sera-renomeada\\\/\"]}]},{\"@type\":\"ImageObject\",\"inLanguage\":\"pt-PT\",\"@id\":\"https:\\\/\\\/transportjournal.com\\\/pt-pt\\\/2026\\\/03\\\/13\\\/mitsubishi-logisnext-americas-sera-renomeada\\\/#primaryimage\",\"url\":\"https:\\\/\\\/transportjournal.com\\\/wp-content\\\/uploads\\\/sites\\\/2\\\/2026\\\/03\\\/Logisnext-hbj172-1050x350-1-aspect-ratio-1400-788.webp\",\"contentUrl\":\"https:\\\/\\\/transportjournal.com\\\/wp-content\\\/uploads\\\/sites\\\/2\\\/2026\\\/03\\\/Logisnext-hbj172-1050x350-1-aspect-ratio-1400-788.webp\",\"width\":705,\"height\":397},{\"@type\":\"BreadcrumbList\",\"@id\":\"https:\\\/\\\/transportjournal.com\\\/pt-pt\\\/2026\\\/03\\\/13\\\/mitsubishi-logisnext-americas-sera-renomeada\\\/#breadcrumb\",\"itemListElement\":[{\"@type\":\"ListItem\",\"position\":1,\"name\":\"Startseite\",\"item\":\"https:\\\/\\\/transportjournal.com\\\/pt-pt\\\/\"},{\"@type\":\"ListItem\",\"position\":2,\"name\":\"Mitsubishi Logisnext Americas ser\u00e1 renomeada\"}]},{\"@type\":\"WebSite\",\"@id\":\"https:\\\/\\\/transportjournal.com\\\/pt-pt\\\/#website\",\"url\":\"https:\\\/\\\/transportjournal.com\\\/pt-pt\\\/\",\"name\":\"ITJ | International Transport Journal\",\"description\":\"Stay informed with the latest global news from the transport, logistics, and supply chain industries. Transport Journal delivers expert insights, analysis, and updates across shipping, aviation, intermodal, and forwarding.\",\"publisher\":{\"@id\":\"https:\\\/\\\/transportjournal.com\\\/pt-pt\\\/#organization\"},\"potentialAction\":[{\"@type\":\"SearchAction\",\"target\":{\"@type\":\"EntryPoint\",\"urlTemplate\":\"https:\\\/\\\/transportjournal.com\\\/pt-pt\\\/?s={search_term_string}\"},\"query-input\":{\"@type\":\"PropertyValueSpecification\",\"valueRequired\":true,\"valueName\":\"search_term_string\"}}],\"inLanguage\":\"pt-PT\"},{\"@type\":\"Organization\",\"@id\":\"https:\\\/\\\/transportjournal.com\\\/pt-pt\\\/#organization\",\"name\":\"Logismedia Group AG\",\"alternateName\":\"Logismedia Group AG\",\"url\":\"https:\\\/\\\/transportjournal.com\\\/pt-pt\\\/\",\"logo\":{\"@type\":\"ImageObject\",\"inLanguage\":\"pt-PT\",\"@id\":\"https:\\\/\\\/transportjournal.com\\\/pt-pt\\\/#\\\/schema\\\/logo\\\/image\\\/\",\"url\":\"https:\\\/\\\/transportjournal.com\\\/wp-content\\\/uploads\\\/sites\\\/2\\\/2025\\\/09\\\/Logo_ITJ.png\",\"contentUrl\":\"https:\\\/\\\/transportjournal.com\\\/wp-content\\\/uploads\\\/sites\\\/2\\\/2025\\\/09\\\/Logo_ITJ.png\",\"width\":799,\"height\":326,\"caption\":\"Logismedia Group AG\"},\"image\":{\"@id\":\"https:\\\/\\\/transportjournal.com\\\/pt-pt\\\/#\\\/schema\\\/logo\\\/image\\\/\"},\"sameAs\":[\"https:\\\/\\\/www.linkedin.com\\\/company\\\/56456496\\\/admin\\\/dashboard\\\/\",\"https:\\\/\\\/www.instagram.com\\\/logismediagroup\\\/\",\"https:\\\/\\\/www.youtube.com\\\/@LogiamediaGroupAG\"]},{\"@type\":\"Person\",\"@id\":\"https:\\\/\\\/transportjournal.com\\\/pt-pt\\\/#\\\/schema\\\/person\\\/cf538b3157f15afd7589245a4b3dbd25\",\"name\":\"Andreas Haug\",\"url\":\"https:\\\/\\\/transportjournal.com\\\/pt-pt\\\/author\\\/andreas\\\/\"}]}<\/script>\n<!-- \/ Yoast SEO plugin. -->","yoast_head_json":{"title":"Mitsubishi Logisnext Americas ser\u00e1 renomeada - ITJ | International Transport Journal","robots":{"index":"index","follow":"follow","max-snippet":"max-snippet:-1","max-image-preview":"max-image-preview:large","max-video-preview":"max-video-preview:-1"},"canonical":"https:\/\/transportjournal.com\/pt-pt\/2026\/03\/13\/mitsubishi-logisnext-americas-sera-renomeada\/","og_locale":"pt_PT","og_type":"article","og_title":"Mitsubishi Logisnext Americas ser\u00e1 renomeada - ITJ | International Transport Journal","og_description":"Mitsubishi Logisnext Americas ser\u00e1 renomeada em 30 de abril de 2026, para promover uma vis\u00e3o unificada para o manuseio de materiais sob o lema \"Logisnext Vision 2035\".","og_url":"https:\/\/transportjournal.com\/pt-pt\/2026\/03\/13\/mitsubishi-logisnext-americas-sera-renomeada\/","og_site_name":"ITJ | International Transport Journal","article_published_time":"2026-03-13T10:10:27+00:00","og_image":[{"width":705,"height":397,"url":"https:\/\/transportjournal.com\/wp-content\/uploads\/sites\/2\/2026\/03\/Logisnext-hbj172-1050x350-1-aspect-ratio-1400-788.webp","type":"image\/webp"}],"author":"Andreas Haug","twitter_card":"summary_large_image","twitter_misc":{"Escrito por":"Andreas Haug","Tempo estimado de leitura":"2 minutos"},"schema":{"@context":"https:\/\/schema.org","@graph":[{"@type":"Article","@id":"https:\/\/transportjournal.com\/pt-pt\/2026\/03\/13\/mitsubishi-logisnext-americas-sera-renomeada\/#article","isPartOf":{"@id":"https:\/\/transportjournal.com\/pt-pt\/2026\/03\/13\/mitsubishi-logisnext-americas-sera-renomeada\/"},"author":{"name":"Andreas Haug","@id":"https:\/\/transportjournal.com\/pt-pt\/#\/schema\/person\/cf538b3157f15afd7589245a4b3dbd25"},"headline":"Mitsubishi Logisnext Americas ser\u00e1 renomeada","datePublished":"2026-03-13T10:10:27+00:00","mainEntityOfPage":{"@id":"https:\/\/transportjournal.com\/pt-pt\/2026\/03\/13\/mitsubishi-logisnext-americas-sera-renomeada\/"},"wordCount":327,"commentCount":0,"publisher":{"@id":"https:\/\/transportjournal.com\/pt-pt\/#organization"},"image":{"@id":"https:\/\/transportjournal.com\/pt-pt\/2026\/03\/13\/mitsubishi-logisnext-americas-sera-renomeada\/#primaryimage"},"thumbnailUrl":"https:\/\/transportjournal.com\/wp-content\/uploads\/sites\/2\/2026\/03\/Logisnext-hbj172-1050x350-1-aspect-ratio-1400-788.webp","keywords":["automation","automatisation","Automatisierung","changement de nom","chariots \u00e9l\u00e9vateurs","croissance durable","customer service","Deutsch Mitsubishi Logisnext","Digitalisierung","digitalization","Fachkr\u00e4ftemangel","fiabilit\u00e9","fleet support","Flottenunterst\u00fctzung","forklifts","Gabelstapler","gamme de produits","global performance standards","globale Leistungsstandards","Houston Texas","industrie du transport","infrastructure","Infrastruktur","Japan Industrial Partners","Kundenservice","Logisnext Americas","Logisnext Vision 2035","logistics service providers","Logistikdienstleister","manutention de mat\u00e9riel","material handling","Materialhandhabung","nachhaltiges Wachstum","normes de performance mondiales","num\u00e9risation","p\u00e9nurie de comp\u00e9tences","prestataires de services logistiques","product line","Produktlinie","rebranding","reliability","service client","skills shortage","Stabilit\u00e4t","stabilit\u00e9","stability","support de flotte","sustainable growth","transport industry Fran\u00e7ais Mitsubishi Logisnext","Transportwirtschaft English Mitsubishi Logisnext","Umbenennung","Zuverl\u00e4ssigkeit"],"articleSection":["Am\u00e9ricas","Intralog\u00edstica","Pessoas e empresas"],"inLanguage":"pt-PT","potentialAction":[{"@type":"CommentAction","name":"Comment","target":["https:\/\/transportjournal.com\/pt-pt\/2026\/03\/13\/mitsubishi-logisnext-americas-sera-renomeada\/#respond"]}]},{"@type":"WebPage","@id":"https:\/\/transportjournal.com\/pt-pt\/2026\/03\/13\/mitsubishi-logisnext-americas-sera-renomeada\/","url":"https:\/\/transportjournal.com\/pt-pt\/2026\/03\/13\/mitsubishi-logisnext-americas-sera-renomeada\/","name":"Mitsubishi Logisnext Americas ser\u00e1 renomeada - ITJ | International Transport Journal","isPartOf":{"@id":"https:\/\/transportjournal.com\/pt-pt\/#website"},"primaryImageOfPage":{"@id":"https:\/\/transportjournal.com\/pt-pt\/2026\/03\/13\/mitsubishi-logisnext-americas-sera-renomeada\/#primaryimage"},"image":{"@id":"https:\/\/transportjournal.com\/pt-pt\/2026\/03\/13\/mitsubishi-logisnext-americas-sera-renomeada\/#primaryimage"},"thumbnailUrl":"https:\/\/transportjournal.com\/wp-content\/uploads\/sites\/2\/2026\/03\/Logisnext-hbj172-1050x350-1-aspect-ratio-1400-788.webp","datePublished":"2026-03-13T10:10:27+00:00","breadcrumb":{"@id":"https:\/\/transportjournal.com\/pt-pt\/2026\/03\/13\/mitsubishi-logisnext-americas-sera-renomeada\/#breadcrumb"},"inLanguage":"pt-PT","potentialAction":[{"@type":"ReadAction","target":["https:\/\/transportjournal.com\/pt-pt\/2026\/03\/13\/mitsubishi-logisnext-americas-sera-renomeada\/"]}]},{"@type":"ImageObject","inLanguage":"pt-PT","@id":"https:\/\/transportjournal.com\/pt-pt\/2026\/03\/13\/mitsubishi-logisnext-americas-sera-renomeada\/#primaryimage","url":"https:\/\/transportjournal.com\/wp-content\/uploads\/sites\/2\/2026\/03\/Logisnext-hbj172-1050x350-1-aspect-ratio-1400-788.webp","contentUrl":"https:\/\/transportjournal.com\/wp-content\/uploads\/sites\/2\/2026\/03\/Logisnext-hbj172-1050x350-1-aspect-ratio-1400-788.webp","width":705,"height":397},{"@type":"BreadcrumbList","@id":"https:\/\/transportjournal.com\/pt-pt\/2026\/03\/13\/mitsubishi-logisnext-americas-sera-renomeada\/#breadcrumb","itemListElement":[{"@type":"ListItem","position":1,"name":"Startseite","item":"https:\/\/transportjournal.com\/pt-pt\/"},{"@type":"ListItem","position":2,"name":"Mitsubishi Logisnext Americas ser\u00e1 renomeada"}]},{"@type":"WebSite","@id":"https:\/\/transportjournal.com\/pt-pt\/#website","url":"https:\/\/transportjournal.com\/pt-pt\/","name":"ITJ | International Transport Journal","description":"Stay informed with the latest global news from the transport, logistics, and supply chain industries. Transport Journal delivers expert insights, analysis, and updates across shipping, aviation, intermodal, and forwarding.","publisher":{"@id":"https:\/\/transportjournal.com\/pt-pt\/#organization"},"potentialAction":[{"@type":"SearchAction","target":{"@type":"EntryPoint","urlTemplate":"https:\/\/transportjournal.com\/pt-pt\/?s={search_term_string}"},"query-input":{"@type":"PropertyValueSpecification","valueRequired":true,"valueName":"search_term_string"}}],"inLanguage":"pt-PT"},{"@type":"Organization","@id":"https:\/\/transportjournal.com\/pt-pt\/#organization","name":"Logismedia Group AG","alternateName":"Logismedia Group AG","url":"https:\/\/transportjournal.com\/pt-pt\/","logo":{"@type":"ImageObject","inLanguage":"pt-PT","@id":"https:\/\/transportjournal.com\/pt-pt\/#\/schema\/logo\/image\/","url":"https:\/\/transportjournal.com\/wp-content\/uploads\/sites\/2\/2025\/09\/Logo_ITJ.png","contentUrl":"https:\/\/transportjournal.com\/wp-content\/uploads\/sites\/2\/2025\/09\/Logo_ITJ.png","width":799,"height":326,"caption":"Logismedia Group AG"},"image":{"@id":"https:\/\/transportjournal.com\/pt-pt\/#\/schema\/logo\/image\/"},"sameAs":["https:\/\/www.linkedin.com\/company\/56456496\/admin\/dashboard\/","https:\/\/www.instagram.com\/logismediagroup\/","https:\/\/www.youtube.com\/@LogiamediaGroupAG"]},{"@type":"Person","@id":"https:\/\/transportjournal.com\/pt-pt\/#\/schema\/person\/cf538b3157f15afd7589245a4b3dbd25","name":"Andreas Haug","url":"https:\/\/transportjournal.com\/pt-pt\/author\/andreas\/"}]}},"_links":{"self":[{"href":"https:\/\/transportjournal.com\/pt-pt\/wp-json\/wp\/v2\/posts\/80745","targetHints":{"allow":["GET"]}}],"collection":[{"href":"https:\/\/transportjournal.com\/pt-pt\/wp-json\/wp\/v2\/posts"}],"about":[{"href":"https:\/\/transportjournal.com\/pt-pt\/wp-json\/wp\/v2\/types\/post"}],"author":[{"embeddable":true,"href":"https:\/\/transportjournal.com\/pt-pt\/wp-json\/wp\/v2\/users\/12"}],"replies":[{"embeddable":true,"href":"https:\/\/transportjournal.com\/pt-pt\/wp-json\/wp\/v2\/comments?post=80745"}],"version-history":[{"count":0,"href":"https:\/\/transportjournal.com\/pt-pt\/wp-json\/wp\/v2\/posts\/80745\/revisions"}],"wp:featuredmedia":[{"embeddable":true,"href":"https:\/\/transportjournal.com\/pt-pt\/wp-json\/wp\/v2\/media\/80740"}],"wp:attachment":[{"href":"https:\/\/transportjournal.com\/pt-pt\/wp-json\/wp\/v2\/media?parent=80745"}],"wp:term":[{"taxonomy":"category","embeddable":true,"href":"https:\/\/transportjournal.com\/pt-pt\/wp-json\/wp\/v2\/categories?post=80745"},{"taxonomy":"post_tag","embeddable":true,"href":"https:\/\/transportjournal.com\/pt-pt\/wp-json\/wp\/v2\/tags?post=80745"}],"curies":[{"name":"wp","href":"https:\/\/api.w.org\/{rel}","templated":true}]}}