{"id":80698,"date":"2026-03-13T08:09:49","date_gmt":"2026-03-13T08:09:49","guid":{"rendered":"https:\/\/transportjournal.com\/2026\/03\/13\/fundador-da-amerijet-faleceu\/"},"modified":"2026-03-13T08:09:49","modified_gmt":"2026-03-13T08:09:49","slug":"fundador-da-amerijet-faleceu","status":"publish","type":"post","link":"https:\/\/transportjournal.com\/pt-pt\/2026\/03\/13\/fundador-da-amerijet-faleceu\/","title":{"rendered":"Fundador da Amerijet faleceu"},"content":{"rendered":"<p>David Bassett, o fundador da Amerijet International Airlines com sede em Miami, faleceu. Bassett, que criou a empresa em 1974, a liderou por mais de quatro d\u00e9cadas e a desenvolveu de uma pequena opera\u00e7\u00e3o de t\u00e1xi a\u00e9reo para uma importante companhia a\u00e9rea de carga internacional, que atende os mercados do Caribe, bem como da Am\u00e9rica Central e do Sul.<\/p>\n<p>Nos primeiros anos, Bassett n\u00e3o era apenas o fundador, mas tamb\u00e9m o piloto que pilotava os avi\u00f5es e constru\u00eda a empresa a cada voo. Com sua vis\u00e3o e persist\u00eancia, ele criou uma empresa que se tornou um nome confi\u00e1vel nos EUA e nas Am\u00e9ricas. Sua paix\u00e3o pela avia\u00e7\u00e3o come\u00e7ou ainda na juventude na Guiana, onde sua fam\u00edlia atuava como mission\u00e1ria. L\u00e1, ele aprendeu a voar e ajudou na repara\u00e7\u00e3o de avi\u00f5es em pistas remotas.<\/p>\n<p>Ap\u00f3s seu tempo na For\u00e7a A\u00e9rea dos EUA, Bassett retornou ao Sul da Fl\u00f3rida para perseguir suas ambi\u00e7\u00f5es empresariais na avia\u00e7\u00e3o. Na d\u00e9cada de 1970, quando a Amerijet foi fundada, a maior parte da carga ainda era transportada nos por\u00f5es de avi\u00f5es de passageiros. Bassett reconheceu precocemente a necessidade de um servi\u00e7o de carga confi\u00e1vel e fundou a Amerijet para atender a mercados regionais especializados.<\/p>\n<p>O que come\u00e7ou como Professional Charter Services rapidamente se desenvolveu sob a lideran\u00e7a de Bassett. Em 1976, a empresa se transformou em um fornecedor exclusivo de carga e apoiou o crescimento de servi\u00e7os de courier noturnos. No final da d\u00e9cada de 1970 e in\u00edcio da d\u00e9cada de 1980, a Amerijet expandiu suas opera\u00e7\u00f5es e come\u00e7ou a firmar contratos com grandes empresas de courier como Purolator, FedEx, UPS, DHL e Airborne Express.<\/p>\n<p>Em 1982, Bassett adquiriu o controle total da empresa, que continuou a expandir sua frota e capacidades log\u00edsticas. Em 1987, a sede foi estabelecida no Aeroporto Internacional de Miami, de onde a Amerijet construiu uma forte rede de carga que conecta o Caribe, M\u00e9xico, Am\u00e9rica Central e Am\u00e9rica do Sul.<\/p>\n<p>O estilo de lideran\u00e7a de Bassett era caracterizado por mentoria e cria\u00e7\u00e3o de oportunidades. Ele investiu em seus funcion\u00e1rios e promoveu seu desenvolvimento profissional. Muitos que ingressaram na Amerijet no in\u00edcio de suas carreiras conseguiram construir carreiras de longo prazo sob sua orienta\u00e7\u00e3o. Juntamente com sua esposa Kandee, ele criou uma cultura empresarial marcada pela lealdade, respeito e interesse genu\u00edno pelos funcion\u00e1rios.<\/p>\n<p>As contribui\u00e7\u00f5es de Bassett para a avia\u00e7\u00e3o foram reconhecidas v\u00e1rias vezes. Em 2013, ele recebeu o Wright Brothers Memorial Award por suas contribui\u00e7\u00f5es ao longo da vida para a seguran\u00e7a na avia\u00e7\u00e3o comercial. Anteriormente, em 2007, foi agraciado com o Juan Trippe Award, que reconheceu suas contribui\u00e7\u00f5es significativas para o desenvolvimento da avia\u00e7\u00e3o internacional.<\/p>\n<p>&nbsp;<\/p>\n<p><a href=\"https:\/\/amerijet.com\/\" target=\"_blank\" rel=\"noopener noreferrer\">www.amerijet.com<\/a><\/p>\n<p>&nbsp;<\/p>\n","protected":false},"excerpt":{"rendered":"<p>David Bassett, fundador da Amerijet International Airlines, faleceu e deixa um legado significativo na avia\u00e7\u00e3o.<\/p>\n","protected":false},"author":12,"featured_media":80693,"comment_status":"open","ping_status":"","sticky":false,"template":"","format":"standard","meta":{"_acf_changed":false,"footnotes":""},"categories":[1626,1615,1618],"tags":[6016,26648,11219,26649,4363,26650,23810,13850,9819,13851,4376,9822,26651,26652,26653,23812,1996,26654,9832,26655,26656,2125,26657,26658,26659,13865,26660,2131,2134,2136,26661,4387,26662,26663,26664,26665,6034,26666,23823,26667,26668,26669,11241,11243,2155,1837,26670,26671],"class_list":["post-80698","post","type-post","status-publish","format-standard","has-post-thumbnail","hentry","category-americas","category-pessoas-e-empresas","category-transporte-aereo-de-mercadorias","tag-aeroport-international-de-miami","tag-air-taxi-service","tag-amerique-du-sud","tag-aviation","tag-aviation-community","tag-aviation-pioneer","tag-berufliche-entwicklung","tag-caraibes","tag-cargo-airline","tag-caribbean","tag-communaute-aeronautique","tag-compagnie-aerienne-de-fret","tag-courier-services","tag-david-bassett","tag-deutsch-amerijet","tag-developpement-professionnel","tag-dhl","tag-fedex","tag-frachtfluggesellschaft","tag-frachtservice","tag-freight-service","tag-industrie-du-transport","tag-juan-trippe-award","tag-juan-trippe-award-english-amerijet","tag-juan-trippe-award-francais-amerijet","tag-karibik","tag-kurierdienste","tag-logistics","tag-logistik","tag-logistique","tag-luftfahrt","tag-luftfahrtgemeinschaft","tag-luftfahrtpionier","tag-lufttaxi-betrieb","tag-mentorat","tag-mentorship","tag-miami-international-airport","tag-pionnier-de-laviation","tag-professional-development","tag-service-de-fret","tag-service-de-taxi-aerien","tag-services-de-messagerie","tag-south-america","tag-suedamerika","tag-transport-industry","tag-transportwirtschaft","tag-ups","tag-wright-brothers-memorial-award"],"acf":[],"yoast_head":"<!-- This site is optimized with the Yoast SEO plugin v27.3 - https:\/\/yoast.com\/product\/yoast-seo-wordpress\/ -->\n<title>Fundador da Amerijet faleceu - ITJ | International Transport Journal<\/title>\n<meta name=\"robots\" content=\"index, follow, max-snippet:-1, max-image-preview:large, max-video-preview:-1\" \/>\n<link rel=\"canonical\" href=\"https:\/\/transportjournal.com\/pt-pt\/2026\/03\/13\/fundador-da-amerijet-faleceu\/\" \/>\n<meta property=\"og:locale\" content=\"pt_PT\" \/>\n<meta property=\"og:type\" content=\"article\" \/>\n<meta property=\"og:title\" content=\"Fundador da Amerijet faleceu - ITJ | International Transport Journal\" \/>\n<meta property=\"og:description\" content=\"David Bassett, fundador da Amerijet International Airlines, faleceu e deixa um legado significativo na avia\u00e7\u00e3o.\" \/>\n<meta property=\"og:url\" content=\"https:\/\/transportjournal.com\/pt-pt\/2026\/03\/13\/fundador-da-amerijet-faleceu\/\" \/>\n<meta property=\"og:site_name\" content=\"ITJ | International Transport Journal\" \/>\n<meta property=\"article:published_time\" content=\"2026-03-13T08:09:49+00:00\" \/>\n<meta property=\"og:image\" content=\"https:\/\/transportjournal.com\/wp-content\/uploads\/sites\/2\/2026\/03\/Amerijet-dave-aspect-ratio-1400-788.webp\" \/>\n\t<meta property=\"og:image:width\" content=\"889\" \/>\n\t<meta property=\"og:image:height\" content=\"500\" \/>\n\t<meta property=\"og:image:type\" content=\"image\/webp\" \/>\n<meta name=\"author\" content=\"Andreas Haug\" \/>\n<meta name=\"twitter:card\" content=\"summary_large_image\" \/>\n<meta name=\"twitter:label1\" content=\"Escrito por\" \/>\n\t<meta name=\"twitter:data1\" content=\"Andreas Haug\" \/>\n\t<meta name=\"twitter:label2\" content=\"Tempo estimado de leitura\" \/>\n\t<meta name=\"twitter:data2\" content=\"2 minutos\" \/>\n<script type=\"application\/ld+json\" class=\"yoast-schema-graph\">{\"@context\":\"https:\\\/\\\/schema.org\",\"@graph\":[{\"@type\":\"Article\",\"@id\":\"https:\\\/\\\/transportjournal.com\\\/pt-pt\\\/2026\\\/03\\\/13\\\/fundador-da-amerijet-faleceu\\\/#article\",\"isPartOf\":{\"@id\":\"https:\\\/\\\/transportjournal.com\\\/pt-pt\\\/2026\\\/03\\\/13\\\/fundador-da-amerijet-faleceu\\\/\"},\"author\":{\"name\":\"Andreas Haug\",\"@id\":\"https:\\\/\\\/transportjournal.com\\\/pt-pt\\\/#\\\/schema\\\/person\\\/cf538b3157f15afd7589245a4b3dbd25\"},\"headline\":\"Fundador da Amerijet faleceu\",\"datePublished\":\"2026-03-13T08:09:49+00:00\",\"mainEntityOfPage\":{\"@id\":\"https:\\\/\\\/transportjournal.com\\\/pt-pt\\\/2026\\\/03\\\/13\\\/fundador-da-amerijet-faleceu\\\/\"},\"wordCount\":494,\"commentCount\":0,\"publisher\":{\"@id\":\"https:\\\/\\\/transportjournal.com\\\/pt-pt\\\/#organization\"},\"image\":{\"@id\":\"https:\\\/\\\/transportjournal.com\\\/pt-pt\\\/2026\\\/03\\\/13\\\/fundador-da-amerijet-faleceu\\\/#primaryimage\"},\"thumbnailUrl\":\"https:\\\/\\\/transportjournal.com\\\/wp-content\\\/uploads\\\/sites\\\/2\\\/2026\\\/03\\\/Amerijet-dave-aspect-ratio-1400-788.webp\",\"keywords\":[\"a\u00e9roport international de Miami\",\"air taxi service\",\"Am\u00e9rique du Sud\",\"aviation\",\"aviation community\",\"aviation pioneer\",\"berufliche Entwicklung\",\"Cara\u00efbes\",\"cargo airline\",\"Caribbean\",\"communaut\u00e9 a\u00e9ronautique\",\"compagnie a\u00e9rienne de fret\",\"courier services\",\"David Bassett\",\"Deutsch Amerijet\",\"d\u00e9veloppement professionnel\",\"DHL\",\"FedEx\",\"Frachtfluggesellschaft\",\"Frachtservice\",\"freight service\",\"industrie du transport\",\"Juan Trippe Award\",\"Juan Trippe Award English Amerijet\",\"Juan Trippe Award Fran\u00e7ais Amerijet\",\"Karibik\",\"Kurierdienste\",\"logistics\",\"Logistik\",\"logistique\",\"Luftfahrt\",\"Luftfahrtgemeinschaft\",\"Luftfahrtpionier\",\"Lufttaxi-Betrieb\",\"mentorat\",\"Mentorship\",\"Miami International Airport\",\"pionnier de l'aviation\",\"professional development\",\"service de fret\",\"service de taxi a\u00e9rien\",\"services de messagerie\",\"South America\",\"S\u00fcdamerika\",\"transport industry\",\"Transportwirtschaft\",\"UPS\",\"Wright Brothers Memorial Award\"],\"articleSection\":[\"Am\u00e9ricas\",\"Pessoas e empresas\",\"Transporte a\u00e9reo de mercadorias\"],\"inLanguage\":\"pt-PT\",\"potentialAction\":[{\"@type\":\"CommentAction\",\"name\":\"Comment\",\"target\":[\"https:\\\/\\\/transportjournal.com\\\/pt-pt\\\/2026\\\/03\\\/13\\\/fundador-da-amerijet-faleceu\\\/#respond\"]}]},{\"@type\":\"WebPage\",\"@id\":\"https:\\\/\\\/transportjournal.com\\\/pt-pt\\\/2026\\\/03\\\/13\\\/fundador-da-amerijet-faleceu\\\/\",\"url\":\"https:\\\/\\\/transportjournal.com\\\/pt-pt\\\/2026\\\/03\\\/13\\\/fundador-da-amerijet-faleceu\\\/\",\"name\":\"Fundador da Amerijet faleceu - ITJ | International Transport Journal\",\"isPartOf\":{\"@id\":\"https:\\\/\\\/transportjournal.com\\\/pt-pt\\\/#website\"},\"primaryImageOfPage\":{\"@id\":\"https:\\\/\\\/transportjournal.com\\\/pt-pt\\\/2026\\\/03\\\/13\\\/fundador-da-amerijet-faleceu\\\/#primaryimage\"},\"image\":{\"@id\":\"https:\\\/\\\/transportjournal.com\\\/pt-pt\\\/2026\\\/03\\\/13\\\/fundador-da-amerijet-faleceu\\\/#primaryimage\"},\"thumbnailUrl\":\"https:\\\/\\\/transportjournal.com\\\/wp-content\\\/uploads\\\/sites\\\/2\\\/2026\\\/03\\\/Amerijet-dave-aspect-ratio-1400-788.webp\",\"datePublished\":\"2026-03-13T08:09:49+00:00\",\"breadcrumb\":{\"@id\":\"https:\\\/\\\/transportjournal.com\\\/pt-pt\\\/2026\\\/03\\\/13\\\/fundador-da-amerijet-faleceu\\\/#breadcrumb\"},\"inLanguage\":\"pt-PT\",\"potentialAction\":[{\"@type\":\"ReadAction\",\"target\":[\"https:\\\/\\\/transportjournal.com\\\/pt-pt\\\/2026\\\/03\\\/13\\\/fundador-da-amerijet-faleceu\\\/\"]}]},{\"@type\":\"ImageObject\",\"inLanguage\":\"pt-PT\",\"@id\":\"https:\\\/\\\/transportjournal.com\\\/pt-pt\\\/2026\\\/03\\\/13\\\/fundador-da-amerijet-faleceu\\\/#primaryimage\",\"url\":\"https:\\\/\\\/transportjournal.com\\\/wp-content\\\/uploads\\\/sites\\\/2\\\/2026\\\/03\\\/Amerijet-dave-aspect-ratio-1400-788.webp\",\"contentUrl\":\"https:\\\/\\\/transportjournal.com\\\/wp-content\\\/uploads\\\/sites\\\/2\\\/2026\\\/03\\\/Amerijet-dave-aspect-ratio-1400-788.webp\",\"width\":889,\"height\":500},{\"@type\":\"BreadcrumbList\",\"@id\":\"https:\\\/\\\/transportjournal.com\\\/pt-pt\\\/2026\\\/03\\\/13\\\/fundador-da-amerijet-faleceu\\\/#breadcrumb\",\"itemListElement\":[{\"@type\":\"ListItem\",\"position\":1,\"name\":\"Startseite\",\"item\":\"https:\\\/\\\/transportjournal.com\\\/pt-pt\\\/\"},{\"@type\":\"ListItem\",\"position\":2,\"name\":\"Fundador da Amerijet faleceu\"}]},{\"@type\":\"WebSite\",\"@id\":\"https:\\\/\\\/transportjournal.com\\\/pt-pt\\\/#website\",\"url\":\"https:\\\/\\\/transportjournal.com\\\/pt-pt\\\/\",\"name\":\"ITJ | International Transport Journal\",\"description\":\"Stay informed with the latest global news from the transport, logistics, and supply chain industries. Transport Journal delivers expert insights, analysis, and updates across shipping, aviation, intermodal, and forwarding.\",\"publisher\":{\"@id\":\"https:\\\/\\\/transportjournal.com\\\/pt-pt\\\/#organization\"},\"potentialAction\":[{\"@type\":\"SearchAction\",\"target\":{\"@type\":\"EntryPoint\",\"urlTemplate\":\"https:\\\/\\\/transportjournal.com\\\/pt-pt\\\/?s={search_term_string}\"},\"query-input\":{\"@type\":\"PropertyValueSpecification\",\"valueRequired\":true,\"valueName\":\"search_term_string\"}}],\"inLanguage\":\"pt-PT\"},{\"@type\":\"Organization\",\"@id\":\"https:\\\/\\\/transportjournal.com\\\/pt-pt\\\/#organization\",\"name\":\"Logismedia Group AG\",\"alternateName\":\"Logismedia Group AG\",\"url\":\"https:\\\/\\\/transportjournal.com\\\/pt-pt\\\/\",\"logo\":{\"@type\":\"ImageObject\",\"inLanguage\":\"pt-PT\",\"@id\":\"https:\\\/\\\/transportjournal.com\\\/pt-pt\\\/#\\\/schema\\\/logo\\\/image\\\/\",\"url\":\"https:\\\/\\\/transportjournal.com\\\/wp-content\\\/uploads\\\/sites\\\/2\\\/2025\\\/09\\\/Logo_ITJ.png\",\"contentUrl\":\"https:\\\/\\\/transportjournal.com\\\/wp-content\\\/uploads\\\/sites\\\/2\\\/2025\\\/09\\\/Logo_ITJ.png\",\"width\":799,\"height\":326,\"caption\":\"Logismedia Group AG\"},\"image\":{\"@id\":\"https:\\\/\\\/transportjournal.com\\\/pt-pt\\\/#\\\/schema\\\/logo\\\/image\\\/\"},\"sameAs\":[\"https:\\\/\\\/www.linkedin.com\\\/company\\\/56456496\\\/admin\\\/dashboard\\\/\",\"https:\\\/\\\/www.instagram.com\\\/logismediagroup\\\/\",\"https:\\\/\\\/www.youtube.com\\\/@LogiamediaGroupAG\"]},{\"@type\":\"Person\",\"@id\":\"https:\\\/\\\/transportjournal.com\\\/pt-pt\\\/#\\\/schema\\\/person\\\/cf538b3157f15afd7589245a4b3dbd25\",\"name\":\"Andreas Haug\",\"url\":\"https:\\\/\\\/transportjournal.com\\\/pt-pt\\\/author\\\/andreas\\\/\"}]}<\/script>\n<!-- \/ Yoast SEO plugin. -->","yoast_head_json":{"title":"Fundador da Amerijet faleceu - ITJ | International Transport Journal","robots":{"index":"index","follow":"follow","max-snippet":"max-snippet:-1","max-image-preview":"max-image-preview:large","max-video-preview":"max-video-preview:-1"},"canonical":"https:\/\/transportjournal.com\/pt-pt\/2026\/03\/13\/fundador-da-amerijet-faleceu\/","og_locale":"pt_PT","og_type":"article","og_title":"Fundador da Amerijet faleceu - ITJ | International Transport Journal","og_description":"David Bassett, fundador da Amerijet International Airlines, faleceu e deixa um legado significativo na avia\u00e7\u00e3o.","og_url":"https:\/\/transportjournal.com\/pt-pt\/2026\/03\/13\/fundador-da-amerijet-faleceu\/","og_site_name":"ITJ | International Transport Journal","article_published_time":"2026-03-13T08:09:49+00:00","og_image":[{"width":889,"height":500,"url":"https:\/\/transportjournal.com\/wp-content\/uploads\/sites\/2\/2026\/03\/Amerijet-dave-aspect-ratio-1400-788.webp","type":"image\/webp"}],"author":"Andreas Haug","twitter_card":"summary_large_image","twitter_misc":{"Escrito por":"Andreas Haug","Tempo estimado de leitura":"2 minutos"},"schema":{"@context":"https:\/\/schema.org","@graph":[{"@type":"Article","@id":"https:\/\/transportjournal.com\/pt-pt\/2026\/03\/13\/fundador-da-amerijet-faleceu\/#article","isPartOf":{"@id":"https:\/\/transportjournal.com\/pt-pt\/2026\/03\/13\/fundador-da-amerijet-faleceu\/"},"author":{"name":"Andreas Haug","@id":"https:\/\/transportjournal.com\/pt-pt\/#\/schema\/person\/cf538b3157f15afd7589245a4b3dbd25"},"headline":"Fundador da Amerijet faleceu","datePublished":"2026-03-13T08:09:49+00:00","mainEntityOfPage":{"@id":"https:\/\/transportjournal.com\/pt-pt\/2026\/03\/13\/fundador-da-amerijet-faleceu\/"},"wordCount":494,"commentCount":0,"publisher":{"@id":"https:\/\/transportjournal.com\/pt-pt\/#organization"},"image":{"@id":"https:\/\/transportjournal.com\/pt-pt\/2026\/03\/13\/fundador-da-amerijet-faleceu\/#primaryimage"},"thumbnailUrl":"https:\/\/transportjournal.com\/wp-content\/uploads\/sites\/2\/2026\/03\/Amerijet-dave-aspect-ratio-1400-788.webp","keywords":["a\u00e9roport international de Miami","air taxi service","Am\u00e9rique du Sud","aviation","aviation community","aviation pioneer","berufliche Entwicklung","Cara\u00efbes","cargo airline","Caribbean","communaut\u00e9 a\u00e9ronautique","compagnie a\u00e9rienne de fret","courier services","David Bassett","Deutsch Amerijet","d\u00e9veloppement professionnel","DHL","FedEx","Frachtfluggesellschaft","Frachtservice","freight service","industrie du transport","Juan Trippe Award","Juan Trippe Award English Amerijet","Juan Trippe Award Fran\u00e7ais Amerijet","Karibik","Kurierdienste","logistics","Logistik","logistique","Luftfahrt","Luftfahrtgemeinschaft","Luftfahrtpionier","Lufttaxi-Betrieb","mentorat","Mentorship","Miami International Airport","pionnier de l'aviation","professional development","service de fret","service de taxi a\u00e9rien","services de messagerie","South America","S\u00fcdamerika","transport industry","Transportwirtschaft","UPS","Wright Brothers Memorial Award"],"articleSection":["Am\u00e9ricas","Pessoas e empresas","Transporte a\u00e9reo de mercadorias"],"inLanguage":"pt-PT","potentialAction":[{"@type":"CommentAction","name":"Comment","target":["https:\/\/transportjournal.com\/pt-pt\/2026\/03\/13\/fundador-da-amerijet-faleceu\/#respond"]}]},{"@type":"WebPage","@id":"https:\/\/transportjournal.com\/pt-pt\/2026\/03\/13\/fundador-da-amerijet-faleceu\/","url":"https:\/\/transportjournal.com\/pt-pt\/2026\/03\/13\/fundador-da-amerijet-faleceu\/","name":"Fundador da Amerijet faleceu - ITJ | International Transport Journal","isPartOf":{"@id":"https:\/\/transportjournal.com\/pt-pt\/#website"},"primaryImageOfPage":{"@id":"https:\/\/transportjournal.com\/pt-pt\/2026\/03\/13\/fundador-da-amerijet-faleceu\/#primaryimage"},"image":{"@id":"https:\/\/transportjournal.com\/pt-pt\/2026\/03\/13\/fundador-da-amerijet-faleceu\/#primaryimage"},"thumbnailUrl":"https:\/\/transportjournal.com\/wp-content\/uploads\/sites\/2\/2026\/03\/Amerijet-dave-aspect-ratio-1400-788.webp","datePublished":"2026-03-13T08:09:49+00:00","breadcrumb":{"@id":"https:\/\/transportjournal.com\/pt-pt\/2026\/03\/13\/fundador-da-amerijet-faleceu\/#breadcrumb"},"inLanguage":"pt-PT","potentialAction":[{"@type":"ReadAction","target":["https:\/\/transportjournal.com\/pt-pt\/2026\/03\/13\/fundador-da-amerijet-faleceu\/"]}]},{"@type":"ImageObject","inLanguage":"pt-PT","@id":"https:\/\/transportjournal.com\/pt-pt\/2026\/03\/13\/fundador-da-amerijet-faleceu\/#primaryimage","url":"https:\/\/transportjournal.com\/wp-content\/uploads\/sites\/2\/2026\/03\/Amerijet-dave-aspect-ratio-1400-788.webp","contentUrl":"https:\/\/transportjournal.com\/wp-content\/uploads\/sites\/2\/2026\/03\/Amerijet-dave-aspect-ratio-1400-788.webp","width":889,"height":500},{"@type":"BreadcrumbList","@id":"https:\/\/transportjournal.com\/pt-pt\/2026\/03\/13\/fundador-da-amerijet-faleceu\/#breadcrumb","itemListElement":[{"@type":"ListItem","position":1,"name":"Startseite","item":"https:\/\/transportjournal.com\/pt-pt\/"},{"@type":"ListItem","position":2,"name":"Fundador da Amerijet faleceu"}]},{"@type":"WebSite","@id":"https:\/\/transportjournal.com\/pt-pt\/#website","url":"https:\/\/transportjournal.com\/pt-pt\/","name":"ITJ | International Transport Journal","description":"Stay informed with the latest global news from the transport, logistics, and supply chain industries. Transport Journal delivers expert insights, analysis, and updates across shipping, aviation, intermodal, and forwarding.","publisher":{"@id":"https:\/\/transportjournal.com\/pt-pt\/#organization"},"potentialAction":[{"@type":"SearchAction","target":{"@type":"EntryPoint","urlTemplate":"https:\/\/transportjournal.com\/pt-pt\/?s={search_term_string}"},"query-input":{"@type":"PropertyValueSpecification","valueRequired":true,"valueName":"search_term_string"}}],"inLanguage":"pt-PT"},{"@type":"Organization","@id":"https:\/\/transportjournal.com\/pt-pt\/#organization","name":"Logismedia Group AG","alternateName":"Logismedia Group AG","url":"https:\/\/transportjournal.com\/pt-pt\/","logo":{"@type":"ImageObject","inLanguage":"pt-PT","@id":"https:\/\/transportjournal.com\/pt-pt\/#\/schema\/logo\/image\/","url":"https:\/\/transportjournal.com\/wp-content\/uploads\/sites\/2\/2025\/09\/Logo_ITJ.png","contentUrl":"https:\/\/transportjournal.com\/wp-content\/uploads\/sites\/2\/2025\/09\/Logo_ITJ.png","width":799,"height":326,"caption":"Logismedia Group AG"},"image":{"@id":"https:\/\/transportjournal.com\/pt-pt\/#\/schema\/logo\/image\/"},"sameAs":["https:\/\/www.linkedin.com\/company\/56456496\/admin\/dashboard\/","https:\/\/www.instagram.com\/logismediagroup\/","https:\/\/www.youtube.com\/@LogiamediaGroupAG"]},{"@type":"Person","@id":"https:\/\/transportjournal.com\/pt-pt\/#\/schema\/person\/cf538b3157f15afd7589245a4b3dbd25","name":"Andreas Haug","url":"https:\/\/transportjournal.com\/pt-pt\/author\/andreas\/"}]}},"_links":{"self":[{"href":"https:\/\/transportjournal.com\/pt-pt\/wp-json\/wp\/v2\/posts\/80698","targetHints":{"allow":["GET"]}}],"collection":[{"href":"https:\/\/transportjournal.com\/pt-pt\/wp-json\/wp\/v2\/posts"}],"about":[{"href":"https:\/\/transportjournal.com\/pt-pt\/wp-json\/wp\/v2\/types\/post"}],"author":[{"embeddable":true,"href":"https:\/\/transportjournal.com\/pt-pt\/wp-json\/wp\/v2\/users\/12"}],"replies":[{"embeddable":true,"href":"https:\/\/transportjournal.com\/pt-pt\/wp-json\/wp\/v2\/comments?post=80698"}],"version-history":[{"count":0,"href":"https:\/\/transportjournal.com\/pt-pt\/wp-json\/wp\/v2\/posts\/80698\/revisions"}],"wp:featuredmedia":[{"embeddable":true,"href":"https:\/\/transportjournal.com\/pt-pt\/wp-json\/wp\/v2\/media\/80693"}],"wp:attachment":[{"href":"https:\/\/transportjournal.com\/pt-pt\/wp-json\/wp\/v2\/media?parent=80698"}],"wp:term":[{"taxonomy":"category","embeddable":true,"href":"https:\/\/transportjournal.com\/pt-pt\/wp-json\/wp\/v2\/categories?post=80698"},{"taxonomy":"post_tag","embeddable":true,"href":"https:\/\/transportjournal.com\/pt-pt\/wp-json\/wp\/v2\/tags?post=80698"}],"curies":[{"name":"wp","href":"https:\/\/api.w.org\/{rel}","templated":true}]}}