{"id":80682,"date":"2026-03-13T07:57:08","date_gmt":"2026-03-13T07:57:08","guid":{"rendered":"https:\/\/transportjournal.com\/2026\/03\/13\/efw-adapta-a330-para-apal\/"},"modified":"2026-03-13T11:05:34","modified_gmt":"2026-03-13T10:05:34","slug":"efw-adapta-a330-para-apal","status":"publish","type":"post","link":"https:\/\/transportjournal.com\/pt-pt\/2026\/03\/13\/efw-adapta-a330-para-apal\/","title":{"rendered":"EFW adapta A330 para APAL"},"content":{"rendered":"<p>As Elbe Flugzeugwerke (EFW) assinaram um contrato com o Asia Pacific Aviation Leasing Group (APAL) de Hong Kong para converter um Airbus A330-300 de avi\u00e3o de passageiros para cargueiro. A convers\u00e3o da aeronave ocorrer\u00e1 no segundo trimestre de 2026 em um dos locais de convers\u00e3o dentro da rede EFW. O planejamento t\u00e9cnico e a certifica\u00e7\u00e3o do projeto ser\u00e3o realizados na sede em Dresden.<\/p>\n<h3>Colabora\u00e7\u00e3o para a moderniza\u00e7\u00e3o da frota<\/h3>\n<p>Hong Wei Zhao, CEO da APAL, comentou positivamente sobre a colabora\u00e7\u00e3o com a EFW e destacou a import\u00e2ncia da expertise da empresa na convers\u00e3o de avi\u00f5es cargueiros. Esta parceria \u00e9 crucial para a moderniza\u00e7\u00e3o da frota da APAL e para atender \u00e0s crescentes demandas do mercado de carga chin\u00eas. Zhao afirmou que a empresa planeja investir recursos adicionais nesse mercado para oferecer solu\u00e7\u00f5es inovadoras de carga aos seus clientes.<\/p>\n<p>Jordi Boto, CEO da EFW, ressaltou o papel do Airbus A330P2F no segmento de avi\u00f5es cargueiros de m\u00e9dio porte e enfatizou o apoio da APAL na constru\u00e7\u00e3o de sua frota de carga com essa solu\u00e7\u00e3o.<\/p>\n<p>A EFW, uma joint venture da ST Engineering e da Airbus, especializou-se na convers\u00e3o de avi\u00f5es de passageiros em cargueiros e possui mais de 20 anos de experi\u00eancia nesse campo. A empresa emprega cerca de 2.000 colaboradores e tem mais de 40 clientes de convers\u00e3o em todo o mundo, incluindo importantes transportadoras expressas, bem como empresas de carga e log\u00edstica combinada.<\/p>\n<p>&nbsp;<\/p>\n<p><a href=\"http:\/\/www.apalg.com\/\" target=\"_blank\" rel=\"noopener noreferrer\">www.apalg.com<\/a><\/p>\n<p>&nbsp;<\/p>\n<p><a href=\"https:\/\/www.elbeflugzeugwerke.com\/\" target=\"_blank\" rel=\"noopener noreferrer\">www.elbeflugzeugwerke.com<\/a><\/p>\n<p>&nbsp;<\/p>\n","protected":false},"excerpt":{"rendered":"<p>A Elbe Flugzeugwerke assinou um contrato para a adapta\u00e7\u00e3o de um Airbus A330-300 com o Asia Pacific Aviation Leasing Group, a fim de atender ao mercado de carga.<\/p>\n","protected":false},"author":12,"featured_media":80677,"comment_status":"open","ping_status":"","sticky":false,"template":"","format":"standard","meta":{"_acf_changed":false,"footnotes":""},"categories":[1622,9092,1623,1618],"tags":[2252,26585,26586,26587,4373,3398,3402,9821,26588,26589,26590,26591,26592,16016,16017,26593,26594,26595,8938,2419,9827,2421,9831,3417,4286,7924,4289,26596,26597,26598,2277,2125,26599,26600,26601,4392,2634,26602,3427,6417,9575,26603,26604,8586,4304,26605,26606,26607,2448,2155,1837,26608,6423,26609],"class_list":["post-80682","post","type-post","status-publish","format-standard","has-post-thumbnail","hentry","category-asia-pacifico","category-deutschland","category-europa","category-transporte-aereo-de-mercadorias","tag-air-freight-industry","tag-airbus-a330p2f","tag-aircraft-modification-certification","tag-apal","tag-aviation-technology","tag-avion-cargo","tag-cargo-aircraft","tag-cargo-fleet","tag-certification-de-modification-davion","tag-chinese-cargo-market","tag-coentreprise-st-engineering","tag-conversion-passager-en-fret","tag-deutsch-airbus-a330","tag-dresde","tag-dresden","tag-efw","tag-efw-modification-sites","tag-efw-technical-planning","tag-fachkraeftemangel-luftfahrt","tag-fleet-modernization","tag-flotte-de-fret","tag-flottenmodernisierung","tag-frachtflotte","tag-frachtflugzeug","tag-frachtloesungen","tag-frachtmarkt-china","tag-freight-solutions","tag-hong-kong","tag-hong-kong-francais-airbus-a330","tag-hongkong-english-airbus-a330","tag-industrie-du-fret-aerien","tag-industrie-du-transport","tag-innovative-frachtloesungen","tag-innovative-freight-solutions","tag-joint-venture-st-engineering","tag-luftfahrttechnik","tag-luftfrachtindustrie","tag-marche-du-fret-chinois","tag-modernisation-de-flotte","tag-passenger-to-freighter-conversion","tag-penurie-de-main-doeuvre-aeronautique","tag-planification-technique-efw","tag-sites-de-modification-efw","tag-skilled-labor-shortage-aviation","tag-solutions-de-fret","tag-solutions-de-fret-innovantes","tag-st-engineering-joint-venture","tag-technische-planung-efw","tag-technologie-aeronautique","tag-transport-industry","tag-transportwirtschaft","tag-umrueststandorte-efw","tag-umruestung-passagierflugzeug","tag-zertifizierung-flugzeugumbau"],"acf":[],"yoast_head":"<!-- This site is optimized with the Yoast SEO plugin v27.3 - https:\/\/yoast.com\/product\/yoast-seo-wordpress\/ -->\n<title>EFW adapta A330 para APAL - ITJ | International Transport Journal<\/title>\n<meta name=\"robots\" content=\"index, follow, max-snippet:-1, max-image-preview:large, max-video-preview:-1\" \/>\n<link rel=\"canonical\" href=\"https:\/\/transportjournal.com\/pt-pt\/2026\/03\/13\/efw-adapta-a330-para-apal\/\" \/>\n<meta property=\"og:locale\" content=\"pt_PT\" \/>\n<meta property=\"og:type\" content=\"article\" \/>\n<meta property=\"og:title\" content=\"EFW adapta A330 para APAL - ITJ | International Transport Journal\" \/>\n<meta property=\"og:description\" content=\"A Elbe Flugzeugwerke assinou um contrato para a adapta\u00e7\u00e3o de um Airbus A330-300 com o Asia Pacific Aviation Leasing Group, a fim de atender ao mercado de carga.\" \/>\n<meta property=\"og:url\" content=\"https:\/\/transportjournal.com\/pt-pt\/2026\/03\/13\/efw-adapta-a330-para-apal\/\" \/>\n<meta property=\"og:site_name\" content=\"ITJ | International Transport Journal\" \/>\n<meta property=\"article:published_time\" content=\"2026-03-13T07:57:08+00:00\" \/>\n<meta property=\"article:modified_time\" content=\"2026-03-13T10:05:34+00:00\" \/>\n<meta property=\"og:image\" content=\"https:\/\/transportjournal.com\/wp-content\/uploads\/sites\/2\/2026\/03\/APAL-banner1-aspect-ratio-1400-788.jpg\" \/>\n\t<meta property=\"og:image:width\" content=\"959\" \/>\n\t<meta property=\"og:image:height\" content=\"540\" \/>\n\t<meta property=\"og:image:type\" content=\"image\/jpeg\" \/>\n<meta name=\"author\" content=\"Andreas Haug\" \/>\n<meta name=\"twitter:card\" content=\"summary_large_image\" \/>\n<meta name=\"twitter:label1\" content=\"Escrito por\" \/>\n\t<meta name=\"twitter:data1\" content=\"Andreas Haug\" \/>\n\t<meta name=\"twitter:label2\" content=\"Tempo estimado de leitura\" \/>\n\t<meta name=\"twitter:data2\" content=\"1 minuto\" \/>\n<script type=\"application\/ld+json\" class=\"yoast-schema-graph\">{\"@context\":\"https:\\\/\\\/schema.org\",\"@graph\":[{\"@type\":\"Article\",\"@id\":\"https:\\\/\\\/transportjournal.com\\\/pt-pt\\\/2026\\\/03\\\/13\\\/efw-adapta-a330-para-apal\\\/#article\",\"isPartOf\":{\"@id\":\"https:\\\/\\\/transportjournal.com\\\/pt-pt\\\/2026\\\/03\\\/13\\\/efw-adapta-a330-para-apal\\\/\"},\"author\":{\"name\":\"Andreas Haug\",\"@id\":\"https:\\\/\\\/transportjournal.com\\\/pt-pt\\\/#\\\/schema\\\/person\\\/cf538b3157f15afd7589245a4b3dbd25\"},\"headline\":\"EFW adapta A330 para APAL\",\"datePublished\":\"2026-03-13T07:57:08+00:00\",\"dateModified\":\"2026-03-13T10:05:34+00:00\",\"mainEntityOfPage\":{\"@id\":\"https:\\\/\\\/transportjournal.com\\\/pt-pt\\\/2026\\\/03\\\/13\\\/efw-adapta-a330-para-apal\\\/\"},\"wordCount\":270,\"commentCount\":0,\"publisher\":{\"@id\":\"https:\\\/\\\/transportjournal.com\\\/pt-pt\\\/#organization\"},\"image\":{\"@id\":\"https:\\\/\\\/transportjournal.com\\\/pt-pt\\\/2026\\\/03\\\/13\\\/efw-adapta-a330-para-apal\\\/#primaryimage\"},\"thumbnailUrl\":\"https:\\\/\\\/transportjournal.com\\\/wp-content\\\/uploads\\\/sites\\\/2\\\/2026\\\/03\\\/APAL-banner1-aspect-ratio-1400-788.jpg\",\"keywords\":[\"air freight industry\",\"Airbus A330P2F\",\"aircraft modification certification\",\"APAL\",\"aviation technology\",\"avion cargo\",\"cargo aircraft\",\"cargo fleet\",\"certification de modification d'avion\",\"Chinese cargo market\",\"coentreprise ST Engineering\",\"conversion passager en fret\",\"Deutsch Airbus A330\",\"Dresde\",\"Dresden\",\"EFW\",\"EFW modification sites\",\"EFW technical planning\",\"Fachkr\u00e4ftemangel Luftfahrt\",\"fleet modernization\",\"flotte de fret\",\"Flottenmodernisierung\",\"Frachtflotte\",\"Frachtflugzeug\",\"Frachtl\u00f6sungen\",\"Frachtmarkt China\",\"freight solutions\",\"Hong Kong\",\"Hong Kong Fran\u00e7ais Airbus A330\",\"Hongkong English Airbus A330\",\"industrie du fret a\u00e9rien\",\"industrie du transport\",\"innovative Frachtl\u00f6sungen\",\"innovative freight solutions\",\"Joint Venture ST Engineering\",\"Luftfahrttechnik\",\"Luftfrachtindustrie\",\"march\u00e9 du fret chinois\",\"modernisation de flotte\",\"passenger-to-freighter conversion\",\"p\u00e9nurie de main-d'\u0153uvre a\u00e9ronautique\",\"planification technique EFW\",\"sites de modification EFW\",\"skilled labor shortage aviation\",\"solutions de fret\",\"solutions de fret innovantes\",\"ST Engineering joint venture\",\"technische Planung EFW\",\"technologie a\u00e9ronautique\",\"transport industry\",\"Transportwirtschaft\",\"Umr\u00fcststandorte EFW\",\"Umr\u00fcstung Passagierflugzeug\",\"Zertifizierung Flugzeugumbau\"],\"articleSection\":[\"\u00c1sia\\\/Pac\u00edfico\",\"Deutschland\",\"Europa\",\"Transporte a\u00e9reo de mercadorias\"],\"inLanguage\":\"pt-PT\",\"potentialAction\":[{\"@type\":\"CommentAction\",\"name\":\"Comment\",\"target\":[\"https:\\\/\\\/transportjournal.com\\\/pt-pt\\\/2026\\\/03\\\/13\\\/efw-adapta-a330-para-apal\\\/#respond\"]}]},{\"@type\":\"WebPage\",\"@id\":\"https:\\\/\\\/transportjournal.com\\\/pt-pt\\\/2026\\\/03\\\/13\\\/efw-adapta-a330-para-apal\\\/\",\"url\":\"https:\\\/\\\/transportjournal.com\\\/pt-pt\\\/2026\\\/03\\\/13\\\/efw-adapta-a330-para-apal\\\/\",\"name\":\"EFW adapta A330 para APAL - ITJ | International Transport Journal\",\"isPartOf\":{\"@id\":\"https:\\\/\\\/transportjournal.com\\\/pt-pt\\\/#website\"},\"primaryImageOfPage\":{\"@id\":\"https:\\\/\\\/transportjournal.com\\\/pt-pt\\\/2026\\\/03\\\/13\\\/efw-adapta-a330-para-apal\\\/#primaryimage\"},\"image\":{\"@id\":\"https:\\\/\\\/transportjournal.com\\\/pt-pt\\\/2026\\\/03\\\/13\\\/efw-adapta-a330-para-apal\\\/#primaryimage\"},\"thumbnailUrl\":\"https:\\\/\\\/transportjournal.com\\\/wp-content\\\/uploads\\\/sites\\\/2\\\/2026\\\/03\\\/APAL-banner1-aspect-ratio-1400-788.jpg\",\"datePublished\":\"2026-03-13T07:57:08+00:00\",\"dateModified\":\"2026-03-13T10:05:34+00:00\",\"breadcrumb\":{\"@id\":\"https:\\\/\\\/transportjournal.com\\\/pt-pt\\\/2026\\\/03\\\/13\\\/efw-adapta-a330-para-apal\\\/#breadcrumb\"},\"inLanguage\":\"pt-PT\",\"potentialAction\":[{\"@type\":\"ReadAction\",\"target\":[\"https:\\\/\\\/transportjournal.com\\\/pt-pt\\\/2026\\\/03\\\/13\\\/efw-adapta-a330-para-apal\\\/\"]}]},{\"@type\":\"ImageObject\",\"inLanguage\":\"pt-PT\",\"@id\":\"https:\\\/\\\/transportjournal.com\\\/pt-pt\\\/2026\\\/03\\\/13\\\/efw-adapta-a330-para-apal\\\/#primaryimage\",\"url\":\"https:\\\/\\\/transportjournal.com\\\/wp-content\\\/uploads\\\/sites\\\/2\\\/2026\\\/03\\\/APAL-banner1-aspect-ratio-1400-788.jpg\",\"contentUrl\":\"https:\\\/\\\/transportjournal.com\\\/wp-content\\\/uploads\\\/sites\\\/2\\\/2026\\\/03\\\/APAL-banner1-aspect-ratio-1400-788.jpg\",\"width\":959,\"height\":540},{\"@type\":\"BreadcrumbList\",\"@id\":\"https:\\\/\\\/transportjournal.com\\\/pt-pt\\\/2026\\\/03\\\/13\\\/efw-adapta-a330-para-apal\\\/#breadcrumb\",\"itemListElement\":[{\"@type\":\"ListItem\",\"position\":1,\"name\":\"Startseite\",\"item\":\"https:\\\/\\\/transportjournal.com\\\/pt-pt\\\/\"},{\"@type\":\"ListItem\",\"position\":2,\"name\":\"EFW adapta A330 para APAL\"}]},{\"@type\":\"WebSite\",\"@id\":\"https:\\\/\\\/transportjournal.com\\\/pt-pt\\\/#website\",\"url\":\"https:\\\/\\\/transportjournal.com\\\/pt-pt\\\/\",\"name\":\"ITJ | International Transport Journal\",\"description\":\"Stay informed with the latest global news from the transport, logistics, and supply chain industries. Transport Journal delivers expert insights, analysis, and updates across shipping, aviation, intermodal, and forwarding.\",\"publisher\":{\"@id\":\"https:\\\/\\\/transportjournal.com\\\/pt-pt\\\/#organization\"},\"potentialAction\":[{\"@type\":\"SearchAction\",\"target\":{\"@type\":\"EntryPoint\",\"urlTemplate\":\"https:\\\/\\\/transportjournal.com\\\/pt-pt\\\/?s={search_term_string}\"},\"query-input\":{\"@type\":\"PropertyValueSpecification\",\"valueRequired\":true,\"valueName\":\"search_term_string\"}}],\"inLanguage\":\"pt-PT\"},{\"@type\":\"Organization\",\"@id\":\"https:\\\/\\\/transportjournal.com\\\/pt-pt\\\/#organization\",\"name\":\"Logismedia Group AG\",\"alternateName\":\"Logismedia Group AG\",\"url\":\"https:\\\/\\\/transportjournal.com\\\/pt-pt\\\/\",\"logo\":{\"@type\":\"ImageObject\",\"inLanguage\":\"pt-PT\",\"@id\":\"https:\\\/\\\/transportjournal.com\\\/pt-pt\\\/#\\\/schema\\\/logo\\\/image\\\/\",\"url\":\"https:\\\/\\\/transportjournal.com\\\/wp-content\\\/uploads\\\/sites\\\/2\\\/2025\\\/09\\\/Logo_ITJ.png\",\"contentUrl\":\"https:\\\/\\\/transportjournal.com\\\/wp-content\\\/uploads\\\/sites\\\/2\\\/2025\\\/09\\\/Logo_ITJ.png\",\"width\":799,\"height\":326,\"caption\":\"Logismedia Group AG\"},\"image\":{\"@id\":\"https:\\\/\\\/transportjournal.com\\\/pt-pt\\\/#\\\/schema\\\/logo\\\/image\\\/\"},\"sameAs\":[\"https:\\\/\\\/www.linkedin.com\\\/company\\\/56456496\\\/admin\\\/dashboard\\\/\",\"https:\\\/\\\/www.instagram.com\\\/logismediagroup\\\/\",\"https:\\\/\\\/www.youtube.com\\\/@LogiamediaGroupAG\"]},{\"@type\":\"Person\",\"@id\":\"https:\\\/\\\/transportjournal.com\\\/pt-pt\\\/#\\\/schema\\\/person\\\/cf538b3157f15afd7589245a4b3dbd25\",\"name\":\"Andreas Haug\",\"url\":\"https:\\\/\\\/transportjournal.com\\\/pt-pt\\\/author\\\/andreas\\\/\"}]}<\/script>\n<!-- \/ Yoast SEO plugin. -->","yoast_head_json":{"title":"EFW adapta A330 para APAL - ITJ | International Transport Journal","robots":{"index":"index","follow":"follow","max-snippet":"max-snippet:-1","max-image-preview":"max-image-preview:large","max-video-preview":"max-video-preview:-1"},"canonical":"https:\/\/transportjournal.com\/pt-pt\/2026\/03\/13\/efw-adapta-a330-para-apal\/","og_locale":"pt_PT","og_type":"article","og_title":"EFW adapta A330 para APAL - ITJ | International Transport Journal","og_description":"A Elbe Flugzeugwerke assinou um contrato para a adapta\u00e7\u00e3o de um Airbus A330-300 com o Asia Pacific Aviation Leasing Group, a fim de atender ao mercado de carga.","og_url":"https:\/\/transportjournal.com\/pt-pt\/2026\/03\/13\/efw-adapta-a330-para-apal\/","og_site_name":"ITJ | International Transport Journal","article_published_time":"2026-03-13T07:57:08+00:00","article_modified_time":"2026-03-13T10:05:34+00:00","og_image":[{"width":959,"height":540,"url":"https:\/\/transportjournal.com\/wp-content\/uploads\/sites\/2\/2026\/03\/APAL-banner1-aspect-ratio-1400-788.jpg","type":"image\/jpeg"}],"author":"Andreas Haug","twitter_card":"summary_large_image","twitter_misc":{"Escrito por":"Andreas Haug","Tempo estimado de leitura":"1 minuto"},"schema":{"@context":"https:\/\/schema.org","@graph":[{"@type":"Article","@id":"https:\/\/transportjournal.com\/pt-pt\/2026\/03\/13\/efw-adapta-a330-para-apal\/#article","isPartOf":{"@id":"https:\/\/transportjournal.com\/pt-pt\/2026\/03\/13\/efw-adapta-a330-para-apal\/"},"author":{"name":"Andreas Haug","@id":"https:\/\/transportjournal.com\/pt-pt\/#\/schema\/person\/cf538b3157f15afd7589245a4b3dbd25"},"headline":"EFW adapta A330 para APAL","datePublished":"2026-03-13T07:57:08+00:00","dateModified":"2026-03-13T10:05:34+00:00","mainEntityOfPage":{"@id":"https:\/\/transportjournal.com\/pt-pt\/2026\/03\/13\/efw-adapta-a330-para-apal\/"},"wordCount":270,"commentCount":0,"publisher":{"@id":"https:\/\/transportjournal.com\/pt-pt\/#organization"},"image":{"@id":"https:\/\/transportjournal.com\/pt-pt\/2026\/03\/13\/efw-adapta-a330-para-apal\/#primaryimage"},"thumbnailUrl":"https:\/\/transportjournal.com\/wp-content\/uploads\/sites\/2\/2026\/03\/APAL-banner1-aspect-ratio-1400-788.jpg","keywords":["air freight industry","Airbus A330P2F","aircraft modification certification","APAL","aviation technology","avion cargo","cargo aircraft","cargo fleet","certification de modification d'avion","Chinese cargo market","coentreprise ST Engineering","conversion passager en fret","Deutsch Airbus A330","Dresde","Dresden","EFW","EFW modification sites","EFW technical planning","Fachkr\u00e4ftemangel Luftfahrt","fleet modernization","flotte de fret","Flottenmodernisierung","Frachtflotte","Frachtflugzeug","Frachtl\u00f6sungen","Frachtmarkt China","freight solutions","Hong Kong","Hong Kong Fran\u00e7ais Airbus A330","Hongkong English Airbus A330","industrie du fret a\u00e9rien","industrie du transport","innovative Frachtl\u00f6sungen","innovative freight solutions","Joint Venture ST Engineering","Luftfahrttechnik","Luftfrachtindustrie","march\u00e9 du fret chinois","modernisation de flotte","passenger-to-freighter conversion","p\u00e9nurie de main-d'\u0153uvre a\u00e9ronautique","planification technique EFW","sites de modification EFW","skilled labor shortage aviation","solutions de fret","solutions de fret innovantes","ST Engineering joint venture","technische Planung EFW","technologie a\u00e9ronautique","transport industry","Transportwirtschaft","Umr\u00fcststandorte EFW","Umr\u00fcstung Passagierflugzeug","Zertifizierung Flugzeugumbau"],"articleSection":["\u00c1sia\/Pac\u00edfico","Deutschland","Europa","Transporte a\u00e9reo de mercadorias"],"inLanguage":"pt-PT","potentialAction":[{"@type":"CommentAction","name":"Comment","target":["https:\/\/transportjournal.com\/pt-pt\/2026\/03\/13\/efw-adapta-a330-para-apal\/#respond"]}]},{"@type":"WebPage","@id":"https:\/\/transportjournal.com\/pt-pt\/2026\/03\/13\/efw-adapta-a330-para-apal\/","url":"https:\/\/transportjournal.com\/pt-pt\/2026\/03\/13\/efw-adapta-a330-para-apal\/","name":"EFW adapta A330 para APAL - ITJ | International Transport Journal","isPartOf":{"@id":"https:\/\/transportjournal.com\/pt-pt\/#website"},"primaryImageOfPage":{"@id":"https:\/\/transportjournal.com\/pt-pt\/2026\/03\/13\/efw-adapta-a330-para-apal\/#primaryimage"},"image":{"@id":"https:\/\/transportjournal.com\/pt-pt\/2026\/03\/13\/efw-adapta-a330-para-apal\/#primaryimage"},"thumbnailUrl":"https:\/\/transportjournal.com\/wp-content\/uploads\/sites\/2\/2026\/03\/APAL-banner1-aspect-ratio-1400-788.jpg","datePublished":"2026-03-13T07:57:08+00:00","dateModified":"2026-03-13T10:05:34+00:00","breadcrumb":{"@id":"https:\/\/transportjournal.com\/pt-pt\/2026\/03\/13\/efw-adapta-a330-para-apal\/#breadcrumb"},"inLanguage":"pt-PT","potentialAction":[{"@type":"ReadAction","target":["https:\/\/transportjournal.com\/pt-pt\/2026\/03\/13\/efw-adapta-a330-para-apal\/"]}]},{"@type":"ImageObject","inLanguage":"pt-PT","@id":"https:\/\/transportjournal.com\/pt-pt\/2026\/03\/13\/efw-adapta-a330-para-apal\/#primaryimage","url":"https:\/\/transportjournal.com\/wp-content\/uploads\/sites\/2\/2026\/03\/APAL-banner1-aspect-ratio-1400-788.jpg","contentUrl":"https:\/\/transportjournal.com\/wp-content\/uploads\/sites\/2\/2026\/03\/APAL-banner1-aspect-ratio-1400-788.jpg","width":959,"height":540},{"@type":"BreadcrumbList","@id":"https:\/\/transportjournal.com\/pt-pt\/2026\/03\/13\/efw-adapta-a330-para-apal\/#breadcrumb","itemListElement":[{"@type":"ListItem","position":1,"name":"Startseite","item":"https:\/\/transportjournal.com\/pt-pt\/"},{"@type":"ListItem","position":2,"name":"EFW adapta A330 para APAL"}]},{"@type":"WebSite","@id":"https:\/\/transportjournal.com\/pt-pt\/#website","url":"https:\/\/transportjournal.com\/pt-pt\/","name":"ITJ | International Transport Journal","description":"Stay informed with the latest global news from the transport, logistics, and supply chain industries. Transport Journal delivers expert insights, analysis, and updates across shipping, aviation, intermodal, and forwarding.","publisher":{"@id":"https:\/\/transportjournal.com\/pt-pt\/#organization"},"potentialAction":[{"@type":"SearchAction","target":{"@type":"EntryPoint","urlTemplate":"https:\/\/transportjournal.com\/pt-pt\/?s={search_term_string}"},"query-input":{"@type":"PropertyValueSpecification","valueRequired":true,"valueName":"search_term_string"}}],"inLanguage":"pt-PT"},{"@type":"Organization","@id":"https:\/\/transportjournal.com\/pt-pt\/#organization","name":"Logismedia Group AG","alternateName":"Logismedia Group AG","url":"https:\/\/transportjournal.com\/pt-pt\/","logo":{"@type":"ImageObject","inLanguage":"pt-PT","@id":"https:\/\/transportjournal.com\/pt-pt\/#\/schema\/logo\/image\/","url":"https:\/\/transportjournal.com\/wp-content\/uploads\/sites\/2\/2025\/09\/Logo_ITJ.png","contentUrl":"https:\/\/transportjournal.com\/wp-content\/uploads\/sites\/2\/2025\/09\/Logo_ITJ.png","width":799,"height":326,"caption":"Logismedia Group AG"},"image":{"@id":"https:\/\/transportjournal.com\/pt-pt\/#\/schema\/logo\/image\/"},"sameAs":["https:\/\/www.linkedin.com\/company\/56456496\/admin\/dashboard\/","https:\/\/www.instagram.com\/logismediagroup\/","https:\/\/www.youtube.com\/@LogiamediaGroupAG"]},{"@type":"Person","@id":"https:\/\/transportjournal.com\/pt-pt\/#\/schema\/person\/cf538b3157f15afd7589245a4b3dbd25","name":"Andreas Haug","url":"https:\/\/transportjournal.com\/pt-pt\/author\/andreas\/"}]}},"_links":{"self":[{"href":"https:\/\/transportjournal.com\/pt-pt\/wp-json\/wp\/v2\/posts\/80682","targetHints":{"allow":["GET"]}}],"collection":[{"href":"https:\/\/transportjournal.com\/pt-pt\/wp-json\/wp\/v2\/posts"}],"about":[{"href":"https:\/\/transportjournal.com\/pt-pt\/wp-json\/wp\/v2\/types\/post"}],"author":[{"embeddable":true,"href":"https:\/\/transportjournal.com\/pt-pt\/wp-json\/wp\/v2\/users\/12"}],"replies":[{"embeddable":true,"href":"https:\/\/transportjournal.com\/pt-pt\/wp-json\/wp\/v2\/comments?post=80682"}],"version-history":[{"count":1,"href":"https:\/\/transportjournal.com\/pt-pt\/wp-json\/wp\/v2\/posts\/80682\/revisions"}],"predecessor-version":[{"id":80721,"href":"https:\/\/transportjournal.com\/pt-pt\/wp-json\/wp\/v2\/posts\/80682\/revisions\/80721"}],"wp:featuredmedia":[{"embeddable":true,"href":"https:\/\/transportjournal.com\/pt-pt\/wp-json\/wp\/v2\/media\/80677"}],"wp:attachment":[{"href":"https:\/\/transportjournal.com\/pt-pt\/wp-json\/wp\/v2\/media?parent=80682"}],"wp:term":[{"taxonomy":"category","embeddable":true,"href":"https:\/\/transportjournal.com\/pt-pt\/wp-json\/wp\/v2\/categories?post=80682"},{"taxonomy":"post_tag","embeddable":true,"href":"https:\/\/transportjournal.com\/pt-pt\/wp-json\/wp\/v2\/tags?post=80682"}],"curies":[{"name":"wp","href":"https:\/\/api.w.org\/{rel}","templated":true}]}}