{"id":80666,"date":"2026-03-12T15:03:00","date_gmt":"2026-03-12T15:03:00","guid":{"rendered":"https:\/\/transportjournal.com\/2026\/03\/12\/transnatur-muda-de-parceiro-na-regiao-de-stuttgart\/"},"modified":"2026-03-12T15:03:00","modified_gmt":"2026-03-12T15:03:00","slug":"transnatur-muda-de-parceiro-na-regiao-de-stuttgart","status":"publish","type":"post","link":"https:\/\/transportjournal.com\/pt-pt\/2026\/03\/12\/transnatur-muda-de-parceiro-na-regiao-de-stuttgart\/","title":{"rendered":"Transnatur muda de parceiro na regi\u00e3o de Stuttgart"},"content":{"rendered":"<p>A Transnatur Group recentemente iniciou uma nova colabora\u00e7\u00e3o com a empresa de transporte e log\u00edstica L. Wackler Wwe. Nachf. GmbH. A coopera\u00e7\u00e3o abrange a regi\u00e3o de Stuttgart, no oeste da Alemanha.<\/p>\n<p>A Wackler foi fundada h\u00e1 mais de 100 anos e \u00e9 atualmente gerida pela fam\u00edlia empres\u00e1ria na quinta gera\u00e7\u00e3o. A sede da empresa est\u00e1 localizada em G\u00f6ppingen, a cerca de 50 km de Stuttgart. A Wackler possui aproximadamente 100.000 m<sup>2<\/sup> de espa\u00e7o de armazenamento e emprega 270 colaboradores.<\/p>\n<p>Com a nova colabora\u00e7\u00e3o, a Transnatur Group pretende garantir e expandir seus servi\u00e7os existentes nesta regi\u00e3o altamente industrializada e economicamente din\u00e2mica. A regi\u00e3o de Stuttgart \u00e9 um importante centro da ind\u00fastria automobil\u00edstica e de tecnologia europeia. V\u00e1rias empresas dos setores automotivo e de TI est\u00e3o localizadas l\u00e1, o que torna uma estrutura log\u00edstica eficiente de particular import\u00e2ncia.<\/p>\n<p>O servi\u00e7o di\u00e1rio de exporta\u00e7\u00e3o e importa\u00e7\u00e3o deve ser mantido com tempos de tr\u00e2nsito ideais. A Transnatur Group est\u00e1 convencida de que a colabora\u00e7\u00e3o permitir\u00e1 a ambas as empresas garantir um alto n\u00edvel de servi\u00e7o e, ao mesmo tempo, explorar novas oportunidades de neg\u00f3cios na regi\u00e3o.<\/p>\n<p><a href=\"http:\/\/www.transnatur.com\" target=\"_blank\" rel=\"noopener noreferrer\">www.transnatur.com<\/a><\/p>\n<p><a href=\"https:\/\/www.wackler.de\" target=\"_blank\" rel=\"noopener noreferrer\">www.wackler.de<\/a><\/p>\n","protected":false},"excerpt":{"rendered":"<p>O Transnatur Group iniciou uma coopera\u00e7\u00e3o com a L. Wackler Wwe. Nachf. GmbH para otimizar e expandir os servi\u00e7os de log\u00edstica na regi\u00e3o de Stuttgart.<\/p>\n","protected":false},"author":14,"featured_media":80661,"comment_status":"open","ping_status":"","sticky":false,"template":"","format":"standard","meta":{"_acf_changed":false,"footnotes":""},"categories":[1623,1617,1616],"tags":[26511,26512,5246,26513,3353,3354,26514,26515,26516,26517,2122,26518,2123,26519,26520,3328,3994,26521,26522,26523,5256,4000,2821,26524,26525,1831,26526,3336,26527,3379,3339,3340,2479,26528,26529,26530,26531,26532,13807,26533,2339,26534,2106,26535,26536,26537,26538,26539,26540,26541,26542,26543,26544],"class_list":["post-80666","post","type-post","status-publish","format-standard","has-post-thumbnail","hentry","category-europa","category-expedicao-e-logistica","category-intermodal-rodoviario","tag-automobilindustrie-stuttgart","tag-automotive-industry-stuttgart","tag-cooperation-logistique","tag-deutsch-transnatur","tag-digitalisierung-logistik","tag-digitalization-logistics","tag-dynamique-economique-stuttgart","tag-economic-dynamics-stuttgart","tag-entreprises-de-logistique-allemagne","tag-espace-dentreposage-goeppingen","tag-fachkraeftemangel-logistik","tag-fournisseurs-de-logistique","tag-gestion-de-la-chaine-dapprovisionnement","tag-import-export-stuttgart","tag-industrie-automobile-stuttgart","tag-infrastructure-logistique","tag-infrastruktur-logistik","tag-kooperation-logistik","tag-lagerflaeche-goeppingen","tag-logistics-companies-germany","tag-logistics-cooperation","tag-logistics-infrastructure","tag-logistics-providers","tag-logistics-stuttgart","tag-logistik-stuttgart","tag-logistikdienstleister","tag-logistikunternehmen-deutschland","tag-logistique-de-colis-allemagne","tag-logistique-stuttgart","tag-numerisation-logistique","tag-paketlogistik-deutschland","tag-parcel-logistics-germany","tag-penurie-de-competences-logistique","tag-prestataires-de-services-de-transport-stuttgart","tag-rail-freight-stuttgart","tag-regional-logistics-solutions","tag-regionale-logistikloesungen","tag-schienengueterverkehr-stuttgart","tag-secteur-du-transport-allemagne","tag-secteur-technologique-stuttgart","tag-skills-shortage-logistics","tag-solutions-logistiques-regionales","tag-supply-chain-management","tag-technologiebranche-stuttgart","tag-technology-sector-stuttgart","tag-transport-ferroviaire-stuttgart","tag-transport-industry-germany-francais-transnatur","tag-transport-service-providers-stuttgart","tag-transportdienstleister-stuttgart","tag-transportwirtschaft-deutschland-english-transnatur","tag-wackler","tag-warehouse-space-goeppingen","tag-wirtschaftliche-dynamik-stuttgart"],"acf":[],"yoast_head":"<!-- This site is optimized with the Yoast SEO plugin v27.3 - https:\/\/yoast.com\/product\/yoast-seo-wordpress\/ -->\n<title>Transnatur muda de parceiro na regi\u00e3o de Stuttgart - ITJ | International Transport Journal<\/title>\n<meta name=\"robots\" content=\"index, follow, max-snippet:-1, max-image-preview:large, max-video-preview:-1\" \/>\n<link rel=\"canonical\" href=\"https:\/\/transportjournal.com\/pt-pt\/2026\/03\/12\/transnatur-muda-de-parceiro-na-regiao-de-stuttgart\/\" \/>\n<meta property=\"og:locale\" content=\"pt_PT\" \/>\n<meta property=\"og:type\" content=\"article\" \/>\n<meta property=\"og:title\" content=\"Transnatur muda de parceiro na regi\u00e3o de Stuttgart - ITJ | International Transport Journal\" \/>\n<meta property=\"og:description\" content=\"O Transnatur Group iniciou uma coopera\u00e7\u00e3o com a L. Wackler Wwe. Nachf. GmbH para otimizar e expandir os servi\u00e7os de log\u00edstica na regi\u00e3o de Stuttgart.\" \/>\n<meta property=\"og:url\" content=\"https:\/\/transportjournal.com\/pt-pt\/2026\/03\/12\/transnatur-muda-de-parceiro-na-regiao-de-stuttgart\/\" \/>\n<meta property=\"og:site_name\" content=\"ITJ | International Transport Journal\" \/>\n<meta property=\"article:published_time\" content=\"2026-03-12T15:03:00+00:00\" \/>\n<meta property=\"og:image\" content=\"https:\/\/transportjournal.com\/wp-content\/uploads\/sites\/2\/2026\/03\/transnatur-expertos-aduanas-1024x576-1.jpeg\" \/>\n\t<meta property=\"og:image:width\" content=\"1024\" \/>\n\t<meta property=\"og:image:height\" content=\"576\" \/>\n\t<meta property=\"og:image:type\" content=\"image\/jpeg\" \/>\n<meta name=\"author\" content=\"Gyan Sharan\" \/>\n<meta name=\"twitter:card\" content=\"summary_large_image\" \/>\n<meta name=\"twitter:label1\" content=\"Escrito por\" \/>\n\t<meta name=\"twitter:data1\" content=\"Gyan Sharan\" \/>\n\t<meta name=\"twitter:label2\" content=\"Tempo estimado de leitura\" \/>\n\t<meta name=\"twitter:data2\" content=\"1 minuto\" \/>\n<script type=\"application\/ld+json\" class=\"yoast-schema-graph\">{\"@context\":\"https:\\\/\\\/schema.org\",\"@graph\":[{\"@type\":\"Article\",\"@id\":\"https:\\\/\\\/transportjournal.com\\\/pt-pt\\\/2026\\\/03\\\/12\\\/transnatur-muda-de-parceiro-na-regiao-de-stuttgart\\\/#article\",\"isPartOf\":{\"@id\":\"https:\\\/\\\/transportjournal.com\\\/pt-pt\\\/2026\\\/03\\\/12\\\/transnatur-muda-de-parceiro-na-regiao-de-stuttgart\\\/\"},\"author\":{\"name\":\"Gyan Sharan\",\"@id\":\"https:\\\/\\\/transportjournal.com\\\/pt-pt\\\/#\\\/schema\\\/person\\\/13a9fc605c753db60ef7750a229cd042\"},\"headline\":\"Transnatur muda de parceiro na regi\u00e3o de Stuttgart\",\"datePublished\":\"2026-03-12T15:03:00+00:00\",\"mainEntityOfPage\":{\"@id\":\"https:\\\/\\\/transportjournal.com\\\/pt-pt\\\/2026\\\/03\\\/12\\\/transnatur-muda-de-parceiro-na-regiao-de-stuttgart\\\/\"},\"wordCount\":221,\"commentCount\":0,\"publisher\":{\"@id\":\"https:\\\/\\\/transportjournal.com\\\/pt-pt\\\/#organization\"},\"image\":{\"@id\":\"https:\\\/\\\/transportjournal.com\\\/pt-pt\\\/2026\\\/03\\\/12\\\/transnatur-muda-de-parceiro-na-regiao-de-stuttgart\\\/#primaryimage\"},\"thumbnailUrl\":\"https:\\\/\\\/transportjournal.com\\\/wp-content\\\/uploads\\\/sites\\\/2\\\/2026\\\/03\\\/transnatur-expertos-aduanas-1024x576-1.jpeg\",\"keywords\":[\"Automobilindustrie Stuttgart\",\"automotive industry Stuttgart\",\"coop\u00e9ration logistique\",\"Deutsch Transnatur\",\"Digitalisierung Logistik\",\"digitalization logistics\",\"dynamique \u00e9conomique Stuttgart\",\"economic dynamics Stuttgart\",\"entreprises de logistique Allemagne\",\"espace d'entreposage G\u00f6ppingen\",\"Fachkr\u00e4ftemangel Logistik\",\"fournisseurs de logistique\",\"gestion de la cha\u00eene d'approvisionnement\",\"Import Export Stuttgart\",\"industrie automobile Stuttgart\",\"infrastructure logistique\",\"Infrastruktur Logistik\",\"Kooperation Logistik\",\"Lagerfl\u00e4che G\u00f6ppingen\",\"logistics companies Germany\",\"logistics cooperation\",\"logistics infrastructure\",\"logistics providers\",\"logistics Stuttgart\",\"Logistik Stuttgart\",\"Logistikdienstleister\",\"Logistikunternehmen Deutschland\",\"logistique de colis Allemagne\",\"logistique Stuttgart\",\"num\u00e9risation logistique\",\"Paketlogistik Deutschland\",\"parcel logistics Germany\",\"p\u00e9nurie de comp\u00e9tences logistique\",\"prestataires de services de transport Stuttgart\",\"rail freight Stuttgart\",\"regional logistics solutions\",\"regionale Logistikl\u00f6sungen\",\"Schieneng\u00fcterverkehr Stuttgart\",\"secteur du transport Allemagne\",\"secteur technologique Stuttgart\",\"skills shortage logistics\",\"solutions logistiques r\u00e9gionales\",\"Supply Chain Management\",\"Technologiebranche Stuttgart\",\"technology sector Stuttgart\",\"transport ferroviaire Stuttgart\",\"transport industry Germany Fran\u00e7ais Transnatur\",\"transport service providers Stuttgart\",\"Transportdienstleister Stuttgart\",\"Transportwirtschaft Deutschland English Transnatur\",\"Wackler\",\"warehouse space G\u00f6ppingen\",\"wirtschaftliche Dynamik Stuttgart\"],\"articleSection\":[\"Europa\",\"Expedi\u00e7\u00e3o de Mercadorias e Log\u00edstica\",\"Intermodal \\\/ Rodovi\u00e1rio\"],\"inLanguage\":\"pt-PT\",\"potentialAction\":[{\"@type\":\"CommentAction\",\"name\":\"Comment\",\"target\":[\"https:\\\/\\\/transportjournal.com\\\/pt-pt\\\/2026\\\/03\\\/12\\\/transnatur-muda-de-parceiro-na-regiao-de-stuttgart\\\/#respond\"]}]},{\"@type\":\"WebPage\",\"@id\":\"https:\\\/\\\/transportjournal.com\\\/pt-pt\\\/2026\\\/03\\\/12\\\/transnatur-muda-de-parceiro-na-regiao-de-stuttgart\\\/\",\"url\":\"https:\\\/\\\/transportjournal.com\\\/pt-pt\\\/2026\\\/03\\\/12\\\/transnatur-muda-de-parceiro-na-regiao-de-stuttgart\\\/\",\"name\":\"Transnatur muda de parceiro na regi\u00e3o de Stuttgart - ITJ | International Transport Journal\",\"isPartOf\":{\"@id\":\"https:\\\/\\\/transportjournal.com\\\/pt-pt\\\/#website\"},\"primaryImageOfPage\":{\"@id\":\"https:\\\/\\\/transportjournal.com\\\/pt-pt\\\/2026\\\/03\\\/12\\\/transnatur-muda-de-parceiro-na-regiao-de-stuttgart\\\/#primaryimage\"},\"image\":{\"@id\":\"https:\\\/\\\/transportjournal.com\\\/pt-pt\\\/2026\\\/03\\\/12\\\/transnatur-muda-de-parceiro-na-regiao-de-stuttgart\\\/#primaryimage\"},\"thumbnailUrl\":\"https:\\\/\\\/transportjournal.com\\\/wp-content\\\/uploads\\\/sites\\\/2\\\/2026\\\/03\\\/transnatur-expertos-aduanas-1024x576-1.jpeg\",\"datePublished\":\"2026-03-12T15:03:00+00:00\",\"breadcrumb\":{\"@id\":\"https:\\\/\\\/transportjournal.com\\\/pt-pt\\\/2026\\\/03\\\/12\\\/transnatur-muda-de-parceiro-na-regiao-de-stuttgart\\\/#breadcrumb\"},\"inLanguage\":\"pt-PT\",\"potentialAction\":[{\"@type\":\"ReadAction\",\"target\":[\"https:\\\/\\\/transportjournal.com\\\/pt-pt\\\/2026\\\/03\\\/12\\\/transnatur-muda-de-parceiro-na-regiao-de-stuttgart\\\/\"]}]},{\"@type\":\"ImageObject\",\"inLanguage\":\"pt-PT\",\"@id\":\"https:\\\/\\\/transportjournal.com\\\/pt-pt\\\/2026\\\/03\\\/12\\\/transnatur-muda-de-parceiro-na-regiao-de-stuttgart\\\/#primaryimage\",\"url\":\"https:\\\/\\\/transportjournal.com\\\/wp-content\\\/uploads\\\/sites\\\/2\\\/2026\\\/03\\\/transnatur-expertos-aduanas-1024x576-1.jpeg\",\"contentUrl\":\"https:\\\/\\\/transportjournal.com\\\/wp-content\\\/uploads\\\/sites\\\/2\\\/2026\\\/03\\\/transnatur-expertos-aduanas-1024x576-1.jpeg\",\"width\":1024,\"height\":576},{\"@type\":\"BreadcrumbList\",\"@id\":\"https:\\\/\\\/transportjournal.com\\\/pt-pt\\\/2026\\\/03\\\/12\\\/transnatur-muda-de-parceiro-na-regiao-de-stuttgart\\\/#breadcrumb\",\"itemListElement\":[{\"@type\":\"ListItem\",\"position\":1,\"name\":\"Startseite\",\"item\":\"https:\\\/\\\/transportjournal.com\\\/pt-pt\\\/\"},{\"@type\":\"ListItem\",\"position\":2,\"name\":\"Transnatur muda de parceiro na regi\u00e3o de Stuttgart\"}]},{\"@type\":\"WebSite\",\"@id\":\"https:\\\/\\\/transportjournal.com\\\/pt-pt\\\/#website\",\"url\":\"https:\\\/\\\/transportjournal.com\\\/pt-pt\\\/\",\"name\":\"ITJ | International Transport Journal\",\"description\":\"Stay informed with the latest global news from the transport, logistics, and supply chain industries. Transport Journal delivers expert insights, analysis, and updates across shipping, aviation, intermodal, and forwarding.\",\"publisher\":{\"@id\":\"https:\\\/\\\/transportjournal.com\\\/pt-pt\\\/#organization\"},\"potentialAction\":[{\"@type\":\"SearchAction\",\"target\":{\"@type\":\"EntryPoint\",\"urlTemplate\":\"https:\\\/\\\/transportjournal.com\\\/pt-pt\\\/?s={search_term_string}\"},\"query-input\":{\"@type\":\"PropertyValueSpecification\",\"valueRequired\":true,\"valueName\":\"search_term_string\"}}],\"inLanguage\":\"pt-PT\"},{\"@type\":\"Organization\",\"@id\":\"https:\\\/\\\/transportjournal.com\\\/pt-pt\\\/#organization\",\"name\":\"Logismedia Group AG\",\"alternateName\":\"Logismedia Group AG\",\"url\":\"https:\\\/\\\/transportjournal.com\\\/pt-pt\\\/\",\"logo\":{\"@type\":\"ImageObject\",\"inLanguage\":\"pt-PT\",\"@id\":\"https:\\\/\\\/transportjournal.com\\\/pt-pt\\\/#\\\/schema\\\/logo\\\/image\\\/\",\"url\":\"https:\\\/\\\/transportjournal.com\\\/wp-content\\\/uploads\\\/sites\\\/2\\\/2025\\\/09\\\/Logo_ITJ.png\",\"contentUrl\":\"https:\\\/\\\/transportjournal.com\\\/wp-content\\\/uploads\\\/sites\\\/2\\\/2025\\\/09\\\/Logo_ITJ.png\",\"width\":799,\"height\":326,\"caption\":\"Logismedia Group AG\"},\"image\":{\"@id\":\"https:\\\/\\\/transportjournal.com\\\/pt-pt\\\/#\\\/schema\\\/logo\\\/image\\\/\"},\"sameAs\":[\"https:\\\/\\\/www.linkedin.com\\\/company\\\/56456496\\\/admin\\\/dashboard\\\/\",\"https:\\\/\\\/www.instagram.com\\\/logismediagroup\\\/\",\"https:\\\/\\\/www.youtube.com\\\/@LogiamediaGroupAG\"]},{\"@type\":\"Person\",\"@id\":\"https:\\\/\\\/transportjournal.com\\\/pt-pt\\\/#\\\/schema\\\/person\\\/13a9fc605c753db60ef7750a229cd042\",\"name\":\"Gyan Sharan\",\"url\":\"https:\\\/\\\/transportjournal.com\\\/pt-pt\\\/author\\\/gyan\\\/\"}]}<\/script>\n<!-- \/ Yoast SEO plugin. -->","yoast_head_json":{"title":"Transnatur muda de parceiro na regi\u00e3o de Stuttgart - ITJ | International Transport Journal","robots":{"index":"index","follow":"follow","max-snippet":"max-snippet:-1","max-image-preview":"max-image-preview:large","max-video-preview":"max-video-preview:-1"},"canonical":"https:\/\/transportjournal.com\/pt-pt\/2026\/03\/12\/transnatur-muda-de-parceiro-na-regiao-de-stuttgart\/","og_locale":"pt_PT","og_type":"article","og_title":"Transnatur muda de parceiro na regi\u00e3o de Stuttgart - ITJ | International Transport Journal","og_description":"O Transnatur Group iniciou uma coopera\u00e7\u00e3o com a L. Wackler Wwe. Nachf. GmbH para otimizar e expandir os servi\u00e7os de log\u00edstica na regi\u00e3o de Stuttgart.","og_url":"https:\/\/transportjournal.com\/pt-pt\/2026\/03\/12\/transnatur-muda-de-parceiro-na-regiao-de-stuttgart\/","og_site_name":"ITJ | International Transport Journal","article_published_time":"2026-03-12T15:03:00+00:00","og_image":[{"width":1024,"height":576,"url":"https:\/\/transportjournal.com\/wp-content\/uploads\/sites\/2\/2026\/03\/transnatur-expertos-aduanas-1024x576-1.jpeg","type":"image\/jpeg"}],"author":"Gyan Sharan","twitter_card":"summary_large_image","twitter_misc":{"Escrito por":"Gyan Sharan","Tempo estimado de leitura":"1 minuto"},"schema":{"@context":"https:\/\/schema.org","@graph":[{"@type":"Article","@id":"https:\/\/transportjournal.com\/pt-pt\/2026\/03\/12\/transnatur-muda-de-parceiro-na-regiao-de-stuttgart\/#article","isPartOf":{"@id":"https:\/\/transportjournal.com\/pt-pt\/2026\/03\/12\/transnatur-muda-de-parceiro-na-regiao-de-stuttgart\/"},"author":{"name":"Gyan Sharan","@id":"https:\/\/transportjournal.com\/pt-pt\/#\/schema\/person\/13a9fc605c753db60ef7750a229cd042"},"headline":"Transnatur muda de parceiro na regi\u00e3o de Stuttgart","datePublished":"2026-03-12T15:03:00+00:00","mainEntityOfPage":{"@id":"https:\/\/transportjournal.com\/pt-pt\/2026\/03\/12\/transnatur-muda-de-parceiro-na-regiao-de-stuttgart\/"},"wordCount":221,"commentCount":0,"publisher":{"@id":"https:\/\/transportjournal.com\/pt-pt\/#organization"},"image":{"@id":"https:\/\/transportjournal.com\/pt-pt\/2026\/03\/12\/transnatur-muda-de-parceiro-na-regiao-de-stuttgart\/#primaryimage"},"thumbnailUrl":"https:\/\/transportjournal.com\/wp-content\/uploads\/sites\/2\/2026\/03\/transnatur-expertos-aduanas-1024x576-1.jpeg","keywords":["Automobilindustrie Stuttgart","automotive industry Stuttgart","coop\u00e9ration logistique","Deutsch Transnatur","Digitalisierung Logistik","digitalization logistics","dynamique \u00e9conomique Stuttgart","economic dynamics Stuttgart","entreprises de logistique Allemagne","espace d'entreposage G\u00f6ppingen","Fachkr\u00e4ftemangel Logistik","fournisseurs de logistique","gestion de la cha\u00eene d'approvisionnement","Import Export Stuttgart","industrie automobile Stuttgart","infrastructure logistique","Infrastruktur Logistik","Kooperation Logistik","Lagerfl\u00e4che G\u00f6ppingen","logistics companies Germany","logistics cooperation","logistics infrastructure","logistics providers","logistics Stuttgart","Logistik Stuttgart","Logistikdienstleister","Logistikunternehmen Deutschland","logistique de colis Allemagne","logistique Stuttgart","num\u00e9risation logistique","Paketlogistik Deutschland","parcel logistics Germany","p\u00e9nurie de comp\u00e9tences logistique","prestataires de services de transport Stuttgart","rail freight Stuttgart","regional logistics solutions","regionale Logistikl\u00f6sungen","Schieneng\u00fcterverkehr Stuttgart","secteur du transport Allemagne","secteur technologique Stuttgart","skills shortage logistics","solutions logistiques r\u00e9gionales","Supply Chain Management","Technologiebranche Stuttgart","technology sector Stuttgart","transport ferroviaire Stuttgart","transport industry Germany Fran\u00e7ais Transnatur","transport service providers Stuttgart","Transportdienstleister Stuttgart","Transportwirtschaft Deutschland English Transnatur","Wackler","warehouse space G\u00f6ppingen","wirtschaftliche Dynamik Stuttgart"],"articleSection":["Europa","Expedi\u00e7\u00e3o de Mercadorias e Log\u00edstica","Intermodal \/ Rodovi\u00e1rio"],"inLanguage":"pt-PT","potentialAction":[{"@type":"CommentAction","name":"Comment","target":["https:\/\/transportjournal.com\/pt-pt\/2026\/03\/12\/transnatur-muda-de-parceiro-na-regiao-de-stuttgart\/#respond"]}]},{"@type":"WebPage","@id":"https:\/\/transportjournal.com\/pt-pt\/2026\/03\/12\/transnatur-muda-de-parceiro-na-regiao-de-stuttgart\/","url":"https:\/\/transportjournal.com\/pt-pt\/2026\/03\/12\/transnatur-muda-de-parceiro-na-regiao-de-stuttgart\/","name":"Transnatur muda de parceiro na regi\u00e3o de Stuttgart - ITJ | International Transport Journal","isPartOf":{"@id":"https:\/\/transportjournal.com\/pt-pt\/#website"},"primaryImageOfPage":{"@id":"https:\/\/transportjournal.com\/pt-pt\/2026\/03\/12\/transnatur-muda-de-parceiro-na-regiao-de-stuttgart\/#primaryimage"},"image":{"@id":"https:\/\/transportjournal.com\/pt-pt\/2026\/03\/12\/transnatur-muda-de-parceiro-na-regiao-de-stuttgart\/#primaryimage"},"thumbnailUrl":"https:\/\/transportjournal.com\/wp-content\/uploads\/sites\/2\/2026\/03\/transnatur-expertos-aduanas-1024x576-1.jpeg","datePublished":"2026-03-12T15:03:00+00:00","breadcrumb":{"@id":"https:\/\/transportjournal.com\/pt-pt\/2026\/03\/12\/transnatur-muda-de-parceiro-na-regiao-de-stuttgart\/#breadcrumb"},"inLanguage":"pt-PT","potentialAction":[{"@type":"ReadAction","target":["https:\/\/transportjournal.com\/pt-pt\/2026\/03\/12\/transnatur-muda-de-parceiro-na-regiao-de-stuttgart\/"]}]},{"@type":"ImageObject","inLanguage":"pt-PT","@id":"https:\/\/transportjournal.com\/pt-pt\/2026\/03\/12\/transnatur-muda-de-parceiro-na-regiao-de-stuttgart\/#primaryimage","url":"https:\/\/transportjournal.com\/wp-content\/uploads\/sites\/2\/2026\/03\/transnatur-expertos-aduanas-1024x576-1.jpeg","contentUrl":"https:\/\/transportjournal.com\/wp-content\/uploads\/sites\/2\/2026\/03\/transnatur-expertos-aduanas-1024x576-1.jpeg","width":1024,"height":576},{"@type":"BreadcrumbList","@id":"https:\/\/transportjournal.com\/pt-pt\/2026\/03\/12\/transnatur-muda-de-parceiro-na-regiao-de-stuttgart\/#breadcrumb","itemListElement":[{"@type":"ListItem","position":1,"name":"Startseite","item":"https:\/\/transportjournal.com\/pt-pt\/"},{"@type":"ListItem","position":2,"name":"Transnatur muda de parceiro na regi\u00e3o de Stuttgart"}]},{"@type":"WebSite","@id":"https:\/\/transportjournal.com\/pt-pt\/#website","url":"https:\/\/transportjournal.com\/pt-pt\/","name":"ITJ | International Transport Journal","description":"Stay informed with the latest global news from the transport, logistics, and supply chain industries. Transport Journal delivers expert insights, analysis, and updates across shipping, aviation, intermodal, and forwarding.","publisher":{"@id":"https:\/\/transportjournal.com\/pt-pt\/#organization"},"potentialAction":[{"@type":"SearchAction","target":{"@type":"EntryPoint","urlTemplate":"https:\/\/transportjournal.com\/pt-pt\/?s={search_term_string}"},"query-input":{"@type":"PropertyValueSpecification","valueRequired":true,"valueName":"search_term_string"}}],"inLanguage":"pt-PT"},{"@type":"Organization","@id":"https:\/\/transportjournal.com\/pt-pt\/#organization","name":"Logismedia Group AG","alternateName":"Logismedia Group AG","url":"https:\/\/transportjournal.com\/pt-pt\/","logo":{"@type":"ImageObject","inLanguage":"pt-PT","@id":"https:\/\/transportjournal.com\/pt-pt\/#\/schema\/logo\/image\/","url":"https:\/\/transportjournal.com\/wp-content\/uploads\/sites\/2\/2025\/09\/Logo_ITJ.png","contentUrl":"https:\/\/transportjournal.com\/wp-content\/uploads\/sites\/2\/2025\/09\/Logo_ITJ.png","width":799,"height":326,"caption":"Logismedia Group AG"},"image":{"@id":"https:\/\/transportjournal.com\/pt-pt\/#\/schema\/logo\/image\/"},"sameAs":["https:\/\/www.linkedin.com\/company\/56456496\/admin\/dashboard\/","https:\/\/www.instagram.com\/logismediagroup\/","https:\/\/www.youtube.com\/@LogiamediaGroupAG"]},{"@type":"Person","@id":"https:\/\/transportjournal.com\/pt-pt\/#\/schema\/person\/13a9fc605c753db60ef7750a229cd042","name":"Gyan Sharan","url":"https:\/\/transportjournal.com\/pt-pt\/author\/gyan\/"}]}},"_links":{"self":[{"href":"https:\/\/transportjournal.com\/pt-pt\/wp-json\/wp\/v2\/posts\/80666","targetHints":{"allow":["GET"]}}],"collection":[{"href":"https:\/\/transportjournal.com\/pt-pt\/wp-json\/wp\/v2\/posts"}],"about":[{"href":"https:\/\/transportjournal.com\/pt-pt\/wp-json\/wp\/v2\/types\/post"}],"author":[{"embeddable":true,"href":"https:\/\/transportjournal.com\/pt-pt\/wp-json\/wp\/v2\/users\/14"}],"replies":[{"embeddable":true,"href":"https:\/\/transportjournal.com\/pt-pt\/wp-json\/wp\/v2\/comments?post=80666"}],"version-history":[{"count":0,"href":"https:\/\/transportjournal.com\/pt-pt\/wp-json\/wp\/v2\/posts\/80666\/revisions"}],"wp:featuredmedia":[{"embeddable":true,"href":"https:\/\/transportjournal.com\/pt-pt\/wp-json\/wp\/v2\/media\/80661"}],"wp:attachment":[{"href":"https:\/\/transportjournal.com\/pt-pt\/wp-json\/wp\/v2\/media?parent=80666"}],"wp:term":[{"taxonomy":"category","embeddable":true,"href":"https:\/\/transportjournal.com\/pt-pt\/wp-json\/wp\/v2\/categories?post=80666"},{"taxonomy":"post_tag","embeddable":true,"href":"https:\/\/transportjournal.com\/pt-pt\/wp-json\/wp\/v2\/tags?post=80666"}],"curies":[{"name":"wp","href":"https:\/\/api.w.org\/{rel}","templated":true}]}}