{"id":80658,"date":"2026-03-12T14:13:15","date_gmt":"2026-03-12T14:13:15","guid":{"rendered":"https:\/\/transportjournal.com\/2026\/03\/12\/awery-integra-a-ferramenta-co2-connect-da-iata\/"},"modified":"2026-03-12T14:13:15","modified_gmt":"2026-03-12T14:13:15","slug":"awery-integra-a-ferramenta-co2-connect-da-iata","status":"publish","type":"post","link":"https:\/\/transportjournal.com\/pt-pt\/2026\/03\/12\/awery-integra-a-ferramenta-co2-connect-da-iata\/","title":{"rendered":"Awery integra a ferramenta &#8220;CO2 Connect&#8221; da IATA"},"content":{"rendered":"<p>Awery Aviation Software anunciou, segundo suas pr\u00f3prias informa\u00e7\u00f5es, que \u00e9 a primeira empresa a integrar a ferramenta &#8222;CO2 Connect&#8220; da IATA para carga em sua plataforma digital. Essa medida visa fornecer \u00e0 ind\u00fastria de frete a\u00e9reo dados de emiss\u00f5es precisos e padronizados. A integra\u00e7\u00e3o permitir\u00e1 que os usu\u00e1rios acessem dados de emiss\u00f5es de CO2 espec\u00edficos para voos diretamente em seus fluxos de trabalho existentes.<\/p>\n<p>A ferramenta &#8222;CO2 Connect for Cargo&#8220; da IATA foi lan\u00e7ada no in\u00edcio de 2026 e utiliza dados operacionais das companhias a\u00e9reas para realizar c\u00e1lculos de emiss\u00f5es. Informa\u00e7\u00f5es como o consumo de combust\u00edvel de tipos de aeronaves, bem como fatores de carga de frete e passageiros, s\u00e3o consideradas. Isso representa, segundo a Awery, um avan\u00e7o, pois os c\u00e1lculos n\u00e3o se baseiam mais em m\u00e9dias gerais do setor, mas em dados concretos fornecidos por mais de 100 companhias a\u00e9reas.<\/p>\n<p>O &#8222;calculador CO2 Connect&#8220; atende, de acordo com a empresa, a padr\u00f5es internacionais, incluindo a Pr\u00e1tica Recomendada 1678 da IATA (RP1678), ISO 14083 e o Framework 3.2 do GLEC do Smart Freight Centre.<\/p>\n<p><a href=\"https:\/\/awery.aero\/\" target=\"_blank\" rel=\"noopener noreferrer\">www.awery.aero<\/a><\/p>\n","protected":false},"excerpt":{"rendered":"<p>A Awery Aviation Software anunciou a integra\u00e7\u00e3o da ferramenta &#8220;CO2 Connect&#8221; da IATA para frete em sua plataforma, a fim de fornecer dados de emiss\u00f5es mais precisos para a ind\u00fastria de frete a\u00e9reo.<\/p>\n","protected":false},"author":10,"featured_media":80653,"comment_status":"open","ping_status":"","sticky":false,"template":"","format":"standard","meta":{"_acf_changed":false,"footnotes":""},"categories":[1618],"tags":[26464,26465,26466,26467,2600,3447,26468,26469,26470,26471,26472,26473,26474,26475,26476,26477,26478,26479,26480,26481,20321,26482,26483,26484,26485,26486,26487,26488,26489,26490,26491,26492,26493,26494,26495,26496,26497,2619,26498,26499,26500,26501,26502,2627,26503,26504,26505,26506,26507,26508,26509,26510,3488],"class_list":["post-80658","post","type-post","status-publish","format-standard","has-post-thumbnail","hentry","category-transporte-aereo-de-mercadorias","tag-air-freight-co2-management","tag-air-freight-efficiency-improvement","tag-air-freight-emissions-data","tag-air-freight-industry-digitalization","tag-air-freight-infrastructure","tag-air-freight-market","tag-air-freight-technology-francais-awery","tag-amelioration-efficacite-fret-aerien","tag-aviation-industry-sustainability","tag-cadre-glec-3-2","tag-calculs-co2-fret","tag-cargo-and-passenger-load-factors","tag-cargo-co2-calculations","tag-co2-connect-for-cargo","tag-co2-connect-fuer-cargo","tag-co2-connect-pour-cargo","tag-co2-emissions-data-air-freight","tag-co2-reduction-aviation","tag-co2-emissionsdaten-luftfracht","tag-co2-reduktion-luftfahrt","tag-deutsch-awery","tag-digital-air-freight-platform","tag-digitale-plattform-luftfracht","tag-digitalisation-secteur-fret-aerien","tag-donnees-demissions-co2-fret-aerien","tag-donnees-demissions-compagnies-aeriennes","tag-donnees-demissions-fret-aerien","tag-durabilite-industrie-aeronautique","tag-emissions-data-airlines","tag-emissionsdaten-fluggesellschaften","tag-facteurs-de-charge-fret-et-passagers","tag-fracht-co2-berechnungen","tag-fracht-und-passagierlastfaktoren","tag-gestion-co2-fret-aerien","tag-glec-framework-3-2","tag-iata-co2-connect-tool","tag-iata-recommended-practice-1678","tag-infrastructure-fret-aerien","tag-iso-14083","tag-luftfahrtindustrie-nachhaltigkeit","tag-luftfracht-co2-management","tag-luftfracht-effizienzsteigerung","tag-luftfracht-emissionsdaten","tag-luftfracht-infrastruktur","tag-luftfracht-markt","tag-luftfrachtbranche-digitalisierung","tag-luftfrachttechnologie-english-awery","tag-marche-fret-aerien","tag-outil-co2-connect-iata","tag-plateforme-numerique-fret-aerien","tag-pratique-recommandee-iata-1678","tag-reduction-co2-aviation","tag-technologie-fret-aerien"],"acf":[],"yoast_head":"<!-- This site is optimized with the Yoast SEO plugin v27.3 - https:\/\/yoast.com\/product\/yoast-seo-wordpress\/ -->\n<title>Awery integra a ferramenta &#8222;CO2 Connect&#8220; da IATA - ITJ | International Transport Journal<\/title>\n<meta name=\"robots\" content=\"index, follow, max-snippet:-1, max-image-preview:large, max-video-preview:-1\" \/>\n<link rel=\"canonical\" href=\"https:\/\/transportjournal.com\/pt-pt\/2026\/03\/12\/awery-integra-a-ferramenta-co2-connect-da-iata\/\" \/>\n<meta property=\"og:locale\" content=\"pt_PT\" \/>\n<meta property=\"og:type\" content=\"article\" \/>\n<meta property=\"og:title\" content=\"Awery integra a ferramenta &#8222;CO2 Connect&#8220; da IATA - ITJ | International Transport Journal\" \/>\n<meta property=\"og:description\" content=\"A Awery Aviation Software anunciou a integra\u00e7\u00e3o da ferramenta &quot;CO2 Connect&quot; da IATA para frete em sua plataforma, a fim de fornecer dados de emiss\u00f5es mais precisos para a ind\u00fastria de frete a\u00e9reo.\" \/>\n<meta property=\"og:url\" content=\"https:\/\/transportjournal.com\/pt-pt\/2026\/03\/12\/awery-integra-a-ferramenta-co2-connect-da-iata\/\" \/>\n<meta property=\"og:site_name\" content=\"ITJ | International Transport Journal\" \/>\n<meta property=\"article:published_time\" content=\"2026-03-12T14:13:15+00:00\" \/>\n<meta property=\"og:image\" content=\"https:\/\/transportjournal.com\/wp-content\/uploads\/sites\/2\/2026\/03\/Awery-aspect-ratio-1400-788.jpg\" \/>\n\t<meta property=\"og:image:width\" content=\"2560\" \/>\n\t<meta property=\"og:image:height\" content=\"1441\" \/>\n\t<meta property=\"og:image:type\" content=\"image\/jpeg\" \/>\n<meta name=\"author\" content=\"Jeremy Soland\" \/>\n<meta name=\"twitter:card\" content=\"summary_large_image\" \/>\n<meta name=\"twitter:label1\" content=\"Escrito por\" \/>\n\t<meta name=\"twitter:data1\" content=\"Jeremy Soland\" \/>\n\t<meta name=\"twitter:label2\" content=\"Tempo estimado de leitura\" \/>\n\t<meta name=\"twitter:data2\" content=\"1 minuto\" \/>\n<script type=\"application\/ld+json\" class=\"yoast-schema-graph\">{\"@context\":\"https:\\\/\\\/schema.org\",\"@graph\":[{\"@type\":\"Article\",\"@id\":\"https:\\\/\\\/transportjournal.com\\\/pt-pt\\\/2026\\\/03\\\/12\\\/awery-integra-a-ferramenta-co2-connect-da-iata\\\/#article\",\"isPartOf\":{\"@id\":\"https:\\\/\\\/transportjournal.com\\\/pt-pt\\\/2026\\\/03\\\/12\\\/awery-integra-a-ferramenta-co2-connect-da-iata\\\/\"},\"author\":{\"name\":\"Jeremy Soland\",\"@id\":\"https:\\\/\\\/transportjournal.com\\\/pt-pt\\\/#\\\/schema\\\/person\\\/41d36b5474b623392fa613e97e2363fa\"},\"headline\":\"Awery integra a ferramenta &#8220;CO2 Connect&#8221; da IATA\",\"datePublished\":\"2026-03-12T14:13:15+00:00\",\"mainEntityOfPage\":{\"@id\":\"https:\\\/\\\/transportjournal.com\\\/pt-pt\\\/2026\\\/03\\\/12\\\/awery-integra-a-ferramenta-co2-connect-da-iata\\\/\"},\"wordCount\":202,\"commentCount\":0,\"publisher\":{\"@id\":\"https:\\\/\\\/transportjournal.com\\\/pt-pt\\\/#organization\"},\"image\":{\"@id\":\"https:\\\/\\\/transportjournal.com\\\/pt-pt\\\/2026\\\/03\\\/12\\\/awery-integra-a-ferramenta-co2-connect-da-iata\\\/#primaryimage\"},\"thumbnailUrl\":\"https:\\\/\\\/transportjournal.com\\\/wp-content\\\/uploads\\\/sites\\\/2\\\/2026\\\/03\\\/Awery-aspect-ratio-1400-788.jpg\",\"keywords\":[\"air freight CO2 management\",\"air freight efficiency improvement\",\"air freight emissions data\",\"air freight industry digitalization\",\"air freight infrastructure\",\"air freight market\",\"air freight technology Fran\u00e7ais Awery\",\"am\u00e9lioration efficacit\u00e9 fret a\u00e9rien\",\"aviation industry sustainability\",\"cadre GLEC 3.2\",\"calculs CO2 fret\",\"cargo and passenger load factors\",\"cargo CO2 calculations\",\"CO2 Connect for Cargo\",\"CO2 Connect f\u00fcr Cargo\",\"CO2 Connect pour Cargo\",\"CO2 emissions data air freight\",\"CO2 reduction aviation\",\"CO2-Emissionsdaten Luftfracht\",\"CO2-Reduktion Luftfahrt\",\"Deutsch Awery\",\"digital air freight platform\",\"digitale Plattform Luftfracht\",\"digitalisation secteur fret a\u00e9rien\",\"donn\u00e9es d'\u00e9missions CO2 fret a\u00e9rien\",\"donn\u00e9es d'\u00e9missions compagnies a\u00e9riennes\",\"donn\u00e9es d'\u00e9missions fret a\u00e9rien\",\"durabilit\u00e9 industrie a\u00e9ronautique\",\"emissions data airlines\",\"Emissionsdaten Fluggesellschaften\",\"facteurs de charge fret et passagers\",\"Fracht CO2-Berechnungen\",\"Fracht- und Passagierlastfaktoren\",\"gestion CO2 fret a\u00e9rien\",\"GLEC Framework 3.2\",\"IATA CO2 Connect Tool\",\"IATA Recommended Practice 1678\",\"infrastructure fret a\u00e9rien\",\"ISO 14083\",\"Luftfahrtindustrie Nachhaltigkeit\",\"Luftfracht CO2-Management\",\"Luftfracht Effizienzsteigerung\",\"Luftfracht Emissionsdaten\",\"Luftfracht Infrastruktur\",\"Luftfracht Markt\",\"Luftfrachtbranche Digitalisierung\",\"Luftfrachttechnologie English Awery\",\"march\u00e9 fret a\u00e9rien\",\"outil CO2 Connect IATA\",\"plateforme num\u00e9rique fret a\u00e9rien\",\"pratique recommand\u00e9e IATA 1678\",\"r\u00e9duction CO2 aviation\",\"technologie fret a\u00e9rien\"],\"articleSection\":[\"Transporte a\u00e9reo de mercadorias\"],\"inLanguage\":\"pt-PT\",\"potentialAction\":[{\"@type\":\"CommentAction\",\"name\":\"Comment\",\"target\":[\"https:\\\/\\\/transportjournal.com\\\/pt-pt\\\/2026\\\/03\\\/12\\\/awery-integra-a-ferramenta-co2-connect-da-iata\\\/#respond\"]}]},{\"@type\":\"WebPage\",\"@id\":\"https:\\\/\\\/transportjournal.com\\\/pt-pt\\\/2026\\\/03\\\/12\\\/awery-integra-a-ferramenta-co2-connect-da-iata\\\/\",\"url\":\"https:\\\/\\\/transportjournal.com\\\/pt-pt\\\/2026\\\/03\\\/12\\\/awery-integra-a-ferramenta-co2-connect-da-iata\\\/\",\"name\":\"Awery integra a ferramenta &#8222;CO2 Connect&#8220; da IATA - ITJ | International Transport Journal\",\"isPartOf\":{\"@id\":\"https:\\\/\\\/transportjournal.com\\\/pt-pt\\\/#website\"},\"primaryImageOfPage\":{\"@id\":\"https:\\\/\\\/transportjournal.com\\\/pt-pt\\\/2026\\\/03\\\/12\\\/awery-integra-a-ferramenta-co2-connect-da-iata\\\/#primaryimage\"},\"image\":{\"@id\":\"https:\\\/\\\/transportjournal.com\\\/pt-pt\\\/2026\\\/03\\\/12\\\/awery-integra-a-ferramenta-co2-connect-da-iata\\\/#primaryimage\"},\"thumbnailUrl\":\"https:\\\/\\\/transportjournal.com\\\/wp-content\\\/uploads\\\/sites\\\/2\\\/2026\\\/03\\\/Awery-aspect-ratio-1400-788.jpg\",\"datePublished\":\"2026-03-12T14:13:15+00:00\",\"breadcrumb\":{\"@id\":\"https:\\\/\\\/transportjournal.com\\\/pt-pt\\\/2026\\\/03\\\/12\\\/awery-integra-a-ferramenta-co2-connect-da-iata\\\/#breadcrumb\"},\"inLanguage\":\"pt-PT\",\"potentialAction\":[{\"@type\":\"ReadAction\",\"target\":[\"https:\\\/\\\/transportjournal.com\\\/pt-pt\\\/2026\\\/03\\\/12\\\/awery-integra-a-ferramenta-co2-connect-da-iata\\\/\"]}]},{\"@type\":\"ImageObject\",\"inLanguage\":\"pt-PT\",\"@id\":\"https:\\\/\\\/transportjournal.com\\\/pt-pt\\\/2026\\\/03\\\/12\\\/awery-integra-a-ferramenta-co2-connect-da-iata\\\/#primaryimage\",\"url\":\"https:\\\/\\\/transportjournal.com\\\/wp-content\\\/uploads\\\/sites\\\/2\\\/2026\\\/03\\\/Awery-aspect-ratio-1400-788.jpg\",\"contentUrl\":\"https:\\\/\\\/transportjournal.com\\\/wp-content\\\/uploads\\\/sites\\\/2\\\/2026\\\/03\\\/Awery-aspect-ratio-1400-788.jpg\",\"width\":2560,\"height\":1441},{\"@type\":\"BreadcrumbList\",\"@id\":\"https:\\\/\\\/transportjournal.com\\\/pt-pt\\\/2026\\\/03\\\/12\\\/awery-integra-a-ferramenta-co2-connect-da-iata\\\/#breadcrumb\",\"itemListElement\":[{\"@type\":\"ListItem\",\"position\":1,\"name\":\"Startseite\",\"item\":\"https:\\\/\\\/transportjournal.com\\\/pt-pt\\\/\"},{\"@type\":\"ListItem\",\"position\":2,\"name\":\"Awery integra a ferramenta &#8220;CO2 Connect&#8221; da IATA\"}]},{\"@type\":\"WebSite\",\"@id\":\"https:\\\/\\\/transportjournal.com\\\/pt-pt\\\/#website\",\"url\":\"https:\\\/\\\/transportjournal.com\\\/pt-pt\\\/\",\"name\":\"ITJ | International Transport Journal\",\"description\":\"Stay informed with the latest global news from the transport, logistics, and supply chain industries. Transport Journal delivers expert insights, analysis, and updates across shipping, aviation, intermodal, and forwarding.\",\"publisher\":{\"@id\":\"https:\\\/\\\/transportjournal.com\\\/pt-pt\\\/#organization\"},\"potentialAction\":[{\"@type\":\"SearchAction\",\"target\":{\"@type\":\"EntryPoint\",\"urlTemplate\":\"https:\\\/\\\/transportjournal.com\\\/pt-pt\\\/?s={search_term_string}\"},\"query-input\":{\"@type\":\"PropertyValueSpecification\",\"valueRequired\":true,\"valueName\":\"search_term_string\"}}],\"inLanguage\":\"pt-PT\"},{\"@type\":\"Organization\",\"@id\":\"https:\\\/\\\/transportjournal.com\\\/pt-pt\\\/#organization\",\"name\":\"Logismedia Group AG\",\"alternateName\":\"Logismedia Group AG\",\"url\":\"https:\\\/\\\/transportjournal.com\\\/pt-pt\\\/\",\"logo\":{\"@type\":\"ImageObject\",\"inLanguage\":\"pt-PT\",\"@id\":\"https:\\\/\\\/transportjournal.com\\\/pt-pt\\\/#\\\/schema\\\/logo\\\/image\\\/\",\"url\":\"https:\\\/\\\/transportjournal.com\\\/wp-content\\\/uploads\\\/sites\\\/2\\\/2025\\\/09\\\/Logo_ITJ.png\",\"contentUrl\":\"https:\\\/\\\/transportjournal.com\\\/wp-content\\\/uploads\\\/sites\\\/2\\\/2025\\\/09\\\/Logo_ITJ.png\",\"width\":799,\"height\":326,\"caption\":\"Logismedia Group AG\"},\"image\":{\"@id\":\"https:\\\/\\\/transportjournal.com\\\/pt-pt\\\/#\\\/schema\\\/logo\\\/image\\\/\"},\"sameAs\":[\"https:\\\/\\\/www.linkedin.com\\\/company\\\/56456496\\\/admin\\\/dashboard\\\/\",\"https:\\\/\\\/www.instagram.com\\\/logismediagroup\\\/\",\"https:\\\/\\\/www.youtube.com\\\/@LogiamediaGroupAG\"]},{\"@type\":\"Person\",\"@id\":\"https:\\\/\\\/transportjournal.com\\\/pt-pt\\\/#\\\/schema\\\/person\\\/41d36b5474b623392fa613e97e2363fa\",\"name\":\"Jeremy Soland\",\"url\":\"https:\\\/\\\/transportjournal.com\\\/pt-pt\\\/author\\\/jeremy\\\/\"}]}<\/script>\n<!-- \/ Yoast SEO plugin. -->","yoast_head_json":{"title":"Awery integra a ferramenta &#8222;CO2 Connect&#8220; da IATA - ITJ | International Transport Journal","robots":{"index":"index","follow":"follow","max-snippet":"max-snippet:-1","max-image-preview":"max-image-preview:large","max-video-preview":"max-video-preview:-1"},"canonical":"https:\/\/transportjournal.com\/pt-pt\/2026\/03\/12\/awery-integra-a-ferramenta-co2-connect-da-iata\/","og_locale":"pt_PT","og_type":"article","og_title":"Awery integra a ferramenta &#8222;CO2 Connect&#8220; da IATA - ITJ | International Transport Journal","og_description":"A Awery Aviation Software anunciou a integra\u00e7\u00e3o da ferramenta \"CO2 Connect\" da IATA para frete em sua plataforma, a fim de fornecer dados de emiss\u00f5es mais precisos para a ind\u00fastria de frete a\u00e9reo.","og_url":"https:\/\/transportjournal.com\/pt-pt\/2026\/03\/12\/awery-integra-a-ferramenta-co2-connect-da-iata\/","og_site_name":"ITJ | International Transport Journal","article_published_time":"2026-03-12T14:13:15+00:00","og_image":[{"width":2560,"height":1441,"url":"https:\/\/transportjournal.com\/wp-content\/uploads\/sites\/2\/2026\/03\/Awery-aspect-ratio-1400-788.jpg","type":"image\/jpeg"}],"author":"Jeremy Soland","twitter_card":"summary_large_image","twitter_misc":{"Escrito por":"Jeremy Soland","Tempo estimado de leitura":"1 minuto"},"schema":{"@context":"https:\/\/schema.org","@graph":[{"@type":"Article","@id":"https:\/\/transportjournal.com\/pt-pt\/2026\/03\/12\/awery-integra-a-ferramenta-co2-connect-da-iata\/#article","isPartOf":{"@id":"https:\/\/transportjournal.com\/pt-pt\/2026\/03\/12\/awery-integra-a-ferramenta-co2-connect-da-iata\/"},"author":{"name":"Jeremy Soland","@id":"https:\/\/transportjournal.com\/pt-pt\/#\/schema\/person\/41d36b5474b623392fa613e97e2363fa"},"headline":"Awery integra a ferramenta &#8220;CO2 Connect&#8221; da IATA","datePublished":"2026-03-12T14:13:15+00:00","mainEntityOfPage":{"@id":"https:\/\/transportjournal.com\/pt-pt\/2026\/03\/12\/awery-integra-a-ferramenta-co2-connect-da-iata\/"},"wordCount":202,"commentCount":0,"publisher":{"@id":"https:\/\/transportjournal.com\/pt-pt\/#organization"},"image":{"@id":"https:\/\/transportjournal.com\/pt-pt\/2026\/03\/12\/awery-integra-a-ferramenta-co2-connect-da-iata\/#primaryimage"},"thumbnailUrl":"https:\/\/transportjournal.com\/wp-content\/uploads\/sites\/2\/2026\/03\/Awery-aspect-ratio-1400-788.jpg","keywords":["air freight CO2 management","air freight efficiency improvement","air freight emissions data","air freight industry digitalization","air freight infrastructure","air freight market","air freight technology Fran\u00e7ais Awery","am\u00e9lioration efficacit\u00e9 fret a\u00e9rien","aviation industry sustainability","cadre GLEC 3.2","calculs CO2 fret","cargo and passenger load factors","cargo CO2 calculations","CO2 Connect for Cargo","CO2 Connect f\u00fcr Cargo","CO2 Connect pour Cargo","CO2 emissions data air freight","CO2 reduction aviation","CO2-Emissionsdaten Luftfracht","CO2-Reduktion Luftfahrt","Deutsch Awery","digital air freight platform","digitale Plattform Luftfracht","digitalisation secteur fret a\u00e9rien","donn\u00e9es d'\u00e9missions CO2 fret a\u00e9rien","donn\u00e9es d'\u00e9missions compagnies a\u00e9riennes","donn\u00e9es d'\u00e9missions fret a\u00e9rien","durabilit\u00e9 industrie a\u00e9ronautique","emissions data airlines","Emissionsdaten Fluggesellschaften","facteurs de charge fret et passagers","Fracht CO2-Berechnungen","Fracht- und Passagierlastfaktoren","gestion CO2 fret a\u00e9rien","GLEC Framework 3.2","IATA CO2 Connect Tool","IATA Recommended Practice 1678","infrastructure fret a\u00e9rien","ISO 14083","Luftfahrtindustrie Nachhaltigkeit","Luftfracht CO2-Management","Luftfracht Effizienzsteigerung","Luftfracht Emissionsdaten","Luftfracht Infrastruktur","Luftfracht Markt","Luftfrachtbranche Digitalisierung","Luftfrachttechnologie English Awery","march\u00e9 fret a\u00e9rien","outil CO2 Connect IATA","plateforme num\u00e9rique fret a\u00e9rien","pratique recommand\u00e9e IATA 1678","r\u00e9duction CO2 aviation","technologie fret a\u00e9rien"],"articleSection":["Transporte a\u00e9reo de mercadorias"],"inLanguage":"pt-PT","potentialAction":[{"@type":"CommentAction","name":"Comment","target":["https:\/\/transportjournal.com\/pt-pt\/2026\/03\/12\/awery-integra-a-ferramenta-co2-connect-da-iata\/#respond"]}]},{"@type":"WebPage","@id":"https:\/\/transportjournal.com\/pt-pt\/2026\/03\/12\/awery-integra-a-ferramenta-co2-connect-da-iata\/","url":"https:\/\/transportjournal.com\/pt-pt\/2026\/03\/12\/awery-integra-a-ferramenta-co2-connect-da-iata\/","name":"Awery integra a ferramenta &#8222;CO2 Connect&#8220; da IATA - ITJ | International Transport Journal","isPartOf":{"@id":"https:\/\/transportjournal.com\/pt-pt\/#website"},"primaryImageOfPage":{"@id":"https:\/\/transportjournal.com\/pt-pt\/2026\/03\/12\/awery-integra-a-ferramenta-co2-connect-da-iata\/#primaryimage"},"image":{"@id":"https:\/\/transportjournal.com\/pt-pt\/2026\/03\/12\/awery-integra-a-ferramenta-co2-connect-da-iata\/#primaryimage"},"thumbnailUrl":"https:\/\/transportjournal.com\/wp-content\/uploads\/sites\/2\/2026\/03\/Awery-aspect-ratio-1400-788.jpg","datePublished":"2026-03-12T14:13:15+00:00","breadcrumb":{"@id":"https:\/\/transportjournal.com\/pt-pt\/2026\/03\/12\/awery-integra-a-ferramenta-co2-connect-da-iata\/#breadcrumb"},"inLanguage":"pt-PT","potentialAction":[{"@type":"ReadAction","target":["https:\/\/transportjournal.com\/pt-pt\/2026\/03\/12\/awery-integra-a-ferramenta-co2-connect-da-iata\/"]}]},{"@type":"ImageObject","inLanguage":"pt-PT","@id":"https:\/\/transportjournal.com\/pt-pt\/2026\/03\/12\/awery-integra-a-ferramenta-co2-connect-da-iata\/#primaryimage","url":"https:\/\/transportjournal.com\/wp-content\/uploads\/sites\/2\/2026\/03\/Awery-aspect-ratio-1400-788.jpg","contentUrl":"https:\/\/transportjournal.com\/wp-content\/uploads\/sites\/2\/2026\/03\/Awery-aspect-ratio-1400-788.jpg","width":2560,"height":1441},{"@type":"BreadcrumbList","@id":"https:\/\/transportjournal.com\/pt-pt\/2026\/03\/12\/awery-integra-a-ferramenta-co2-connect-da-iata\/#breadcrumb","itemListElement":[{"@type":"ListItem","position":1,"name":"Startseite","item":"https:\/\/transportjournal.com\/pt-pt\/"},{"@type":"ListItem","position":2,"name":"Awery integra a ferramenta &#8220;CO2 Connect&#8221; da IATA"}]},{"@type":"WebSite","@id":"https:\/\/transportjournal.com\/pt-pt\/#website","url":"https:\/\/transportjournal.com\/pt-pt\/","name":"ITJ | International Transport Journal","description":"Stay informed with the latest global news from the transport, logistics, and supply chain industries. Transport Journal delivers expert insights, analysis, and updates across shipping, aviation, intermodal, and forwarding.","publisher":{"@id":"https:\/\/transportjournal.com\/pt-pt\/#organization"},"potentialAction":[{"@type":"SearchAction","target":{"@type":"EntryPoint","urlTemplate":"https:\/\/transportjournal.com\/pt-pt\/?s={search_term_string}"},"query-input":{"@type":"PropertyValueSpecification","valueRequired":true,"valueName":"search_term_string"}}],"inLanguage":"pt-PT"},{"@type":"Organization","@id":"https:\/\/transportjournal.com\/pt-pt\/#organization","name":"Logismedia Group AG","alternateName":"Logismedia Group AG","url":"https:\/\/transportjournal.com\/pt-pt\/","logo":{"@type":"ImageObject","inLanguage":"pt-PT","@id":"https:\/\/transportjournal.com\/pt-pt\/#\/schema\/logo\/image\/","url":"https:\/\/transportjournal.com\/wp-content\/uploads\/sites\/2\/2025\/09\/Logo_ITJ.png","contentUrl":"https:\/\/transportjournal.com\/wp-content\/uploads\/sites\/2\/2025\/09\/Logo_ITJ.png","width":799,"height":326,"caption":"Logismedia Group AG"},"image":{"@id":"https:\/\/transportjournal.com\/pt-pt\/#\/schema\/logo\/image\/"},"sameAs":["https:\/\/www.linkedin.com\/company\/56456496\/admin\/dashboard\/","https:\/\/www.instagram.com\/logismediagroup\/","https:\/\/www.youtube.com\/@LogiamediaGroupAG"]},{"@type":"Person","@id":"https:\/\/transportjournal.com\/pt-pt\/#\/schema\/person\/41d36b5474b623392fa613e97e2363fa","name":"Jeremy Soland","url":"https:\/\/transportjournal.com\/pt-pt\/author\/jeremy\/"}]}},"_links":{"self":[{"href":"https:\/\/transportjournal.com\/pt-pt\/wp-json\/wp\/v2\/posts\/80658","targetHints":{"allow":["GET"]}}],"collection":[{"href":"https:\/\/transportjournal.com\/pt-pt\/wp-json\/wp\/v2\/posts"}],"about":[{"href":"https:\/\/transportjournal.com\/pt-pt\/wp-json\/wp\/v2\/types\/post"}],"author":[{"embeddable":true,"href":"https:\/\/transportjournal.com\/pt-pt\/wp-json\/wp\/v2\/users\/10"}],"replies":[{"embeddable":true,"href":"https:\/\/transportjournal.com\/pt-pt\/wp-json\/wp\/v2\/comments?post=80658"}],"version-history":[{"count":0,"href":"https:\/\/transportjournal.com\/pt-pt\/wp-json\/wp\/v2\/posts\/80658\/revisions"}],"wp:featuredmedia":[{"embeddable":true,"href":"https:\/\/transportjournal.com\/pt-pt\/wp-json\/wp\/v2\/media\/80653"}],"wp:attachment":[{"href":"https:\/\/transportjournal.com\/pt-pt\/wp-json\/wp\/v2\/media?parent=80658"}],"wp:term":[{"taxonomy":"category","embeddable":true,"href":"https:\/\/transportjournal.com\/pt-pt\/wp-json\/wp\/v2\/categories?post=80658"},{"taxonomy":"post_tag","embeddable":true,"href":"https:\/\/transportjournal.com\/pt-pt\/wp-json\/wp\/v2\/tags?post=80658"}],"curies":[{"name":"wp","href":"https:\/\/api.w.org\/{rel}","templated":true}]}}