{"id":80642,"date":"2026-03-12T13:41:18","date_gmt":"2026-03-12T13:41:18","guid":{"rendered":"https:\/\/transportjournal.com\/2026\/03\/12\/ropel-lidera-equipe-de-transporte-refrigerado-da-nosta-na-polonia\/"},"modified":"2026-03-12T13:41:18","modified_gmt":"2026-03-12T13:41:18","slug":"ropel-lidera-equipe-de-transporte-refrigerado-da-nosta-na-polonia","status":"publish","type":"post","link":"https:\/\/transportjournal.com\/pt-pt\/2026\/03\/12\/ropel-lidera-equipe-de-transporte-refrigerado-da-nosta-na-polonia\/","title":{"rendered":"Ropel lidera equipe de transporte refrigerado da NOSTA na Pol\u00f4nia"},"content":{"rendered":"<p>A NOSTA Logistik Sp. z o.o. ampliou suas atividades na \u00e1rea de transportes rodovi\u00e1rios com temperatura controlada na Pol\u00f4nia, em resposta \u00e0 crescente demanda nesse segmento, conforme informado pela empresa. De acordo com um comunicado, a empresa registrou um aumento de volume de 20 por cento e foca especialmente em transportes promocionais cr\u00edticos em termos de tempo para redes de varejo, que exigem janelas de entrega apertadas. Para fortalecer as estruturas operacionais, Agnieszka Ropel foi nomeada l\u00edder da equipe de transportes refrigerados da filial polonesa.<\/p>\n<h3>Amplia\u00e7\u00e3o das capacidades operacionais<\/h3>\n<p>Agnieszka Ropel traz, segundo a empresa, uma longa experi\u00eancia adquirida em sua atua\u00e7\u00e3o na NOSTA Logistik e assumir\u00e1 a responsabilidade pela coordena\u00e7\u00e3o dos transportes com temperatura controlada. Suas tarefas incluem a otimiza\u00e7\u00e3o dos processos de transporte, bem como a manuten\u00e7\u00e3o das rela\u00e7\u00f5es com os parceiros de transporte. Al\u00e9m disso, ela ser\u00e1 respons\u00e1vel pela verifica\u00e7\u00e3o dos prestadores de servi\u00e7os de transporte e dever\u00e1 garantir o desenvolvimento cont\u00ednuo de padr\u00f5es de qualidade e seguran\u00e7a dentro da cadeia de frio.<\/p>\n<p><a href=\"https:\/\/www.nosta-group.com\/\" target=\"_blank\" rel=\"noopener noreferrer\">www.nosta-group.com<\/a><\/p>\n","protected":false},"excerpt":{"rendered":"<p>A NOSTA Logistik Sp. z o.o. expandiu seus transportes rodovi\u00e1rios com controle de temperatura e nomeou Agnieszka Ropel como l\u00edder da equipe de transportes refrigerados para aumentar a efici\u00eancia.<\/p>\n","protected":false},"author":10,"featured_media":80637,"comment_status":"open","ping_status":"","sticky":false,"template":"","format":"standard","meta":{"_acf_changed":false,"footnotes":""},"categories":[1623,1617,1615],"tags":[26383,26384,24771,26385,26386,26387,26388,2355,2356,24777,26389,26390,26391,2122,26392,2123,26393,26394,26395,26396,26397,2133,26398,1831,7733,26399,26400,26401,2479,2148,26402,26403,26404,24797,8461,2153,2339,4268,2394,26405,2106,4269,26406,12724,26407,26408,26409,6143,26410,26411,26412,26413,26414,26415,26416],"class_list":["post-80642","post","type-post","status-publish","format-standard","has-post-thumbnail","hentry","category-europa","category-expedicao-e-logistica","category-pessoas-e-empresas","tag-agnieszka-ropel","tag-assurance-qualite-chaine-du-froid","tag-chaines-de-distribution","tag-cold-chain-quality-assurance","tag-croissance-des-volumes-logistiques","tag-delivery-time-windows","tag-deutsch-nosta-logistik","tag-digital-logistics-solutions","tag-digitale-logistikloesungen","tag-einzelhandelsketten","tag-elargir-les-capacites-operationnelles","tag-equipe-de-transport-refrigere","tag-expand-operational-capacity","tag-fachkraeftemangel-logistik","tag-fenetres-de-livraison","tag-gestion-de-la-chaine-dapprovisionnement","tag-kuehlkette-qualitaetssicherung","tag-kuehltransporte-polen","tag-kuehltransportteam","tag-lieferzeitfenster","tag-logistics-industry-francais-nosta-logistique","tag-logistics-service-providers","tag-logistikbranche-english-nosta-logistics","tag-logistikdienstleister","tag-nachhaltige-transportloesungen","tag-operative-kapazitaeten-erweitern","tag-optimiser-les-processus-de-transport","tag-optimize-transport-processes","tag-penurie-de-competences-logistique","tag-prestataires-de-services-logistiques","tag-refrigerated-transport-poland","tag-refrigerated-transport-team","tag-relations-avec-les-partenaires-de-transport","tag-retail-chains","tag-road-transport","tag-secteur-logistique","tag-skills-shortage-logistics","tag-solutions-de-transport-durables","tag-solutions-logistiques-numeriques","tag-strassentransporte","tag-supply-chain-management","tag-sustainable-transport-solutions","tag-temperature-controlled-transport","tag-temperaturgefuehrte-transporte","tag-time-sensitive-transport","tag-transport-partner-relationships","tag-transport-refrigere-pologne","tag-transport-routier","tag-transport-sensible-au-temps","tag-transport-sous-temperature-controlee","tag-transportablaeufe-optimieren","tag-transportpartner-beziehungen","tag-volume-growth-logistics","tag-volumenzuwachs-logistik","tag-zeitkritische-transporte"],"acf":[],"yoast_head":"<!-- This site is optimized with the Yoast SEO plugin v27.3 - https:\/\/yoast.com\/product\/yoast-seo-wordpress\/ -->\n<title>Ropel lidera equipe de transporte refrigerado da NOSTA na Pol\u00f4nia - ITJ | International Transport Journal<\/title>\n<meta name=\"robots\" content=\"index, follow, max-snippet:-1, max-image-preview:large, max-video-preview:-1\" \/>\n<link rel=\"canonical\" href=\"https:\/\/transportjournal.com\/pt-pt\/2026\/03\/12\/ropel-lidera-equipe-de-transporte-refrigerado-da-nosta-na-polonia\/\" \/>\n<meta property=\"og:locale\" content=\"pt_PT\" \/>\n<meta property=\"og:type\" content=\"article\" \/>\n<meta property=\"og:title\" content=\"Ropel lidera equipe de transporte refrigerado da NOSTA na Pol\u00f4nia - ITJ | International Transport Journal\" \/>\n<meta property=\"og:description\" content=\"A NOSTA Logistik Sp. z o.o. expandiu seus transportes rodovi\u00e1rios com controle de temperatura e nomeou Agnieszka Ropel como l\u00edder da equipe de transportes refrigerados para aumentar a efici\u00eancia.\" \/>\n<meta property=\"og:url\" content=\"https:\/\/transportjournal.com\/pt-pt\/2026\/03\/12\/ropel-lidera-equipe-de-transporte-refrigerado-da-nosta-na-polonia\/\" \/>\n<meta property=\"og:site_name\" content=\"ITJ | International Transport Journal\" \/>\n<meta property=\"article:published_time\" content=\"2026-03-12T13:41:18+00:00\" \/>\n<meta property=\"og:image\" content=\"https:\/\/transportjournal.com\/wp-content\/uploads\/sites\/2\/2026\/03\/36280b9a-5596-4f46-ab39-bfa853ee5ec7-aspect-ratio-1400-788.jpg\" \/>\n\t<meta property=\"og:image:width\" content=\"1920\" \/>\n\t<meta property=\"og:image:height\" content=\"1081\" \/>\n\t<meta property=\"og:image:type\" content=\"image\/jpeg\" \/>\n<meta name=\"author\" content=\"Jeremy Soland\" \/>\n<meta name=\"twitter:card\" content=\"summary_large_image\" \/>\n<meta name=\"twitter:label1\" content=\"Escrito por\" \/>\n\t<meta name=\"twitter:data1\" content=\"Jeremy Soland\" \/>\n\t<meta name=\"twitter:label2\" content=\"Tempo estimado de leitura\" \/>\n\t<meta name=\"twitter:data2\" content=\"1 minuto\" \/>\n<script type=\"application\/ld+json\" class=\"yoast-schema-graph\">{\"@context\":\"https:\\\/\\\/schema.org\",\"@graph\":[{\"@type\":\"Article\",\"@id\":\"https:\\\/\\\/transportjournal.com\\\/pt-pt\\\/2026\\\/03\\\/12\\\/ropel-lidera-equipe-de-transporte-refrigerado-da-nosta-na-polonia\\\/#article\",\"isPartOf\":{\"@id\":\"https:\\\/\\\/transportjournal.com\\\/pt-pt\\\/2026\\\/03\\\/12\\\/ropel-lidera-equipe-de-transporte-refrigerado-da-nosta-na-polonia\\\/\"},\"author\":{\"name\":\"Jeremy Soland\",\"@id\":\"https:\\\/\\\/transportjournal.com\\\/pt-pt\\\/#\\\/schema\\\/person\\\/41d36b5474b623392fa613e97e2363fa\"},\"headline\":\"Ropel lidera equipe de transporte refrigerado da NOSTA na Pol\u00f4nia\",\"datePublished\":\"2026-03-12T13:41:18+00:00\",\"mainEntityOfPage\":{\"@id\":\"https:\\\/\\\/transportjournal.com\\\/pt-pt\\\/2026\\\/03\\\/12\\\/ropel-lidera-equipe-de-transporte-refrigerado-da-nosta-na-polonia\\\/\"},\"wordCount\":197,\"commentCount\":0,\"publisher\":{\"@id\":\"https:\\\/\\\/transportjournal.com\\\/pt-pt\\\/#organization\"},\"image\":{\"@id\":\"https:\\\/\\\/transportjournal.com\\\/pt-pt\\\/2026\\\/03\\\/12\\\/ropel-lidera-equipe-de-transporte-refrigerado-da-nosta-na-polonia\\\/#primaryimage\"},\"thumbnailUrl\":\"https:\\\/\\\/transportjournal.com\\\/wp-content\\\/uploads\\\/sites\\\/2\\\/2026\\\/03\\\/36280b9a-5596-4f46-ab39-bfa853ee5ec7-aspect-ratio-1400-788.jpg\",\"keywords\":[\"Agnieszka Ropel\",\"assurance qualit\u00e9 cha\u00eene du froid\",\"cha\u00eenes de distribution\",\"cold chain quality assurance\",\"croissance des volumes logistiques\",\"delivery time windows\",\"Deutsch NOSTA Logistik\",\"digital logistics solutions\",\"digitale Logistikl\u00f6sungen\",\"Einzelhandelsketten\",\"\u00e9largir les capacit\u00e9s op\u00e9rationnelles\",\"\u00e9quipe de transport r\u00e9frig\u00e9r\u00e9\",\"expand operational capacity\",\"Fachkr\u00e4ftemangel Logistik\",\"fen\u00eatres de livraison\",\"gestion de la cha\u00eene d'approvisionnement\",\"K\u00fchlkette Qualit\u00e4tssicherung\",\"K\u00fchltransporte Polen\",\"K\u00fchltransportteam\",\"Lieferzeitfenster\",\"logistics industry Fran\u00e7ais NOSTA Logistique\",\"logistics service providers\",\"Logistikbranche English NOSTA Logistics\",\"Logistikdienstleister\",\"nachhaltige Transportl\u00f6sungen\",\"operative Kapazit\u00e4ten erweitern\",\"optimiser les processus de transport\",\"optimize transport processes\",\"p\u00e9nurie de comp\u00e9tences logistique\",\"prestataires de services logistiques\",\"refrigerated transport Poland\",\"refrigerated transport team\",\"relations avec les partenaires de transport\",\"retail chains\",\"road transport\",\"secteur logistique\",\"skills shortage logistics\",\"solutions de transport durables\",\"solutions logistiques num\u00e9riques\",\"Strassentransporte\",\"Supply Chain Management\",\"sustainable transport solutions\",\"temperature-controlled transport\",\"temperaturgef\u00fchrte Transporte\",\"time-sensitive transport\",\"transport partner relationships\",\"transport r\u00e9frig\u00e9r\u00e9 Pologne\",\"Transport routier\",\"transport sensible au temps\",\"transport sous temp\u00e9rature contr\u00f4l\u00e9e\",\"Transportabl\u00e4ufe optimieren\",\"Transportpartner Beziehungen\",\"volume growth logistics\",\"Volumenzuwachs Logistik\",\"zeitkritische Transporte\"],\"articleSection\":[\"Europa\",\"Expedi\u00e7\u00e3o de Mercadorias e Log\u00edstica\",\"Pessoas e empresas\"],\"inLanguage\":\"pt-PT\",\"potentialAction\":[{\"@type\":\"CommentAction\",\"name\":\"Comment\",\"target\":[\"https:\\\/\\\/transportjournal.com\\\/pt-pt\\\/2026\\\/03\\\/12\\\/ropel-lidera-equipe-de-transporte-refrigerado-da-nosta-na-polonia\\\/#respond\"]}]},{\"@type\":\"WebPage\",\"@id\":\"https:\\\/\\\/transportjournal.com\\\/pt-pt\\\/2026\\\/03\\\/12\\\/ropel-lidera-equipe-de-transporte-refrigerado-da-nosta-na-polonia\\\/\",\"url\":\"https:\\\/\\\/transportjournal.com\\\/pt-pt\\\/2026\\\/03\\\/12\\\/ropel-lidera-equipe-de-transporte-refrigerado-da-nosta-na-polonia\\\/\",\"name\":\"Ropel lidera equipe de transporte refrigerado da NOSTA na Pol\u00f4nia - ITJ | International Transport Journal\",\"isPartOf\":{\"@id\":\"https:\\\/\\\/transportjournal.com\\\/pt-pt\\\/#website\"},\"primaryImageOfPage\":{\"@id\":\"https:\\\/\\\/transportjournal.com\\\/pt-pt\\\/2026\\\/03\\\/12\\\/ropel-lidera-equipe-de-transporte-refrigerado-da-nosta-na-polonia\\\/#primaryimage\"},\"image\":{\"@id\":\"https:\\\/\\\/transportjournal.com\\\/pt-pt\\\/2026\\\/03\\\/12\\\/ropel-lidera-equipe-de-transporte-refrigerado-da-nosta-na-polonia\\\/#primaryimage\"},\"thumbnailUrl\":\"https:\\\/\\\/transportjournal.com\\\/wp-content\\\/uploads\\\/sites\\\/2\\\/2026\\\/03\\\/36280b9a-5596-4f46-ab39-bfa853ee5ec7-aspect-ratio-1400-788.jpg\",\"datePublished\":\"2026-03-12T13:41:18+00:00\",\"breadcrumb\":{\"@id\":\"https:\\\/\\\/transportjournal.com\\\/pt-pt\\\/2026\\\/03\\\/12\\\/ropel-lidera-equipe-de-transporte-refrigerado-da-nosta-na-polonia\\\/#breadcrumb\"},\"inLanguage\":\"pt-PT\",\"potentialAction\":[{\"@type\":\"ReadAction\",\"target\":[\"https:\\\/\\\/transportjournal.com\\\/pt-pt\\\/2026\\\/03\\\/12\\\/ropel-lidera-equipe-de-transporte-refrigerado-da-nosta-na-polonia\\\/\"]}]},{\"@type\":\"ImageObject\",\"inLanguage\":\"pt-PT\",\"@id\":\"https:\\\/\\\/transportjournal.com\\\/pt-pt\\\/2026\\\/03\\\/12\\\/ropel-lidera-equipe-de-transporte-refrigerado-da-nosta-na-polonia\\\/#primaryimage\",\"url\":\"https:\\\/\\\/transportjournal.com\\\/wp-content\\\/uploads\\\/sites\\\/2\\\/2026\\\/03\\\/36280b9a-5596-4f46-ab39-bfa853ee5ec7-aspect-ratio-1400-788.jpg\",\"contentUrl\":\"https:\\\/\\\/transportjournal.com\\\/wp-content\\\/uploads\\\/sites\\\/2\\\/2026\\\/03\\\/36280b9a-5596-4f46-ab39-bfa853ee5ec7-aspect-ratio-1400-788.jpg\",\"width\":1920,\"height\":1081},{\"@type\":\"BreadcrumbList\",\"@id\":\"https:\\\/\\\/transportjournal.com\\\/pt-pt\\\/2026\\\/03\\\/12\\\/ropel-lidera-equipe-de-transporte-refrigerado-da-nosta-na-polonia\\\/#breadcrumb\",\"itemListElement\":[{\"@type\":\"ListItem\",\"position\":1,\"name\":\"Startseite\",\"item\":\"https:\\\/\\\/transportjournal.com\\\/pt-pt\\\/\"},{\"@type\":\"ListItem\",\"position\":2,\"name\":\"Ropel lidera equipe de transporte refrigerado da NOSTA na Pol\u00f4nia\"}]},{\"@type\":\"WebSite\",\"@id\":\"https:\\\/\\\/transportjournal.com\\\/pt-pt\\\/#website\",\"url\":\"https:\\\/\\\/transportjournal.com\\\/pt-pt\\\/\",\"name\":\"ITJ | International Transport Journal\",\"description\":\"Stay informed with the latest global news from the transport, logistics, and supply chain industries. Transport Journal delivers expert insights, analysis, and updates across shipping, aviation, intermodal, and forwarding.\",\"publisher\":{\"@id\":\"https:\\\/\\\/transportjournal.com\\\/pt-pt\\\/#organization\"},\"potentialAction\":[{\"@type\":\"SearchAction\",\"target\":{\"@type\":\"EntryPoint\",\"urlTemplate\":\"https:\\\/\\\/transportjournal.com\\\/pt-pt\\\/?s={search_term_string}\"},\"query-input\":{\"@type\":\"PropertyValueSpecification\",\"valueRequired\":true,\"valueName\":\"search_term_string\"}}],\"inLanguage\":\"pt-PT\"},{\"@type\":\"Organization\",\"@id\":\"https:\\\/\\\/transportjournal.com\\\/pt-pt\\\/#organization\",\"name\":\"Logismedia Group AG\",\"alternateName\":\"Logismedia Group AG\",\"url\":\"https:\\\/\\\/transportjournal.com\\\/pt-pt\\\/\",\"logo\":{\"@type\":\"ImageObject\",\"inLanguage\":\"pt-PT\",\"@id\":\"https:\\\/\\\/transportjournal.com\\\/pt-pt\\\/#\\\/schema\\\/logo\\\/image\\\/\",\"url\":\"https:\\\/\\\/transportjournal.com\\\/wp-content\\\/uploads\\\/sites\\\/2\\\/2025\\\/09\\\/Logo_ITJ.png\",\"contentUrl\":\"https:\\\/\\\/transportjournal.com\\\/wp-content\\\/uploads\\\/sites\\\/2\\\/2025\\\/09\\\/Logo_ITJ.png\",\"width\":799,\"height\":326,\"caption\":\"Logismedia Group AG\"},\"image\":{\"@id\":\"https:\\\/\\\/transportjournal.com\\\/pt-pt\\\/#\\\/schema\\\/logo\\\/image\\\/\"},\"sameAs\":[\"https:\\\/\\\/www.linkedin.com\\\/company\\\/56456496\\\/admin\\\/dashboard\\\/\",\"https:\\\/\\\/www.instagram.com\\\/logismediagroup\\\/\",\"https:\\\/\\\/www.youtube.com\\\/@LogiamediaGroupAG\"]},{\"@type\":\"Person\",\"@id\":\"https:\\\/\\\/transportjournal.com\\\/pt-pt\\\/#\\\/schema\\\/person\\\/41d36b5474b623392fa613e97e2363fa\",\"name\":\"Jeremy Soland\",\"url\":\"https:\\\/\\\/transportjournal.com\\\/pt-pt\\\/author\\\/jeremy\\\/\"}]}<\/script>\n<!-- \/ Yoast SEO plugin. -->","yoast_head_json":{"title":"Ropel lidera equipe de transporte refrigerado da NOSTA na Pol\u00f4nia - ITJ | International Transport Journal","robots":{"index":"index","follow":"follow","max-snippet":"max-snippet:-1","max-image-preview":"max-image-preview:large","max-video-preview":"max-video-preview:-1"},"canonical":"https:\/\/transportjournal.com\/pt-pt\/2026\/03\/12\/ropel-lidera-equipe-de-transporte-refrigerado-da-nosta-na-polonia\/","og_locale":"pt_PT","og_type":"article","og_title":"Ropel lidera equipe de transporte refrigerado da NOSTA na Pol\u00f4nia - ITJ | International Transport Journal","og_description":"A NOSTA Logistik Sp. z o.o. expandiu seus transportes rodovi\u00e1rios com controle de temperatura e nomeou Agnieszka Ropel como l\u00edder da equipe de transportes refrigerados para aumentar a efici\u00eancia.","og_url":"https:\/\/transportjournal.com\/pt-pt\/2026\/03\/12\/ropel-lidera-equipe-de-transporte-refrigerado-da-nosta-na-polonia\/","og_site_name":"ITJ | International Transport Journal","article_published_time":"2026-03-12T13:41:18+00:00","og_image":[{"width":1920,"height":1081,"url":"https:\/\/transportjournal.com\/wp-content\/uploads\/sites\/2\/2026\/03\/36280b9a-5596-4f46-ab39-bfa853ee5ec7-aspect-ratio-1400-788.jpg","type":"image\/jpeg"}],"author":"Jeremy Soland","twitter_card":"summary_large_image","twitter_misc":{"Escrito por":"Jeremy Soland","Tempo estimado de leitura":"1 minuto"},"schema":{"@context":"https:\/\/schema.org","@graph":[{"@type":"Article","@id":"https:\/\/transportjournal.com\/pt-pt\/2026\/03\/12\/ropel-lidera-equipe-de-transporte-refrigerado-da-nosta-na-polonia\/#article","isPartOf":{"@id":"https:\/\/transportjournal.com\/pt-pt\/2026\/03\/12\/ropel-lidera-equipe-de-transporte-refrigerado-da-nosta-na-polonia\/"},"author":{"name":"Jeremy Soland","@id":"https:\/\/transportjournal.com\/pt-pt\/#\/schema\/person\/41d36b5474b623392fa613e97e2363fa"},"headline":"Ropel lidera equipe de transporte refrigerado da NOSTA na Pol\u00f4nia","datePublished":"2026-03-12T13:41:18+00:00","mainEntityOfPage":{"@id":"https:\/\/transportjournal.com\/pt-pt\/2026\/03\/12\/ropel-lidera-equipe-de-transporte-refrigerado-da-nosta-na-polonia\/"},"wordCount":197,"commentCount":0,"publisher":{"@id":"https:\/\/transportjournal.com\/pt-pt\/#organization"},"image":{"@id":"https:\/\/transportjournal.com\/pt-pt\/2026\/03\/12\/ropel-lidera-equipe-de-transporte-refrigerado-da-nosta-na-polonia\/#primaryimage"},"thumbnailUrl":"https:\/\/transportjournal.com\/wp-content\/uploads\/sites\/2\/2026\/03\/36280b9a-5596-4f46-ab39-bfa853ee5ec7-aspect-ratio-1400-788.jpg","keywords":["Agnieszka Ropel","assurance qualit\u00e9 cha\u00eene du froid","cha\u00eenes de distribution","cold chain quality assurance","croissance des volumes logistiques","delivery time windows","Deutsch NOSTA Logistik","digital logistics solutions","digitale Logistikl\u00f6sungen","Einzelhandelsketten","\u00e9largir les capacit\u00e9s op\u00e9rationnelles","\u00e9quipe de transport r\u00e9frig\u00e9r\u00e9","expand operational capacity","Fachkr\u00e4ftemangel Logistik","fen\u00eatres de livraison","gestion de la cha\u00eene d'approvisionnement","K\u00fchlkette Qualit\u00e4tssicherung","K\u00fchltransporte Polen","K\u00fchltransportteam","Lieferzeitfenster","logistics industry Fran\u00e7ais NOSTA Logistique","logistics service providers","Logistikbranche English NOSTA Logistics","Logistikdienstleister","nachhaltige Transportl\u00f6sungen","operative Kapazit\u00e4ten erweitern","optimiser les processus de transport","optimize transport processes","p\u00e9nurie de comp\u00e9tences logistique","prestataires de services logistiques","refrigerated transport Poland","refrigerated transport team","relations avec les partenaires de transport","retail chains","road transport","secteur logistique","skills shortage logistics","solutions de transport durables","solutions logistiques num\u00e9riques","Strassentransporte","Supply Chain Management","sustainable transport solutions","temperature-controlled transport","temperaturgef\u00fchrte Transporte","time-sensitive transport","transport partner relationships","transport r\u00e9frig\u00e9r\u00e9 Pologne","Transport routier","transport sensible au temps","transport sous temp\u00e9rature contr\u00f4l\u00e9e","Transportabl\u00e4ufe optimieren","Transportpartner Beziehungen","volume growth logistics","Volumenzuwachs Logistik","zeitkritische Transporte"],"articleSection":["Europa","Expedi\u00e7\u00e3o de Mercadorias e Log\u00edstica","Pessoas e empresas"],"inLanguage":"pt-PT","potentialAction":[{"@type":"CommentAction","name":"Comment","target":["https:\/\/transportjournal.com\/pt-pt\/2026\/03\/12\/ropel-lidera-equipe-de-transporte-refrigerado-da-nosta-na-polonia\/#respond"]}]},{"@type":"WebPage","@id":"https:\/\/transportjournal.com\/pt-pt\/2026\/03\/12\/ropel-lidera-equipe-de-transporte-refrigerado-da-nosta-na-polonia\/","url":"https:\/\/transportjournal.com\/pt-pt\/2026\/03\/12\/ropel-lidera-equipe-de-transporte-refrigerado-da-nosta-na-polonia\/","name":"Ropel lidera equipe de transporte refrigerado da NOSTA na Pol\u00f4nia - ITJ | International Transport Journal","isPartOf":{"@id":"https:\/\/transportjournal.com\/pt-pt\/#website"},"primaryImageOfPage":{"@id":"https:\/\/transportjournal.com\/pt-pt\/2026\/03\/12\/ropel-lidera-equipe-de-transporte-refrigerado-da-nosta-na-polonia\/#primaryimage"},"image":{"@id":"https:\/\/transportjournal.com\/pt-pt\/2026\/03\/12\/ropel-lidera-equipe-de-transporte-refrigerado-da-nosta-na-polonia\/#primaryimage"},"thumbnailUrl":"https:\/\/transportjournal.com\/wp-content\/uploads\/sites\/2\/2026\/03\/36280b9a-5596-4f46-ab39-bfa853ee5ec7-aspect-ratio-1400-788.jpg","datePublished":"2026-03-12T13:41:18+00:00","breadcrumb":{"@id":"https:\/\/transportjournal.com\/pt-pt\/2026\/03\/12\/ropel-lidera-equipe-de-transporte-refrigerado-da-nosta-na-polonia\/#breadcrumb"},"inLanguage":"pt-PT","potentialAction":[{"@type":"ReadAction","target":["https:\/\/transportjournal.com\/pt-pt\/2026\/03\/12\/ropel-lidera-equipe-de-transporte-refrigerado-da-nosta-na-polonia\/"]}]},{"@type":"ImageObject","inLanguage":"pt-PT","@id":"https:\/\/transportjournal.com\/pt-pt\/2026\/03\/12\/ropel-lidera-equipe-de-transporte-refrigerado-da-nosta-na-polonia\/#primaryimage","url":"https:\/\/transportjournal.com\/wp-content\/uploads\/sites\/2\/2026\/03\/36280b9a-5596-4f46-ab39-bfa853ee5ec7-aspect-ratio-1400-788.jpg","contentUrl":"https:\/\/transportjournal.com\/wp-content\/uploads\/sites\/2\/2026\/03\/36280b9a-5596-4f46-ab39-bfa853ee5ec7-aspect-ratio-1400-788.jpg","width":1920,"height":1081},{"@type":"BreadcrumbList","@id":"https:\/\/transportjournal.com\/pt-pt\/2026\/03\/12\/ropel-lidera-equipe-de-transporte-refrigerado-da-nosta-na-polonia\/#breadcrumb","itemListElement":[{"@type":"ListItem","position":1,"name":"Startseite","item":"https:\/\/transportjournal.com\/pt-pt\/"},{"@type":"ListItem","position":2,"name":"Ropel lidera equipe de transporte refrigerado da NOSTA na Pol\u00f4nia"}]},{"@type":"WebSite","@id":"https:\/\/transportjournal.com\/pt-pt\/#website","url":"https:\/\/transportjournal.com\/pt-pt\/","name":"ITJ | International Transport Journal","description":"Stay informed with the latest global news from the transport, logistics, and supply chain industries. Transport Journal delivers expert insights, analysis, and updates across shipping, aviation, intermodal, and forwarding.","publisher":{"@id":"https:\/\/transportjournal.com\/pt-pt\/#organization"},"potentialAction":[{"@type":"SearchAction","target":{"@type":"EntryPoint","urlTemplate":"https:\/\/transportjournal.com\/pt-pt\/?s={search_term_string}"},"query-input":{"@type":"PropertyValueSpecification","valueRequired":true,"valueName":"search_term_string"}}],"inLanguage":"pt-PT"},{"@type":"Organization","@id":"https:\/\/transportjournal.com\/pt-pt\/#organization","name":"Logismedia Group AG","alternateName":"Logismedia Group AG","url":"https:\/\/transportjournal.com\/pt-pt\/","logo":{"@type":"ImageObject","inLanguage":"pt-PT","@id":"https:\/\/transportjournal.com\/pt-pt\/#\/schema\/logo\/image\/","url":"https:\/\/transportjournal.com\/wp-content\/uploads\/sites\/2\/2025\/09\/Logo_ITJ.png","contentUrl":"https:\/\/transportjournal.com\/wp-content\/uploads\/sites\/2\/2025\/09\/Logo_ITJ.png","width":799,"height":326,"caption":"Logismedia Group AG"},"image":{"@id":"https:\/\/transportjournal.com\/pt-pt\/#\/schema\/logo\/image\/"},"sameAs":["https:\/\/www.linkedin.com\/company\/56456496\/admin\/dashboard\/","https:\/\/www.instagram.com\/logismediagroup\/","https:\/\/www.youtube.com\/@LogiamediaGroupAG"]},{"@type":"Person","@id":"https:\/\/transportjournal.com\/pt-pt\/#\/schema\/person\/41d36b5474b623392fa613e97e2363fa","name":"Jeremy Soland","url":"https:\/\/transportjournal.com\/pt-pt\/author\/jeremy\/"}]}},"_links":{"self":[{"href":"https:\/\/transportjournal.com\/pt-pt\/wp-json\/wp\/v2\/posts\/80642","targetHints":{"allow":["GET"]}}],"collection":[{"href":"https:\/\/transportjournal.com\/pt-pt\/wp-json\/wp\/v2\/posts"}],"about":[{"href":"https:\/\/transportjournal.com\/pt-pt\/wp-json\/wp\/v2\/types\/post"}],"author":[{"embeddable":true,"href":"https:\/\/transportjournal.com\/pt-pt\/wp-json\/wp\/v2\/users\/10"}],"replies":[{"embeddable":true,"href":"https:\/\/transportjournal.com\/pt-pt\/wp-json\/wp\/v2\/comments?post=80642"}],"version-history":[{"count":0,"href":"https:\/\/transportjournal.com\/pt-pt\/wp-json\/wp\/v2\/posts\/80642\/revisions"}],"wp:featuredmedia":[{"embeddable":true,"href":"https:\/\/transportjournal.com\/pt-pt\/wp-json\/wp\/v2\/media\/80637"}],"wp:attachment":[{"href":"https:\/\/transportjournal.com\/pt-pt\/wp-json\/wp\/v2\/media?parent=80642"}],"wp:term":[{"taxonomy":"category","embeddable":true,"href":"https:\/\/transportjournal.com\/pt-pt\/wp-json\/wp\/v2\/categories?post=80642"},{"taxonomy":"post_tag","embeddable":true,"href":"https:\/\/transportjournal.com\/pt-pt\/wp-json\/wp\/v2\/tags?post=80642"}],"curies":[{"name":"wp","href":"https:\/\/api.w.org\/{rel}","templated":true}]}}