{"id":80634,"date":"2026-03-12T11:47:26","date_gmt":"2026-03-12T11:47:26","guid":{"rendered":"https:\/\/transportjournal.com\/2026\/03\/12\/novelis-coopera-nos-trilhos-com-a-lineas\/"},"modified":"2026-03-12T11:47:26","modified_gmt":"2026-03-12T11:47:26","slug":"novelis-coopera-nos-trilhos-com-a-lineas","status":"publish","type":"post","link":"https:\/\/transportjournal.com\/pt-pt\/2026\/03\/12\/novelis-coopera-nos-trilhos-com-a-lineas\/","title":{"rendered":"Novelis coopera nos trilhos com a LINEAS"},"content":{"rendered":"<p>Novelis assinou uma parceria estrat\u00e9gica com a empresa de transporte ferrovi\u00e1rio de carga LINEAS para gerenciar o transporte de lingotes, bobinas e sucatas de alum\u00ednio por via f\u00e9rrea na Europa. O contrato prev\u00ea que mais de 1.000 trens de carga sejam utilizados anualmente para o transporte entre os diferentes locais da Novelis na Europa, conforme informado pela Novelis.<\/p>\n<h3>Distribui\u00e7\u00e3o de material por via f\u00e9rrea<\/h3>\n<p>De acordo com Roland Leder, Vice-Presidente da Cadeia de Suprimentos da Novelis Europa, a colabora\u00e7\u00e3o com a LINEAS permite uma redu\u00e7\u00e3o significativa das emiss\u00f5es de CO\u2082e. \u201cO transporte por via f\u00e9rrea economiza cerca de 78% das emiss\u00f5es de CO\u2082e em compara\u00e7\u00e3o com a estrada\u201d, afirma Leder.<\/p>\n<p>A ferrovia desempenha, segundo a empresa, um papel central na rede log\u00edstica da Novelis, representando 95% do meio de transporte mais importante para entregas de materiais entre as f\u00e1bricas na Europa. Lingotes especialmente longos, que podem pesar at\u00e9 25 toneladas, s\u00e3o predominantemente transportados por trem. Isso se deve principalmente \u00e0s restri\u00e7\u00f5es de peso para transportes rodovi\u00e1rios. Os transportes come\u00e7am na f\u00e1brica da Novelis em Nachterstedt e v\u00e3o para a f\u00e1brica da joint venture &#8222;Alunorf&#8220; em Neuss.<\/p>\n<p>A localiza\u00e7\u00e3o em G\u00f6ttingen atua, segundo a Novelis, como um hub para a rede log\u00edstica ferrovi\u00e1ria europeia da empresa. Aqui, ocorre a forma\u00e7\u00e3o dos trens, o que deve garantir uma distribui\u00e7\u00e3o eficiente de materiais dentro dos locais.<\/p>\n<p><a href=\"https:\/\/de.novelis.com\/\" target=\"_blank\" rel=\"noopener noreferrer\">www.de.novelis.com<\/a><\/p>\n","protected":false},"excerpt":{"rendered":"<p>A Novelis estabeleceu uma parceria com a LINEAS para realizar o transporte ferrovi\u00e1rio de alum\u00ednio na Europa.<\/p>\n","protected":false},"author":10,"featured_media":80629,"comment_status":"open","ping_status":"","sticky":false,"template":"","format":"standard","meta":{"_acf_changed":false,"footnotes":""},"categories":[9092,1623,1616],"tags":[26358,26359,26360,26361,26362,26363,26364,2115,4521,26365,26366,26367,26368,26369,26370,26371,26372,2125,3682,3683,26373,2131,2133,2134,1831,2136,2622,26374,26375,1800,26376,26377,3157,3566,2148,2193,4264,26378,1916,26379,2641,26380,26381,26382,4345,3852,3125,2155,1837],"class_list":["post-80634","post","type-post","status-publish","format-standard","has-post-thumbnail","hentry","category-deutschland","category-europa","category-intermodal-rodoviario","tag-aluminiumtransport","tag-aluminum-transport","tag-alunorf","tag-bahntransport","tag-coe-emissions","tag-coe-emissionen","tag-deutsch-novelis","tag-digitalisierung-in-der-logistik","tag-digitization-in-logistics","tag-distribution-de-materiel-par-rail","tag-emissions-de-coe","tag-europaeisches-schienenlogistiknetz","tag-european-rail-logistics-network","tag-fachkraeftemangel-in-der-transportbranche","tag-freight-trains-in-europe","tag-goettingen","tag-gueterzuege-in-europa","tag-industrie-du-transport","tag-infrastructure","tag-infrastruktur","tag-lineas","tag-logistics","tag-logistics-service-providers","tag-logistik","tag-logistikdienstleister","tag-logistique","tag-logistique-durable","tag-material-distribution-by-rail","tag-materialverteilung-per-schiene","tag-nachhaltige-logistik","tag-nachhaltiger-transport-english-novelis","tag-nachterstedt","tag-numerisation-dans-la-logistique","tag-penurie-de-main-doeuvre-dans-le-secteur-du-transport","tag-prestataires-de-services-logistiques","tag-rail-freight-transport","tag-rail-transport","tag-reseau-logistique-ferroviaire-europeen","tag-schienengueterverkehr","tag-skills-shortage-in-the-transport-sector","tag-sustainable-logistics","tag-sustainable-transport-francais-novelis","tag-trains-de-marchandises-en-europe","tag-transport-daluminium","tag-transport-durable","tag-transport-ferroviaire","tag-transport-ferroviaire-de-marchandises","tag-transport-industry","tag-transportwirtschaft"],"acf":[],"yoast_head":"<!-- This site is optimized with the Yoast SEO plugin v27.3 - https:\/\/yoast.com\/product\/yoast-seo-wordpress\/ -->\n<title>Novelis coopera nos trilhos com a LINEAS - ITJ | International Transport Journal<\/title>\n<meta name=\"robots\" content=\"index, follow, max-snippet:-1, max-image-preview:large, max-video-preview:-1\" \/>\n<link rel=\"canonical\" href=\"https:\/\/transportjournal.com\/pt-pt\/2026\/03\/12\/novelis-coopera-nos-trilhos-com-a-lineas\/\" \/>\n<meta property=\"og:locale\" content=\"pt_PT\" \/>\n<meta property=\"og:type\" content=\"article\" \/>\n<meta property=\"og:title\" content=\"Novelis coopera nos trilhos com a LINEAS - ITJ | International Transport Journal\" \/>\n<meta property=\"og:description\" content=\"A Novelis estabeleceu uma parceria com a LINEAS para realizar o transporte ferrovi\u00e1rio de alum\u00ednio na Europa.\" \/>\n<meta property=\"og:url\" content=\"https:\/\/transportjournal.com\/pt-pt\/2026\/03\/12\/novelis-coopera-nos-trilhos-com-a-lineas\/\" \/>\n<meta property=\"og:site_name\" content=\"ITJ | International Transport Journal\" \/>\n<meta property=\"article:published_time\" content=\"2026-03-12T11:47:26+00:00\" \/>\n<meta property=\"og:image\" content=\"https:\/\/transportjournal.com\/wp-content\/uploads\/sites\/2\/2026\/03\/da2894f0-fde6-4444-aa61-2a4704833887-aspect-ratio-1400-788.jpg\" \/>\n\t<meta property=\"og:image:width\" content=\"1920\" \/>\n\t<meta property=\"og:image:height\" content=\"1081\" \/>\n\t<meta property=\"og:image:type\" content=\"image\/jpeg\" \/>\n<meta name=\"author\" content=\"Jeremy Soland\" \/>\n<meta name=\"twitter:card\" content=\"summary_large_image\" \/>\n<meta name=\"twitter:label1\" content=\"Escrito por\" \/>\n\t<meta name=\"twitter:data1\" content=\"Jeremy Soland\" \/>\n\t<meta name=\"twitter:label2\" content=\"Tempo estimado de leitura\" \/>\n\t<meta name=\"twitter:data2\" content=\"1 minuto\" \/>\n<script type=\"application\/ld+json\" class=\"yoast-schema-graph\">{\"@context\":\"https:\\\/\\\/schema.org\",\"@graph\":[{\"@type\":\"Article\",\"@id\":\"https:\\\/\\\/transportjournal.com\\\/pt-pt\\\/2026\\\/03\\\/12\\\/novelis-coopera-nos-trilhos-com-a-lineas\\\/#article\",\"isPartOf\":{\"@id\":\"https:\\\/\\\/transportjournal.com\\\/pt-pt\\\/2026\\\/03\\\/12\\\/novelis-coopera-nos-trilhos-com-a-lineas\\\/\"},\"author\":{\"name\":\"Jeremy Soland\",\"@id\":\"https:\\\/\\\/transportjournal.com\\\/pt-pt\\\/#\\\/schema\\\/person\\\/41d36b5474b623392fa613e97e2363fa\"},\"headline\":\"Novelis coopera nos trilhos com a LINEAS\",\"datePublished\":\"2026-03-12T11:47:26+00:00\",\"mainEntityOfPage\":{\"@id\":\"https:\\\/\\\/transportjournal.com\\\/pt-pt\\\/2026\\\/03\\\/12\\\/novelis-coopera-nos-trilhos-com-a-lineas\\\/\"},\"wordCount\":259,\"commentCount\":0,\"publisher\":{\"@id\":\"https:\\\/\\\/transportjournal.com\\\/pt-pt\\\/#organization\"},\"image\":{\"@id\":\"https:\\\/\\\/transportjournal.com\\\/pt-pt\\\/2026\\\/03\\\/12\\\/novelis-coopera-nos-trilhos-com-a-lineas\\\/#primaryimage\"},\"thumbnailUrl\":\"https:\\\/\\\/transportjournal.com\\\/wp-content\\\/uploads\\\/sites\\\/2\\\/2026\\\/03\\\/da2894f0-fde6-4444-aa61-2a4704833887-aspect-ratio-1400-788.jpg\",\"keywords\":[\"Aluminiumtransport\",\"aluminum transport\",\"Alunorf\",\"Bahntransport\",\"CO\u2082e emissions\",\"CO\u2082e-Emissionen\",\"Deutsch Novelis\",\"Digitalisierung in der Logistik\",\"digitization in logistics\",\"distribution de mat\u00e9riel par rail\",\"\u00e9missions de CO\u2082e\",\"europ\u00e4isches Schienenlogistiknetz\",\"European rail logistics network\",\"Fachkr\u00e4ftemangel in der Transportbranche\",\"freight trains in Europe\",\"G\u00f6ttingen\",\"G\u00fcterz\u00fcge in Europa\",\"industrie du transport\",\"infrastructure\",\"Infrastruktur\",\"LINEAS\",\"logistics\",\"logistics service providers\",\"Logistik\",\"Logistikdienstleister\",\"logistique\",\"logistique durable\",\"material distribution by rail\",\"Materialverteilung per Schiene\",\"nachhaltige Logistik\",\"nachhaltiger Transport English Novelis\",\"Nachterstedt\",\"num\u00e9risation dans la logistique\",\"p\u00e9nurie de main-d'\u0153uvre dans le secteur du transport\",\"prestataires de services logistiques\",\"rail freight transport\",\"rail transport\",\"r\u00e9seau logistique ferroviaire europ\u00e9en\",\"Schieneng\u00fcterverkehr\",\"skills shortage in the transport sector\",\"sustainable logistics\",\"sustainable transport Fran\u00e7ais Novelis\",\"trains de marchandises en Europe\",\"transport d'aluminium\",\"transport durable\",\"transport ferroviaire\",\"transport ferroviaire de marchandises\",\"transport industry\",\"Transportwirtschaft\"],\"articleSection\":[\"Deutschland\",\"Europa\",\"Intermodal \\\/ Rodovi\u00e1rio\"],\"inLanguage\":\"pt-PT\",\"potentialAction\":[{\"@type\":\"CommentAction\",\"name\":\"Comment\",\"target\":[\"https:\\\/\\\/transportjournal.com\\\/pt-pt\\\/2026\\\/03\\\/12\\\/novelis-coopera-nos-trilhos-com-a-lineas\\\/#respond\"]}]},{\"@type\":\"WebPage\",\"@id\":\"https:\\\/\\\/transportjournal.com\\\/pt-pt\\\/2026\\\/03\\\/12\\\/novelis-coopera-nos-trilhos-com-a-lineas\\\/\",\"url\":\"https:\\\/\\\/transportjournal.com\\\/pt-pt\\\/2026\\\/03\\\/12\\\/novelis-coopera-nos-trilhos-com-a-lineas\\\/\",\"name\":\"Novelis coopera nos trilhos com a LINEAS - ITJ | International Transport Journal\",\"isPartOf\":{\"@id\":\"https:\\\/\\\/transportjournal.com\\\/pt-pt\\\/#website\"},\"primaryImageOfPage\":{\"@id\":\"https:\\\/\\\/transportjournal.com\\\/pt-pt\\\/2026\\\/03\\\/12\\\/novelis-coopera-nos-trilhos-com-a-lineas\\\/#primaryimage\"},\"image\":{\"@id\":\"https:\\\/\\\/transportjournal.com\\\/pt-pt\\\/2026\\\/03\\\/12\\\/novelis-coopera-nos-trilhos-com-a-lineas\\\/#primaryimage\"},\"thumbnailUrl\":\"https:\\\/\\\/transportjournal.com\\\/wp-content\\\/uploads\\\/sites\\\/2\\\/2026\\\/03\\\/da2894f0-fde6-4444-aa61-2a4704833887-aspect-ratio-1400-788.jpg\",\"datePublished\":\"2026-03-12T11:47:26+00:00\",\"breadcrumb\":{\"@id\":\"https:\\\/\\\/transportjournal.com\\\/pt-pt\\\/2026\\\/03\\\/12\\\/novelis-coopera-nos-trilhos-com-a-lineas\\\/#breadcrumb\"},\"inLanguage\":\"pt-PT\",\"potentialAction\":[{\"@type\":\"ReadAction\",\"target\":[\"https:\\\/\\\/transportjournal.com\\\/pt-pt\\\/2026\\\/03\\\/12\\\/novelis-coopera-nos-trilhos-com-a-lineas\\\/\"]}]},{\"@type\":\"ImageObject\",\"inLanguage\":\"pt-PT\",\"@id\":\"https:\\\/\\\/transportjournal.com\\\/pt-pt\\\/2026\\\/03\\\/12\\\/novelis-coopera-nos-trilhos-com-a-lineas\\\/#primaryimage\",\"url\":\"https:\\\/\\\/transportjournal.com\\\/wp-content\\\/uploads\\\/sites\\\/2\\\/2026\\\/03\\\/da2894f0-fde6-4444-aa61-2a4704833887-aspect-ratio-1400-788.jpg\",\"contentUrl\":\"https:\\\/\\\/transportjournal.com\\\/wp-content\\\/uploads\\\/sites\\\/2\\\/2026\\\/03\\\/da2894f0-fde6-4444-aa61-2a4704833887-aspect-ratio-1400-788.jpg\",\"width\":1920,\"height\":1081},{\"@type\":\"BreadcrumbList\",\"@id\":\"https:\\\/\\\/transportjournal.com\\\/pt-pt\\\/2026\\\/03\\\/12\\\/novelis-coopera-nos-trilhos-com-a-lineas\\\/#breadcrumb\",\"itemListElement\":[{\"@type\":\"ListItem\",\"position\":1,\"name\":\"Startseite\",\"item\":\"https:\\\/\\\/transportjournal.com\\\/pt-pt\\\/\"},{\"@type\":\"ListItem\",\"position\":2,\"name\":\"Novelis coopera nos trilhos com a LINEAS\"}]},{\"@type\":\"WebSite\",\"@id\":\"https:\\\/\\\/transportjournal.com\\\/pt-pt\\\/#website\",\"url\":\"https:\\\/\\\/transportjournal.com\\\/pt-pt\\\/\",\"name\":\"ITJ | International Transport Journal\",\"description\":\"Stay informed with the latest global news from the transport, logistics, and supply chain industries. Transport Journal delivers expert insights, analysis, and updates across shipping, aviation, intermodal, and forwarding.\",\"publisher\":{\"@id\":\"https:\\\/\\\/transportjournal.com\\\/pt-pt\\\/#organization\"},\"potentialAction\":[{\"@type\":\"SearchAction\",\"target\":{\"@type\":\"EntryPoint\",\"urlTemplate\":\"https:\\\/\\\/transportjournal.com\\\/pt-pt\\\/?s={search_term_string}\"},\"query-input\":{\"@type\":\"PropertyValueSpecification\",\"valueRequired\":true,\"valueName\":\"search_term_string\"}}],\"inLanguage\":\"pt-PT\"},{\"@type\":\"Organization\",\"@id\":\"https:\\\/\\\/transportjournal.com\\\/pt-pt\\\/#organization\",\"name\":\"Logismedia Group AG\",\"alternateName\":\"Logismedia Group AG\",\"url\":\"https:\\\/\\\/transportjournal.com\\\/pt-pt\\\/\",\"logo\":{\"@type\":\"ImageObject\",\"inLanguage\":\"pt-PT\",\"@id\":\"https:\\\/\\\/transportjournal.com\\\/pt-pt\\\/#\\\/schema\\\/logo\\\/image\\\/\",\"url\":\"https:\\\/\\\/transportjournal.com\\\/wp-content\\\/uploads\\\/sites\\\/2\\\/2025\\\/09\\\/Logo_ITJ.png\",\"contentUrl\":\"https:\\\/\\\/transportjournal.com\\\/wp-content\\\/uploads\\\/sites\\\/2\\\/2025\\\/09\\\/Logo_ITJ.png\",\"width\":799,\"height\":326,\"caption\":\"Logismedia Group AG\"},\"image\":{\"@id\":\"https:\\\/\\\/transportjournal.com\\\/pt-pt\\\/#\\\/schema\\\/logo\\\/image\\\/\"},\"sameAs\":[\"https:\\\/\\\/www.linkedin.com\\\/company\\\/56456496\\\/admin\\\/dashboard\\\/\",\"https:\\\/\\\/www.instagram.com\\\/logismediagroup\\\/\",\"https:\\\/\\\/www.youtube.com\\\/@LogiamediaGroupAG\"]},{\"@type\":\"Person\",\"@id\":\"https:\\\/\\\/transportjournal.com\\\/pt-pt\\\/#\\\/schema\\\/person\\\/41d36b5474b623392fa613e97e2363fa\",\"name\":\"Jeremy Soland\",\"url\":\"https:\\\/\\\/transportjournal.com\\\/pt-pt\\\/author\\\/jeremy\\\/\"}]}<\/script>\n<!-- \/ Yoast SEO plugin. -->","yoast_head_json":{"title":"Novelis coopera nos trilhos com a LINEAS - ITJ | International Transport Journal","robots":{"index":"index","follow":"follow","max-snippet":"max-snippet:-1","max-image-preview":"max-image-preview:large","max-video-preview":"max-video-preview:-1"},"canonical":"https:\/\/transportjournal.com\/pt-pt\/2026\/03\/12\/novelis-coopera-nos-trilhos-com-a-lineas\/","og_locale":"pt_PT","og_type":"article","og_title":"Novelis coopera nos trilhos com a LINEAS - ITJ | International Transport Journal","og_description":"A Novelis estabeleceu uma parceria com a LINEAS para realizar o transporte ferrovi\u00e1rio de alum\u00ednio na Europa.","og_url":"https:\/\/transportjournal.com\/pt-pt\/2026\/03\/12\/novelis-coopera-nos-trilhos-com-a-lineas\/","og_site_name":"ITJ | International Transport Journal","article_published_time":"2026-03-12T11:47:26+00:00","og_image":[{"width":1920,"height":1081,"url":"https:\/\/transportjournal.com\/wp-content\/uploads\/sites\/2\/2026\/03\/da2894f0-fde6-4444-aa61-2a4704833887-aspect-ratio-1400-788.jpg","type":"image\/jpeg"}],"author":"Jeremy Soland","twitter_card":"summary_large_image","twitter_misc":{"Escrito por":"Jeremy Soland","Tempo estimado de leitura":"1 minuto"},"schema":{"@context":"https:\/\/schema.org","@graph":[{"@type":"Article","@id":"https:\/\/transportjournal.com\/pt-pt\/2026\/03\/12\/novelis-coopera-nos-trilhos-com-a-lineas\/#article","isPartOf":{"@id":"https:\/\/transportjournal.com\/pt-pt\/2026\/03\/12\/novelis-coopera-nos-trilhos-com-a-lineas\/"},"author":{"name":"Jeremy Soland","@id":"https:\/\/transportjournal.com\/pt-pt\/#\/schema\/person\/41d36b5474b623392fa613e97e2363fa"},"headline":"Novelis coopera nos trilhos com a LINEAS","datePublished":"2026-03-12T11:47:26+00:00","mainEntityOfPage":{"@id":"https:\/\/transportjournal.com\/pt-pt\/2026\/03\/12\/novelis-coopera-nos-trilhos-com-a-lineas\/"},"wordCount":259,"commentCount":0,"publisher":{"@id":"https:\/\/transportjournal.com\/pt-pt\/#organization"},"image":{"@id":"https:\/\/transportjournal.com\/pt-pt\/2026\/03\/12\/novelis-coopera-nos-trilhos-com-a-lineas\/#primaryimage"},"thumbnailUrl":"https:\/\/transportjournal.com\/wp-content\/uploads\/sites\/2\/2026\/03\/da2894f0-fde6-4444-aa61-2a4704833887-aspect-ratio-1400-788.jpg","keywords":["Aluminiumtransport","aluminum transport","Alunorf","Bahntransport","CO\u2082e emissions","CO\u2082e-Emissionen","Deutsch Novelis","Digitalisierung in der Logistik","digitization in logistics","distribution de mat\u00e9riel par rail","\u00e9missions de CO\u2082e","europ\u00e4isches Schienenlogistiknetz","European rail logistics network","Fachkr\u00e4ftemangel in der Transportbranche","freight trains in Europe","G\u00f6ttingen","G\u00fcterz\u00fcge in Europa","industrie du transport","infrastructure","Infrastruktur","LINEAS","logistics","logistics service providers","Logistik","Logistikdienstleister","logistique","logistique durable","material distribution by rail","Materialverteilung per Schiene","nachhaltige Logistik","nachhaltiger Transport English Novelis","Nachterstedt","num\u00e9risation dans la logistique","p\u00e9nurie de main-d'\u0153uvre dans le secteur du transport","prestataires de services logistiques","rail freight transport","rail transport","r\u00e9seau logistique ferroviaire europ\u00e9en","Schieneng\u00fcterverkehr","skills shortage in the transport sector","sustainable logistics","sustainable transport Fran\u00e7ais Novelis","trains de marchandises en Europe","transport d'aluminium","transport durable","transport ferroviaire","transport ferroviaire de marchandises","transport industry","Transportwirtschaft"],"articleSection":["Deutschland","Europa","Intermodal \/ Rodovi\u00e1rio"],"inLanguage":"pt-PT","potentialAction":[{"@type":"CommentAction","name":"Comment","target":["https:\/\/transportjournal.com\/pt-pt\/2026\/03\/12\/novelis-coopera-nos-trilhos-com-a-lineas\/#respond"]}]},{"@type":"WebPage","@id":"https:\/\/transportjournal.com\/pt-pt\/2026\/03\/12\/novelis-coopera-nos-trilhos-com-a-lineas\/","url":"https:\/\/transportjournal.com\/pt-pt\/2026\/03\/12\/novelis-coopera-nos-trilhos-com-a-lineas\/","name":"Novelis coopera nos trilhos com a LINEAS - ITJ | International Transport Journal","isPartOf":{"@id":"https:\/\/transportjournal.com\/pt-pt\/#website"},"primaryImageOfPage":{"@id":"https:\/\/transportjournal.com\/pt-pt\/2026\/03\/12\/novelis-coopera-nos-trilhos-com-a-lineas\/#primaryimage"},"image":{"@id":"https:\/\/transportjournal.com\/pt-pt\/2026\/03\/12\/novelis-coopera-nos-trilhos-com-a-lineas\/#primaryimage"},"thumbnailUrl":"https:\/\/transportjournal.com\/wp-content\/uploads\/sites\/2\/2026\/03\/da2894f0-fde6-4444-aa61-2a4704833887-aspect-ratio-1400-788.jpg","datePublished":"2026-03-12T11:47:26+00:00","breadcrumb":{"@id":"https:\/\/transportjournal.com\/pt-pt\/2026\/03\/12\/novelis-coopera-nos-trilhos-com-a-lineas\/#breadcrumb"},"inLanguage":"pt-PT","potentialAction":[{"@type":"ReadAction","target":["https:\/\/transportjournal.com\/pt-pt\/2026\/03\/12\/novelis-coopera-nos-trilhos-com-a-lineas\/"]}]},{"@type":"ImageObject","inLanguage":"pt-PT","@id":"https:\/\/transportjournal.com\/pt-pt\/2026\/03\/12\/novelis-coopera-nos-trilhos-com-a-lineas\/#primaryimage","url":"https:\/\/transportjournal.com\/wp-content\/uploads\/sites\/2\/2026\/03\/da2894f0-fde6-4444-aa61-2a4704833887-aspect-ratio-1400-788.jpg","contentUrl":"https:\/\/transportjournal.com\/wp-content\/uploads\/sites\/2\/2026\/03\/da2894f0-fde6-4444-aa61-2a4704833887-aspect-ratio-1400-788.jpg","width":1920,"height":1081},{"@type":"BreadcrumbList","@id":"https:\/\/transportjournal.com\/pt-pt\/2026\/03\/12\/novelis-coopera-nos-trilhos-com-a-lineas\/#breadcrumb","itemListElement":[{"@type":"ListItem","position":1,"name":"Startseite","item":"https:\/\/transportjournal.com\/pt-pt\/"},{"@type":"ListItem","position":2,"name":"Novelis coopera nos trilhos com a LINEAS"}]},{"@type":"WebSite","@id":"https:\/\/transportjournal.com\/pt-pt\/#website","url":"https:\/\/transportjournal.com\/pt-pt\/","name":"ITJ | International Transport Journal","description":"Stay informed with the latest global news from the transport, logistics, and supply chain industries. Transport Journal delivers expert insights, analysis, and updates across shipping, aviation, intermodal, and forwarding.","publisher":{"@id":"https:\/\/transportjournal.com\/pt-pt\/#organization"},"potentialAction":[{"@type":"SearchAction","target":{"@type":"EntryPoint","urlTemplate":"https:\/\/transportjournal.com\/pt-pt\/?s={search_term_string}"},"query-input":{"@type":"PropertyValueSpecification","valueRequired":true,"valueName":"search_term_string"}}],"inLanguage":"pt-PT"},{"@type":"Organization","@id":"https:\/\/transportjournal.com\/pt-pt\/#organization","name":"Logismedia Group AG","alternateName":"Logismedia Group AG","url":"https:\/\/transportjournal.com\/pt-pt\/","logo":{"@type":"ImageObject","inLanguage":"pt-PT","@id":"https:\/\/transportjournal.com\/pt-pt\/#\/schema\/logo\/image\/","url":"https:\/\/transportjournal.com\/wp-content\/uploads\/sites\/2\/2025\/09\/Logo_ITJ.png","contentUrl":"https:\/\/transportjournal.com\/wp-content\/uploads\/sites\/2\/2025\/09\/Logo_ITJ.png","width":799,"height":326,"caption":"Logismedia Group AG"},"image":{"@id":"https:\/\/transportjournal.com\/pt-pt\/#\/schema\/logo\/image\/"},"sameAs":["https:\/\/www.linkedin.com\/company\/56456496\/admin\/dashboard\/","https:\/\/www.instagram.com\/logismediagroup\/","https:\/\/www.youtube.com\/@LogiamediaGroupAG"]},{"@type":"Person","@id":"https:\/\/transportjournal.com\/pt-pt\/#\/schema\/person\/41d36b5474b623392fa613e97e2363fa","name":"Jeremy Soland","url":"https:\/\/transportjournal.com\/pt-pt\/author\/jeremy\/"}]}},"_links":{"self":[{"href":"https:\/\/transportjournal.com\/pt-pt\/wp-json\/wp\/v2\/posts\/80634","targetHints":{"allow":["GET"]}}],"collection":[{"href":"https:\/\/transportjournal.com\/pt-pt\/wp-json\/wp\/v2\/posts"}],"about":[{"href":"https:\/\/transportjournal.com\/pt-pt\/wp-json\/wp\/v2\/types\/post"}],"author":[{"embeddable":true,"href":"https:\/\/transportjournal.com\/pt-pt\/wp-json\/wp\/v2\/users\/10"}],"replies":[{"embeddable":true,"href":"https:\/\/transportjournal.com\/pt-pt\/wp-json\/wp\/v2\/comments?post=80634"}],"version-history":[{"count":0,"href":"https:\/\/transportjournal.com\/pt-pt\/wp-json\/wp\/v2\/posts\/80634\/revisions"}],"wp:featuredmedia":[{"embeddable":true,"href":"https:\/\/transportjournal.com\/pt-pt\/wp-json\/wp\/v2\/media\/80629"}],"wp:attachment":[{"href":"https:\/\/transportjournal.com\/pt-pt\/wp-json\/wp\/v2\/media?parent=80634"}],"wp:term":[{"taxonomy":"category","embeddable":true,"href":"https:\/\/transportjournal.com\/pt-pt\/wp-json\/wp\/v2\/categories?post=80634"},{"taxonomy":"post_tag","embeddable":true,"href":"https:\/\/transportjournal.com\/pt-pt\/wp-json\/wp\/v2\/tags?post=80634"}],"curies":[{"name":"wp","href":"https:\/\/api.w.org\/{rel}","templated":true}]}}