{"id":80626,"date":"2026-03-12T11:51:15","date_gmt":"2026-03-12T11:51:15","guid":{"rendered":"https:\/\/transportjournal.com\/2026\/03\/12\/relatorio-dhl-sobre-a-conectividade-global\/"},"modified":"2026-03-12T11:51:15","modified_gmt":"2026-03-12T11:51:15","slug":"relatorio-dhl-sobre-a-conectividade-global","status":"publish","type":"post","link":"https:\/\/transportjournal.com\/pt-pt\/2026\/03\/12\/relatorio-dhl-sobre-a-conectividade-global\/","title":{"rendered":"Relat\u00f3rio DHL sobre a conectividade global"},"content":{"rendered":"<p>O \u00abDHL Global Connectedness Report 2026\u00bb mostra que a globaliza\u00e7\u00e3o, apesar das tens\u00f5es geopol\u00edticas, do aumento das tarifas dos EUA e das incertezas sobre as futuras pol\u00edticas comerciais, continua pr\u00f3xima de n\u00edveis recordes.<\/p>\n<p>O relat\u00f3rio, elaborado pela DHL e pela Stern School of Business da New York University, analisa mais de 9 milh\u00f5es de pontos de dados sobre fluxos internacionais de com\u00e9rcio, capital, informa\u00e7\u00f5es e pessoas. Os resultados mostram que a integra\u00e7\u00e3o econ\u00f4mica global permanece est\u00e1vel, apesar do aumento das tens\u00f5es pol\u00edticas.<\/p>\n<p>\u00c1frica ganha import\u00e2ncia nas redes globais<\/p>\n<p>O relat\u00f3rio destaca uma crescente integra\u00e7\u00e3o em partes da \u00c1frica Subsaariana. Pa\u00edses como Nam\u00edbia e Mo\u00e7ambique registraram melhorias significativas em sua conectividade global a longo prazo, enquanto Nig\u00e9ria e Z\u00e2mbia fizeram progressos not\u00e1veis desde 2022. A an\u00e1lise sugere que o aumento dos fluxos comerciais, investimentos e mobilidade transfronteiri\u00e7a apoia a maior presen\u00e7a da regi\u00e3o nos mercados internacionais.<\/p>\n<p>O estudo mede o grau de conectividade em uma escala de zero a 100%. Em 2025, o mundo alcan\u00e7ou um valor de 25%, igualando o recorde de 2022. O resultado mostra que os fluxos econ\u00f4micos transfronteiri\u00e7os continuam a crescer, apesar das incertezas geopol\u00edticas.<\/p>\n<p>O estudo tamb\u00e9m observa que a economia mundial n\u00e3o se fragmentou em blocos rivais. Embora as rela\u00e7\u00f5es comerciais entre os EUA e a China tenham diminu\u00eddo, a maioria dos pa\u00edses ainda mant\u00e9m parcerias diversificadas. Apenas uma pequena parte dos fluxos globais de com\u00e9rcio e investimento se afastou de rivais geopol\u00edticos nos \u00faltimos anos.<\/p>\n<p><a href=\"https:\/\/group.dhl.com\" target=\"_blank\" rel=\"noopener noreferrer\">https:\/\/group.dhl.com<\/a><\/p>\n","protected":false},"excerpt":{"rendered":"<p>O \u00abRelat\u00f3rio DHL Global Connectedness 2026\u00bb mostra que a globaliza\u00e7\u00e3o continua est\u00e1vel, apesar das tens\u00f5es geopol\u00edticas e incertezas comerciais.<\/p>\n","protected":false},"author":14,"featured_media":80621,"comment_status":"open","ping_status":"","sticky":false,"template":"","format":"standard","meta":{"_acf_changed":false,"footnotes":""},"categories":[1617],"tags":[26329,4555,26330,26331,11926,3739,2115,2116,26332,26333,2700,14656,5225,5226,2123,26334,26335,26336,26337,26338,2909,26339,3745,2075,26340,26341,14664,14665,26342,26343,26344,26345,8696,2133,1831,4573,11282,26346,26347,3157,2925,8704,2720,2929,2148,26348,26349,26350,26351,2106,26352,26353,2295,26354,26355,26356,26357],"class_list":["post-80626","post","type-post","status-publish","format-standard","has-post-thumbnail","hentry","category-expedicao-e-logistica","tag-afrique-subsaharienne","tag-analyse-de-marche","tag-connectivite-mondiale","tag-cross-border-mobility","tag-deutsch-dhl","tag-developpement-des-infrastructures","tag-digitalisierung-in-der-logistik","tag-digitalization-in-logistics","tag-economic-integration","tag-economic-stability","tag-fachkraeftemangel-in-der-logistik","tag-flux-commerciaux-internationaux","tag-geopolitical-tensions","tag-geopolitische-spannungen","tag-gestion-de-la-chaine-dapprovisionnement","tag-global-connectivity","tag-globale-vernetzung","tag-globalisierung","tag-globalization","tag-grenzueberschreitende-mobilitaet","tag-hafenbetrieb","tag-handelsbeziehungen-usa-china","tag-infrastructure-development","tag-infrastrukturentwicklung","tag-integration-economique","tag-international-partnerships-francais-dhl","tag-international-trade-flows","tag-internationale-handelsstroeme","tag-internationale-partnerschaften-english-dhl","tag-investissements-en-afrique","tag-investitionen-in-afrika","tag-investments-in-africa","tag-labor-shortages-in-logistics","tag-logistics-service-providers","tag-logistikdienstleister","tag-market-analysis","tag-marktanalysen","tag-mobilite-transfrontaliere","tag-mondialisation","tag-numerisation-dans-la-logistique","tag-operations-portuaires","tag-partenariats-internationaux","tag-penurie-de-main-doeuvre-dans-la-logistique","tag-port-operations","tag-prestataires-de-services-logistiques","tag-relations-commerciales-etats-unis-chine","tag-stabilite-economique","tag-sub-saharan-africa","tag-subsahara-afrika","tag-supply-chain-management","tag-tariffs-and-trade-policy","tag-tarifs-et-politique-commerciale","tag-tensions-geopolitiques","tag-us-china-trade-relations","tag-wirtschaftliche-integration","tag-wirtschaftliche-stabilitaet","tag-zoelle-und-handelspolitik"],"acf":[],"yoast_head":"<!-- This site is optimized with the Yoast SEO plugin v27.3 - https:\/\/yoast.com\/product\/yoast-seo-wordpress\/ -->\n<title>Relat\u00f3rio DHL sobre a conectividade global - ITJ | International Transport Journal<\/title>\n<meta name=\"robots\" content=\"index, follow, max-snippet:-1, max-image-preview:large, max-video-preview:-1\" \/>\n<link rel=\"canonical\" href=\"https:\/\/transportjournal.com\/pt-pt\/2026\/03\/12\/relatorio-dhl-sobre-a-conectividade-global\/\" \/>\n<meta property=\"og:locale\" content=\"pt_PT\" \/>\n<meta property=\"og:type\" content=\"article\" \/>\n<meta property=\"og:title\" content=\"Relat\u00f3rio DHL sobre a conectividade global - ITJ | International Transport Journal\" \/>\n<meta property=\"og:description\" content=\"O \u00abRelat\u00f3rio DHL Global Connectedness 2026\u00bb mostra que a globaliza\u00e7\u00e3o continua est\u00e1vel, apesar das tens\u00f5es geopol\u00edticas e incertezas comerciais.\" \/>\n<meta property=\"og:url\" content=\"https:\/\/transportjournal.com\/pt-pt\/2026\/03\/12\/relatorio-dhl-sobre-a-conectividade-global\/\" \/>\n<meta property=\"og:site_name\" content=\"ITJ | International Transport Journal\" \/>\n<meta property=\"article:published_time\" content=\"2026-03-12T11:51:15+00:00\" \/>\n<meta property=\"og:image\" content=\"https:\/\/transportjournal.com\/wp-content\/uploads\/sites\/2\/2026\/03\/DHL-Global_connectedness_report-2026-cover-scaled-aspect-ratio-1400-788.jpg\" \/>\n\t<meta property=\"og:image:width\" content=\"2367\" \/>\n\t<meta property=\"og:image:height\" content=\"1333\" \/>\n\t<meta property=\"og:image:type\" content=\"image\/jpeg\" \/>\n<meta name=\"author\" content=\"Gyan Sharan\" \/>\n<meta name=\"twitter:card\" content=\"summary_large_image\" \/>\n<meta name=\"twitter:label1\" content=\"Escrito por\" \/>\n\t<meta name=\"twitter:data1\" content=\"Gyan Sharan\" \/>\n\t<meta name=\"twitter:label2\" content=\"Tempo estimado de leitura\" \/>\n\t<meta name=\"twitter:data2\" content=\"1 minuto\" \/>\n<script type=\"application\/ld+json\" class=\"yoast-schema-graph\">{\"@context\":\"https:\\\/\\\/schema.org\",\"@graph\":[{\"@type\":\"Article\",\"@id\":\"https:\\\/\\\/transportjournal.com\\\/pt-pt\\\/2026\\\/03\\\/12\\\/relatorio-dhl-sobre-a-conectividade-global\\\/#article\",\"isPartOf\":{\"@id\":\"https:\\\/\\\/transportjournal.com\\\/pt-pt\\\/2026\\\/03\\\/12\\\/relatorio-dhl-sobre-a-conectividade-global\\\/\"},\"author\":{\"name\":\"Gyan Sharan\",\"@id\":\"https:\\\/\\\/transportjournal.com\\\/pt-pt\\\/#\\\/schema\\\/person\\\/13a9fc605c753db60ef7750a229cd042\"},\"headline\":\"Relat\u00f3rio DHL sobre a conectividade global\",\"datePublished\":\"2026-03-12T11:51:15+00:00\",\"mainEntityOfPage\":{\"@id\":\"https:\\\/\\\/transportjournal.com\\\/pt-pt\\\/2026\\\/03\\\/12\\\/relatorio-dhl-sobre-a-conectividade-global\\\/\"},\"wordCount\":285,\"commentCount\":0,\"publisher\":{\"@id\":\"https:\\\/\\\/transportjournal.com\\\/pt-pt\\\/#organization\"},\"image\":{\"@id\":\"https:\\\/\\\/transportjournal.com\\\/pt-pt\\\/2026\\\/03\\\/12\\\/relatorio-dhl-sobre-a-conectividade-global\\\/#primaryimage\"},\"thumbnailUrl\":\"https:\\\/\\\/transportjournal.com\\\/wp-content\\\/uploads\\\/sites\\\/2\\\/2026\\\/03\\\/DHL-Global_connectedness_report-2026-cover-scaled-aspect-ratio-1400-788.jpg\",\"keywords\":[\"Afrique subsaharienne\",\"analyse de march\u00e9\",\"connectivit\u00e9 mondiale\",\"cross-border mobility\",\"Deutsch DHL\",\"d\u00e9veloppement des infrastructures\",\"Digitalisierung in der Logistik\",\"digitalization in logistics\",\"economic integration\",\"economic stability\",\"Fachkr\u00e4ftemangel in der Logistik\",\"flux commerciaux internationaux\",\"geopolitical tensions\",\"geopolitische Spannungen\",\"gestion de la cha\u00eene d'approvisionnement\",\"global connectivity\",\"globale Vernetzung\",\"Globalisierung\",\"globalization\",\"grenz\u00fcberschreitende Mobilit\u00e4t\",\"Hafenbetrieb\",\"Handelsbeziehungen USA-China\",\"infrastructure development\",\"Infrastrukturentwicklung\",\"int\u00e9gration \u00e9conomique\",\"international partnerships Fran\u00e7ais DHL\",\"international trade flows\",\"internationale Handelsstr\u00f6me\",\"internationale Partnerschaften English DHL\",\"investissements en Afrique\",\"Investitionen in Afrika\",\"investments in Africa\",\"labor shortages in logistics\",\"logistics service providers\",\"Logistikdienstleister\",\"market analysis\",\"Marktanalysen\",\"mobilit\u00e9 transfrontali\u00e8re\",\"mondialisation\",\"num\u00e9risation dans la logistique\",\"op\u00e9rations portuaires\",\"partenariats internationaux\",\"p\u00e9nurie de main-d'\u0153uvre dans la logistique\",\"port operations\",\"prestataires de services logistiques\",\"relations commerciales \u00c9tats-Unis-Chine\",\"stabilit\u00e9 \u00e9conomique\",\"Sub-Saharan Africa\",\"Subsahara-Afrika\",\"Supply Chain Management\",\"tariffs and trade policy\",\"tarifs et politique commerciale\",\"tensions g\u00e9opolitiques\",\"US-China trade relations\",\"wirtschaftliche Integration\",\"wirtschaftliche Stabilit\u00e4t\",\"Z\u00f6lle und Handelspolitik\"],\"articleSection\":[\"Expedi\u00e7\u00e3o de Mercadorias e Log\u00edstica\"],\"inLanguage\":\"pt-PT\",\"potentialAction\":[{\"@type\":\"CommentAction\",\"name\":\"Comment\",\"target\":[\"https:\\\/\\\/transportjournal.com\\\/pt-pt\\\/2026\\\/03\\\/12\\\/relatorio-dhl-sobre-a-conectividade-global\\\/#respond\"]}]},{\"@type\":\"WebPage\",\"@id\":\"https:\\\/\\\/transportjournal.com\\\/pt-pt\\\/2026\\\/03\\\/12\\\/relatorio-dhl-sobre-a-conectividade-global\\\/\",\"url\":\"https:\\\/\\\/transportjournal.com\\\/pt-pt\\\/2026\\\/03\\\/12\\\/relatorio-dhl-sobre-a-conectividade-global\\\/\",\"name\":\"Relat\u00f3rio DHL sobre a conectividade global - ITJ | International Transport Journal\",\"isPartOf\":{\"@id\":\"https:\\\/\\\/transportjournal.com\\\/pt-pt\\\/#website\"},\"primaryImageOfPage\":{\"@id\":\"https:\\\/\\\/transportjournal.com\\\/pt-pt\\\/2026\\\/03\\\/12\\\/relatorio-dhl-sobre-a-conectividade-global\\\/#primaryimage\"},\"image\":{\"@id\":\"https:\\\/\\\/transportjournal.com\\\/pt-pt\\\/2026\\\/03\\\/12\\\/relatorio-dhl-sobre-a-conectividade-global\\\/#primaryimage\"},\"thumbnailUrl\":\"https:\\\/\\\/transportjournal.com\\\/wp-content\\\/uploads\\\/sites\\\/2\\\/2026\\\/03\\\/DHL-Global_connectedness_report-2026-cover-scaled-aspect-ratio-1400-788.jpg\",\"datePublished\":\"2026-03-12T11:51:15+00:00\",\"breadcrumb\":{\"@id\":\"https:\\\/\\\/transportjournal.com\\\/pt-pt\\\/2026\\\/03\\\/12\\\/relatorio-dhl-sobre-a-conectividade-global\\\/#breadcrumb\"},\"inLanguage\":\"pt-PT\",\"potentialAction\":[{\"@type\":\"ReadAction\",\"target\":[\"https:\\\/\\\/transportjournal.com\\\/pt-pt\\\/2026\\\/03\\\/12\\\/relatorio-dhl-sobre-a-conectividade-global\\\/\"]}]},{\"@type\":\"ImageObject\",\"inLanguage\":\"pt-PT\",\"@id\":\"https:\\\/\\\/transportjournal.com\\\/pt-pt\\\/2026\\\/03\\\/12\\\/relatorio-dhl-sobre-a-conectividade-global\\\/#primaryimage\",\"url\":\"https:\\\/\\\/transportjournal.com\\\/wp-content\\\/uploads\\\/sites\\\/2\\\/2026\\\/03\\\/DHL-Global_connectedness_report-2026-cover-scaled-aspect-ratio-1400-788.jpg\",\"contentUrl\":\"https:\\\/\\\/transportjournal.com\\\/wp-content\\\/uploads\\\/sites\\\/2\\\/2026\\\/03\\\/DHL-Global_connectedness_report-2026-cover-scaled-aspect-ratio-1400-788.jpg\",\"width\":2367,\"height\":1333},{\"@type\":\"BreadcrumbList\",\"@id\":\"https:\\\/\\\/transportjournal.com\\\/pt-pt\\\/2026\\\/03\\\/12\\\/relatorio-dhl-sobre-a-conectividade-global\\\/#breadcrumb\",\"itemListElement\":[{\"@type\":\"ListItem\",\"position\":1,\"name\":\"Startseite\",\"item\":\"https:\\\/\\\/transportjournal.com\\\/pt-pt\\\/\"},{\"@type\":\"ListItem\",\"position\":2,\"name\":\"Relat\u00f3rio DHL sobre a conectividade global\"}]},{\"@type\":\"WebSite\",\"@id\":\"https:\\\/\\\/transportjournal.com\\\/pt-pt\\\/#website\",\"url\":\"https:\\\/\\\/transportjournal.com\\\/pt-pt\\\/\",\"name\":\"ITJ | International Transport Journal\",\"description\":\"Stay informed with the latest global news from the transport, logistics, and supply chain industries. Transport Journal delivers expert insights, analysis, and updates across shipping, aviation, intermodal, and forwarding.\",\"publisher\":{\"@id\":\"https:\\\/\\\/transportjournal.com\\\/pt-pt\\\/#organization\"},\"potentialAction\":[{\"@type\":\"SearchAction\",\"target\":{\"@type\":\"EntryPoint\",\"urlTemplate\":\"https:\\\/\\\/transportjournal.com\\\/pt-pt\\\/?s={search_term_string}\"},\"query-input\":{\"@type\":\"PropertyValueSpecification\",\"valueRequired\":true,\"valueName\":\"search_term_string\"}}],\"inLanguage\":\"pt-PT\"},{\"@type\":\"Organization\",\"@id\":\"https:\\\/\\\/transportjournal.com\\\/pt-pt\\\/#organization\",\"name\":\"Logismedia Group AG\",\"alternateName\":\"Logismedia Group AG\",\"url\":\"https:\\\/\\\/transportjournal.com\\\/pt-pt\\\/\",\"logo\":{\"@type\":\"ImageObject\",\"inLanguage\":\"pt-PT\",\"@id\":\"https:\\\/\\\/transportjournal.com\\\/pt-pt\\\/#\\\/schema\\\/logo\\\/image\\\/\",\"url\":\"https:\\\/\\\/transportjournal.com\\\/wp-content\\\/uploads\\\/sites\\\/2\\\/2025\\\/09\\\/Logo_ITJ.png\",\"contentUrl\":\"https:\\\/\\\/transportjournal.com\\\/wp-content\\\/uploads\\\/sites\\\/2\\\/2025\\\/09\\\/Logo_ITJ.png\",\"width\":799,\"height\":326,\"caption\":\"Logismedia Group AG\"},\"image\":{\"@id\":\"https:\\\/\\\/transportjournal.com\\\/pt-pt\\\/#\\\/schema\\\/logo\\\/image\\\/\"},\"sameAs\":[\"https:\\\/\\\/www.linkedin.com\\\/company\\\/56456496\\\/admin\\\/dashboard\\\/\",\"https:\\\/\\\/www.instagram.com\\\/logismediagroup\\\/\",\"https:\\\/\\\/www.youtube.com\\\/@LogiamediaGroupAG\"]},{\"@type\":\"Person\",\"@id\":\"https:\\\/\\\/transportjournal.com\\\/pt-pt\\\/#\\\/schema\\\/person\\\/13a9fc605c753db60ef7750a229cd042\",\"name\":\"Gyan Sharan\",\"url\":\"https:\\\/\\\/transportjournal.com\\\/pt-pt\\\/author\\\/gyan\\\/\"}]}<\/script>\n<!-- \/ Yoast SEO plugin. -->","yoast_head_json":{"title":"Relat\u00f3rio DHL sobre a conectividade global - ITJ | International Transport Journal","robots":{"index":"index","follow":"follow","max-snippet":"max-snippet:-1","max-image-preview":"max-image-preview:large","max-video-preview":"max-video-preview:-1"},"canonical":"https:\/\/transportjournal.com\/pt-pt\/2026\/03\/12\/relatorio-dhl-sobre-a-conectividade-global\/","og_locale":"pt_PT","og_type":"article","og_title":"Relat\u00f3rio DHL sobre a conectividade global - ITJ | International Transport Journal","og_description":"O \u00abRelat\u00f3rio DHL Global Connectedness 2026\u00bb mostra que a globaliza\u00e7\u00e3o continua est\u00e1vel, apesar das tens\u00f5es geopol\u00edticas e incertezas comerciais.","og_url":"https:\/\/transportjournal.com\/pt-pt\/2026\/03\/12\/relatorio-dhl-sobre-a-conectividade-global\/","og_site_name":"ITJ | International Transport Journal","article_published_time":"2026-03-12T11:51:15+00:00","og_image":[{"width":2367,"height":1333,"url":"https:\/\/transportjournal.com\/wp-content\/uploads\/sites\/2\/2026\/03\/DHL-Global_connectedness_report-2026-cover-scaled-aspect-ratio-1400-788.jpg","type":"image\/jpeg"}],"author":"Gyan Sharan","twitter_card":"summary_large_image","twitter_misc":{"Escrito por":"Gyan Sharan","Tempo estimado de leitura":"1 minuto"},"schema":{"@context":"https:\/\/schema.org","@graph":[{"@type":"Article","@id":"https:\/\/transportjournal.com\/pt-pt\/2026\/03\/12\/relatorio-dhl-sobre-a-conectividade-global\/#article","isPartOf":{"@id":"https:\/\/transportjournal.com\/pt-pt\/2026\/03\/12\/relatorio-dhl-sobre-a-conectividade-global\/"},"author":{"name":"Gyan Sharan","@id":"https:\/\/transportjournal.com\/pt-pt\/#\/schema\/person\/13a9fc605c753db60ef7750a229cd042"},"headline":"Relat\u00f3rio DHL sobre a conectividade global","datePublished":"2026-03-12T11:51:15+00:00","mainEntityOfPage":{"@id":"https:\/\/transportjournal.com\/pt-pt\/2026\/03\/12\/relatorio-dhl-sobre-a-conectividade-global\/"},"wordCount":285,"commentCount":0,"publisher":{"@id":"https:\/\/transportjournal.com\/pt-pt\/#organization"},"image":{"@id":"https:\/\/transportjournal.com\/pt-pt\/2026\/03\/12\/relatorio-dhl-sobre-a-conectividade-global\/#primaryimage"},"thumbnailUrl":"https:\/\/transportjournal.com\/wp-content\/uploads\/sites\/2\/2026\/03\/DHL-Global_connectedness_report-2026-cover-scaled-aspect-ratio-1400-788.jpg","keywords":["Afrique subsaharienne","analyse de march\u00e9","connectivit\u00e9 mondiale","cross-border mobility","Deutsch DHL","d\u00e9veloppement des infrastructures","Digitalisierung in der Logistik","digitalization in logistics","economic integration","economic stability","Fachkr\u00e4ftemangel in der Logistik","flux commerciaux internationaux","geopolitical tensions","geopolitische Spannungen","gestion de la cha\u00eene d'approvisionnement","global connectivity","globale Vernetzung","Globalisierung","globalization","grenz\u00fcberschreitende Mobilit\u00e4t","Hafenbetrieb","Handelsbeziehungen USA-China","infrastructure development","Infrastrukturentwicklung","int\u00e9gration \u00e9conomique","international partnerships Fran\u00e7ais DHL","international trade flows","internationale Handelsstr\u00f6me","internationale Partnerschaften English DHL","investissements en Afrique","Investitionen in Afrika","investments in Africa","labor shortages in logistics","logistics service providers","Logistikdienstleister","market analysis","Marktanalysen","mobilit\u00e9 transfrontali\u00e8re","mondialisation","num\u00e9risation dans la logistique","op\u00e9rations portuaires","partenariats internationaux","p\u00e9nurie de main-d'\u0153uvre dans la logistique","port operations","prestataires de services logistiques","relations commerciales \u00c9tats-Unis-Chine","stabilit\u00e9 \u00e9conomique","Sub-Saharan Africa","Subsahara-Afrika","Supply Chain Management","tariffs and trade policy","tarifs et politique commerciale","tensions g\u00e9opolitiques","US-China trade relations","wirtschaftliche Integration","wirtschaftliche Stabilit\u00e4t","Z\u00f6lle und Handelspolitik"],"articleSection":["Expedi\u00e7\u00e3o de Mercadorias e Log\u00edstica"],"inLanguage":"pt-PT","potentialAction":[{"@type":"CommentAction","name":"Comment","target":["https:\/\/transportjournal.com\/pt-pt\/2026\/03\/12\/relatorio-dhl-sobre-a-conectividade-global\/#respond"]}]},{"@type":"WebPage","@id":"https:\/\/transportjournal.com\/pt-pt\/2026\/03\/12\/relatorio-dhl-sobre-a-conectividade-global\/","url":"https:\/\/transportjournal.com\/pt-pt\/2026\/03\/12\/relatorio-dhl-sobre-a-conectividade-global\/","name":"Relat\u00f3rio DHL sobre a conectividade global - ITJ | International Transport Journal","isPartOf":{"@id":"https:\/\/transportjournal.com\/pt-pt\/#website"},"primaryImageOfPage":{"@id":"https:\/\/transportjournal.com\/pt-pt\/2026\/03\/12\/relatorio-dhl-sobre-a-conectividade-global\/#primaryimage"},"image":{"@id":"https:\/\/transportjournal.com\/pt-pt\/2026\/03\/12\/relatorio-dhl-sobre-a-conectividade-global\/#primaryimage"},"thumbnailUrl":"https:\/\/transportjournal.com\/wp-content\/uploads\/sites\/2\/2026\/03\/DHL-Global_connectedness_report-2026-cover-scaled-aspect-ratio-1400-788.jpg","datePublished":"2026-03-12T11:51:15+00:00","breadcrumb":{"@id":"https:\/\/transportjournal.com\/pt-pt\/2026\/03\/12\/relatorio-dhl-sobre-a-conectividade-global\/#breadcrumb"},"inLanguage":"pt-PT","potentialAction":[{"@type":"ReadAction","target":["https:\/\/transportjournal.com\/pt-pt\/2026\/03\/12\/relatorio-dhl-sobre-a-conectividade-global\/"]}]},{"@type":"ImageObject","inLanguage":"pt-PT","@id":"https:\/\/transportjournal.com\/pt-pt\/2026\/03\/12\/relatorio-dhl-sobre-a-conectividade-global\/#primaryimage","url":"https:\/\/transportjournal.com\/wp-content\/uploads\/sites\/2\/2026\/03\/DHL-Global_connectedness_report-2026-cover-scaled-aspect-ratio-1400-788.jpg","contentUrl":"https:\/\/transportjournal.com\/wp-content\/uploads\/sites\/2\/2026\/03\/DHL-Global_connectedness_report-2026-cover-scaled-aspect-ratio-1400-788.jpg","width":2367,"height":1333},{"@type":"BreadcrumbList","@id":"https:\/\/transportjournal.com\/pt-pt\/2026\/03\/12\/relatorio-dhl-sobre-a-conectividade-global\/#breadcrumb","itemListElement":[{"@type":"ListItem","position":1,"name":"Startseite","item":"https:\/\/transportjournal.com\/pt-pt\/"},{"@type":"ListItem","position":2,"name":"Relat\u00f3rio DHL sobre a conectividade global"}]},{"@type":"WebSite","@id":"https:\/\/transportjournal.com\/pt-pt\/#website","url":"https:\/\/transportjournal.com\/pt-pt\/","name":"ITJ | International Transport Journal","description":"Stay informed with the latest global news from the transport, logistics, and supply chain industries. Transport Journal delivers expert insights, analysis, and updates across shipping, aviation, intermodal, and forwarding.","publisher":{"@id":"https:\/\/transportjournal.com\/pt-pt\/#organization"},"potentialAction":[{"@type":"SearchAction","target":{"@type":"EntryPoint","urlTemplate":"https:\/\/transportjournal.com\/pt-pt\/?s={search_term_string}"},"query-input":{"@type":"PropertyValueSpecification","valueRequired":true,"valueName":"search_term_string"}}],"inLanguage":"pt-PT"},{"@type":"Organization","@id":"https:\/\/transportjournal.com\/pt-pt\/#organization","name":"Logismedia Group AG","alternateName":"Logismedia Group AG","url":"https:\/\/transportjournal.com\/pt-pt\/","logo":{"@type":"ImageObject","inLanguage":"pt-PT","@id":"https:\/\/transportjournal.com\/pt-pt\/#\/schema\/logo\/image\/","url":"https:\/\/transportjournal.com\/wp-content\/uploads\/sites\/2\/2025\/09\/Logo_ITJ.png","contentUrl":"https:\/\/transportjournal.com\/wp-content\/uploads\/sites\/2\/2025\/09\/Logo_ITJ.png","width":799,"height":326,"caption":"Logismedia Group AG"},"image":{"@id":"https:\/\/transportjournal.com\/pt-pt\/#\/schema\/logo\/image\/"},"sameAs":["https:\/\/www.linkedin.com\/company\/56456496\/admin\/dashboard\/","https:\/\/www.instagram.com\/logismediagroup\/","https:\/\/www.youtube.com\/@LogiamediaGroupAG"]},{"@type":"Person","@id":"https:\/\/transportjournal.com\/pt-pt\/#\/schema\/person\/13a9fc605c753db60ef7750a229cd042","name":"Gyan Sharan","url":"https:\/\/transportjournal.com\/pt-pt\/author\/gyan\/"}]}},"_links":{"self":[{"href":"https:\/\/transportjournal.com\/pt-pt\/wp-json\/wp\/v2\/posts\/80626","targetHints":{"allow":["GET"]}}],"collection":[{"href":"https:\/\/transportjournal.com\/pt-pt\/wp-json\/wp\/v2\/posts"}],"about":[{"href":"https:\/\/transportjournal.com\/pt-pt\/wp-json\/wp\/v2\/types\/post"}],"author":[{"embeddable":true,"href":"https:\/\/transportjournal.com\/pt-pt\/wp-json\/wp\/v2\/users\/14"}],"replies":[{"embeddable":true,"href":"https:\/\/transportjournal.com\/pt-pt\/wp-json\/wp\/v2\/comments?post=80626"}],"version-history":[{"count":0,"href":"https:\/\/transportjournal.com\/pt-pt\/wp-json\/wp\/v2\/posts\/80626\/revisions"}],"wp:featuredmedia":[{"embeddable":true,"href":"https:\/\/transportjournal.com\/pt-pt\/wp-json\/wp\/v2\/media\/80621"}],"wp:attachment":[{"href":"https:\/\/transportjournal.com\/pt-pt\/wp-json\/wp\/v2\/media?parent=80626"}],"wp:term":[{"taxonomy":"category","embeddable":true,"href":"https:\/\/transportjournal.com\/pt-pt\/wp-json\/wp\/v2\/categories?post=80626"},{"taxonomy":"post_tag","embeddable":true,"href":"https:\/\/transportjournal.com\/pt-pt\/wp-json\/wp\/v2\/tags?post=80626"}],"curies":[{"name":"wp","href":"https:\/\/api.w.org\/{rel}","templated":true}]}}