{"id":80611,"date":"2026-03-12T10:55:59","date_gmt":"2026-03-12T10:55:59","guid":{"rendered":"https:\/\/transportjournal.com\/2026\/03\/12\/ecs-promove-internamente-executivos-no-setor-de-frete-aereo-nordico-2\/"},"modified":"2026-03-12T10:55:59","modified_gmt":"2026-03-12T10:55:59","slug":"ecs-promove-internamente-executivos-no-setor-de-frete-aereo-nordico-2","status":"publish","type":"post","link":"https:\/\/transportjournal.com\/pt-pt\/2026\/03\/12\/ecs-promove-internamente-executivos-no-setor-de-frete-aereo-nordico-2\/","title":{"rendered":"ECS promove internamente executivos no setor de frete a\u00e9reo n\u00f3rdico"},"content":{"rendered":"<p>A ECS Group promove uma nova gera\u00e7\u00e3o de l\u00edderes em suas atividades de carga a\u00e9rea n\u00f3rdica como parte de uma mudan\u00e7a de lideran\u00e7a mais abrangente. A estrat\u00e9gia concentra-se no desenvolvimento de talentos internos que combinam experi\u00eancia operacional, compet\u00eancia comercial e habilidades digitais.<\/p>\n<p>Nomea\u00e7\u00f5es recentes ilustram essa abordagem. Mathias Henriksson, Diretor Geral da Nordic GSA Su\u00e9cia, e Marcus M\u00f3ran, Gerente Nacional da Dinamarca na Universal GSA, ambos ascenderam de suas pr\u00f3prias fileiras. Seu desenvolvimento reflete o foco da ECS na promo\u00e7\u00e3o interna e na continuidade das atividades regionais.<\/p>\n<p>A recente promo\u00e7\u00e3o nesse contexto diz respeito a Thomas Olesen, que foi nomeado Gerente Nacional da Dinamarca na Skylog Denmark. Ele construiu sua carreira na Skylog e na ECS Group e representa o desenvolvimento de talentos a longo prazo da empresa.<\/p>\n<p>O CEO da ECS Group, Jean Ceccaldi, enfatizou que &#8222;estamos promovendo uma nova gera\u00e7\u00e3o de l\u00edderes na regi\u00e3o n\u00f3rdica que combinam credibilidade operacional com impulso comercial e habilidades digitais&#8220;. A empresa continua a investir em ferramentas digitais de carga a\u00e9rea e plataformas de dados para apoiar parceiros de companhias a\u00e9reas e melhorar o desempenho operacional.<\/p>\n<p><a href=\"http:\/\/www.ecsgroup.aero\" target=\"_blank\" rel=\"noopener noreferrer\">www.ecsgroup.aero<\/a><\/p>\n","protected":false},"excerpt":{"rendered":"<p>O ECS Group est\u00e1 promovendo uma nova gera\u00e7\u00e3o de l\u00edderes no frete a\u00e9reo n\u00f3rdico para desenvolver talentos internos com experi\u00eancia operacional e habilidades digitais.<\/p>\n","protected":false},"author":14,"featured_media":80126,"comment_status":"open","ping_status":"","sticky":false,"template":"","format":"standard","meta":{"_acf_changed":false,"footnotes":""},"categories":[1623,1615],"tags":[2648,25473,3447,25474,25475,25476,6445,6446,14214,25477,4113,25478,25479,25333,25480,25481,25482,25483,2655,25484,25485,5096,2123,19060,3328,11512,25486,25487,5105,4000,2133,1831,1962,25488,3472,3475,25489,25490,25491,7043,25492,25493,25494,2148,5375,25495,25496,2106,4146,5388,4147,5389,25497],"class_list":["post-80611","post","type-post","status-publish","format-standard","has-post-thumbnail","hentry","category-europa","category-pessoas-e-empresas","tag-air-freight","tag-air-freight-management","tag-air-freight-market","tag-commercial-competence","tag-competence-commerciale","tag-competences-numeriques","tag-daenemark","tag-denmark","tag-deutsch-ecs-group","tag-developpement-des-leaders","tag-developpement-des-talents","tag-digital-air-freight-tools","tag-digital-skills","tag-digitale-faehigkeiten","tag-digitale-luftfrachttools","tag-digitalisierung-in-der-luftfracht-english-ecs-group","tag-digitization-in-air-freight-francais-ecs-group","tag-experience-operationnelle","tag-fret-aerien","tag-fret-aerien-nordique","tag-fuehrungskraefte-im-transport","tag-fuehrungskraefteentwicklung","tag-gestion-de-la-chaine-dapprovisionnement","tag-gestion-du-fret-aerien","tag-infrastructure-logistique","tag-infrastruktur-in-der-logistik","tag-kommerzielle-kompetenz","tag-leadership-dans-le-transport","tag-leadership-development","tag-logistics-infrastructure","tag-logistics-service-providers","tag-logistikdienstleister","tag-luftfracht","tag-luftfrachtmanagement","tag-luftfrachtmarkt","tag-marche-du-fret-aerien","tag-nordic-air-freight","tag-nordic-gsa","tag-nordische-luftfracht","tag-numerisation-dans-le-fret-aerien","tag-operational-experience","tag-operative-erfahrung","tag-outils-de-fret-aerien-numeriques","tag-prestataires-de-services-logistiques","tag-promotion-des-talents","tag-skylog-danemark","tag-skylog-denmark","tag-supply-chain-management","tag-talent-development","tag-talent-promotion","tag-talententwicklung","tag-talentfoerderung","tag-transport-leadership"],"acf":[],"yoast_head":"<!-- This site is optimized with the Yoast SEO plugin v27.3 - https:\/\/yoast.com\/product\/yoast-seo-wordpress\/ -->\n<title>ECS promove internamente executivos no setor de frete a\u00e9reo n\u00f3rdico - ITJ | International Transport Journal<\/title>\n<meta name=\"robots\" content=\"index, follow, max-snippet:-1, max-image-preview:large, max-video-preview:-1\" \/>\n<link rel=\"canonical\" href=\"https:\/\/transportjournal.com\/pt-pt\/2026\/03\/12\/ecs-promove-internamente-executivos-no-setor-de-frete-aereo-nordico-2\/\" \/>\n<meta property=\"og:locale\" content=\"pt_PT\" \/>\n<meta property=\"og:type\" content=\"article\" \/>\n<meta property=\"og:title\" content=\"ECS promove internamente executivos no setor de frete a\u00e9reo n\u00f3rdico - ITJ | International Transport Journal\" \/>\n<meta property=\"og:description\" content=\"O ECS Group est\u00e1 promovendo uma nova gera\u00e7\u00e3o de l\u00edderes no frete a\u00e9reo n\u00f3rdico para desenvolver talentos internos com experi\u00eancia operacional e habilidades digitais.\" \/>\n<meta property=\"og:url\" content=\"https:\/\/transportjournal.com\/pt-pt\/2026\/03\/12\/ecs-promove-internamente-executivos-no-setor-de-frete-aereo-nordico-2\/\" \/>\n<meta property=\"og:site_name\" content=\"ITJ | International Transport Journal\" \/>\n<meta property=\"article:published_time\" content=\"2026-03-12T10:55:59+00:00\" \/>\n<meta property=\"og:image\" content=\"https:\/\/transportjournal.com\/wp-content\/uploads\/sites\/2\/2026\/03\/A-New-Generation-of-Nordic-Air-Cargo-Leaders-Emerges-Within-ECS-Group-scaled-aspect-ratio-1400-788-scaled-1.jpg\" \/>\n\t<meta property=\"og:image:width\" content=\"2560\" \/>\n\t<meta property=\"og:image:height\" content=\"1441\" \/>\n\t<meta property=\"og:image:type\" content=\"image\/jpeg\" \/>\n<meta name=\"author\" content=\"Gyan Sharan\" \/>\n<meta name=\"twitter:card\" content=\"summary_large_image\" \/>\n<meta name=\"twitter:label1\" content=\"Escrito por\" \/>\n\t<meta name=\"twitter:data1\" content=\"Gyan Sharan\" \/>\n\t<meta name=\"twitter:label2\" content=\"Tempo estimado de leitura\" \/>\n\t<meta name=\"twitter:data2\" content=\"1 minuto\" \/>\n<script type=\"application\/ld+json\" class=\"yoast-schema-graph\">{\"@context\":\"https:\\\/\\\/schema.org\",\"@graph\":[{\"@type\":\"Article\",\"@id\":\"https:\\\/\\\/transportjournal.com\\\/pt-pt\\\/2026\\\/03\\\/12\\\/ecs-promove-internamente-executivos-no-setor-de-frete-aereo-nordico-2\\\/#article\",\"isPartOf\":{\"@id\":\"https:\\\/\\\/transportjournal.com\\\/pt-pt\\\/2026\\\/03\\\/12\\\/ecs-promove-internamente-executivos-no-setor-de-frete-aereo-nordico-2\\\/\"},\"author\":{\"name\":\"Gyan Sharan\",\"@id\":\"https:\\\/\\\/transportjournal.com\\\/pt-pt\\\/#\\\/schema\\\/person\\\/13a9fc605c753db60ef7750a229cd042\"},\"headline\":\"ECS promove internamente executivos no setor de frete a\u00e9reo n\u00f3rdico\",\"datePublished\":\"2026-03-12T10:55:59+00:00\",\"mainEntityOfPage\":{\"@id\":\"https:\\\/\\\/transportjournal.com\\\/pt-pt\\\/2026\\\/03\\\/12\\\/ecs-promove-internamente-executivos-no-setor-de-frete-aereo-nordico-2\\\/\"},\"wordCount\":219,\"commentCount\":0,\"publisher\":{\"@id\":\"https:\\\/\\\/transportjournal.com\\\/pt-pt\\\/#organization\"},\"image\":{\"@id\":\"https:\\\/\\\/transportjournal.com\\\/pt-pt\\\/2026\\\/03\\\/12\\\/ecs-promove-internamente-executivos-no-setor-de-frete-aereo-nordico-2\\\/#primaryimage\"},\"thumbnailUrl\":\"https:\\\/\\\/transportjournal.com\\\/wp-content\\\/uploads\\\/sites\\\/2\\\/2026\\\/03\\\/A-New-Generation-of-Nordic-Air-Cargo-Leaders-Emerges-Within-ECS-Group-scaled-aspect-ratio-1400-788-scaled-1.jpg\",\"keywords\":[\"air freight\",\"air freight management\",\"air freight market\",\"commercial competence\",\"comp\u00e9tence commerciale\",\"comp\u00e9tences num\u00e9riques\",\"D\u00e4nemark\",\"Denmark\",\"Deutsch ECS Group\",\"d\u00e9veloppement des leaders\",\"d\u00e9veloppement des talents\",\"digital air freight tools\",\"digital skills\",\"digitale F\u00e4higkeiten\",\"digitale Luftfrachttools\",\"Digitalisierung in der Luftfracht English ECS Group\",\"digitization in air freight Fran\u00e7ais ECS Group\",\"exp\u00e9rience op\u00e9rationnelle\",\"fret a\u00e9rien\",\"fret a\u00e9rien nordique\",\"F\u00fchrungskr\u00e4fte im Transport\",\"F\u00fchrungskr\u00e4fteentwicklung\",\"gestion de la cha\u00eene d'approvisionnement\",\"gestion du fret a\u00e9rien\",\"infrastructure logistique\",\"Infrastruktur in der Logistik\",\"kommerzielle Kompetenz\",\"leadership dans le transport\",\"leadership development\",\"logistics infrastructure\",\"logistics service providers\",\"Logistikdienstleister\",\"Luftfracht\",\"Luftfrachtmanagement\",\"Luftfrachtmarkt\",\"march\u00e9 du fret a\u00e9rien\",\"Nordic air freight\",\"Nordic GSA\",\"nordische Luftfracht\",\"num\u00e9risation dans le fret a\u00e9rien\",\"operational experience\",\"operative Erfahrung\",\"outils de fret a\u00e9rien num\u00e9riques\",\"prestataires de services logistiques\",\"promotion des talents\",\"Skylog Danemark\",\"Skylog Denmark\",\"Supply Chain Management\",\"talent development\",\"talent promotion\",\"Talententwicklung\",\"Talentf\u00f6rderung\",\"transport leadership\"],\"articleSection\":[\"Europa\",\"Pessoas e empresas\"],\"inLanguage\":\"pt-PT\",\"potentialAction\":[{\"@type\":\"CommentAction\",\"name\":\"Comment\",\"target\":[\"https:\\\/\\\/transportjournal.com\\\/pt-pt\\\/2026\\\/03\\\/12\\\/ecs-promove-internamente-executivos-no-setor-de-frete-aereo-nordico-2\\\/#respond\"]}]},{\"@type\":\"WebPage\",\"@id\":\"https:\\\/\\\/transportjournal.com\\\/pt-pt\\\/2026\\\/03\\\/12\\\/ecs-promove-internamente-executivos-no-setor-de-frete-aereo-nordico-2\\\/\",\"url\":\"https:\\\/\\\/transportjournal.com\\\/pt-pt\\\/2026\\\/03\\\/12\\\/ecs-promove-internamente-executivos-no-setor-de-frete-aereo-nordico-2\\\/\",\"name\":\"ECS promove internamente executivos no setor de frete a\u00e9reo n\u00f3rdico - ITJ | International Transport Journal\",\"isPartOf\":{\"@id\":\"https:\\\/\\\/transportjournal.com\\\/pt-pt\\\/#website\"},\"primaryImageOfPage\":{\"@id\":\"https:\\\/\\\/transportjournal.com\\\/pt-pt\\\/2026\\\/03\\\/12\\\/ecs-promove-internamente-executivos-no-setor-de-frete-aereo-nordico-2\\\/#primaryimage\"},\"image\":{\"@id\":\"https:\\\/\\\/transportjournal.com\\\/pt-pt\\\/2026\\\/03\\\/12\\\/ecs-promove-internamente-executivos-no-setor-de-frete-aereo-nordico-2\\\/#primaryimage\"},\"thumbnailUrl\":\"https:\\\/\\\/transportjournal.com\\\/wp-content\\\/uploads\\\/sites\\\/2\\\/2026\\\/03\\\/A-New-Generation-of-Nordic-Air-Cargo-Leaders-Emerges-Within-ECS-Group-scaled-aspect-ratio-1400-788-scaled-1.jpg\",\"datePublished\":\"2026-03-12T10:55:59+00:00\",\"breadcrumb\":{\"@id\":\"https:\\\/\\\/transportjournal.com\\\/pt-pt\\\/2026\\\/03\\\/12\\\/ecs-promove-internamente-executivos-no-setor-de-frete-aereo-nordico-2\\\/#breadcrumb\"},\"inLanguage\":\"pt-PT\",\"potentialAction\":[{\"@type\":\"ReadAction\",\"target\":[\"https:\\\/\\\/transportjournal.com\\\/pt-pt\\\/2026\\\/03\\\/12\\\/ecs-promove-internamente-executivos-no-setor-de-frete-aereo-nordico-2\\\/\"]}]},{\"@type\":\"ImageObject\",\"inLanguage\":\"pt-PT\",\"@id\":\"https:\\\/\\\/transportjournal.com\\\/pt-pt\\\/2026\\\/03\\\/12\\\/ecs-promove-internamente-executivos-no-setor-de-frete-aereo-nordico-2\\\/#primaryimage\",\"url\":\"https:\\\/\\\/transportjournal.com\\\/wp-content\\\/uploads\\\/sites\\\/2\\\/2026\\\/03\\\/A-New-Generation-of-Nordic-Air-Cargo-Leaders-Emerges-Within-ECS-Group-scaled-aspect-ratio-1400-788-scaled-1.jpg\",\"contentUrl\":\"https:\\\/\\\/transportjournal.com\\\/wp-content\\\/uploads\\\/sites\\\/2\\\/2026\\\/03\\\/A-New-Generation-of-Nordic-Air-Cargo-Leaders-Emerges-Within-ECS-Group-scaled-aspect-ratio-1400-788-scaled-1.jpg\",\"width\":2560,\"height\":1441},{\"@type\":\"BreadcrumbList\",\"@id\":\"https:\\\/\\\/transportjournal.com\\\/pt-pt\\\/2026\\\/03\\\/12\\\/ecs-promove-internamente-executivos-no-setor-de-frete-aereo-nordico-2\\\/#breadcrumb\",\"itemListElement\":[{\"@type\":\"ListItem\",\"position\":1,\"name\":\"Startseite\",\"item\":\"https:\\\/\\\/transportjournal.com\\\/pt-pt\\\/\"},{\"@type\":\"ListItem\",\"position\":2,\"name\":\"ECS promove internamente executivos no setor de frete a\u00e9reo n\u00f3rdico\"}]},{\"@type\":\"WebSite\",\"@id\":\"https:\\\/\\\/transportjournal.com\\\/pt-pt\\\/#website\",\"url\":\"https:\\\/\\\/transportjournal.com\\\/pt-pt\\\/\",\"name\":\"ITJ | International Transport Journal\",\"description\":\"Stay informed with the latest global news from the transport, logistics, and supply chain industries. Transport Journal delivers expert insights, analysis, and updates across shipping, aviation, intermodal, and forwarding.\",\"publisher\":{\"@id\":\"https:\\\/\\\/transportjournal.com\\\/pt-pt\\\/#organization\"},\"potentialAction\":[{\"@type\":\"SearchAction\",\"target\":{\"@type\":\"EntryPoint\",\"urlTemplate\":\"https:\\\/\\\/transportjournal.com\\\/pt-pt\\\/?s={search_term_string}\"},\"query-input\":{\"@type\":\"PropertyValueSpecification\",\"valueRequired\":true,\"valueName\":\"search_term_string\"}}],\"inLanguage\":\"pt-PT\"},{\"@type\":\"Organization\",\"@id\":\"https:\\\/\\\/transportjournal.com\\\/pt-pt\\\/#organization\",\"name\":\"Logismedia Group AG\",\"alternateName\":\"Logismedia Group AG\",\"url\":\"https:\\\/\\\/transportjournal.com\\\/pt-pt\\\/\",\"logo\":{\"@type\":\"ImageObject\",\"inLanguage\":\"pt-PT\",\"@id\":\"https:\\\/\\\/transportjournal.com\\\/pt-pt\\\/#\\\/schema\\\/logo\\\/image\\\/\",\"url\":\"https:\\\/\\\/transportjournal.com\\\/wp-content\\\/uploads\\\/sites\\\/2\\\/2025\\\/09\\\/Logo_ITJ.png\",\"contentUrl\":\"https:\\\/\\\/transportjournal.com\\\/wp-content\\\/uploads\\\/sites\\\/2\\\/2025\\\/09\\\/Logo_ITJ.png\",\"width\":799,\"height\":326,\"caption\":\"Logismedia Group AG\"},\"image\":{\"@id\":\"https:\\\/\\\/transportjournal.com\\\/pt-pt\\\/#\\\/schema\\\/logo\\\/image\\\/\"},\"sameAs\":[\"https:\\\/\\\/www.linkedin.com\\\/company\\\/56456496\\\/admin\\\/dashboard\\\/\",\"https:\\\/\\\/www.instagram.com\\\/logismediagroup\\\/\",\"https:\\\/\\\/www.youtube.com\\\/@LogiamediaGroupAG\"]},{\"@type\":\"Person\",\"@id\":\"https:\\\/\\\/transportjournal.com\\\/pt-pt\\\/#\\\/schema\\\/person\\\/13a9fc605c753db60ef7750a229cd042\",\"name\":\"Gyan Sharan\",\"url\":\"https:\\\/\\\/transportjournal.com\\\/pt-pt\\\/author\\\/gyan\\\/\"}]}<\/script>\n<!-- \/ Yoast SEO plugin. -->","yoast_head_json":{"title":"ECS promove internamente executivos no setor de frete a\u00e9reo n\u00f3rdico - ITJ | International Transport Journal","robots":{"index":"index","follow":"follow","max-snippet":"max-snippet:-1","max-image-preview":"max-image-preview:large","max-video-preview":"max-video-preview:-1"},"canonical":"https:\/\/transportjournal.com\/pt-pt\/2026\/03\/12\/ecs-promove-internamente-executivos-no-setor-de-frete-aereo-nordico-2\/","og_locale":"pt_PT","og_type":"article","og_title":"ECS promove internamente executivos no setor de frete a\u00e9reo n\u00f3rdico - ITJ | International Transport Journal","og_description":"O ECS Group est\u00e1 promovendo uma nova gera\u00e7\u00e3o de l\u00edderes no frete a\u00e9reo n\u00f3rdico para desenvolver talentos internos com experi\u00eancia operacional e habilidades digitais.","og_url":"https:\/\/transportjournal.com\/pt-pt\/2026\/03\/12\/ecs-promove-internamente-executivos-no-setor-de-frete-aereo-nordico-2\/","og_site_name":"ITJ | International Transport Journal","article_published_time":"2026-03-12T10:55:59+00:00","og_image":[{"width":2560,"height":1441,"url":"https:\/\/transportjournal.com\/wp-content\/uploads\/sites\/2\/2026\/03\/A-New-Generation-of-Nordic-Air-Cargo-Leaders-Emerges-Within-ECS-Group-scaled-aspect-ratio-1400-788-scaled-1.jpg","type":"image\/jpeg"}],"author":"Gyan Sharan","twitter_card":"summary_large_image","twitter_misc":{"Escrito por":"Gyan Sharan","Tempo estimado de leitura":"1 minuto"},"schema":{"@context":"https:\/\/schema.org","@graph":[{"@type":"Article","@id":"https:\/\/transportjournal.com\/pt-pt\/2026\/03\/12\/ecs-promove-internamente-executivos-no-setor-de-frete-aereo-nordico-2\/#article","isPartOf":{"@id":"https:\/\/transportjournal.com\/pt-pt\/2026\/03\/12\/ecs-promove-internamente-executivos-no-setor-de-frete-aereo-nordico-2\/"},"author":{"name":"Gyan Sharan","@id":"https:\/\/transportjournal.com\/pt-pt\/#\/schema\/person\/13a9fc605c753db60ef7750a229cd042"},"headline":"ECS promove internamente executivos no setor de frete a\u00e9reo n\u00f3rdico","datePublished":"2026-03-12T10:55:59+00:00","mainEntityOfPage":{"@id":"https:\/\/transportjournal.com\/pt-pt\/2026\/03\/12\/ecs-promove-internamente-executivos-no-setor-de-frete-aereo-nordico-2\/"},"wordCount":219,"commentCount":0,"publisher":{"@id":"https:\/\/transportjournal.com\/pt-pt\/#organization"},"image":{"@id":"https:\/\/transportjournal.com\/pt-pt\/2026\/03\/12\/ecs-promove-internamente-executivos-no-setor-de-frete-aereo-nordico-2\/#primaryimage"},"thumbnailUrl":"https:\/\/transportjournal.com\/wp-content\/uploads\/sites\/2\/2026\/03\/A-New-Generation-of-Nordic-Air-Cargo-Leaders-Emerges-Within-ECS-Group-scaled-aspect-ratio-1400-788-scaled-1.jpg","keywords":["air freight","air freight management","air freight market","commercial competence","comp\u00e9tence commerciale","comp\u00e9tences num\u00e9riques","D\u00e4nemark","Denmark","Deutsch ECS Group","d\u00e9veloppement des leaders","d\u00e9veloppement des talents","digital air freight tools","digital skills","digitale F\u00e4higkeiten","digitale Luftfrachttools","Digitalisierung in der Luftfracht English ECS Group","digitization in air freight Fran\u00e7ais ECS Group","exp\u00e9rience op\u00e9rationnelle","fret a\u00e9rien","fret a\u00e9rien nordique","F\u00fchrungskr\u00e4fte im Transport","F\u00fchrungskr\u00e4fteentwicklung","gestion de la cha\u00eene d'approvisionnement","gestion du fret a\u00e9rien","infrastructure logistique","Infrastruktur in der Logistik","kommerzielle Kompetenz","leadership dans le transport","leadership development","logistics infrastructure","logistics service providers","Logistikdienstleister","Luftfracht","Luftfrachtmanagement","Luftfrachtmarkt","march\u00e9 du fret a\u00e9rien","Nordic air freight","Nordic GSA","nordische Luftfracht","num\u00e9risation dans le fret a\u00e9rien","operational experience","operative Erfahrung","outils de fret a\u00e9rien num\u00e9riques","prestataires de services logistiques","promotion des talents","Skylog Danemark","Skylog Denmark","Supply Chain Management","talent development","talent promotion","Talententwicklung","Talentf\u00f6rderung","transport leadership"],"articleSection":["Europa","Pessoas e empresas"],"inLanguage":"pt-PT","potentialAction":[{"@type":"CommentAction","name":"Comment","target":["https:\/\/transportjournal.com\/pt-pt\/2026\/03\/12\/ecs-promove-internamente-executivos-no-setor-de-frete-aereo-nordico-2\/#respond"]}]},{"@type":"WebPage","@id":"https:\/\/transportjournal.com\/pt-pt\/2026\/03\/12\/ecs-promove-internamente-executivos-no-setor-de-frete-aereo-nordico-2\/","url":"https:\/\/transportjournal.com\/pt-pt\/2026\/03\/12\/ecs-promove-internamente-executivos-no-setor-de-frete-aereo-nordico-2\/","name":"ECS promove internamente executivos no setor de frete a\u00e9reo n\u00f3rdico - ITJ | International Transport Journal","isPartOf":{"@id":"https:\/\/transportjournal.com\/pt-pt\/#website"},"primaryImageOfPage":{"@id":"https:\/\/transportjournal.com\/pt-pt\/2026\/03\/12\/ecs-promove-internamente-executivos-no-setor-de-frete-aereo-nordico-2\/#primaryimage"},"image":{"@id":"https:\/\/transportjournal.com\/pt-pt\/2026\/03\/12\/ecs-promove-internamente-executivos-no-setor-de-frete-aereo-nordico-2\/#primaryimage"},"thumbnailUrl":"https:\/\/transportjournal.com\/wp-content\/uploads\/sites\/2\/2026\/03\/A-New-Generation-of-Nordic-Air-Cargo-Leaders-Emerges-Within-ECS-Group-scaled-aspect-ratio-1400-788-scaled-1.jpg","datePublished":"2026-03-12T10:55:59+00:00","breadcrumb":{"@id":"https:\/\/transportjournal.com\/pt-pt\/2026\/03\/12\/ecs-promove-internamente-executivos-no-setor-de-frete-aereo-nordico-2\/#breadcrumb"},"inLanguage":"pt-PT","potentialAction":[{"@type":"ReadAction","target":["https:\/\/transportjournal.com\/pt-pt\/2026\/03\/12\/ecs-promove-internamente-executivos-no-setor-de-frete-aereo-nordico-2\/"]}]},{"@type":"ImageObject","inLanguage":"pt-PT","@id":"https:\/\/transportjournal.com\/pt-pt\/2026\/03\/12\/ecs-promove-internamente-executivos-no-setor-de-frete-aereo-nordico-2\/#primaryimage","url":"https:\/\/transportjournal.com\/wp-content\/uploads\/sites\/2\/2026\/03\/A-New-Generation-of-Nordic-Air-Cargo-Leaders-Emerges-Within-ECS-Group-scaled-aspect-ratio-1400-788-scaled-1.jpg","contentUrl":"https:\/\/transportjournal.com\/wp-content\/uploads\/sites\/2\/2026\/03\/A-New-Generation-of-Nordic-Air-Cargo-Leaders-Emerges-Within-ECS-Group-scaled-aspect-ratio-1400-788-scaled-1.jpg","width":2560,"height":1441},{"@type":"BreadcrumbList","@id":"https:\/\/transportjournal.com\/pt-pt\/2026\/03\/12\/ecs-promove-internamente-executivos-no-setor-de-frete-aereo-nordico-2\/#breadcrumb","itemListElement":[{"@type":"ListItem","position":1,"name":"Startseite","item":"https:\/\/transportjournal.com\/pt-pt\/"},{"@type":"ListItem","position":2,"name":"ECS promove internamente executivos no setor de frete a\u00e9reo n\u00f3rdico"}]},{"@type":"WebSite","@id":"https:\/\/transportjournal.com\/pt-pt\/#website","url":"https:\/\/transportjournal.com\/pt-pt\/","name":"ITJ | International Transport Journal","description":"Stay informed with the latest global news from the transport, logistics, and supply chain industries. Transport Journal delivers expert insights, analysis, and updates across shipping, aviation, intermodal, and forwarding.","publisher":{"@id":"https:\/\/transportjournal.com\/pt-pt\/#organization"},"potentialAction":[{"@type":"SearchAction","target":{"@type":"EntryPoint","urlTemplate":"https:\/\/transportjournal.com\/pt-pt\/?s={search_term_string}"},"query-input":{"@type":"PropertyValueSpecification","valueRequired":true,"valueName":"search_term_string"}}],"inLanguage":"pt-PT"},{"@type":"Organization","@id":"https:\/\/transportjournal.com\/pt-pt\/#organization","name":"Logismedia Group AG","alternateName":"Logismedia Group AG","url":"https:\/\/transportjournal.com\/pt-pt\/","logo":{"@type":"ImageObject","inLanguage":"pt-PT","@id":"https:\/\/transportjournal.com\/pt-pt\/#\/schema\/logo\/image\/","url":"https:\/\/transportjournal.com\/wp-content\/uploads\/sites\/2\/2025\/09\/Logo_ITJ.png","contentUrl":"https:\/\/transportjournal.com\/wp-content\/uploads\/sites\/2\/2025\/09\/Logo_ITJ.png","width":799,"height":326,"caption":"Logismedia Group AG"},"image":{"@id":"https:\/\/transportjournal.com\/pt-pt\/#\/schema\/logo\/image\/"},"sameAs":["https:\/\/www.linkedin.com\/company\/56456496\/admin\/dashboard\/","https:\/\/www.instagram.com\/logismediagroup\/","https:\/\/www.youtube.com\/@LogiamediaGroupAG"]},{"@type":"Person","@id":"https:\/\/transportjournal.com\/pt-pt\/#\/schema\/person\/13a9fc605c753db60ef7750a229cd042","name":"Gyan Sharan","url":"https:\/\/transportjournal.com\/pt-pt\/author\/gyan\/"}]}},"_links":{"self":[{"href":"https:\/\/transportjournal.com\/pt-pt\/wp-json\/wp\/v2\/posts\/80611","targetHints":{"allow":["GET"]}}],"collection":[{"href":"https:\/\/transportjournal.com\/pt-pt\/wp-json\/wp\/v2\/posts"}],"about":[{"href":"https:\/\/transportjournal.com\/pt-pt\/wp-json\/wp\/v2\/types\/post"}],"author":[{"embeddable":true,"href":"https:\/\/transportjournal.com\/pt-pt\/wp-json\/wp\/v2\/users\/14"}],"replies":[{"embeddable":true,"href":"https:\/\/transportjournal.com\/pt-pt\/wp-json\/wp\/v2\/comments?post=80611"}],"version-history":[{"count":0,"href":"https:\/\/transportjournal.com\/pt-pt\/wp-json\/wp\/v2\/posts\/80611\/revisions"}],"wp:featuredmedia":[{"embeddable":true,"href":"https:\/\/transportjournal.com\/pt-pt\/wp-json\/wp\/v2\/media\/80126"}],"wp:attachment":[{"href":"https:\/\/transportjournal.com\/pt-pt\/wp-json\/wp\/v2\/media?parent=80611"}],"wp:term":[{"taxonomy":"category","embeddable":true,"href":"https:\/\/transportjournal.com\/pt-pt\/wp-json\/wp\/v2\/categories?post=80611"},{"taxonomy":"post_tag","embeddable":true,"href":"https:\/\/transportjournal.com\/pt-pt\/wp-json\/wp\/v2\/tags?post=80611"}],"curies":[{"name":"wp","href":"https:\/\/api.w.org\/{rel}","templated":true}]}}