{"id":80590,"date":"2026-03-12T09:46:31","date_gmt":"2026-03-12T09:46:31","guid":{"rendered":"https:\/\/transportjournal.com\/2026\/03\/12\/desenvolvimento-do-trafego-da-hupac-2025\/"},"modified":"2026-03-12T09:46:31","modified_gmt":"2026-03-12T09:46:31","slug":"desenvolvimento-do-trafego-da-hupac-2025","status":"publish","type":"post","link":"https:\/\/transportjournal.com\/pt-pt\/2026\/03\/12\/desenvolvimento-do-trafego-da-hupac-2025\/","title":{"rendered":"Desenvolvimento do tr\u00e1fego da Hupac 2025"},"content":{"rendered":"<p>A Hupac-Gruppe transportou cerca de 975.000 envios rodovi\u00e1rios no transporte combinado estrada\/ferrovia em 2025. Com isso, o operador de rede intermodal aumentou seu volume de tr\u00e1fego em 4,3% em rela\u00e7\u00e3o ao ano anterior. Apesar das condi\u00e7\u00f5es desafiadoras, a empresa conseguiu manter sua posi\u00e7\u00e3o no transporte combinado europeu e, em particular, no corredor TEN-T Reno-Alpes.<\/p>\n<p>No total, a Hupac movimentou cerca de 1,85 milh\u00f5es de TEUs no transporte de hinterland continental e mar\u00edtimo. Especialmente no transporte transalpino atrav\u00e9s da Su\u00ed\u00e7a, o volume cresceu 4,5%, ou seja, 24.100 envios. Quantidades adicionais na rota B\u00e9lgica-It\u00e1lia contribu\u00edram para esse resultado.<\/p>\n<p>No entanto, o desenvolvimento ocorreu sob condi\u00e7\u00f5es exigentes. Obras, desvios e bloqueios de linhas afetaram a capacidade da infraestrutura ferrovi\u00e1ria. A mais impactante foi a interrup\u00e7\u00e3o de v\u00e1rias semanas da linha do Vale do Reno em junho. No entanto, a Hupac conseguiu transportar quantidades adicionais.<\/p>\n<p>Neste ano, a empresa tamb\u00e9m espera restri\u00e7\u00f5es devido a obras. Os bloqueios planejados na Alemanha e na It\u00e1lia afetar\u00e3o novamente o tr\u00e1fego. Por isso, em conjunto com parceiros ferrovi\u00e1rios, a Hupac est\u00e1 trabalhando em conceitos de desvio est\u00e1veis e investindo em ofertas de transporte mais resilientes. O objetivo continua sendo oferecer solu\u00e7\u00f5es confi\u00e1veis para o transporte de mercadorias europeu, apesar dos problemas de infraestrutura.<\/p>\n<p><a href=\"http:\/\/www.hupac.com\" target=\"_blank\" rel=\"noopener noreferrer\">www.hupac.com<\/a><\/p>\n","protected":false},"excerpt":{"rendered":"<p>O grupo Hupac aumentou em 2025 seu volume de tr\u00e1fego no transporte combinado em 4,3% e transportou com sucesso um total de 975.000 remessas rodovi\u00e1rias.<\/p>\n","protected":false},"author":14,"featured_media":80585,"comment_status":"open","ping_status":"","sticky":false,"template":"","format":"standard","meta":{"_acf_changed":false,"footnotes":""},"categories":[1645],"tags":[13172,26291,26292,26293,26294,26295,26296,26297,26298,26299,2115,4521,26300,26301,26302,14520,18144,26303,26304,4165,26305,26306,2913,8366,26307,2133,1831,7733,3157,26308,2148,10659,4180,26309,26310,26311,26312,26313,26314,4268,26315,4269,26316,26317,26318,26319,26320,26321,26322,14533,2930,26323,26324,26325,26326,26327,26328],"class_list":["post-80590","post","type-post","status-publish","format-standard","has-post-thumbnail","hentry","category-uncategorized","tag-bahninfrastruktur","tag-baustellen-im-verkehr","tag-chantiers-dans-le-transport","tag-combined-transport","tag-construction-sites-in-transport","tag-corridor-rhin-alpes","tag-croissance-du-trafic-hupac","tag-deutsch-hupac","tag-developpement-du-trafic-2025","tag-deviations-dans-le-transport-de-fret","tag-digitalisierung-in-der-logistik","tag-digitization-in-logistics","tag-diversions-in-freight-transport","tag-envois-routiers","tag-europaeischer-gueterverkehr","tag-european-freight-transport","tag-fachkraeftemangel-in-der-transportwirtschaft","tag-hupac-traffic-growth-francais-hupac","tag-hupac-verkehrswachstum-english-hupac","tag-infrastructure-ferroviaire","tag-infrastructure-issues","tag-infrastrukturprobleme","tag-intermodal-transport","tag-intermodaler-verkehr","tag-kombinierter-verkehr","tag-logistics-service-providers","tag-logistikdienstleister","tag-nachhaltige-transportloesungen","tag-numerisation-dans-la-logistique","tag-penurie-de-main-doeuvre-dans-lindustrie-du-transport","tag-prestataires-de-services-logistiques","tag-problemes-dinfrastructure","tag-rail-infrastructure","tag-restrictions-de-circulation-allemagne","tag-restrictions-de-circulation-italie","tag-rhein-alpen-korridor","tag-rhine-alps-corridor","tag-road-consignments","tag-skilled-labor-shortage-in-transport-industry","tag-solutions-de-transport-durables","tag-strassensendungen","tag-sustainable-transport-solutions","tag-teu-transport","tag-traffic-development-2025","tag-traffic-restrictions-germany","tag-traffic-restrictions-italy","tag-transalpine-transport","tag-transalpiner-verkehr","tag-transport-combine","tag-transport-de-fret-europeen","tag-transport-intermodal","tag-transport-teu","tag-transport-transalpin","tag-umleitungen-im-gueterverkehr","tag-verkehrseinschraenkungen-deutschland","tag-verkehrseinschraenkungen-italien","tag-verkehrsentwicklung-2025"],"acf":[],"yoast_head":"<!-- This site is optimized with the Yoast SEO plugin v27.3 - https:\/\/yoast.com\/product\/yoast-seo-wordpress\/ -->\n<title>Desenvolvimento do tr\u00e1fego da Hupac 2025 - ITJ | International Transport Journal<\/title>\n<meta name=\"robots\" content=\"index, follow, max-snippet:-1, max-image-preview:large, max-video-preview:-1\" \/>\n<link rel=\"canonical\" href=\"https:\/\/transportjournal.com\/pt-pt\/2026\/03\/12\/desenvolvimento-do-trafego-da-hupac-2025\/\" \/>\n<meta property=\"og:locale\" content=\"pt_PT\" \/>\n<meta property=\"og:type\" content=\"article\" \/>\n<meta property=\"og:title\" content=\"Desenvolvimento do tr\u00e1fego da Hupac 2025 - ITJ | International Transport Journal\" \/>\n<meta property=\"og:description\" content=\"O grupo Hupac aumentou em 2025 seu volume de tr\u00e1fego no transporte combinado em 4,3% e transportou com sucesso um total de 975.000 remessas rodovi\u00e1rias.\" \/>\n<meta property=\"og:url\" content=\"https:\/\/transportjournal.com\/pt-pt\/2026\/03\/12\/desenvolvimento-do-trafego-da-hupac-2025\/\" \/>\n<meta property=\"og:site_name\" content=\"ITJ | International Transport Journal\" \/>\n<meta property=\"article:published_time\" content=\"2026-03-12T09:46:31+00:00\" \/>\n<meta property=\"og:image\" content=\"https:\/\/transportjournal.com\/wp-content\/uploads\/sites\/2\/2026\/03\/Hupac-Verkehrsentwicklung-2025-aspect-ratio-1400-788.jpg\" \/>\n\t<meta property=\"og:image:width\" content=\"1600\" \/>\n\t<meta property=\"og:image:height\" content=\"901\" \/>\n\t<meta property=\"og:image:type\" content=\"image\/jpeg\" \/>\n<meta name=\"author\" content=\"Gyan Sharan\" \/>\n<meta name=\"twitter:card\" content=\"summary_large_image\" \/>\n<meta name=\"twitter:label1\" content=\"Escrito por\" \/>\n\t<meta name=\"twitter:data1\" content=\"Gyan Sharan\" \/>\n\t<meta name=\"twitter:label2\" content=\"Tempo estimado de leitura\" \/>\n\t<meta name=\"twitter:data2\" content=\"1 minuto\" \/>\n<script type=\"application\/ld+json\" class=\"yoast-schema-graph\">{\"@context\":\"https:\\\/\\\/schema.org\",\"@graph\":[{\"@type\":\"Article\",\"@id\":\"https:\\\/\\\/transportjournal.com\\\/pt-pt\\\/2026\\\/03\\\/12\\\/desenvolvimento-do-trafego-da-hupac-2025\\\/#article\",\"isPartOf\":{\"@id\":\"https:\\\/\\\/transportjournal.com\\\/pt-pt\\\/2026\\\/03\\\/12\\\/desenvolvimento-do-trafego-da-hupac-2025\\\/\"},\"author\":{\"name\":\"Gyan Sharan\",\"@id\":\"https:\\\/\\\/transportjournal.com\\\/pt-pt\\\/#\\\/schema\\\/person\\\/13a9fc605c753db60ef7750a229cd042\"},\"headline\":\"Desenvolvimento do tr\u00e1fego da Hupac 2025\",\"datePublished\":\"2026-03-12T09:46:31+00:00\",\"mainEntityOfPage\":{\"@id\":\"https:\\\/\\\/transportjournal.com\\\/pt-pt\\\/2026\\\/03\\\/12\\\/desenvolvimento-do-trafego-da-hupac-2025\\\/\"},\"wordCount\":234,\"commentCount\":0,\"publisher\":{\"@id\":\"https:\\\/\\\/transportjournal.com\\\/pt-pt\\\/#organization\"},\"image\":{\"@id\":\"https:\\\/\\\/transportjournal.com\\\/pt-pt\\\/2026\\\/03\\\/12\\\/desenvolvimento-do-trafego-da-hupac-2025\\\/#primaryimage\"},\"thumbnailUrl\":\"https:\\\/\\\/transportjournal.com\\\/wp-content\\\/uploads\\\/sites\\\/2\\\/2026\\\/03\\\/Hupac-Verkehrsentwicklung-2025-aspect-ratio-1400-788.jpg\",\"keywords\":[\"Bahninfrastruktur\",\"Baustellen im Verkehr\",\"chantiers dans le transport\",\"combined transport\",\"construction sites in transport\",\"corridor Rhin-Alpes\",\"croissance du trafic Hupac\",\"Deutsch Hupac\",\"d\u00e9veloppement du trafic 2025\",\"d\u00e9viations dans le transport de fret\",\"Digitalisierung in der Logistik\",\"digitization in logistics\",\"diversions in freight transport\",\"envois routiers\",\"europ\u00e4ischer G\u00fcterverkehr\",\"European freight transport\",\"Fachkr\u00e4ftemangel in der Transportwirtschaft\",\"Hupac traffic growth Fran\u00e7ais Hupac\",\"Hupac Verkehrswachstum English Hupac\",\"infrastructure ferroviaire\",\"infrastructure issues\",\"Infrastrukturprobleme\",\"intermodal transport\",\"intermodaler Verkehr\",\"kombinierter Verkehr\",\"logistics service providers\",\"Logistikdienstleister\",\"nachhaltige Transportl\u00f6sungen\",\"num\u00e9risation dans la logistique\",\"p\u00e9nurie de main-d'\u0153uvre dans l'industrie du transport\",\"prestataires de services logistiques\",\"probl\u00e8mes d'infrastructure\",\"rail infrastructure\",\"restrictions de circulation Allemagne\",\"restrictions de circulation Italie\",\"Rhein-Alpen Korridor\",\"Rhine-Alps corridor\",\"road consignments\",\"skilled labor shortage in transport industry\",\"solutions de transport durables\",\"Strassensendungen\",\"sustainable transport solutions\",\"TEU Transport\",\"traffic development 2025\",\"traffic restrictions Germany\",\"traffic restrictions Italy\",\"transalpine transport\",\"transalpiner Verkehr\",\"transport combin\u00e9\",\"transport de fret europ\u00e9en\",\"transport intermodal\",\"transport TEU\",\"transport transalpin\",\"Umleitungen im G\u00fcterverkehr\",\"Verkehrseinschr\u00e4nkungen Deutschland\",\"Verkehrseinschr\u00e4nkungen Italien\",\"Verkehrsentwicklung 2025\"],\"articleSection\":[\"Uncategorized\"],\"inLanguage\":\"pt-PT\",\"potentialAction\":[{\"@type\":\"CommentAction\",\"name\":\"Comment\",\"target\":[\"https:\\\/\\\/transportjournal.com\\\/pt-pt\\\/2026\\\/03\\\/12\\\/desenvolvimento-do-trafego-da-hupac-2025\\\/#respond\"]}]},{\"@type\":\"WebPage\",\"@id\":\"https:\\\/\\\/transportjournal.com\\\/pt-pt\\\/2026\\\/03\\\/12\\\/desenvolvimento-do-trafego-da-hupac-2025\\\/\",\"url\":\"https:\\\/\\\/transportjournal.com\\\/pt-pt\\\/2026\\\/03\\\/12\\\/desenvolvimento-do-trafego-da-hupac-2025\\\/\",\"name\":\"Desenvolvimento do tr\u00e1fego da Hupac 2025 - ITJ | International Transport Journal\",\"isPartOf\":{\"@id\":\"https:\\\/\\\/transportjournal.com\\\/pt-pt\\\/#website\"},\"primaryImageOfPage\":{\"@id\":\"https:\\\/\\\/transportjournal.com\\\/pt-pt\\\/2026\\\/03\\\/12\\\/desenvolvimento-do-trafego-da-hupac-2025\\\/#primaryimage\"},\"image\":{\"@id\":\"https:\\\/\\\/transportjournal.com\\\/pt-pt\\\/2026\\\/03\\\/12\\\/desenvolvimento-do-trafego-da-hupac-2025\\\/#primaryimage\"},\"thumbnailUrl\":\"https:\\\/\\\/transportjournal.com\\\/wp-content\\\/uploads\\\/sites\\\/2\\\/2026\\\/03\\\/Hupac-Verkehrsentwicklung-2025-aspect-ratio-1400-788.jpg\",\"datePublished\":\"2026-03-12T09:46:31+00:00\",\"breadcrumb\":{\"@id\":\"https:\\\/\\\/transportjournal.com\\\/pt-pt\\\/2026\\\/03\\\/12\\\/desenvolvimento-do-trafego-da-hupac-2025\\\/#breadcrumb\"},\"inLanguage\":\"pt-PT\",\"potentialAction\":[{\"@type\":\"ReadAction\",\"target\":[\"https:\\\/\\\/transportjournal.com\\\/pt-pt\\\/2026\\\/03\\\/12\\\/desenvolvimento-do-trafego-da-hupac-2025\\\/\"]}]},{\"@type\":\"ImageObject\",\"inLanguage\":\"pt-PT\",\"@id\":\"https:\\\/\\\/transportjournal.com\\\/pt-pt\\\/2026\\\/03\\\/12\\\/desenvolvimento-do-trafego-da-hupac-2025\\\/#primaryimage\",\"url\":\"https:\\\/\\\/transportjournal.com\\\/wp-content\\\/uploads\\\/sites\\\/2\\\/2026\\\/03\\\/Hupac-Verkehrsentwicklung-2025-aspect-ratio-1400-788.jpg\",\"contentUrl\":\"https:\\\/\\\/transportjournal.com\\\/wp-content\\\/uploads\\\/sites\\\/2\\\/2026\\\/03\\\/Hupac-Verkehrsentwicklung-2025-aspect-ratio-1400-788.jpg\",\"width\":1600,\"height\":901},{\"@type\":\"BreadcrumbList\",\"@id\":\"https:\\\/\\\/transportjournal.com\\\/pt-pt\\\/2026\\\/03\\\/12\\\/desenvolvimento-do-trafego-da-hupac-2025\\\/#breadcrumb\",\"itemListElement\":[{\"@type\":\"ListItem\",\"position\":1,\"name\":\"Startseite\",\"item\":\"https:\\\/\\\/transportjournal.com\\\/pt-pt\\\/\"},{\"@type\":\"ListItem\",\"position\":2,\"name\":\"Desenvolvimento do tr\u00e1fego da Hupac 2025\"}]},{\"@type\":\"WebSite\",\"@id\":\"https:\\\/\\\/transportjournal.com\\\/pt-pt\\\/#website\",\"url\":\"https:\\\/\\\/transportjournal.com\\\/pt-pt\\\/\",\"name\":\"ITJ | International Transport Journal\",\"description\":\"Stay informed with the latest global news from the transport, logistics, and supply chain industries. Transport Journal delivers expert insights, analysis, and updates across shipping, aviation, intermodal, and forwarding.\",\"publisher\":{\"@id\":\"https:\\\/\\\/transportjournal.com\\\/pt-pt\\\/#organization\"},\"potentialAction\":[{\"@type\":\"SearchAction\",\"target\":{\"@type\":\"EntryPoint\",\"urlTemplate\":\"https:\\\/\\\/transportjournal.com\\\/pt-pt\\\/?s={search_term_string}\"},\"query-input\":{\"@type\":\"PropertyValueSpecification\",\"valueRequired\":true,\"valueName\":\"search_term_string\"}}],\"inLanguage\":\"pt-PT\"},{\"@type\":\"Organization\",\"@id\":\"https:\\\/\\\/transportjournal.com\\\/pt-pt\\\/#organization\",\"name\":\"Logismedia Group AG\",\"alternateName\":\"Logismedia Group AG\",\"url\":\"https:\\\/\\\/transportjournal.com\\\/pt-pt\\\/\",\"logo\":{\"@type\":\"ImageObject\",\"inLanguage\":\"pt-PT\",\"@id\":\"https:\\\/\\\/transportjournal.com\\\/pt-pt\\\/#\\\/schema\\\/logo\\\/image\\\/\",\"url\":\"https:\\\/\\\/transportjournal.com\\\/wp-content\\\/uploads\\\/sites\\\/2\\\/2025\\\/09\\\/Logo_ITJ.png\",\"contentUrl\":\"https:\\\/\\\/transportjournal.com\\\/wp-content\\\/uploads\\\/sites\\\/2\\\/2025\\\/09\\\/Logo_ITJ.png\",\"width\":799,\"height\":326,\"caption\":\"Logismedia Group AG\"},\"image\":{\"@id\":\"https:\\\/\\\/transportjournal.com\\\/pt-pt\\\/#\\\/schema\\\/logo\\\/image\\\/\"},\"sameAs\":[\"https:\\\/\\\/www.linkedin.com\\\/company\\\/56456496\\\/admin\\\/dashboard\\\/\",\"https:\\\/\\\/www.instagram.com\\\/logismediagroup\\\/\",\"https:\\\/\\\/www.youtube.com\\\/@LogiamediaGroupAG\"]},{\"@type\":\"Person\",\"@id\":\"https:\\\/\\\/transportjournal.com\\\/pt-pt\\\/#\\\/schema\\\/person\\\/13a9fc605c753db60ef7750a229cd042\",\"name\":\"Gyan Sharan\",\"url\":\"https:\\\/\\\/transportjournal.com\\\/pt-pt\\\/author\\\/gyan\\\/\"}]}<\/script>\n<!-- \/ Yoast SEO plugin. -->","yoast_head_json":{"title":"Desenvolvimento do tr\u00e1fego da Hupac 2025 - ITJ | International Transport Journal","robots":{"index":"index","follow":"follow","max-snippet":"max-snippet:-1","max-image-preview":"max-image-preview:large","max-video-preview":"max-video-preview:-1"},"canonical":"https:\/\/transportjournal.com\/pt-pt\/2026\/03\/12\/desenvolvimento-do-trafego-da-hupac-2025\/","og_locale":"pt_PT","og_type":"article","og_title":"Desenvolvimento do tr\u00e1fego da Hupac 2025 - ITJ | International Transport Journal","og_description":"O grupo Hupac aumentou em 2025 seu volume de tr\u00e1fego no transporte combinado em 4,3% e transportou com sucesso um total de 975.000 remessas rodovi\u00e1rias.","og_url":"https:\/\/transportjournal.com\/pt-pt\/2026\/03\/12\/desenvolvimento-do-trafego-da-hupac-2025\/","og_site_name":"ITJ | International Transport Journal","article_published_time":"2026-03-12T09:46:31+00:00","og_image":[{"width":1600,"height":901,"url":"https:\/\/transportjournal.com\/wp-content\/uploads\/sites\/2\/2026\/03\/Hupac-Verkehrsentwicklung-2025-aspect-ratio-1400-788.jpg","type":"image\/jpeg"}],"author":"Gyan Sharan","twitter_card":"summary_large_image","twitter_misc":{"Escrito por":"Gyan Sharan","Tempo estimado de leitura":"1 minuto"},"schema":{"@context":"https:\/\/schema.org","@graph":[{"@type":"Article","@id":"https:\/\/transportjournal.com\/pt-pt\/2026\/03\/12\/desenvolvimento-do-trafego-da-hupac-2025\/#article","isPartOf":{"@id":"https:\/\/transportjournal.com\/pt-pt\/2026\/03\/12\/desenvolvimento-do-trafego-da-hupac-2025\/"},"author":{"name":"Gyan Sharan","@id":"https:\/\/transportjournal.com\/pt-pt\/#\/schema\/person\/13a9fc605c753db60ef7750a229cd042"},"headline":"Desenvolvimento do tr\u00e1fego da Hupac 2025","datePublished":"2026-03-12T09:46:31+00:00","mainEntityOfPage":{"@id":"https:\/\/transportjournal.com\/pt-pt\/2026\/03\/12\/desenvolvimento-do-trafego-da-hupac-2025\/"},"wordCount":234,"commentCount":0,"publisher":{"@id":"https:\/\/transportjournal.com\/pt-pt\/#organization"},"image":{"@id":"https:\/\/transportjournal.com\/pt-pt\/2026\/03\/12\/desenvolvimento-do-trafego-da-hupac-2025\/#primaryimage"},"thumbnailUrl":"https:\/\/transportjournal.com\/wp-content\/uploads\/sites\/2\/2026\/03\/Hupac-Verkehrsentwicklung-2025-aspect-ratio-1400-788.jpg","keywords":["Bahninfrastruktur","Baustellen im Verkehr","chantiers dans le transport","combined transport","construction sites in transport","corridor Rhin-Alpes","croissance du trafic Hupac","Deutsch Hupac","d\u00e9veloppement du trafic 2025","d\u00e9viations dans le transport de fret","Digitalisierung in der Logistik","digitization in logistics","diversions in freight transport","envois routiers","europ\u00e4ischer G\u00fcterverkehr","European freight transport","Fachkr\u00e4ftemangel in der Transportwirtschaft","Hupac traffic growth Fran\u00e7ais Hupac","Hupac Verkehrswachstum English Hupac","infrastructure ferroviaire","infrastructure issues","Infrastrukturprobleme","intermodal transport","intermodaler Verkehr","kombinierter Verkehr","logistics service providers","Logistikdienstleister","nachhaltige Transportl\u00f6sungen","num\u00e9risation dans la logistique","p\u00e9nurie de main-d'\u0153uvre dans l'industrie du transport","prestataires de services logistiques","probl\u00e8mes d'infrastructure","rail infrastructure","restrictions de circulation Allemagne","restrictions de circulation Italie","Rhein-Alpen Korridor","Rhine-Alps corridor","road consignments","skilled labor shortage in transport industry","solutions de transport durables","Strassensendungen","sustainable transport solutions","TEU Transport","traffic development 2025","traffic restrictions Germany","traffic restrictions Italy","transalpine transport","transalpiner Verkehr","transport combin\u00e9","transport de fret europ\u00e9en","transport intermodal","transport TEU","transport transalpin","Umleitungen im G\u00fcterverkehr","Verkehrseinschr\u00e4nkungen Deutschland","Verkehrseinschr\u00e4nkungen Italien","Verkehrsentwicklung 2025"],"articleSection":["Uncategorized"],"inLanguage":"pt-PT","potentialAction":[{"@type":"CommentAction","name":"Comment","target":["https:\/\/transportjournal.com\/pt-pt\/2026\/03\/12\/desenvolvimento-do-trafego-da-hupac-2025\/#respond"]}]},{"@type":"WebPage","@id":"https:\/\/transportjournal.com\/pt-pt\/2026\/03\/12\/desenvolvimento-do-trafego-da-hupac-2025\/","url":"https:\/\/transportjournal.com\/pt-pt\/2026\/03\/12\/desenvolvimento-do-trafego-da-hupac-2025\/","name":"Desenvolvimento do tr\u00e1fego da Hupac 2025 - ITJ | International Transport Journal","isPartOf":{"@id":"https:\/\/transportjournal.com\/pt-pt\/#website"},"primaryImageOfPage":{"@id":"https:\/\/transportjournal.com\/pt-pt\/2026\/03\/12\/desenvolvimento-do-trafego-da-hupac-2025\/#primaryimage"},"image":{"@id":"https:\/\/transportjournal.com\/pt-pt\/2026\/03\/12\/desenvolvimento-do-trafego-da-hupac-2025\/#primaryimage"},"thumbnailUrl":"https:\/\/transportjournal.com\/wp-content\/uploads\/sites\/2\/2026\/03\/Hupac-Verkehrsentwicklung-2025-aspect-ratio-1400-788.jpg","datePublished":"2026-03-12T09:46:31+00:00","breadcrumb":{"@id":"https:\/\/transportjournal.com\/pt-pt\/2026\/03\/12\/desenvolvimento-do-trafego-da-hupac-2025\/#breadcrumb"},"inLanguage":"pt-PT","potentialAction":[{"@type":"ReadAction","target":["https:\/\/transportjournal.com\/pt-pt\/2026\/03\/12\/desenvolvimento-do-trafego-da-hupac-2025\/"]}]},{"@type":"ImageObject","inLanguage":"pt-PT","@id":"https:\/\/transportjournal.com\/pt-pt\/2026\/03\/12\/desenvolvimento-do-trafego-da-hupac-2025\/#primaryimage","url":"https:\/\/transportjournal.com\/wp-content\/uploads\/sites\/2\/2026\/03\/Hupac-Verkehrsentwicklung-2025-aspect-ratio-1400-788.jpg","contentUrl":"https:\/\/transportjournal.com\/wp-content\/uploads\/sites\/2\/2026\/03\/Hupac-Verkehrsentwicklung-2025-aspect-ratio-1400-788.jpg","width":1600,"height":901},{"@type":"BreadcrumbList","@id":"https:\/\/transportjournal.com\/pt-pt\/2026\/03\/12\/desenvolvimento-do-trafego-da-hupac-2025\/#breadcrumb","itemListElement":[{"@type":"ListItem","position":1,"name":"Startseite","item":"https:\/\/transportjournal.com\/pt-pt\/"},{"@type":"ListItem","position":2,"name":"Desenvolvimento do tr\u00e1fego da Hupac 2025"}]},{"@type":"WebSite","@id":"https:\/\/transportjournal.com\/pt-pt\/#website","url":"https:\/\/transportjournal.com\/pt-pt\/","name":"ITJ | International Transport Journal","description":"Stay informed with the latest global news from the transport, logistics, and supply chain industries. Transport Journal delivers expert insights, analysis, and updates across shipping, aviation, intermodal, and forwarding.","publisher":{"@id":"https:\/\/transportjournal.com\/pt-pt\/#organization"},"potentialAction":[{"@type":"SearchAction","target":{"@type":"EntryPoint","urlTemplate":"https:\/\/transportjournal.com\/pt-pt\/?s={search_term_string}"},"query-input":{"@type":"PropertyValueSpecification","valueRequired":true,"valueName":"search_term_string"}}],"inLanguage":"pt-PT"},{"@type":"Organization","@id":"https:\/\/transportjournal.com\/pt-pt\/#organization","name":"Logismedia Group AG","alternateName":"Logismedia Group AG","url":"https:\/\/transportjournal.com\/pt-pt\/","logo":{"@type":"ImageObject","inLanguage":"pt-PT","@id":"https:\/\/transportjournal.com\/pt-pt\/#\/schema\/logo\/image\/","url":"https:\/\/transportjournal.com\/wp-content\/uploads\/sites\/2\/2025\/09\/Logo_ITJ.png","contentUrl":"https:\/\/transportjournal.com\/wp-content\/uploads\/sites\/2\/2025\/09\/Logo_ITJ.png","width":799,"height":326,"caption":"Logismedia Group AG"},"image":{"@id":"https:\/\/transportjournal.com\/pt-pt\/#\/schema\/logo\/image\/"},"sameAs":["https:\/\/www.linkedin.com\/company\/56456496\/admin\/dashboard\/","https:\/\/www.instagram.com\/logismediagroup\/","https:\/\/www.youtube.com\/@LogiamediaGroupAG"]},{"@type":"Person","@id":"https:\/\/transportjournal.com\/pt-pt\/#\/schema\/person\/13a9fc605c753db60ef7750a229cd042","name":"Gyan Sharan","url":"https:\/\/transportjournal.com\/pt-pt\/author\/gyan\/"}]}},"_links":{"self":[{"href":"https:\/\/transportjournal.com\/pt-pt\/wp-json\/wp\/v2\/posts\/80590","targetHints":{"allow":["GET"]}}],"collection":[{"href":"https:\/\/transportjournal.com\/pt-pt\/wp-json\/wp\/v2\/posts"}],"about":[{"href":"https:\/\/transportjournal.com\/pt-pt\/wp-json\/wp\/v2\/types\/post"}],"author":[{"embeddable":true,"href":"https:\/\/transportjournal.com\/pt-pt\/wp-json\/wp\/v2\/users\/14"}],"replies":[{"embeddable":true,"href":"https:\/\/transportjournal.com\/pt-pt\/wp-json\/wp\/v2\/comments?post=80590"}],"version-history":[{"count":0,"href":"https:\/\/transportjournal.com\/pt-pt\/wp-json\/wp\/v2\/posts\/80590\/revisions"}],"wp:featuredmedia":[{"embeddable":true,"href":"https:\/\/transportjournal.com\/pt-pt\/wp-json\/wp\/v2\/media\/80585"}],"wp:attachment":[{"href":"https:\/\/transportjournal.com\/pt-pt\/wp-json\/wp\/v2\/media?parent=80590"}],"wp:term":[{"taxonomy":"category","embeddable":true,"href":"https:\/\/transportjournal.com\/pt-pt\/wp-json\/wp\/v2\/categories?post=80590"},{"taxonomy":"post_tag","embeddable":true,"href":"https:\/\/transportjournal.com\/pt-pt\/wp-json\/wp\/v2\/tags?post=80590"}],"curies":[{"name":"wp","href":"https:\/\/api.w.org\/{rel}","templated":true}]}}