{"id":80568,"date":"2026-03-12T09:19:07","date_gmt":"2026-03-12T09:19:07","guid":{"rendered":"https:\/\/transportjournal.com\/2026\/03\/12\/logistec-adquire-travero-logistics-park\/"},"modified":"2026-03-12T10:42:56","modified_gmt":"2026-03-12T09:42:56","slug":"logistec-adquire-travero-logistics-park","status":"publish","type":"post","link":"https:\/\/transportjournal.com\/pt-pt\/2026\/03\/12\/logistec-adquire-travero-logistics-park\/","title":{"rendered":"Logistec adquire Travero Logistics Park"},"content":{"rendered":"<p>LOGISTEC anunciou a aquisi\u00e7\u00e3o do Travero Logistics Park Dubuque (LPD) para expandir sua rede de vias naveg\u00e1veis interiores nos EUA. Com essa aquisi\u00e7\u00e3o, a empresa pretende abrir novas conex\u00f5es de mercado, conforme informado.<\/p>\n<p>O Travero Logistics Park Dubuque est\u00e1 localizado em East Dubuque, Illinois, na parte superior do Mississippi. Com uma \u00e1rea de 40 hectares, o terminal oferece servi\u00e7os multimodais, focando na movimenta\u00e7\u00e3o, armazenamento e carregamento de carga a granel e carga unitizada. O acesso ao terminal \u00e9 feito tanto por embarca\u00e7\u00f5es interiores quanto por trem e caminh\u00e3o, representando uma solu\u00e7\u00e3o log\u00edstica para diversos setores. O LPD atende, entre outros, fabricantes nas \u00e1reas de agricultura, a\u00e7o, manufatura e energia.<\/p>\n<p>A aquisi\u00e7\u00e3o do LPD segue um acordo recentemente conclu\u00eddo pela LOGISTEC com o IPA Terminal em Altamira, M\u00e9xico. Berenson &amp; Company, LLC, atuou como consultor financeiro para a LOGISTEC, enquanto King &amp; Spalding cuidou dos aspectos legais da transa\u00e7\u00e3o. RJM &amp; Company, LLC, atuou como consultor financeiro para a Travero, e Chapman &amp; Cutler assumiu a consultoria jur\u00eddica para este lado.<\/p>\n<p><a href=\"https:\/\/www.logistec.com\/\" target=\"_blank\" rel=\"noopener noreferrer\">www.logistec.com<\/a><\/p>\n","protected":false},"excerpt":{"rendered":"<p>Logistec adquiriu o Travero Logistics Park Dubuque para expandir suas capacidades log\u00edsticas nos EUA e criar novas conex\u00f5es de mercado.<\/p>\n","protected":false},"author":10,"featured_media":80563,"comment_status":"open","ping_status":"","sticky":false,"template":"","format":"standard","meta":{"_acf_changed":false,"footnotes":""},"categories":[1626,1616],"tags":[26256,26257,26258,26259,26260,22805,26261,26262,26263,3353,3354,24142,24143,26264,2122,26265,2125,5546,3328,3994,26266,2373,26267,26268,26269,26270,26271,26272,26273,24151,26274,22813,26275,26276,26277,11310,2076,3379,2145,2386,26278,26279,26280,11322,26281,26282,26283,26284,26285,26286,26287,26288,2839,1837,26289,26290],"class_list":["post-80568","post","type-post","status-publish","format-standard","has-post-thumbnail","hentry","category-americas","category-intermodal-rodoviario","tag-acquisition-entreprise-logistique","tag-acquisition-travero","tag-akquisition-travero","tag-binnenwasserstrassennetz","tag-breakbulk-storage","tag-bulk-cargo-handling","tag-connectivite-ferroviaire-et-routiere","tag-connexions-de-marche-usa","tag-deutsch-logistec","tag-digitalisierung-logistik","tag-digitalization-logistics","tag-energie-logistik","tag-energy-logistics","tag-expansion-des-connexions-de-marche","tag-fachkraeftemangel-logistik","tag-fertigungslogistik-english-logistec","tag-industrie-du-transport","tag-infrastructure-logistics","tag-infrastructure-logistique","tag-infrastruktur-logistik","tag-inland-waterway-network-usa","tag-labor-shortage-logistics","tag-logistics-providers-illinois","tag-logistics-solutions-agriculture","tag-logistikdienstleister-illinois","tag-logistikloesungen-landwirtschaft","tag-logistique-approvisionnement-energetique","tag-logistique-de-fabrication","tag-logistique-de-lindustrie-siderurgique","tag-logistique-energetique","tag-manufacturing-logistics-francais-logistec","tag-manutention-de-marchandises-en-vrac","tag-market-connections-usa","tag-marktverbindungen-usa","tag-mississippi-transport","tag-multimodal-services","tag-multimodale-dienstleistungen","tag-numerisation-logistique","tag-penurie-de-main-doeuvre-logistique","tag-prestataires-de-services-logistiques-usa","tag-prestataires-logistiques-illinois","tag-reseau-de-voies-navigables-interieures-usa","tag-schuettgut-umschlag","tag-services-multimodaux","tag-solutions-logistiques-agriculture","tag-stahlindustrie-logistik","tag-steel-industry-logistics","tag-stockage-de-marchandises","tag-stueckgut-lagerung","tag-terminal-east-dubuque","tag-transport-industrie-de-lacier","tag-transport-mississippi","tag-transportation-industry","tag-transportwirtschaft","tag-travero-logistics-park","tag-wasserstrassennetz-usa"],"acf":[],"yoast_head":"<!-- This site is optimized with the Yoast SEO plugin v27.3 - https:\/\/yoast.com\/product\/yoast-seo-wordpress\/ -->\n<title>LOGISTEC adquire Travero Logistics Park - ITJ | International Transport Journal<\/title>\n<meta name=\"robots\" content=\"index, follow, max-snippet:-1, max-image-preview:large, max-video-preview:-1\" \/>\n<link rel=\"canonical\" href=\"https:\/\/transportjournal.com\/pt-pt\/2026\/03\/12\/logistec-adquire-travero-logistics-park\/\" \/>\n<meta property=\"og:locale\" content=\"pt_PT\" \/>\n<meta property=\"og:type\" content=\"article\" \/>\n<meta property=\"og:title\" content=\"LOGISTEC adquire Travero Logistics Park - ITJ | International Transport Journal\" \/>\n<meta property=\"og:description\" content=\"Logistec adquiriu o Travero Logistics Park Dubuque para expandir suas capacidades log\u00edsticas nos EUA e criar novas conex\u00f5es de mercado.\" \/>\n<meta property=\"og:url\" content=\"https:\/\/transportjournal.com\/pt-pt\/2026\/03\/12\/logistec-adquire-travero-logistics-park\/\" \/>\n<meta property=\"og:site_name\" content=\"ITJ | International Transport Journal\" \/>\n<meta property=\"article:published_time\" content=\"2026-03-12T09:19:07+00:00\" \/>\n<meta property=\"article:modified_time\" content=\"2026-03-12T09:42:56+00:00\" \/>\n<meta property=\"og:image\" content=\"https:\/\/transportjournal.com\/wp-content\/uploads\/sites\/2\/2026\/03\/LOGISTEC_LOGISTEC_Announces_Acquisition_of_Logistics_Park_Dubuqu-scaled-1.jpg\" \/>\n\t<meta property=\"og:image:width\" content=\"2560\" \/>\n\t<meta property=\"og:image:height\" content=\"1440\" \/>\n\t<meta property=\"og:image:type\" content=\"image\/jpeg\" \/>\n<meta name=\"author\" content=\"Jeremy Soland\" \/>\n<meta name=\"twitter:card\" content=\"summary_large_image\" \/>\n<meta name=\"twitter:label1\" content=\"Escrito por\" \/>\n\t<meta name=\"twitter:data1\" content=\"Jeremy Soland\" \/>\n\t<meta name=\"twitter:label2\" content=\"Tempo estimado de leitura\" \/>\n\t<meta name=\"twitter:data2\" content=\"1 minuto\" \/>\n<script type=\"application\/ld+json\" class=\"yoast-schema-graph\">{\"@context\":\"https:\\\/\\\/schema.org\",\"@graph\":[{\"@type\":\"Article\",\"@id\":\"https:\\\/\\\/transportjournal.com\\\/pt-pt\\\/2026\\\/03\\\/12\\\/logistec-adquire-travero-logistics-park\\\/#article\",\"isPartOf\":{\"@id\":\"https:\\\/\\\/transportjournal.com\\\/pt-pt\\\/2026\\\/03\\\/12\\\/logistec-adquire-travero-logistics-park\\\/\"},\"author\":{\"name\":\"Jeremy Soland\",\"@id\":\"https:\\\/\\\/transportjournal.com\\\/pt-pt\\\/#\\\/schema\\\/person\\\/41d36b5474b623392fa613e97e2363fa\"},\"headline\":\"Logistec adquire Travero Logistics Park\",\"datePublished\":\"2026-03-12T09:19:07+00:00\",\"dateModified\":\"2026-03-12T09:42:56+00:00\",\"mainEntityOfPage\":{\"@id\":\"https:\\\/\\\/transportjournal.com\\\/pt-pt\\\/2026\\\/03\\\/12\\\/logistec-adquire-travero-logistics-park\\\/\"},\"wordCount\":192,\"commentCount\":0,\"publisher\":{\"@id\":\"https:\\\/\\\/transportjournal.com\\\/pt-pt\\\/#organization\"},\"image\":{\"@id\":\"https:\\\/\\\/transportjournal.com\\\/pt-pt\\\/2026\\\/03\\\/12\\\/logistec-adquire-travero-logistics-park\\\/#primaryimage\"},\"thumbnailUrl\":\"https:\\\/\\\/transportjournal.com\\\/wp-content\\\/uploads\\\/sites\\\/2\\\/2026\\\/03\\\/LOGISTEC_LOGISTEC_Announces_Acquisition_of_Logistics_Park_Dubuqu-scaled-1.jpg\",\"keywords\":[\"acquisition entreprise logistique\",\"acquisition Travero\",\"Akquisition Travero\",\"Binnenwasserstrassennetz\",\"breakbulk storage\",\"bulk cargo handling\",\"connectivit\u00e9 ferroviaire et routi\u00e8re\",\"connexions de march\u00e9 USA\",\"Deutsch LOGISTEC\",\"Digitalisierung Logistik\",\"digitalization logistics\",\"Energie-Logistik\",\"energy logistics\",\"expansion des connexions de march\u00e9\",\"Fachkr\u00e4ftemangel Logistik\",\"Fertigungslogistik English LOGISTEC\",\"industrie du transport\",\"infrastructure logistics\",\"infrastructure logistique\",\"Infrastruktur Logistik\",\"inland waterway network USA\",\"labor shortage logistics\",\"logistics providers Illinois\",\"logistics solutions agriculture\",\"Logistikdienstleister Illinois\",\"Logistikl\u00f6sungen Landwirtschaft\",\"logistique approvisionnement \u00e9nerg\u00e9tique\",\"logistique de fabrication\",\"logistique de l'industrie sid\u00e9rurgique\",\"logistique \u00e9nerg\u00e9tique\",\"manufacturing logistics Fran\u00e7ais LOGISTEC\",\"manutention de marchandises en vrac\",\"market connections USA\",\"Marktverbindungen USA\",\"Mississippi Transport\",\"multimodal services\",\"multimodale Dienstleistungen\",\"num\u00e9risation logistique\",\"p\u00e9nurie de main-d'\u0153uvre logistique\",\"prestataires de services logistiques USA\",\"prestataires logistiques Illinois\",\"r\u00e9seau de voies navigables int\u00e9rieures USA\",\"Sch\u00fcttgut Umschlag\",\"services multimodaux\",\"solutions logistiques agriculture\",\"Stahlindustrie Logistik\",\"steel industry logistics\",\"stockage de marchandises\",\"St\u00fcckgut Lagerung\",\"Terminal East Dubuque\",\"transport industrie de l'acier\",\"transport Mississippi\",\"transportation industry\",\"Transportwirtschaft\",\"Travero Logistics Park\",\"Wasserstrassennetz USA\"],\"articleSection\":[\"Am\u00e9ricas\",\"Intermodal \\\/ Rodovi\u00e1rio\"],\"inLanguage\":\"pt-PT\",\"potentialAction\":[{\"@type\":\"CommentAction\",\"name\":\"Comment\",\"target\":[\"https:\\\/\\\/transportjournal.com\\\/pt-pt\\\/2026\\\/03\\\/12\\\/logistec-adquire-travero-logistics-park\\\/#respond\"]}]},{\"@type\":\"WebPage\",\"@id\":\"https:\\\/\\\/transportjournal.com\\\/pt-pt\\\/2026\\\/03\\\/12\\\/logistec-adquire-travero-logistics-park\\\/\",\"url\":\"https:\\\/\\\/transportjournal.com\\\/pt-pt\\\/2026\\\/03\\\/12\\\/logistec-adquire-travero-logistics-park\\\/\",\"name\":\"LOGISTEC adquire Travero Logistics Park - ITJ | International Transport Journal\",\"isPartOf\":{\"@id\":\"https:\\\/\\\/transportjournal.com\\\/pt-pt\\\/#website\"},\"primaryImageOfPage\":{\"@id\":\"https:\\\/\\\/transportjournal.com\\\/pt-pt\\\/2026\\\/03\\\/12\\\/logistec-adquire-travero-logistics-park\\\/#primaryimage\"},\"image\":{\"@id\":\"https:\\\/\\\/transportjournal.com\\\/pt-pt\\\/2026\\\/03\\\/12\\\/logistec-adquire-travero-logistics-park\\\/#primaryimage\"},\"thumbnailUrl\":\"https:\\\/\\\/transportjournal.com\\\/wp-content\\\/uploads\\\/sites\\\/2\\\/2026\\\/03\\\/LOGISTEC_LOGISTEC_Announces_Acquisition_of_Logistics_Park_Dubuqu-scaled-1.jpg\",\"datePublished\":\"2026-03-12T09:19:07+00:00\",\"dateModified\":\"2026-03-12T09:42:56+00:00\",\"breadcrumb\":{\"@id\":\"https:\\\/\\\/transportjournal.com\\\/pt-pt\\\/2026\\\/03\\\/12\\\/logistec-adquire-travero-logistics-park\\\/#breadcrumb\"},\"inLanguage\":\"pt-PT\",\"potentialAction\":[{\"@type\":\"ReadAction\",\"target\":[\"https:\\\/\\\/transportjournal.com\\\/pt-pt\\\/2026\\\/03\\\/12\\\/logistec-adquire-travero-logistics-park\\\/\"]}]},{\"@type\":\"ImageObject\",\"inLanguage\":\"pt-PT\",\"@id\":\"https:\\\/\\\/transportjournal.com\\\/pt-pt\\\/2026\\\/03\\\/12\\\/logistec-adquire-travero-logistics-park\\\/#primaryimage\",\"url\":\"https:\\\/\\\/transportjournal.com\\\/wp-content\\\/uploads\\\/sites\\\/2\\\/2026\\\/03\\\/LOGISTEC_LOGISTEC_Announces_Acquisition_of_Logistics_Park_Dubuqu-scaled-1.jpg\",\"contentUrl\":\"https:\\\/\\\/transportjournal.com\\\/wp-content\\\/uploads\\\/sites\\\/2\\\/2026\\\/03\\\/LOGISTEC_LOGISTEC_Announces_Acquisition_of_Logistics_Park_Dubuqu-scaled-1.jpg\",\"width\":2560,\"height\":1440,\"caption\":\"LPD Terminal, East Dubuque, Illinois\"},{\"@type\":\"BreadcrumbList\",\"@id\":\"https:\\\/\\\/transportjournal.com\\\/pt-pt\\\/2026\\\/03\\\/12\\\/logistec-adquire-travero-logistics-park\\\/#breadcrumb\",\"itemListElement\":[{\"@type\":\"ListItem\",\"position\":1,\"name\":\"Startseite\",\"item\":\"https:\\\/\\\/transportjournal.com\\\/pt-pt\\\/\"},{\"@type\":\"ListItem\",\"position\":2,\"name\":\"LOGISTEC adquire Travero Logistics Park\"}]},{\"@type\":\"WebSite\",\"@id\":\"https:\\\/\\\/transportjournal.com\\\/pt-pt\\\/#website\",\"url\":\"https:\\\/\\\/transportjournal.com\\\/pt-pt\\\/\",\"name\":\"ITJ | International Transport Journal\",\"description\":\"Stay informed with the latest global news from the transport, logistics, and supply chain industries. Transport Journal delivers expert insights, analysis, and updates across shipping, aviation, intermodal, and forwarding.\",\"publisher\":{\"@id\":\"https:\\\/\\\/transportjournal.com\\\/pt-pt\\\/#organization\"},\"potentialAction\":[{\"@type\":\"SearchAction\",\"target\":{\"@type\":\"EntryPoint\",\"urlTemplate\":\"https:\\\/\\\/transportjournal.com\\\/pt-pt\\\/?s={search_term_string}\"},\"query-input\":{\"@type\":\"PropertyValueSpecification\",\"valueRequired\":true,\"valueName\":\"search_term_string\"}}],\"inLanguage\":\"pt-PT\"},{\"@type\":\"Organization\",\"@id\":\"https:\\\/\\\/transportjournal.com\\\/pt-pt\\\/#organization\",\"name\":\"Logismedia Group AG\",\"alternateName\":\"Logismedia Group AG\",\"url\":\"https:\\\/\\\/transportjournal.com\\\/pt-pt\\\/\",\"logo\":{\"@type\":\"ImageObject\",\"inLanguage\":\"pt-PT\",\"@id\":\"https:\\\/\\\/transportjournal.com\\\/pt-pt\\\/#\\\/schema\\\/logo\\\/image\\\/\",\"url\":\"https:\\\/\\\/transportjournal.com\\\/wp-content\\\/uploads\\\/sites\\\/2\\\/2025\\\/09\\\/Logo_ITJ.png\",\"contentUrl\":\"https:\\\/\\\/transportjournal.com\\\/wp-content\\\/uploads\\\/sites\\\/2\\\/2025\\\/09\\\/Logo_ITJ.png\",\"width\":799,\"height\":326,\"caption\":\"Logismedia Group AG\"},\"image\":{\"@id\":\"https:\\\/\\\/transportjournal.com\\\/pt-pt\\\/#\\\/schema\\\/logo\\\/image\\\/\"},\"sameAs\":[\"https:\\\/\\\/www.linkedin.com\\\/company\\\/56456496\\\/admin\\\/dashboard\\\/\",\"https:\\\/\\\/www.instagram.com\\\/logismediagroup\\\/\",\"https:\\\/\\\/www.youtube.com\\\/@LogiamediaGroupAG\"]},{\"@type\":\"Person\",\"@id\":\"https:\\\/\\\/transportjournal.com\\\/pt-pt\\\/#\\\/schema\\\/person\\\/41d36b5474b623392fa613e97e2363fa\",\"name\":\"Jeremy Soland\",\"url\":\"https:\\\/\\\/transportjournal.com\\\/pt-pt\\\/author\\\/jeremy\\\/\"}]}<\/script>\n<!-- \/ Yoast SEO plugin. -->","yoast_head_json":{"title":"LOGISTEC adquire Travero Logistics Park - ITJ | International Transport Journal","robots":{"index":"index","follow":"follow","max-snippet":"max-snippet:-1","max-image-preview":"max-image-preview:large","max-video-preview":"max-video-preview:-1"},"canonical":"https:\/\/transportjournal.com\/pt-pt\/2026\/03\/12\/logistec-adquire-travero-logistics-park\/","og_locale":"pt_PT","og_type":"article","og_title":"LOGISTEC adquire Travero Logistics Park - ITJ | International Transport Journal","og_description":"Logistec adquiriu o Travero Logistics Park Dubuque para expandir suas capacidades log\u00edsticas nos EUA e criar novas conex\u00f5es de mercado.","og_url":"https:\/\/transportjournal.com\/pt-pt\/2026\/03\/12\/logistec-adquire-travero-logistics-park\/","og_site_name":"ITJ | International Transport Journal","article_published_time":"2026-03-12T09:19:07+00:00","article_modified_time":"2026-03-12T09:42:56+00:00","og_image":[{"width":2560,"height":1440,"url":"https:\/\/transportjournal.com\/wp-content\/uploads\/sites\/2\/2026\/03\/LOGISTEC_LOGISTEC_Announces_Acquisition_of_Logistics_Park_Dubuqu-scaled-1.jpg","type":"image\/jpeg"}],"author":"Jeremy Soland","twitter_card":"summary_large_image","twitter_misc":{"Escrito por":"Jeremy Soland","Tempo estimado de leitura":"1 minuto"},"schema":{"@context":"https:\/\/schema.org","@graph":[{"@type":"Article","@id":"https:\/\/transportjournal.com\/pt-pt\/2026\/03\/12\/logistec-adquire-travero-logistics-park\/#article","isPartOf":{"@id":"https:\/\/transportjournal.com\/pt-pt\/2026\/03\/12\/logistec-adquire-travero-logistics-park\/"},"author":{"name":"Jeremy Soland","@id":"https:\/\/transportjournal.com\/pt-pt\/#\/schema\/person\/41d36b5474b623392fa613e97e2363fa"},"headline":"Logistec adquire Travero Logistics Park","datePublished":"2026-03-12T09:19:07+00:00","dateModified":"2026-03-12T09:42:56+00:00","mainEntityOfPage":{"@id":"https:\/\/transportjournal.com\/pt-pt\/2026\/03\/12\/logistec-adquire-travero-logistics-park\/"},"wordCount":192,"commentCount":0,"publisher":{"@id":"https:\/\/transportjournal.com\/pt-pt\/#organization"},"image":{"@id":"https:\/\/transportjournal.com\/pt-pt\/2026\/03\/12\/logistec-adquire-travero-logistics-park\/#primaryimage"},"thumbnailUrl":"https:\/\/transportjournal.com\/wp-content\/uploads\/sites\/2\/2026\/03\/LOGISTEC_LOGISTEC_Announces_Acquisition_of_Logistics_Park_Dubuqu-scaled-1.jpg","keywords":["acquisition entreprise logistique","acquisition Travero","Akquisition Travero","Binnenwasserstrassennetz","breakbulk storage","bulk cargo handling","connectivit\u00e9 ferroviaire et routi\u00e8re","connexions de march\u00e9 USA","Deutsch LOGISTEC","Digitalisierung Logistik","digitalization logistics","Energie-Logistik","energy logistics","expansion des connexions de march\u00e9","Fachkr\u00e4ftemangel Logistik","Fertigungslogistik English LOGISTEC","industrie du transport","infrastructure logistics","infrastructure logistique","Infrastruktur Logistik","inland waterway network USA","labor shortage logistics","logistics providers Illinois","logistics solutions agriculture","Logistikdienstleister Illinois","Logistikl\u00f6sungen Landwirtschaft","logistique approvisionnement \u00e9nerg\u00e9tique","logistique de fabrication","logistique de l'industrie sid\u00e9rurgique","logistique \u00e9nerg\u00e9tique","manufacturing logistics Fran\u00e7ais LOGISTEC","manutention de marchandises en vrac","market connections USA","Marktverbindungen USA","Mississippi Transport","multimodal services","multimodale Dienstleistungen","num\u00e9risation logistique","p\u00e9nurie de main-d'\u0153uvre logistique","prestataires de services logistiques USA","prestataires logistiques Illinois","r\u00e9seau de voies navigables int\u00e9rieures USA","Sch\u00fcttgut Umschlag","services multimodaux","solutions logistiques agriculture","Stahlindustrie Logistik","steel industry logistics","stockage de marchandises","St\u00fcckgut Lagerung","Terminal East Dubuque","transport industrie de l'acier","transport Mississippi","transportation industry","Transportwirtschaft","Travero Logistics Park","Wasserstrassennetz USA"],"articleSection":["Am\u00e9ricas","Intermodal \/ Rodovi\u00e1rio"],"inLanguage":"pt-PT","potentialAction":[{"@type":"CommentAction","name":"Comment","target":["https:\/\/transportjournal.com\/pt-pt\/2026\/03\/12\/logistec-adquire-travero-logistics-park\/#respond"]}]},{"@type":"WebPage","@id":"https:\/\/transportjournal.com\/pt-pt\/2026\/03\/12\/logistec-adquire-travero-logistics-park\/","url":"https:\/\/transportjournal.com\/pt-pt\/2026\/03\/12\/logistec-adquire-travero-logistics-park\/","name":"LOGISTEC adquire Travero Logistics Park - ITJ | International Transport Journal","isPartOf":{"@id":"https:\/\/transportjournal.com\/pt-pt\/#website"},"primaryImageOfPage":{"@id":"https:\/\/transportjournal.com\/pt-pt\/2026\/03\/12\/logistec-adquire-travero-logistics-park\/#primaryimage"},"image":{"@id":"https:\/\/transportjournal.com\/pt-pt\/2026\/03\/12\/logistec-adquire-travero-logistics-park\/#primaryimage"},"thumbnailUrl":"https:\/\/transportjournal.com\/wp-content\/uploads\/sites\/2\/2026\/03\/LOGISTEC_LOGISTEC_Announces_Acquisition_of_Logistics_Park_Dubuqu-scaled-1.jpg","datePublished":"2026-03-12T09:19:07+00:00","dateModified":"2026-03-12T09:42:56+00:00","breadcrumb":{"@id":"https:\/\/transportjournal.com\/pt-pt\/2026\/03\/12\/logistec-adquire-travero-logistics-park\/#breadcrumb"},"inLanguage":"pt-PT","potentialAction":[{"@type":"ReadAction","target":["https:\/\/transportjournal.com\/pt-pt\/2026\/03\/12\/logistec-adquire-travero-logistics-park\/"]}]},{"@type":"ImageObject","inLanguage":"pt-PT","@id":"https:\/\/transportjournal.com\/pt-pt\/2026\/03\/12\/logistec-adquire-travero-logistics-park\/#primaryimage","url":"https:\/\/transportjournal.com\/wp-content\/uploads\/sites\/2\/2026\/03\/LOGISTEC_LOGISTEC_Announces_Acquisition_of_Logistics_Park_Dubuqu-scaled-1.jpg","contentUrl":"https:\/\/transportjournal.com\/wp-content\/uploads\/sites\/2\/2026\/03\/LOGISTEC_LOGISTEC_Announces_Acquisition_of_Logistics_Park_Dubuqu-scaled-1.jpg","width":2560,"height":1440,"caption":"LPD Terminal, East Dubuque, Illinois"},{"@type":"BreadcrumbList","@id":"https:\/\/transportjournal.com\/pt-pt\/2026\/03\/12\/logistec-adquire-travero-logistics-park\/#breadcrumb","itemListElement":[{"@type":"ListItem","position":1,"name":"Startseite","item":"https:\/\/transportjournal.com\/pt-pt\/"},{"@type":"ListItem","position":2,"name":"LOGISTEC adquire Travero Logistics Park"}]},{"@type":"WebSite","@id":"https:\/\/transportjournal.com\/pt-pt\/#website","url":"https:\/\/transportjournal.com\/pt-pt\/","name":"ITJ | International Transport Journal","description":"Stay informed with the latest global news from the transport, logistics, and supply chain industries. Transport Journal delivers expert insights, analysis, and updates across shipping, aviation, intermodal, and forwarding.","publisher":{"@id":"https:\/\/transportjournal.com\/pt-pt\/#organization"},"potentialAction":[{"@type":"SearchAction","target":{"@type":"EntryPoint","urlTemplate":"https:\/\/transportjournal.com\/pt-pt\/?s={search_term_string}"},"query-input":{"@type":"PropertyValueSpecification","valueRequired":true,"valueName":"search_term_string"}}],"inLanguage":"pt-PT"},{"@type":"Organization","@id":"https:\/\/transportjournal.com\/pt-pt\/#organization","name":"Logismedia Group AG","alternateName":"Logismedia Group AG","url":"https:\/\/transportjournal.com\/pt-pt\/","logo":{"@type":"ImageObject","inLanguage":"pt-PT","@id":"https:\/\/transportjournal.com\/pt-pt\/#\/schema\/logo\/image\/","url":"https:\/\/transportjournal.com\/wp-content\/uploads\/sites\/2\/2025\/09\/Logo_ITJ.png","contentUrl":"https:\/\/transportjournal.com\/wp-content\/uploads\/sites\/2\/2025\/09\/Logo_ITJ.png","width":799,"height":326,"caption":"Logismedia Group AG"},"image":{"@id":"https:\/\/transportjournal.com\/pt-pt\/#\/schema\/logo\/image\/"},"sameAs":["https:\/\/www.linkedin.com\/company\/56456496\/admin\/dashboard\/","https:\/\/www.instagram.com\/logismediagroup\/","https:\/\/www.youtube.com\/@LogiamediaGroupAG"]},{"@type":"Person","@id":"https:\/\/transportjournal.com\/pt-pt\/#\/schema\/person\/41d36b5474b623392fa613e97e2363fa","name":"Jeremy Soland","url":"https:\/\/transportjournal.com\/pt-pt\/author\/jeremy\/"}]}},"_links":{"self":[{"href":"https:\/\/transportjournal.com\/pt-pt\/wp-json\/wp\/v2\/posts\/80568","targetHints":{"allow":["GET"]}}],"collection":[{"href":"https:\/\/transportjournal.com\/pt-pt\/wp-json\/wp\/v2\/posts"}],"about":[{"href":"https:\/\/transportjournal.com\/pt-pt\/wp-json\/wp\/v2\/types\/post"}],"author":[{"embeddable":true,"href":"https:\/\/transportjournal.com\/pt-pt\/wp-json\/wp\/v2\/users\/10"}],"replies":[{"embeddable":true,"href":"https:\/\/transportjournal.com\/pt-pt\/wp-json\/wp\/v2\/comments?post=80568"}],"version-history":[{"count":2,"href":"https:\/\/transportjournal.com\/pt-pt\/wp-json\/wp\/v2\/posts\/80568\/revisions"}],"predecessor-version":[{"id":80582,"href":"https:\/\/transportjournal.com\/pt-pt\/wp-json\/wp\/v2\/posts\/80568\/revisions\/80582"}],"wp:featuredmedia":[{"embeddable":true,"href":"https:\/\/transportjournal.com\/pt-pt\/wp-json\/wp\/v2\/media\/80563"}],"wp:attachment":[{"href":"https:\/\/transportjournal.com\/pt-pt\/wp-json\/wp\/v2\/media?parent=80568"}],"wp:term":[{"taxonomy":"category","embeddable":true,"href":"https:\/\/transportjournal.com\/pt-pt\/wp-json\/wp\/v2\/categories?post=80568"},{"taxonomy":"post_tag","embeddable":true,"href":"https:\/\/transportjournal.com\/pt-pt\/wp-json\/wp\/v2\/tags?post=80568"}],"curies":[{"name":"wp","href":"https:\/\/api.w.org\/{rel}","templated":true}]}}