{"id":80473,"date":"2026-03-11T14:01:52","date_gmt":"2026-03-11T14:01:52","guid":{"rendered":"https:\/\/transportjournal.com\/2026\/03\/11\/grupo-daher-diante-de-nova-lideranca\/"},"modified":"2026-03-20T14:25:31","modified_gmt":"2026-03-20T13:25:31","slug":"grupo-daher-diante-de-nova-lideranca","status":"publish","type":"post","link":"https:\/\/transportjournal.com\/pt-pt\/2026\/03\/11\/grupo-daher-diante-de-nova-lideranca\/","title":{"rendered":"Grupo Daher diante de nova lideran\u00e7a"},"content":{"rendered":"<p>Thibault Scaramanga (\u00e0 esquerda) ser\u00e1 o novo presidente do conselho de administra\u00e7\u00e3o do grupo Daher. O atual vice-presidente, que representa a fam\u00edlia Daher no \u00f3rg\u00e3o, assumir\u00e1 a posi\u00e7\u00e3o a partir de 31 de mar\u00e7o de 2026. Ao mesmo tempo, Aymeric Daher (\u00e0 direita) ser\u00e1 delegado como diretor-geral. Essas mudan\u00e7as fazem parte de uma reestrutura\u00e7\u00e3o abrangente, decidida em outubro de 2025, para preparar a pr\u00f3xima gera\u00e7\u00e3o da empresa e desenvolver o pr\u00f3ximo plano estrat\u00e9gico.<\/p>\n<h3>Reorienta\u00e7\u00e3o da gest\u00e3o empresarial<\/h3>\n<p>No \u00e2mbito da nova organiza\u00e7\u00e3o, o conselho de administra\u00e7\u00e3o decidiu implementar uma executiva refor\u00e7ada, composta por um diretor-geral e um diretor-geral delegado. Essa estrutura visa promover a continuidade e a complementaridade na gest\u00e3o da empresa. O novo diretor-geral, cuja recrutamento est\u00e1 em andamento, dever\u00e1 trazer novas perspectivas e experi\u00eancias para a empresa. Aymeric Daher, que anteriormente atuou como diretor-geral adjunto, assumir\u00e1 a fun\u00e7\u00e3o de diretor-geral delegado a partir de 31 de mar\u00e7o de 2026.<\/p>\n<p>Nesta data, Thibault Scaramanga tamb\u00e9m assumir\u00e1 a lideran\u00e7a interina da empresa. Juntamente com Aymeric Daher, ele conduzir\u00e1 os neg\u00f3cios at\u00e9 a chegada do novo diretor-geral, contando com o apoio de todo o comit\u00ea executivo.<\/p>\n<p>Didier Kayat, que faz parte do grupo Daher h\u00e1 vinte anos e atuou como CEO nos \u00faltimos dez anos, decidiu se dedicar a novos projetos pessoais. Em conformidade com o conselho de administra\u00e7\u00e3o, ele deixar\u00e1 suas fun\u00e7\u00f5es como presidente e diretor-geral em 31 de mar\u00e7o de 2026. O conselho de administra\u00e7\u00e3o agradece a ele por seu compromisso e suas contribui\u00e7\u00f5es para o desenvolvimento da Daher, que sob sua lideran\u00e7a passou por uma transforma\u00e7\u00e3o abrangente. Isso incluiu um fortalecimento da presen\u00e7a internacional, especialmente atrav\u00e9s da expans\u00e3o de todas as atividades no continente americano, al\u00e9m de um crescimento cont\u00ednuo com uma receita de 1,9 bilh\u00f5es de euros em 2025. Sob sua lideran\u00e7a, o grupo se posicionou com sucesso e agora est\u00e1 entre as 50 maiores empresas do setor aeron\u00e1utico mundial.<\/p>\n<p>&nbsp;<\/p>\n<p><a href=\"https:\/\/www.daher.com\/\" target=\"_blank\" rel=\"noopener noreferrer\">www.daher.com<\/a><\/p>\n<p>&nbsp;<\/p>\n","protected":false},"excerpt":{"rendered":"<p>Thibault Scaramanga ser\u00e1 presidente do conselho de administra\u00e7\u00e3o do Grupo Daher a partir de 31 de mar\u00e7o de 2026, enquanto Aymeric Daher ser\u00e1 delegado como diretor-geral.<\/p>\n","protected":false},"author":12,"featured_media":80468,"comment_status":"open","ping_status":"","sticky":false,"template":"","format":"standard","meta":{"_acf_changed":false,"footnotes":""},"categories":[1623,1617,1615],"tags":[12561,26086,3397,26087,26088,26089,2207,26090,26091,12566,4441,2548,5586,26092,4443,2695,2696,26093,26094,26095,1889,26096,2562,3418,3682,26097,26098,26099,26100,2133,1831,2035,6729,2717,3602,26101,26102,2148,6734,6735,5611,2237,26103,26104,1857,26105,5620,15158,7324,2157,26106],"class_list":["post-80473","post","type-post","status-publish","format-standard","has-post-thumbnail","hentry","category-europa","category-expedicao-e-logistica","category-pessoas-e-empresas","tag-american-continent","tag-amerikanischer-kontinent","tag-aviation-industry","tag-aymeric-daher","tag-board-of-directors","tag-ceo","tag-chaine-dapprovisionnement","tag-comite-executif","tag-conseil-dadministration","tag-continent-americain","tag-corporate-development","tag-corporate-governance","tag-croissance-des-revenus","tag-deutsch-daher-gruppe","tag-developpement-dentreprise","tag-digitalisierung","tag-digitalization","tag-directeur-general","tag-executive-committee","tag-exekutivkomitee","tag-fachkraeftemangel","tag-generaldirektor","tag-gouvernance-dentreprise","tag-industrie-aeronautique","tag-infrastructure","tag-infrastructure-francais-groupe-daher","tag-infrastruktur-english-daher-group","tag-international-presence","tag-internationale-praesenz","tag-logistics-service-providers","tag-logistikdienstleister","tag-luftfahrtbranche","tag-neustrukturierung","tag-numerisation","tag-penurie-de-competences","tag-plan-strategique","tag-presence-internationale","tag-prestataires-de-services-logistiques","tag-restructuration","tag-restructuring","tag-revenue-growth","tag-skills-shortage","tag-strategic-plan","tag-strategischer-plan","tag-supply-chain","tag-thibault-scaramanga","tag-transformation","tag-umsatzwachstum","tag-unternehmensentwicklung","tag-unternehmensfuehrung","tag-verwaltungsrat"],"acf":[],"yoast_head":"<!-- This site is optimized with the Yoast SEO plugin v27.3 - https:\/\/yoast.com\/product\/yoast-seo-wordpress\/ -->\n<title>Grupo Daher diante de nova lideran\u00e7a - ITJ | International Transport Journal<\/title>\n<meta name=\"robots\" content=\"index, follow, max-snippet:-1, max-image-preview:large, max-video-preview:-1\" \/>\n<link rel=\"canonical\" href=\"https:\/\/transportjournal.com\/pt-pt\/2026\/03\/11\/grupo-daher-diante-de-nova-lideranca\/\" \/>\n<meta property=\"og:locale\" content=\"pt_PT\" \/>\n<meta property=\"og:type\" content=\"article\" \/>\n<meta property=\"og:title\" content=\"Grupo Daher diante de nova lideran\u00e7a - ITJ | International Transport Journal\" \/>\n<meta property=\"og:description\" content=\"Thibault Scaramanga ser\u00e1 presidente do conselho de administra\u00e7\u00e3o do Grupo Daher a partir de 31 de mar\u00e7o de 2026, enquanto Aymeric Daher ser\u00e1 delegado como diretor-geral.\" \/>\n<meta property=\"og:url\" content=\"https:\/\/transportjournal.com\/pt-pt\/2026\/03\/11\/grupo-daher-diante-de-nova-lideranca\/\" \/>\n<meta property=\"og:site_name\" content=\"ITJ | International Transport Journal\" \/>\n<meta property=\"article:published_time\" content=\"2026-03-11T14:01:52+00:00\" \/>\n<meta property=\"article:modified_time\" content=\"2026-03-20T13:25:31+00:00\" \/>\n<meta property=\"og:image\" content=\"https:\/\/transportjournal.com\/wp-content\/uploads\/sites\/2\/2026\/03\/Daher-XoLy0Q-e2O-1200-aspect-ratio-1400-788.webp\" \/>\n\t<meta property=\"og:image:width\" content=\"1142\" \/>\n\t<meta property=\"og:image:height\" content=\"643\" \/>\n\t<meta property=\"og:image:type\" content=\"image\/webp\" \/>\n<meta name=\"author\" content=\"Andreas Haug\" \/>\n<meta name=\"twitter:card\" content=\"summary_large_image\" \/>\n<meta name=\"twitter:label1\" content=\"Escrito por\" \/>\n\t<meta name=\"twitter:data1\" content=\"Andreas Haug\" \/>\n\t<meta name=\"twitter:label2\" content=\"Tempo estimado de leitura\" \/>\n\t<meta name=\"twitter:data2\" content=\"2 minutos\" \/>\n<script type=\"application\/ld+json\" class=\"yoast-schema-graph\">{\"@context\":\"https:\\\/\\\/schema.org\",\"@graph\":[{\"@type\":\"Article\",\"@id\":\"https:\\\/\\\/transportjournal.com\\\/pt-pt\\\/2026\\\/03\\\/11\\\/grupo-daher-diante-de-nova-lideranca\\\/#article\",\"isPartOf\":{\"@id\":\"https:\\\/\\\/transportjournal.com\\\/pt-pt\\\/2026\\\/03\\\/11\\\/grupo-daher-diante-de-nova-lideranca\\\/\"},\"author\":{\"name\":\"Andreas Haug\",\"@id\":\"https:\\\/\\\/transportjournal.com\\\/pt-pt\\\/#\\\/schema\\\/person\\\/cf538b3157f15afd7589245a4b3dbd25\"},\"headline\":\"Grupo Daher diante de nova lideran\u00e7a\",\"datePublished\":\"2026-03-11T14:01:52+00:00\",\"dateModified\":\"2026-03-20T13:25:31+00:00\",\"mainEntityOfPage\":{\"@id\":\"https:\\\/\\\/transportjournal.com\\\/pt-pt\\\/2026\\\/03\\\/11\\\/grupo-daher-diante-de-nova-lideranca\\\/\"},\"wordCount\":351,\"commentCount\":0,\"publisher\":{\"@id\":\"https:\\\/\\\/transportjournal.com\\\/pt-pt\\\/#organization\"},\"image\":{\"@id\":\"https:\\\/\\\/transportjournal.com\\\/pt-pt\\\/2026\\\/03\\\/11\\\/grupo-daher-diante-de-nova-lideranca\\\/#primaryimage\"},\"thumbnailUrl\":\"https:\\\/\\\/transportjournal.com\\\/wp-content\\\/uploads\\\/sites\\\/2\\\/2026\\\/03\\\/Daher-XoLy0Q-e2O-1200-aspect-ratio-1400-788.webp\",\"keywords\":[\"American continent\",\"amerikanischer Kontinent\",\"aviation industry\",\"Aymeric Daher\",\"board of directors\",\"CEO\",\"cha\u00eene d'approvisionnement\",\"comit\u00e9 ex\u00e9cutif\",\"conseil d'administration\",\"continent am\u00e9ricain\",\"Corporate Development\",\"corporate governance\",\"croissance des revenus\",\"Deutsch Daher-Gruppe\",\"d\u00e9veloppement d'entreprise\",\"Digitalisierung\",\"digitalization\",\"directeur g\u00e9n\u00e9ral\",\"executive committee\",\"Exekutivkomitee\",\"Fachkr\u00e4ftemangel\",\"Generaldirektor\",\"gouvernance d'entreprise\",\"industrie a\u00e9ronautique\",\"infrastructure\",\"infrastructure Fran\u00e7ais Groupe Daher\",\"Infrastruktur English Daher Group\",\"international presence\",\"internationale Pr\u00e4senz\",\"logistics service providers\",\"Logistikdienstleister\",\"Luftfahrtbranche\",\"Neustrukturierung\",\"num\u00e9risation\",\"p\u00e9nurie de comp\u00e9tences\",\"plan strat\u00e9gique\",\"pr\u00e9sence internationale\",\"prestataires de services logistiques\",\"restructuration\",\"restructuring\",\"revenue growth\",\"skills shortage\",\"strategic plan\",\"strategischer Plan\",\"Supply Chain\",\"Thibault Scaramanga\",\"Transformation\",\"Umsatzwachstum\",\"Unternehmensentwicklung\",\"Unternehmensf\u00fchrung\",\"Verwaltungsrat\"],\"articleSection\":[\"Europa\",\"Expedi\u00e7\u00e3o de Mercadorias e Log\u00edstica\",\"Pessoas e empresas\"],\"inLanguage\":\"pt-PT\",\"potentialAction\":[{\"@type\":\"CommentAction\",\"name\":\"Comment\",\"target\":[\"https:\\\/\\\/transportjournal.com\\\/pt-pt\\\/2026\\\/03\\\/11\\\/grupo-daher-diante-de-nova-lideranca\\\/#respond\"]}]},{\"@type\":\"WebPage\",\"@id\":\"https:\\\/\\\/transportjournal.com\\\/pt-pt\\\/2026\\\/03\\\/11\\\/grupo-daher-diante-de-nova-lideranca\\\/\",\"url\":\"https:\\\/\\\/transportjournal.com\\\/pt-pt\\\/2026\\\/03\\\/11\\\/grupo-daher-diante-de-nova-lideranca\\\/\",\"name\":\"Grupo Daher diante de nova lideran\u00e7a - ITJ | International Transport Journal\",\"isPartOf\":{\"@id\":\"https:\\\/\\\/transportjournal.com\\\/pt-pt\\\/#website\"},\"primaryImageOfPage\":{\"@id\":\"https:\\\/\\\/transportjournal.com\\\/pt-pt\\\/2026\\\/03\\\/11\\\/grupo-daher-diante-de-nova-lideranca\\\/#primaryimage\"},\"image\":{\"@id\":\"https:\\\/\\\/transportjournal.com\\\/pt-pt\\\/2026\\\/03\\\/11\\\/grupo-daher-diante-de-nova-lideranca\\\/#primaryimage\"},\"thumbnailUrl\":\"https:\\\/\\\/transportjournal.com\\\/wp-content\\\/uploads\\\/sites\\\/2\\\/2026\\\/03\\\/Daher-XoLy0Q-e2O-1200-aspect-ratio-1400-788.webp\",\"datePublished\":\"2026-03-11T14:01:52+00:00\",\"dateModified\":\"2026-03-20T13:25:31+00:00\",\"breadcrumb\":{\"@id\":\"https:\\\/\\\/transportjournal.com\\\/pt-pt\\\/2026\\\/03\\\/11\\\/grupo-daher-diante-de-nova-lideranca\\\/#breadcrumb\"},\"inLanguage\":\"pt-PT\",\"potentialAction\":[{\"@type\":\"ReadAction\",\"target\":[\"https:\\\/\\\/transportjournal.com\\\/pt-pt\\\/2026\\\/03\\\/11\\\/grupo-daher-diante-de-nova-lideranca\\\/\"]}]},{\"@type\":\"ImageObject\",\"inLanguage\":\"pt-PT\",\"@id\":\"https:\\\/\\\/transportjournal.com\\\/pt-pt\\\/2026\\\/03\\\/11\\\/grupo-daher-diante-de-nova-lideranca\\\/#primaryimage\",\"url\":\"https:\\\/\\\/transportjournal.com\\\/wp-content\\\/uploads\\\/sites\\\/2\\\/2026\\\/03\\\/Daher-XoLy0Q-e2O-1200-aspect-ratio-1400-788.webp\",\"contentUrl\":\"https:\\\/\\\/transportjournal.com\\\/wp-content\\\/uploads\\\/sites\\\/2\\\/2026\\\/03\\\/Daher-XoLy0Q-e2O-1200-aspect-ratio-1400-788.webp\",\"width\":1142,\"height\":643},{\"@type\":\"BreadcrumbList\",\"@id\":\"https:\\\/\\\/transportjournal.com\\\/pt-pt\\\/2026\\\/03\\\/11\\\/grupo-daher-diante-de-nova-lideranca\\\/#breadcrumb\",\"itemListElement\":[{\"@type\":\"ListItem\",\"position\":1,\"name\":\"Startseite\",\"item\":\"https:\\\/\\\/transportjournal.com\\\/pt-pt\\\/\"},{\"@type\":\"ListItem\",\"position\":2,\"name\":\"Grupo Daher diante de nova lideran\u00e7a\"}]},{\"@type\":\"WebSite\",\"@id\":\"https:\\\/\\\/transportjournal.com\\\/pt-pt\\\/#website\",\"url\":\"https:\\\/\\\/transportjournal.com\\\/pt-pt\\\/\",\"name\":\"ITJ | International Transport Journal\",\"description\":\"Stay informed with the latest global news from the transport, logistics, and supply chain industries. Transport Journal delivers expert insights, analysis, and updates across shipping, aviation, intermodal, and forwarding.\",\"publisher\":{\"@id\":\"https:\\\/\\\/transportjournal.com\\\/pt-pt\\\/#organization\"},\"potentialAction\":[{\"@type\":\"SearchAction\",\"target\":{\"@type\":\"EntryPoint\",\"urlTemplate\":\"https:\\\/\\\/transportjournal.com\\\/pt-pt\\\/?s={search_term_string}\"},\"query-input\":{\"@type\":\"PropertyValueSpecification\",\"valueRequired\":true,\"valueName\":\"search_term_string\"}}],\"inLanguage\":\"pt-PT\"},{\"@type\":\"Organization\",\"@id\":\"https:\\\/\\\/transportjournal.com\\\/pt-pt\\\/#organization\",\"name\":\"Logismedia Group AG\",\"alternateName\":\"Logismedia Group AG\",\"url\":\"https:\\\/\\\/transportjournal.com\\\/pt-pt\\\/\",\"logo\":{\"@type\":\"ImageObject\",\"inLanguage\":\"pt-PT\",\"@id\":\"https:\\\/\\\/transportjournal.com\\\/pt-pt\\\/#\\\/schema\\\/logo\\\/image\\\/\",\"url\":\"https:\\\/\\\/transportjournal.com\\\/wp-content\\\/uploads\\\/sites\\\/2\\\/2025\\\/09\\\/Logo_ITJ.png\",\"contentUrl\":\"https:\\\/\\\/transportjournal.com\\\/wp-content\\\/uploads\\\/sites\\\/2\\\/2025\\\/09\\\/Logo_ITJ.png\",\"width\":799,\"height\":326,\"caption\":\"Logismedia Group AG\"},\"image\":{\"@id\":\"https:\\\/\\\/transportjournal.com\\\/pt-pt\\\/#\\\/schema\\\/logo\\\/image\\\/\"},\"sameAs\":[\"https:\\\/\\\/www.linkedin.com\\\/company\\\/56456496\\\/admin\\\/dashboard\\\/\",\"https:\\\/\\\/www.instagram.com\\\/logismediagroup\\\/\",\"https:\\\/\\\/www.youtube.com\\\/@LogiamediaGroupAG\"]},{\"@type\":\"Person\",\"@id\":\"https:\\\/\\\/transportjournal.com\\\/pt-pt\\\/#\\\/schema\\\/person\\\/cf538b3157f15afd7589245a4b3dbd25\",\"name\":\"Andreas Haug\",\"url\":\"https:\\\/\\\/transportjournal.com\\\/pt-pt\\\/author\\\/andreas\\\/\"}]}<\/script>\n<!-- \/ Yoast SEO plugin. -->","yoast_head_json":{"title":"Grupo Daher diante de nova lideran\u00e7a - ITJ | International Transport Journal","robots":{"index":"index","follow":"follow","max-snippet":"max-snippet:-1","max-image-preview":"max-image-preview:large","max-video-preview":"max-video-preview:-1"},"canonical":"https:\/\/transportjournal.com\/pt-pt\/2026\/03\/11\/grupo-daher-diante-de-nova-lideranca\/","og_locale":"pt_PT","og_type":"article","og_title":"Grupo Daher diante de nova lideran\u00e7a - ITJ | International Transport Journal","og_description":"Thibault Scaramanga ser\u00e1 presidente do conselho de administra\u00e7\u00e3o do Grupo Daher a partir de 31 de mar\u00e7o de 2026, enquanto Aymeric Daher ser\u00e1 delegado como diretor-geral.","og_url":"https:\/\/transportjournal.com\/pt-pt\/2026\/03\/11\/grupo-daher-diante-de-nova-lideranca\/","og_site_name":"ITJ | International Transport Journal","article_published_time":"2026-03-11T14:01:52+00:00","article_modified_time":"2026-03-20T13:25:31+00:00","og_image":[{"width":1142,"height":643,"url":"https:\/\/transportjournal.com\/wp-content\/uploads\/sites\/2\/2026\/03\/Daher-XoLy0Q-e2O-1200-aspect-ratio-1400-788.webp","type":"image\/webp"}],"author":"Andreas Haug","twitter_card":"summary_large_image","twitter_misc":{"Escrito por":"Andreas Haug","Tempo estimado de leitura":"2 minutos"},"schema":{"@context":"https:\/\/schema.org","@graph":[{"@type":"Article","@id":"https:\/\/transportjournal.com\/pt-pt\/2026\/03\/11\/grupo-daher-diante-de-nova-lideranca\/#article","isPartOf":{"@id":"https:\/\/transportjournal.com\/pt-pt\/2026\/03\/11\/grupo-daher-diante-de-nova-lideranca\/"},"author":{"name":"Andreas Haug","@id":"https:\/\/transportjournal.com\/pt-pt\/#\/schema\/person\/cf538b3157f15afd7589245a4b3dbd25"},"headline":"Grupo Daher diante de nova lideran\u00e7a","datePublished":"2026-03-11T14:01:52+00:00","dateModified":"2026-03-20T13:25:31+00:00","mainEntityOfPage":{"@id":"https:\/\/transportjournal.com\/pt-pt\/2026\/03\/11\/grupo-daher-diante-de-nova-lideranca\/"},"wordCount":351,"commentCount":0,"publisher":{"@id":"https:\/\/transportjournal.com\/pt-pt\/#organization"},"image":{"@id":"https:\/\/transportjournal.com\/pt-pt\/2026\/03\/11\/grupo-daher-diante-de-nova-lideranca\/#primaryimage"},"thumbnailUrl":"https:\/\/transportjournal.com\/wp-content\/uploads\/sites\/2\/2026\/03\/Daher-XoLy0Q-e2O-1200-aspect-ratio-1400-788.webp","keywords":["American continent","amerikanischer Kontinent","aviation industry","Aymeric Daher","board of directors","CEO","cha\u00eene d'approvisionnement","comit\u00e9 ex\u00e9cutif","conseil d'administration","continent am\u00e9ricain","Corporate Development","corporate governance","croissance des revenus","Deutsch Daher-Gruppe","d\u00e9veloppement d'entreprise","Digitalisierung","digitalization","directeur g\u00e9n\u00e9ral","executive committee","Exekutivkomitee","Fachkr\u00e4ftemangel","Generaldirektor","gouvernance d'entreprise","industrie a\u00e9ronautique","infrastructure","infrastructure Fran\u00e7ais Groupe Daher","Infrastruktur English Daher Group","international presence","internationale Pr\u00e4senz","logistics service providers","Logistikdienstleister","Luftfahrtbranche","Neustrukturierung","num\u00e9risation","p\u00e9nurie de comp\u00e9tences","plan strat\u00e9gique","pr\u00e9sence internationale","prestataires de services logistiques","restructuration","restructuring","revenue growth","skills shortage","strategic plan","strategischer Plan","Supply Chain","Thibault Scaramanga","Transformation","Umsatzwachstum","Unternehmensentwicklung","Unternehmensf\u00fchrung","Verwaltungsrat"],"articleSection":["Europa","Expedi\u00e7\u00e3o de Mercadorias e Log\u00edstica","Pessoas e empresas"],"inLanguage":"pt-PT","potentialAction":[{"@type":"CommentAction","name":"Comment","target":["https:\/\/transportjournal.com\/pt-pt\/2026\/03\/11\/grupo-daher-diante-de-nova-lideranca\/#respond"]}]},{"@type":"WebPage","@id":"https:\/\/transportjournal.com\/pt-pt\/2026\/03\/11\/grupo-daher-diante-de-nova-lideranca\/","url":"https:\/\/transportjournal.com\/pt-pt\/2026\/03\/11\/grupo-daher-diante-de-nova-lideranca\/","name":"Grupo Daher diante de nova lideran\u00e7a - ITJ | International Transport Journal","isPartOf":{"@id":"https:\/\/transportjournal.com\/pt-pt\/#website"},"primaryImageOfPage":{"@id":"https:\/\/transportjournal.com\/pt-pt\/2026\/03\/11\/grupo-daher-diante-de-nova-lideranca\/#primaryimage"},"image":{"@id":"https:\/\/transportjournal.com\/pt-pt\/2026\/03\/11\/grupo-daher-diante-de-nova-lideranca\/#primaryimage"},"thumbnailUrl":"https:\/\/transportjournal.com\/wp-content\/uploads\/sites\/2\/2026\/03\/Daher-XoLy0Q-e2O-1200-aspect-ratio-1400-788.webp","datePublished":"2026-03-11T14:01:52+00:00","dateModified":"2026-03-20T13:25:31+00:00","breadcrumb":{"@id":"https:\/\/transportjournal.com\/pt-pt\/2026\/03\/11\/grupo-daher-diante-de-nova-lideranca\/#breadcrumb"},"inLanguage":"pt-PT","potentialAction":[{"@type":"ReadAction","target":["https:\/\/transportjournal.com\/pt-pt\/2026\/03\/11\/grupo-daher-diante-de-nova-lideranca\/"]}]},{"@type":"ImageObject","inLanguage":"pt-PT","@id":"https:\/\/transportjournal.com\/pt-pt\/2026\/03\/11\/grupo-daher-diante-de-nova-lideranca\/#primaryimage","url":"https:\/\/transportjournal.com\/wp-content\/uploads\/sites\/2\/2026\/03\/Daher-XoLy0Q-e2O-1200-aspect-ratio-1400-788.webp","contentUrl":"https:\/\/transportjournal.com\/wp-content\/uploads\/sites\/2\/2026\/03\/Daher-XoLy0Q-e2O-1200-aspect-ratio-1400-788.webp","width":1142,"height":643},{"@type":"BreadcrumbList","@id":"https:\/\/transportjournal.com\/pt-pt\/2026\/03\/11\/grupo-daher-diante-de-nova-lideranca\/#breadcrumb","itemListElement":[{"@type":"ListItem","position":1,"name":"Startseite","item":"https:\/\/transportjournal.com\/pt-pt\/"},{"@type":"ListItem","position":2,"name":"Grupo Daher diante de nova lideran\u00e7a"}]},{"@type":"WebSite","@id":"https:\/\/transportjournal.com\/pt-pt\/#website","url":"https:\/\/transportjournal.com\/pt-pt\/","name":"ITJ | International Transport Journal","description":"Stay informed with the latest global news from the transport, logistics, and supply chain industries. Transport Journal delivers expert insights, analysis, and updates across shipping, aviation, intermodal, and forwarding.","publisher":{"@id":"https:\/\/transportjournal.com\/pt-pt\/#organization"},"potentialAction":[{"@type":"SearchAction","target":{"@type":"EntryPoint","urlTemplate":"https:\/\/transportjournal.com\/pt-pt\/?s={search_term_string}"},"query-input":{"@type":"PropertyValueSpecification","valueRequired":true,"valueName":"search_term_string"}}],"inLanguage":"pt-PT"},{"@type":"Organization","@id":"https:\/\/transportjournal.com\/pt-pt\/#organization","name":"Logismedia Group AG","alternateName":"Logismedia Group AG","url":"https:\/\/transportjournal.com\/pt-pt\/","logo":{"@type":"ImageObject","inLanguage":"pt-PT","@id":"https:\/\/transportjournal.com\/pt-pt\/#\/schema\/logo\/image\/","url":"https:\/\/transportjournal.com\/wp-content\/uploads\/sites\/2\/2025\/09\/Logo_ITJ.png","contentUrl":"https:\/\/transportjournal.com\/wp-content\/uploads\/sites\/2\/2025\/09\/Logo_ITJ.png","width":799,"height":326,"caption":"Logismedia Group AG"},"image":{"@id":"https:\/\/transportjournal.com\/pt-pt\/#\/schema\/logo\/image\/"},"sameAs":["https:\/\/www.linkedin.com\/company\/56456496\/admin\/dashboard\/","https:\/\/www.instagram.com\/logismediagroup\/","https:\/\/www.youtube.com\/@LogiamediaGroupAG"]},{"@type":"Person","@id":"https:\/\/transportjournal.com\/pt-pt\/#\/schema\/person\/cf538b3157f15afd7589245a4b3dbd25","name":"Andreas Haug","url":"https:\/\/transportjournal.com\/pt-pt\/author\/andreas\/"}]}},"_links":{"self":[{"href":"https:\/\/transportjournal.com\/pt-pt\/wp-json\/wp\/v2\/posts\/80473","targetHints":{"allow":["GET"]}}],"collection":[{"href":"https:\/\/transportjournal.com\/pt-pt\/wp-json\/wp\/v2\/posts"}],"about":[{"href":"https:\/\/transportjournal.com\/pt-pt\/wp-json\/wp\/v2\/types\/post"}],"author":[{"embeddable":true,"href":"https:\/\/transportjournal.com\/pt-pt\/wp-json\/wp\/v2\/users\/12"}],"replies":[{"embeddable":true,"href":"https:\/\/transportjournal.com\/pt-pt\/wp-json\/wp\/v2\/comments?post=80473"}],"version-history":[{"count":1,"href":"https:\/\/transportjournal.com\/pt-pt\/wp-json\/wp\/v2\/posts\/80473\/revisions"}],"predecessor-version":[{"id":81952,"href":"https:\/\/transportjournal.com\/pt-pt\/wp-json\/wp\/v2\/posts\/80473\/revisions\/81952"}],"wp:featuredmedia":[{"embeddable":true,"href":"https:\/\/transportjournal.com\/pt-pt\/wp-json\/wp\/v2\/media\/80468"}],"wp:attachment":[{"href":"https:\/\/transportjournal.com\/pt-pt\/wp-json\/wp\/v2\/media?parent=80473"}],"wp:term":[{"taxonomy":"category","embeddable":true,"href":"https:\/\/transportjournal.com\/pt-pt\/wp-json\/wp\/v2\/categories?post=80473"},{"taxonomy":"post_tag","embeddable":true,"href":"https:\/\/transportjournal.com\/pt-pt\/wp-json\/wp\/v2\/tags?post=80473"}],"curies":[{"name":"wp","href":"https:\/\/api.w.org\/{rel}","templated":true}]}}