{"id":80380,"date":"2026-03-11T11:24:39","date_gmt":"2026-03-11T11:24:39","guid":{"rendered":"https:\/\/transportjournal.com\/2026\/03\/11\/parceria-tecnologica-entre-jlt-e-quad\/"},"modified":"2026-03-11T11:24:39","modified_gmt":"2026-03-11T11:24:39","slug":"parceria-tecnologica-entre-jlt-e-quad","status":"publish","type":"post","link":"https:\/\/transportjournal.com\/pt-pt\/2026\/03\/11\/parceria-tecnologica-entre-jlt-e-quad\/","title":{"rendered":"Parceria tecnol\u00f3gica entre JLT e QUAD"},"content":{"rendered":"<p>JLT Mobile Computers anunciou uma parceria com a QUAD GmbH Advanced Systems. Esta coopera\u00e7\u00e3o visa expandir a presen\u00e7a de mercado da JLT na regi\u00e3o DACH, conforme informado pela empresa. Atrav\u00e9s da combina\u00e7\u00e3o de tecnologias com o conhecimento de mercado e a compet\u00eancia em integra\u00e7\u00e3o de sistemas da QUAD, pretende-se garantir um suporte aprimorado para os clientes na regi\u00e3o.<\/p>\n<h3>Expans\u00e3o do portf\u00f3lio de produtos<\/h3>\n<p>A parceria permite, segundo a JLT Mobile Computers, que integradores de sistemas e revendedores na Europa de l\u00edngua alem\u00e3 tenham acesso a um portf\u00f3lio de terminais para ve\u00edculos e empilhadeiras. Estes produtos s\u00e3o projetados para diversas aplica\u00e7\u00f5es nas \u00e1reas de log\u00edstica, manufatura, transporte, armazenamento e em ambientes industriais como portos. A QUAD GmbH assumir\u00e1, nesta colabora\u00e7\u00e3o, a consultoria local, a integra\u00e7\u00e3o de sistemas e o suporte ao cliente. As empresas planejam, segundo suas declara\u00e7\u00f5es, aprofundar ainda mais a colabora\u00e7\u00e3o.<\/p>\n<p><a href=\"https:\/\/jltmobile.com\/\" target=\"_blank\" rel=\"noopener noreferrer\">www.jltmobile.com<\/a><\/p>\n","protected":false},"excerpt":{"rendered":"<p>A JLT Mobile Computers e a QUAD GmbH estabeleceram uma parceria para fortalecer a presen\u00e7a no mercado na regi\u00e3o DACH atrav\u00e9s de tecnologias.<\/p>\n","protected":false},"author":10,"featured_media":80375,"comment_status":"open","ping_status":"","sticky":false,"template":"","format":"standard","meta":{"_acf_changed":false,"footnotes":""},"categories":[9092,1623,1617,9093,11110],"tags":[25828,25829,25830,18316,25831,4558,25832,6203,6205,25833,25834,25835,25836,2700,25837,25838,25839,2909,25840,25841,2125,25842,25843,25844,2133,4028,1831,1855,2622,25845,1800,25846,2925,25847,25848,25849,9946,2929,2148,25850,25851,4585,25852,25853,2731,4035,25854,2641,25855,25856,6222,25857,25858,2155,1837,25859],"class_list":["post-80380","post","type-post","status-publish","format-standard","has-post-thumbnail","hentry","category-deutschland","category-europa","category-expedicao-e-logistica","category-oesterreich","category-schweiz","tag-accroitre-la-presence-sur-le-marche","tag-applications-industrielles","tag-conseil-regional","tag-customer-support","tag-dach-raum","tag-dach-region","tag-deutsch-jlt-mobile-computers","tag-digital-technologies","tag-digitale-technologien","tag-digitalisierung-in-der-industrie","tag-digitalization-in-industry","tag-elargir-le-portefeuille-de-produits","tag-expand-product-portfolio","tag-fachkraeftemangel-in-der-logistik","tag-fahrzeugterminals","tag-forklift-terminals","tag-gabelstapler-terminals","tag-hafenbetrieb","tag-increase-market-presence","tag-industrial-applications","tag-industrie-du-transport","tag-industrielle-anwendungen","tag-integration-de-systemes","tag-kundensupport","tag-logistics-service-providers","tag-logistics-solutions","tag-logistikdienstleister","tag-logistikloesungen","tag-logistique-durable","tag-marktpraesenz-erhoehen","tag-nachhaltige-logistik","tag-numerisation-dans-lindustrie","tag-operations-portuaires","tag-partenariat-en-europe","tag-partnerschaft-in-europa","tag-partnership-in-europe","tag-penurie-de-competences-en-logistique","tag-port-operations","tag-prestataires-de-services-logistiques","tag-produktportfolio-erweitern","tag-quad-gmbh","tag-region-dach","tag-regional-consulting-francais-jlt-mobile-computers","tag-regionale-beratung-english-jlt-mobile-computers","tag-skills-shortage-in-logistics","tag-solutions-logistiques","tag-support-client","tag-sustainable-logistics","tag-system-integration","tag-systemintegration","tag-technologies-numeriques","tag-terminaux-de-chariots-elevateurs","tag-terminaux-de-vehicules","tag-transport-industry","tag-transportwirtschaft","tag-vehicle-terminals"],"acf":[],"yoast_head":"<!-- This site is optimized with the Yoast SEO plugin v27.3 - https:\/\/yoast.com\/product\/yoast-seo-wordpress\/ -->\n<title>Parceria tecnol\u00f3gica entre JLT e QUAD - ITJ | International Transport Journal<\/title>\n<meta name=\"robots\" content=\"index, follow, max-snippet:-1, max-image-preview:large, max-video-preview:-1\" \/>\n<link rel=\"canonical\" href=\"https:\/\/transportjournal.com\/pt-pt\/2026\/03\/11\/parceria-tecnologica-entre-jlt-e-quad\/\" \/>\n<meta property=\"og:locale\" content=\"pt_PT\" \/>\n<meta property=\"og:type\" content=\"article\" \/>\n<meta property=\"og:title\" content=\"Parceria tecnol\u00f3gica entre JLT e QUAD - ITJ | International Transport Journal\" \/>\n<meta property=\"og:description\" content=\"A JLT Mobile Computers e a QUAD GmbH estabeleceram uma parceria para fortalecer a presen\u00e7a no mercado na regi\u00e3o DACH atrav\u00e9s de tecnologias.\" \/>\n<meta property=\"og:url\" content=\"https:\/\/transportjournal.com\/pt-pt\/2026\/03\/11\/parceria-tecnologica-entre-jlt-e-quad\/\" \/>\n<meta property=\"og:site_name\" content=\"ITJ | International Transport Journal\" \/>\n<meta property=\"article:published_time\" content=\"2026-03-11T11:24:39+00:00\" \/>\n<meta property=\"og:image\" content=\"https:\/\/transportjournal.com\/wp-content\/uploads\/sites\/2\/2026\/03\/image1-aspect-ratio-1400-788.png\" \/>\n\t<meta property=\"og:image:width\" content=\"795\" \/>\n\t<meta property=\"og:image:height\" content=\"447\" \/>\n\t<meta property=\"og:image:type\" content=\"image\/png\" \/>\n<meta name=\"author\" content=\"Jeremy Soland\" \/>\n<meta name=\"twitter:card\" content=\"summary_large_image\" \/>\n<meta name=\"twitter:label1\" content=\"Escrito por\" \/>\n\t<meta name=\"twitter:data1\" content=\"Jeremy Soland\" \/>\n\t<meta name=\"twitter:label2\" content=\"Tempo estimado de leitura\" \/>\n\t<meta name=\"twitter:data2\" content=\"1 minuto\" \/>\n<script type=\"application\/ld+json\" class=\"yoast-schema-graph\">{\"@context\":\"https:\\\/\\\/schema.org\",\"@graph\":[{\"@type\":\"Article\",\"@id\":\"https:\\\/\\\/transportjournal.com\\\/pt-pt\\\/2026\\\/03\\\/11\\\/parceria-tecnologica-entre-jlt-e-quad\\\/#article\",\"isPartOf\":{\"@id\":\"https:\\\/\\\/transportjournal.com\\\/pt-pt\\\/2026\\\/03\\\/11\\\/parceria-tecnologica-entre-jlt-e-quad\\\/\"},\"author\":{\"name\":\"Jeremy Soland\",\"@id\":\"https:\\\/\\\/transportjournal.com\\\/pt-pt\\\/#\\\/schema\\\/person\\\/41d36b5474b623392fa613e97e2363fa\"},\"headline\":\"Parceria tecnol\u00f3gica entre JLT e QUAD\",\"datePublished\":\"2026-03-11T11:24:39+00:00\",\"mainEntityOfPage\":{\"@id\":\"https:\\\/\\\/transportjournal.com\\\/pt-pt\\\/2026\\\/03\\\/11\\\/parceria-tecnologica-entre-jlt-e-quad\\\/\"},\"wordCount\":172,\"commentCount\":0,\"publisher\":{\"@id\":\"https:\\\/\\\/transportjournal.com\\\/pt-pt\\\/#organization\"},\"image\":{\"@id\":\"https:\\\/\\\/transportjournal.com\\\/pt-pt\\\/2026\\\/03\\\/11\\\/parceria-tecnologica-entre-jlt-e-quad\\\/#primaryimage\"},\"thumbnailUrl\":\"https:\\\/\\\/transportjournal.com\\\/wp-content\\\/uploads\\\/sites\\\/2\\\/2026\\\/03\\\/image1-aspect-ratio-1400-788.png\",\"keywords\":[\"accro\u00eetre la pr\u00e9sence sur le march\u00e9\",\"applications industrielles\",\"conseil r\u00e9gional\",\"customer support\",\"DACH-Raum\",\"DACH-Region\",\"Deutsch JLT Mobile Computers\",\"digital technologies\",\"digitale Technologien\",\"Digitalisierung in der Industrie\",\"digitalization in industry\",\"\u00e9largir le portefeuille de produits\",\"expand product portfolio\",\"Fachkr\u00e4ftemangel in der Logistik\",\"Fahrzeugterminals\",\"forklift terminals\",\"Gabelstapler-Terminals\",\"Hafenbetrieb\",\"increase market presence\",\"industrial applications\",\"industrie du transport\",\"industrielle Anwendungen\",\"int\u00e9gration de syst\u00e8mes\",\"Kundensupport\",\"logistics service providers\",\"logistics solutions\",\"Logistikdienstleister\",\"Logistikl\u00f6sungen\",\"logistique durable\",\"Marktpr\u00e4senz erh\u00f6hen\",\"nachhaltige Logistik\",\"num\u00e9risation dans l'industrie\",\"op\u00e9rations portuaires\",\"partenariat en Europe\",\"Partnerschaft in Europa\",\"partnership in Europe\",\"p\u00e9nurie de comp\u00e9tences en logistique\",\"port operations\",\"prestataires de services logistiques\",\"Produktportfolio erweitern\",\"QUAD GmbH\",\"r\u00e9gion DACH\",\"regional consulting Fran\u00e7ais JLT Mobile Computers\",\"regionale Beratung English JLT Mobile Computers\",\"skills shortage in logistics\",\"solutions logistiques\",\"support client\",\"sustainable logistics\",\"system integration\",\"Systemintegration\",\"technologies num\u00e9riques\",\"terminaux de chariots \u00e9l\u00e9vateurs\",\"terminaux de v\u00e9hicules\",\"transport industry\",\"Transportwirtschaft\",\"vehicle terminals\"],\"articleSection\":[\"Deutschland\",\"Europa\",\"Expedi\u00e7\u00e3o de Mercadorias e Log\u00edstica\",\"\u00d6sterreich\",\"Schweiz\"],\"inLanguage\":\"pt-PT\",\"potentialAction\":[{\"@type\":\"CommentAction\",\"name\":\"Comment\",\"target\":[\"https:\\\/\\\/transportjournal.com\\\/pt-pt\\\/2026\\\/03\\\/11\\\/parceria-tecnologica-entre-jlt-e-quad\\\/#respond\"]}]},{\"@type\":\"WebPage\",\"@id\":\"https:\\\/\\\/transportjournal.com\\\/pt-pt\\\/2026\\\/03\\\/11\\\/parceria-tecnologica-entre-jlt-e-quad\\\/\",\"url\":\"https:\\\/\\\/transportjournal.com\\\/pt-pt\\\/2026\\\/03\\\/11\\\/parceria-tecnologica-entre-jlt-e-quad\\\/\",\"name\":\"Parceria tecnol\u00f3gica entre JLT e QUAD - ITJ | International Transport Journal\",\"isPartOf\":{\"@id\":\"https:\\\/\\\/transportjournal.com\\\/pt-pt\\\/#website\"},\"primaryImageOfPage\":{\"@id\":\"https:\\\/\\\/transportjournal.com\\\/pt-pt\\\/2026\\\/03\\\/11\\\/parceria-tecnologica-entre-jlt-e-quad\\\/#primaryimage\"},\"image\":{\"@id\":\"https:\\\/\\\/transportjournal.com\\\/pt-pt\\\/2026\\\/03\\\/11\\\/parceria-tecnologica-entre-jlt-e-quad\\\/#primaryimage\"},\"thumbnailUrl\":\"https:\\\/\\\/transportjournal.com\\\/wp-content\\\/uploads\\\/sites\\\/2\\\/2026\\\/03\\\/image1-aspect-ratio-1400-788.png\",\"datePublished\":\"2026-03-11T11:24:39+00:00\",\"breadcrumb\":{\"@id\":\"https:\\\/\\\/transportjournal.com\\\/pt-pt\\\/2026\\\/03\\\/11\\\/parceria-tecnologica-entre-jlt-e-quad\\\/#breadcrumb\"},\"inLanguage\":\"pt-PT\",\"potentialAction\":[{\"@type\":\"ReadAction\",\"target\":[\"https:\\\/\\\/transportjournal.com\\\/pt-pt\\\/2026\\\/03\\\/11\\\/parceria-tecnologica-entre-jlt-e-quad\\\/\"]}]},{\"@type\":\"ImageObject\",\"inLanguage\":\"pt-PT\",\"@id\":\"https:\\\/\\\/transportjournal.com\\\/pt-pt\\\/2026\\\/03\\\/11\\\/parceria-tecnologica-entre-jlt-e-quad\\\/#primaryimage\",\"url\":\"https:\\\/\\\/transportjournal.com\\\/wp-content\\\/uploads\\\/sites\\\/2\\\/2026\\\/03\\\/image1-aspect-ratio-1400-788.png\",\"contentUrl\":\"https:\\\/\\\/transportjournal.com\\\/wp-content\\\/uploads\\\/sites\\\/2\\\/2026\\\/03\\\/image1-aspect-ratio-1400-788.png\",\"width\":795,\"height\":447},{\"@type\":\"BreadcrumbList\",\"@id\":\"https:\\\/\\\/transportjournal.com\\\/pt-pt\\\/2026\\\/03\\\/11\\\/parceria-tecnologica-entre-jlt-e-quad\\\/#breadcrumb\",\"itemListElement\":[{\"@type\":\"ListItem\",\"position\":1,\"name\":\"Startseite\",\"item\":\"https:\\\/\\\/transportjournal.com\\\/pt-pt\\\/\"},{\"@type\":\"ListItem\",\"position\":2,\"name\":\"Parceria tecnol\u00f3gica entre JLT e QUAD\"}]},{\"@type\":\"WebSite\",\"@id\":\"https:\\\/\\\/transportjournal.com\\\/pt-pt\\\/#website\",\"url\":\"https:\\\/\\\/transportjournal.com\\\/pt-pt\\\/\",\"name\":\"ITJ | International Transport Journal\",\"description\":\"Stay informed with the latest global news from the transport, logistics, and supply chain industries. Transport Journal delivers expert insights, analysis, and updates across shipping, aviation, intermodal, and forwarding.\",\"publisher\":{\"@id\":\"https:\\\/\\\/transportjournal.com\\\/pt-pt\\\/#organization\"},\"potentialAction\":[{\"@type\":\"SearchAction\",\"target\":{\"@type\":\"EntryPoint\",\"urlTemplate\":\"https:\\\/\\\/transportjournal.com\\\/pt-pt\\\/?s={search_term_string}\"},\"query-input\":{\"@type\":\"PropertyValueSpecification\",\"valueRequired\":true,\"valueName\":\"search_term_string\"}}],\"inLanguage\":\"pt-PT\"},{\"@type\":\"Organization\",\"@id\":\"https:\\\/\\\/transportjournal.com\\\/pt-pt\\\/#organization\",\"name\":\"Logismedia Group AG\",\"alternateName\":\"Logismedia Group AG\",\"url\":\"https:\\\/\\\/transportjournal.com\\\/pt-pt\\\/\",\"logo\":{\"@type\":\"ImageObject\",\"inLanguage\":\"pt-PT\",\"@id\":\"https:\\\/\\\/transportjournal.com\\\/pt-pt\\\/#\\\/schema\\\/logo\\\/image\\\/\",\"url\":\"https:\\\/\\\/transportjournal.com\\\/wp-content\\\/uploads\\\/sites\\\/2\\\/2025\\\/09\\\/Logo_ITJ.png\",\"contentUrl\":\"https:\\\/\\\/transportjournal.com\\\/wp-content\\\/uploads\\\/sites\\\/2\\\/2025\\\/09\\\/Logo_ITJ.png\",\"width\":799,\"height\":326,\"caption\":\"Logismedia Group AG\"},\"image\":{\"@id\":\"https:\\\/\\\/transportjournal.com\\\/pt-pt\\\/#\\\/schema\\\/logo\\\/image\\\/\"},\"sameAs\":[\"https:\\\/\\\/www.linkedin.com\\\/company\\\/56456496\\\/admin\\\/dashboard\\\/\",\"https:\\\/\\\/www.instagram.com\\\/logismediagroup\\\/\",\"https:\\\/\\\/www.youtube.com\\\/@LogiamediaGroupAG\"]},{\"@type\":\"Person\",\"@id\":\"https:\\\/\\\/transportjournal.com\\\/pt-pt\\\/#\\\/schema\\\/person\\\/41d36b5474b623392fa613e97e2363fa\",\"name\":\"Jeremy Soland\",\"url\":\"https:\\\/\\\/transportjournal.com\\\/pt-pt\\\/author\\\/jeremy\\\/\"}]}<\/script>\n<!-- \/ Yoast SEO plugin. -->","yoast_head_json":{"title":"Parceria tecnol\u00f3gica entre JLT e QUAD - ITJ | International Transport Journal","robots":{"index":"index","follow":"follow","max-snippet":"max-snippet:-1","max-image-preview":"max-image-preview:large","max-video-preview":"max-video-preview:-1"},"canonical":"https:\/\/transportjournal.com\/pt-pt\/2026\/03\/11\/parceria-tecnologica-entre-jlt-e-quad\/","og_locale":"pt_PT","og_type":"article","og_title":"Parceria tecnol\u00f3gica entre JLT e QUAD - ITJ | International Transport Journal","og_description":"A JLT Mobile Computers e a QUAD GmbH estabeleceram uma parceria para fortalecer a presen\u00e7a no mercado na regi\u00e3o DACH atrav\u00e9s de tecnologias.","og_url":"https:\/\/transportjournal.com\/pt-pt\/2026\/03\/11\/parceria-tecnologica-entre-jlt-e-quad\/","og_site_name":"ITJ | International Transport Journal","article_published_time":"2026-03-11T11:24:39+00:00","og_image":[{"width":795,"height":447,"url":"https:\/\/transportjournal.com\/wp-content\/uploads\/sites\/2\/2026\/03\/image1-aspect-ratio-1400-788.png","type":"image\/png"}],"author":"Jeremy Soland","twitter_card":"summary_large_image","twitter_misc":{"Escrito por":"Jeremy Soland","Tempo estimado de leitura":"1 minuto"},"schema":{"@context":"https:\/\/schema.org","@graph":[{"@type":"Article","@id":"https:\/\/transportjournal.com\/pt-pt\/2026\/03\/11\/parceria-tecnologica-entre-jlt-e-quad\/#article","isPartOf":{"@id":"https:\/\/transportjournal.com\/pt-pt\/2026\/03\/11\/parceria-tecnologica-entre-jlt-e-quad\/"},"author":{"name":"Jeremy Soland","@id":"https:\/\/transportjournal.com\/pt-pt\/#\/schema\/person\/41d36b5474b623392fa613e97e2363fa"},"headline":"Parceria tecnol\u00f3gica entre JLT e QUAD","datePublished":"2026-03-11T11:24:39+00:00","mainEntityOfPage":{"@id":"https:\/\/transportjournal.com\/pt-pt\/2026\/03\/11\/parceria-tecnologica-entre-jlt-e-quad\/"},"wordCount":172,"commentCount":0,"publisher":{"@id":"https:\/\/transportjournal.com\/pt-pt\/#organization"},"image":{"@id":"https:\/\/transportjournal.com\/pt-pt\/2026\/03\/11\/parceria-tecnologica-entre-jlt-e-quad\/#primaryimage"},"thumbnailUrl":"https:\/\/transportjournal.com\/wp-content\/uploads\/sites\/2\/2026\/03\/image1-aspect-ratio-1400-788.png","keywords":["accro\u00eetre la pr\u00e9sence sur le march\u00e9","applications industrielles","conseil r\u00e9gional","customer support","DACH-Raum","DACH-Region","Deutsch JLT Mobile Computers","digital technologies","digitale Technologien","Digitalisierung in der Industrie","digitalization in industry","\u00e9largir le portefeuille de produits","expand product portfolio","Fachkr\u00e4ftemangel in der Logistik","Fahrzeugterminals","forklift terminals","Gabelstapler-Terminals","Hafenbetrieb","increase market presence","industrial applications","industrie du transport","industrielle Anwendungen","int\u00e9gration de syst\u00e8mes","Kundensupport","logistics service providers","logistics solutions","Logistikdienstleister","Logistikl\u00f6sungen","logistique durable","Marktpr\u00e4senz erh\u00f6hen","nachhaltige Logistik","num\u00e9risation dans l'industrie","op\u00e9rations portuaires","partenariat en Europe","Partnerschaft in Europa","partnership in Europe","p\u00e9nurie de comp\u00e9tences en logistique","port operations","prestataires de services logistiques","Produktportfolio erweitern","QUAD GmbH","r\u00e9gion DACH","regional consulting Fran\u00e7ais JLT Mobile Computers","regionale Beratung English JLT Mobile Computers","skills shortage in logistics","solutions logistiques","support client","sustainable logistics","system integration","Systemintegration","technologies num\u00e9riques","terminaux de chariots \u00e9l\u00e9vateurs","terminaux de v\u00e9hicules","transport industry","Transportwirtschaft","vehicle terminals"],"articleSection":["Deutschland","Europa","Expedi\u00e7\u00e3o de Mercadorias e Log\u00edstica","\u00d6sterreich","Schweiz"],"inLanguage":"pt-PT","potentialAction":[{"@type":"CommentAction","name":"Comment","target":["https:\/\/transportjournal.com\/pt-pt\/2026\/03\/11\/parceria-tecnologica-entre-jlt-e-quad\/#respond"]}]},{"@type":"WebPage","@id":"https:\/\/transportjournal.com\/pt-pt\/2026\/03\/11\/parceria-tecnologica-entre-jlt-e-quad\/","url":"https:\/\/transportjournal.com\/pt-pt\/2026\/03\/11\/parceria-tecnologica-entre-jlt-e-quad\/","name":"Parceria tecnol\u00f3gica entre JLT e QUAD - ITJ | International Transport Journal","isPartOf":{"@id":"https:\/\/transportjournal.com\/pt-pt\/#website"},"primaryImageOfPage":{"@id":"https:\/\/transportjournal.com\/pt-pt\/2026\/03\/11\/parceria-tecnologica-entre-jlt-e-quad\/#primaryimage"},"image":{"@id":"https:\/\/transportjournal.com\/pt-pt\/2026\/03\/11\/parceria-tecnologica-entre-jlt-e-quad\/#primaryimage"},"thumbnailUrl":"https:\/\/transportjournal.com\/wp-content\/uploads\/sites\/2\/2026\/03\/image1-aspect-ratio-1400-788.png","datePublished":"2026-03-11T11:24:39+00:00","breadcrumb":{"@id":"https:\/\/transportjournal.com\/pt-pt\/2026\/03\/11\/parceria-tecnologica-entre-jlt-e-quad\/#breadcrumb"},"inLanguage":"pt-PT","potentialAction":[{"@type":"ReadAction","target":["https:\/\/transportjournal.com\/pt-pt\/2026\/03\/11\/parceria-tecnologica-entre-jlt-e-quad\/"]}]},{"@type":"ImageObject","inLanguage":"pt-PT","@id":"https:\/\/transportjournal.com\/pt-pt\/2026\/03\/11\/parceria-tecnologica-entre-jlt-e-quad\/#primaryimage","url":"https:\/\/transportjournal.com\/wp-content\/uploads\/sites\/2\/2026\/03\/image1-aspect-ratio-1400-788.png","contentUrl":"https:\/\/transportjournal.com\/wp-content\/uploads\/sites\/2\/2026\/03\/image1-aspect-ratio-1400-788.png","width":795,"height":447},{"@type":"BreadcrumbList","@id":"https:\/\/transportjournal.com\/pt-pt\/2026\/03\/11\/parceria-tecnologica-entre-jlt-e-quad\/#breadcrumb","itemListElement":[{"@type":"ListItem","position":1,"name":"Startseite","item":"https:\/\/transportjournal.com\/pt-pt\/"},{"@type":"ListItem","position":2,"name":"Parceria tecnol\u00f3gica entre JLT e QUAD"}]},{"@type":"WebSite","@id":"https:\/\/transportjournal.com\/pt-pt\/#website","url":"https:\/\/transportjournal.com\/pt-pt\/","name":"ITJ | International Transport Journal","description":"Stay informed with the latest global news from the transport, logistics, and supply chain industries. Transport Journal delivers expert insights, analysis, and updates across shipping, aviation, intermodal, and forwarding.","publisher":{"@id":"https:\/\/transportjournal.com\/pt-pt\/#organization"},"potentialAction":[{"@type":"SearchAction","target":{"@type":"EntryPoint","urlTemplate":"https:\/\/transportjournal.com\/pt-pt\/?s={search_term_string}"},"query-input":{"@type":"PropertyValueSpecification","valueRequired":true,"valueName":"search_term_string"}}],"inLanguage":"pt-PT"},{"@type":"Organization","@id":"https:\/\/transportjournal.com\/pt-pt\/#organization","name":"Logismedia Group AG","alternateName":"Logismedia Group AG","url":"https:\/\/transportjournal.com\/pt-pt\/","logo":{"@type":"ImageObject","inLanguage":"pt-PT","@id":"https:\/\/transportjournal.com\/pt-pt\/#\/schema\/logo\/image\/","url":"https:\/\/transportjournal.com\/wp-content\/uploads\/sites\/2\/2025\/09\/Logo_ITJ.png","contentUrl":"https:\/\/transportjournal.com\/wp-content\/uploads\/sites\/2\/2025\/09\/Logo_ITJ.png","width":799,"height":326,"caption":"Logismedia Group AG"},"image":{"@id":"https:\/\/transportjournal.com\/pt-pt\/#\/schema\/logo\/image\/"},"sameAs":["https:\/\/www.linkedin.com\/company\/56456496\/admin\/dashboard\/","https:\/\/www.instagram.com\/logismediagroup\/","https:\/\/www.youtube.com\/@LogiamediaGroupAG"]},{"@type":"Person","@id":"https:\/\/transportjournal.com\/pt-pt\/#\/schema\/person\/41d36b5474b623392fa613e97e2363fa","name":"Jeremy Soland","url":"https:\/\/transportjournal.com\/pt-pt\/author\/jeremy\/"}]}},"_links":{"self":[{"href":"https:\/\/transportjournal.com\/pt-pt\/wp-json\/wp\/v2\/posts\/80380","targetHints":{"allow":["GET"]}}],"collection":[{"href":"https:\/\/transportjournal.com\/pt-pt\/wp-json\/wp\/v2\/posts"}],"about":[{"href":"https:\/\/transportjournal.com\/pt-pt\/wp-json\/wp\/v2\/types\/post"}],"author":[{"embeddable":true,"href":"https:\/\/transportjournal.com\/pt-pt\/wp-json\/wp\/v2\/users\/10"}],"replies":[{"embeddable":true,"href":"https:\/\/transportjournal.com\/pt-pt\/wp-json\/wp\/v2\/comments?post=80380"}],"version-history":[{"count":0,"href":"https:\/\/transportjournal.com\/pt-pt\/wp-json\/wp\/v2\/posts\/80380\/revisions"}],"wp:featuredmedia":[{"embeddable":true,"href":"https:\/\/transportjournal.com\/pt-pt\/wp-json\/wp\/v2\/media\/80375"}],"wp:attachment":[{"href":"https:\/\/transportjournal.com\/pt-pt\/wp-json\/wp\/v2\/media?parent=80380"}],"wp:term":[{"taxonomy":"category","embeddable":true,"href":"https:\/\/transportjournal.com\/pt-pt\/wp-json\/wp\/v2\/categories?post=80380"},{"taxonomy":"post_tag","embeddable":true,"href":"https:\/\/transportjournal.com\/pt-pt\/wp-json\/wp\/v2\/tags?post=80380"}],"curies":[{"name":"wp","href":"https:\/\/api.w.org\/{rel}","templated":true}]}}