{"id":80030,"date":"2026-03-09T16:56:15","date_gmt":"2026-03-09T16:56:15","guid":{"rendered":"https:\/\/transportjournal.com\/2026\/03\/09\/joe-lacek-novo-vice-presidente-de-carga\/"},"modified":"2026-03-10T11:17:14","modified_gmt":"2026-03-10T10:17:14","slug":"joe-lacek-novo-vice-presidente-de-carga","status":"publish","type":"post","link":"https:\/\/transportjournal.com\/pt-pt\/2026\/03\/09\/joe-lacek-novo-vice-presidente-de-carga\/","title":{"rendered":"Joe Lacek novo Vice-Presidente de Carga"},"content":{"rendered":"<p>Hunt &amp; Palmer USA Inc. anunciou a nomea\u00e7\u00e3o de Joe Lacek como Vice-Presidente para Charters de Carga nos EUA. Esta decis\u00e3o visa fortalecer a posi\u00e7\u00e3o da empresa no segmento de carga dos EUA. Lacek far\u00e1 parte da equipe de gest\u00e3o da empresa na Am\u00e9rica do Norte, que pertence \u00e0 companhia internacional de frete a\u00e9reo Hunt &amp; Palmer PLC.<\/p>\n<p>Jamie Peters, Diretor de Carga da Hunt &amp; Palmer, comentou positivamente sobre a nova nomea\u00e7\u00e3o: \u201cEstamos felizes em receber Joe na equipe da Hunt &amp; Palmer. Joe come\u00e7ou sua carreira na avia\u00e7\u00e3o em um concorrente respeit\u00e1vel, onde trabalhou por oito anos e, durante esse tempo, conseguiu demonstrar um crescimento cont\u00ednuo na regi\u00e3o. Seu amplo conhecimento sobre o mercado norte-americano e sua reputa\u00e7\u00e3o respeitada na ind\u00fastria fazem dele uma adi\u00e7\u00e3o ideal aos nossos valores corporativos.\u201d<\/p>\n<p>Lacek tamb\u00e9m expressou entusiasmo por seu novo papel: \u201cEstou animado para me juntar \u00e0 Hunt &amp; Palmer. Sempre valorizei a empresa, que continua a construir sua reputa\u00e7\u00e3o global de profissionalismo e excel\u00eancia. Meu objetivo \u00e9 garantir que a Hunt &amp; Palmer permane\u00e7a o corretor preferido para clientes e despachantes que buscam os melhores charters de carga, aproveitando o enorme potencial de crescimento nesta \u00e1rea.\u201d<\/p>\n<p>&nbsp;<\/p>\n<p><a href=\"https:\/\/www.huntandpalmer.com\/\" target=\"_blank\" rel=\"noopener noreferrer\">www.huntandpalmer.com<\/a><\/p>\n<p>&nbsp;<\/p>\n","protected":false},"excerpt":{"rendered":"<p>Hunt and Palmer USA Inc. nomeou Joe Lacek como Vice-Presidente para Fretamentos de Carga nos EUA, a fim de fortalecer a posi\u00e7\u00e3o de mercado no segmento de carga.<\/p>\n","protected":false},"author":12,"featured_media":80025,"comment_status":"open","ping_status":"","sticky":false,"template":"","format":"standard","meta":{"_acf_changed":false,"footnotes":""},"categories":[1626,1615,1618],"tags":[25115,3447,3397,5891,25116,25117,25118,2112,25119,7917,25120,5089,25121,25122,25123,2811,25124,7925,25125,10504,7926,3234,25126,2952,5448,2123,3418,2125,2960,2961,25127,25128,2821,1831,2176,3423,25129,3472,3475,25130,25131,25132,2720,2829,25133,25134,25135,25136,2106,2839,1837,2157,25137,25138],"class_list":["post-80030","post","type-post","status-publish","format-standard","has-post-thumbnail","hentry","category-americas","category-pessoas-e-empresas","category-transporte-aereo-de-mercadorias","tag-air-freight-company","tag-air-freight-market","tag-aviation-industry","tag-cargo-management","tag-cargo-management-strategies","tag-cargo-management-strategien","tag-charters-de-fret-aux-etats-unis","tag-corporate-leadership","tag-courtier-en-fret","tag-croissance-du-fret","tag-deutsch-hunt-palmer","tag-direction-dentreprise","tag-fachkraeftemangel-in-der-logistik-english-hunt-palmer","tag-frachtbroker","tag-frachtcharter-dienstleistungen","tag-frachtlogistik","tag-frachtsegment","tag-frachtwachstum","tag-freight-broker","tag-freight-charter-services","tag-freight-growth","tag-freight-logistics","tag-freight-segment","tag-fret-aerien-international","tag-gestion-de-fret","tag-gestion-de-la-chaine-dapprovisionnement","tag-industrie-aeronautique","tag-industrie-du-transport","tag-international-air-freight","tag-internationale-luftfracht","tag-joe-lacek","tag-labor-shortage-in-logistics-francais-hunt-palmer","tag-logistics-providers","tag-logistikdienstleister","tag-logistique-de-fret","tag-luftfahrtindustrie","tag-luftfrachtgesellschaft","tag-luftfrachtmarkt","tag-marche-du-fret-aerien","tag-marche-nord-americain","tag-nordamerikanischer-markt","tag-north-american-market","tag-penurie-de-main-doeuvre-dans-la-logistique","tag-prestataires-logistiques","tag-segment-de-fret","tag-services-de-charters-de-fret","tag-societe-de-fret-aerien","tag-strategies-de-gestion-de-fret","tag-supply-chain-management","tag-transportation-industry","tag-transportwirtschaft","tag-unternehmensfuehrung","tag-us-cargo-charters","tag-us-frachtcharter"],"acf":[],"yoast_head":"<!-- This site is optimized with the Yoast SEO plugin v27.3 - https:\/\/yoast.com\/product\/yoast-seo-wordpress\/ -->\n<title>Joe Lacek novo Vice-Presidente de Carga - ITJ | International Transport Journal<\/title>\n<meta name=\"robots\" content=\"index, follow, max-snippet:-1, max-image-preview:large, max-video-preview:-1\" \/>\n<link rel=\"canonical\" href=\"https:\/\/transportjournal.com\/pt-pt\/2026\/03\/09\/joe-lacek-novo-vice-presidente-de-carga\/\" \/>\n<meta property=\"og:locale\" content=\"pt_PT\" \/>\n<meta property=\"og:type\" content=\"article\" \/>\n<meta property=\"og:title\" content=\"Joe Lacek novo Vice-Presidente de Carga - ITJ | International Transport Journal\" \/>\n<meta property=\"og:description\" content=\"Hunt and Palmer USA Inc. nomeou Joe Lacek como Vice-Presidente para Fretamentos de Carga nos EUA, a fim de fortalecer a posi\u00e7\u00e3o de mercado no segmento de carga.\" \/>\n<meta property=\"og:url\" content=\"https:\/\/transportjournal.com\/pt-pt\/2026\/03\/09\/joe-lacek-novo-vice-presidente-de-carga\/\" \/>\n<meta property=\"og:site_name\" content=\"ITJ | International Transport Journal\" \/>\n<meta property=\"article:published_time\" content=\"2026-03-09T16:56:15+00:00\" \/>\n<meta property=\"article:modified_time\" content=\"2026-03-10T10:17:14+00:00\" \/>\n<meta property=\"og:image\" content=\"https:\/\/transportjournal.com\/wp-content\/uploads\/sites\/2\/2026\/03\/joe-lacek-headshot-2025-72dpi-1-aspect-ratio-1400-788.jpg\" \/>\n\t<meta property=\"og:image:width\" content=\"459\" \/>\n\t<meta property=\"og:image:height\" content=\"258\" \/>\n\t<meta property=\"og:image:type\" content=\"image\/jpeg\" \/>\n<meta name=\"author\" content=\"Andreas Haug\" \/>\n<meta name=\"twitter:card\" content=\"summary_large_image\" \/>\n<meta name=\"twitter:label1\" content=\"Escrito por\" \/>\n\t<meta name=\"twitter:data1\" content=\"Andreas Haug\" \/>\n\t<meta name=\"twitter:label2\" content=\"Tempo estimado de leitura\" \/>\n\t<meta name=\"twitter:data2\" content=\"1 minuto\" \/>\n<script type=\"application\/ld+json\" class=\"yoast-schema-graph\">{\"@context\":\"https:\\\/\\\/schema.org\",\"@graph\":[{\"@type\":\"Article\",\"@id\":\"https:\\\/\\\/transportjournal.com\\\/pt-pt\\\/2026\\\/03\\\/09\\\/joe-lacek-novo-vice-presidente-de-carga\\\/#article\",\"isPartOf\":{\"@id\":\"https:\\\/\\\/transportjournal.com\\\/pt-pt\\\/2026\\\/03\\\/09\\\/joe-lacek-novo-vice-presidente-de-carga\\\/\"},\"author\":{\"name\":\"Andreas Haug\",\"@id\":\"https:\\\/\\\/transportjournal.com\\\/pt-pt\\\/#\\\/schema\\\/person\\\/cf538b3157f15afd7589245a4b3dbd25\"},\"headline\":\"Joe Lacek novo Vice-Presidente de Carga\",\"datePublished\":\"2026-03-09T16:56:15+00:00\",\"dateModified\":\"2026-03-10T10:17:14+00:00\",\"mainEntityOfPage\":{\"@id\":\"https:\\\/\\\/transportjournal.com\\\/pt-pt\\\/2026\\\/03\\\/09\\\/joe-lacek-novo-vice-presidente-de-carga\\\/\"},\"wordCount\":223,\"commentCount\":0,\"publisher\":{\"@id\":\"https:\\\/\\\/transportjournal.com\\\/pt-pt\\\/#organization\"},\"image\":{\"@id\":\"https:\\\/\\\/transportjournal.com\\\/pt-pt\\\/2026\\\/03\\\/09\\\/joe-lacek-novo-vice-presidente-de-carga\\\/#primaryimage\"},\"thumbnailUrl\":\"https:\\\/\\\/transportjournal.com\\\/wp-content\\\/uploads\\\/sites\\\/2\\\/2026\\\/03\\\/joe-lacek-headshot-2025-72dpi-1-aspect-ratio-1400-788.jpg\",\"keywords\":[\"air freight company\",\"air freight market\",\"aviation industry\",\"cargo management\",\"cargo management strategies\",\"Cargo-Management-Strategien\",\"charters de fret aux \u00c9tats-Unis\",\"corporate leadership\",\"courtier en fret\",\"croissance du fret\",\"Deutsch Hunt &amp; Palmer\",\"direction d'entreprise\",\"Fachkr\u00e4ftemangel in der Logistik English Hunt &amp; Palmer\",\"Frachtbroker\",\"Frachtcharter-Dienstleistungen\",\"Frachtlogistik\",\"Frachtsegment\",\"Frachtwachstum\",\"freight broker\",\"freight charter services\",\"freight growth\",\"freight logistics\",\"freight segment\",\"fret a\u00e9rien international\",\"gestion de fret\",\"gestion de la cha\u00eene d'approvisionnement\",\"industrie a\u00e9ronautique\",\"industrie du transport\",\"international air freight\",\"internationale Luftfracht\",\"Joe Lacek\",\"labor shortage in logistics Fran\u00e7ais Hunt &amp; Palmer\",\"logistics providers\",\"Logistikdienstleister\",\"logistique de fret\",\"Luftfahrtindustrie\",\"Luftfrachtgesellschaft\",\"Luftfrachtmarkt\",\"march\u00e9 du fret a\u00e9rien\",\"march\u00e9 nord-am\u00e9ricain\",\"nordamerikanischer Markt\",\"North American market\",\"p\u00e9nurie de main-d'\u0153uvre dans la logistique\",\"prestataires logistiques\",\"segment de fret\",\"services de charters de fret\",\"soci\u00e9t\u00e9 de fret a\u00e9rien\",\"strat\u00e9gies de gestion de fret\",\"Supply Chain Management\",\"transportation industry\",\"Transportwirtschaft\",\"Unternehmensf\u00fchrung\",\"US cargo charters\",\"US-Frachtcharter\"],\"articleSection\":[\"Am\u00e9ricas\",\"Pessoas e empresas\",\"Transporte a\u00e9reo de mercadorias\"],\"inLanguage\":\"pt-PT\",\"potentialAction\":[{\"@type\":\"CommentAction\",\"name\":\"Comment\",\"target\":[\"https:\\\/\\\/transportjournal.com\\\/pt-pt\\\/2026\\\/03\\\/09\\\/joe-lacek-novo-vice-presidente-de-carga\\\/#respond\"]}]},{\"@type\":\"WebPage\",\"@id\":\"https:\\\/\\\/transportjournal.com\\\/pt-pt\\\/2026\\\/03\\\/09\\\/joe-lacek-novo-vice-presidente-de-carga\\\/\",\"url\":\"https:\\\/\\\/transportjournal.com\\\/pt-pt\\\/2026\\\/03\\\/09\\\/joe-lacek-novo-vice-presidente-de-carga\\\/\",\"name\":\"Joe Lacek novo Vice-Presidente de Carga - ITJ | International Transport Journal\",\"isPartOf\":{\"@id\":\"https:\\\/\\\/transportjournal.com\\\/pt-pt\\\/#website\"},\"primaryImageOfPage\":{\"@id\":\"https:\\\/\\\/transportjournal.com\\\/pt-pt\\\/2026\\\/03\\\/09\\\/joe-lacek-novo-vice-presidente-de-carga\\\/#primaryimage\"},\"image\":{\"@id\":\"https:\\\/\\\/transportjournal.com\\\/pt-pt\\\/2026\\\/03\\\/09\\\/joe-lacek-novo-vice-presidente-de-carga\\\/#primaryimage\"},\"thumbnailUrl\":\"https:\\\/\\\/transportjournal.com\\\/wp-content\\\/uploads\\\/sites\\\/2\\\/2026\\\/03\\\/joe-lacek-headshot-2025-72dpi-1-aspect-ratio-1400-788.jpg\",\"datePublished\":\"2026-03-09T16:56:15+00:00\",\"dateModified\":\"2026-03-10T10:17:14+00:00\",\"breadcrumb\":{\"@id\":\"https:\\\/\\\/transportjournal.com\\\/pt-pt\\\/2026\\\/03\\\/09\\\/joe-lacek-novo-vice-presidente-de-carga\\\/#breadcrumb\"},\"inLanguage\":\"pt-PT\",\"potentialAction\":[{\"@type\":\"ReadAction\",\"target\":[\"https:\\\/\\\/transportjournal.com\\\/pt-pt\\\/2026\\\/03\\\/09\\\/joe-lacek-novo-vice-presidente-de-carga\\\/\"]}]},{\"@type\":\"ImageObject\",\"inLanguage\":\"pt-PT\",\"@id\":\"https:\\\/\\\/transportjournal.com\\\/pt-pt\\\/2026\\\/03\\\/09\\\/joe-lacek-novo-vice-presidente-de-carga\\\/#primaryimage\",\"url\":\"https:\\\/\\\/transportjournal.com\\\/wp-content\\\/uploads\\\/sites\\\/2\\\/2026\\\/03\\\/joe-lacek-headshot-2025-72dpi-1-aspect-ratio-1400-788.jpg\",\"contentUrl\":\"https:\\\/\\\/transportjournal.com\\\/wp-content\\\/uploads\\\/sites\\\/2\\\/2026\\\/03\\\/joe-lacek-headshot-2025-72dpi-1-aspect-ratio-1400-788.jpg\",\"width\":459,\"height\":258},{\"@type\":\"BreadcrumbList\",\"@id\":\"https:\\\/\\\/transportjournal.com\\\/pt-pt\\\/2026\\\/03\\\/09\\\/joe-lacek-novo-vice-presidente-de-carga\\\/#breadcrumb\",\"itemListElement\":[{\"@type\":\"ListItem\",\"position\":1,\"name\":\"Startseite\",\"item\":\"https:\\\/\\\/transportjournal.com\\\/pt-pt\\\/\"},{\"@type\":\"ListItem\",\"position\":2,\"name\":\"Joe Lacek novo Vice-Presidente de Carga\"}]},{\"@type\":\"WebSite\",\"@id\":\"https:\\\/\\\/transportjournal.com\\\/pt-pt\\\/#website\",\"url\":\"https:\\\/\\\/transportjournal.com\\\/pt-pt\\\/\",\"name\":\"ITJ | International Transport Journal\",\"description\":\"Stay informed with the latest global news from the transport, logistics, and supply chain industries. Transport Journal delivers expert insights, analysis, and updates across shipping, aviation, intermodal, and forwarding.\",\"publisher\":{\"@id\":\"https:\\\/\\\/transportjournal.com\\\/pt-pt\\\/#organization\"},\"potentialAction\":[{\"@type\":\"SearchAction\",\"target\":{\"@type\":\"EntryPoint\",\"urlTemplate\":\"https:\\\/\\\/transportjournal.com\\\/pt-pt\\\/?s={search_term_string}\"},\"query-input\":{\"@type\":\"PropertyValueSpecification\",\"valueRequired\":true,\"valueName\":\"search_term_string\"}}],\"inLanguage\":\"pt-PT\"},{\"@type\":\"Organization\",\"@id\":\"https:\\\/\\\/transportjournal.com\\\/pt-pt\\\/#organization\",\"name\":\"Logismedia Group AG\",\"alternateName\":\"Logismedia Group AG\",\"url\":\"https:\\\/\\\/transportjournal.com\\\/pt-pt\\\/\",\"logo\":{\"@type\":\"ImageObject\",\"inLanguage\":\"pt-PT\",\"@id\":\"https:\\\/\\\/transportjournal.com\\\/pt-pt\\\/#\\\/schema\\\/logo\\\/image\\\/\",\"url\":\"https:\\\/\\\/transportjournal.com\\\/wp-content\\\/uploads\\\/sites\\\/2\\\/2025\\\/09\\\/Logo_ITJ.png\",\"contentUrl\":\"https:\\\/\\\/transportjournal.com\\\/wp-content\\\/uploads\\\/sites\\\/2\\\/2025\\\/09\\\/Logo_ITJ.png\",\"width\":799,\"height\":326,\"caption\":\"Logismedia Group AG\"},\"image\":{\"@id\":\"https:\\\/\\\/transportjournal.com\\\/pt-pt\\\/#\\\/schema\\\/logo\\\/image\\\/\"},\"sameAs\":[\"https:\\\/\\\/www.linkedin.com\\\/company\\\/56456496\\\/admin\\\/dashboard\\\/\",\"https:\\\/\\\/www.instagram.com\\\/logismediagroup\\\/\",\"https:\\\/\\\/www.youtube.com\\\/@LogiamediaGroupAG\"]},{\"@type\":\"Person\",\"@id\":\"https:\\\/\\\/transportjournal.com\\\/pt-pt\\\/#\\\/schema\\\/person\\\/cf538b3157f15afd7589245a4b3dbd25\",\"name\":\"Andreas Haug\",\"url\":\"https:\\\/\\\/transportjournal.com\\\/pt-pt\\\/author\\\/andreas\\\/\"}]}<\/script>\n<!-- \/ Yoast SEO plugin. -->","yoast_head_json":{"title":"Joe Lacek novo Vice-Presidente de Carga - ITJ | International Transport Journal","robots":{"index":"index","follow":"follow","max-snippet":"max-snippet:-1","max-image-preview":"max-image-preview:large","max-video-preview":"max-video-preview:-1"},"canonical":"https:\/\/transportjournal.com\/pt-pt\/2026\/03\/09\/joe-lacek-novo-vice-presidente-de-carga\/","og_locale":"pt_PT","og_type":"article","og_title":"Joe Lacek novo Vice-Presidente de Carga - ITJ | International Transport Journal","og_description":"Hunt and Palmer USA Inc. nomeou Joe Lacek como Vice-Presidente para Fretamentos de Carga nos EUA, a fim de fortalecer a posi\u00e7\u00e3o de mercado no segmento de carga.","og_url":"https:\/\/transportjournal.com\/pt-pt\/2026\/03\/09\/joe-lacek-novo-vice-presidente-de-carga\/","og_site_name":"ITJ | International Transport Journal","article_published_time":"2026-03-09T16:56:15+00:00","article_modified_time":"2026-03-10T10:17:14+00:00","og_image":[{"width":459,"height":258,"url":"https:\/\/transportjournal.com\/wp-content\/uploads\/sites\/2\/2026\/03\/joe-lacek-headshot-2025-72dpi-1-aspect-ratio-1400-788.jpg","type":"image\/jpeg"}],"author":"Andreas Haug","twitter_card":"summary_large_image","twitter_misc":{"Escrito por":"Andreas Haug","Tempo estimado de leitura":"1 minuto"},"schema":{"@context":"https:\/\/schema.org","@graph":[{"@type":"Article","@id":"https:\/\/transportjournal.com\/pt-pt\/2026\/03\/09\/joe-lacek-novo-vice-presidente-de-carga\/#article","isPartOf":{"@id":"https:\/\/transportjournal.com\/pt-pt\/2026\/03\/09\/joe-lacek-novo-vice-presidente-de-carga\/"},"author":{"name":"Andreas Haug","@id":"https:\/\/transportjournal.com\/pt-pt\/#\/schema\/person\/cf538b3157f15afd7589245a4b3dbd25"},"headline":"Joe Lacek novo Vice-Presidente de Carga","datePublished":"2026-03-09T16:56:15+00:00","dateModified":"2026-03-10T10:17:14+00:00","mainEntityOfPage":{"@id":"https:\/\/transportjournal.com\/pt-pt\/2026\/03\/09\/joe-lacek-novo-vice-presidente-de-carga\/"},"wordCount":223,"commentCount":0,"publisher":{"@id":"https:\/\/transportjournal.com\/pt-pt\/#organization"},"image":{"@id":"https:\/\/transportjournal.com\/pt-pt\/2026\/03\/09\/joe-lacek-novo-vice-presidente-de-carga\/#primaryimage"},"thumbnailUrl":"https:\/\/transportjournal.com\/wp-content\/uploads\/sites\/2\/2026\/03\/joe-lacek-headshot-2025-72dpi-1-aspect-ratio-1400-788.jpg","keywords":["air freight company","air freight market","aviation industry","cargo management","cargo management strategies","Cargo-Management-Strategien","charters de fret aux \u00c9tats-Unis","corporate leadership","courtier en fret","croissance du fret","Deutsch Hunt &amp; Palmer","direction d'entreprise","Fachkr\u00e4ftemangel in der Logistik English Hunt &amp; Palmer","Frachtbroker","Frachtcharter-Dienstleistungen","Frachtlogistik","Frachtsegment","Frachtwachstum","freight broker","freight charter services","freight growth","freight logistics","freight segment","fret a\u00e9rien international","gestion de fret","gestion de la cha\u00eene d'approvisionnement","industrie a\u00e9ronautique","industrie du transport","international air freight","internationale Luftfracht","Joe Lacek","labor shortage in logistics Fran\u00e7ais Hunt &amp; Palmer","logistics providers","Logistikdienstleister","logistique de fret","Luftfahrtindustrie","Luftfrachtgesellschaft","Luftfrachtmarkt","march\u00e9 du fret a\u00e9rien","march\u00e9 nord-am\u00e9ricain","nordamerikanischer Markt","North American market","p\u00e9nurie de main-d'\u0153uvre dans la logistique","prestataires logistiques","segment de fret","services de charters de fret","soci\u00e9t\u00e9 de fret a\u00e9rien","strat\u00e9gies de gestion de fret","Supply Chain Management","transportation industry","Transportwirtschaft","Unternehmensf\u00fchrung","US cargo charters","US-Frachtcharter"],"articleSection":["Am\u00e9ricas","Pessoas e empresas","Transporte a\u00e9reo de mercadorias"],"inLanguage":"pt-PT","potentialAction":[{"@type":"CommentAction","name":"Comment","target":["https:\/\/transportjournal.com\/pt-pt\/2026\/03\/09\/joe-lacek-novo-vice-presidente-de-carga\/#respond"]}]},{"@type":"WebPage","@id":"https:\/\/transportjournal.com\/pt-pt\/2026\/03\/09\/joe-lacek-novo-vice-presidente-de-carga\/","url":"https:\/\/transportjournal.com\/pt-pt\/2026\/03\/09\/joe-lacek-novo-vice-presidente-de-carga\/","name":"Joe Lacek novo Vice-Presidente de Carga - ITJ | International Transport Journal","isPartOf":{"@id":"https:\/\/transportjournal.com\/pt-pt\/#website"},"primaryImageOfPage":{"@id":"https:\/\/transportjournal.com\/pt-pt\/2026\/03\/09\/joe-lacek-novo-vice-presidente-de-carga\/#primaryimage"},"image":{"@id":"https:\/\/transportjournal.com\/pt-pt\/2026\/03\/09\/joe-lacek-novo-vice-presidente-de-carga\/#primaryimage"},"thumbnailUrl":"https:\/\/transportjournal.com\/wp-content\/uploads\/sites\/2\/2026\/03\/joe-lacek-headshot-2025-72dpi-1-aspect-ratio-1400-788.jpg","datePublished":"2026-03-09T16:56:15+00:00","dateModified":"2026-03-10T10:17:14+00:00","breadcrumb":{"@id":"https:\/\/transportjournal.com\/pt-pt\/2026\/03\/09\/joe-lacek-novo-vice-presidente-de-carga\/#breadcrumb"},"inLanguage":"pt-PT","potentialAction":[{"@type":"ReadAction","target":["https:\/\/transportjournal.com\/pt-pt\/2026\/03\/09\/joe-lacek-novo-vice-presidente-de-carga\/"]}]},{"@type":"ImageObject","inLanguage":"pt-PT","@id":"https:\/\/transportjournal.com\/pt-pt\/2026\/03\/09\/joe-lacek-novo-vice-presidente-de-carga\/#primaryimage","url":"https:\/\/transportjournal.com\/wp-content\/uploads\/sites\/2\/2026\/03\/joe-lacek-headshot-2025-72dpi-1-aspect-ratio-1400-788.jpg","contentUrl":"https:\/\/transportjournal.com\/wp-content\/uploads\/sites\/2\/2026\/03\/joe-lacek-headshot-2025-72dpi-1-aspect-ratio-1400-788.jpg","width":459,"height":258},{"@type":"BreadcrumbList","@id":"https:\/\/transportjournal.com\/pt-pt\/2026\/03\/09\/joe-lacek-novo-vice-presidente-de-carga\/#breadcrumb","itemListElement":[{"@type":"ListItem","position":1,"name":"Startseite","item":"https:\/\/transportjournal.com\/pt-pt\/"},{"@type":"ListItem","position":2,"name":"Joe Lacek novo Vice-Presidente de Carga"}]},{"@type":"WebSite","@id":"https:\/\/transportjournal.com\/pt-pt\/#website","url":"https:\/\/transportjournal.com\/pt-pt\/","name":"ITJ | International Transport Journal","description":"Stay informed with the latest global news from the transport, logistics, and supply chain industries. Transport Journal delivers expert insights, analysis, and updates across shipping, aviation, intermodal, and forwarding.","publisher":{"@id":"https:\/\/transportjournal.com\/pt-pt\/#organization"},"potentialAction":[{"@type":"SearchAction","target":{"@type":"EntryPoint","urlTemplate":"https:\/\/transportjournal.com\/pt-pt\/?s={search_term_string}"},"query-input":{"@type":"PropertyValueSpecification","valueRequired":true,"valueName":"search_term_string"}}],"inLanguage":"pt-PT"},{"@type":"Organization","@id":"https:\/\/transportjournal.com\/pt-pt\/#organization","name":"Logismedia Group AG","alternateName":"Logismedia Group AG","url":"https:\/\/transportjournal.com\/pt-pt\/","logo":{"@type":"ImageObject","inLanguage":"pt-PT","@id":"https:\/\/transportjournal.com\/pt-pt\/#\/schema\/logo\/image\/","url":"https:\/\/transportjournal.com\/wp-content\/uploads\/sites\/2\/2025\/09\/Logo_ITJ.png","contentUrl":"https:\/\/transportjournal.com\/wp-content\/uploads\/sites\/2\/2025\/09\/Logo_ITJ.png","width":799,"height":326,"caption":"Logismedia Group AG"},"image":{"@id":"https:\/\/transportjournal.com\/pt-pt\/#\/schema\/logo\/image\/"},"sameAs":["https:\/\/www.linkedin.com\/company\/56456496\/admin\/dashboard\/","https:\/\/www.instagram.com\/logismediagroup\/","https:\/\/www.youtube.com\/@LogiamediaGroupAG"]},{"@type":"Person","@id":"https:\/\/transportjournal.com\/pt-pt\/#\/schema\/person\/cf538b3157f15afd7589245a4b3dbd25","name":"Andreas Haug","url":"https:\/\/transportjournal.com\/pt-pt\/author\/andreas\/"}]}},"_links":{"self":[{"href":"https:\/\/transportjournal.com\/pt-pt\/wp-json\/wp\/v2\/posts\/80030","targetHints":{"allow":["GET"]}}],"collection":[{"href":"https:\/\/transportjournal.com\/pt-pt\/wp-json\/wp\/v2\/posts"}],"about":[{"href":"https:\/\/transportjournal.com\/pt-pt\/wp-json\/wp\/v2\/types\/post"}],"author":[{"embeddable":true,"href":"https:\/\/transportjournal.com\/pt-pt\/wp-json\/wp\/v2\/users\/12"}],"replies":[{"embeddable":true,"href":"https:\/\/transportjournal.com\/pt-pt\/wp-json\/wp\/v2\/comments?post=80030"}],"version-history":[{"count":1,"href":"https:\/\/transportjournal.com\/pt-pt\/wp-json\/wp\/v2\/posts\/80030\/revisions"}],"predecessor-version":[{"id":80190,"href":"https:\/\/transportjournal.com\/pt-pt\/wp-json\/wp\/v2\/posts\/80030\/revisions\/80190"}],"wp:featuredmedia":[{"embeddable":true,"href":"https:\/\/transportjournal.com\/pt-pt\/wp-json\/wp\/v2\/media\/80025"}],"wp:attachment":[{"href":"https:\/\/transportjournal.com\/pt-pt\/wp-json\/wp\/v2\/media?parent=80030"}],"wp:term":[{"taxonomy":"category","embeddable":true,"href":"https:\/\/transportjournal.com\/pt-pt\/wp-json\/wp\/v2\/categories?post=80030"},{"taxonomy":"post_tag","embeddable":true,"href":"https:\/\/transportjournal.com\/pt-pt\/wp-json\/wp\/v2\/tags?post=80030"}],"curies":[{"name":"wp","href":"https:\/\/api.w.org\/{rel}","templated":true}]}}