{"id":79998,"date":"2026-03-09T12:56:45","date_gmt":"2026-03-09T12:56:45","guid":{"rendered":"https:\/\/transportjournal.com\/2026\/03\/09\/bifa-nomeia-representante-regional-para-as-midlands\/"},"modified":"2026-03-09T12:56:45","modified_gmt":"2026-03-09T12:56:45","slug":"bifa-nomeia-representante-regional-para-as-midlands","status":"publish","type":"post","link":"https:\/\/transportjournal.com\/pt-pt\/2026\/03\/09\/bifa-nomeia-representante-regional-para-as-midlands\/","title":{"rendered":"Bifa nomeia representante regional para as Midlands"},"content":{"rendered":"<p>A British International Freight Association (Bifa) nomeou Steve Murray como representante regional para sua nova regi\u00e3o central. Com essa medida, a associa\u00e7\u00e3o pretende fortalecer a comunica\u00e7\u00e3o com seus membros e oferecer melhor suporte aos transportadores nas Midlands e nas regi\u00f5es circunvizinhas.<\/p>\n<p>A nova regi\u00e3o abrange os condados ao norte de Londres e se estende at\u00e9 Nottingham, Birmingham e Peterborough. Foi criada para reduzir a \u00e1rea anteriormente supervisionada por Andrew Melton, que at\u00e9 ent\u00e3o representava membros de Milton Keynes at\u00e9 a fronteira escocesa. No futuro, Melton se concentrar\u00e1 nos membros da Bifa no norte da Inglaterra.<\/p>\n<p>Murray possui ampla experi\u00eancia em log\u00edstica e gest\u00e3o da cadeia de suprimentos. Recentemente, trabalhou para a FedEx Logistics. Anteriormente, ocupou cargos de lideran\u00e7a na unidade de Cadeia de Suprimentos Internacional da DHL e tamb\u00e9m trabalhou para a Exel.<\/p>\n<p>O diretor-geral da Bifa, Steve Parker, expressou sua &#8222;satisfa\u00e7\u00e3o em receber Steve como representante regional para esta nova regi\u00e3o.&#8220;<\/p>\n<p><a href=\"https:\/\/bifa.org\" target=\"_blank\" rel=\"noopener noreferrer\">www.bifa.org<\/a><\/p>\n","protected":false},"excerpt":{"rendered":"<p>A British International Freight Association nomeou Steve Murray como representante regional para sua nova regi\u00e3o central, a fim de melhorar a comunica\u00e7\u00e3o com os membros.<\/p>\n","protected":false},"author":14,"featured_media":79993,"comment_status":"open","ping_status":"","sticky":false,"template":"","format":"standard","meta":{"_acf_changed":false,"footnotes":""},"categories":[1623,1615],"tags":[24974,24975,24976,24977,24978,24979,24980,4593,24981,24982,24983,3353,2122,24984,24985,2123,24986,2125,3328,3994,2373,3872,4000,24987,2133,24988,1831,24989,24990,24991,24992,24993,24994,24995,24996,24997,24998,3379,2145,24999,25000,2148,25001,25002,25003,25004,25005,25006,25007,2106,25008,25009,25010,2155,1837,25011],"class_list":["post-79998","post","type-post","status-publish","format-standard","has-post-thumbnail","hentry","category-europa","category-pessoas-e-empresas","tag-adhesion-bifa","tag-au-nord-de-londres","tag-bifa-central-region","tag-bifa-membership","tag-bifa-regional-representative","tag-birmingham-transport","tag-comtes-des-midlands","tag-deutsch-bifa","tag-developpement-regional-logistique","tag-dhl-logistics","tag-dhl-logistik","tag-digitalisierung-logistik","tag-fachkraeftemangel-logistik","tag-fedex-logistics","tag-freight-forwarders-midlands","tag-gestion-de-la-chaine-dapprovisionnement","tag-grafschaften-midlands-english-bifa","tag-industrie-du-transport","tag-infrastructure-logistique","tag-infrastruktur-logistik","tag-labor-shortage-logistics","tag-logistics-digitalization","tag-logistics-infrastructure","tag-logistics-midlands","tag-logistics-service-providers","tag-logistik-midlands","tag-logistikdienstleister","tag-logistique-dhl","tag-logistique-fedex","tag-logistique-midlands","tag-logistique-nottingham","tag-midlands-counties-francais-bifa","tag-mitgliedschaft-bifa","tag-noerdlich-von-london","tag-north-of-london","tag-nottingham-logistics","tag-nottingham-logistik","tag-numerisation-logistique","tag-penurie-de-main-doeuvre-logistique","tag-peterborough-freight-forwarders","tag-peterborough-spediteure","tag-prestataires-de-services-logistiques","tag-region-centrale-bifa","tag-regional-development-logistics","tag-regionalentwicklung-logistik","tag-regionalvertretung-bifa","tag-representant-regional-bifa","tag-spediteure-midlands","tag-steve-murray-bifa","tag-supply-chain-management","tag-transitaires-midlands","tag-transitaires-peterborough","tag-transport-birmingham","tag-transport-industry","tag-transportwirtschaft","tag-zentralregion-bifa"],"acf":[],"yoast_head":"<!-- This site is optimized with the Yoast SEO plugin v27.3 - https:\/\/yoast.com\/product\/yoast-seo-wordpress\/ -->\n<title>Bifa nomeia representante regional para as Midlands - ITJ | International Transport Journal<\/title>\n<meta name=\"robots\" content=\"index, follow, max-snippet:-1, max-image-preview:large, max-video-preview:-1\" \/>\n<link rel=\"canonical\" href=\"https:\/\/transportjournal.com\/pt-pt\/2026\/03\/09\/bifa-nomeia-representante-regional-para-as-midlands\/\" \/>\n<meta property=\"og:locale\" content=\"pt_PT\" \/>\n<meta property=\"og:type\" content=\"article\" \/>\n<meta property=\"og:title\" content=\"Bifa nomeia representante regional para as Midlands - ITJ | International Transport Journal\" \/>\n<meta property=\"og:description\" content=\"A British International Freight Association nomeou Steve Murray como representante regional para sua nova regi\u00e3o central, a fim de melhorar a comunica\u00e7\u00e3o com os membros.\" \/>\n<meta property=\"og:url\" content=\"https:\/\/transportjournal.com\/pt-pt\/2026\/03\/09\/bifa-nomeia-representante-regional-para-as-midlands\/\" \/>\n<meta property=\"og:site_name\" content=\"ITJ | International Transport Journal\" \/>\n<meta property=\"article:published_time\" content=\"2026-03-09T12:56:45+00:00\" \/>\n<meta property=\"og:image\" content=\"https:\/\/transportjournal.com\/wp-content\/uploads\/sites\/2\/2026\/03\/Bifa-Murray.png\" \/>\n\t<meta property=\"og:image:width\" content=\"640\" \/>\n\t<meta property=\"og:image:height\" content=\"360\" \/>\n\t<meta property=\"og:image:type\" content=\"image\/png\" \/>\n<meta name=\"author\" content=\"Gyan Sharan\" \/>\n<meta name=\"twitter:card\" content=\"summary_large_image\" \/>\n<meta name=\"twitter:label1\" content=\"Escrito por\" \/>\n\t<meta name=\"twitter:data1\" content=\"Gyan Sharan\" \/>\n\t<meta name=\"twitter:label2\" content=\"Tempo estimado de leitura\" \/>\n\t<meta name=\"twitter:data2\" content=\"1 minuto\" \/>\n<script type=\"application\/ld+json\" class=\"yoast-schema-graph\">{\"@context\":\"https:\\\/\\\/schema.org\",\"@graph\":[{\"@type\":\"Article\",\"@id\":\"https:\\\/\\\/transportjournal.com\\\/pt-pt\\\/2026\\\/03\\\/09\\\/bifa-nomeia-representante-regional-para-as-midlands\\\/#article\",\"isPartOf\":{\"@id\":\"https:\\\/\\\/transportjournal.com\\\/pt-pt\\\/2026\\\/03\\\/09\\\/bifa-nomeia-representante-regional-para-as-midlands\\\/\"},\"author\":{\"name\":\"Gyan Sharan\",\"@id\":\"https:\\\/\\\/transportjournal.com\\\/pt-pt\\\/#\\\/schema\\\/person\\\/13a9fc605c753db60ef7750a229cd042\"},\"headline\":\"Bifa nomeia representante regional para as Midlands\",\"datePublished\":\"2026-03-09T12:56:45+00:00\",\"mainEntityOfPage\":{\"@id\":\"https:\\\/\\\/transportjournal.com\\\/pt-pt\\\/2026\\\/03\\\/09\\\/bifa-nomeia-representante-regional-para-as-midlands\\\/\"},\"wordCount\":175,\"commentCount\":0,\"publisher\":{\"@id\":\"https:\\\/\\\/transportjournal.com\\\/pt-pt\\\/#organization\"},\"image\":{\"@id\":\"https:\\\/\\\/transportjournal.com\\\/pt-pt\\\/2026\\\/03\\\/09\\\/bifa-nomeia-representante-regional-para-as-midlands\\\/#primaryimage\"},\"thumbnailUrl\":\"https:\\\/\\\/transportjournal.com\\\/wp-content\\\/uploads\\\/sites\\\/2\\\/2026\\\/03\\\/Bifa-Murray.png\",\"keywords\":[\"adh\u00e9sion Bifa\",\"au nord de Londres\",\"Bifa central region\",\"Bifa membership\",\"Bifa regional representative\",\"Birmingham Transport\",\"comt\u00e9s des Midlands\",\"Deutsch BIFA\",\"d\u00e9veloppement r\u00e9gional logistique\",\"DHL logistics\",\"DHL Logistik\",\"Digitalisierung Logistik\",\"Fachkr\u00e4ftemangel Logistik\",\"FedEx Logistics\",\"freight forwarders Midlands\",\"gestion de la cha\u00eene d'approvisionnement\",\"Grafschaften Midlands English Bifa\",\"industrie du transport\",\"infrastructure logistique\",\"Infrastruktur Logistik\",\"labor shortage logistics\",\"logistics digitalization\",\"logistics infrastructure\",\"logistics Midlands\",\"logistics service providers\",\"Logistik Midlands\",\"Logistikdienstleister\",\"logistique DHL\",\"logistique FedEx\",\"logistique Midlands\",\"logistique Nottingham\",\"Midlands counties Fran\u00e7ais Bifa\",\"Mitgliedschaft Bifa\",\"n\u00f6rdlich von London\",\"north of London\",\"Nottingham logistics\",\"Nottingham Logistik\",\"num\u00e9risation logistique\",\"p\u00e9nurie de main-d'\u0153uvre logistique\",\"Peterborough freight forwarders\",\"Peterborough Spediteure\",\"prestataires de services logistiques\",\"r\u00e9gion centrale Bifa\",\"regional development logistics\",\"Regionalentwicklung Logistik\",\"Regionalvertretung Bifa\",\"repr\u00e9sentant r\u00e9gional Bifa\",\"Spediteure Midlands\",\"Steve Murray Bifa\",\"Supply Chain Management\",\"transitaires Midlands\",\"transitaires Peterborough\",\"transport Birmingham\",\"transport industry\",\"Transportwirtschaft\",\"Zentralregion Bifa\"],\"articleSection\":[\"Europa\",\"Pessoas e empresas\"],\"inLanguage\":\"pt-PT\",\"potentialAction\":[{\"@type\":\"CommentAction\",\"name\":\"Comment\",\"target\":[\"https:\\\/\\\/transportjournal.com\\\/pt-pt\\\/2026\\\/03\\\/09\\\/bifa-nomeia-representante-regional-para-as-midlands\\\/#respond\"]}]},{\"@type\":\"WebPage\",\"@id\":\"https:\\\/\\\/transportjournal.com\\\/pt-pt\\\/2026\\\/03\\\/09\\\/bifa-nomeia-representante-regional-para-as-midlands\\\/\",\"url\":\"https:\\\/\\\/transportjournal.com\\\/pt-pt\\\/2026\\\/03\\\/09\\\/bifa-nomeia-representante-regional-para-as-midlands\\\/\",\"name\":\"Bifa nomeia representante regional para as Midlands - ITJ | International Transport Journal\",\"isPartOf\":{\"@id\":\"https:\\\/\\\/transportjournal.com\\\/pt-pt\\\/#website\"},\"primaryImageOfPage\":{\"@id\":\"https:\\\/\\\/transportjournal.com\\\/pt-pt\\\/2026\\\/03\\\/09\\\/bifa-nomeia-representante-regional-para-as-midlands\\\/#primaryimage\"},\"image\":{\"@id\":\"https:\\\/\\\/transportjournal.com\\\/pt-pt\\\/2026\\\/03\\\/09\\\/bifa-nomeia-representante-regional-para-as-midlands\\\/#primaryimage\"},\"thumbnailUrl\":\"https:\\\/\\\/transportjournal.com\\\/wp-content\\\/uploads\\\/sites\\\/2\\\/2026\\\/03\\\/Bifa-Murray.png\",\"datePublished\":\"2026-03-09T12:56:45+00:00\",\"breadcrumb\":{\"@id\":\"https:\\\/\\\/transportjournal.com\\\/pt-pt\\\/2026\\\/03\\\/09\\\/bifa-nomeia-representante-regional-para-as-midlands\\\/#breadcrumb\"},\"inLanguage\":\"pt-PT\",\"potentialAction\":[{\"@type\":\"ReadAction\",\"target\":[\"https:\\\/\\\/transportjournal.com\\\/pt-pt\\\/2026\\\/03\\\/09\\\/bifa-nomeia-representante-regional-para-as-midlands\\\/\"]}]},{\"@type\":\"ImageObject\",\"inLanguage\":\"pt-PT\",\"@id\":\"https:\\\/\\\/transportjournal.com\\\/pt-pt\\\/2026\\\/03\\\/09\\\/bifa-nomeia-representante-regional-para-as-midlands\\\/#primaryimage\",\"url\":\"https:\\\/\\\/transportjournal.com\\\/wp-content\\\/uploads\\\/sites\\\/2\\\/2026\\\/03\\\/Bifa-Murray.png\",\"contentUrl\":\"https:\\\/\\\/transportjournal.com\\\/wp-content\\\/uploads\\\/sites\\\/2\\\/2026\\\/03\\\/Bifa-Murray.png\",\"width\":640,\"height\":360},{\"@type\":\"BreadcrumbList\",\"@id\":\"https:\\\/\\\/transportjournal.com\\\/pt-pt\\\/2026\\\/03\\\/09\\\/bifa-nomeia-representante-regional-para-as-midlands\\\/#breadcrumb\",\"itemListElement\":[{\"@type\":\"ListItem\",\"position\":1,\"name\":\"Startseite\",\"item\":\"https:\\\/\\\/transportjournal.com\\\/pt-pt\\\/\"},{\"@type\":\"ListItem\",\"position\":2,\"name\":\"Bifa nomeia representante regional para as Midlands\"}]},{\"@type\":\"WebSite\",\"@id\":\"https:\\\/\\\/transportjournal.com\\\/pt-pt\\\/#website\",\"url\":\"https:\\\/\\\/transportjournal.com\\\/pt-pt\\\/\",\"name\":\"ITJ | International Transport Journal\",\"description\":\"Stay informed with the latest global news from the transport, logistics, and supply chain industries. Transport Journal delivers expert insights, analysis, and updates across shipping, aviation, intermodal, and forwarding.\",\"publisher\":{\"@id\":\"https:\\\/\\\/transportjournal.com\\\/pt-pt\\\/#organization\"},\"potentialAction\":[{\"@type\":\"SearchAction\",\"target\":{\"@type\":\"EntryPoint\",\"urlTemplate\":\"https:\\\/\\\/transportjournal.com\\\/pt-pt\\\/?s={search_term_string}\"},\"query-input\":{\"@type\":\"PropertyValueSpecification\",\"valueRequired\":true,\"valueName\":\"search_term_string\"}}],\"inLanguage\":\"pt-PT\"},{\"@type\":\"Organization\",\"@id\":\"https:\\\/\\\/transportjournal.com\\\/pt-pt\\\/#organization\",\"name\":\"Logismedia Group AG\",\"alternateName\":\"Logismedia Group AG\",\"url\":\"https:\\\/\\\/transportjournal.com\\\/pt-pt\\\/\",\"logo\":{\"@type\":\"ImageObject\",\"inLanguage\":\"pt-PT\",\"@id\":\"https:\\\/\\\/transportjournal.com\\\/pt-pt\\\/#\\\/schema\\\/logo\\\/image\\\/\",\"url\":\"https:\\\/\\\/transportjournal.com\\\/wp-content\\\/uploads\\\/sites\\\/2\\\/2025\\\/09\\\/Logo_ITJ.png\",\"contentUrl\":\"https:\\\/\\\/transportjournal.com\\\/wp-content\\\/uploads\\\/sites\\\/2\\\/2025\\\/09\\\/Logo_ITJ.png\",\"width\":799,\"height\":326,\"caption\":\"Logismedia Group AG\"},\"image\":{\"@id\":\"https:\\\/\\\/transportjournal.com\\\/pt-pt\\\/#\\\/schema\\\/logo\\\/image\\\/\"},\"sameAs\":[\"https:\\\/\\\/www.linkedin.com\\\/company\\\/56456496\\\/admin\\\/dashboard\\\/\",\"https:\\\/\\\/www.instagram.com\\\/logismediagroup\\\/\",\"https:\\\/\\\/www.youtube.com\\\/@LogiamediaGroupAG\"]},{\"@type\":\"Person\",\"@id\":\"https:\\\/\\\/transportjournal.com\\\/pt-pt\\\/#\\\/schema\\\/person\\\/13a9fc605c753db60ef7750a229cd042\",\"name\":\"Gyan Sharan\",\"url\":\"https:\\\/\\\/transportjournal.com\\\/pt-pt\\\/author\\\/gyan\\\/\"}]}<\/script>\n<!-- \/ Yoast SEO plugin. -->","yoast_head_json":{"title":"Bifa nomeia representante regional para as Midlands - ITJ | International Transport Journal","robots":{"index":"index","follow":"follow","max-snippet":"max-snippet:-1","max-image-preview":"max-image-preview:large","max-video-preview":"max-video-preview:-1"},"canonical":"https:\/\/transportjournal.com\/pt-pt\/2026\/03\/09\/bifa-nomeia-representante-regional-para-as-midlands\/","og_locale":"pt_PT","og_type":"article","og_title":"Bifa nomeia representante regional para as Midlands - ITJ | International Transport Journal","og_description":"A British International Freight Association nomeou Steve Murray como representante regional para sua nova regi\u00e3o central, a fim de melhorar a comunica\u00e7\u00e3o com os membros.","og_url":"https:\/\/transportjournal.com\/pt-pt\/2026\/03\/09\/bifa-nomeia-representante-regional-para-as-midlands\/","og_site_name":"ITJ | International Transport Journal","article_published_time":"2026-03-09T12:56:45+00:00","og_image":[{"width":640,"height":360,"url":"https:\/\/transportjournal.com\/wp-content\/uploads\/sites\/2\/2026\/03\/Bifa-Murray.png","type":"image\/png"}],"author":"Gyan Sharan","twitter_card":"summary_large_image","twitter_misc":{"Escrito por":"Gyan Sharan","Tempo estimado de leitura":"1 minuto"},"schema":{"@context":"https:\/\/schema.org","@graph":[{"@type":"Article","@id":"https:\/\/transportjournal.com\/pt-pt\/2026\/03\/09\/bifa-nomeia-representante-regional-para-as-midlands\/#article","isPartOf":{"@id":"https:\/\/transportjournal.com\/pt-pt\/2026\/03\/09\/bifa-nomeia-representante-regional-para-as-midlands\/"},"author":{"name":"Gyan Sharan","@id":"https:\/\/transportjournal.com\/pt-pt\/#\/schema\/person\/13a9fc605c753db60ef7750a229cd042"},"headline":"Bifa nomeia representante regional para as Midlands","datePublished":"2026-03-09T12:56:45+00:00","mainEntityOfPage":{"@id":"https:\/\/transportjournal.com\/pt-pt\/2026\/03\/09\/bifa-nomeia-representante-regional-para-as-midlands\/"},"wordCount":175,"commentCount":0,"publisher":{"@id":"https:\/\/transportjournal.com\/pt-pt\/#organization"},"image":{"@id":"https:\/\/transportjournal.com\/pt-pt\/2026\/03\/09\/bifa-nomeia-representante-regional-para-as-midlands\/#primaryimage"},"thumbnailUrl":"https:\/\/transportjournal.com\/wp-content\/uploads\/sites\/2\/2026\/03\/Bifa-Murray.png","keywords":["adh\u00e9sion Bifa","au nord de Londres","Bifa central region","Bifa membership","Bifa regional representative","Birmingham Transport","comt\u00e9s des Midlands","Deutsch BIFA","d\u00e9veloppement r\u00e9gional logistique","DHL logistics","DHL Logistik","Digitalisierung Logistik","Fachkr\u00e4ftemangel Logistik","FedEx Logistics","freight forwarders Midlands","gestion de la cha\u00eene d'approvisionnement","Grafschaften Midlands English Bifa","industrie du transport","infrastructure logistique","Infrastruktur Logistik","labor shortage logistics","logistics digitalization","logistics infrastructure","logistics Midlands","logistics service providers","Logistik Midlands","Logistikdienstleister","logistique DHL","logistique FedEx","logistique Midlands","logistique Nottingham","Midlands counties Fran\u00e7ais Bifa","Mitgliedschaft Bifa","n\u00f6rdlich von London","north of London","Nottingham logistics","Nottingham Logistik","num\u00e9risation logistique","p\u00e9nurie de main-d'\u0153uvre logistique","Peterborough freight forwarders","Peterborough Spediteure","prestataires de services logistiques","r\u00e9gion centrale Bifa","regional development logistics","Regionalentwicklung Logistik","Regionalvertretung Bifa","repr\u00e9sentant r\u00e9gional Bifa","Spediteure Midlands","Steve Murray Bifa","Supply Chain Management","transitaires Midlands","transitaires Peterborough","transport Birmingham","transport industry","Transportwirtschaft","Zentralregion Bifa"],"articleSection":["Europa","Pessoas e empresas"],"inLanguage":"pt-PT","potentialAction":[{"@type":"CommentAction","name":"Comment","target":["https:\/\/transportjournal.com\/pt-pt\/2026\/03\/09\/bifa-nomeia-representante-regional-para-as-midlands\/#respond"]}]},{"@type":"WebPage","@id":"https:\/\/transportjournal.com\/pt-pt\/2026\/03\/09\/bifa-nomeia-representante-regional-para-as-midlands\/","url":"https:\/\/transportjournal.com\/pt-pt\/2026\/03\/09\/bifa-nomeia-representante-regional-para-as-midlands\/","name":"Bifa nomeia representante regional para as Midlands - ITJ | International Transport Journal","isPartOf":{"@id":"https:\/\/transportjournal.com\/pt-pt\/#website"},"primaryImageOfPage":{"@id":"https:\/\/transportjournal.com\/pt-pt\/2026\/03\/09\/bifa-nomeia-representante-regional-para-as-midlands\/#primaryimage"},"image":{"@id":"https:\/\/transportjournal.com\/pt-pt\/2026\/03\/09\/bifa-nomeia-representante-regional-para-as-midlands\/#primaryimage"},"thumbnailUrl":"https:\/\/transportjournal.com\/wp-content\/uploads\/sites\/2\/2026\/03\/Bifa-Murray.png","datePublished":"2026-03-09T12:56:45+00:00","breadcrumb":{"@id":"https:\/\/transportjournal.com\/pt-pt\/2026\/03\/09\/bifa-nomeia-representante-regional-para-as-midlands\/#breadcrumb"},"inLanguage":"pt-PT","potentialAction":[{"@type":"ReadAction","target":["https:\/\/transportjournal.com\/pt-pt\/2026\/03\/09\/bifa-nomeia-representante-regional-para-as-midlands\/"]}]},{"@type":"ImageObject","inLanguage":"pt-PT","@id":"https:\/\/transportjournal.com\/pt-pt\/2026\/03\/09\/bifa-nomeia-representante-regional-para-as-midlands\/#primaryimage","url":"https:\/\/transportjournal.com\/wp-content\/uploads\/sites\/2\/2026\/03\/Bifa-Murray.png","contentUrl":"https:\/\/transportjournal.com\/wp-content\/uploads\/sites\/2\/2026\/03\/Bifa-Murray.png","width":640,"height":360},{"@type":"BreadcrumbList","@id":"https:\/\/transportjournal.com\/pt-pt\/2026\/03\/09\/bifa-nomeia-representante-regional-para-as-midlands\/#breadcrumb","itemListElement":[{"@type":"ListItem","position":1,"name":"Startseite","item":"https:\/\/transportjournal.com\/pt-pt\/"},{"@type":"ListItem","position":2,"name":"Bifa nomeia representante regional para as Midlands"}]},{"@type":"WebSite","@id":"https:\/\/transportjournal.com\/pt-pt\/#website","url":"https:\/\/transportjournal.com\/pt-pt\/","name":"ITJ | International Transport Journal","description":"Stay informed with the latest global news from the transport, logistics, and supply chain industries. Transport Journal delivers expert insights, analysis, and updates across shipping, aviation, intermodal, and forwarding.","publisher":{"@id":"https:\/\/transportjournal.com\/pt-pt\/#organization"},"potentialAction":[{"@type":"SearchAction","target":{"@type":"EntryPoint","urlTemplate":"https:\/\/transportjournal.com\/pt-pt\/?s={search_term_string}"},"query-input":{"@type":"PropertyValueSpecification","valueRequired":true,"valueName":"search_term_string"}}],"inLanguage":"pt-PT"},{"@type":"Organization","@id":"https:\/\/transportjournal.com\/pt-pt\/#organization","name":"Logismedia Group AG","alternateName":"Logismedia Group AG","url":"https:\/\/transportjournal.com\/pt-pt\/","logo":{"@type":"ImageObject","inLanguage":"pt-PT","@id":"https:\/\/transportjournal.com\/pt-pt\/#\/schema\/logo\/image\/","url":"https:\/\/transportjournal.com\/wp-content\/uploads\/sites\/2\/2025\/09\/Logo_ITJ.png","contentUrl":"https:\/\/transportjournal.com\/wp-content\/uploads\/sites\/2\/2025\/09\/Logo_ITJ.png","width":799,"height":326,"caption":"Logismedia Group AG"},"image":{"@id":"https:\/\/transportjournal.com\/pt-pt\/#\/schema\/logo\/image\/"},"sameAs":["https:\/\/www.linkedin.com\/company\/56456496\/admin\/dashboard\/","https:\/\/www.instagram.com\/logismediagroup\/","https:\/\/www.youtube.com\/@LogiamediaGroupAG"]},{"@type":"Person","@id":"https:\/\/transportjournal.com\/pt-pt\/#\/schema\/person\/13a9fc605c753db60ef7750a229cd042","name":"Gyan Sharan","url":"https:\/\/transportjournal.com\/pt-pt\/author\/gyan\/"}]}},"_links":{"self":[{"href":"https:\/\/transportjournal.com\/pt-pt\/wp-json\/wp\/v2\/posts\/79998","targetHints":{"allow":["GET"]}}],"collection":[{"href":"https:\/\/transportjournal.com\/pt-pt\/wp-json\/wp\/v2\/posts"}],"about":[{"href":"https:\/\/transportjournal.com\/pt-pt\/wp-json\/wp\/v2\/types\/post"}],"author":[{"embeddable":true,"href":"https:\/\/transportjournal.com\/pt-pt\/wp-json\/wp\/v2\/users\/14"}],"replies":[{"embeddable":true,"href":"https:\/\/transportjournal.com\/pt-pt\/wp-json\/wp\/v2\/comments?post=79998"}],"version-history":[{"count":0,"href":"https:\/\/transportjournal.com\/pt-pt\/wp-json\/wp\/v2\/posts\/79998\/revisions"}],"wp:featuredmedia":[{"embeddable":true,"href":"https:\/\/transportjournal.com\/pt-pt\/wp-json\/wp\/v2\/media\/79993"}],"wp:attachment":[{"href":"https:\/\/transportjournal.com\/pt-pt\/wp-json\/wp\/v2\/media?parent=79998"}],"wp:term":[{"taxonomy":"category","embeddable":true,"href":"https:\/\/transportjournal.com\/pt-pt\/wp-json\/wp\/v2\/categories?post=79998"},{"taxonomy":"post_tag","embeddable":true,"href":"https:\/\/transportjournal.com\/pt-pt\/wp-json\/wp\/v2\/tags?post=79998"}],"curies":[{"name":"wp","href":"https:\/\/api.w.org\/{rel}","templated":true}]}}