{"id":79975,"date":"2026-03-09T11:41:31","date_gmt":"2026-03-09T11:41:31","guid":{"rendered":"https:\/\/transportjournal.com\/2026\/03\/09\/gebrueder-weiss-aumenta-ligeiramente-o-faturamento\/"},"modified":"2026-03-09T11:41:31","modified_gmt":"2026-03-09T11:41:31","slug":"gebrueder-weiss-aumenta-ligeiramente-o-faturamento","status":"publish","type":"post","link":"https:\/\/transportjournal.com\/pt-pt\/2026\/03\/09\/gebrueder-weiss-aumenta-ligeiramente-o-faturamento\/","title":{"rendered":"Gebr\u00fcder Weiss aumenta ligeiramente o faturamento"},"content":{"rendered":"<p>Gebr\u00fcder Weiss encerrou o ano fiscal de 2025 com uma receita l\u00edquida de 2,73 bilh\u00f5es de euros, o que representa um leve aumento em compara\u00e7\u00e3o ao ano anterior, quando a receita foi de 2,71 bilh\u00f5es de euros. Apesar das desafiadoras condi\u00e7\u00f5es econ\u00f4micas na Europa, a empresa conseguiu ganhar participa\u00e7\u00e3o de mercado e aumentar a produtividade, conforme comunicado recente.<\/p>\n<p>Wolfram Senger-Weiss, presidente da diretoria, enfatiza a resili\u00eancia da empresa: \u201e<span data-olk-copy-source=\"MessageBody\">As condi\u00e7\u00f5es econ\u00f4micas foram desafiadoras em 2025 \u2013 especialmente em nossos mercados centrais da Europa Central. O fato de termos crescido ligeiramente e, ao mesmo tempo, conseguido continuar investindo, demonstra a capacidade e a for\u00e7a financeira da nossa organiza\u00e7\u00e3o<\/span>.\u201d Ele acrescenta que a Europa continua sendo a espinha dorsal dos neg\u00f3cios, enquanto oportunidades em mercados de crescimento global s\u00e3o aproveitadas para desenvolver ainda mais a rede.<\/p>\n<h3>Base financeira est\u00e1vel e n\u00famero de funcion\u00e1rios<\/h3>\n<p>A propor\u00e7\u00e3o de capital pr\u00f3prio permaneceu est\u00e1vel, com mais de 60 por cento, segundo informa\u00e7\u00f5es da empresa. O n\u00famero de colaboradores permaneceu constante em cerca de 8.600. No setor de transporte terrestre na Europa, a Gebr\u00fcder Weiss alcan\u00e7ou uma receita de 1,55 bilh\u00f5es de euros, o que representa um leve aumento em compara\u00e7\u00e3o aos 1,52 bilh\u00f5es de euros em 2024. Enquanto a receita na Alemanha apresentou uma leve queda, a empresa conseguiu ganhar participa\u00e7\u00e3o de mercado nesse pa\u00eds. Tamb\u00e9m na Europa Oriental, a posi\u00e7\u00e3o foi ampliada, segundo a empresa de log\u00edstica. Isso teve um impacto positivo no neg\u00f3cio de entrega em domic\u00edlio, que registrou 1,36 milh\u00f5es de entregas, em compara\u00e7\u00e3o a 1,31 milh\u00f5es no ano anterior.<\/p>\n<h3>Desenvolvimento no transporte a\u00e9reo e mar\u00edtimo<\/h3>\n<p>No setor de Air &amp; Sea, as quantidades transportadas aumentaram, especialmente entre a \u00c1sia e a Europa, bem como no com\u00e9rcio asi\u00e1tico. No setor de frete a\u00e9reo, os volumes aumentaram principalmente no com\u00e9rcio eletr\u00f4nico entre a China e a Europa. No entanto, devido \u00e0 queda nas tarifas de frete, a receita nesse segmento foi de 913 milh\u00f5es de euros, ligeiramente abaixo do valor do ano anterior, que foi de 929 milh\u00f5es de euros, conforme informa a Gebr\u00fcder Weiss. Na log\u00edstica, a empresa tamb\u00e9m relata aumentos: na log\u00edstica contratual e na gest\u00e3o da cadeia de suprimentos, observa um aumento de sete por cento, totalizando 147 milh\u00f5es de euros.<\/p>\n<p><a href=\"https:\/\/www.gw-world.com\/\" target=\"_blank\" rel=\"noopener noreferrer\">www.gw-world.com<\/a><\/p>\n","protected":false},"excerpt":{"rendered":"<p>A empresa Gebr\u00fcder Weiss alcan\u00e7ou um faturamento l\u00edquido de 2,73 bilh\u00f5es de euros em 2025 e conseguiu ganhar participa\u00e7\u00e3o de mercado e investir, apesar das condi\u00e7\u00f5es dif\u00edceis na Europa.<\/p>\n","protected":false},"author":10,"featured_media":79970,"comment_status":"open","ping_status":"","sticky":false,"template":"","format":"standard","meta":{"_acf_changed":false,"footnotes":""},"categories":[1623,1617,1616],"tags":[2648,21947,10065,24914,3739,2211,2212,5090,5091,24443,21956,24915,24916,24917,24918,24444,2655,24919,22018,2123,21100,7673,2125,3745,2075,24920,24921,7680,2469,1831,3750,5108,1962,21108,22025,24922,24458,3756,3757,2481,2193,24923,5611,1916,5068,5071,2106,2242,3125,24924,2243,24925,24926,5621,21112,21980],"class_list":["post-79975","post","type-post","status-publish","format-standard","has-post-thumbnail","hentry","category-europa","category-expedicao-e-logistica","category-intermodal-rodoviario","tag-air-freight","tag-conditions-economiques","tag-croissance-du-chiffre-daffaires","tag-deutsch-gebrueder-weiss","tag-developpement-des-infrastructures","tag-digital-transformation","tag-digitale-transformation","tag-e-commerce-logistics","tag-e-commerce-logistik","tag-eastern-europe","tag-economic-conditions","tag-effectif","tag-eigenkapitalquote","tag-employee-count","tag-equity-ratio","tag-europe-de-lest","tag-fret-aerien","tag-gain-de-parts-de-marche","tag-gaining-market-share","tag-gestion-de-la-chaine-dapprovisionnement","tag-growth-markets","tag-home-delivery","tag-industrie-du-transport","tag-infrastructure-development","tag-infrastrukturentwicklung","tag-land-transport-europe","tag-landtransport-europa","tag-livraison-a-domicile","tag-logistics-service-provider","tag-logistikdienstleister","tag-logistique-de-colis","tag-logistique-e-commerce","tag-luftfracht","tag-marches-en-croissance","tag-marktanteile-gewinnen","tag-mitarbeiterzahl","tag-osteuropa","tag-paketlogistik","tag-parcel-logistics","tag-prestataire-logistique","tag-rail-freight-transport","tag-ratio-dequite","tag-revenue-growth","tag-schienengueterverkehr","tag-sea-transport","tag-seetransport","tag-supply-chain-management","tag-transformation-numerique","tag-transport-ferroviaire-de-marchandises","tag-transport-industry-francais-gebrueder-weiss","tag-transport-maritime","tag-transport-terrestre-europe","tag-transportwirtschaft-english-gebrueder-weiss","tag-umsatzsteigerung","tag-wachstumsmaerkte","tag-wirtschaftliche-rahmenbedingungen"],"acf":[],"yoast_head":"<!-- This site is optimized with the Yoast SEO plugin v27.3 - https:\/\/yoast.com\/product\/yoast-seo-wordpress\/ -->\n<title>Gebr\u00fcder Weiss aumenta ligeiramente o faturamento - ITJ | International Transport Journal<\/title>\n<meta name=\"robots\" content=\"index, follow, max-snippet:-1, max-image-preview:large, max-video-preview:-1\" \/>\n<link rel=\"canonical\" href=\"https:\/\/transportjournal.com\/pt-pt\/2026\/03\/09\/gebrueder-weiss-aumenta-ligeiramente-o-faturamento\/\" \/>\n<meta property=\"og:locale\" content=\"pt_PT\" \/>\n<meta property=\"og:type\" content=\"article\" \/>\n<meta property=\"og:title\" content=\"Gebr\u00fcder Weiss aumenta ligeiramente o faturamento - ITJ | International Transport Journal\" \/>\n<meta property=\"og:description\" content=\"A empresa Gebr\u00fcder Weiss alcan\u00e7ou um faturamento l\u00edquido de 2,73 bilh\u00f5es de euros em 2025 e conseguiu ganhar participa\u00e7\u00e3o de mercado e investir, apesar das condi\u00e7\u00f5es dif\u00edceis na Europa.\" \/>\n<meta property=\"og:url\" content=\"https:\/\/transportjournal.com\/pt-pt\/2026\/03\/09\/gebrueder-weiss-aumenta-ligeiramente-o-faturamento\/\" \/>\n<meta property=\"og:site_name\" content=\"ITJ | International Transport Journal\" \/>\n<meta property=\"article:published_time\" content=\"2026-03-09T11:41:31+00:00\" \/>\n<meta property=\"og:image\" content=\"https:\/\/transportjournal.com\/wp-content\/uploads\/sites\/2\/2026\/03\/6_e-mobility-scaled-aspect-ratio-1400-788-scaled-1.jpeg\" \/>\n\t<meta property=\"og:image:width\" content=\"2560\" \/>\n\t<meta property=\"og:image:height\" content=\"1441\" \/>\n\t<meta property=\"og:image:type\" content=\"image\/jpeg\" \/>\n<meta name=\"author\" content=\"Jeremy Soland\" \/>\n<meta name=\"twitter:card\" content=\"summary_large_image\" \/>\n<meta name=\"twitter:label1\" content=\"Escrito por\" \/>\n\t<meta name=\"twitter:data1\" content=\"Jeremy Soland\" \/>\n\t<meta name=\"twitter:label2\" content=\"Tempo estimado de leitura\" \/>\n\t<meta name=\"twitter:data2\" content=\"2 minutos\" \/>\n<script type=\"application\/ld+json\" class=\"yoast-schema-graph\">{\"@context\":\"https:\\\/\\\/schema.org\",\"@graph\":[{\"@type\":\"Article\",\"@id\":\"https:\\\/\\\/transportjournal.com\\\/pt-pt\\\/2026\\\/03\\\/09\\\/gebrueder-weiss-aumenta-ligeiramente-o-faturamento\\\/#article\",\"isPartOf\":{\"@id\":\"https:\\\/\\\/transportjournal.com\\\/pt-pt\\\/2026\\\/03\\\/09\\\/gebrueder-weiss-aumenta-ligeiramente-o-faturamento\\\/\"},\"author\":{\"name\":\"Jeremy Soland\",\"@id\":\"https:\\\/\\\/transportjournal.com\\\/pt-pt\\\/#\\\/schema\\\/person\\\/41d36b5474b623392fa613e97e2363fa\"},\"headline\":\"Gebr\u00fcder Weiss aumenta ligeiramente o faturamento\",\"datePublished\":\"2026-03-09T11:41:31+00:00\",\"mainEntityOfPage\":{\"@id\":\"https:\\\/\\\/transportjournal.com\\\/pt-pt\\\/2026\\\/03\\\/09\\\/gebrueder-weiss-aumenta-ligeiramente-o-faturamento\\\/\"},\"wordCount\":417,\"commentCount\":0,\"publisher\":{\"@id\":\"https:\\\/\\\/transportjournal.com\\\/pt-pt\\\/#organization\"},\"image\":{\"@id\":\"https:\\\/\\\/transportjournal.com\\\/pt-pt\\\/2026\\\/03\\\/09\\\/gebrueder-weiss-aumenta-ligeiramente-o-faturamento\\\/#primaryimage\"},\"thumbnailUrl\":\"https:\\\/\\\/transportjournal.com\\\/wp-content\\\/uploads\\\/sites\\\/2\\\/2026\\\/03\\\/6_e-mobility-scaled-aspect-ratio-1400-788-scaled-1.jpeg\",\"keywords\":[\"air freight\",\"conditions \u00e9conomiques\",\"croissance du chiffre d'affaires\",\"Deutsch Gebr\u00fcder Weiss\",\"d\u00e9veloppement des infrastructures\",\"digital transformation\",\"digitale Transformation\",\"e-commerce logistics\",\"E-Commerce Logistik\",\"Eastern Europe\",\"economic conditions\",\"effectif\",\"Eigenkapitalquote\",\"employee count\",\"equity ratio\",\"Europe de l'Est\",\"fret a\u00e9rien\",\"gain de parts de march\u00e9\",\"gaining market share\",\"gestion de la cha\u00eene d'approvisionnement\",\"growth markets\",\"Home Delivery\",\"industrie du transport\",\"infrastructure development\",\"Infrastrukturentwicklung\",\"land transport Europe\",\"Landtransport Europa\",\"livraison \u00e0 domicile\",\"logistics service provider\",\"Logistikdienstleister\",\"logistique de colis\",\"logistique e-commerce\",\"Luftfracht\",\"march\u00e9s en croissance\",\"Marktanteile gewinnen\",\"Mitarbeiterzahl\",\"Osteuropa\",\"Paketlogistik\",\"parcel logistics\",\"prestataire logistique\",\"rail freight transport\",\"ratio d'\u00e9quit\u00e9\",\"revenue growth\",\"Schieneng\u00fcterverkehr\",\"sea transport\",\"Seetransport\",\"Supply Chain Management\",\"transformation num\u00e9rique\",\"transport ferroviaire de marchandises\",\"transport industry Fran\u00e7ais Gebr\u00fcder Weiss\",\"transport maritime\",\"transport terrestre Europe\",\"Transportwirtschaft English Gebr\u00fcder Weiss\",\"Umsatzsteigerung\",\"Wachstumsm\u00e4rkte\",\"wirtschaftliche Rahmenbedingungen\"],\"articleSection\":[\"Europa\",\"Expedi\u00e7\u00e3o de Mercadorias e Log\u00edstica\",\"Intermodal \\\/ Rodovi\u00e1rio\"],\"inLanguage\":\"pt-PT\",\"potentialAction\":[{\"@type\":\"CommentAction\",\"name\":\"Comment\",\"target\":[\"https:\\\/\\\/transportjournal.com\\\/pt-pt\\\/2026\\\/03\\\/09\\\/gebrueder-weiss-aumenta-ligeiramente-o-faturamento\\\/#respond\"]}]},{\"@type\":\"WebPage\",\"@id\":\"https:\\\/\\\/transportjournal.com\\\/pt-pt\\\/2026\\\/03\\\/09\\\/gebrueder-weiss-aumenta-ligeiramente-o-faturamento\\\/\",\"url\":\"https:\\\/\\\/transportjournal.com\\\/pt-pt\\\/2026\\\/03\\\/09\\\/gebrueder-weiss-aumenta-ligeiramente-o-faturamento\\\/\",\"name\":\"Gebr\u00fcder Weiss aumenta ligeiramente o faturamento - ITJ | International Transport Journal\",\"isPartOf\":{\"@id\":\"https:\\\/\\\/transportjournal.com\\\/pt-pt\\\/#website\"},\"primaryImageOfPage\":{\"@id\":\"https:\\\/\\\/transportjournal.com\\\/pt-pt\\\/2026\\\/03\\\/09\\\/gebrueder-weiss-aumenta-ligeiramente-o-faturamento\\\/#primaryimage\"},\"image\":{\"@id\":\"https:\\\/\\\/transportjournal.com\\\/pt-pt\\\/2026\\\/03\\\/09\\\/gebrueder-weiss-aumenta-ligeiramente-o-faturamento\\\/#primaryimage\"},\"thumbnailUrl\":\"https:\\\/\\\/transportjournal.com\\\/wp-content\\\/uploads\\\/sites\\\/2\\\/2026\\\/03\\\/6_e-mobility-scaled-aspect-ratio-1400-788-scaled-1.jpeg\",\"datePublished\":\"2026-03-09T11:41:31+00:00\",\"breadcrumb\":{\"@id\":\"https:\\\/\\\/transportjournal.com\\\/pt-pt\\\/2026\\\/03\\\/09\\\/gebrueder-weiss-aumenta-ligeiramente-o-faturamento\\\/#breadcrumb\"},\"inLanguage\":\"pt-PT\",\"potentialAction\":[{\"@type\":\"ReadAction\",\"target\":[\"https:\\\/\\\/transportjournal.com\\\/pt-pt\\\/2026\\\/03\\\/09\\\/gebrueder-weiss-aumenta-ligeiramente-o-faturamento\\\/\"]}]},{\"@type\":\"ImageObject\",\"inLanguage\":\"pt-PT\",\"@id\":\"https:\\\/\\\/transportjournal.com\\\/pt-pt\\\/2026\\\/03\\\/09\\\/gebrueder-weiss-aumenta-ligeiramente-o-faturamento\\\/#primaryimage\",\"url\":\"https:\\\/\\\/transportjournal.com\\\/wp-content\\\/uploads\\\/sites\\\/2\\\/2026\\\/03\\\/6_e-mobility-scaled-aspect-ratio-1400-788-scaled-1.jpeg\",\"contentUrl\":\"https:\\\/\\\/transportjournal.com\\\/wp-content\\\/uploads\\\/sites\\\/2\\\/2026\\\/03\\\/6_e-mobility-scaled-aspect-ratio-1400-788-scaled-1.jpeg\",\"width\":2560,\"height\":1441},{\"@type\":\"BreadcrumbList\",\"@id\":\"https:\\\/\\\/transportjournal.com\\\/pt-pt\\\/2026\\\/03\\\/09\\\/gebrueder-weiss-aumenta-ligeiramente-o-faturamento\\\/#breadcrumb\",\"itemListElement\":[{\"@type\":\"ListItem\",\"position\":1,\"name\":\"Startseite\",\"item\":\"https:\\\/\\\/transportjournal.com\\\/pt-pt\\\/\"},{\"@type\":\"ListItem\",\"position\":2,\"name\":\"Gebr\u00fcder Weiss aumenta ligeiramente o faturamento\"}]},{\"@type\":\"WebSite\",\"@id\":\"https:\\\/\\\/transportjournal.com\\\/pt-pt\\\/#website\",\"url\":\"https:\\\/\\\/transportjournal.com\\\/pt-pt\\\/\",\"name\":\"ITJ | International Transport Journal\",\"description\":\"Stay informed with the latest global news from the transport, logistics, and supply chain industries. Transport Journal delivers expert insights, analysis, and updates across shipping, aviation, intermodal, and forwarding.\",\"publisher\":{\"@id\":\"https:\\\/\\\/transportjournal.com\\\/pt-pt\\\/#organization\"},\"potentialAction\":[{\"@type\":\"SearchAction\",\"target\":{\"@type\":\"EntryPoint\",\"urlTemplate\":\"https:\\\/\\\/transportjournal.com\\\/pt-pt\\\/?s={search_term_string}\"},\"query-input\":{\"@type\":\"PropertyValueSpecification\",\"valueRequired\":true,\"valueName\":\"search_term_string\"}}],\"inLanguage\":\"pt-PT\"},{\"@type\":\"Organization\",\"@id\":\"https:\\\/\\\/transportjournal.com\\\/pt-pt\\\/#organization\",\"name\":\"Logismedia Group AG\",\"alternateName\":\"Logismedia Group AG\",\"url\":\"https:\\\/\\\/transportjournal.com\\\/pt-pt\\\/\",\"logo\":{\"@type\":\"ImageObject\",\"inLanguage\":\"pt-PT\",\"@id\":\"https:\\\/\\\/transportjournal.com\\\/pt-pt\\\/#\\\/schema\\\/logo\\\/image\\\/\",\"url\":\"https:\\\/\\\/transportjournal.com\\\/wp-content\\\/uploads\\\/sites\\\/2\\\/2025\\\/09\\\/Logo_ITJ.png\",\"contentUrl\":\"https:\\\/\\\/transportjournal.com\\\/wp-content\\\/uploads\\\/sites\\\/2\\\/2025\\\/09\\\/Logo_ITJ.png\",\"width\":799,\"height\":326,\"caption\":\"Logismedia Group AG\"},\"image\":{\"@id\":\"https:\\\/\\\/transportjournal.com\\\/pt-pt\\\/#\\\/schema\\\/logo\\\/image\\\/\"},\"sameAs\":[\"https:\\\/\\\/www.linkedin.com\\\/company\\\/56456496\\\/admin\\\/dashboard\\\/\",\"https:\\\/\\\/www.instagram.com\\\/logismediagroup\\\/\",\"https:\\\/\\\/www.youtube.com\\\/@LogiamediaGroupAG\"]},{\"@type\":\"Person\",\"@id\":\"https:\\\/\\\/transportjournal.com\\\/pt-pt\\\/#\\\/schema\\\/person\\\/41d36b5474b623392fa613e97e2363fa\",\"name\":\"Jeremy Soland\",\"url\":\"https:\\\/\\\/transportjournal.com\\\/pt-pt\\\/author\\\/jeremy\\\/\"}]}<\/script>\n<!-- \/ Yoast SEO plugin. -->","yoast_head_json":{"title":"Gebr\u00fcder Weiss aumenta ligeiramente o faturamento - ITJ | International Transport Journal","robots":{"index":"index","follow":"follow","max-snippet":"max-snippet:-1","max-image-preview":"max-image-preview:large","max-video-preview":"max-video-preview:-1"},"canonical":"https:\/\/transportjournal.com\/pt-pt\/2026\/03\/09\/gebrueder-weiss-aumenta-ligeiramente-o-faturamento\/","og_locale":"pt_PT","og_type":"article","og_title":"Gebr\u00fcder Weiss aumenta ligeiramente o faturamento - ITJ | International Transport Journal","og_description":"A empresa Gebr\u00fcder Weiss alcan\u00e7ou um faturamento l\u00edquido de 2,73 bilh\u00f5es de euros em 2025 e conseguiu ganhar participa\u00e7\u00e3o de mercado e investir, apesar das condi\u00e7\u00f5es dif\u00edceis na Europa.","og_url":"https:\/\/transportjournal.com\/pt-pt\/2026\/03\/09\/gebrueder-weiss-aumenta-ligeiramente-o-faturamento\/","og_site_name":"ITJ | International Transport Journal","article_published_time":"2026-03-09T11:41:31+00:00","og_image":[{"width":2560,"height":1441,"url":"https:\/\/transportjournal.com\/wp-content\/uploads\/sites\/2\/2026\/03\/6_e-mobility-scaled-aspect-ratio-1400-788-scaled-1.jpeg","type":"image\/jpeg"}],"author":"Jeremy Soland","twitter_card":"summary_large_image","twitter_misc":{"Escrito por":"Jeremy Soland","Tempo estimado de leitura":"2 minutos"},"schema":{"@context":"https:\/\/schema.org","@graph":[{"@type":"Article","@id":"https:\/\/transportjournal.com\/pt-pt\/2026\/03\/09\/gebrueder-weiss-aumenta-ligeiramente-o-faturamento\/#article","isPartOf":{"@id":"https:\/\/transportjournal.com\/pt-pt\/2026\/03\/09\/gebrueder-weiss-aumenta-ligeiramente-o-faturamento\/"},"author":{"name":"Jeremy Soland","@id":"https:\/\/transportjournal.com\/pt-pt\/#\/schema\/person\/41d36b5474b623392fa613e97e2363fa"},"headline":"Gebr\u00fcder Weiss aumenta ligeiramente o faturamento","datePublished":"2026-03-09T11:41:31+00:00","mainEntityOfPage":{"@id":"https:\/\/transportjournal.com\/pt-pt\/2026\/03\/09\/gebrueder-weiss-aumenta-ligeiramente-o-faturamento\/"},"wordCount":417,"commentCount":0,"publisher":{"@id":"https:\/\/transportjournal.com\/pt-pt\/#organization"},"image":{"@id":"https:\/\/transportjournal.com\/pt-pt\/2026\/03\/09\/gebrueder-weiss-aumenta-ligeiramente-o-faturamento\/#primaryimage"},"thumbnailUrl":"https:\/\/transportjournal.com\/wp-content\/uploads\/sites\/2\/2026\/03\/6_e-mobility-scaled-aspect-ratio-1400-788-scaled-1.jpeg","keywords":["air freight","conditions \u00e9conomiques","croissance du chiffre d'affaires","Deutsch Gebr\u00fcder Weiss","d\u00e9veloppement des infrastructures","digital transformation","digitale Transformation","e-commerce logistics","E-Commerce Logistik","Eastern Europe","economic conditions","effectif","Eigenkapitalquote","employee count","equity ratio","Europe de l'Est","fret a\u00e9rien","gain de parts de march\u00e9","gaining market share","gestion de la cha\u00eene d'approvisionnement","growth markets","Home Delivery","industrie du transport","infrastructure development","Infrastrukturentwicklung","land transport Europe","Landtransport Europa","livraison \u00e0 domicile","logistics service provider","Logistikdienstleister","logistique de colis","logistique e-commerce","Luftfracht","march\u00e9s en croissance","Marktanteile gewinnen","Mitarbeiterzahl","Osteuropa","Paketlogistik","parcel logistics","prestataire logistique","rail freight transport","ratio d'\u00e9quit\u00e9","revenue growth","Schieneng\u00fcterverkehr","sea transport","Seetransport","Supply Chain Management","transformation num\u00e9rique","transport ferroviaire de marchandises","transport industry Fran\u00e7ais Gebr\u00fcder Weiss","transport maritime","transport terrestre Europe","Transportwirtschaft English Gebr\u00fcder Weiss","Umsatzsteigerung","Wachstumsm\u00e4rkte","wirtschaftliche Rahmenbedingungen"],"articleSection":["Europa","Expedi\u00e7\u00e3o de Mercadorias e Log\u00edstica","Intermodal \/ Rodovi\u00e1rio"],"inLanguage":"pt-PT","potentialAction":[{"@type":"CommentAction","name":"Comment","target":["https:\/\/transportjournal.com\/pt-pt\/2026\/03\/09\/gebrueder-weiss-aumenta-ligeiramente-o-faturamento\/#respond"]}]},{"@type":"WebPage","@id":"https:\/\/transportjournal.com\/pt-pt\/2026\/03\/09\/gebrueder-weiss-aumenta-ligeiramente-o-faturamento\/","url":"https:\/\/transportjournal.com\/pt-pt\/2026\/03\/09\/gebrueder-weiss-aumenta-ligeiramente-o-faturamento\/","name":"Gebr\u00fcder Weiss aumenta ligeiramente o faturamento - ITJ | International Transport Journal","isPartOf":{"@id":"https:\/\/transportjournal.com\/pt-pt\/#website"},"primaryImageOfPage":{"@id":"https:\/\/transportjournal.com\/pt-pt\/2026\/03\/09\/gebrueder-weiss-aumenta-ligeiramente-o-faturamento\/#primaryimage"},"image":{"@id":"https:\/\/transportjournal.com\/pt-pt\/2026\/03\/09\/gebrueder-weiss-aumenta-ligeiramente-o-faturamento\/#primaryimage"},"thumbnailUrl":"https:\/\/transportjournal.com\/wp-content\/uploads\/sites\/2\/2026\/03\/6_e-mobility-scaled-aspect-ratio-1400-788-scaled-1.jpeg","datePublished":"2026-03-09T11:41:31+00:00","breadcrumb":{"@id":"https:\/\/transportjournal.com\/pt-pt\/2026\/03\/09\/gebrueder-weiss-aumenta-ligeiramente-o-faturamento\/#breadcrumb"},"inLanguage":"pt-PT","potentialAction":[{"@type":"ReadAction","target":["https:\/\/transportjournal.com\/pt-pt\/2026\/03\/09\/gebrueder-weiss-aumenta-ligeiramente-o-faturamento\/"]}]},{"@type":"ImageObject","inLanguage":"pt-PT","@id":"https:\/\/transportjournal.com\/pt-pt\/2026\/03\/09\/gebrueder-weiss-aumenta-ligeiramente-o-faturamento\/#primaryimage","url":"https:\/\/transportjournal.com\/wp-content\/uploads\/sites\/2\/2026\/03\/6_e-mobility-scaled-aspect-ratio-1400-788-scaled-1.jpeg","contentUrl":"https:\/\/transportjournal.com\/wp-content\/uploads\/sites\/2\/2026\/03\/6_e-mobility-scaled-aspect-ratio-1400-788-scaled-1.jpeg","width":2560,"height":1441},{"@type":"BreadcrumbList","@id":"https:\/\/transportjournal.com\/pt-pt\/2026\/03\/09\/gebrueder-weiss-aumenta-ligeiramente-o-faturamento\/#breadcrumb","itemListElement":[{"@type":"ListItem","position":1,"name":"Startseite","item":"https:\/\/transportjournal.com\/pt-pt\/"},{"@type":"ListItem","position":2,"name":"Gebr\u00fcder Weiss aumenta ligeiramente o faturamento"}]},{"@type":"WebSite","@id":"https:\/\/transportjournal.com\/pt-pt\/#website","url":"https:\/\/transportjournal.com\/pt-pt\/","name":"ITJ | International Transport Journal","description":"Stay informed with the latest global news from the transport, logistics, and supply chain industries. Transport Journal delivers expert insights, analysis, and updates across shipping, aviation, intermodal, and forwarding.","publisher":{"@id":"https:\/\/transportjournal.com\/pt-pt\/#organization"},"potentialAction":[{"@type":"SearchAction","target":{"@type":"EntryPoint","urlTemplate":"https:\/\/transportjournal.com\/pt-pt\/?s={search_term_string}"},"query-input":{"@type":"PropertyValueSpecification","valueRequired":true,"valueName":"search_term_string"}}],"inLanguage":"pt-PT"},{"@type":"Organization","@id":"https:\/\/transportjournal.com\/pt-pt\/#organization","name":"Logismedia Group AG","alternateName":"Logismedia Group AG","url":"https:\/\/transportjournal.com\/pt-pt\/","logo":{"@type":"ImageObject","inLanguage":"pt-PT","@id":"https:\/\/transportjournal.com\/pt-pt\/#\/schema\/logo\/image\/","url":"https:\/\/transportjournal.com\/wp-content\/uploads\/sites\/2\/2025\/09\/Logo_ITJ.png","contentUrl":"https:\/\/transportjournal.com\/wp-content\/uploads\/sites\/2\/2025\/09\/Logo_ITJ.png","width":799,"height":326,"caption":"Logismedia Group AG"},"image":{"@id":"https:\/\/transportjournal.com\/pt-pt\/#\/schema\/logo\/image\/"},"sameAs":["https:\/\/www.linkedin.com\/company\/56456496\/admin\/dashboard\/","https:\/\/www.instagram.com\/logismediagroup\/","https:\/\/www.youtube.com\/@LogiamediaGroupAG"]},{"@type":"Person","@id":"https:\/\/transportjournal.com\/pt-pt\/#\/schema\/person\/41d36b5474b623392fa613e97e2363fa","name":"Jeremy Soland","url":"https:\/\/transportjournal.com\/pt-pt\/author\/jeremy\/"}]}},"_links":{"self":[{"href":"https:\/\/transportjournal.com\/pt-pt\/wp-json\/wp\/v2\/posts\/79975","targetHints":{"allow":["GET"]}}],"collection":[{"href":"https:\/\/transportjournal.com\/pt-pt\/wp-json\/wp\/v2\/posts"}],"about":[{"href":"https:\/\/transportjournal.com\/pt-pt\/wp-json\/wp\/v2\/types\/post"}],"author":[{"embeddable":true,"href":"https:\/\/transportjournal.com\/pt-pt\/wp-json\/wp\/v2\/users\/10"}],"replies":[{"embeddable":true,"href":"https:\/\/transportjournal.com\/pt-pt\/wp-json\/wp\/v2\/comments?post=79975"}],"version-history":[{"count":0,"href":"https:\/\/transportjournal.com\/pt-pt\/wp-json\/wp\/v2\/posts\/79975\/revisions"}],"wp:featuredmedia":[{"embeddable":true,"href":"https:\/\/transportjournal.com\/pt-pt\/wp-json\/wp\/v2\/media\/79970"}],"wp:attachment":[{"href":"https:\/\/transportjournal.com\/pt-pt\/wp-json\/wp\/v2\/media?parent=79975"}],"wp:term":[{"taxonomy":"category","embeddable":true,"href":"https:\/\/transportjournal.com\/pt-pt\/wp-json\/wp\/v2\/categories?post=79975"},{"taxonomy":"post_tag","embeddable":true,"href":"https:\/\/transportjournal.com\/pt-pt\/wp-json\/wp\/v2\/tags?post=79975"}],"curies":[{"name":"wp","href":"https:\/\/api.w.org\/{rel}","templated":true}]}}