{"id":75050,"date":"2026-01-29T10:00:12","date_gmt":"2026-01-29T10:00:12","guid":{"rendered":"https:\/\/transportjournal.com\/2026\/01\/29\/ulla-eithz-nielsen-nova-vice-coo\/"},"modified":"2026-01-29T10:00:12","modified_gmt":"2026-01-29T10:00:12","slug":"ulla-eithz-nielsen-nova-vice-coo","status":"publish","type":"post","link":"https:\/\/transportjournal.com\/pt-pt\/2026\/01\/29\/ulla-eithz-nielsen-nova-vice-coo\/","title":{"rendered":"Ulla Eithz Nielsen nova vice-COO"},"content":{"rendered":"<p>Columbia Group nomeou Ulla Eithz Nielsen como Chief Operating Officer (COO) adjunta. Esta nova posi\u00e7\u00e3o visa fortalecer a lideran\u00e7a da empresa enquanto o grupo desenvolve sua plataforma global integrada de servi\u00e7os mar\u00edtimos.<\/p>\n<p>Eithz Nielsen traz mais de seis anos de experi\u00eancia em cargos de lideran\u00e7a na V.Group, onde ocupou diversas fun\u00e7\u00f5es operacionais e executivas, incluindo a posi\u00e7\u00e3o de diretora executiva. Sua carreira come\u00e7ou no mar, antes de se transferir para a A.P. Moller \u2013 Maersk. Em seguida, trabalhou por uma d\u00e9cada na NORDEN, onde foi respons\u00e1vel pela otimiza\u00e7\u00e3o de processos, aplica\u00e7\u00f5es comerciais e Business Intelligence. Essas experi\u00eancias moldaram seu papel posterior na V.Group, onde esteve fortemente envolvida no desenvolvimento e implementa\u00e7\u00e3o de modelos operacionais em toda a empresa.<\/p>\n<p>Em sua nova fun\u00e7\u00e3o, Eithz Nielsen trabalhar\u00e1 em estreita colabora\u00e7\u00e3o com a equipe de lideran\u00e7a da Columbia para apoiar a orienta\u00e7\u00e3o operacional, a efici\u00eancia organizacional e o desenvolvimento de longo prazo das atividades nas \u00e1reas de gest\u00e3o de navios e servi\u00e7os mar\u00edtimos relacionados.<\/p>\n<p>Leonid Zalenski, COO da Columbia Group, comentou sobre Eithz Nielsen: \u201cEla possui uma mentalidade operacional distinta e uma compreens\u00e3o profunda de como as organiza\u00e7\u00f5es mar\u00edtimas devem ser estruturadas para operar de forma consistente em grande escala. Sua experi\u00eancia apoiar\u00e1 nosso foco em clareza, responsabilidade e implementa\u00e7\u00e3o eficaz dentro do grupo.\u201d<\/p>\n<p>Eithz Nielsen destacou: \u201cEstou ansiosa para trabalhar em estreita colabora\u00e7\u00e3o com a equipe da Columbia enquanto o grupo continua a investir em sua plataforma operacional e capacidades digitais. Fui recebida de forma muito calorosa e estou desfrutando da colabora\u00e7\u00e3o com Leonid e a equipe de lideran\u00e7a.\u201d<\/p>\n<p>\u201cA digitaliza\u00e7\u00e3o \u00e9 uma preocupa\u00e7\u00e3o central para mim, pois, quando utilizada corretamente, pode simplificar a forma de trabalhar, apoiar melhores decis\u00f5es e permitir que as equipes dediquem mais tempo ao que realmente importa. A Columbia j\u00e1 possui uma base s\u00f3lida nesta \u00e1rea, e h\u00e1 um claro potencial para construir sobre isso \u00e0 medida que o neg\u00f3cio evolui. Pessoalmente, a mudan\u00e7a para Chipre foi uma transi\u00e7\u00e3o tranquila, e o sol foi, sem d\u00favida, um b\u00f4nus bem-vindo.\u201d<\/p>\n<p>&nbsp;<\/p>\n<p><a href=\"https:\/\/columbiagroup.org\/\" target=\"_blank\" rel=\"noopener noreferrer\">www.columbiagroup.org<\/a><\/p>\n<p>&nbsp;<\/p>\n","protected":false},"excerpt":{"rendered":"<p>Columbia Group nomeou Ulla Eithz Nielsen como vice-COO para promover a efici\u00eancia operacional e o desenvolvimento no setor de servi\u00e7os mar\u00edtimos.<\/p>\n","protected":false},"author":12,"featured_media":75045,"comment_status":"open","ping_status":"open","sticky":false,"template":"","format":"standard","meta":{"_acf_changed":false,"footnotes":""},"categories":[1623,1619,1615],"tags":[4017,7832,10903,10904,10905,2548,10906,6645,2211,2212,2115,4232,2700,2123,5901,10907,10908,2562,2909,6478,3872,2622,6384,10909,10910,6385,1800,10911,3379,4257,2925,5738,5739,10912,2720,10913,2929,5741,5742,5908,6399,5909,2106,2641,2242,10914,2157,10915,10916],"class_list":["post-75050","post","type-post","status-publish","format-standard","has-post-thumbnail","hentry","category-europa","category-navegacao-e-portos","category-pessoas-e-empresas","tag-a-p-moller-maersk","tag-chypre","tag-coo-adjointe","tag-coo-deputy","tag-coo-stellvertreterin","tag-corporate-governance","tag-cyprus-francais-columbia-group","tag-deutsch-columbia-group","tag-digital-transformation","tag-digitale-transformation","tag-digitalisierung-in-der-logistik","tag-efficacite-operationnelle","tag-fachkraeftemangel-in-der-logistik","tag-gestion-de-la-chaine-dapprovisionnement","tag-gestion-des-navires","tag-global-service-platform","tag-globale-plattform-fuer-dienstleistungen","tag-gouvernance-dentreprise","tag-hafenbetrieb","tag-labor-shortage-in-logistics","tag-logistics-digitalization","tag-logistique-durable","tag-maritime-dienstleistungen","tag-maritime-organisationen","tag-maritime-organizations","tag-maritime-services","tag-nachhaltige-logistik","tag-norden","tag-numerisation-logistique","tag-operational-efficiency","tag-operations-portuaires","tag-operative-effizienz","tag-optimisation-des-processus","tag-organisations-maritimes","tag-penurie-de-main-doeuvre-dans-la-logistique","tag-plateforme-de-services-mondiale","tag-port-operations","tag-process-optimization","tag-prozessoptimierung","tag-schiffsmanagement","tag-services-maritimes","tag-ship-management","tag-supply-chain-management","tag-sustainable-logistics","tag-transformation-numerique","tag-ulla-eithz-nielsen","tag-unternehmensfuehrung","tag-v-group","tag-zypern-english-columbia-group"],"acf":[],"yoast_head":"<!-- This site is optimized with the Yoast SEO plugin v27.3 - https:\/\/yoast.com\/product\/yoast-seo-wordpress\/ -->\n<title>Ulla Eithz Nielsen nova vice-COO - ITJ | International Transport Journal<\/title>\n<meta name=\"robots\" content=\"index, follow, max-snippet:-1, max-image-preview:large, max-video-preview:-1\" \/>\n<link rel=\"canonical\" href=\"https:\/\/transportjournal.com\/pt-pt\/2026\/01\/29\/ulla-eithz-nielsen-nova-vice-coo\/\" \/>\n<meta property=\"og:locale\" content=\"pt_PT\" \/>\n<meta property=\"og:type\" content=\"article\" \/>\n<meta property=\"og:title\" content=\"Ulla Eithz Nielsen nova vice-COO - ITJ | International Transport Journal\" \/>\n<meta property=\"og:description\" content=\"Columbia Group nomeou Ulla Eithz Nielsen como vice-COO para promover a efici\u00eancia operacional e o desenvolvimento no setor de servi\u00e7os mar\u00edtimos.\" \/>\n<meta property=\"og:url\" content=\"https:\/\/transportjournal.com\/pt-pt\/2026\/01\/29\/ulla-eithz-nielsen-nova-vice-coo\/\" \/>\n<meta property=\"og:site_name\" content=\"ITJ | International Transport Journal\" \/>\n<meta property=\"article:published_time\" content=\"2026-01-29T10:00:12+00:00\" \/>\n<meta property=\"og:image\" content=\"https:\/\/transportjournal.com\/wp-content\/uploads\/sites\/2\/2026\/01\/55049651223_0112184909_o-aspect-ratio-1400-788.jpg\" \/>\n\t<meta property=\"og:image:width\" content=\"800\" \/>\n\t<meta property=\"og:image:height\" content=\"450\" \/>\n\t<meta property=\"og:image:type\" content=\"image\/jpeg\" \/>\n<meta name=\"author\" content=\"Andreas Haug\" \/>\n<meta name=\"twitter:card\" content=\"summary_large_image\" \/>\n<meta name=\"twitter:label1\" content=\"Escrito por\" \/>\n\t<meta name=\"twitter:data1\" content=\"Andreas Haug\" \/>\n\t<meta name=\"twitter:label2\" content=\"Tempo estimado de leitura\" \/>\n\t<meta name=\"twitter:data2\" content=\"2 minutos\" \/>\n<script type=\"application\/ld+json\" class=\"yoast-schema-graph\">{\"@context\":\"https:\\\/\\\/schema.org\",\"@graph\":[{\"@type\":\"Article\",\"@id\":\"https:\\\/\\\/transportjournal.com\\\/pt-pt\\\/2026\\\/01\\\/29\\\/ulla-eithz-nielsen-nova-vice-coo\\\/#article\",\"isPartOf\":{\"@id\":\"https:\\\/\\\/transportjournal.com\\\/pt-pt\\\/2026\\\/01\\\/29\\\/ulla-eithz-nielsen-nova-vice-coo\\\/\"},\"author\":{\"name\":\"Andreas Haug\",\"@id\":\"https:\\\/\\\/transportjournal.com\\\/pt-pt\\\/#\\\/schema\\\/person\\\/cf538b3157f15afd7589245a4b3dbd25\"},\"headline\":\"Ulla Eithz Nielsen nova vice-COO\",\"datePublished\":\"2026-01-29T10:00:12+00:00\",\"mainEntityOfPage\":{\"@id\":\"https:\\\/\\\/transportjournal.com\\\/pt-pt\\\/2026\\\/01\\\/29\\\/ulla-eithz-nielsen-nova-vice-coo\\\/\"},\"wordCount\":382,\"commentCount\":0,\"publisher\":{\"@id\":\"https:\\\/\\\/transportjournal.com\\\/pt-pt\\\/#organization\"},\"image\":{\"@id\":\"https:\\\/\\\/transportjournal.com\\\/pt-pt\\\/2026\\\/01\\\/29\\\/ulla-eithz-nielsen-nova-vice-coo\\\/#primaryimage\"},\"thumbnailUrl\":\"https:\\\/\\\/transportjournal.com\\\/wp-content\\\/uploads\\\/sites\\\/2\\\/2026\\\/01\\\/55049651223_0112184909_o-aspect-ratio-1400-788.jpg\",\"keywords\":[\"A.P. Moller - Maersk\",\"Chypre\",\"COO adjointe\",\"COO Deputy\",\"COO Stellvertreterin\",\"corporate governance\",\"Cyprus Fran\u00e7ais Columbia Group\",\"Deutsch Columbia Group\",\"digital transformation\",\"digitale Transformation\",\"Digitalisierung in der Logistik\",\"efficacit\u00e9 op\u00e9rationnelle\",\"Fachkr\u00e4ftemangel in der Logistik\",\"gestion de la cha\u00eene d'approvisionnement\",\"gestion des navires\",\"global service platform\",\"globale Plattform f\u00fcr Dienstleistungen\",\"gouvernance d'entreprise\",\"Hafenbetrieb\",\"labor shortage in logistics\",\"logistics digitalization\",\"logistique durable\",\"maritime Dienstleistungen\",\"maritime Organisationen\",\"maritime organizations\",\"maritime services\",\"nachhaltige Logistik\",\"NORDEN\",\"num\u00e9risation logistique\",\"operational efficiency\",\"op\u00e9rations portuaires\",\"operative Effizienz\",\"optimisation des processus\",\"organisations maritimes\",\"p\u00e9nurie de main-d'\u0153uvre dans la logistique\",\"plateforme de services mondiale\",\"port operations\",\"process optimization\",\"Prozessoptimierung\",\"Schiffsmanagement\",\"services maritimes\",\"ship management\",\"Supply Chain Management\",\"sustainable logistics\",\"transformation num\u00e9rique\",\"Ulla Eithz Nielsen\",\"Unternehmensf\u00fchrung\",\"V.Group\",\"Zypern English Columbia Group\"],\"articleSection\":[\"Europa\",\"Navega\u00e7\u00e3o e portos\",\"Pessoas e empresas\"],\"inLanguage\":\"pt-PT\",\"potentialAction\":[{\"@type\":\"CommentAction\",\"name\":\"Comment\",\"target\":[\"https:\\\/\\\/transportjournal.com\\\/pt-pt\\\/2026\\\/01\\\/29\\\/ulla-eithz-nielsen-nova-vice-coo\\\/#respond\"]}]},{\"@type\":\"WebPage\",\"@id\":\"https:\\\/\\\/transportjournal.com\\\/pt-pt\\\/2026\\\/01\\\/29\\\/ulla-eithz-nielsen-nova-vice-coo\\\/\",\"url\":\"https:\\\/\\\/transportjournal.com\\\/pt-pt\\\/2026\\\/01\\\/29\\\/ulla-eithz-nielsen-nova-vice-coo\\\/\",\"name\":\"Ulla Eithz Nielsen nova vice-COO - ITJ | International Transport Journal\",\"isPartOf\":{\"@id\":\"https:\\\/\\\/transportjournal.com\\\/pt-pt\\\/#website\"},\"primaryImageOfPage\":{\"@id\":\"https:\\\/\\\/transportjournal.com\\\/pt-pt\\\/2026\\\/01\\\/29\\\/ulla-eithz-nielsen-nova-vice-coo\\\/#primaryimage\"},\"image\":{\"@id\":\"https:\\\/\\\/transportjournal.com\\\/pt-pt\\\/2026\\\/01\\\/29\\\/ulla-eithz-nielsen-nova-vice-coo\\\/#primaryimage\"},\"thumbnailUrl\":\"https:\\\/\\\/transportjournal.com\\\/wp-content\\\/uploads\\\/sites\\\/2\\\/2026\\\/01\\\/55049651223_0112184909_o-aspect-ratio-1400-788.jpg\",\"datePublished\":\"2026-01-29T10:00:12+00:00\",\"breadcrumb\":{\"@id\":\"https:\\\/\\\/transportjournal.com\\\/pt-pt\\\/2026\\\/01\\\/29\\\/ulla-eithz-nielsen-nova-vice-coo\\\/#breadcrumb\"},\"inLanguage\":\"pt-PT\",\"potentialAction\":[{\"@type\":\"ReadAction\",\"target\":[\"https:\\\/\\\/transportjournal.com\\\/pt-pt\\\/2026\\\/01\\\/29\\\/ulla-eithz-nielsen-nova-vice-coo\\\/\"]}]},{\"@type\":\"ImageObject\",\"inLanguage\":\"pt-PT\",\"@id\":\"https:\\\/\\\/transportjournal.com\\\/pt-pt\\\/2026\\\/01\\\/29\\\/ulla-eithz-nielsen-nova-vice-coo\\\/#primaryimage\",\"url\":\"https:\\\/\\\/transportjournal.com\\\/wp-content\\\/uploads\\\/sites\\\/2\\\/2026\\\/01\\\/55049651223_0112184909_o-aspect-ratio-1400-788.jpg\",\"contentUrl\":\"https:\\\/\\\/transportjournal.com\\\/wp-content\\\/uploads\\\/sites\\\/2\\\/2026\\\/01\\\/55049651223_0112184909_o-aspect-ratio-1400-788.jpg\",\"width\":800,\"height\":450},{\"@type\":\"BreadcrumbList\",\"@id\":\"https:\\\/\\\/transportjournal.com\\\/pt-pt\\\/2026\\\/01\\\/29\\\/ulla-eithz-nielsen-nova-vice-coo\\\/#breadcrumb\",\"itemListElement\":[{\"@type\":\"ListItem\",\"position\":1,\"name\":\"Startseite\",\"item\":\"https:\\\/\\\/transportjournal.com\\\/pt-pt\\\/\"},{\"@type\":\"ListItem\",\"position\":2,\"name\":\"Ulla Eithz Nielsen nova vice-COO\"}]},{\"@type\":\"WebSite\",\"@id\":\"https:\\\/\\\/transportjournal.com\\\/pt-pt\\\/#website\",\"url\":\"https:\\\/\\\/transportjournal.com\\\/pt-pt\\\/\",\"name\":\"ITJ | International Transport Journal\",\"description\":\"Stay informed with the latest global news from the transport, logistics, and supply chain industries. Transport Journal delivers expert insights, analysis, and updates across shipping, aviation, intermodal, and forwarding.\",\"publisher\":{\"@id\":\"https:\\\/\\\/transportjournal.com\\\/pt-pt\\\/#organization\"},\"potentialAction\":[{\"@type\":\"SearchAction\",\"target\":{\"@type\":\"EntryPoint\",\"urlTemplate\":\"https:\\\/\\\/transportjournal.com\\\/pt-pt\\\/?s={search_term_string}\"},\"query-input\":{\"@type\":\"PropertyValueSpecification\",\"valueRequired\":true,\"valueName\":\"search_term_string\"}}],\"inLanguage\":\"pt-PT\"},{\"@type\":\"Organization\",\"@id\":\"https:\\\/\\\/transportjournal.com\\\/pt-pt\\\/#organization\",\"name\":\"Logismedia Group AG\",\"alternateName\":\"Logismedia Group AG\",\"url\":\"https:\\\/\\\/transportjournal.com\\\/pt-pt\\\/\",\"logo\":{\"@type\":\"ImageObject\",\"inLanguage\":\"pt-PT\",\"@id\":\"https:\\\/\\\/transportjournal.com\\\/pt-pt\\\/#\\\/schema\\\/logo\\\/image\\\/\",\"url\":\"https:\\\/\\\/transportjournal.com\\\/wp-content\\\/uploads\\\/sites\\\/2\\\/2025\\\/09\\\/Logo_ITJ.png\",\"contentUrl\":\"https:\\\/\\\/transportjournal.com\\\/wp-content\\\/uploads\\\/sites\\\/2\\\/2025\\\/09\\\/Logo_ITJ.png\",\"width\":799,\"height\":326,\"caption\":\"Logismedia Group AG\"},\"image\":{\"@id\":\"https:\\\/\\\/transportjournal.com\\\/pt-pt\\\/#\\\/schema\\\/logo\\\/image\\\/\"},\"sameAs\":[\"https:\\\/\\\/www.linkedin.com\\\/company\\\/56456496\\\/admin\\\/dashboard\\\/\",\"https:\\\/\\\/www.instagram.com\\\/logismediagroup\\\/\",\"https:\\\/\\\/www.youtube.com\\\/@LogiamediaGroupAG\"]},{\"@type\":\"Person\",\"@id\":\"https:\\\/\\\/transportjournal.com\\\/pt-pt\\\/#\\\/schema\\\/person\\\/cf538b3157f15afd7589245a4b3dbd25\",\"name\":\"Andreas Haug\",\"url\":\"https:\\\/\\\/transportjournal.com\\\/pt-pt\\\/author\\\/andreas\\\/\"}]}<\/script>\n<!-- \/ Yoast SEO plugin. -->","yoast_head_json":{"title":"Ulla Eithz Nielsen nova vice-COO - ITJ | International Transport Journal","robots":{"index":"index","follow":"follow","max-snippet":"max-snippet:-1","max-image-preview":"max-image-preview:large","max-video-preview":"max-video-preview:-1"},"canonical":"https:\/\/transportjournal.com\/pt-pt\/2026\/01\/29\/ulla-eithz-nielsen-nova-vice-coo\/","og_locale":"pt_PT","og_type":"article","og_title":"Ulla Eithz Nielsen nova vice-COO - ITJ | International Transport Journal","og_description":"Columbia Group nomeou Ulla Eithz Nielsen como vice-COO para promover a efici\u00eancia operacional e o desenvolvimento no setor de servi\u00e7os mar\u00edtimos.","og_url":"https:\/\/transportjournal.com\/pt-pt\/2026\/01\/29\/ulla-eithz-nielsen-nova-vice-coo\/","og_site_name":"ITJ | International Transport Journal","article_published_time":"2026-01-29T10:00:12+00:00","og_image":[{"width":800,"height":450,"url":"https:\/\/transportjournal.com\/wp-content\/uploads\/sites\/2\/2026\/01\/55049651223_0112184909_o-aspect-ratio-1400-788.jpg","type":"image\/jpeg"}],"author":"Andreas Haug","twitter_card":"summary_large_image","twitter_misc":{"Escrito por":"Andreas Haug","Tempo estimado de leitura":"2 minutos"},"schema":{"@context":"https:\/\/schema.org","@graph":[{"@type":"Article","@id":"https:\/\/transportjournal.com\/pt-pt\/2026\/01\/29\/ulla-eithz-nielsen-nova-vice-coo\/#article","isPartOf":{"@id":"https:\/\/transportjournal.com\/pt-pt\/2026\/01\/29\/ulla-eithz-nielsen-nova-vice-coo\/"},"author":{"name":"Andreas Haug","@id":"https:\/\/transportjournal.com\/pt-pt\/#\/schema\/person\/cf538b3157f15afd7589245a4b3dbd25"},"headline":"Ulla Eithz Nielsen nova vice-COO","datePublished":"2026-01-29T10:00:12+00:00","mainEntityOfPage":{"@id":"https:\/\/transportjournal.com\/pt-pt\/2026\/01\/29\/ulla-eithz-nielsen-nova-vice-coo\/"},"wordCount":382,"commentCount":0,"publisher":{"@id":"https:\/\/transportjournal.com\/pt-pt\/#organization"},"image":{"@id":"https:\/\/transportjournal.com\/pt-pt\/2026\/01\/29\/ulla-eithz-nielsen-nova-vice-coo\/#primaryimage"},"thumbnailUrl":"https:\/\/transportjournal.com\/wp-content\/uploads\/sites\/2\/2026\/01\/55049651223_0112184909_o-aspect-ratio-1400-788.jpg","keywords":["A.P. Moller - Maersk","Chypre","COO adjointe","COO Deputy","COO Stellvertreterin","corporate governance","Cyprus Fran\u00e7ais Columbia Group","Deutsch Columbia Group","digital transformation","digitale Transformation","Digitalisierung in der Logistik","efficacit\u00e9 op\u00e9rationnelle","Fachkr\u00e4ftemangel in der Logistik","gestion de la cha\u00eene d'approvisionnement","gestion des navires","global service platform","globale Plattform f\u00fcr Dienstleistungen","gouvernance d'entreprise","Hafenbetrieb","labor shortage in logistics","logistics digitalization","logistique durable","maritime Dienstleistungen","maritime Organisationen","maritime organizations","maritime services","nachhaltige Logistik","NORDEN","num\u00e9risation logistique","operational efficiency","op\u00e9rations portuaires","operative Effizienz","optimisation des processus","organisations maritimes","p\u00e9nurie de main-d'\u0153uvre dans la logistique","plateforme de services mondiale","port operations","process optimization","Prozessoptimierung","Schiffsmanagement","services maritimes","ship management","Supply Chain Management","sustainable logistics","transformation num\u00e9rique","Ulla Eithz Nielsen","Unternehmensf\u00fchrung","V.Group","Zypern English Columbia Group"],"articleSection":["Europa","Navega\u00e7\u00e3o e portos","Pessoas e empresas"],"inLanguage":"pt-PT","potentialAction":[{"@type":"CommentAction","name":"Comment","target":["https:\/\/transportjournal.com\/pt-pt\/2026\/01\/29\/ulla-eithz-nielsen-nova-vice-coo\/#respond"]}]},{"@type":"WebPage","@id":"https:\/\/transportjournal.com\/pt-pt\/2026\/01\/29\/ulla-eithz-nielsen-nova-vice-coo\/","url":"https:\/\/transportjournal.com\/pt-pt\/2026\/01\/29\/ulla-eithz-nielsen-nova-vice-coo\/","name":"Ulla Eithz Nielsen nova vice-COO - ITJ | International Transport Journal","isPartOf":{"@id":"https:\/\/transportjournal.com\/pt-pt\/#website"},"primaryImageOfPage":{"@id":"https:\/\/transportjournal.com\/pt-pt\/2026\/01\/29\/ulla-eithz-nielsen-nova-vice-coo\/#primaryimage"},"image":{"@id":"https:\/\/transportjournal.com\/pt-pt\/2026\/01\/29\/ulla-eithz-nielsen-nova-vice-coo\/#primaryimage"},"thumbnailUrl":"https:\/\/transportjournal.com\/wp-content\/uploads\/sites\/2\/2026\/01\/55049651223_0112184909_o-aspect-ratio-1400-788.jpg","datePublished":"2026-01-29T10:00:12+00:00","breadcrumb":{"@id":"https:\/\/transportjournal.com\/pt-pt\/2026\/01\/29\/ulla-eithz-nielsen-nova-vice-coo\/#breadcrumb"},"inLanguage":"pt-PT","potentialAction":[{"@type":"ReadAction","target":["https:\/\/transportjournal.com\/pt-pt\/2026\/01\/29\/ulla-eithz-nielsen-nova-vice-coo\/"]}]},{"@type":"ImageObject","inLanguage":"pt-PT","@id":"https:\/\/transportjournal.com\/pt-pt\/2026\/01\/29\/ulla-eithz-nielsen-nova-vice-coo\/#primaryimage","url":"https:\/\/transportjournal.com\/wp-content\/uploads\/sites\/2\/2026\/01\/55049651223_0112184909_o-aspect-ratio-1400-788.jpg","contentUrl":"https:\/\/transportjournal.com\/wp-content\/uploads\/sites\/2\/2026\/01\/55049651223_0112184909_o-aspect-ratio-1400-788.jpg","width":800,"height":450},{"@type":"BreadcrumbList","@id":"https:\/\/transportjournal.com\/pt-pt\/2026\/01\/29\/ulla-eithz-nielsen-nova-vice-coo\/#breadcrumb","itemListElement":[{"@type":"ListItem","position":1,"name":"Startseite","item":"https:\/\/transportjournal.com\/pt-pt\/"},{"@type":"ListItem","position":2,"name":"Ulla Eithz Nielsen nova vice-COO"}]},{"@type":"WebSite","@id":"https:\/\/transportjournal.com\/pt-pt\/#website","url":"https:\/\/transportjournal.com\/pt-pt\/","name":"ITJ | International Transport Journal","description":"Stay informed with the latest global news from the transport, logistics, and supply chain industries. Transport Journal delivers expert insights, analysis, and updates across shipping, aviation, intermodal, and forwarding.","publisher":{"@id":"https:\/\/transportjournal.com\/pt-pt\/#organization"},"potentialAction":[{"@type":"SearchAction","target":{"@type":"EntryPoint","urlTemplate":"https:\/\/transportjournal.com\/pt-pt\/?s={search_term_string}"},"query-input":{"@type":"PropertyValueSpecification","valueRequired":true,"valueName":"search_term_string"}}],"inLanguage":"pt-PT"},{"@type":"Organization","@id":"https:\/\/transportjournal.com\/pt-pt\/#organization","name":"Logismedia Group AG","alternateName":"Logismedia Group AG","url":"https:\/\/transportjournal.com\/pt-pt\/","logo":{"@type":"ImageObject","inLanguage":"pt-PT","@id":"https:\/\/transportjournal.com\/pt-pt\/#\/schema\/logo\/image\/","url":"https:\/\/transportjournal.com\/wp-content\/uploads\/sites\/2\/2025\/09\/Logo_ITJ.png","contentUrl":"https:\/\/transportjournal.com\/wp-content\/uploads\/sites\/2\/2025\/09\/Logo_ITJ.png","width":799,"height":326,"caption":"Logismedia Group AG"},"image":{"@id":"https:\/\/transportjournal.com\/pt-pt\/#\/schema\/logo\/image\/"},"sameAs":["https:\/\/www.linkedin.com\/company\/56456496\/admin\/dashboard\/","https:\/\/www.instagram.com\/logismediagroup\/","https:\/\/www.youtube.com\/@LogiamediaGroupAG"]},{"@type":"Person","@id":"https:\/\/transportjournal.com\/pt-pt\/#\/schema\/person\/cf538b3157f15afd7589245a4b3dbd25","name":"Andreas Haug","url":"https:\/\/transportjournal.com\/pt-pt\/author\/andreas\/"}]}},"_links":{"self":[{"href":"https:\/\/transportjournal.com\/pt-pt\/wp-json\/wp\/v2\/posts\/75050","targetHints":{"allow":["GET"]}}],"collection":[{"href":"https:\/\/transportjournal.com\/pt-pt\/wp-json\/wp\/v2\/posts"}],"about":[{"href":"https:\/\/transportjournal.com\/pt-pt\/wp-json\/wp\/v2\/types\/post"}],"author":[{"embeddable":true,"href":"https:\/\/transportjournal.com\/pt-pt\/wp-json\/wp\/v2\/users\/12"}],"replies":[{"embeddable":true,"href":"https:\/\/transportjournal.com\/pt-pt\/wp-json\/wp\/v2\/comments?post=75050"}],"version-history":[{"count":0,"href":"https:\/\/transportjournal.com\/pt-pt\/wp-json\/wp\/v2\/posts\/75050\/revisions"}],"wp:featuredmedia":[{"embeddable":true,"href":"https:\/\/transportjournal.com\/pt-pt\/wp-json\/wp\/v2\/media\/75045"}],"wp:attachment":[{"href":"https:\/\/transportjournal.com\/pt-pt\/wp-json\/wp\/v2\/media?parent=75050"}],"wp:term":[{"taxonomy":"category","embeddable":true,"href":"https:\/\/transportjournal.com\/pt-pt\/wp-json\/wp\/v2\/categories?post=75050"},{"taxonomy":"post_tag","embeddable":true,"href":"https:\/\/transportjournal.com\/pt-pt\/wp-json\/wp\/v2\/tags?post=75050"}],"curies":[{"name":"wp","href":"https:\/\/api.w.org\/{rel}","templated":true}]}}