{"id":75034,"date":"2026-01-29T08:45:19","date_gmt":"2026-01-29T08:45:19","guid":{"rendered":"https:\/\/transportjournal.com\/2026\/01\/29\/demanda-por-cargas-aereas-no-sul-da-asia-aumenta\/"},"modified":"2026-01-29T08:45:19","modified_gmt":"2026-01-29T08:45:19","slug":"demanda-por-cargas-aereas-no-sul-da-asia-aumenta","status":"publish","type":"post","link":"https:\/\/transportjournal.com\/pt-pt\/2026\/01\/29\/demanda-por-cargas-aereas-no-sul-da-asia-aumenta\/","title":{"rendered":"Demanda por cargas a\u00e9reas no Sul da \u00c1sia aumenta"},"content":{"rendered":"<p>A demanda por frete a\u00e9reo na \u00cdndia e no Sul da \u00c1sia deve aumentar significativamente nas pr\u00f3ximas duas d\u00e9cadas, resultando em uma expans\u00e3o consider\u00e1vel da frota de carga na regi\u00e3o. Isso \u00e9 indicado no atual Commercial Market Outlook da Boeing. O fabricante prev\u00ea que o n\u00famero de novas aeronaves de carga e aquelas convertidas na regi\u00e3o do Sul da \u00c1sia quintuplicar\u00e1 at\u00e9 2044. Esse aumento reflete a crescente import\u00e2ncia do frete a\u00e9reo para as economias da regi\u00e3o.<\/p>\n<h3>Crescimento atrav\u00e9s da tecnologia e do e-commerce<\/h3>\n<p>A Boeing atribui esse crescimento principalmente \u00e0 evolu\u00e7\u00e3o da manufatura de alta tecnologia na \u00cdndia, bem como ao r\u00e1pido aumento do e-commerce. Ambos os fatores aumentam a demanda por solu\u00e7\u00f5es log\u00edsticas r\u00e1pidas e confi\u00e1veis. A \u00cdndia est\u00e1 se tornando cada vez mais um importante ponto de conex\u00e3o internacional, levando as companhias a\u00e9reas a expandirem suas redes de longo alcance. Isso apoia maiores fluxos de carga entre o Sul da \u00c1sia, o Oriente M\u00e9dio, a Europa e a Am\u00e9rica do Norte.<\/p>\n<p>No total, as companhias a\u00e9reas indianas e sul-asi\u00e1ticas precisar\u00e3o de quase 3.300 novas aeronaves at\u00e9 2044. Embora os Narrowbodies representem a maior parte das entregas, os avi\u00f5es de fuselagem larga e as aeronaves de carga especial tamb\u00e9m desempenhar\u00e3o um papel cada vez mais importante no gerenciamento dos volumes crescentes de carga. A Boeing tamb\u00e9m destaca que a expans\u00e3o exigir\u00e1 investimentos significativos em servi\u00e7os relacionados ao frete a\u00e9reo, incluindo manuten\u00e7\u00e3o, solu\u00e7\u00f5es digitais e treinamentos. Isso sublinha a relev\u00e2ncia estrat\u00e9gica do frete a\u00e9reo para a regi\u00e3o.<\/p>\n<p>&nbsp;<\/p>\n<p><a href=\"https:\/\/www.boeing.com\/\" target=\"_blank\" rel=\"noopener noreferrer\">www.boeing.com<\/a><\/p>\n<p>&nbsp;<\/p>\n","protected":false},"excerpt":{"rendered":"<p>A demanda por cargas a\u00e9reas na \u00cdndia e no Sul da \u00c1sia deve aumentar significativamente at\u00e9 2044, exigindo um aumento de cinco vezes na frota de cargueiros e investimentos significativos.<\/p>\n","protected":false},"author":12,"featured_media":75029,"comment_status":"open","ping_status":"open","sticky":false,"template":"","format":"standard","meta":{"_acf_changed":false,"footnotes":""},"categories":[1622,1617,1618],"tags":[],"class_list":["post-75034","post","type-post","status-publish","format-standard","has-post-thumbnail","hentry","category-asia-pacifico","category-expedicao-e-logistica","category-transporte-aereo-de-mercadorias"],"acf":[],"yoast_head":"<!-- This site is optimized with the Yoast SEO plugin v27.3 - https:\/\/yoast.com\/product\/yoast-seo-wordpress\/ -->\n<title>Demanda por cargas a\u00e9reas no Sul da \u00c1sia aumenta - ITJ | International Transport Journal<\/title>\n<meta name=\"robots\" content=\"index, follow, max-snippet:-1, max-image-preview:large, max-video-preview:-1\" \/>\n<link rel=\"canonical\" href=\"https:\/\/transportjournal.com\/pt-pt\/2026\/01\/29\/demanda-por-cargas-aereas-no-sul-da-asia-aumenta\/\" \/>\n<meta property=\"og:locale\" content=\"pt_PT\" \/>\n<meta property=\"og:type\" content=\"article\" \/>\n<meta property=\"og:title\" content=\"Demanda por cargas a\u00e9reas no Sul da \u00c1sia aumenta - ITJ | International Transport Journal\" \/>\n<meta property=\"og:description\" content=\"A demanda por cargas a\u00e9reas na \u00cdndia e no Sul da \u00c1sia deve aumentar significativamente at\u00e9 2044, exigindo um aumento de cinco vezes na frota de cargueiros e investimentos significativos.\" \/>\n<meta property=\"og:url\" content=\"https:\/\/transportjournal.com\/pt-pt\/2026\/01\/29\/demanda-por-cargas-aereas-no-sul-da-asia-aumenta\/\" \/>\n<meta property=\"og:site_name\" content=\"ITJ | International Transport Journal\" \/>\n<meta property=\"article:published_time\" content=\"2026-01-29T08:45:19+00:00\" \/>\n<meta property=\"og:image\" content=\"https:\/\/transportjournal.com\/wp-content\/uploads\/sites\/2\/2026\/01\/SpiceXpress-505703368_1124496456359845_9192554609751472096_n-aspect-ratio-1400-788.jpg\" \/>\n\t<meta property=\"og:image:width\" content=\"1080\" \/>\n\t<meta property=\"og:image:height\" content=\"608\" \/>\n\t<meta property=\"og:image:type\" content=\"image\/jpeg\" \/>\n<meta name=\"author\" content=\"Andreas Haug\" \/>\n<meta name=\"twitter:card\" content=\"summary_large_image\" \/>\n<meta name=\"twitter:label1\" content=\"Escrito por\" \/>\n\t<meta name=\"twitter:data1\" content=\"Andreas Haug\" \/>\n\t<meta name=\"twitter:label2\" content=\"Tempo estimado de leitura\" \/>\n\t<meta name=\"twitter:data2\" content=\"1 minuto\" \/>\n<script type=\"application\/ld+json\" class=\"yoast-schema-graph\">{\"@context\":\"https:\\\/\\\/schema.org\",\"@graph\":[{\"@type\":\"Article\",\"@id\":\"https:\\\/\\\/transportjournal.com\\\/pt-pt\\\/2026\\\/01\\\/29\\\/demanda-por-cargas-aereas-no-sul-da-asia-aumenta\\\/#article\",\"isPartOf\":{\"@id\":\"https:\\\/\\\/transportjournal.com\\\/pt-pt\\\/2026\\\/01\\\/29\\\/demanda-por-cargas-aereas-no-sul-da-asia-aumenta\\\/\"},\"author\":{\"name\":\"Andreas Haug\",\"@id\":\"https:\\\/\\\/transportjournal.com\\\/pt-pt\\\/#\\\/schema\\\/person\\\/cf538b3157f15afd7589245a4b3dbd25\"},\"headline\":\"Demanda por cargas a\u00e9reas no Sul da \u00c1sia aumenta\",\"datePublished\":\"2026-01-29T08:45:19+00:00\",\"mainEntityOfPage\":{\"@id\":\"https:\\\/\\\/transportjournal.com\\\/pt-pt\\\/2026\\\/01\\\/29\\\/demanda-por-cargas-aereas-no-sul-da-asia-aumenta\\\/\"},\"wordCount\":296,\"commentCount\":0,\"publisher\":{\"@id\":\"https:\\\/\\\/transportjournal.com\\\/pt-pt\\\/#organization\"},\"image\":{\"@id\":\"https:\\\/\\\/transportjournal.com\\\/pt-pt\\\/2026\\\/01\\\/29\\\/demanda-por-cargas-aereas-no-sul-da-asia-aumenta\\\/#primaryimage\"},\"thumbnailUrl\":\"https:\\\/\\\/transportjournal.com\\\/wp-content\\\/uploads\\\/sites\\\/2\\\/2026\\\/01\\\/SpiceXpress-505703368_1124496456359845_9192554609751472096_n-aspect-ratio-1400-788.jpg\",\"articleSection\":[\"\u00c1sia\\\/Pac\u00edfico\",\"Expedi\u00e7\u00e3o de Mercadorias e Log\u00edstica\",\"Transporte a\u00e9reo de mercadorias\"],\"inLanguage\":\"pt-PT\",\"potentialAction\":[{\"@type\":\"CommentAction\",\"name\":\"Comment\",\"target\":[\"https:\\\/\\\/transportjournal.com\\\/pt-pt\\\/2026\\\/01\\\/29\\\/demanda-por-cargas-aereas-no-sul-da-asia-aumenta\\\/#respond\"]}]},{\"@type\":\"WebPage\",\"@id\":\"https:\\\/\\\/transportjournal.com\\\/pt-pt\\\/2026\\\/01\\\/29\\\/demanda-por-cargas-aereas-no-sul-da-asia-aumenta\\\/\",\"url\":\"https:\\\/\\\/transportjournal.com\\\/pt-pt\\\/2026\\\/01\\\/29\\\/demanda-por-cargas-aereas-no-sul-da-asia-aumenta\\\/\",\"name\":\"Demanda por cargas a\u00e9reas no Sul da \u00c1sia aumenta - ITJ | International Transport Journal\",\"isPartOf\":{\"@id\":\"https:\\\/\\\/transportjournal.com\\\/pt-pt\\\/#website\"},\"primaryImageOfPage\":{\"@id\":\"https:\\\/\\\/transportjournal.com\\\/pt-pt\\\/2026\\\/01\\\/29\\\/demanda-por-cargas-aereas-no-sul-da-asia-aumenta\\\/#primaryimage\"},\"image\":{\"@id\":\"https:\\\/\\\/transportjournal.com\\\/pt-pt\\\/2026\\\/01\\\/29\\\/demanda-por-cargas-aereas-no-sul-da-asia-aumenta\\\/#primaryimage\"},\"thumbnailUrl\":\"https:\\\/\\\/transportjournal.com\\\/wp-content\\\/uploads\\\/sites\\\/2\\\/2026\\\/01\\\/SpiceXpress-505703368_1124496456359845_9192554609751472096_n-aspect-ratio-1400-788.jpg\",\"datePublished\":\"2026-01-29T08:45:19+00:00\",\"breadcrumb\":{\"@id\":\"https:\\\/\\\/transportjournal.com\\\/pt-pt\\\/2026\\\/01\\\/29\\\/demanda-por-cargas-aereas-no-sul-da-asia-aumenta\\\/#breadcrumb\"},\"inLanguage\":\"pt-PT\",\"potentialAction\":[{\"@type\":\"ReadAction\",\"target\":[\"https:\\\/\\\/transportjournal.com\\\/pt-pt\\\/2026\\\/01\\\/29\\\/demanda-por-cargas-aereas-no-sul-da-asia-aumenta\\\/\"]}]},{\"@type\":\"ImageObject\",\"inLanguage\":\"pt-PT\",\"@id\":\"https:\\\/\\\/transportjournal.com\\\/pt-pt\\\/2026\\\/01\\\/29\\\/demanda-por-cargas-aereas-no-sul-da-asia-aumenta\\\/#primaryimage\",\"url\":\"https:\\\/\\\/transportjournal.com\\\/wp-content\\\/uploads\\\/sites\\\/2\\\/2026\\\/01\\\/SpiceXpress-505703368_1124496456359845_9192554609751472096_n-aspect-ratio-1400-788.jpg\",\"contentUrl\":\"https:\\\/\\\/transportjournal.com\\\/wp-content\\\/uploads\\\/sites\\\/2\\\/2026\\\/01\\\/SpiceXpress-505703368_1124496456359845_9192554609751472096_n-aspect-ratio-1400-788.jpg\",\"width\":1080,\"height\":608},{\"@type\":\"BreadcrumbList\",\"@id\":\"https:\\\/\\\/transportjournal.com\\\/pt-pt\\\/2026\\\/01\\\/29\\\/demanda-por-cargas-aereas-no-sul-da-asia-aumenta\\\/#breadcrumb\",\"itemListElement\":[{\"@type\":\"ListItem\",\"position\":1,\"name\":\"Startseite\",\"item\":\"https:\\\/\\\/transportjournal.com\\\/pt-pt\\\/\"},{\"@type\":\"ListItem\",\"position\":2,\"name\":\"Demanda por cargas a\u00e9reas no Sul da \u00c1sia aumenta\"}]},{\"@type\":\"WebSite\",\"@id\":\"https:\\\/\\\/transportjournal.com\\\/pt-pt\\\/#website\",\"url\":\"https:\\\/\\\/transportjournal.com\\\/pt-pt\\\/\",\"name\":\"ITJ | International Transport Journal\",\"description\":\"Stay informed with the latest global news from the transport, logistics, and supply chain industries. Transport Journal delivers expert insights, analysis, and updates across shipping, aviation, intermodal, and forwarding.\",\"publisher\":{\"@id\":\"https:\\\/\\\/transportjournal.com\\\/pt-pt\\\/#organization\"},\"potentialAction\":[{\"@type\":\"SearchAction\",\"target\":{\"@type\":\"EntryPoint\",\"urlTemplate\":\"https:\\\/\\\/transportjournal.com\\\/pt-pt\\\/?s={search_term_string}\"},\"query-input\":{\"@type\":\"PropertyValueSpecification\",\"valueRequired\":true,\"valueName\":\"search_term_string\"}}],\"inLanguage\":\"pt-PT\"},{\"@type\":\"Organization\",\"@id\":\"https:\\\/\\\/transportjournal.com\\\/pt-pt\\\/#organization\",\"name\":\"Logismedia Group AG\",\"alternateName\":\"Logismedia Group AG\",\"url\":\"https:\\\/\\\/transportjournal.com\\\/pt-pt\\\/\",\"logo\":{\"@type\":\"ImageObject\",\"inLanguage\":\"pt-PT\",\"@id\":\"https:\\\/\\\/transportjournal.com\\\/pt-pt\\\/#\\\/schema\\\/logo\\\/image\\\/\",\"url\":\"https:\\\/\\\/transportjournal.com\\\/wp-content\\\/uploads\\\/sites\\\/2\\\/2025\\\/09\\\/Logo_ITJ.png\",\"contentUrl\":\"https:\\\/\\\/transportjournal.com\\\/wp-content\\\/uploads\\\/sites\\\/2\\\/2025\\\/09\\\/Logo_ITJ.png\",\"width\":799,\"height\":326,\"caption\":\"Logismedia Group AG\"},\"image\":{\"@id\":\"https:\\\/\\\/transportjournal.com\\\/pt-pt\\\/#\\\/schema\\\/logo\\\/image\\\/\"},\"sameAs\":[\"https:\\\/\\\/www.linkedin.com\\\/company\\\/56456496\\\/admin\\\/dashboard\\\/\",\"https:\\\/\\\/www.instagram.com\\\/logismediagroup\\\/\",\"https:\\\/\\\/www.youtube.com\\\/@LogiamediaGroupAG\"]},{\"@type\":\"Person\",\"@id\":\"https:\\\/\\\/transportjournal.com\\\/pt-pt\\\/#\\\/schema\\\/person\\\/cf538b3157f15afd7589245a4b3dbd25\",\"name\":\"Andreas Haug\",\"url\":\"https:\\\/\\\/transportjournal.com\\\/pt-pt\\\/author\\\/andreas\\\/\"}]}<\/script>\n<!-- \/ Yoast SEO plugin. -->","yoast_head_json":{"title":"Demanda por cargas a\u00e9reas no Sul da \u00c1sia aumenta - ITJ | International Transport Journal","robots":{"index":"index","follow":"follow","max-snippet":"max-snippet:-1","max-image-preview":"max-image-preview:large","max-video-preview":"max-video-preview:-1"},"canonical":"https:\/\/transportjournal.com\/pt-pt\/2026\/01\/29\/demanda-por-cargas-aereas-no-sul-da-asia-aumenta\/","og_locale":"pt_PT","og_type":"article","og_title":"Demanda por cargas a\u00e9reas no Sul da \u00c1sia aumenta - ITJ | International Transport Journal","og_description":"A demanda por cargas a\u00e9reas na \u00cdndia e no Sul da \u00c1sia deve aumentar significativamente at\u00e9 2044, exigindo um aumento de cinco vezes na frota de cargueiros e investimentos significativos.","og_url":"https:\/\/transportjournal.com\/pt-pt\/2026\/01\/29\/demanda-por-cargas-aereas-no-sul-da-asia-aumenta\/","og_site_name":"ITJ | International Transport Journal","article_published_time":"2026-01-29T08:45:19+00:00","og_image":[{"width":1080,"height":608,"url":"https:\/\/transportjournal.com\/wp-content\/uploads\/sites\/2\/2026\/01\/SpiceXpress-505703368_1124496456359845_9192554609751472096_n-aspect-ratio-1400-788.jpg","type":"image\/jpeg"}],"author":"Andreas Haug","twitter_card":"summary_large_image","twitter_misc":{"Escrito por":"Andreas Haug","Tempo estimado de leitura":"1 minuto"},"schema":{"@context":"https:\/\/schema.org","@graph":[{"@type":"Article","@id":"https:\/\/transportjournal.com\/pt-pt\/2026\/01\/29\/demanda-por-cargas-aereas-no-sul-da-asia-aumenta\/#article","isPartOf":{"@id":"https:\/\/transportjournal.com\/pt-pt\/2026\/01\/29\/demanda-por-cargas-aereas-no-sul-da-asia-aumenta\/"},"author":{"name":"Andreas Haug","@id":"https:\/\/transportjournal.com\/pt-pt\/#\/schema\/person\/cf538b3157f15afd7589245a4b3dbd25"},"headline":"Demanda por cargas a\u00e9reas no Sul da \u00c1sia aumenta","datePublished":"2026-01-29T08:45:19+00:00","mainEntityOfPage":{"@id":"https:\/\/transportjournal.com\/pt-pt\/2026\/01\/29\/demanda-por-cargas-aereas-no-sul-da-asia-aumenta\/"},"wordCount":296,"commentCount":0,"publisher":{"@id":"https:\/\/transportjournal.com\/pt-pt\/#organization"},"image":{"@id":"https:\/\/transportjournal.com\/pt-pt\/2026\/01\/29\/demanda-por-cargas-aereas-no-sul-da-asia-aumenta\/#primaryimage"},"thumbnailUrl":"https:\/\/transportjournal.com\/wp-content\/uploads\/sites\/2\/2026\/01\/SpiceXpress-505703368_1124496456359845_9192554609751472096_n-aspect-ratio-1400-788.jpg","articleSection":["\u00c1sia\/Pac\u00edfico","Expedi\u00e7\u00e3o de Mercadorias e Log\u00edstica","Transporte a\u00e9reo de mercadorias"],"inLanguage":"pt-PT","potentialAction":[{"@type":"CommentAction","name":"Comment","target":["https:\/\/transportjournal.com\/pt-pt\/2026\/01\/29\/demanda-por-cargas-aereas-no-sul-da-asia-aumenta\/#respond"]}]},{"@type":"WebPage","@id":"https:\/\/transportjournal.com\/pt-pt\/2026\/01\/29\/demanda-por-cargas-aereas-no-sul-da-asia-aumenta\/","url":"https:\/\/transportjournal.com\/pt-pt\/2026\/01\/29\/demanda-por-cargas-aereas-no-sul-da-asia-aumenta\/","name":"Demanda por cargas a\u00e9reas no Sul da \u00c1sia aumenta - ITJ | International Transport Journal","isPartOf":{"@id":"https:\/\/transportjournal.com\/pt-pt\/#website"},"primaryImageOfPage":{"@id":"https:\/\/transportjournal.com\/pt-pt\/2026\/01\/29\/demanda-por-cargas-aereas-no-sul-da-asia-aumenta\/#primaryimage"},"image":{"@id":"https:\/\/transportjournal.com\/pt-pt\/2026\/01\/29\/demanda-por-cargas-aereas-no-sul-da-asia-aumenta\/#primaryimage"},"thumbnailUrl":"https:\/\/transportjournal.com\/wp-content\/uploads\/sites\/2\/2026\/01\/SpiceXpress-505703368_1124496456359845_9192554609751472096_n-aspect-ratio-1400-788.jpg","datePublished":"2026-01-29T08:45:19+00:00","breadcrumb":{"@id":"https:\/\/transportjournal.com\/pt-pt\/2026\/01\/29\/demanda-por-cargas-aereas-no-sul-da-asia-aumenta\/#breadcrumb"},"inLanguage":"pt-PT","potentialAction":[{"@type":"ReadAction","target":["https:\/\/transportjournal.com\/pt-pt\/2026\/01\/29\/demanda-por-cargas-aereas-no-sul-da-asia-aumenta\/"]}]},{"@type":"ImageObject","inLanguage":"pt-PT","@id":"https:\/\/transportjournal.com\/pt-pt\/2026\/01\/29\/demanda-por-cargas-aereas-no-sul-da-asia-aumenta\/#primaryimage","url":"https:\/\/transportjournal.com\/wp-content\/uploads\/sites\/2\/2026\/01\/SpiceXpress-505703368_1124496456359845_9192554609751472096_n-aspect-ratio-1400-788.jpg","contentUrl":"https:\/\/transportjournal.com\/wp-content\/uploads\/sites\/2\/2026\/01\/SpiceXpress-505703368_1124496456359845_9192554609751472096_n-aspect-ratio-1400-788.jpg","width":1080,"height":608},{"@type":"BreadcrumbList","@id":"https:\/\/transportjournal.com\/pt-pt\/2026\/01\/29\/demanda-por-cargas-aereas-no-sul-da-asia-aumenta\/#breadcrumb","itemListElement":[{"@type":"ListItem","position":1,"name":"Startseite","item":"https:\/\/transportjournal.com\/pt-pt\/"},{"@type":"ListItem","position":2,"name":"Demanda por cargas a\u00e9reas no Sul da \u00c1sia aumenta"}]},{"@type":"WebSite","@id":"https:\/\/transportjournal.com\/pt-pt\/#website","url":"https:\/\/transportjournal.com\/pt-pt\/","name":"ITJ | International Transport Journal","description":"Stay informed with the latest global news from the transport, logistics, and supply chain industries. Transport Journal delivers expert insights, analysis, and updates across shipping, aviation, intermodal, and forwarding.","publisher":{"@id":"https:\/\/transportjournal.com\/pt-pt\/#organization"},"potentialAction":[{"@type":"SearchAction","target":{"@type":"EntryPoint","urlTemplate":"https:\/\/transportjournal.com\/pt-pt\/?s={search_term_string}"},"query-input":{"@type":"PropertyValueSpecification","valueRequired":true,"valueName":"search_term_string"}}],"inLanguage":"pt-PT"},{"@type":"Organization","@id":"https:\/\/transportjournal.com\/pt-pt\/#organization","name":"Logismedia Group AG","alternateName":"Logismedia Group AG","url":"https:\/\/transportjournal.com\/pt-pt\/","logo":{"@type":"ImageObject","inLanguage":"pt-PT","@id":"https:\/\/transportjournal.com\/pt-pt\/#\/schema\/logo\/image\/","url":"https:\/\/transportjournal.com\/wp-content\/uploads\/sites\/2\/2025\/09\/Logo_ITJ.png","contentUrl":"https:\/\/transportjournal.com\/wp-content\/uploads\/sites\/2\/2025\/09\/Logo_ITJ.png","width":799,"height":326,"caption":"Logismedia Group AG"},"image":{"@id":"https:\/\/transportjournal.com\/pt-pt\/#\/schema\/logo\/image\/"},"sameAs":["https:\/\/www.linkedin.com\/company\/56456496\/admin\/dashboard\/","https:\/\/www.instagram.com\/logismediagroup\/","https:\/\/www.youtube.com\/@LogiamediaGroupAG"]},{"@type":"Person","@id":"https:\/\/transportjournal.com\/pt-pt\/#\/schema\/person\/cf538b3157f15afd7589245a4b3dbd25","name":"Andreas Haug","url":"https:\/\/transportjournal.com\/pt-pt\/author\/andreas\/"}]}},"_links":{"self":[{"href":"https:\/\/transportjournal.com\/pt-pt\/wp-json\/wp\/v2\/posts\/75034","targetHints":{"allow":["GET"]}}],"collection":[{"href":"https:\/\/transportjournal.com\/pt-pt\/wp-json\/wp\/v2\/posts"}],"about":[{"href":"https:\/\/transportjournal.com\/pt-pt\/wp-json\/wp\/v2\/types\/post"}],"author":[{"embeddable":true,"href":"https:\/\/transportjournal.com\/pt-pt\/wp-json\/wp\/v2\/users\/12"}],"replies":[{"embeddable":true,"href":"https:\/\/transportjournal.com\/pt-pt\/wp-json\/wp\/v2\/comments?post=75034"}],"version-history":[{"count":0,"href":"https:\/\/transportjournal.com\/pt-pt\/wp-json\/wp\/v2\/posts\/75034\/revisions"}],"wp:featuredmedia":[{"embeddable":true,"href":"https:\/\/transportjournal.com\/pt-pt\/wp-json\/wp\/v2\/media\/75029"}],"wp:attachment":[{"href":"https:\/\/transportjournal.com\/pt-pt\/wp-json\/wp\/v2\/media?parent=75034"}],"wp:term":[{"taxonomy":"category","embeddable":true,"href":"https:\/\/transportjournal.com\/pt-pt\/wp-json\/wp\/v2\/categories?post=75034"},{"taxonomy":"post_tag","embeddable":true,"href":"https:\/\/transportjournal.com\/pt-pt\/wp-json\/wp\/v2\/tags?post=75034"}],"curies":[{"name":"wp","href":"https:\/\/api.w.org\/{rel}","templated":true}]}}