{"id":74959,"date":"2026-01-28T15:26:59","date_gmt":"2026-01-28T15:26:59","guid":{"rendered":"https:\/\/transportjournal.com\/2026\/01\/28\/nfi-traz-melissa-curry-de-volta\/"},"modified":"2026-01-28T15:26:59","modified_gmt":"2026-01-28T15:26:59","slug":"nfi-traz-melissa-curry-de-volta","status":"publish","type":"post","link":"https:\/\/transportjournal.com\/pt-pt\/2026\/01\/28\/nfi-traz-melissa-curry-de-volta\/","title":{"rendered":"NFI traz Melissa Curry de volta"},"content":{"rendered":"<p>NFI trouxe Melissa Curry de volta como Vice President of Global. Em seu novo papel, ela liderar\u00e1 o departamento de Global Freight Forwarding e trabalhar\u00e1 diretamente com os operadores atuais. Curry traz uma vasta experi\u00eancia na ind\u00fastria de log\u00edstica, adquirida em v\u00e1rias posi\u00e7\u00f5es de lideran\u00e7a. Sua expertise inclui a constru\u00e7\u00e3o e escalonamento de opera\u00e7\u00f5es log\u00edsticas e de fulfillment complexas, incluindo a lideran\u00e7a de projetos que v\u00e3o do zero \u00e0 plena operacionalidade.<\/p>\n<p>Brian Webb, presidente dos Port Services da NFI, comentou positivamente sobre o retorno de Curry: \u201cMelissa \u00e9 uma executiva operacional altamente respeitada, cujo conhecimento e compreens\u00e3o profunda das cadeias de suprimento globais beneficiar\u00e3o nosso departamento de Port Services.\u201d Webb enfatizou que sua abordagem sistem\u00e1tica e orientada para a implementa\u00e7\u00e3o de estrat\u00e9gias melhorar\u00e1 ainda mais a experi\u00eancia dos embarcadores.<\/p>\n<p>Curry trabalhou anteriormente como l\u00edder de programas na Stord e foi VP de Fulfillment Operations na Nimble Robotics, onde liderou a estrat\u00e9gia e a implementa\u00e7\u00e3o de v\u00e1rios centros de fulfillment modernos. Sua carreira na NFI come\u00e7ou como VP Regional de Opera\u00e7\u00f5es na NFI California Cartage. Al\u00e9m disso, ela \u00e9 membro do conselho da Girls on the Run Los Angeles e possui um Bachelor of Science em Management &amp; International Business pela Villanova University, al\u00e9m de um MBA pela Pepperdine University. Sua forma\u00e7\u00e3o em habilidades de lideran\u00e7a foi realizada na Stanford Graduate School of Business.<\/p>\n<p>NFI \u00e9 um fornecedor integrado de solu\u00e7\u00f5es para a cadeia de suprimentos da Am\u00e9rica do Norte, com sede em Camden, New Jersey. A empresa, que est\u00e1 sob a propriedade da fam\u00edlia Brown desde 1932, gera uma receita anual superior a 3,6 bilh\u00f5es de d\u00f3lares e emprega mais de 18.000 funcion\u00e1rios. A NFI opera mais de 6,78 milh\u00f5es de m\u00b2 de espa\u00e7o de armazenamento e possui uma frota de 5.000 caminh\u00f5es e 14.000 reboques. Os servi\u00e7os da empresa incluem, entre outros, transporte dedicado, armazenamento, fulfillment de e-commerce e solu\u00e7\u00f5es log\u00edsticas globais.<\/p>\n<p>&nbsp;<\/p>\n<p><a href=\"https:\/\/www.nfiindustries.com\/\" target=\"_blank\" rel=\"noopener noreferrer\">www.nfiindustries.com<\/a><\/p>\n<p>&nbsp;<\/p>\n","protected":false},"excerpt":{"rendered":"<p>A NFI trouxe Melissa Curry de volta como Vice President of Global Freight Forwarding para trazer sua ampla experi\u00eancia em log\u00edstica para o departamento.<\/p>\n","protected":false},"author":12,"featured_media":74954,"comment_status":"open","ping_status":"open","sticky":false,"template":"","format":"standard","meta":{"_acf_changed":false,"footnotes":""},"categories":[1626,1617,1616,1615],"tags":[10805,10806,10807,3739,2115,2116,10808,2221,1889,10809,10810,10811,2123,10812,10813,10814,10815,10816,2910,3745,2075,10561,2225,10817,10818,2918,4028,2135,1855,2622,10819,10820,1800,10821,10822,3157,10823,10824,10825,2232,10826,10827,10828,4035,10829,10830,2106,2641,10831,10832,4632,2249],"class_list":["post-74959","post","type-post","status-publish","format-standard","has-post-thumbnail","hentry","category-americas","category-expedicao-e-logistica","category-intermodal-rodoviario","category-pessoas-e-empresas","tag-camden-new-jersey","tag-chaine-dapprovisionnement-nord-americaine","tag-deutsch-nfi","tag-developpement-des-infrastructures","tag-digitalisierung-in-der-logistik","tag-digitalization-in-logistics","tag-e-commerce-fulfillment","tag-entreposage","tag-fachkraeftemangel","tag-fulfillment-e-commerce","tag-fulfillment-operations","tag-fulfillment-operationen","tag-gestion-de-la-chaine-dapprovisionnement","tag-gestion-de-projet-en-logistique","tag-global-freight-forwarding","tag-global-transportation-industry","tag-globale-transportwirtschaft","tag-industrie-du-transport-mondial","tag-industrie-logistique","tag-infrastructure-development","tag-infrastrukturentwicklung","tag-labor-shortage","tag-lagerhaltung","tag-leadership-operationnel","tag-lieferkettenmanagement","tag-logistics-industry","tag-logistics-solutions","tag-logistikbranche","tag-logistikloesungen","tag-logistique-durable","tag-melissa-curry","tag-mise-en-oeuvre-strategique","tag-nachhaltige-logistik","tag-nordamerikanische-lieferkette","tag-north-american-supply-chain","tag-numerisation-dans-la-logistique","tag-operational-leadership","tag-operations-de-fulfillment","tag-operative-fuehrungskraft","tag-penurie-de-main-doeuvre","tag-prestataires-de-transport","tag-project-management-in-logistics","tag-projektmanagement-in-der-logistik","tag-solutions-logistiques","tag-strategic-implementation-francais-nfi","tag-strategische-umsetzung-english-nfi","tag-supply-chain-management","tag-sustainable-logistics","tag-transport-de-fret-mondial","tag-transportation-providers","tag-transportdienstleister","tag-warehousing"],"acf":[],"yoast_head":"<!-- This site is optimized with the Yoast SEO plugin v27.3 - https:\/\/yoast.com\/product\/yoast-seo-wordpress\/ -->\n<title>NFI traz Melissa Curry de volta - ITJ | International Transport Journal<\/title>\n<meta name=\"robots\" content=\"index, follow, max-snippet:-1, max-image-preview:large, max-video-preview:-1\" \/>\n<link rel=\"canonical\" href=\"https:\/\/transportjournal.com\/pt-pt\/2026\/01\/28\/nfi-traz-melissa-curry-de-volta\/\" \/>\n<meta property=\"og:locale\" content=\"pt_PT\" \/>\n<meta property=\"og:type\" content=\"article\" \/>\n<meta property=\"og:title\" content=\"NFI traz Melissa Curry de volta - ITJ | International Transport Journal\" \/>\n<meta property=\"og:description\" content=\"A NFI trouxe Melissa Curry de volta como Vice President of Global Freight Forwarding para trazer sua ampla experi\u00eancia em log\u00edstica para o departamento.\" \/>\n<meta property=\"og:url\" content=\"https:\/\/transportjournal.com\/pt-pt\/2026\/01\/28\/nfi-traz-melissa-curry-de-volta\/\" \/>\n<meta property=\"og:site_name\" content=\"ITJ | International Transport Journal\" \/>\n<meta property=\"article:published_time\" content=\"2026-01-28T15:26:59+00:00\" \/>\n<meta property=\"og:image\" content=\"https:\/\/transportjournal.com\/wp-content\/uploads\/sites\/2\/2026\/01\/Melissa_Curry_Headshot-836x1024-1-aspect-ratio-1400-788.jpeg\" \/>\n\t<meta property=\"og:image:width\" content=\"836\" \/>\n\t<meta property=\"og:image:height\" content=\"470\" \/>\n\t<meta property=\"og:image:type\" content=\"image\/jpeg\" \/>\n<meta name=\"author\" content=\"Andreas Haug\" \/>\n<meta name=\"twitter:card\" content=\"summary_large_image\" \/>\n<meta name=\"twitter:label1\" content=\"Escrito por\" \/>\n\t<meta name=\"twitter:data1\" content=\"Andreas Haug\" \/>\n\t<meta name=\"twitter:label2\" content=\"Tempo estimado de leitura\" \/>\n\t<meta name=\"twitter:data2\" content=\"2 minutos\" \/>\n<script type=\"application\/ld+json\" class=\"yoast-schema-graph\">{\"@context\":\"https:\\\/\\\/schema.org\",\"@graph\":[{\"@type\":\"Article\",\"@id\":\"https:\\\/\\\/transportjournal.com\\\/pt-pt\\\/2026\\\/01\\\/28\\\/nfi-traz-melissa-curry-de-volta\\\/#article\",\"isPartOf\":{\"@id\":\"https:\\\/\\\/transportjournal.com\\\/pt-pt\\\/2026\\\/01\\\/28\\\/nfi-traz-melissa-curry-de-volta\\\/\"},\"author\":{\"name\":\"Andreas Haug\",\"@id\":\"https:\\\/\\\/transportjournal.com\\\/pt-pt\\\/#\\\/schema\\\/person\\\/cf538b3157f15afd7589245a4b3dbd25\"},\"headline\":\"NFI traz Melissa Curry de volta\",\"datePublished\":\"2026-01-28T15:26:59+00:00\",\"mainEntityOfPage\":{\"@id\":\"https:\\\/\\\/transportjournal.com\\\/pt-pt\\\/2026\\\/01\\\/28\\\/nfi-traz-melissa-curry-de-volta\\\/\"},\"wordCount\":353,\"commentCount\":0,\"publisher\":{\"@id\":\"https:\\\/\\\/transportjournal.com\\\/pt-pt\\\/#organization\"},\"image\":{\"@id\":\"https:\\\/\\\/transportjournal.com\\\/pt-pt\\\/2026\\\/01\\\/28\\\/nfi-traz-melissa-curry-de-volta\\\/#primaryimage\"},\"thumbnailUrl\":\"https:\\\/\\\/transportjournal.com\\\/wp-content\\\/uploads\\\/sites\\\/2\\\/2026\\\/01\\\/Melissa_Curry_Headshot-836x1024-1-aspect-ratio-1400-788.jpeg\",\"keywords\":[\"Camden New Jersey\",\"cha\u00eene d'approvisionnement nord-am\u00e9ricaine\",\"Deutsch NFI\",\"d\u00e9veloppement des infrastructures\",\"Digitalisierung in der Logistik\",\"digitalization in logistics\",\"E-Commerce-Fulfillment\",\"entreposage\",\"Fachkr\u00e4ftemangel\",\"fulfillment e-commerce\",\"fulfillment operations\",\"Fulfillment-Operationen\",\"gestion de la cha\u00eene d'approvisionnement\",\"gestion de projet en logistique\",\"Global Freight Forwarding\",\"global transportation industry\",\"globale Transportwirtschaft\",\"industrie du transport mondial\",\"industrie logistique\",\"infrastructure development\",\"Infrastrukturentwicklung\",\"labor shortage\",\"Lagerhaltung\",\"leadership op\u00e9rationnel\",\"Lieferkettenmanagement\",\"logistics industry\",\"logistics solutions\",\"Logistikbranche\",\"Logistikl\u00f6sungen\",\"logistique durable\",\"Melissa Curry\",\"mise en \u0153uvre strat\u00e9gique\",\"nachhaltige Logistik\",\"nordamerikanische Lieferkette\",\"North American supply chain\",\"num\u00e9risation dans la logistique\",\"operational leadership\",\"op\u00e9rations de fulfillment\",\"operative F\u00fchrungskraft\",\"p\u00e9nurie de main-d'\u0153uvre\",\"prestataires de transport\",\"project management in logistics\",\"Projektmanagement in der Logistik\",\"solutions logistiques\",\"strategic implementation Fran\u00e7ais NFI\",\"strategische Umsetzung English NFI\",\"Supply Chain Management\",\"sustainable logistics\",\"transport de fret mondial\",\"transportation providers\",\"Transportdienstleister\",\"warehousing\"],\"articleSection\":[\"Am\u00e9ricas\",\"Expedi\u00e7\u00e3o de Mercadorias e Log\u00edstica\",\"Intermodal \\\/ Rodovi\u00e1rio\",\"Pessoas e empresas\"],\"inLanguage\":\"pt-PT\",\"potentialAction\":[{\"@type\":\"CommentAction\",\"name\":\"Comment\",\"target\":[\"https:\\\/\\\/transportjournal.com\\\/pt-pt\\\/2026\\\/01\\\/28\\\/nfi-traz-melissa-curry-de-volta\\\/#respond\"]}]},{\"@type\":\"WebPage\",\"@id\":\"https:\\\/\\\/transportjournal.com\\\/pt-pt\\\/2026\\\/01\\\/28\\\/nfi-traz-melissa-curry-de-volta\\\/\",\"url\":\"https:\\\/\\\/transportjournal.com\\\/pt-pt\\\/2026\\\/01\\\/28\\\/nfi-traz-melissa-curry-de-volta\\\/\",\"name\":\"NFI traz Melissa Curry de volta - ITJ | International Transport Journal\",\"isPartOf\":{\"@id\":\"https:\\\/\\\/transportjournal.com\\\/pt-pt\\\/#website\"},\"primaryImageOfPage\":{\"@id\":\"https:\\\/\\\/transportjournal.com\\\/pt-pt\\\/2026\\\/01\\\/28\\\/nfi-traz-melissa-curry-de-volta\\\/#primaryimage\"},\"image\":{\"@id\":\"https:\\\/\\\/transportjournal.com\\\/pt-pt\\\/2026\\\/01\\\/28\\\/nfi-traz-melissa-curry-de-volta\\\/#primaryimage\"},\"thumbnailUrl\":\"https:\\\/\\\/transportjournal.com\\\/wp-content\\\/uploads\\\/sites\\\/2\\\/2026\\\/01\\\/Melissa_Curry_Headshot-836x1024-1-aspect-ratio-1400-788.jpeg\",\"datePublished\":\"2026-01-28T15:26:59+00:00\",\"breadcrumb\":{\"@id\":\"https:\\\/\\\/transportjournal.com\\\/pt-pt\\\/2026\\\/01\\\/28\\\/nfi-traz-melissa-curry-de-volta\\\/#breadcrumb\"},\"inLanguage\":\"pt-PT\",\"potentialAction\":[{\"@type\":\"ReadAction\",\"target\":[\"https:\\\/\\\/transportjournal.com\\\/pt-pt\\\/2026\\\/01\\\/28\\\/nfi-traz-melissa-curry-de-volta\\\/\"]}]},{\"@type\":\"ImageObject\",\"inLanguage\":\"pt-PT\",\"@id\":\"https:\\\/\\\/transportjournal.com\\\/pt-pt\\\/2026\\\/01\\\/28\\\/nfi-traz-melissa-curry-de-volta\\\/#primaryimage\",\"url\":\"https:\\\/\\\/transportjournal.com\\\/wp-content\\\/uploads\\\/sites\\\/2\\\/2026\\\/01\\\/Melissa_Curry_Headshot-836x1024-1-aspect-ratio-1400-788.jpeg\",\"contentUrl\":\"https:\\\/\\\/transportjournal.com\\\/wp-content\\\/uploads\\\/sites\\\/2\\\/2026\\\/01\\\/Melissa_Curry_Headshot-836x1024-1-aspect-ratio-1400-788.jpeg\",\"width\":836,\"height\":470},{\"@type\":\"BreadcrumbList\",\"@id\":\"https:\\\/\\\/transportjournal.com\\\/pt-pt\\\/2026\\\/01\\\/28\\\/nfi-traz-melissa-curry-de-volta\\\/#breadcrumb\",\"itemListElement\":[{\"@type\":\"ListItem\",\"position\":1,\"name\":\"Startseite\",\"item\":\"https:\\\/\\\/transportjournal.com\\\/pt-pt\\\/\"},{\"@type\":\"ListItem\",\"position\":2,\"name\":\"NFI traz Melissa Curry de volta\"}]},{\"@type\":\"WebSite\",\"@id\":\"https:\\\/\\\/transportjournal.com\\\/pt-pt\\\/#website\",\"url\":\"https:\\\/\\\/transportjournal.com\\\/pt-pt\\\/\",\"name\":\"ITJ | International Transport Journal\",\"description\":\"Stay informed with the latest global news from the transport, logistics, and supply chain industries. Transport Journal delivers expert insights, analysis, and updates across shipping, aviation, intermodal, and forwarding.\",\"publisher\":{\"@id\":\"https:\\\/\\\/transportjournal.com\\\/pt-pt\\\/#organization\"},\"potentialAction\":[{\"@type\":\"SearchAction\",\"target\":{\"@type\":\"EntryPoint\",\"urlTemplate\":\"https:\\\/\\\/transportjournal.com\\\/pt-pt\\\/?s={search_term_string}\"},\"query-input\":{\"@type\":\"PropertyValueSpecification\",\"valueRequired\":true,\"valueName\":\"search_term_string\"}}],\"inLanguage\":\"pt-PT\"},{\"@type\":\"Organization\",\"@id\":\"https:\\\/\\\/transportjournal.com\\\/pt-pt\\\/#organization\",\"name\":\"Logismedia Group AG\",\"alternateName\":\"Logismedia Group AG\",\"url\":\"https:\\\/\\\/transportjournal.com\\\/pt-pt\\\/\",\"logo\":{\"@type\":\"ImageObject\",\"inLanguage\":\"pt-PT\",\"@id\":\"https:\\\/\\\/transportjournal.com\\\/pt-pt\\\/#\\\/schema\\\/logo\\\/image\\\/\",\"url\":\"https:\\\/\\\/transportjournal.com\\\/wp-content\\\/uploads\\\/sites\\\/2\\\/2025\\\/09\\\/Logo_ITJ.png\",\"contentUrl\":\"https:\\\/\\\/transportjournal.com\\\/wp-content\\\/uploads\\\/sites\\\/2\\\/2025\\\/09\\\/Logo_ITJ.png\",\"width\":799,\"height\":326,\"caption\":\"Logismedia Group AG\"},\"image\":{\"@id\":\"https:\\\/\\\/transportjournal.com\\\/pt-pt\\\/#\\\/schema\\\/logo\\\/image\\\/\"},\"sameAs\":[\"https:\\\/\\\/www.linkedin.com\\\/company\\\/56456496\\\/admin\\\/dashboard\\\/\",\"https:\\\/\\\/www.instagram.com\\\/logismediagroup\\\/\",\"https:\\\/\\\/www.youtube.com\\\/@LogiamediaGroupAG\"]},{\"@type\":\"Person\",\"@id\":\"https:\\\/\\\/transportjournal.com\\\/pt-pt\\\/#\\\/schema\\\/person\\\/cf538b3157f15afd7589245a4b3dbd25\",\"name\":\"Andreas Haug\",\"url\":\"https:\\\/\\\/transportjournal.com\\\/pt-pt\\\/author\\\/andreas\\\/\"}]}<\/script>\n<!-- \/ Yoast SEO plugin. -->","yoast_head_json":{"title":"NFI traz Melissa Curry de volta - ITJ | International Transport Journal","robots":{"index":"index","follow":"follow","max-snippet":"max-snippet:-1","max-image-preview":"max-image-preview:large","max-video-preview":"max-video-preview:-1"},"canonical":"https:\/\/transportjournal.com\/pt-pt\/2026\/01\/28\/nfi-traz-melissa-curry-de-volta\/","og_locale":"pt_PT","og_type":"article","og_title":"NFI traz Melissa Curry de volta - ITJ | International Transport Journal","og_description":"A NFI trouxe Melissa Curry de volta como Vice President of Global Freight Forwarding para trazer sua ampla experi\u00eancia em log\u00edstica para o departamento.","og_url":"https:\/\/transportjournal.com\/pt-pt\/2026\/01\/28\/nfi-traz-melissa-curry-de-volta\/","og_site_name":"ITJ | International Transport Journal","article_published_time":"2026-01-28T15:26:59+00:00","og_image":[{"width":836,"height":470,"url":"https:\/\/transportjournal.com\/wp-content\/uploads\/sites\/2\/2026\/01\/Melissa_Curry_Headshot-836x1024-1-aspect-ratio-1400-788.jpeg","type":"image\/jpeg"}],"author":"Andreas Haug","twitter_card":"summary_large_image","twitter_misc":{"Escrito por":"Andreas Haug","Tempo estimado de leitura":"2 minutos"},"schema":{"@context":"https:\/\/schema.org","@graph":[{"@type":"Article","@id":"https:\/\/transportjournal.com\/pt-pt\/2026\/01\/28\/nfi-traz-melissa-curry-de-volta\/#article","isPartOf":{"@id":"https:\/\/transportjournal.com\/pt-pt\/2026\/01\/28\/nfi-traz-melissa-curry-de-volta\/"},"author":{"name":"Andreas Haug","@id":"https:\/\/transportjournal.com\/pt-pt\/#\/schema\/person\/cf538b3157f15afd7589245a4b3dbd25"},"headline":"NFI traz Melissa Curry de volta","datePublished":"2026-01-28T15:26:59+00:00","mainEntityOfPage":{"@id":"https:\/\/transportjournal.com\/pt-pt\/2026\/01\/28\/nfi-traz-melissa-curry-de-volta\/"},"wordCount":353,"commentCount":0,"publisher":{"@id":"https:\/\/transportjournal.com\/pt-pt\/#organization"},"image":{"@id":"https:\/\/transportjournal.com\/pt-pt\/2026\/01\/28\/nfi-traz-melissa-curry-de-volta\/#primaryimage"},"thumbnailUrl":"https:\/\/transportjournal.com\/wp-content\/uploads\/sites\/2\/2026\/01\/Melissa_Curry_Headshot-836x1024-1-aspect-ratio-1400-788.jpeg","keywords":["Camden New Jersey","cha\u00eene d'approvisionnement nord-am\u00e9ricaine","Deutsch NFI","d\u00e9veloppement des infrastructures","Digitalisierung in der Logistik","digitalization in logistics","E-Commerce-Fulfillment","entreposage","Fachkr\u00e4ftemangel","fulfillment e-commerce","fulfillment operations","Fulfillment-Operationen","gestion de la cha\u00eene d'approvisionnement","gestion de projet en logistique","Global Freight Forwarding","global transportation industry","globale Transportwirtschaft","industrie du transport mondial","industrie logistique","infrastructure development","Infrastrukturentwicklung","labor shortage","Lagerhaltung","leadership op\u00e9rationnel","Lieferkettenmanagement","logistics industry","logistics solutions","Logistikbranche","Logistikl\u00f6sungen","logistique durable","Melissa Curry","mise en \u0153uvre strat\u00e9gique","nachhaltige Logistik","nordamerikanische Lieferkette","North American supply chain","num\u00e9risation dans la logistique","operational leadership","op\u00e9rations de fulfillment","operative F\u00fchrungskraft","p\u00e9nurie de main-d'\u0153uvre","prestataires de transport","project management in logistics","Projektmanagement in der Logistik","solutions logistiques","strategic implementation Fran\u00e7ais NFI","strategische Umsetzung English NFI","Supply Chain Management","sustainable logistics","transport de fret mondial","transportation providers","Transportdienstleister","warehousing"],"articleSection":["Am\u00e9ricas","Expedi\u00e7\u00e3o de Mercadorias e Log\u00edstica","Intermodal \/ Rodovi\u00e1rio","Pessoas e empresas"],"inLanguage":"pt-PT","potentialAction":[{"@type":"CommentAction","name":"Comment","target":["https:\/\/transportjournal.com\/pt-pt\/2026\/01\/28\/nfi-traz-melissa-curry-de-volta\/#respond"]}]},{"@type":"WebPage","@id":"https:\/\/transportjournal.com\/pt-pt\/2026\/01\/28\/nfi-traz-melissa-curry-de-volta\/","url":"https:\/\/transportjournal.com\/pt-pt\/2026\/01\/28\/nfi-traz-melissa-curry-de-volta\/","name":"NFI traz Melissa Curry de volta - ITJ | International Transport Journal","isPartOf":{"@id":"https:\/\/transportjournal.com\/pt-pt\/#website"},"primaryImageOfPage":{"@id":"https:\/\/transportjournal.com\/pt-pt\/2026\/01\/28\/nfi-traz-melissa-curry-de-volta\/#primaryimage"},"image":{"@id":"https:\/\/transportjournal.com\/pt-pt\/2026\/01\/28\/nfi-traz-melissa-curry-de-volta\/#primaryimage"},"thumbnailUrl":"https:\/\/transportjournal.com\/wp-content\/uploads\/sites\/2\/2026\/01\/Melissa_Curry_Headshot-836x1024-1-aspect-ratio-1400-788.jpeg","datePublished":"2026-01-28T15:26:59+00:00","breadcrumb":{"@id":"https:\/\/transportjournal.com\/pt-pt\/2026\/01\/28\/nfi-traz-melissa-curry-de-volta\/#breadcrumb"},"inLanguage":"pt-PT","potentialAction":[{"@type":"ReadAction","target":["https:\/\/transportjournal.com\/pt-pt\/2026\/01\/28\/nfi-traz-melissa-curry-de-volta\/"]}]},{"@type":"ImageObject","inLanguage":"pt-PT","@id":"https:\/\/transportjournal.com\/pt-pt\/2026\/01\/28\/nfi-traz-melissa-curry-de-volta\/#primaryimage","url":"https:\/\/transportjournal.com\/wp-content\/uploads\/sites\/2\/2026\/01\/Melissa_Curry_Headshot-836x1024-1-aspect-ratio-1400-788.jpeg","contentUrl":"https:\/\/transportjournal.com\/wp-content\/uploads\/sites\/2\/2026\/01\/Melissa_Curry_Headshot-836x1024-1-aspect-ratio-1400-788.jpeg","width":836,"height":470},{"@type":"BreadcrumbList","@id":"https:\/\/transportjournal.com\/pt-pt\/2026\/01\/28\/nfi-traz-melissa-curry-de-volta\/#breadcrumb","itemListElement":[{"@type":"ListItem","position":1,"name":"Startseite","item":"https:\/\/transportjournal.com\/pt-pt\/"},{"@type":"ListItem","position":2,"name":"NFI traz Melissa Curry de volta"}]},{"@type":"WebSite","@id":"https:\/\/transportjournal.com\/pt-pt\/#website","url":"https:\/\/transportjournal.com\/pt-pt\/","name":"ITJ | International Transport Journal","description":"Stay informed with the latest global news from the transport, logistics, and supply chain industries. Transport Journal delivers expert insights, analysis, and updates across shipping, aviation, intermodal, and forwarding.","publisher":{"@id":"https:\/\/transportjournal.com\/pt-pt\/#organization"},"potentialAction":[{"@type":"SearchAction","target":{"@type":"EntryPoint","urlTemplate":"https:\/\/transportjournal.com\/pt-pt\/?s={search_term_string}"},"query-input":{"@type":"PropertyValueSpecification","valueRequired":true,"valueName":"search_term_string"}}],"inLanguage":"pt-PT"},{"@type":"Organization","@id":"https:\/\/transportjournal.com\/pt-pt\/#organization","name":"Logismedia Group AG","alternateName":"Logismedia Group AG","url":"https:\/\/transportjournal.com\/pt-pt\/","logo":{"@type":"ImageObject","inLanguage":"pt-PT","@id":"https:\/\/transportjournal.com\/pt-pt\/#\/schema\/logo\/image\/","url":"https:\/\/transportjournal.com\/wp-content\/uploads\/sites\/2\/2025\/09\/Logo_ITJ.png","contentUrl":"https:\/\/transportjournal.com\/wp-content\/uploads\/sites\/2\/2025\/09\/Logo_ITJ.png","width":799,"height":326,"caption":"Logismedia Group AG"},"image":{"@id":"https:\/\/transportjournal.com\/pt-pt\/#\/schema\/logo\/image\/"},"sameAs":["https:\/\/www.linkedin.com\/company\/56456496\/admin\/dashboard\/","https:\/\/www.instagram.com\/logismediagroup\/","https:\/\/www.youtube.com\/@LogiamediaGroupAG"]},{"@type":"Person","@id":"https:\/\/transportjournal.com\/pt-pt\/#\/schema\/person\/cf538b3157f15afd7589245a4b3dbd25","name":"Andreas Haug","url":"https:\/\/transportjournal.com\/pt-pt\/author\/andreas\/"}]}},"_links":{"self":[{"href":"https:\/\/transportjournal.com\/pt-pt\/wp-json\/wp\/v2\/posts\/74959","targetHints":{"allow":["GET"]}}],"collection":[{"href":"https:\/\/transportjournal.com\/pt-pt\/wp-json\/wp\/v2\/posts"}],"about":[{"href":"https:\/\/transportjournal.com\/pt-pt\/wp-json\/wp\/v2\/types\/post"}],"author":[{"embeddable":true,"href":"https:\/\/transportjournal.com\/pt-pt\/wp-json\/wp\/v2\/users\/12"}],"replies":[{"embeddable":true,"href":"https:\/\/transportjournal.com\/pt-pt\/wp-json\/wp\/v2\/comments?post=74959"}],"version-history":[{"count":0,"href":"https:\/\/transportjournal.com\/pt-pt\/wp-json\/wp\/v2\/posts\/74959\/revisions"}],"wp:featuredmedia":[{"embeddable":true,"href":"https:\/\/transportjournal.com\/pt-pt\/wp-json\/wp\/v2\/media\/74954"}],"wp:attachment":[{"href":"https:\/\/transportjournal.com\/pt-pt\/wp-json\/wp\/v2\/media?parent=74959"}],"wp:term":[{"taxonomy":"category","embeddable":true,"href":"https:\/\/transportjournal.com\/pt-pt\/wp-json\/wp\/v2\/categories?post=74959"},{"taxonomy":"post_tag","embeddable":true,"href":"https:\/\/transportjournal.com\/pt-pt\/wp-json\/wp\/v2\/tags?post=74959"}],"curies":[{"name":"wp","href":"https:\/\/api.w.org\/{rel}","templated":true}]}}