{"id":74877,"date":"2026-01-28T11:51:12","date_gmt":"2026-01-28T11:51:12","guid":{"rendered":"https:\/\/transportjournal.com\/2026\/01\/28\/ravi-tulsyan-novo-cfo-da-odyssey\/"},"modified":"2026-01-28T11:51:12","modified_gmt":"2026-01-28T11:51:12","slug":"ravi-tulsyan-novo-cfo-da-odyssey","status":"publish","type":"post","link":"https:\/\/transportjournal.com\/pt-pt\/2026\/01\/28\/ravi-tulsyan-novo-cfo-da-odyssey\/","title":{"rendered":"Ravi Tulsyan novo CFO da Odyssey"},"content":{"rendered":"<p>Ravi Tulsyan foi nomeado Chief Financial Officer (CFO) da Odyssey Logistics. Ele traz mais de duas d\u00e9cadas de experi\u00eancia em lideran\u00e7a financeira, adquirida em diversas empresas dos setores de log\u00edstica e industrial. Recentemente, foi CFO da XPO, Inc., onde liderou os departamentos financeiros e jur\u00eddicos globais.<\/p>\n<p>Tulsyan possui amplo conhecimento nas \u00e1reas de contabilidade, tesouraria, impostos, planejamento e an\u00e1lise financeira, al\u00e9m de compras. Durante seu tempo na XPO, desempenhou um papel crucial em v\u00e1rias iniciativas de cria\u00e7\u00e3o de valor, incluindo as bem-sucedidas desincorpora\u00e7\u00f5es da GXO Logistics e da RXO, bem como a venda do neg\u00f3cio intermodal da XPO. Anteriormente, ocupou cargos financeiros de lideran\u00e7a na The ADT Corporation e na Tyco International, onde acompanhou grandes transa\u00e7\u00f5es nos mercados de capitais e transforma\u00e7\u00f5es corporativas. Sua carreira come\u00e7ou na PepsiCo e na Xerox Corporation.<\/p>\n<h3>Expectativas para o novo cargo<\/h3>\n<p>Hans Stig Moller, CEO da Odyssey Logistics, comentou sobre a nomea\u00e7\u00e3o de Tulsyan: \u201cRavi traz a lideran\u00e7a financeira que precisamos nesta fase de crescimento. Ele liderou com sucesso desincorpora\u00e7\u00f5es, aquisi\u00e7\u00f5es e grandes transforma\u00e7\u00f5es, o que ser\u00e1 inestim\u00e1vel para a Odyssey enquanto continuamos a crescer.\u201d<\/p>\n<p>Tulsyan enfatizou as oportunidades que a Odyssey oferece: \u201cA Odyssey construiu uma plataforma multimodal diferenciada, que oferece claras oportunidades de cria\u00e7\u00e3o de valor. Estou ansioso para trabalhar com a equipe de lideran\u00e7a para fortalecer a disciplina financeira, acelerar o crescimento lucrativo e desenvolver uma plataforma escal\u00e1vel que maximize o valor corporativo a longo prazo.\u201d<\/p>\n<p>Tulsyan sucede Mike Pozzi, que trabalhou na Odyssey por quase 12 anos e, durante esse tempo, liderou a organiza\u00e7\u00e3o financeira atrav\u00e9s de transforma\u00e7\u00f5es, criando uma base s\u00f3lida para o futuro. Moller reconheceu a contribui\u00e7\u00e3o de Pozzi: \u201cMike deu contribui\u00e7\u00f5es positivas para nossa empresa durante um per\u00edodo de crescimento significativo, e desejamos a ele muito sucesso no futuro.\u201d<\/p>\n<p>&nbsp;<\/p>\n<p><a href=\"https:\/\/www.odysseylogistics.com\/\" target=\"_blank\" rel=\"noopener noreferrer\">www.odysseylogistics.com<\/a><\/p>\n<p>&nbsp;<\/p>\n","protected":false},"excerpt":{"rendered":"<p>Ravi Tulsyan foi nomeado CFO da Odyssey Logistics e traz ampla experi\u00eancia em gest\u00e3o financeira, al\u00e9m de significativos sucessos na ind\u00fastria.<\/p>\n","protected":false},"author":12,"featured_media":74872,"comment_status":"open","ping_status":"open","sticky":false,"template":"","format":"standard","meta":{"_acf_changed":false,"footnotes":""},"categories":[1626,1617,1615],"tags":[10726,10727,9458,9459,10728,10729,10730,10731,10732,10733,2653,1887,2166,7974,10734,10735,10736,10737,10738,10739,10740,2123,10741,10742,3328,10743,10744,10745,10746,10747,4000,10748,10749,10750,10751,10752,10753,10754,2139,10755,7992,10756,10757,10758,10759,2106,2154,10760,2684,10761,10762,10763,10764,10765,10766,10767],"class_list":["post-74877","post","type-post","status-publish","format-standard","has-post-thumbnail","hentry","category-americas","category-expedicao-e-logistica","category-pessoas-e-empresas","tag-accounting-and-treasury","tag-capital-markets-transactions","tag-cfo-appointment","tag-cfo-ernennung","tag-comptabilite-et-tresorerie","tag-corporate-transformations","tag-creation-de-valeur-logistique","tag-croissance-de-lorganisation-financiere","tag-departements-financiers-mondiaux","tag-deutsch-odyssey-logistics","tag-digital-transformation-logistics","tag-digitale-transformation-logistik","tag-durabilite-dans-la-logistique","tag-fachkraeftemangel-logistikbranche","tag-financial-leadership-logistics","tag-financial-organization-growth","tag-financial-planning-and-analysis","tag-finanzfuehrung-logistik","tag-finanzorganisation-wachstum","tag-finanzplanung-und-analyse","tag-fusions-et-scissions","tag-gestion-de-la-chaine-dapprovisionnement","tag-global-finance-departments","tag-globale-finanzabteilungen","tag-infrastructure-logistique","tag-intermodal-business-models","tag-intermodale-geschaeftsmodelle","tag-kapitalmaerkte-transaktionen","tag-labor-shortage-logistics-industry","tag-leadership-financier-logistique","tag-logistics-infrastructure","tag-logistics-transformations","tag-logistische-infrastruktur","tag-logistische-transformationen","tag-mergers-and-spin-offs-francais-odyssey-logistics","tag-modeles-daffaires-intermodaux","tag-multimodal-platform","tag-multimodale-plattform","tag-nachhaltigkeit-in-der-logistik","tag-nomination-de-cfo","tag-penurie-de-main-doeuvre-secteur-logistique","tag-planification-et-analyse-financieres","tag-plateforme-multimodale","tag-ravi-tulsyan-cfo","tag-rechnungswesen-und-treasury","tag-supply-chain-management","tag-sustainability-in-logistics","tag-transactions-sur-les-marches-de-capitaux","tag-transformation-numerique-logistique","tag-transformations-dentreprise","tag-transformations-logistiques","tag-uebernahmen-und-abspaltungen-english-odyssey-logistics","tag-unternehmensumwandlungen","tag-value-creation-logistics","tag-wertschoepfung-logistik","tag-xpo-inc-cfo"],"acf":[],"yoast_head":"<!-- This site is optimized with the Yoast SEO plugin v27.3 - https:\/\/yoast.com\/product\/yoast-seo-wordpress\/ -->\n<title>Ravi Tulsyan novo CFO da Odyssey - ITJ | International Transport Journal<\/title>\n<meta name=\"robots\" content=\"index, follow, max-snippet:-1, max-image-preview:large, max-video-preview:-1\" \/>\n<link rel=\"canonical\" href=\"https:\/\/transportjournal.com\/pt-pt\/2026\/01\/28\/ravi-tulsyan-novo-cfo-da-odyssey\/\" \/>\n<meta property=\"og:locale\" content=\"pt_PT\" \/>\n<meta property=\"og:type\" content=\"article\" \/>\n<meta property=\"og:title\" content=\"Ravi Tulsyan novo CFO da Odyssey - ITJ | International Transport Journal\" \/>\n<meta property=\"og:description\" content=\"Ravi Tulsyan foi nomeado CFO da Odyssey Logistics e traz ampla experi\u00eancia em gest\u00e3o financeira, al\u00e9m de significativos sucessos na ind\u00fastria.\" \/>\n<meta property=\"og:url\" content=\"https:\/\/transportjournal.com\/pt-pt\/2026\/01\/28\/ravi-tulsyan-novo-cfo-da-odyssey\/\" \/>\n<meta property=\"og:site_name\" content=\"ITJ | International Transport Journal\" \/>\n<meta property=\"article:published_time\" content=\"2026-01-28T11:51:12+00:00\" \/>\n<meta property=\"og:image\" content=\"https:\/\/transportjournal.com\/wp-content\/uploads\/sites\/2\/2026\/01\/Odyssey_Ravi_Tulsyan_040-vF-Cropped-2048x1742-1-aspect-ratio-1400-788.png\" \/>\n\t<meta property=\"og:image:width\" content=\"2048\" \/>\n\t<meta property=\"og:image:height\" content=\"1152\" \/>\n\t<meta property=\"og:image:type\" content=\"image\/png\" \/>\n<meta name=\"author\" content=\"Andreas Haug\" \/>\n<meta name=\"twitter:card\" content=\"summary_large_image\" \/>\n<meta name=\"twitter:label1\" content=\"Escrito por\" \/>\n\t<meta name=\"twitter:data1\" content=\"Andreas Haug\" \/>\n\t<meta name=\"twitter:label2\" content=\"Tempo estimado de leitura\" \/>\n\t<meta name=\"twitter:data2\" content=\"2 minutos\" \/>\n<script type=\"application\/ld+json\" class=\"yoast-schema-graph\">{\"@context\":\"https:\\\/\\\/schema.org\",\"@graph\":[{\"@type\":\"Article\",\"@id\":\"https:\\\/\\\/transportjournal.com\\\/pt-pt\\\/2026\\\/01\\\/28\\\/ravi-tulsyan-novo-cfo-da-odyssey\\\/#article\",\"isPartOf\":{\"@id\":\"https:\\\/\\\/transportjournal.com\\\/pt-pt\\\/2026\\\/01\\\/28\\\/ravi-tulsyan-novo-cfo-da-odyssey\\\/\"},\"author\":{\"name\":\"Andreas Haug\",\"@id\":\"https:\\\/\\\/transportjournal.com\\\/pt-pt\\\/#\\\/schema\\\/person\\\/cf538b3157f15afd7589245a4b3dbd25\"},\"headline\":\"Ravi Tulsyan novo CFO da Odyssey\",\"datePublished\":\"2026-01-28T11:51:12+00:00\",\"mainEntityOfPage\":{\"@id\":\"https:\\\/\\\/transportjournal.com\\\/pt-pt\\\/2026\\\/01\\\/28\\\/ravi-tulsyan-novo-cfo-da-odyssey\\\/\"},\"wordCount\":333,\"commentCount\":0,\"publisher\":{\"@id\":\"https:\\\/\\\/transportjournal.com\\\/pt-pt\\\/#organization\"},\"image\":{\"@id\":\"https:\\\/\\\/transportjournal.com\\\/pt-pt\\\/2026\\\/01\\\/28\\\/ravi-tulsyan-novo-cfo-da-odyssey\\\/#primaryimage\"},\"thumbnailUrl\":\"https:\\\/\\\/transportjournal.com\\\/wp-content\\\/uploads\\\/sites\\\/2\\\/2026\\\/01\\\/Odyssey_Ravi_Tulsyan_040-vF-Cropped-2048x1742-1-aspect-ratio-1400-788.png\",\"keywords\":[\"accounting and treasury\",\"capital markets transactions\",\"CFO appointment\",\"CFO Ernennung\",\"comptabilit\u00e9 et tr\u00e9sorerie\",\"corporate transformations\",\"cr\u00e9ation de valeur logistique\",\"croissance de l'organisation financi\u00e8re\",\"d\u00e9partements financiers mondiaux\",\"Deutsch Odyssey Logistics\",\"digital transformation logistics\",\"digitale Transformation Logistik\",\"durabilit\u00e9 dans la logistique\",\"Fachkr\u00e4ftemangel Logistikbranche\",\"financial leadership logistics\",\"financial organization growth\",\"financial planning and analysis\",\"Finanzf\u00fchrung Logistik\",\"Finanzorganisation Wachstum\",\"Finanzplanung und -analyse\",\"fusions et scissions\",\"gestion de la cha\u00eene d'approvisionnement\",\"global finance departments\",\"globale Finanzabteilungen\",\"infrastructure logistique\",\"intermodal business models\",\"intermodale Gesch\u00e4ftsmodelle\",\"Kapitalm\u00e4rkte Transaktionen\",\"labor shortage logistics industry\",\"leadership financier logistique\",\"logistics infrastructure\",\"logistics transformations\",\"logistische Infrastruktur\",\"logistische Transformationen\",\"mergers and spin-offs Fran\u00e7ais Odyssey Logistics\",\"mod\u00e8les d'affaires intermodaux\",\"multimodal platform\",\"multimodale Plattform\",\"Nachhaltigkeit in der Logistik\",\"nomination de CFO\",\"p\u00e9nurie de main-d'\u0153uvre secteur logistique\",\"planification et analyse financi\u00e8res\",\"plateforme multimodale\",\"Ravi Tulsyan CFO\",\"Rechnungswesen und Treasury\",\"Supply Chain Management\",\"sustainability in logistics\",\"transactions sur les march\u00e9s de capitaux\",\"transformation num\u00e9rique logistique\",\"transformations d'entreprise\",\"transformations logistiques\",\"\u00dcbernahmen und Abspaltungen English Odyssey Logistics\",\"Unternehmensumwandlungen\",\"value creation logistics\",\"Wertsch\u00f6pfung Logistik\",\"XPO Inc. CFO\"],\"articleSection\":[\"Am\u00e9ricas\",\"Expedi\u00e7\u00e3o de Mercadorias e Log\u00edstica\",\"Pessoas e empresas\"],\"inLanguage\":\"pt-PT\",\"potentialAction\":[{\"@type\":\"CommentAction\",\"name\":\"Comment\",\"target\":[\"https:\\\/\\\/transportjournal.com\\\/pt-pt\\\/2026\\\/01\\\/28\\\/ravi-tulsyan-novo-cfo-da-odyssey\\\/#respond\"]}]},{\"@type\":\"WebPage\",\"@id\":\"https:\\\/\\\/transportjournal.com\\\/pt-pt\\\/2026\\\/01\\\/28\\\/ravi-tulsyan-novo-cfo-da-odyssey\\\/\",\"url\":\"https:\\\/\\\/transportjournal.com\\\/pt-pt\\\/2026\\\/01\\\/28\\\/ravi-tulsyan-novo-cfo-da-odyssey\\\/\",\"name\":\"Ravi Tulsyan novo CFO da Odyssey - ITJ | International Transport Journal\",\"isPartOf\":{\"@id\":\"https:\\\/\\\/transportjournal.com\\\/pt-pt\\\/#website\"},\"primaryImageOfPage\":{\"@id\":\"https:\\\/\\\/transportjournal.com\\\/pt-pt\\\/2026\\\/01\\\/28\\\/ravi-tulsyan-novo-cfo-da-odyssey\\\/#primaryimage\"},\"image\":{\"@id\":\"https:\\\/\\\/transportjournal.com\\\/pt-pt\\\/2026\\\/01\\\/28\\\/ravi-tulsyan-novo-cfo-da-odyssey\\\/#primaryimage\"},\"thumbnailUrl\":\"https:\\\/\\\/transportjournal.com\\\/wp-content\\\/uploads\\\/sites\\\/2\\\/2026\\\/01\\\/Odyssey_Ravi_Tulsyan_040-vF-Cropped-2048x1742-1-aspect-ratio-1400-788.png\",\"datePublished\":\"2026-01-28T11:51:12+00:00\",\"breadcrumb\":{\"@id\":\"https:\\\/\\\/transportjournal.com\\\/pt-pt\\\/2026\\\/01\\\/28\\\/ravi-tulsyan-novo-cfo-da-odyssey\\\/#breadcrumb\"},\"inLanguage\":\"pt-PT\",\"potentialAction\":[{\"@type\":\"ReadAction\",\"target\":[\"https:\\\/\\\/transportjournal.com\\\/pt-pt\\\/2026\\\/01\\\/28\\\/ravi-tulsyan-novo-cfo-da-odyssey\\\/\"]}]},{\"@type\":\"ImageObject\",\"inLanguage\":\"pt-PT\",\"@id\":\"https:\\\/\\\/transportjournal.com\\\/pt-pt\\\/2026\\\/01\\\/28\\\/ravi-tulsyan-novo-cfo-da-odyssey\\\/#primaryimage\",\"url\":\"https:\\\/\\\/transportjournal.com\\\/wp-content\\\/uploads\\\/sites\\\/2\\\/2026\\\/01\\\/Odyssey_Ravi_Tulsyan_040-vF-Cropped-2048x1742-1-aspect-ratio-1400-788.png\",\"contentUrl\":\"https:\\\/\\\/transportjournal.com\\\/wp-content\\\/uploads\\\/sites\\\/2\\\/2026\\\/01\\\/Odyssey_Ravi_Tulsyan_040-vF-Cropped-2048x1742-1-aspect-ratio-1400-788.png\",\"width\":2048,\"height\":1152},{\"@type\":\"BreadcrumbList\",\"@id\":\"https:\\\/\\\/transportjournal.com\\\/pt-pt\\\/2026\\\/01\\\/28\\\/ravi-tulsyan-novo-cfo-da-odyssey\\\/#breadcrumb\",\"itemListElement\":[{\"@type\":\"ListItem\",\"position\":1,\"name\":\"Startseite\",\"item\":\"https:\\\/\\\/transportjournal.com\\\/pt-pt\\\/\"},{\"@type\":\"ListItem\",\"position\":2,\"name\":\"Ravi Tulsyan novo CFO da Odyssey\"}]},{\"@type\":\"WebSite\",\"@id\":\"https:\\\/\\\/transportjournal.com\\\/pt-pt\\\/#website\",\"url\":\"https:\\\/\\\/transportjournal.com\\\/pt-pt\\\/\",\"name\":\"ITJ | International Transport Journal\",\"description\":\"Stay informed with the latest global news from the transport, logistics, and supply chain industries. Transport Journal delivers expert insights, analysis, and updates across shipping, aviation, intermodal, and forwarding.\",\"publisher\":{\"@id\":\"https:\\\/\\\/transportjournal.com\\\/pt-pt\\\/#organization\"},\"potentialAction\":[{\"@type\":\"SearchAction\",\"target\":{\"@type\":\"EntryPoint\",\"urlTemplate\":\"https:\\\/\\\/transportjournal.com\\\/pt-pt\\\/?s={search_term_string}\"},\"query-input\":{\"@type\":\"PropertyValueSpecification\",\"valueRequired\":true,\"valueName\":\"search_term_string\"}}],\"inLanguage\":\"pt-PT\"},{\"@type\":\"Organization\",\"@id\":\"https:\\\/\\\/transportjournal.com\\\/pt-pt\\\/#organization\",\"name\":\"Logismedia Group AG\",\"alternateName\":\"Logismedia Group AG\",\"url\":\"https:\\\/\\\/transportjournal.com\\\/pt-pt\\\/\",\"logo\":{\"@type\":\"ImageObject\",\"inLanguage\":\"pt-PT\",\"@id\":\"https:\\\/\\\/transportjournal.com\\\/pt-pt\\\/#\\\/schema\\\/logo\\\/image\\\/\",\"url\":\"https:\\\/\\\/transportjournal.com\\\/wp-content\\\/uploads\\\/sites\\\/2\\\/2025\\\/09\\\/Logo_ITJ.png\",\"contentUrl\":\"https:\\\/\\\/transportjournal.com\\\/wp-content\\\/uploads\\\/sites\\\/2\\\/2025\\\/09\\\/Logo_ITJ.png\",\"width\":799,\"height\":326,\"caption\":\"Logismedia Group AG\"},\"image\":{\"@id\":\"https:\\\/\\\/transportjournal.com\\\/pt-pt\\\/#\\\/schema\\\/logo\\\/image\\\/\"},\"sameAs\":[\"https:\\\/\\\/www.linkedin.com\\\/company\\\/56456496\\\/admin\\\/dashboard\\\/\",\"https:\\\/\\\/www.instagram.com\\\/logismediagroup\\\/\",\"https:\\\/\\\/www.youtube.com\\\/@LogiamediaGroupAG\"]},{\"@type\":\"Person\",\"@id\":\"https:\\\/\\\/transportjournal.com\\\/pt-pt\\\/#\\\/schema\\\/person\\\/cf538b3157f15afd7589245a4b3dbd25\",\"name\":\"Andreas Haug\",\"url\":\"https:\\\/\\\/transportjournal.com\\\/pt-pt\\\/author\\\/andreas\\\/\"}]}<\/script>\n<!-- \/ Yoast SEO plugin. -->","yoast_head_json":{"title":"Ravi Tulsyan novo CFO da Odyssey - ITJ | International Transport Journal","robots":{"index":"index","follow":"follow","max-snippet":"max-snippet:-1","max-image-preview":"max-image-preview:large","max-video-preview":"max-video-preview:-1"},"canonical":"https:\/\/transportjournal.com\/pt-pt\/2026\/01\/28\/ravi-tulsyan-novo-cfo-da-odyssey\/","og_locale":"pt_PT","og_type":"article","og_title":"Ravi Tulsyan novo CFO da Odyssey - ITJ | International Transport Journal","og_description":"Ravi Tulsyan foi nomeado CFO da Odyssey Logistics e traz ampla experi\u00eancia em gest\u00e3o financeira, al\u00e9m de significativos sucessos na ind\u00fastria.","og_url":"https:\/\/transportjournal.com\/pt-pt\/2026\/01\/28\/ravi-tulsyan-novo-cfo-da-odyssey\/","og_site_name":"ITJ | International Transport Journal","article_published_time":"2026-01-28T11:51:12+00:00","og_image":[{"width":2048,"height":1152,"url":"https:\/\/transportjournal.com\/wp-content\/uploads\/sites\/2\/2026\/01\/Odyssey_Ravi_Tulsyan_040-vF-Cropped-2048x1742-1-aspect-ratio-1400-788.png","type":"image\/png"}],"author":"Andreas Haug","twitter_card":"summary_large_image","twitter_misc":{"Escrito por":"Andreas Haug","Tempo estimado de leitura":"2 minutos"},"schema":{"@context":"https:\/\/schema.org","@graph":[{"@type":"Article","@id":"https:\/\/transportjournal.com\/pt-pt\/2026\/01\/28\/ravi-tulsyan-novo-cfo-da-odyssey\/#article","isPartOf":{"@id":"https:\/\/transportjournal.com\/pt-pt\/2026\/01\/28\/ravi-tulsyan-novo-cfo-da-odyssey\/"},"author":{"name":"Andreas Haug","@id":"https:\/\/transportjournal.com\/pt-pt\/#\/schema\/person\/cf538b3157f15afd7589245a4b3dbd25"},"headline":"Ravi Tulsyan novo CFO da Odyssey","datePublished":"2026-01-28T11:51:12+00:00","mainEntityOfPage":{"@id":"https:\/\/transportjournal.com\/pt-pt\/2026\/01\/28\/ravi-tulsyan-novo-cfo-da-odyssey\/"},"wordCount":333,"commentCount":0,"publisher":{"@id":"https:\/\/transportjournal.com\/pt-pt\/#organization"},"image":{"@id":"https:\/\/transportjournal.com\/pt-pt\/2026\/01\/28\/ravi-tulsyan-novo-cfo-da-odyssey\/#primaryimage"},"thumbnailUrl":"https:\/\/transportjournal.com\/wp-content\/uploads\/sites\/2\/2026\/01\/Odyssey_Ravi_Tulsyan_040-vF-Cropped-2048x1742-1-aspect-ratio-1400-788.png","keywords":["accounting and treasury","capital markets transactions","CFO appointment","CFO Ernennung","comptabilit\u00e9 et tr\u00e9sorerie","corporate transformations","cr\u00e9ation de valeur logistique","croissance de l'organisation financi\u00e8re","d\u00e9partements financiers mondiaux","Deutsch Odyssey Logistics","digital transformation logistics","digitale Transformation Logistik","durabilit\u00e9 dans la logistique","Fachkr\u00e4ftemangel Logistikbranche","financial leadership logistics","financial organization growth","financial planning and analysis","Finanzf\u00fchrung Logistik","Finanzorganisation Wachstum","Finanzplanung und -analyse","fusions et scissions","gestion de la cha\u00eene d'approvisionnement","global finance departments","globale Finanzabteilungen","infrastructure logistique","intermodal business models","intermodale Gesch\u00e4ftsmodelle","Kapitalm\u00e4rkte Transaktionen","labor shortage logistics industry","leadership financier logistique","logistics infrastructure","logistics transformations","logistische Infrastruktur","logistische Transformationen","mergers and spin-offs Fran\u00e7ais Odyssey Logistics","mod\u00e8les d'affaires intermodaux","multimodal platform","multimodale Plattform","Nachhaltigkeit in der Logistik","nomination de CFO","p\u00e9nurie de main-d'\u0153uvre secteur logistique","planification et analyse financi\u00e8res","plateforme multimodale","Ravi Tulsyan CFO","Rechnungswesen und Treasury","Supply Chain Management","sustainability in logistics","transactions sur les march\u00e9s de capitaux","transformation num\u00e9rique logistique","transformations d'entreprise","transformations logistiques","\u00dcbernahmen und Abspaltungen English Odyssey Logistics","Unternehmensumwandlungen","value creation logistics","Wertsch\u00f6pfung Logistik","XPO Inc. CFO"],"articleSection":["Am\u00e9ricas","Expedi\u00e7\u00e3o de Mercadorias e Log\u00edstica","Pessoas e empresas"],"inLanguage":"pt-PT","potentialAction":[{"@type":"CommentAction","name":"Comment","target":["https:\/\/transportjournal.com\/pt-pt\/2026\/01\/28\/ravi-tulsyan-novo-cfo-da-odyssey\/#respond"]}]},{"@type":"WebPage","@id":"https:\/\/transportjournal.com\/pt-pt\/2026\/01\/28\/ravi-tulsyan-novo-cfo-da-odyssey\/","url":"https:\/\/transportjournal.com\/pt-pt\/2026\/01\/28\/ravi-tulsyan-novo-cfo-da-odyssey\/","name":"Ravi Tulsyan novo CFO da Odyssey - ITJ | International Transport Journal","isPartOf":{"@id":"https:\/\/transportjournal.com\/pt-pt\/#website"},"primaryImageOfPage":{"@id":"https:\/\/transportjournal.com\/pt-pt\/2026\/01\/28\/ravi-tulsyan-novo-cfo-da-odyssey\/#primaryimage"},"image":{"@id":"https:\/\/transportjournal.com\/pt-pt\/2026\/01\/28\/ravi-tulsyan-novo-cfo-da-odyssey\/#primaryimage"},"thumbnailUrl":"https:\/\/transportjournal.com\/wp-content\/uploads\/sites\/2\/2026\/01\/Odyssey_Ravi_Tulsyan_040-vF-Cropped-2048x1742-1-aspect-ratio-1400-788.png","datePublished":"2026-01-28T11:51:12+00:00","breadcrumb":{"@id":"https:\/\/transportjournal.com\/pt-pt\/2026\/01\/28\/ravi-tulsyan-novo-cfo-da-odyssey\/#breadcrumb"},"inLanguage":"pt-PT","potentialAction":[{"@type":"ReadAction","target":["https:\/\/transportjournal.com\/pt-pt\/2026\/01\/28\/ravi-tulsyan-novo-cfo-da-odyssey\/"]}]},{"@type":"ImageObject","inLanguage":"pt-PT","@id":"https:\/\/transportjournal.com\/pt-pt\/2026\/01\/28\/ravi-tulsyan-novo-cfo-da-odyssey\/#primaryimage","url":"https:\/\/transportjournal.com\/wp-content\/uploads\/sites\/2\/2026\/01\/Odyssey_Ravi_Tulsyan_040-vF-Cropped-2048x1742-1-aspect-ratio-1400-788.png","contentUrl":"https:\/\/transportjournal.com\/wp-content\/uploads\/sites\/2\/2026\/01\/Odyssey_Ravi_Tulsyan_040-vF-Cropped-2048x1742-1-aspect-ratio-1400-788.png","width":2048,"height":1152},{"@type":"BreadcrumbList","@id":"https:\/\/transportjournal.com\/pt-pt\/2026\/01\/28\/ravi-tulsyan-novo-cfo-da-odyssey\/#breadcrumb","itemListElement":[{"@type":"ListItem","position":1,"name":"Startseite","item":"https:\/\/transportjournal.com\/pt-pt\/"},{"@type":"ListItem","position":2,"name":"Ravi Tulsyan novo CFO da Odyssey"}]},{"@type":"WebSite","@id":"https:\/\/transportjournal.com\/pt-pt\/#website","url":"https:\/\/transportjournal.com\/pt-pt\/","name":"ITJ | International Transport Journal","description":"Stay informed with the latest global news from the transport, logistics, and supply chain industries. Transport Journal delivers expert insights, analysis, and updates across shipping, aviation, intermodal, and forwarding.","publisher":{"@id":"https:\/\/transportjournal.com\/pt-pt\/#organization"},"potentialAction":[{"@type":"SearchAction","target":{"@type":"EntryPoint","urlTemplate":"https:\/\/transportjournal.com\/pt-pt\/?s={search_term_string}"},"query-input":{"@type":"PropertyValueSpecification","valueRequired":true,"valueName":"search_term_string"}}],"inLanguage":"pt-PT"},{"@type":"Organization","@id":"https:\/\/transportjournal.com\/pt-pt\/#organization","name":"Logismedia Group AG","alternateName":"Logismedia Group AG","url":"https:\/\/transportjournal.com\/pt-pt\/","logo":{"@type":"ImageObject","inLanguage":"pt-PT","@id":"https:\/\/transportjournal.com\/pt-pt\/#\/schema\/logo\/image\/","url":"https:\/\/transportjournal.com\/wp-content\/uploads\/sites\/2\/2025\/09\/Logo_ITJ.png","contentUrl":"https:\/\/transportjournal.com\/wp-content\/uploads\/sites\/2\/2025\/09\/Logo_ITJ.png","width":799,"height":326,"caption":"Logismedia Group AG"},"image":{"@id":"https:\/\/transportjournal.com\/pt-pt\/#\/schema\/logo\/image\/"},"sameAs":["https:\/\/www.linkedin.com\/company\/56456496\/admin\/dashboard\/","https:\/\/www.instagram.com\/logismediagroup\/","https:\/\/www.youtube.com\/@LogiamediaGroupAG"]},{"@type":"Person","@id":"https:\/\/transportjournal.com\/pt-pt\/#\/schema\/person\/cf538b3157f15afd7589245a4b3dbd25","name":"Andreas Haug","url":"https:\/\/transportjournal.com\/pt-pt\/author\/andreas\/"}]}},"_links":{"self":[{"href":"https:\/\/transportjournal.com\/pt-pt\/wp-json\/wp\/v2\/posts\/74877","targetHints":{"allow":["GET"]}}],"collection":[{"href":"https:\/\/transportjournal.com\/pt-pt\/wp-json\/wp\/v2\/posts"}],"about":[{"href":"https:\/\/transportjournal.com\/pt-pt\/wp-json\/wp\/v2\/types\/post"}],"author":[{"embeddable":true,"href":"https:\/\/transportjournal.com\/pt-pt\/wp-json\/wp\/v2\/users\/12"}],"replies":[{"embeddable":true,"href":"https:\/\/transportjournal.com\/pt-pt\/wp-json\/wp\/v2\/comments?post=74877"}],"version-history":[{"count":0,"href":"https:\/\/transportjournal.com\/pt-pt\/wp-json\/wp\/v2\/posts\/74877\/revisions"}],"wp:featuredmedia":[{"embeddable":true,"href":"https:\/\/transportjournal.com\/pt-pt\/wp-json\/wp\/v2\/media\/74872"}],"wp:attachment":[{"href":"https:\/\/transportjournal.com\/pt-pt\/wp-json\/wp\/v2\/media?parent=74877"}],"wp:term":[{"taxonomy":"category","embeddable":true,"href":"https:\/\/transportjournal.com\/pt-pt\/wp-json\/wp\/v2\/categories?post=74877"},{"taxonomy":"post_tag","embeddable":true,"href":"https:\/\/transportjournal.com\/pt-pt\/wp-json\/wp\/v2\/tags?post=74877"}],"curies":[{"name":"wp","href":"https:\/\/api.w.org\/{rel}","templated":true}]}}