{"id":74438,"date":"2026-01-26T15:51:26","date_gmt":"2026-01-26T15:51:26","guid":{"rendered":"https:\/\/transportjournal.com\/2026\/01\/26\/gol-fundador-constantino-junior-faleceu\/"},"modified":"2026-01-26T15:51:26","modified_gmt":"2026-01-26T15:51:26","slug":"gol-fundador-constantino-junior-faleceu","status":"publish","type":"post","link":"https:\/\/transportjournal.com\/pt-pt\/2026\/01\/26\/gol-fundador-constantino-junior-faleceu\/","title":{"rendered":"GOL fundador Constantino Junior faleceu"},"content":{"rendered":"<p>A GOL Linhas A\u00e9reas Inteligentes S.A. anunciou que seu fundador e presidente do conselho de administra\u00e7\u00e3o, Constantino de Oliveira Junior, faleceu em 24 de janeiro de 2026, aos 57 anos. Em um comunicado aos acionistas e ao p\u00fablico, a empresa expressa seu profundo pesar pela perda.<\/p>\n<h3>Continuidade da gest\u00e3o empresarial<\/h3>\n<p>Apesar da perda, a orienta\u00e7\u00e3o operacional e estrat\u00e9gica da GOL permanece inalterada. A responsabilidade pela gest\u00e3o da empresa continua a cargo dos diretores e do conselho de administra\u00e7\u00e3o. Antonio Kandir, o atual vice-presidente do conselho, assumir\u00e1 temporariamente o papel de presidente. Kandir traz mais de 20 anos de experi\u00eancia em v\u00e1rias posi\u00e7\u00f5es de lideran\u00e7a dentro da empresa.<\/p>\n<p>No comunicado, \u00e9 enfatizado que as atividades di\u00e1rias da empresa continuar\u00e3o sem interrup\u00e7\u00e3o.<\/p>\n<h3>Um legado na avia\u00e7\u00e3o<\/h3>\n<p>Constantino Junior e sua fam\u00edlia fundaram a GOL h\u00e1 25 anos, que se estabeleceu como uma das principais companhias a\u00e9reas do Brasil. Sob sua lideran\u00e7a, a companhia se tornou um s\u00edmbolo de inova\u00e7\u00e3o e compromisso na ind\u00fastria da avia\u00e7\u00e3o brasileira. Junior \u00e9 descrito como um l\u00edder vision\u00e1rio, cuja integridade e dedica\u00e7\u00e3o moldaram a empresa atrav\u00e9s de v\u00e1rias fases de transforma\u00e7\u00e3o.<\/p>\n<p>Durante seu mandato, ele promoveu uma cultura empresarial que valorizava a excel\u00eancia, a responsabilidade e a cria\u00e7\u00e3o de valor a longo prazo para acionistas, funcion\u00e1rios, clientes e a comunidade. Sua vis\u00e3o estrat\u00e9gica e determina\u00e7\u00e3o s\u00e3o igualmente reconhecidas, assim como sua maneira humana e seu compromisso com o desenvolvimento de seus colaboradores.<\/p>\n<p>A GOL Linhas A\u00e9reas \u00e9 uma das companhias a\u00e9reas mais significativas do pa\u00eds e parte do Grupo Abra. Desde sua funda\u00e7\u00e3o em 2001, a companhia se destacou por seus baixos custos operacionais e uma ampla rede de acordos de codeshare. Com uma frota de 143 Boeing 737 e uma equipe de 14.700 profissionais altamente qualificados, a GOL d\u00e1 especial aten\u00e7\u00e3o \u00e0 seguran\u00e7a e \u00e0 experi\u00eancia do cliente.<\/p>\n<p>&nbsp;<\/p>\n<p><a href=\"https:\/\/www.gollog.com.br\/\" target=\"_blank\" rel=\"noopener noreferrer\">www.gollog.com.br<\/a><\/p>\n<p>&nbsp;<\/p>\n","protected":false},"excerpt":{"rendered":"<p>A GOL Linhas A\u00e9reas Inteligentes S.A. lamenta a morte de seu fundador Constantino de Oliveira Junior, que faleceu em 24 de janeiro de 2026, aos 57 anos.<\/p>\n","protected":false},"author":12,"featured_media":74433,"comment_status":"open","ping_status":"open","sticky":false,"template":"","format":"standard","meta":{"_acf_changed":false,"footnotes":""},"categories":[1626,1615,1618],"tags":[9537,9538,9539,9540,9541,9542,4370,9543,9544,9545,9546,9547,9548,9549,9550,5353,9551,9552,9553,9554,9555,9556,9557,9558,9559,8938,9560,9561,9562,9563,9564,9565,9566,9567,9568,4382,9569,9570,9571,9572,4390,9573,9574,9575,5379,9576,9577,9578,9579,9580,9581,9582,9583],"class_list":["post-74438","post","type-post","status-publish","format-standard","has-post-thumbnail","hentry","category-americas","category-pessoas-e-empresas","category-transporte-aereo-de-mercadorias","tag-accords-de-partage-de-code","tag-air-transport-market-brazil","tag-airline-operating-costs","tag-airlines-south-america","tag-antonio-kandir","tag-aviation-industry-brazil","tag-aviation-innovation","tag-betriebskosten-fluggesellschaften","tag-brasilianische-fluggesellschaft","tag-brazilian-airline","tag-codeshare-agreements","tag-codeshare-vereinbarungen","tag-compagnie-aerienne-bresilienne","tag-compagnies-aeriennes-amerique-du-sud","tag-constantino-junior","tag-corporate-responsibility","tag-couts-dexploitation-des-compagnies-aeriennes","tag-creation-de-valeur-a-long-terme","tag-customer-experience-airlines","tag-deutsch-gol","tag-direction-gol","tag-excellence-en-aviation","tag-excellence-in-aviation","tag-experience-client-compagnies-aeriennes","tag-exzellenz-in-der-luftfahrt","tag-fachkraeftemangel-luftfahrt","tag-fluggesellschaften-suedamerika","tag-gol-corporate-strategy","tag-gol-geschichte","tag-gol-history","tag-gol-linhas-aereas","tag-gol-management","tag-grupo-abra","tag-histoire-de-gol","tag-industrie-aeronautique-bresil","tag-innovation-aeronautique","tag-kundenerlebnis-fluggesellschaften","tag-langfristige-wertschoepfung-english-gol","tag-long-term-value-creation-francais-gol","tag-luftfahrtbranche-brasilien","tag-luftfahrtinnovation","tag-luftverkehrsmarkt-brasilien","tag-marche-du-transport-aerien-bresil","tag-penurie-de-main-doeuvre-aeronautique","tag-responsabilite-dentreprise","tag-safety-in-aviation","tag-securite-en-aviation","tag-sicherheit-in-der-luftfahrt","tag-strategie-dentreprise-gol","tag-unternehmensfuehrung-gol","tag-unternehmensstrategie-gol","tag-verantwortung-in-unternehmen","tag-workforce-shortage-aviation"],"acf":[],"yoast_head":"<!-- This site is optimized with the Yoast SEO plugin v27.3 - https:\/\/yoast.com\/product\/yoast-seo-wordpress\/ -->\n<title>GOL fundador Constantino Junior faleceu - ITJ | International Transport Journal<\/title>\n<meta name=\"robots\" content=\"index, follow, max-snippet:-1, max-image-preview:large, max-video-preview:-1\" \/>\n<link rel=\"canonical\" href=\"https:\/\/transportjournal.com\/pt-pt\/2026\/01\/26\/gol-fundador-constantino-junior-faleceu\/\" \/>\n<meta property=\"og:locale\" content=\"pt_PT\" \/>\n<meta property=\"og:type\" content=\"article\" \/>\n<meta property=\"og:title\" content=\"GOL fundador Constantino Junior faleceu - ITJ | International Transport Journal\" \/>\n<meta property=\"og:description\" content=\"A GOL Linhas A\u00e9reas Inteligentes S.A. lamenta a morte de seu fundador Constantino de Oliveira Junior, que faleceu em 24 de janeiro de 2026, aos 57 anos.\" \/>\n<meta property=\"og:url\" content=\"https:\/\/transportjournal.com\/pt-pt\/2026\/01\/26\/gol-fundador-constantino-junior-faleceu\/\" \/>\n<meta property=\"og:site_name\" content=\"ITJ | International Transport Journal\" \/>\n<meta property=\"article:published_time\" content=\"2026-01-26T15:51:26+00:00\" \/>\n<meta property=\"og:image\" content=\"https:\/\/transportjournal.com\/wp-content\/uploads\/sites\/2\/2026\/01\/GOL-1769257672035-aspect-ratio-1400-788.jpg\" \/>\n\t<meta property=\"og:image:width\" content=\"1280\" \/>\n\t<meta property=\"og:image:height\" content=\"720\" \/>\n\t<meta property=\"og:image:type\" content=\"image\/jpeg\" \/>\n<meta name=\"author\" content=\"Andreas Haug\" \/>\n<meta name=\"twitter:card\" content=\"summary_large_image\" \/>\n<meta name=\"twitter:label1\" content=\"Escrito por\" \/>\n\t<meta name=\"twitter:data1\" content=\"Andreas Haug\" \/>\n\t<meta name=\"twitter:label2\" content=\"Tempo estimado de leitura\" \/>\n\t<meta name=\"twitter:data2\" content=\"2 minutos\" \/>\n<script type=\"application\/ld+json\" class=\"yoast-schema-graph\">{\"@context\":\"https:\\\/\\\/schema.org\",\"@graph\":[{\"@type\":\"Article\",\"@id\":\"https:\\\/\\\/transportjournal.com\\\/pt-pt\\\/2026\\\/01\\\/26\\\/gol-fundador-constantino-junior-faleceu\\\/#article\",\"isPartOf\":{\"@id\":\"https:\\\/\\\/transportjournal.com\\\/pt-pt\\\/2026\\\/01\\\/26\\\/gol-fundador-constantino-junior-faleceu\\\/\"},\"author\":{\"name\":\"Andreas Haug\",\"@id\":\"https:\\\/\\\/transportjournal.com\\\/pt-pt\\\/#\\\/schema\\\/person\\\/cf538b3157f15afd7589245a4b3dbd25\"},\"headline\":\"GOL fundador Constantino Junior faleceu\",\"datePublished\":\"2026-01-26T15:51:26+00:00\",\"mainEntityOfPage\":{\"@id\":\"https:\\\/\\\/transportjournal.com\\\/pt-pt\\\/2026\\\/01\\\/26\\\/gol-fundador-constantino-junior-faleceu\\\/\"},\"wordCount\":343,\"commentCount\":0,\"publisher\":{\"@id\":\"https:\\\/\\\/transportjournal.com\\\/pt-pt\\\/#organization\"},\"image\":{\"@id\":\"https:\\\/\\\/transportjournal.com\\\/pt-pt\\\/2026\\\/01\\\/26\\\/gol-fundador-constantino-junior-faleceu\\\/#primaryimage\"},\"thumbnailUrl\":\"https:\\\/\\\/transportjournal.com\\\/wp-content\\\/uploads\\\/sites\\\/2\\\/2026\\\/01\\\/GOL-1769257672035-aspect-ratio-1400-788.jpg\",\"keywords\":[\"accords de partage de code\",\"air transport market Brazil\",\"airline operating costs\",\"airlines South America\",\"Antonio Kandir\",\"aviation industry Brazil\",\"aviation innovation\",\"Betriebskosten Fluggesellschaften\",\"brasilianische Fluggesellschaft\",\"Brazilian airline\",\"codeshare agreements\",\"Codeshare-Vereinbarungen\",\"compagnie a\u00e9rienne br\u00e9silienne\",\"compagnies a\u00e9riennes Am\u00e9rique du Sud\",\"Constantino Junior\",\"corporate responsibility\",\"co\u00fbts d'exploitation des compagnies a\u00e9riennes\",\"cr\u00e9ation de valeur \u00e0 long terme\",\"customer experience airlines\",\"Deutsch GOL\",\"direction GOL\",\"excellence en aviation\",\"excellence in aviation\",\"exp\u00e9rience client compagnies a\u00e9riennes\",\"Exzellenz in der Luftfahrt\",\"Fachkr\u00e4ftemangel Luftfahrt\",\"Fluggesellschaften S\u00fcdamerika\",\"GOL corporate strategy\",\"GOL Geschichte\",\"GOL history\",\"GOL Linhas A\u00e9reas\",\"GOL management\",\"Grupo Abra\",\"histoire de GOL\",\"industrie a\u00e9ronautique Br\u00e9sil\",\"innovation a\u00e9ronautique\",\"Kundenerlebnis Fluggesellschaften\",\"langfristige Wertsch\u00f6pfung English GOL\",\"long-term value creation Fran\u00e7ais GOL\",\"Luftfahrtbranche Brasilien\",\"Luftfahrtinnovation\",\"Luftverkehrsmarkt Brasilien\",\"march\u00e9 du transport a\u00e9rien Br\u00e9sil\",\"p\u00e9nurie de main-d'\u0153uvre a\u00e9ronautique\",\"responsabilit\u00e9 d'entreprise\",\"safety in aviation\",\"s\u00e9curit\u00e9 en aviation\",\"Sicherheit in der Luftfahrt\",\"strat\u00e9gie d'entreprise GOL\",\"Unternehmensf\u00fchrung GOL\",\"Unternehmensstrategie GOL\",\"Verantwortung in Unternehmen\",\"workforce shortage aviation\"],\"articleSection\":[\"Am\u00e9ricas\",\"Pessoas e empresas\",\"Transporte a\u00e9reo de mercadorias\"],\"inLanguage\":\"pt-PT\",\"potentialAction\":[{\"@type\":\"CommentAction\",\"name\":\"Comment\",\"target\":[\"https:\\\/\\\/transportjournal.com\\\/pt-pt\\\/2026\\\/01\\\/26\\\/gol-fundador-constantino-junior-faleceu\\\/#respond\"]}]},{\"@type\":\"WebPage\",\"@id\":\"https:\\\/\\\/transportjournal.com\\\/pt-pt\\\/2026\\\/01\\\/26\\\/gol-fundador-constantino-junior-faleceu\\\/\",\"url\":\"https:\\\/\\\/transportjournal.com\\\/pt-pt\\\/2026\\\/01\\\/26\\\/gol-fundador-constantino-junior-faleceu\\\/\",\"name\":\"GOL fundador Constantino Junior faleceu - ITJ | International Transport Journal\",\"isPartOf\":{\"@id\":\"https:\\\/\\\/transportjournal.com\\\/pt-pt\\\/#website\"},\"primaryImageOfPage\":{\"@id\":\"https:\\\/\\\/transportjournal.com\\\/pt-pt\\\/2026\\\/01\\\/26\\\/gol-fundador-constantino-junior-faleceu\\\/#primaryimage\"},\"image\":{\"@id\":\"https:\\\/\\\/transportjournal.com\\\/pt-pt\\\/2026\\\/01\\\/26\\\/gol-fundador-constantino-junior-faleceu\\\/#primaryimage\"},\"thumbnailUrl\":\"https:\\\/\\\/transportjournal.com\\\/wp-content\\\/uploads\\\/sites\\\/2\\\/2026\\\/01\\\/GOL-1769257672035-aspect-ratio-1400-788.jpg\",\"datePublished\":\"2026-01-26T15:51:26+00:00\",\"breadcrumb\":{\"@id\":\"https:\\\/\\\/transportjournal.com\\\/pt-pt\\\/2026\\\/01\\\/26\\\/gol-fundador-constantino-junior-faleceu\\\/#breadcrumb\"},\"inLanguage\":\"pt-PT\",\"potentialAction\":[{\"@type\":\"ReadAction\",\"target\":[\"https:\\\/\\\/transportjournal.com\\\/pt-pt\\\/2026\\\/01\\\/26\\\/gol-fundador-constantino-junior-faleceu\\\/\"]}]},{\"@type\":\"ImageObject\",\"inLanguage\":\"pt-PT\",\"@id\":\"https:\\\/\\\/transportjournal.com\\\/pt-pt\\\/2026\\\/01\\\/26\\\/gol-fundador-constantino-junior-faleceu\\\/#primaryimage\",\"url\":\"https:\\\/\\\/transportjournal.com\\\/wp-content\\\/uploads\\\/sites\\\/2\\\/2026\\\/01\\\/GOL-1769257672035-aspect-ratio-1400-788.jpg\",\"contentUrl\":\"https:\\\/\\\/transportjournal.com\\\/wp-content\\\/uploads\\\/sites\\\/2\\\/2026\\\/01\\\/GOL-1769257672035-aspect-ratio-1400-788.jpg\",\"width\":1280,\"height\":720},{\"@type\":\"BreadcrumbList\",\"@id\":\"https:\\\/\\\/transportjournal.com\\\/pt-pt\\\/2026\\\/01\\\/26\\\/gol-fundador-constantino-junior-faleceu\\\/#breadcrumb\",\"itemListElement\":[{\"@type\":\"ListItem\",\"position\":1,\"name\":\"Startseite\",\"item\":\"https:\\\/\\\/transportjournal.com\\\/pt-pt\\\/\"},{\"@type\":\"ListItem\",\"position\":2,\"name\":\"GOL fundador Constantino Junior faleceu\"}]},{\"@type\":\"WebSite\",\"@id\":\"https:\\\/\\\/transportjournal.com\\\/pt-pt\\\/#website\",\"url\":\"https:\\\/\\\/transportjournal.com\\\/pt-pt\\\/\",\"name\":\"ITJ | International Transport Journal\",\"description\":\"Stay informed with the latest global news from the transport, logistics, and supply chain industries. Transport Journal delivers expert insights, analysis, and updates across shipping, aviation, intermodal, and forwarding.\",\"publisher\":{\"@id\":\"https:\\\/\\\/transportjournal.com\\\/pt-pt\\\/#organization\"},\"potentialAction\":[{\"@type\":\"SearchAction\",\"target\":{\"@type\":\"EntryPoint\",\"urlTemplate\":\"https:\\\/\\\/transportjournal.com\\\/pt-pt\\\/?s={search_term_string}\"},\"query-input\":{\"@type\":\"PropertyValueSpecification\",\"valueRequired\":true,\"valueName\":\"search_term_string\"}}],\"inLanguage\":\"pt-PT\"},{\"@type\":\"Organization\",\"@id\":\"https:\\\/\\\/transportjournal.com\\\/pt-pt\\\/#organization\",\"name\":\"Logismedia Group AG\",\"alternateName\":\"Logismedia Group AG\",\"url\":\"https:\\\/\\\/transportjournal.com\\\/pt-pt\\\/\",\"logo\":{\"@type\":\"ImageObject\",\"inLanguage\":\"pt-PT\",\"@id\":\"https:\\\/\\\/transportjournal.com\\\/pt-pt\\\/#\\\/schema\\\/logo\\\/image\\\/\",\"url\":\"https:\\\/\\\/transportjournal.com\\\/wp-content\\\/uploads\\\/sites\\\/2\\\/2025\\\/09\\\/Logo_ITJ.png\",\"contentUrl\":\"https:\\\/\\\/transportjournal.com\\\/wp-content\\\/uploads\\\/sites\\\/2\\\/2025\\\/09\\\/Logo_ITJ.png\",\"width\":799,\"height\":326,\"caption\":\"Logismedia Group AG\"},\"image\":{\"@id\":\"https:\\\/\\\/transportjournal.com\\\/pt-pt\\\/#\\\/schema\\\/logo\\\/image\\\/\"},\"sameAs\":[\"https:\\\/\\\/www.linkedin.com\\\/company\\\/56456496\\\/admin\\\/dashboard\\\/\",\"https:\\\/\\\/www.instagram.com\\\/logismediagroup\\\/\",\"https:\\\/\\\/www.youtube.com\\\/@LogiamediaGroupAG\"]},{\"@type\":\"Person\",\"@id\":\"https:\\\/\\\/transportjournal.com\\\/pt-pt\\\/#\\\/schema\\\/person\\\/cf538b3157f15afd7589245a4b3dbd25\",\"name\":\"Andreas Haug\",\"url\":\"https:\\\/\\\/transportjournal.com\\\/pt-pt\\\/author\\\/andreas\\\/\"}]}<\/script>\n<!-- \/ Yoast SEO plugin. -->","yoast_head_json":{"title":"GOL fundador Constantino Junior faleceu - ITJ | International Transport Journal","robots":{"index":"index","follow":"follow","max-snippet":"max-snippet:-1","max-image-preview":"max-image-preview:large","max-video-preview":"max-video-preview:-1"},"canonical":"https:\/\/transportjournal.com\/pt-pt\/2026\/01\/26\/gol-fundador-constantino-junior-faleceu\/","og_locale":"pt_PT","og_type":"article","og_title":"GOL fundador Constantino Junior faleceu - ITJ | International Transport Journal","og_description":"A GOL Linhas A\u00e9reas Inteligentes S.A. lamenta a morte de seu fundador Constantino de Oliveira Junior, que faleceu em 24 de janeiro de 2026, aos 57 anos.","og_url":"https:\/\/transportjournal.com\/pt-pt\/2026\/01\/26\/gol-fundador-constantino-junior-faleceu\/","og_site_name":"ITJ | International Transport Journal","article_published_time":"2026-01-26T15:51:26+00:00","og_image":[{"width":1280,"height":720,"url":"https:\/\/transportjournal.com\/wp-content\/uploads\/sites\/2\/2026\/01\/GOL-1769257672035-aspect-ratio-1400-788.jpg","type":"image\/jpeg"}],"author":"Andreas Haug","twitter_card":"summary_large_image","twitter_misc":{"Escrito por":"Andreas Haug","Tempo estimado de leitura":"2 minutos"},"schema":{"@context":"https:\/\/schema.org","@graph":[{"@type":"Article","@id":"https:\/\/transportjournal.com\/pt-pt\/2026\/01\/26\/gol-fundador-constantino-junior-faleceu\/#article","isPartOf":{"@id":"https:\/\/transportjournal.com\/pt-pt\/2026\/01\/26\/gol-fundador-constantino-junior-faleceu\/"},"author":{"name":"Andreas Haug","@id":"https:\/\/transportjournal.com\/pt-pt\/#\/schema\/person\/cf538b3157f15afd7589245a4b3dbd25"},"headline":"GOL fundador Constantino Junior faleceu","datePublished":"2026-01-26T15:51:26+00:00","mainEntityOfPage":{"@id":"https:\/\/transportjournal.com\/pt-pt\/2026\/01\/26\/gol-fundador-constantino-junior-faleceu\/"},"wordCount":343,"commentCount":0,"publisher":{"@id":"https:\/\/transportjournal.com\/pt-pt\/#organization"},"image":{"@id":"https:\/\/transportjournal.com\/pt-pt\/2026\/01\/26\/gol-fundador-constantino-junior-faleceu\/#primaryimage"},"thumbnailUrl":"https:\/\/transportjournal.com\/wp-content\/uploads\/sites\/2\/2026\/01\/GOL-1769257672035-aspect-ratio-1400-788.jpg","keywords":["accords de partage de code","air transport market Brazil","airline operating costs","airlines South America","Antonio Kandir","aviation industry Brazil","aviation innovation","Betriebskosten Fluggesellschaften","brasilianische Fluggesellschaft","Brazilian airline","codeshare agreements","Codeshare-Vereinbarungen","compagnie a\u00e9rienne br\u00e9silienne","compagnies a\u00e9riennes Am\u00e9rique du Sud","Constantino Junior","corporate responsibility","co\u00fbts d'exploitation des compagnies a\u00e9riennes","cr\u00e9ation de valeur \u00e0 long terme","customer experience airlines","Deutsch GOL","direction GOL","excellence en aviation","excellence in aviation","exp\u00e9rience client compagnies a\u00e9riennes","Exzellenz in der Luftfahrt","Fachkr\u00e4ftemangel Luftfahrt","Fluggesellschaften S\u00fcdamerika","GOL corporate strategy","GOL Geschichte","GOL history","GOL Linhas A\u00e9reas","GOL management","Grupo Abra","histoire de GOL","industrie a\u00e9ronautique Br\u00e9sil","innovation a\u00e9ronautique","Kundenerlebnis Fluggesellschaften","langfristige Wertsch\u00f6pfung English GOL","long-term value creation Fran\u00e7ais GOL","Luftfahrtbranche Brasilien","Luftfahrtinnovation","Luftverkehrsmarkt Brasilien","march\u00e9 du transport a\u00e9rien Br\u00e9sil","p\u00e9nurie de main-d'\u0153uvre a\u00e9ronautique","responsabilit\u00e9 d'entreprise","safety in aviation","s\u00e9curit\u00e9 en aviation","Sicherheit in der Luftfahrt","strat\u00e9gie d'entreprise GOL","Unternehmensf\u00fchrung GOL","Unternehmensstrategie GOL","Verantwortung in Unternehmen","workforce shortage aviation"],"articleSection":["Am\u00e9ricas","Pessoas e empresas","Transporte a\u00e9reo de mercadorias"],"inLanguage":"pt-PT","potentialAction":[{"@type":"CommentAction","name":"Comment","target":["https:\/\/transportjournal.com\/pt-pt\/2026\/01\/26\/gol-fundador-constantino-junior-faleceu\/#respond"]}]},{"@type":"WebPage","@id":"https:\/\/transportjournal.com\/pt-pt\/2026\/01\/26\/gol-fundador-constantino-junior-faleceu\/","url":"https:\/\/transportjournal.com\/pt-pt\/2026\/01\/26\/gol-fundador-constantino-junior-faleceu\/","name":"GOL fundador Constantino Junior faleceu - ITJ | International Transport Journal","isPartOf":{"@id":"https:\/\/transportjournal.com\/pt-pt\/#website"},"primaryImageOfPage":{"@id":"https:\/\/transportjournal.com\/pt-pt\/2026\/01\/26\/gol-fundador-constantino-junior-faleceu\/#primaryimage"},"image":{"@id":"https:\/\/transportjournal.com\/pt-pt\/2026\/01\/26\/gol-fundador-constantino-junior-faleceu\/#primaryimage"},"thumbnailUrl":"https:\/\/transportjournal.com\/wp-content\/uploads\/sites\/2\/2026\/01\/GOL-1769257672035-aspect-ratio-1400-788.jpg","datePublished":"2026-01-26T15:51:26+00:00","breadcrumb":{"@id":"https:\/\/transportjournal.com\/pt-pt\/2026\/01\/26\/gol-fundador-constantino-junior-faleceu\/#breadcrumb"},"inLanguage":"pt-PT","potentialAction":[{"@type":"ReadAction","target":["https:\/\/transportjournal.com\/pt-pt\/2026\/01\/26\/gol-fundador-constantino-junior-faleceu\/"]}]},{"@type":"ImageObject","inLanguage":"pt-PT","@id":"https:\/\/transportjournal.com\/pt-pt\/2026\/01\/26\/gol-fundador-constantino-junior-faleceu\/#primaryimage","url":"https:\/\/transportjournal.com\/wp-content\/uploads\/sites\/2\/2026\/01\/GOL-1769257672035-aspect-ratio-1400-788.jpg","contentUrl":"https:\/\/transportjournal.com\/wp-content\/uploads\/sites\/2\/2026\/01\/GOL-1769257672035-aspect-ratio-1400-788.jpg","width":1280,"height":720},{"@type":"BreadcrumbList","@id":"https:\/\/transportjournal.com\/pt-pt\/2026\/01\/26\/gol-fundador-constantino-junior-faleceu\/#breadcrumb","itemListElement":[{"@type":"ListItem","position":1,"name":"Startseite","item":"https:\/\/transportjournal.com\/pt-pt\/"},{"@type":"ListItem","position":2,"name":"GOL fundador Constantino Junior faleceu"}]},{"@type":"WebSite","@id":"https:\/\/transportjournal.com\/pt-pt\/#website","url":"https:\/\/transportjournal.com\/pt-pt\/","name":"ITJ | International Transport Journal","description":"Stay informed with the latest global news from the transport, logistics, and supply chain industries. Transport Journal delivers expert insights, analysis, and updates across shipping, aviation, intermodal, and forwarding.","publisher":{"@id":"https:\/\/transportjournal.com\/pt-pt\/#organization"},"potentialAction":[{"@type":"SearchAction","target":{"@type":"EntryPoint","urlTemplate":"https:\/\/transportjournal.com\/pt-pt\/?s={search_term_string}"},"query-input":{"@type":"PropertyValueSpecification","valueRequired":true,"valueName":"search_term_string"}}],"inLanguage":"pt-PT"},{"@type":"Organization","@id":"https:\/\/transportjournal.com\/pt-pt\/#organization","name":"Logismedia Group AG","alternateName":"Logismedia Group AG","url":"https:\/\/transportjournal.com\/pt-pt\/","logo":{"@type":"ImageObject","inLanguage":"pt-PT","@id":"https:\/\/transportjournal.com\/pt-pt\/#\/schema\/logo\/image\/","url":"https:\/\/transportjournal.com\/wp-content\/uploads\/sites\/2\/2025\/09\/Logo_ITJ.png","contentUrl":"https:\/\/transportjournal.com\/wp-content\/uploads\/sites\/2\/2025\/09\/Logo_ITJ.png","width":799,"height":326,"caption":"Logismedia Group AG"},"image":{"@id":"https:\/\/transportjournal.com\/pt-pt\/#\/schema\/logo\/image\/"},"sameAs":["https:\/\/www.linkedin.com\/company\/56456496\/admin\/dashboard\/","https:\/\/www.instagram.com\/logismediagroup\/","https:\/\/www.youtube.com\/@LogiamediaGroupAG"]},{"@type":"Person","@id":"https:\/\/transportjournal.com\/pt-pt\/#\/schema\/person\/cf538b3157f15afd7589245a4b3dbd25","name":"Andreas Haug","url":"https:\/\/transportjournal.com\/pt-pt\/author\/andreas\/"}]}},"_links":{"self":[{"href":"https:\/\/transportjournal.com\/pt-pt\/wp-json\/wp\/v2\/posts\/74438","targetHints":{"allow":["GET"]}}],"collection":[{"href":"https:\/\/transportjournal.com\/pt-pt\/wp-json\/wp\/v2\/posts"}],"about":[{"href":"https:\/\/transportjournal.com\/pt-pt\/wp-json\/wp\/v2\/types\/post"}],"author":[{"embeddable":true,"href":"https:\/\/transportjournal.com\/pt-pt\/wp-json\/wp\/v2\/users\/12"}],"replies":[{"embeddable":true,"href":"https:\/\/transportjournal.com\/pt-pt\/wp-json\/wp\/v2\/comments?post=74438"}],"version-history":[{"count":0,"href":"https:\/\/transportjournal.com\/pt-pt\/wp-json\/wp\/v2\/posts\/74438\/revisions"}],"wp:featuredmedia":[{"embeddable":true,"href":"https:\/\/transportjournal.com\/pt-pt\/wp-json\/wp\/v2\/media\/74433"}],"wp:attachment":[{"href":"https:\/\/transportjournal.com\/pt-pt\/wp-json\/wp\/v2\/media?parent=74438"}],"wp:term":[{"taxonomy":"category","embeddable":true,"href":"https:\/\/transportjournal.com\/pt-pt\/wp-json\/wp\/v2\/categories?post=74438"},{"taxonomy":"post_tag","embeddable":true,"href":"https:\/\/transportjournal.com\/pt-pt\/wp-json\/wp\/v2\/tags?post=74438"}],"curies":[{"name":"wp","href":"https:\/\/api.w.org\/{rel}","templated":true}]}}