{"id":74421,"date":"2026-01-26T14:24:24","date_gmt":"2026-01-26T14:24:24","guid":{"rendered":"https:\/\/transportjournal.com\/2026\/01\/26\/aerios-apresenta-modulo-de-ia-para-ofertas-de-frete-aereo\/"},"modified":"2026-01-26T14:24:24","modified_gmt":"2026-01-26T14:24:24","slug":"aerios-apresenta-modulo-de-ia-para-ofertas-de-frete-aereo","status":"publish","type":"post","link":"https:\/\/transportjournal.com\/pt-pt\/2026\/01\/26\/aerios-apresenta-modulo-de-ia-para-ofertas-de-frete-aereo\/","title":{"rendered":"Aerios apresenta m\u00f3dulo de IA para ofertas de frete a\u00e9reo"},"content":{"rendered":"<p>Aerios apresentou um novo m\u00f3dulo para automa\u00e7\u00e3o de ofertas de fretamento a\u00e9reo, baseado em Intelig\u00eancia Artificial. Este m\u00f3dulo visa otimizar o processo de gera\u00e7\u00e3o de ofertas, reduzindo erros de entrada manual, economizando tempo e custos, al\u00e9m de criar ofertas mais consistentes.<\/p>\n<p>A empresa, que desenvolve solu\u00e7\u00f5es de software para a ind\u00fastria de fretamento a\u00e9reo e \u00e9 membro da CargoTech, anunciou a introdu\u00e7\u00e3o de seu novo m\u00f3dulo. Este m\u00f3dulo ser\u00e1 integrado diretamente ao fluxo de trabalho de vendas do fretamento a\u00e9reo, permitindo que os fornecedores de fretos respondam mais rapidamente a solicita\u00e7\u00f5es cr\u00edticas e intensivas em informa\u00e7\u00f5es.<\/p>\n<h3>Otimiza\u00e7\u00e3o do processo de oferta<\/h3>\n<p>Segundo a Aerios, os fornecedores recebem mais de 90% de suas solicita\u00e7\u00f5es de mercado por e-mail, com os detalhes frequentemente contidos em anexos. O processamento dessas solicita\u00e7\u00f5es requer entrada manual de dados, precifica\u00e7\u00e3o para v\u00e1rias op\u00e7\u00f5es de roteamento e a cria\u00e7\u00e3o de v\u00e1rias ofertas por solicita\u00e7\u00e3o. Isso leva a atrasos e aumenta o risco de erros.<\/p>\n<p>O novo m\u00f3dulo da Aerios extrai dados operacionais importantes de solicita\u00e7\u00f5es de fretamento n\u00e3o estruturadas em v\u00e1rios formatos e os converte em dados estruturados para permitir fluxos de trabalho repet\u00edveis. O sistema pode gerar automaticamente op\u00e7\u00f5es de roteamento com base na rede do fornecedor, levando em considera\u00e7\u00e3o tamb\u00e9m requisitos para posicionamento e paradas t\u00e9cnicas. Ele \u00e9 capaz de processar solicita\u00e7\u00f5es com v\u00e1rios aeroportos e pode criar cada oferta em segundos. Al\u00e9m disso, as informa\u00e7\u00f5es de carga s\u00e3o capturadas por meio da digitaliza\u00e7\u00e3o de listas de embalagem, que podem ser utilizadas para precifica\u00e7\u00e3o, avalia\u00e7\u00e3o da capacidade de carga e opera\u00e7\u00f5es subsequentes.<\/p>\n<p>Ao integrar a IA ao fluxo de trabalho existente das equipes de fretamento, o sistema reduz erros de entrada e acelera os tempos de resposta. O tempo para a cria\u00e7\u00e3o de ofertas pode ser reduzido em at\u00e9 80%, representando uma melhoria em rela\u00e7\u00e3o aos 66% j\u00e1 alcan\u00e7ados com fornecedores existentes.<\/p>\n<h3>Demanda do mercado e uso<\/h3>\n<p>A demanda por esta solu\u00e7\u00e3o j\u00e1 se manifesta na pr\u00e1tica, pois os clientes utilizam o m\u00f3dulo de automa\u00e7\u00e3o para solicita\u00e7\u00f5es reais. No ano passado, os clientes da Aerios gerenciaram mais de 1,5 bilh\u00f5es de USD em ofertas para voos charter, o que sublinha a confiabilidade e o valor comercial da plataforma.<\/p>\n<p>O m\u00f3dulo tamb\u00e9m utiliza dados hist\u00f3ricos de ofertas e aprendizado de m\u00e1quina para sugerir op\u00e7\u00f5es de roteamento com base em solicita\u00e7\u00f5es anteriores semelhantes. Isso permite que novos ou menos experientes membros da equipe criem ofertas mais rapidamente e garante maior consist\u00eancia na cria\u00e7\u00e3o de ofertas em equipes maiores e descentralizadas.<\/p>\n<p>Simon Watson, fundador e CEO da Aerios, comentou sobre a introdu\u00e7\u00e3o do m\u00f3dulo: \u201cA introdu\u00e7\u00e3o do m\u00f3dulo de automa\u00e7\u00e3o e IA para fornecedores resolve um problema \u00f3bvio com o qual o mercado enfrenta diariamente. Ele digitaliza os dados de solicita\u00e7\u00e3o dentro do ambiente da Aerios, que ser\u00e3o utilizados em nossos pr\u00f3ximos m\u00f3dulos.\u201d<\/p>\n<p>A Aerios busca, com a disponibiliza\u00e7\u00e3o de um sistema unificado e cont\u00ednuo, transformar a gest\u00e3o e execu\u00e7\u00e3o de fretamentos a\u00e9reos. Fornecedores, corretores ou profissionais da \u00e1rea de fretamento interessados podem se registrar no site da Aerios para uma demonstra\u00e7\u00e3o.<\/p>\n<p>&nbsp;<\/p>\n<p><a href=\"https:\/\/aerios.app\/\" target=\"_blank\" rel=\"noopener noreferrer\">www.aerios.app<\/a><\/p>\n<p>&nbsp;<\/p>\n","protected":false},"excerpt":{"rendered":"<p>Aerios lan\u00e7ou um m\u00f3dulo baseado em IA para a automa\u00e7\u00e3o de ofertas de fretamento a\u00e9reo, que otimiza o processo de oferta e aumenta a efici\u00eancia.<\/p>\n","protected":false},"author":12,"featured_media":74416,"comment_status":"open","ping_status":"open","sticky":false,"template":"","format":"standard","meta":{"_acf_changed":false,"footnotes":""},"categories":[1623,1617,1618],"tags":[9496,9497,2600,9498,3268,9499,9500,9501,2256,9502,9503,9504,9505,9506,9507,9508,9509,9510,9511,9512,9513,2265,2115,3275,9514,9515,9516,9517,9518,9519,9520,2125,9521,2619,3521,2520,9522,2281,3872,9523,9524,9525,9526,9527,9528,9529,3379,9530,9531,9532,9533,9534,9535,9536,2155,1837],"class_list":["post-74421","post","type-post","status-publish","format-standard","has-post-thumbnail","hentry","category-europa","category-expedicao-e-logistica","category-transporte-aereo-de-mercadorias","tag-aerios","tag-ai-module","tag-air-freight-infrastructure","tag-air-freight-offers","tag-amelioration-de-lefficacite-logistique","tag-angebotserstellung-automatisieren","tag-angebotsprozess-optimieren","tag-apprentissage-automatique","tag-artificial-intelligence-in-logistics","tag-automate-quotation-creation","tag-automation-air-freight","tag-automatisation-fret-aerien","tag-automatiser-la-creation-de-devis","tag-automatisierung-luftfracht","tag-charter-de-fret","tag-charter-providers","tag-charter-requests","tag-charteranbieter","tag-charteranfragen","tag-demandes-de-charter","tag-demandes-de-marche-par-e-mail","tag-deutsch-luftfracht","tag-digitalisierung-in-der-logistik","tag-effizienzsteigerung-logistik","tag-error-reduction","tag-fehlerreduktion","tag-fournisseurs-de-charter","tag-frachtcharter-english-air-freight","tag-frachtinformationen","tag-freight-charter-francais-fret-aerien","tag-freight-information","tag-industrie-du-transport","tag-informations-sur-le-fret","tag-infrastructure-fret-aerien","tag-infrastruktur-luftfracht","tag-intelligence-artificielle-dans-la-logistique","tag-ki-modul","tag-kuenstliche-intelligenz-in-der-logistik","tag-logistics-digitalization","tag-logistics-efficiency-improvement","tag-luftfrachtangebote","tag-machine-learning","tag-market-inquiries-via-email","tag-marktanfragen-per-e-mail","tag-maschinelles-lernen","tag-module-ia","tag-numerisation-logistique","tag-offres-de-fret-aerien","tag-optimiser-le-processus-de-devis","tag-optimize-quotation-process","tag-reduction-des-erreurs","tag-software-solutions-air-freight","tag-softwareloesungen-luftfracht","tag-solutions-logicielles-fret-aerien","tag-transport-industry","tag-transportwirtschaft"],"acf":[],"yoast_head":"<!-- This site is optimized with the Yoast SEO plugin v27.3 - https:\/\/yoast.com\/product\/yoast-seo-wordpress\/ -->\n<title>Aerios apresenta m\u00f3dulo de IA para ofertas de frete a\u00e9reo - ITJ | International Transport Journal<\/title>\n<meta name=\"robots\" content=\"index, follow, max-snippet:-1, max-image-preview:large, max-video-preview:-1\" \/>\n<link rel=\"canonical\" href=\"https:\/\/transportjournal.com\/pt-pt\/2026\/01\/26\/aerios-apresenta-modulo-de-ia-para-ofertas-de-frete-aereo\/\" \/>\n<meta property=\"og:locale\" content=\"pt_PT\" \/>\n<meta property=\"og:type\" content=\"article\" \/>\n<meta property=\"og:title\" content=\"Aerios apresenta m\u00f3dulo de IA para ofertas de frete a\u00e9reo - ITJ | International Transport Journal\" \/>\n<meta property=\"og:description\" content=\"Aerios lan\u00e7ou um m\u00f3dulo baseado em IA para a automa\u00e7\u00e3o de ofertas de fretamento a\u00e9reo, que otimiza o processo de oferta e aumenta a efici\u00eancia.\" \/>\n<meta property=\"og:url\" content=\"https:\/\/transportjournal.com\/pt-pt\/2026\/01\/26\/aerios-apresenta-modulo-de-ia-para-ofertas-de-frete-aereo\/\" \/>\n<meta property=\"og:site_name\" content=\"ITJ | International Transport Journal\" \/>\n<meta property=\"article:published_time\" content=\"2026-01-26T14:24:24+00:00\" \/>\n<meta property=\"og:image\" content=\"https:\/\/transportjournal.com\/wp-content\/uploads\/sites\/2\/2026\/01\/Aerios-Automation-Module-Image-1-scaled-1.jpg\" \/>\n\t<meta property=\"og:image:width\" content=\"2560\" \/>\n\t<meta property=\"og:image:height\" content=\"1439\" \/>\n\t<meta property=\"og:image:type\" content=\"image\/jpeg\" \/>\n<meta name=\"author\" content=\"Andreas Haug\" \/>\n<meta name=\"twitter:card\" content=\"summary_large_image\" \/>\n<meta name=\"twitter:label1\" content=\"Escrito por\" \/>\n\t<meta name=\"twitter:data1\" content=\"Andreas Haug\" \/>\n\t<meta name=\"twitter:label2\" content=\"Tempo estimado de leitura\" \/>\n\t<meta name=\"twitter:data2\" content=\"3 minutos\" \/>\n<script type=\"application\/ld+json\" class=\"yoast-schema-graph\">{\"@context\":\"https:\\\/\\\/schema.org\",\"@graph\":[{\"@type\":\"Article\",\"@id\":\"https:\\\/\\\/transportjournal.com\\\/pt-pt\\\/2026\\\/01\\\/26\\\/aerios-apresenta-modulo-de-ia-para-ofertas-de-frete-aereo\\\/#article\",\"isPartOf\":{\"@id\":\"https:\\\/\\\/transportjournal.com\\\/pt-pt\\\/2026\\\/01\\\/26\\\/aerios-apresenta-modulo-de-ia-para-ofertas-de-frete-aereo\\\/\"},\"author\":{\"name\":\"Andreas Haug\",\"@id\":\"https:\\\/\\\/transportjournal.com\\\/pt-pt\\\/#\\\/schema\\\/person\\\/cf538b3157f15afd7589245a4b3dbd25\"},\"headline\":\"Aerios apresenta m\u00f3dulo de IA para ofertas de frete a\u00e9reo\",\"datePublished\":\"2026-01-26T14:24:24+00:00\",\"mainEntityOfPage\":{\"@id\":\"https:\\\/\\\/transportjournal.com\\\/pt-pt\\\/2026\\\/01\\\/26\\\/aerios-apresenta-modulo-de-ia-para-ofertas-de-frete-aereo\\\/\"},\"wordCount\":591,\"commentCount\":0,\"publisher\":{\"@id\":\"https:\\\/\\\/transportjournal.com\\\/pt-pt\\\/#organization\"},\"image\":{\"@id\":\"https:\\\/\\\/transportjournal.com\\\/pt-pt\\\/2026\\\/01\\\/26\\\/aerios-apresenta-modulo-de-ia-para-ofertas-de-frete-aereo\\\/#primaryimage\"},\"thumbnailUrl\":\"https:\\\/\\\/transportjournal.com\\\/wp-content\\\/uploads\\\/sites\\\/2\\\/2026\\\/01\\\/Aerios-Automation-Module-Image-1-scaled-1.jpg\",\"keywords\":[\"Aerios\",\"AI module\",\"air freight infrastructure\",\"air freight offers\",\"am\u00e9lioration de l'efficacit\u00e9 logistique\",\"Angebotserstellung automatisieren\",\"Angebotsprozess optimieren\",\"apprentissage automatique\",\"artificial intelligence in logistics\",\"automate quotation creation\",\"automation air freight\",\"automatisation fret a\u00e9rien\",\"automatiser la cr\u00e9ation de devis\",\"Automatisierung Luftfracht\",\"charter de fret\",\"charter providers\",\"charter requests\",\"Charteranbieter\",\"Charteranfragen\",\"demandes de charter\",\"demandes de march\u00e9 par e-mail\",\"Deutsch Luftfracht\",\"Digitalisierung in der Logistik\",\"Effizienzsteigerung Logistik\",\"error reduction\",\"Fehlerreduktion\",\"fournisseurs de charter\",\"Frachtcharter English air freight\",\"Frachtinformationen\",\"freight charter Fran\u00e7ais fret a\u00e9rien\",\"freight information\",\"industrie du transport\",\"informations sur le fret\",\"infrastructure fret a\u00e9rien\",\"Infrastruktur Luftfracht\",\"intelligence artificielle dans la logistique\",\"KI-Modul\",\"k\u00fcnstliche Intelligenz in der Logistik\",\"logistics digitalization\",\"logistics efficiency improvement\",\"Luftfrachtangebote\",\"machine learning\",\"market inquiries via email\",\"Marktanfragen per E-Mail\",\"maschinelles Lernen\",\"module IA\",\"num\u00e9risation logistique\",\"offres de fret a\u00e9rien\",\"optimiser le processus de devis\",\"optimize quotation process\",\"r\u00e9duction des erreurs\",\"software solutions air freight\",\"Softwarel\u00f6sungen Luftfracht\",\"solutions logicielles fret a\u00e9rien\",\"transport industry\",\"Transportwirtschaft\"],\"articleSection\":[\"Europa\",\"Expedi\u00e7\u00e3o de Mercadorias e Log\u00edstica\",\"Transporte a\u00e9reo de mercadorias\"],\"inLanguage\":\"pt-PT\",\"potentialAction\":[{\"@type\":\"CommentAction\",\"name\":\"Comment\",\"target\":[\"https:\\\/\\\/transportjournal.com\\\/pt-pt\\\/2026\\\/01\\\/26\\\/aerios-apresenta-modulo-de-ia-para-ofertas-de-frete-aereo\\\/#respond\"]}]},{\"@type\":\"WebPage\",\"@id\":\"https:\\\/\\\/transportjournal.com\\\/pt-pt\\\/2026\\\/01\\\/26\\\/aerios-apresenta-modulo-de-ia-para-ofertas-de-frete-aereo\\\/\",\"url\":\"https:\\\/\\\/transportjournal.com\\\/pt-pt\\\/2026\\\/01\\\/26\\\/aerios-apresenta-modulo-de-ia-para-ofertas-de-frete-aereo\\\/\",\"name\":\"Aerios apresenta m\u00f3dulo de IA para ofertas de frete a\u00e9reo - ITJ | International Transport Journal\",\"isPartOf\":{\"@id\":\"https:\\\/\\\/transportjournal.com\\\/pt-pt\\\/#website\"},\"primaryImageOfPage\":{\"@id\":\"https:\\\/\\\/transportjournal.com\\\/pt-pt\\\/2026\\\/01\\\/26\\\/aerios-apresenta-modulo-de-ia-para-ofertas-de-frete-aereo\\\/#primaryimage\"},\"image\":{\"@id\":\"https:\\\/\\\/transportjournal.com\\\/pt-pt\\\/2026\\\/01\\\/26\\\/aerios-apresenta-modulo-de-ia-para-ofertas-de-frete-aereo\\\/#primaryimage\"},\"thumbnailUrl\":\"https:\\\/\\\/transportjournal.com\\\/wp-content\\\/uploads\\\/sites\\\/2\\\/2026\\\/01\\\/Aerios-Automation-Module-Image-1-scaled-1.jpg\",\"datePublished\":\"2026-01-26T14:24:24+00:00\",\"breadcrumb\":{\"@id\":\"https:\\\/\\\/transportjournal.com\\\/pt-pt\\\/2026\\\/01\\\/26\\\/aerios-apresenta-modulo-de-ia-para-ofertas-de-frete-aereo\\\/#breadcrumb\"},\"inLanguage\":\"pt-PT\",\"potentialAction\":[{\"@type\":\"ReadAction\",\"target\":[\"https:\\\/\\\/transportjournal.com\\\/pt-pt\\\/2026\\\/01\\\/26\\\/aerios-apresenta-modulo-de-ia-para-ofertas-de-frete-aereo\\\/\"]}]},{\"@type\":\"ImageObject\",\"inLanguage\":\"pt-PT\",\"@id\":\"https:\\\/\\\/transportjournal.com\\\/pt-pt\\\/2026\\\/01\\\/26\\\/aerios-apresenta-modulo-de-ia-para-ofertas-de-frete-aereo\\\/#primaryimage\",\"url\":\"https:\\\/\\\/transportjournal.com\\\/wp-content\\\/uploads\\\/sites\\\/2\\\/2026\\\/01\\\/Aerios-Automation-Module-Image-1-scaled-1.jpg\",\"contentUrl\":\"https:\\\/\\\/transportjournal.com\\\/wp-content\\\/uploads\\\/sites\\\/2\\\/2026\\\/01\\\/Aerios-Automation-Module-Image-1-scaled-1.jpg\",\"width\":2560,\"height\":1439},{\"@type\":\"BreadcrumbList\",\"@id\":\"https:\\\/\\\/transportjournal.com\\\/pt-pt\\\/2026\\\/01\\\/26\\\/aerios-apresenta-modulo-de-ia-para-ofertas-de-frete-aereo\\\/#breadcrumb\",\"itemListElement\":[{\"@type\":\"ListItem\",\"position\":1,\"name\":\"Startseite\",\"item\":\"https:\\\/\\\/transportjournal.com\\\/pt-pt\\\/\"},{\"@type\":\"ListItem\",\"position\":2,\"name\":\"Aerios apresenta m\u00f3dulo de IA para ofertas de frete a\u00e9reo\"}]},{\"@type\":\"WebSite\",\"@id\":\"https:\\\/\\\/transportjournal.com\\\/pt-pt\\\/#website\",\"url\":\"https:\\\/\\\/transportjournal.com\\\/pt-pt\\\/\",\"name\":\"ITJ | International Transport Journal\",\"description\":\"Stay informed with the latest global news from the transport, logistics, and supply chain industries. Transport Journal delivers expert insights, analysis, and updates across shipping, aviation, intermodal, and forwarding.\",\"publisher\":{\"@id\":\"https:\\\/\\\/transportjournal.com\\\/pt-pt\\\/#organization\"},\"potentialAction\":[{\"@type\":\"SearchAction\",\"target\":{\"@type\":\"EntryPoint\",\"urlTemplate\":\"https:\\\/\\\/transportjournal.com\\\/pt-pt\\\/?s={search_term_string}\"},\"query-input\":{\"@type\":\"PropertyValueSpecification\",\"valueRequired\":true,\"valueName\":\"search_term_string\"}}],\"inLanguage\":\"pt-PT\"},{\"@type\":\"Organization\",\"@id\":\"https:\\\/\\\/transportjournal.com\\\/pt-pt\\\/#organization\",\"name\":\"Logismedia Group AG\",\"alternateName\":\"Logismedia Group AG\",\"url\":\"https:\\\/\\\/transportjournal.com\\\/pt-pt\\\/\",\"logo\":{\"@type\":\"ImageObject\",\"inLanguage\":\"pt-PT\",\"@id\":\"https:\\\/\\\/transportjournal.com\\\/pt-pt\\\/#\\\/schema\\\/logo\\\/image\\\/\",\"url\":\"https:\\\/\\\/transportjournal.com\\\/wp-content\\\/uploads\\\/sites\\\/2\\\/2025\\\/09\\\/Logo_ITJ.png\",\"contentUrl\":\"https:\\\/\\\/transportjournal.com\\\/wp-content\\\/uploads\\\/sites\\\/2\\\/2025\\\/09\\\/Logo_ITJ.png\",\"width\":799,\"height\":326,\"caption\":\"Logismedia Group AG\"},\"image\":{\"@id\":\"https:\\\/\\\/transportjournal.com\\\/pt-pt\\\/#\\\/schema\\\/logo\\\/image\\\/\"},\"sameAs\":[\"https:\\\/\\\/www.linkedin.com\\\/company\\\/56456496\\\/admin\\\/dashboard\\\/\",\"https:\\\/\\\/www.instagram.com\\\/logismediagroup\\\/\",\"https:\\\/\\\/www.youtube.com\\\/@LogiamediaGroupAG\"]},{\"@type\":\"Person\",\"@id\":\"https:\\\/\\\/transportjournal.com\\\/pt-pt\\\/#\\\/schema\\\/person\\\/cf538b3157f15afd7589245a4b3dbd25\",\"name\":\"Andreas Haug\",\"url\":\"https:\\\/\\\/transportjournal.com\\\/pt-pt\\\/author\\\/andreas\\\/\"}]}<\/script>\n<!-- \/ Yoast SEO plugin. -->","yoast_head_json":{"title":"Aerios apresenta m\u00f3dulo de IA para ofertas de frete a\u00e9reo - ITJ | International Transport Journal","robots":{"index":"index","follow":"follow","max-snippet":"max-snippet:-1","max-image-preview":"max-image-preview:large","max-video-preview":"max-video-preview:-1"},"canonical":"https:\/\/transportjournal.com\/pt-pt\/2026\/01\/26\/aerios-apresenta-modulo-de-ia-para-ofertas-de-frete-aereo\/","og_locale":"pt_PT","og_type":"article","og_title":"Aerios apresenta m\u00f3dulo de IA para ofertas de frete a\u00e9reo - ITJ | International Transport Journal","og_description":"Aerios lan\u00e7ou um m\u00f3dulo baseado em IA para a automa\u00e7\u00e3o de ofertas de fretamento a\u00e9reo, que otimiza o processo de oferta e aumenta a efici\u00eancia.","og_url":"https:\/\/transportjournal.com\/pt-pt\/2026\/01\/26\/aerios-apresenta-modulo-de-ia-para-ofertas-de-frete-aereo\/","og_site_name":"ITJ | International Transport Journal","article_published_time":"2026-01-26T14:24:24+00:00","og_image":[{"width":2560,"height":1439,"url":"https:\/\/transportjournal.com\/wp-content\/uploads\/sites\/2\/2026\/01\/Aerios-Automation-Module-Image-1-scaled-1.jpg","type":"image\/jpeg"}],"author":"Andreas Haug","twitter_card":"summary_large_image","twitter_misc":{"Escrito por":"Andreas Haug","Tempo estimado de leitura":"3 minutos"},"schema":{"@context":"https:\/\/schema.org","@graph":[{"@type":"Article","@id":"https:\/\/transportjournal.com\/pt-pt\/2026\/01\/26\/aerios-apresenta-modulo-de-ia-para-ofertas-de-frete-aereo\/#article","isPartOf":{"@id":"https:\/\/transportjournal.com\/pt-pt\/2026\/01\/26\/aerios-apresenta-modulo-de-ia-para-ofertas-de-frete-aereo\/"},"author":{"name":"Andreas Haug","@id":"https:\/\/transportjournal.com\/pt-pt\/#\/schema\/person\/cf538b3157f15afd7589245a4b3dbd25"},"headline":"Aerios apresenta m\u00f3dulo de IA para ofertas de frete a\u00e9reo","datePublished":"2026-01-26T14:24:24+00:00","mainEntityOfPage":{"@id":"https:\/\/transportjournal.com\/pt-pt\/2026\/01\/26\/aerios-apresenta-modulo-de-ia-para-ofertas-de-frete-aereo\/"},"wordCount":591,"commentCount":0,"publisher":{"@id":"https:\/\/transportjournal.com\/pt-pt\/#organization"},"image":{"@id":"https:\/\/transportjournal.com\/pt-pt\/2026\/01\/26\/aerios-apresenta-modulo-de-ia-para-ofertas-de-frete-aereo\/#primaryimage"},"thumbnailUrl":"https:\/\/transportjournal.com\/wp-content\/uploads\/sites\/2\/2026\/01\/Aerios-Automation-Module-Image-1-scaled-1.jpg","keywords":["Aerios","AI module","air freight infrastructure","air freight offers","am\u00e9lioration de l'efficacit\u00e9 logistique","Angebotserstellung automatisieren","Angebotsprozess optimieren","apprentissage automatique","artificial intelligence in logistics","automate quotation creation","automation air freight","automatisation fret a\u00e9rien","automatiser la cr\u00e9ation de devis","Automatisierung Luftfracht","charter de fret","charter providers","charter requests","Charteranbieter","Charteranfragen","demandes de charter","demandes de march\u00e9 par e-mail","Deutsch Luftfracht","Digitalisierung in der Logistik","Effizienzsteigerung Logistik","error reduction","Fehlerreduktion","fournisseurs de charter","Frachtcharter English air freight","Frachtinformationen","freight charter Fran\u00e7ais fret a\u00e9rien","freight information","industrie du transport","informations sur le fret","infrastructure fret a\u00e9rien","Infrastruktur Luftfracht","intelligence artificielle dans la logistique","KI-Modul","k\u00fcnstliche Intelligenz in der Logistik","logistics digitalization","logistics efficiency improvement","Luftfrachtangebote","machine learning","market inquiries via email","Marktanfragen per E-Mail","maschinelles Lernen","module IA","num\u00e9risation logistique","offres de fret a\u00e9rien","optimiser le processus de devis","optimize quotation process","r\u00e9duction des erreurs","software solutions air freight","Softwarel\u00f6sungen Luftfracht","solutions logicielles fret a\u00e9rien","transport industry","Transportwirtschaft"],"articleSection":["Europa","Expedi\u00e7\u00e3o de Mercadorias e Log\u00edstica","Transporte a\u00e9reo de mercadorias"],"inLanguage":"pt-PT","potentialAction":[{"@type":"CommentAction","name":"Comment","target":["https:\/\/transportjournal.com\/pt-pt\/2026\/01\/26\/aerios-apresenta-modulo-de-ia-para-ofertas-de-frete-aereo\/#respond"]}]},{"@type":"WebPage","@id":"https:\/\/transportjournal.com\/pt-pt\/2026\/01\/26\/aerios-apresenta-modulo-de-ia-para-ofertas-de-frete-aereo\/","url":"https:\/\/transportjournal.com\/pt-pt\/2026\/01\/26\/aerios-apresenta-modulo-de-ia-para-ofertas-de-frete-aereo\/","name":"Aerios apresenta m\u00f3dulo de IA para ofertas de frete a\u00e9reo - ITJ | International Transport Journal","isPartOf":{"@id":"https:\/\/transportjournal.com\/pt-pt\/#website"},"primaryImageOfPage":{"@id":"https:\/\/transportjournal.com\/pt-pt\/2026\/01\/26\/aerios-apresenta-modulo-de-ia-para-ofertas-de-frete-aereo\/#primaryimage"},"image":{"@id":"https:\/\/transportjournal.com\/pt-pt\/2026\/01\/26\/aerios-apresenta-modulo-de-ia-para-ofertas-de-frete-aereo\/#primaryimage"},"thumbnailUrl":"https:\/\/transportjournal.com\/wp-content\/uploads\/sites\/2\/2026\/01\/Aerios-Automation-Module-Image-1-scaled-1.jpg","datePublished":"2026-01-26T14:24:24+00:00","breadcrumb":{"@id":"https:\/\/transportjournal.com\/pt-pt\/2026\/01\/26\/aerios-apresenta-modulo-de-ia-para-ofertas-de-frete-aereo\/#breadcrumb"},"inLanguage":"pt-PT","potentialAction":[{"@type":"ReadAction","target":["https:\/\/transportjournal.com\/pt-pt\/2026\/01\/26\/aerios-apresenta-modulo-de-ia-para-ofertas-de-frete-aereo\/"]}]},{"@type":"ImageObject","inLanguage":"pt-PT","@id":"https:\/\/transportjournal.com\/pt-pt\/2026\/01\/26\/aerios-apresenta-modulo-de-ia-para-ofertas-de-frete-aereo\/#primaryimage","url":"https:\/\/transportjournal.com\/wp-content\/uploads\/sites\/2\/2026\/01\/Aerios-Automation-Module-Image-1-scaled-1.jpg","contentUrl":"https:\/\/transportjournal.com\/wp-content\/uploads\/sites\/2\/2026\/01\/Aerios-Automation-Module-Image-1-scaled-1.jpg","width":2560,"height":1439},{"@type":"BreadcrumbList","@id":"https:\/\/transportjournal.com\/pt-pt\/2026\/01\/26\/aerios-apresenta-modulo-de-ia-para-ofertas-de-frete-aereo\/#breadcrumb","itemListElement":[{"@type":"ListItem","position":1,"name":"Startseite","item":"https:\/\/transportjournal.com\/pt-pt\/"},{"@type":"ListItem","position":2,"name":"Aerios apresenta m\u00f3dulo de IA para ofertas de frete a\u00e9reo"}]},{"@type":"WebSite","@id":"https:\/\/transportjournal.com\/pt-pt\/#website","url":"https:\/\/transportjournal.com\/pt-pt\/","name":"ITJ | International Transport Journal","description":"Stay informed with the latest global news from the transport, logistics, and supply chain industries. Transport Journal delivers expert insights, analysis, and updates across shipping, aviation, intermodal, and forwarding.","publisher":{"@id":"https:\/\/transportjournal.com\/pt-pt\/#organization"},"potentialAction":[{"@type":"SearchAction","target":{"@type":"EntryPoint","urlTemplate":"https:\/\/transportjournal.com\/pt-pt\/?s={search_term_string}"},"query-input":{"@type":"PropertyValueSpecification","valueRequired":true,"valueName":"search_term_string"}}],"inLanguage":"pt-PT"},{"@type":"Organization","@id":"https:\/\/transportjournal.com\/pt-pt\/#organization","name":"Logismedia Group AG","alternateName":"Logismedia Group AG","url":"https:\/\/transportjournal.com\/pt-pt\/","logo":{"@type":"ImageObject","inLanguage":"pt-PT","@id":"https:\/\/transportjournal.com\/pt-pt\/#\/schema\/logo\/image\/","url":"https:\/\/transportjournal.com\/wp-content\/uploads\/sites\/2\/2025\/09\/Logo_ITJ.png","contentUrl":"https:\/\/transportjournal.com\/wp-content\/uploads\/sites\/2\/2025\/09\/Logo_ITJ.png","width":799,"height":326,"caption":"Logismedia Group AG"},"image":{"@id":"https:\/\/transportjournal.com\/pt-pt\/#\/schema\/logo\/image\/"},"sameAs":["https:\/\/www.linkedin.com\/company\/56456496\/admin\/dashboard\/","https:\/\/www.instagram.com\/logismediagroup\/","https:\/\/www.youtube.com\/@LogiamediaGroupAG"]},{"@type":"Person","@id":"https:\/\/transportjournal.com\/pt-pt\/#\/schema\/person\/cf538b3157f15afd7589245a4b3dbd25","name":"Andreas Haug","url":"https:\/\/transportjournal.com\/pt-pt\/author\/andreas\/"}]}},"_links":{"self":[{"href":"https:\/\/transportjournal.com\/pt-pt\/wp-json\/wp\/v2\/posts\/74421","targetHints":{"allow":["GET"]}}],"collection":[{"href":"https:\/\/transportjournal.com\/pt-pt\/wp-json\/wp\/v2\/posts"}],"about":[{"href":"https:\/\/transportjournal.com\/pt-pt\/wp-json\/wp\/v2\/types\/post"}],"author":[{"embeddable":true,"href":"https:\/\/transportjournal.com\/pt-pt\/wp-json\/wp\/v2\/users\/12"}],"replies":[{"embeddable":true,"href":"https:\/\/transportjournal.com\/pt-pt\/wp-json\/wp\/v2\/comments?post=74421"}],"version-history":[{"count":0,"href":"https:\/\/transportjournal.com\/pt-pt\/wp-json\/wp\/v2\/posts\/74421\/revisions"}],"wp:featuredmedia":[{"embeddable":true,"href":"https:\/\/transportjournal.com\/pt-pt\/wp-json\/wp\/v2\/media\/74416"}],"wp:attachment":[{"href":"https:\/\/transportjournal.com\/pt-pt\/wp-json\/wp\/v2\/media?parent=74421"}],"wp:term":[{"taxonomy":"category","embeddable":true,"href":"https:\/\/transportjournal.com\/pt-pt\/wp-json\/wp\/v2\/categories?post=74421"},{"taxonomy":"post_tag","embeddable":true,"href":"https:\/\/transportjournal.com\/pt-pt\/wp-json\/wp\/v2\/tags?post=74421"}],"curies":[{"name":"wp","href":"https:\/\/api.w.org\/{rel}","templated":true}]}}