{"id":74413,"date":"2026-01-26T13:29:15","date_gmt":"2026-01-26T13:29:15","guid":{"rendered":"https:\/\/transportjournal.com\/2026\/01\/26\/leschaco-nomeia-emile-goossens-como-cfo\/"},"modified":"2026-01-26T13:29:15","modified_gmt":"2026-01-26T13:29:15","slug":"leschaco-nomeia-emile-goossens-como-cfo","status":"publish","type":"post","link":"https:\/\/transportjournal.com\/pt-pt\/2026\/01\/26\/leschaco-nomeia-emile-goossens-como-cfo\/","title":{"rendered":"Leschaco nomeia Emile Goossens como CFO"},"content":{"rendered":"<p>Leschaco nomeou Emile Goossens como Chief Financial Officer (CFO), com efeito a partir de 1\u00ba de abril de 2026. Ele sucede Lutz Weber, que encerrar\u00e1 sua atua\u00e7\u00e3o interina no final de 2025, ap\u00f3s ter apoiado a empresa em uma importante fase de transforma\u00e7\u00e3o.<\/p>\n<p>Emile Goossens traz mais de 30 anos de experi\u00eancia internacional na ind\u00fastria de log\u00edstica. Recentemente, ele foi CFO para a B\u00e9lgica, Pa\u00edses Baixos e Luxemburgo na DB Schenker, onde liderou uma organiza\u00e7\u00e3o financeira com 30 funcion\u00e1rios em 30 locais e apoiou mais de 3.400 colaboradores. Sua trajet\u00f3ria profissional combina ampla expertise financeira com vasta experi\u00eancia em gest\u00e3o, incluindo um per\u00edodo de nove meses como CEO interino da DB Schenker Benelux.<\/p>\n<p>Ao longo de sua carreira, Goossens implementou com sucesso numerosos projetos de transforma\u00e7\u00e3o complexos, integrou fun\u00e7\u00f5es financeiras em estruturas de servi\u00e7os compartilhados e implementou sistemas modernos de relat\u00f3rios e TI. Ele comprovou melhorar de forma sustent\u00e1vel o desempenho financeiro de unidades de neg\u00f3cios desafiadoras por meio de gest\u00e3o financeira disciplinada, governan\u00e7a transparente e estreita colabora\u00e7\u00e3o com equipes operacionais. Seu estilo de lideran\u00e7a \u00e9 caracterizado por integridade, clareza e um forte foco nas pessoas, o que est\u00e1 alinhado com os valores e objetivos de longo prazo da Leschaco.<\/p>\n<p>A nomea\u00e7\u00e3o ocorre em um momento em que a Leschaco continua a avan\u00e7ar na implementa\u00e7\u00e3o de sua estrat\u00e9gia 2030, introduzida em 2021, e est\u00e1 alcan\u00e7ando progressos vis\u00edveis na transforma\u00e7\u00e3o de seu modelo de neg\u00f3cios, estrutura organizacional e cultura corporativa. O processo de sele\u00e7\u00e3o para a posi\u00e7\u00e3o de CFO foi direcionado para estabilidade e continuidade a longo prazo.<\/p>\n<p>&nbsp;<\/p>\n<p><a href=\"https:\/\/www.leschaco.com\/\" target=\"_blank\" rel=\"noopener noreferrer\">www.leschaco.com<\/a><\/p>\n<p>&nbsp;<\/p>\n","protected":false},"excerpt":{"rendered":"<p>Leschaco nomeou Emile Goossens como CFO para impulsionar a estrat\u00e9gia 2030 e continuar a apoiar a transforma\u00e7\u00e3o da empresa<\/p>\n","protected":false},"author":12,"featured_media":74408,"comment_status":"open","ping_status":"open","sticky":false,"template":"","format":"standard","meta":{"_acf_changed":false,"footnotes":""},"categories":[9092,1623,1617,1615],"tags":[9458,9459,2548,2651,9460,2211,2212,9461,9462,9463,9464,9465,9466,9467,5593,9468,5596,9469,9470,5599,9471,2562,9472,9473,9474,9475,9476,9477,2918,9478,2135,9479,9480,9481,9482,9483,2145,9484,9485,9486,2153,9487,9488,9489,9490,9491,9492,9493,2242,9494,9495,2157],"class_list":["post-74413","post","type-post","status-publish","format-standard","has-post-thumbnail","hentry","category-deutschland","category-europa","category-expedicao-e-logistica","category-pessoas-e-empresas","tag-cfo-appointment","tag-cfo-ernennung","tag-corporate-governance","tag-db-schenker","tag-deutsch-leschaco","tag-digital-transformation","tag-digitale-transformation","tag-emile-goossens","tag-employee-leadership","tag-experience-internationale","tag-expertise-financiere","tag-fachkraeftemangel-logistik-english-leschaco","tag-finance-organization","tag-financial-expertise","tag-financial-management","tag-finanzexpertise","tag-finanzmanagement","tag-finanzorganisation","tag-gestion-dentreprise-durable","tag-gestion-financiere","tag-gouvernance","tag-gouvernance-dentreprise","tag-governance","tag-international-experience","tag-internationale-erfahrung","tag-labor-shortage-logistics-francais-leschaco","tag-leader-du-marche-logistique","tag-leadership-des-employes","tag-logistics-industry","tag-logistics-market-leader","tag-logistikbranche","tag-marktfuehrer-logistik","tag-mitarbeiterfuehrung","tag-nachhaltige-unternehmensfuehrung","tag-nomination-cfo","tag-organisation-financiere","tag-penurie-de-main-doeuvre-logistique","tag-projets-de-transformation","tag-reporting-systems","tag-reporting-systeme","tag-secteur-logistique","tag-shared-service-structures","tag-shared-service-strukturen","tag-strategie-2030","tag-strategy-2030","tag-structures-de-services-partages","tag-sustainable-corporate-management","tag-systemes-de-reporting","tag-transformation-numerique","tag-transformation-projects","tag-transformationsprojekte","tag-unternehmensfuehrung"],"acf":[],"yoast_head":"<!-- This site is optimized with the Yoast SEO plugin v27.3 - https:\/\/yoast.com\/product\/yoast-seo-wordpress\/ -->\n<title>Leschaco nomeia Emile Goossens como CFO - ITJ | International Transport Journal<\/title>\n<meta name=\"robots\" content=\"index, follow, max-snippet:-1, max-image-preview:large, max-video-preview:-1\" \/>\n<link rel=\"canonical\" href=\"https:\/\/transportjournal.com\/pt-pt\/2026\/01\/26\/leschaco-nomeia-emile-goossens-como-cfo\/\" \/>\n<meta property=\"og:locale\" content=\"pt_PT\" \/>\n<meta property=\"og:type\" content=\"article\" \/>\n<meta property=\"og:title\" content=\"Leschaco nomeia Emile Goossens como CFO - ITJ | International Transport Journal\" \/>\n<meta property=\"og:description\" content=\"Leschaco nomeou Emile Goossens como CFO para impulsionar a estrat\u00e9gia 2030 e continuar a apoiar a transforma\u00e7\u00e3o da empresa\" \/>\n<meta property=\"og:url\" content=\"https:\/\/transportjournal.com\/pt-pt\/2026\/01\/26\/leschaco-nomeia-emile-goossens-como-cfo\/\" \/>\n<meta property=\"og:site_name\" content=\"ITJ | International Transport Journal\" \/>\n<meta property=\"article:published_time\" content=\"2026-01-26T13:29:15+00:00\" \/>\n<meta property=\"og:image\" content=\"https:\/\/transportjournal.com\/wp-content\/uploads\/sites\/2\/2026\/01\/Emile-Goossens-high-aspect-ratio-1400-788.png\" \/>\n\t<meta property=\"og:image:width\" content=\"1920\" \/>\n\t<meta property=\"og:image:height\" content=\"1081\" \/>\n\t<meta property=\"og:image:type\" content=\"image\/png\" \/>\n<meta name=\"author\" content=\"Andreas Haug\" \/>\n<meta name=\"twitter:card\" content=\"summary_large_image\" \/>\n<meta name=\"twitter:label1\" content=\"Escrito por\" \/>\n\t<meta name=\"twitter:data1\" content=\"Andreas Haug\" \/>\n\t<meta name=\"twitter:label2\" content=\"Tempo estimado de leitura\" \/>\n\t<meta name=\"twitter:data2\" content=\"1 minuto\" \/>\n<script type=\"application\/ld+json\" class=\"yoast-schema-graph\">{\"@context\":\"https:\\\/\\\/schema.org\",\"@graph\":[{\"@type\":\"Article\",\"@id\":\"https:\\\/\\\/transportjournal.com\\\/pt-pt\\\/2026\\\/01\\\/26\\\/leschaco-nomeia-emile-goossens-como-cfo\\\/#article\",\"isPartOf\":{\"@id\":\"https:\\\/\\\/transportjournal.com\\\/pt-pt\\\/2026\\\/01\\\/26\\\/leschaco-nomeia-emile-goossens-como-cfo\\\/\"},\"author\":{\"name\":\"Andreas Haug\",\"@id\":\"https:\\\/\\\/transportjournal.com\\\/pt-pt\\\/#\\\/schema\\\/person\\\/cf538b3157f15afd7589245a4b3dbd25\"},\"headline\":\"Leschaco nomeia Emile Goossens como CFO\",\"datePublished\":\"2026-01-26T13:29:15+00:00\",\"mainEntityOfPage\":{\"@id\":\"https:\\\/\\\/transportjournal.com\\\/pt-pt\\\/2026\\\/01\\\/26\\\/leschaco-nomeia-emile-goossens-como-cfo\\\/\"},\"wordCount\":292,\"commentCount\":0,\"publisher\":{\"@id\":\"https:\\\/\\\/transportjournal.com\\\/pt-pt\\\/#organization\"},\"image\":{\"@id\":\"https:\\\/\\\/transportjournal.com\\\/pt-pt\\\/2026\\\/01\\\/26\\\/leschaco-nomeia-emile-goossens-como-cfo\\\/#primaryimage\"},\"thumbnailUrl\":\"https:\\\/\\\/transportjournal.com\\\/wp-content\\\/uploads\\\/sites\\\/2\\\/2026\\\/01\\\/Emile-Goossens-high-aspect-ratio-1400-788.png\",\"keywords\":[\"CFO appointment\",\"CFO Ernennung\",\"corporate governance\",\"DB Schenker\",\"Deutsch Leschaco\",\"digital transformation\",\"digitale Transformation\",\"Emile Goossens\",\"employee leadership\",\"exp\u00e9rience internationale\",\"expertise financi\u00e8re\",\"Fachkr\u00e4ftemangel Logistik English Leschaco\",\"finance organization\",\"financial expertise\",\"financial management\",\"Finanzexpertise\",\"Finanzmanagement\",\"Finanzorganisation\",\"gestion d'entreprise durable\",\"gestion financi\u00e8re\",\"gouvernance\",\"gouvernance d'entreprise\",\"Governance\",\"international experience\",\"internationale Erfahrung\",\"labor shortage logistics Fran\u00e7ais Leschaco\",\"leader du march\u00e9 logistique\",\"leadership des employ\u00e9s\",\"logistics industry\",\"logistics market leader\",\"Logistikbranche\",\"Marktf\u00fchrer Logistik\",\"Mitarbeiterf\u00fchrung\",\"nachhaltige Unternehmensf\u00fchrung\",\"nomination CFO\",\"organisation financi\u00e8re\",\"p\u00e9nurie de main-d'\u0153uvre logistique\",\"projets de transformation\",\"reporting systems\",\"Reporting-Systeme\",\"secteur logistique\",\"shared service structures\",\"Shared-Service-Strukturen\",\"Strategie 2030\",\"strategy 2030\",\"structures de services partag\u00e9s\",\"sustainable corporate management\",\"syst\u00e8mes de reporting\",\"transformation num\u00e9rique\",\"transformation projects\",\"Transformationsprojekte\",\"Unternehmensf\u00fchrung\"],\"articleSection\":[\"Deutschland\",\"Europa\",\"Expedi\u00e7\u00e3o de Mercadorias e Log\u00edstica\",\"Pessoas e empresas\"],\"inLanguage\":\"pt-PT\",\"potentialAction\":[{\"@type\":\"CommentAction\",\"name\":\"Comment\",\"target\":[\"https:\\\/\\\/transportjournal.com\\\/pt-pt\\\/2026\\\/01\\\/26\\\/leschaco-nomeia-emile-goossens-como-cfo\\\/#respond\"]}]},{\"@type\":\"WebPage\",\"@id\":\"https:\\\/\\\/transportjournal.com\\\/pt-pt\\\/2026\\\/01\\\/26\\\/leschaco-nomeia-emile-goossens-como-cfo\\\/\",\"url\":\"https:\\\/\\\/transportjournal.com\\\/pt-pt\\\/2026\\\/01\\\/26\\\/leschaco-nomeia-emile-goossens-como-cfo\\\/\",\"name\":\"Leschaco nomeia Emile Goossens como CFO - ITJ | International Transport Journal\",\"isPartOf\":{\"@id\":\"https:\\\/\\\/transportjournal.com\\\/pt-pt\\\/#website\"},\"primaryImageOfPage\":{\"@id\":\"https:\\\/\\\/transportjournal.com\\\/pt-pt\\\/2026\\\/01\\\/26\\\/leschaco-nomeia-emile-goossens-como-cfo\\\/#primaryimage\"},\"image\":{\"@id\":\"https:\\\/\\\/transportjournal.com\\\/pt-pt\\\/2026\\\/01\\\/26\\\/leschaco-nomeia-emile-goossens-como-cfo\\\/#primaryimage\"},\"thumbnailUrl\":\"https:\\\/\\\/transportjournal.com\\\/wp-content\\\/uploads\\\/sites\\\/2\\\/2026\\\/01\\\/Emile-Goossens-high-aspect-ratio-1400-788.png\",\"datePublished\":\"2026-01-26T13:29:15+00:00\",\"breadcrumb\":{\"@id\":\"https:\\\/\\\/transportjournal.com\\\/pt-pt\\\/2026\\\/01\\\/26\\\/leschaco-nomeia-emile-goossens-como-cfo\\\/#breadcrumb\"},\"inLanguage\":\"pt-PT\",\"potentialAction\":[{\"@type\":\"ReadAction\",\"target\":[\"https:\\\/\\\/transportjournal.com\\\/pt-pt\\\/2026\\\/01\\\/26\\\/leschaco-nomeia-emile-goossens-como-cfo\\\/\"]}]},{\"@type\":\"ImageObject\",\"inLanguage\":\"pt-PT\",\"@id\":\"https:\\\/\\\/transportjournal.com\\\/pt-pt\\\/2026\\\/01\\\/26\\\/leschaco-nomeia-emile-goossens-como-cfo\\\/#primaryimage\",\"url\":\"https:\\\/\\\/transportjournal.com\\\/wp-content\\\/uploads\\\/sites\\\/2\\\/2026\\\/01\\\/Emile-Goossens-high-aspect-ratio-1400-788.png\",\"contentUrl\":\"https:\\\/\\\/transportjournal.com\\\/wp-content\\\/uploads\\\/sites\\\/2\\\/2026\\\/01\\\/Emile-Goossens-high-aspect-ratio-1400-788.png\",\"width\":1920,\"height\":1081},{\"@type\":\"BreadcrumbList\",\"@id\":\"https:\\\/\\\/transportjournal.com\\\/pt-pt\\\/2026\\\/01\\\/26\\\/leschaco-nomeia-emile-goossens-como-cfo\\\/#breadcrumb\",\"itemListElement\":[{\"@type\":\"ListItem\",\"position\":1,\"name\":\"Startseite\",\"item\":\"https:\\\/\\\/transportjournal.com\\\/pt-pt\\\/\"},{\"@type\":\"ListItem\",\"position\":2,\"name\":\"Leschaco nomeia Emile Goossens como CFO\"}]},{\"@type\":\"WebSite\",\"@id\":\"https:\\\/\\\/transportjournal.com\\\/pt-pt\\\/#website\",\"url\":\"https:\\\/\\\/transportjournal.com\\\/pt-pt\\\/\",\"name\":\"ITJ | International Transport Journal\",\"description\":\"Stay informed with the latest global news from the transport, logistics, and supply chain industries. Transport Journal delivers expert insights, analysis, and updates across shipping, aviation, intermodal, and forwarding.\",\"publisher\":{\"@id\":\"https:\\\/\\\/transportjournal.com\\\/pt-pt\\\/#organization\"},\"potentialAction\":[{\"@type\":\"SearchAction\",\"target\":{\"@type\":\"EntryPoint\",\"urlTemplate\":\"https:\\\/\\\/transportjournal.com\\\/pt-pt\\\/?s={search_term_string}\"},\"query-input\":{\"@type\":\"PropertyValueSpecification\",\"valueRequired\":true,\"valueName\":\"search_term_string\"}}],\"inLanguage\":\"pt-PT\"},{\"@type\":\"Organization\",\"@id\":\"https:\\\/\\\/transportjournal.com\\\/pt-pt\\\/#organization\",\"name\":\"Logismedia Group AG\",\"alternateName\":\"Logismedia Group AG\",\"url\":\"https:\\\/\\\/transportjournal.com\\\/pt-pt\\\/\",\"logo\":{\"@type\":\"ImageObject\",\"inLanguage\":\"pt-PT\",\"@id\":\"https:\\\/\\\/transportjournal.com\\\/pt-pt\\\/#\\\/schema\\\/logo\\\/image\\\/\",\"url\":\"https:\\\/\\\/transportjournal.com\\\/wp-content\\\/uploads\\\/sites\\\/2\\\/2025\\\/09\\\/Logo_ITJ.png\",\"contentUrl\":\"https:\\\/\\\/transportjournal.com\\\/wp-content\\\/uploads\\\/sites\\\/2\\\/2025\\\/09\\\/Logo_ITJ.png\",\"width\":799,\"height\":326,\"caption\":\"Logismedia Group AG\"},\"image\":{\"@id\":\"https:\\\/\\\/transportjournal.com\\\/pt-pt\\\/#\\\/schema\\\/logo\\\/image\\\/\"},\"sameAs\":[\"https:\\\/\\\/www.linkedin.com\\\/company\\\/56456496\\\/admin\\\/dashboard\\\/\",\"https:\\\/\\\/www.instagram.com\\\/logismediagroup\\\/\",\"https:\\\/\\\/www.youtube.com\\\/@LogiamediaGroupAG\"]},{\"@type\":\"Person\",\"@id\":\"https:\\\/\\\/transportjournal.com\\\/pt-pt\\\/#\\\/schema\\\/person\\\/cf538b3157f15afd7589245a4b3dbd25\",\"name\":\"Andreas Haug\",\"url\":\"https:\\\/\\\/transportjournal.com\\\/pt-pt\\\/author\\\/andreas\\\/\"}]}<\/script>\n<!-- \/ Yoast SEO plugin. -->","yoast_head_json":{"title":"Leschaco nomeia Emile Goossens como CFO - ITJ | International Transport Journal","robots":{"index":"index","follow":"follow","max-snippet":"max-snippet:-1","max-image-preview":"max-image-preview:large","max-video-preview":"max-video-preview:-1"},"canonical":"https:\/\/transportjournal.com\/pt-pt\/2026\/01\/26\/leschaco-nomeia-emile-goossens-como-cfo\/","og_locale":"pt_PT","og_type":"article","og_title":"Leschaco nomeia Emile Goossens como CFO - ITJ | International Transport Journal","og_description":"Leschaco nomeou Emile Goossens como CFO para impulsionar a estrat\u00e9gia 2030 e continuar a apoiar a transforma\u00e7\u00e3o da empresa","og_url":"https:\/\/transportjournal.com\/pt-pt\/2026\/01\/26\/leschaco-nomeia-emile-goossens-como-cfo\/","og_site_name":"ITJ | International Transport Journal","article_published_time":"2026-01-26T13:29:15+00:00","og_image":[{"width":1920,"height":1081,"url":"https:\/\/transportjournal.com\/wp-content\/uploads\/sites\/2\/2026\/01\/Emile-Goossens-high-aspect-ratio-1400-788.png","type":"image\/png"}],"author":"Andreas Haug","twitter_card":"summary_large_image","twitter_misc":{"Escrito por":"Andreas Haug","Tempo estimado de leitura":"1 minuto"},"schema":{"@context":"https:\/\/schema.org","@graph":[{"@type":"Article","@id":"https:\/\/transportjournal.com\/pt-pt\/2026\/01\/26\/leschaco-nomeia-emile-goossens-como-cfo\/#article","isPartOf":{"@id":"https:\/\/transportjournal.com\/pt-pt\/2026\/01\/26\/leschaco-nomeia-emile-goossens-como-cfo\/"},"author":{"name":"Andreas Haug","@id":"https:\/\/transportjournal.com\/pt-pt\/#\/schema\/person\/cf538b3157f15afd7589245a4b3dbd25"},"headline":"Leschaco nomeia Emile Goossens como CFO","datePublished":"2026-01-26T13:29:15+00:00","mainEntityOfPage":{"@id":"https:\/\/transportjournal.com\/pt-pt\/2026\/01\/26\/leschaco-nomeia-emile-goossens-como-cfo\/"},"wordCount":292,"commentCount":0,"publisher":{"@id":"https:\/\/transportjournal.com\/pt-pt\/#organization"},"image":{"@id":"https:\/\/transportjournal.com\/pt-pt\/2026\/01\/26\/leschaco-nomeia-emile-goossens-como-cfo\/#primaryimage"},"thumbnailUrl":"https:\/\/transportjournal.com\/wp-content\/uploads\/sites\/2\/2026\/01\/Emile-Goossens-high-aspect-ratio-1400-788.png","keywords":["CFO appointment","CFO Ernennung","corporate governance","DB Schenker","Deutsch Leschaco","digital transformation","digitale Transformation","Emile Goossens","employee leadership","exp\u00e9rience internationale","expertise financi\u00e8re","Fachkr\u00e4ftemangel Logistik English Leschaco","finance organization","financial expertise","financial management","Finanzexpertise","Finanzmanagement","Finanzorganisation","gestion d'entreprise durable","gestion financi\u00e8re","gouvernance","gouvernance d'entreprise","Governance","international experience","internationale Erfahrung","labor shortage logistics Fran\u00e7ais Leschaco","leader du march\u00e9 logistique","leadership des employ\u00e9s","logistics industry","logistics market leader","Logistikbranche","Marktf\u00fchrer Logistik","Mitarbeiterf\u00fchrung","nachhaltige Unternehmensf\u00fchrung","nomination CFO","organisation financi\u00e8re","p\u00e9nurie de main-d'\u0153uvre logistique","projets de transformation","reporting systems","Reporting-Systeme","secteur logistique","shared service structures","Shared-Service-Strukturen","Strategie 2030","strategy 2030","structures de services partag\u00e9s","sustainable corporate management","syst\u00e8mes de reporting","transformation num\u00e9rique","transformation projects","Transformationsprojekte","Unternehmensf\u00fchrung"],"articleSection":["Deutschland","Europa","Expedi\u00e7\u00e3o de Mercadorias e Log\u00edstica","Pessoas e empresas"],"inLanguage":"pt-PT","potentialAction":[{"@type":"CommentAction","name":"Comment","target":["https:\/\/transportjournal.com\/pt-pt\/2026\/01\/26\/leschaco-nomeia-emile-goossens-como-cfo\/#respond"]}]},{"@type":"WebPage","@id":"https:\/\/transportjournal.com\/pt-pt\/2026\/01\/26\/leschaco-nomeia-emile-goossens-como-cfo\/","url":"https:\/\/transportjournal.com\/pt-pt\/2026\/01\/26\/leschaco-nomeia-emile-goossens-como-cfo\/","name":"Leschaco nomeia Emile Goossens como CFO - ITJ | International Transport Journal","isPartOf":{"@id":"https:\/\/transportjournal.com\/pt-pt\/#website"},"primaryImageOfPage":{"@id":"https:\/\/transportjournal.com\/pt-pt\/2026\/01\/26\/leschaco-nomeia-emile-goossens-como-cfo\/#primaryimage"},"image":{"@id":"https:\/\/transportjournal.com\/pt-pt\/2026\/01\/26\/leschaco-nomeia-emile-goossens-como-cfo\/#primaryimage"},"thumbnailUrl":"https:\/\/transportjournal.com\/wp-content\/uploads\/sites\/2\/2026\/01\/Emile-Goossens-high-aspect-ratio-1400-788.png","datePublished":"2026-01-26T13:29:15+00:00","breadcrumb":{"@id":"https:\/\/transportjournal.com\/pt-pt\/2026\/01\/26\/leschaco-nomeia-emile-goossens-como-cfo\/#breadcrumb"},"inLanguage":"pt-PT","potentialAction":[{"@type":"ReadAction","target":["https:\/\/transportjournal.com\/pt-pt\/2026\/01\/26\/leschaco-nomeia-emile-goossens-como-cfo\/"]}]},{"@type":"ImageObject","inLanguage":"pt-PT","@id":"https:\/\/transportjournal.com\/pt-pt\/2026\/01\/26\/leschaco-nomeia-emile-goossens-como-cfo\/#primaryimage","url":"https:\/\/transportjournal.com\/wp-content\/uploads\/sites\/2\/2026\/01\/Emile-Goossens-high-aspect-ratio-1400-788.png","contentUrl":"https:\/\/transportjournal.com\/wp-content\/uploads\/sites\/2\/2026\/01\/Emile-Goossens-high-aspect-ratio-1400-788.png","width":1920,"height":1081},{"@type":"BreadcrumbList","@id":"https:\/\/transportjournal.com\/pt-pt\/2026\/01\/26\/leschaco-nomeia-emile-goossens-como-cfo\/#breadcrumb","itemListElement":[{"@type":"ListItem","position":1,"name":"Startseite","item":"https:\/\/transportjournal.com\/pt-pt\/"},{"@type":"ListItem","position":2,"name":"Leschaco nomeia Emile Goossens como CFO"}]},{"@type":"WebSite","@id":"https:\/\/transportjournal.com\/pt-pt\/#website","url":"https:\/\/transportjournal.com\/pt-pt\/","name":"ITJ | International Transport Journal","description":"Stay informed with the latest global news from the transport, logistics, and supply chain industries. Transport Journal delivers expert insights, analysis, and updates across shipping, aviation, intermodal, and forwarding.","publisher":{"@id":"https:\/\/transportjournal.com\/pt-pt\/#organization"},"potentialAction":[{"@type":"SearchAction","target":{"@type":"EntryPoint","urlTemplate":"https:\/\/transportjournal.com\/pt-pt\/?s={search_term_string}"},"query-input":{"@type":"PropertyValueSpecification","valueRequired":true,"valueName":"search_term_string"}}],"inLanguage":"pt-PT"},{"@type":"Organization","@id":"https:\/\/transportjournal.com\/pt-pt\/#organization","name":"Logismedia Group AG","alternateName":"Logismedia Group AG","url":"https:\/\/transportjournal.com\/pt-pt\/","logo":{"@type":"ImageObject","inLanguage":"pt-PT","@id":"https:\/\/transportjournal.com\/pt-pt\/#\/schema\/logo\/image\/","url":"https:\/\/transportjournal.com\/wp-content\/uploads\/sites\/2\/2025\/09\/Logo_ITJ.png","contentUrl":"https:\/\/transportjournal.com\/wp-content\/uploads\/sites\/2\/2025\/09\/Logo_ITJ.png","width":799,"height":326,"caption":"Logismedia Group AG"},"image":{"@id":"https:\/\/transportjournal.com\/pt-pt\/#\/schema\/logo\/image\/"},"sameAs":["https:\/\/www.linkedin.com\/company\/56456496\/admin\/dashboard\/","https:\/\/www.instagram.com\/logismediagroup\/","https:\/\/www.youtube.com\/@LogiamediaGroupAG"]},{"@type":"Person","@id":"https:\/\/transportjournal.com\/pt-pt\/#\/schema\/person\/cf538b3157f15afd7589245a4b3dbd25","name":"Andreas Haug","url":"https:\/\/transportjournal.com\/pt-pt\/author\/andreas\/"}]}},"_links":{"self":[{"href":"https:\/\/transportjournal.com\/pt-pt\/wp-json\/wp\/v2\/posts\/74413","targetHints":{"allow":["GET"]}}],"collection":[{"href":"https:\/\/transportjournal.com\/pt-pt\/wp-json\/wp\/v2\/posts"}],"about":[{"href":"https:\/\/transportjournal.com\/pt-pt\/wp-json\/wp\/v2\/types\/post"}],"author":[{"embeddable":true,"href":"https:\/\/transportjournal.com\/pt-pt\/wp-json\/wp\/v2\/users\/12"}],"replies":[{"embeddable":true,"href":"https:\/\/transportjournal.com\/pt-pt\/wp-json\/wp\/v2\/comments?post=74413"}],"version-history":[{"count":0,"href":"https:\/\/transportjournal.com\/pt-pt\/wp-json\/wp\/v2\/posts\/74413\/revisions"}],"wp:featuredmedia":[{"embeddable":true,"href":"https:\/\/transportjournal.com\/pt-pt\/wp-json\/wp\/v2\/media\/74408"}],"wp:attachment":[{"href":"https:\/\/transportjournal.com\/pt-pt\/wp-json\/wp\/v2\/media?parent=74413"}],"wp:term":[{"taxonomy":"category","embeddable":true,"href":"https:\/\/transportjournal.com\/pt-pt\/wp-json\/wp\/v2\/categories?post=74413"},{"taxonomy":"post_tag","embeddable":true,"href":"https:\/\/transportjournal.com\/pt-pt\/wp-json\/wp\/v2\/tags?post=74413"}],"curies":[{"name":"wp","href":"https:\/\/api.w.org\/{rel}","templated":true}]}}