{"id":74329,"date":"2026-01-26T09:52:22","date_gmt":"2026-01-26T09:52:22","guid":{"rendered":"https:\/\/transportjournal.com\/2026\/01\/26\/groupe-stef-nomeia-novos-diretores-gerais\/"},"modified":"2026-01-26T09:52:22","modified_gmt":"2026-01-26T09:52:22","slug":"groupe-stef-nomeia-novos-diretores-gerais","status":"publish","type":"post","link":"https:\/\/transportjournal.com\/pt-pt\/2026\/01\/26\/groupe-stef-nomeia-novos-diretores-gerais\/","title":{"rendered":"Groupe STEF nomeia novos diretores gerais"},"content":{"rendered":"<p>Groupe STEF reestruturou sua gest\u00e3o e nomeou dois novos diretores operacionais. Essa decis\u00e3o segue o crescimento da empresa, bem como a amplia\u00e7\u00e3o de seu escopo de atua\u00e7\u00e3o e presen\u00e7a geogr\u00e1fica. O objetivo \u00e9 ajustar a organiza\u00e7\u00e3o e a governan\u00e7a para apoiar efetivamente as prioridades estrat\u00e9gicas e o desenvolvimento internacional da empresa.<\/p>\n<p>De acordo com um comunicado da empresa, Damien Chapotot foi nomeado diretor operacional para a Fran\u00e7a, enquanto Fran\u00e7ois Pinto (foto) assumir\u00e1 o papel de diretor operacional para assuntos internacionais. Ambos estar\u00e3o diretamente subordinados ao presidente do conselho, Stanislas Lemor. Suas nomea\u00e7\u00f5es entrar\u00e3o em vigor ap\u00f3s a assembleia geral em 23 de abril de 2026.<\/p>\n<p>Essas mudan\u00e7as tamb\u00e9m est\u00e3o relacionadas \u00e0 iminente aposentadoria de Marc Vettard, que trabalhou na empresa por mais de 40 anos, sendo sete anos na gest\u00e3o. Vettard contribuiu significativamente para posicionar a Groupe STEF como um ator importante no setor de transporte e log\u00edstica europeu. Sob sua lideran\u00e7a, a empresa passou por uma transforma\u00e7\u00e3o abrangente e expandiu suas atividades internacionais. Ele deixa a empresa enquanto j\u00e1 alcan\u00e7ou uma meta de receita de 5 bilh\u00f5es de euros, um ano antes do previsto.<\/p>\n<h3>Nova estrutura de lideran\u00e7a para apoiar o crescimento<\/h3>\n<p>A nova estrutura de governan\u00e7a da Groupe STEF ser\u00e1 constru\u00edda em torno do presidente do conselho e dos dois diretores operacionais. Essa estrutura visa atender aos diferentes desafios econ\u00f4micos, geogr\u00e1ficos e operacionais dos diversos mercados da empresa e apoiar o desenvolvimento da receita.<\/p>\n<p>Damien Chapotot traz quase 30 anos de experi\u00eancia no setor de transporte e log\u00edstica. Ele ocupou v\u00e1rias posi\u00e7\u00f5es de lideran\u00e7a em sua carreira e, mais recentemente, foi diretor-adjunto na STEF Transport. Em seu novo papel, ele ser\u00e1 respons\u00e1vel pelo maior mercado da empresa e se concentrar\u00e1 no desenvolvimento de novas estrat\u00e9gias de crescimento, bem como na moderniza\u00e7\u00e3o das opera\u00e7\u00f5es.<\/p>\n<p>Fran\u00e7ois Pinto acumulou quase 20 anos de experi\u00eancia em diferentes pa\u00edses e liderar\u00e1 a estrat\u00e9gia internacional da empresa. Ele come\u00e7ou sua carreira na STEF em 1999 e, desde ent\u00e3o, ocupou v\u00e1rias posi\u00e7\u00f5es na Fran\u00e7a e no exterior. Em sua nova fun\u00e7\u00e3o, ele se concentrar\u00e1 no crescimento, na integra\u00e7\u00e3o de novas aquisi\u00e7\u00f5es e na implementa\u00e7\u00e3o da estrat\u00e9gia corporativa.<\/p>\n<p>Stanislas Lemor, presidente do Groupe STEF, expressou sua gratid\u00e3o pelos servi\u00e7os prestados por Marc Vettard e destacou a import\u00e2ncia de sua vis\u00e3o estrat\u00e9gica para a empresa. Ele deu boas-vindas aos novos diretores e ressaltou que a expertise e a colabora\u00e7\u00e3o deles ser\u00e3o fundamentais para o desenvolvimento futuro da empresa. Lemor tamb\u00e9m enfatizou a import\u00e2ncia de colocar as necessidades dos clientes e funcion\u00e1rios no centro da estrat\u00e9gia corporativa.<\/p>\n<p>&nbsp;<\/p>\n<p><a href=\"https:\/\/www.stef.com\/\" target=\"_blank\" rel=\"noopener noreferrer\">www.stef.com<\/a><\/p>\n<p>&nbsp;<\/p>\n","protected":false},"excerpt":{"rendered":"<p>Groupe STEF reestruturou sua gest\u00e3o e nomeou Damien Chapotot e Fran\u00e7ois Pinto como diretores operacionais para promover o crescimento e o desenvolvimento internacional.<\/p>\n","protected":false},"author":12,"featured_media":74324,"comment_status":"open","ping_status":"open","sticky":false,"template":"","format":"standard","meta":{"_acf_changed":false,"footnotes":""},"categories":[1623,1617,1615],"tags":[9203,9204,9205,2548,9206,3739,9207,2115,2116,9208,2040,9209,6097,1889,9210,2562,9211,9212,4291,3745,2075,9213,9214,9215,9216,9217,3750,2622,9218,9219,9220,9221,1800,9222,9223,9224,3157,9225,9226,3756,3757,9227,3602,2193,9228,1916,9229,2237,4305,9230,9231,2641,9232,3125,9233,9234,2157,9235],"class_list":["post-74329","post","type-post","status-publish","format-standard","has-post-thumbnail","hentry","category-europa","category-expedicao-e-logistica","category-pessoas-e-empresas","tag-acquisitions-dans-le-transport","tag-acquisitions-in-transport","tag-akquisitionen-im-transport","tag-corporate-governance","tag-deutsch-groupe-stef","tag-developpement-des-infrastructures","tag-developpement-des-revenus","tag-digitalisierung-in-der-logistik","tag-digitalization-in-logistics","tag-directeurs-operationnels","tag-europaeischer-markt","tag-european-market","tag-expansion-internationale","tag-fachkraeftemangel","tag-frankreich-logistik","tag-gouvernance-dentreprise","tag-governance-structure","tag-governance-struktur","tag-growth-strategy","tag-infrastructure-development","tag-infrastrukturentwicklung","tag-international-expansion-francais-groupe-stef","tag-international-strategy","tag-internationale-expansion-english-groupe-stef","tag-internationale-strategie","tag-logistics-in-france","tag-logistique-de-colis","tag-logistique-durable","tag-logistique-en-france","tag-marche-europeen","tag-market-share","tag-marktanteil","tag-nachhaltige-logistik","tag-neue-geschaeftsfuehrer","tag-new-managing-directors","tag-nouveaux-directeurs-generaux","tag-numerisation-dans-la-logistique","tag-operational-directors","tag-operative-geschaeftsfuehrer","tag-paketlogistik","tag-parcel-logistics","tag-part-de-marche","tag-penurie-de-competences","tag-rail-freight-transport","tag-revenue-development","tag-schienengueterverkehr","tag-secteur-du-transport-et-de-la-logistique","tag-skills-shortage","tag-strategie-de-croissance","tag-strategie-internationale","tag-structure-de-gouvernance","tag-sustainable-logistics","tag-transport-and-logistics-sector","tag-transport-ferroviaire-de-marchandises","tag-transport-und-logistiksektor","tag-umsatzentwicklung","tag-unternehmensfuehrung","tag-wachstumskurs"],"acf":[],"yoast_head":"<!-- This site is optimized with the Yoast SEO plugin v27.3 - https:\/\/yoast.com\/product\/yoast-seo-wordpress\/ -->\n<title>Groupe STEF nomeia novos diretores gerais - ITJ | International Transport Journal<\/title>\n<meta name=\"robots\" content=\"index, follow, max-snippet:-1, max-image-preview:large, max-video-preview:-1\" \/>\n<link rel=\"canonical\" href=\"https:\/\/transportjournal.com\/pt-pt\/2026\/01\/26\/groupe-stef-nomeia-novos-diretores-gerais\/\" \/>\n<meta property=\"og:locale\" content=\"pt_PT\" \/>\n<meta property=\"og:type\" content=\"article\" \/>\n<meta property=\"og:title\" content=\"Groupe STEF nomeia novos diretores gerais - ITJ | International Transport Journal\" \/>\n<meta property=\"og:description\" content=\"Groupe STEF reestruturou sua gest\u00e3o e nomeou Damien Chapotot e Fran\u00e7ois Pinto como diretores operacionais para promover o crescimento e o desenvolvimento internacional.\" \/>\n<meta property=\"og:url\" content=\"https:\/\/transportjournal.com\/pt-pt\/2026\/01\/26\/groupe-stef-nomeia-novos-diretores-gerais\/\" \/>\n<meta property=\"og:site_name\" content=\"ITJ | International Transport Journal\" \/>\n<meta property=\"article:published_time\" content=\"2026-01-26T09:52:22+00:00\" \/>\n<meta property=\"og:image\" content=\"https:\/\/transportjournal.com\/wp-content\/uploads\/sites\/2\/2026\/01\/FRANCOIS-PINTO-\u00a9-OBOClandoeil.fr_.jpg-aspect-ratio-1400-788.webp\" \/>\n\t<meta property=\"og:image:width\" content=\"1755\" \/>\n\t<meta property=\"og:image:height\" content=\"988\" \/>\n\t<meta property=\"og:image:type\" content=\"image\/webp\" \/>\n<meta name=\"author\" content=\"Andreas Haug\" \/>\n<meta name=\"twitter:card\" content=\"summary_large_image\" \/>\n<meta name=\"twitter:label1\" content=\"Escrito por\" \/>\n\t<meta name=\"twitter:data1\" content=\"Andreas Haug\" \/>\n\t<meta name=\"twitter:label2\" content=\"Tempo estimado de leitura\" \/>\n\t<meta name=\"twitter:data2\" content=\"2 minutos\" \/>\n<script type=\"application\/ld+json\" class=\"yoast-schema-graph\">{\"@context\":\"https:\\\/\\\/schema.org\",\"@graph\":[{\"@type\":\"Article\",\"@id\":\"https:\\\/\\\/transportjournal.com\\\/pt-pt\\\/2026\\\/01\\\/26\\\/groupe-stef-nomeia-novos-diretores-gerais\\\/#article\",\"isPartOf\":{\"@id\":\"https:\\\/\\\/transportjournal.com\\\/pt-pt\\\/2026\\\/01\\\/26\\\/groupe-stef-nomeia-novos-diretores-gerais\\\/\"},\"author\":{\"name\":\"Andreas Haug\",\"@id\":\"https:\\\/\\\/transportjournal.com\\\/pt-pt\\\/#\\\/schema\\\/person\\\/cf538b3157f15afd7589245a4b3dbd25\"},\"headline\":\"Groupe STEF nomeia novos diretores gerais\",\"datePublished\":\"2026-01-26T09:52:22+00:00\",\"mainEntityOfPage\":{\"@id\":\"https:\\\/\\\/transportjournal.com\\\/pt-pt\\\/2026\\\/01\\\/26\\\/groupe-stef-nomeia-novos-diretores-gerais\\\/\"},\"wordCount\":484,\"commentCount\":0,\"publisher\":{\"@id\":\"https:\\\/\\\/transportjournal.com\\\/pt-pt\\\/#organization\"},\"image\":{\"@id\":\"https:\\\/\\\/transportjournal.com\\\/pt-pt\\\/2026\\\/01\\\/26\\\/groupe-stef-nomeia-novos-diretores-gerais\\\/#primaryimage\"},\"thumbnailUrl\":\"https:\\\/\\\/transportjournal.com\\\/wp-content\\\/uploads\\\/sites\\\/2\\\/2026\\\/01\\\/FRANCOIS-PINTO-\u00a9-OBOClandoeil.fr_.jpg-aspect-ratio-1400-788.webp\",\"keywords\":[\"acquisitions dans le transport\",\"acquisitions in transport\",\"Akquisitionen im Transport\",\"corporate governance\",\"Deutsch Groupe STEF\",\"d\u00e9veloppement des infrastructures\",\"d\u00e9veloppement des revenus\",\"Digitalisierung in der Logistik\",\"digitalization in logistics\",\"directeurs op\u00e9rationnels\",\"europ\u00e4ischer Markt\",\"European market\",\"expansion internationale\",\"Fachkr\u00e4ftemangel\",\"Frankreich Logistik\",\"gouvernance d'entreprise\",\"governance structure\",\"Governance-Struktur\",\"growth strategy\",\"infrastructure development\",\"Infrastrukturentwicklung\",\"international expansion Fran\u00e7ais Groupe STEF\",\"international strategy\",\"internationale Expansion English Groupe STEF\",\"internationale Strategie\",\"logistics in France\",\"logistique de colis\",\"logistique durable\",\"logistique en France\",\"march\u00e9 europ\u00e9en\",\"market share\",\"Marktanteil\",\"nachhaltige Logistik\",\"neue Gesch\u00e4ftsf\u00fchrer\",\"new managing directors\",\"nouveaux directeurs g\u00e9n\u00e9raux\",\"num\u00e9risation dans la logistique\",\"operational directors\",\"operative Gesch\u00e4ftsf\u00fchrer\",\"Paketlogistik\",\"parcel logistics\",\"part de march\u00e9\",\"p\u00e9nurie de comp\u00e9tences\",\"rail freight transport\",\"revenue development\",\"Schieneng\u00fcterverkehr\",\"secteur du transport et de la logistique\",\"skills shortage\",\"strat\u00e9gie de croissance\",\"strat\u00e9gie internationale\",\"structure de gouvernance\",\"sustainable logistics\",\"transport and logistics sector\",\"transport ferroviaire de marchandises\",\"Transport- und Logistiksektor\",\"Umsatzentwicklung\",\"Unternehmensf\u00fchrung\",\"Wachstumskurs\"],\"articleSection\":[\"Europa\",\"Expedi\u00e7\u00e3o de Mercadorias e Log\u00edstica\",\"Pessoas e empresas\"],\"inLanguage\":\"pt-PT\",\"potentialAction\":[{\"@type\":\"CommentAction\",\"name\":\"Comment\",\"target\":[\"https:\\\/\\\/transportjournal.com\\\/pt-pt\\\/2026\\\/01\\\/26\\\/groupe-stef-nomeia-novos-diretores-gerais\\\/#respond\"]}]},{\"@type\":\"WebPage\",\"@id\":\"https:\\\/\\\/transportjournal.com\\\/pt-pt\\\/2026\\\/01\\\/26\\\/groupe-stef-nomeia-novos-diretores-gerais\\\/\",\"url\":\"https:\\\/\\\/transportjournal.com\\\/pt-pt\\\/2026\\\/01\\\/26\\\/groupe-stef-nomeia-novos-diretores-gerais\\\/\",\"name\":\"Groupe STEF nomeia novos diretores gerais - ITJ | International Transport Journal\",\"isPartOf\":{\"@id\":\"https:\\\/\\\/transportjournal.com\\\/pt-pt\\\/#website\"},\"primaryImageOfPage\":{\"@id\":\"https:\\\/\\\/transportjournal.com\\\/pt-pt\\\/2026\\\/01\\\/26\\\/groupe-stef-nomeia-novos-diretores-gerais\\\/#primaryimage\"},\"image\":{\"@id\":\"https:\\\/\\\/transportjournal.com\\\/pt-pt\\\/2026\\\/01\\\/26\\\/groupe-stef-nomeia-novos-diretores-gerais\\\/#primaryimage\"},\"thumbnailUrl\":\"https:\\\/\\\/transportjournal.com\\\/wp-content\\\/uploads\\\/sites\\\/2\\\/2026\\\/01\\\/FRANCOIS-PINTO-\u00a9-OBOClandoeil.fr_.jpg-aspect-ratio-1400-788.webp\",\"datePublished\":\"2026-01-26T09:52:22+00:00\",\"breadcrumb\":{\"@id\":\"https:\\\/\\\/transportjournal.com\\\/pt-pt\\\/2026\\\/01\\\/26\\\/groupe-stef-nomeia-novos-diretores-gerais\\\/#breadcrumb\"},\"inLanguage\":\"pt-PT\",\"potentialAction\":[{\"@type\":\"ReadAction\",\"target\":[\"https:\\\/\\\/transportjournal.com\\\/pt-pt\\\/2026\\\/01\\\/26\\\/groupe-stef-nomeia-novos-diretores-gerais\\\/\"]}]},{\"@type\":\"ImageObject\",\"inLanguage\":\"pt-PT\",\"@id\":\"https:\\\/\\\/transportjournal.com\\\/pt-pt\\\/2026\\\/01\\\/26\\\/groupe-stef-nomeia-novos-diretores-gerais\\\/#primaryimage\",\"url\":\"https:\\\/\\\/transportjournal.com\\\/wp-content\\\/uploads\\\/sites\\\/2\\\/2026\\\/01\\\/FRANCOIS-PINTO-\u00a9-OBOClandoeil.fr_.jpg-aspect-ratio-1400-788.webp\",\"contentUrl\":\"https:\\\/\\\/transportjournal.com\\\/wp-content\\\/uploads\\\/sites\\\/2\\\/2026\\\/01\\\/FRANCOIS-PINTO-\u00a9-OBOClandoeil.fr_.jpg-aspect-ratio-1400-788.webp\",\"width\":1755,\"height\":988},{\"@type\":\"BreadcrumbList\",\"@id\":\"https:\\\/\\\/transportjournal.com\\\/pt-pt\\\/2026\\\/01\\\/26\\\/groupe-stef-nomeia-novos-diretores-gerais\\\/#breadcrumb\",\"itemListElement\":[{\"@type\":\"ListItem\",\"position\":1,\"name\":\"Startseite\",\"item\":\"https:\\\/\\\/transportjournal.com\\\/pt-pt\\\/\"},{\"@type\":\"ListItem\",\"position\":2,\"name\":\"Groupe STEF nomeia novos diretores gerais\"}]},{\"@type\":\"WebSite\",\"@id\":\"https:\\\/\\\/transportjournal.com\\\/pt-pt\\\/#website\",\"url\":\"https:\\\/\\\/transportjournal.com\\\/pt-pt\\\/\",\"name\":\"ITJ | International Transport Journal\",\"description\":\"Stay informed with the latest global news from the transport, logistics, and supply chain industries. Transport Journal delivers expert insights, analysis, and updates across shipping, aviation, intermodal, and forwarding.\",\"publisher\":{\"@id\":\"https:\\\/\\\/transportjournal.com\\\/pt-pt\\\/#organization\"},\"potentialAction\":[{\"@type\":\"SearchAction\",\"target\":{\"@type\":\"EntryPoint\",\"urlTemplate\":\"https:\\\/\\\/transportjournal.com\\\/pt-pt\\\/?s={search_term_string}\"},\"query-input\":{\"@type\":\"PropertyValueSpecification\",\"valueRequired\":true,\"valueName\":\"search_term_string\"}}],\"inLanguage\":\"pt-PT\"},{\"@type\":\"Organization\",\"@id\":\"https:\\\/\\\/transportjournal.com\\\/pt-pt\\\/#organization\",\"name\":\"Logismedia Group AG\",\"alternateName\":\"Logismedia Group AG\",\"url\":\"https:\\\/\\\/transportjournal.com\\\/pt-pt\\\/\",\"logo\":{\"@type\":\"ImageObject\",\"inLanguage\":\"pt-PT\",\"@id\":\"https:\\\/\\\/transportjournal.com\\\/pt-pt\\\/#\\\/schema\\\/logo\\\/image\\\/\",\"url\":\"https:\\\/\\\/transportjournal.com\\\/wp-content\\\/uploads\\\/sites\\\/2\\\/2025\\\/09\\\/Logo_ITJ.png\",\"contentUrl\":\"https:\\\/\\\/transportjournal.com\\\/wp-content\\\/uploads\\\/sites\\\/2\\\/2025\\\/09\\\/Logo_ITJ.png\",\"width\":799,\"height\":326,\"caption\":\"Logismedia Group AG\"},\"image\":{\"@id\":\"https:\\\/\\\/transportjournal.com\\\/pt-pt\\\/#\\\/schema\\\/logo\\\/image\\\/\"},\"sameAs\":[\"https:\\\/\\\/www.linkedin.com\\\/company\\\/56456496\\\/admin\\\/dashboard\\\/\",\"https:\\\/\\\/www.instagram.com\\\/logismediagroup\\\/\",\"https:\\\/\\\/www.youtube.com\\\/@LogiamediaGroupAG\"]},{\"@type\":\"Person\",\"@id\":\"https:\\\/\\\/transportjournal.com\\\/pt-pt\\\/#\\\/schema\\\/person\\\/cf538b3157f15afd7589245a4b3dbd25\",\"name\":\"Andreas Haug\",\"url\":\"https:\\\/\\\/transportjournal.com\\\/pt-pt\\\/author\\\/andreas\\\/\"}]}<\/script>\n<!-- \/ Yoast SEO plugin. -->","yoast_head_json":{"title":"Groupe STEF nomeia novos diretores gerais - ITJ | International Transport Journal","robots":{"index":"index","follow":"follow","max-snippet":"max-snippet:-1","max-image-preview":"max-image-preview:large","max-video-preview":"max-video-preview:-1"},"canonical":"https:\/\/transportjournal.com\/pt-pt\/2026\/01\/26\/groupe-stef-nomeia-novos-diretores-gerais\/","og_locale":"pt_PT","og_type":"article","og_title":"Groupe STEF nomeia novos diretores gerais - ITJ | International Transport Journal","og_description":"Groupe STEF reestruturou sua gest\u00e3o e nomeou Damien Chapotot e Fran\u00e7ois Pinto como diretores operacionais para promover o crescimento e o desenvolvimento internacional.","og_url":"https:\/\/transportjournal.com\/pt-pt\/2026\/01\/26\/groupe-stef-nomeia-novos-diretores-gerais\/","og_site_name":"ITJ | International Transport Journal","article_published_time":"2026-01-26T09:52:22+00:00","og_image":[{"width":1755,"height":988,"url":"https:\/\/transportjournal.com\/wp-content\/uploads\/sites\/2\/2026\/01\/FRANCOIS-PINTO-\u00a9-OBOClandoeil.fr_.jpg-aspect-ratio-1400-788.webp","type":"image\/webp"}],"author":"Andreas Haug","twitter_card":"summary_large_image","twitter_misc":{"Escrito por":"Andreas Haug","Tempo estimado de leitura":"2 minutos"},"schema":{"@context":"https:\/\/schema.org","@graph":[{"@type":"Article","@id":"https:\/\/transportjournal.com\/pt-pt\/2026\/01\/26\/groupe-stef-nomeia-novos-diretores-gerais\/#article","isPartOf":{"@id":"https:\/\/transportjournal.com\/pt-pt\/2026\/01\/26\/groupe-stef-nomeia-novos-diretores-gerais\/"},"author":{"name":"Andreas Haug","@id":"https:\/\/transportjournal.com\/pt-pt\/#\/schema\/person\/cf538b3157f15afd7589245a4b3dbd25"},"headline":"Groupe STEF nomeia novos diretores gerais","datePublished":"2026-01-26T09:52:22+00:00","mainEntityOfPage":{"@id":"https:\/\/transportjournal.com\/pt-pt\/2026\/01\/26\/groupe-stef-nomeia-novos-diretores-gerais\/"},"wordCount":484,"commentCount":0,"publisher":{"@id":"https:\/\/transportjournal.com\/pt-pt\/#organization"},"image":{"@id":"https:\/\/transportjournal.com\/pt-pt\/2026\/01\/26\/groupe-stef-nomeia-novos-diretores-gerais\/#primaryimage"},"thumbnailUrl":"https:\/\/transportjournal.com\/wp-content\/uploads\/sites\/2\/2026\/01\/FRANCOIS-PINTO-\u00a9-OBOClandoeil.fr_.jpg-aspect-ratio-1400-788.webp","keywords":["acquisitions dans le transport","acquisitions in transport","Akquisitionen im Transport","corporate governance","Deutsch Groupe STEF","d\u00e9veloppement des infrastructures","d\u00e9veloppement des revenus","Digitalisierung in der Logistik","digitalization in logistics","directeurs op\u00e9rationnels","europ\u00e4ischer Markt","European market","expansion internationale","Fachkr\u00e4ftemangel","Frankreich Logistik","gouvernance d'entreprise","governance structure","Governance-Struktur","growth strategy","infrastructure development","Infrastrukturentwicklung","international expansion Fran\u00e7ais Groupe STEF","international strategy","internationale Expansion English Groupe STEF","internationale Strategie","logistics in France","logistique de colis","logistique durable","logistique en France","march\u00e9 europ\u00e9en","market share","Marktanteil","nachhaltige Logistik","neue Gesch\u00e4ftsf\u00fchrer","new managing directors","nouveaux directeurs g\u00e9n\u00e9raux","num\u00e9risation dans la logistique","operational directors","operative Gesch\u00e4ftsf\u00fchrer","Paketlogistik","parcel logistics","part de march\u00e9","p\u00e9nurie de comp\u00e9tences","rail freight transport","revenue development","Schieneng\u00fcterverkehr","secteur du transport et de la logistique","skills shortage","strat\u00e9gie de croissance","strat\u00e9gie internationale","structure de gouvernance","sustainable logistics","transport and logistics sector","transport ferroviaire de marchandises","Transport- und Logistiksektor","Umsatzentwicklung","Unternehmensf\u00fchrung","Wachstumskurs"],"articleSection":["Europa","Expedi\u00e7\u00e3o de Mercadorias e Log\u00edstica","Pessoas e empresas"],"inLanguage":"pt-PT","potentialAction":[{"@type":"CommentAction","name":"Comment","target":["https:\/\/transportjournal.com\/pt-pt\/2026\/01\/26\/groupe-stef-nomeia-novos-diretores-gerais\/#respond"]}]},{"@type":"WebPage","@id":"https:\/\/transportjournal.com\/pt-pt\/2026\/01\/26\/groupe-stef-nomeia-novos-diretores-gerais\/","url":"https:\/\/transportjournal.com\/pt-pt\/2026\/01\/26\/groupe-stef-nomeia-novos-diretores-gerais\/","name":"Groupe STEF nomeia novos diretores gerais - ITJ | International Transport Journal","isPartOf":{"@id":"https:\/\/transportjournal.com\/pt-pt\/#website"},"primaryImageOfPage":{"@id":"https:\/\/transportjournal.com\/pt-pt\/2026\/01\/26\/groupe-stef-nomeia-novos-diretores-gerais\/#primaryimage"},"image":{"@id":"https:\/\/transportjournal.com\/pt-pt\/2026\/01\/26\/groupe-stef-nomeia-novos-diretores-gerais\/#primaryimage"},"thumbnailUrl":"https:\/\/transportjournal.com\/wp-content\/uploads\/sites\/2\/2026\/01\/FRANCOIS-PINTO-\u00a9-OBOClandoeil.fr_.jpg-aspect-ratio-1400-788.webp","datePublished":"2026-01-26T09:52:22+00:00","breadcrumb":{"@id":"https:\/\/transportjournal.com\/pt-pt\/2026\/01\/26\/groupe-stef-nomeia-novos-diretores-gerais\/#breadcrumb"},"inLanguage":"pt-PT","potentialAction":[{"@type":"ReadAction","target":["https:\/\/transportjournal.com\/pt-pt\/2026\/01\/26\/groupe-stef-nomeia-novos-diretores-gerais\/"]}]},{"@type":"ImageObject","inLanguage":"pt-PT","@id":"https:\/\/transportjournal.com\/pt-pt\/2026\/01\/26\/groupe-stef-nomeia-novos-diretores-gerais\/#primaryimage","url":"https:\/\/transportjournal.com\/wp-content\/uploads\/sites\/2\/2026\/01\/FRANCOIS-PINTO-\u00a9-OBOClandoeil.fr_.jpg-aspect-ratio-1400-788.webp","contentUrl":"https:\/\/transportjournal.com\/wp-content\/uploads\/sites\/2\/2026\/01\/FRANCOIS-PINTO-\u00a9-OBOClandoeil.fr_.jpg-aspect-ratio-1400-788.webp","width":1755,"height":988},{"@type":"BreadcrumbList","@id":"https:\/\/transportjournal.com\/pt-pt\/2026\/01\/26\/groupe-stef-nomeia-novos-diretores-gerais\/#breadcrumb","itemListElement":[{"@type":"ListItem","position":1,"name":"Startseite","item":"https:\/\/transportjournal.com\/pt-pt\/"},{"@type":"ListItem","position":2,"name":"Groupe STEF nomeia novos diretores gerais"}]},{"@type":"WebSite","@id":"https:\/\/transportjournal.com\/pt-pt\/#website","url":"https:\/\/transportjournal.com\/pt-pt\/","name":"ITJ | International Transport Journal","description":"Stay informed with the latest global news from the transport, logistics, and supply chain industries. Transport Journal delivers expert insights, analysis, and updates across shipping, aviation, intermodal, and forwarding.","publisher":{"@id":"https:\/\/transportjournal.com\/pt-pt\/#organization"},"potentialAction":[{"@type":"SearchAction","target":{"@type":"EntryPoint","urlTemplate":"https:\/\/transportjournal.com\/pt-pt\/?s={search_term_string}"},"query-input":{"@type":"PropertyValueSpecification","valueRequired":true,"valueName":"search_term_string"}}],"inLanguage":"pt-PT"},{"@type":"Organization","@id":"https:\/\/transportjournal.com\/pt-pt\/#organization","name":"Logismedia Group AG","alternateName":"Logismedia Group AG","url":"https:\/\/transportjournal.com\/pt-pt\/","logo":{"@type":"ImageObject","inLanguage":"pt-PT","@id":"https:\/\/transportjournal.com\/pt-pt\/#\/schema\/logo\/image\/","url":"https:\/\/transportjournal.com\/wp-content\/uploads\/sites\/2\/2025\/09\/Logo_ITJ.png","contentUrl":"https:\/\/transportjournal.com\/wp-content\/uploads\/sites\/2\/2025\/09\/Logo_ITJ.png","width":799,"height":326,"caption":"Logismedia Group AG"},"image":{"@id":"https:\/\/transportjournal.com\/pt-pt\/#\/schema\/logo\/image\/"},"sameAs":["https:\/\/www.linkedin.com\/company\/56456496\/admin\/dashboard\/","https:\/\/www.instagram.com\/logismediagroup\/","https:\/\/www.youtube.com\/@LogiamediaGroupAG"]},{"@type":"Person","@id":"https:\/\/transportjournal.com\/pt-pt\/#\/schema\/person\/cf538b3157f15afd7589245a4b3dbd25","name":"Andreas Haug","url":"https:\/\/transportjournal.com\/pt-pt\/author\/andreas\/"}]}},"_links":{"self":[{"href":"https:\/\/transportjournal.com\/pt-pt\/wp-json\/wp\/v2\/posts\/74329","targetHints":{"allow":["GET"]}}],"collection":[{"href":"https:\/\/transportjournal.com\/pt-pt\/wp-json\/wp\/v2\/posts"}],"about":[{"href":"https:\/\/transportjournal.com\/pt-pt\/wp-json\/wp\/v2\/types\/post"}],"author":[{"embeddable":true,"href":"https:\/\/transportjournal.com\/pt-pt\/wp-json\/wp\/v2\/users\/12"}],"replies":[{"embeddable":true,"href":"https:\/\/transportjournal.com\/pt-pt\/wp-json\/wp\/v2\/comments?post=74329"}],"version-history":[{"count":0,"href":"https:\/\/transportjournal.com\/pt-pt\/wp-json\/wp\/v2\/posts\/74329\/revisions"}],"wp:featuredmedia":[{"embeddable":true,"href":"https:\/\/transportjournal.com\/pt-pt\/wp-json\/wp\/v2\/media\/74324"}],"wp:attachment":[{"href":"https:\/\/transportjournal.com\/pt-pt\/wp-json\/wp\/v2\/media?parent=74329"}],"wp:term":[{"taxonomy":"category","embeddable":true,"href":"https:\/\/transportjournal.com\/pt-pt\/wp-json\/wp\/v2\/categories?post=74329"},{"taxonomy":"post_tag","embeddable":true,"href":"https:\/\/transportjournal.com\/pt-pt\/wp-json\/wp\/v2\/tags?post=74329"}],"curies":[{"name":"wp","href":"https:\/\/api.w.org\/{rel}","templated":true}]}}