{"id":74306,"date":"2026-01-26T09:22:58","date_gmt":"2026-01-26T09:22:58","guid":{"rendered":"https:\/\/transportjournal.com\/2026\/01\/26\/novo-presidente-na-yang-ming\/"},"modified":"2026-01-26T09:22:58","modified_gmt":"2026-01-26T09:22:58","slug":"novo-presidente-na-yang-ming","status":"publish","type":"post","link":"https:\/\/transportjournal.com\/pt-pt\/2026\/01\/26\/novo-presidente-na-yang-ming\/","title":{"rendered":"Novo presidente na Yang Ming"},"content":{"rendered":"<p>Yang Ming Marine Transport Corp. decidiu na sua 410\u00aa reuni\u00e3o do conselho, realizada em 23 de janeiro de 2026, a nomea\u00e7\u00e3o de um novo presidente. O atual presidente, Cliff Pai, solicitou sua ren\u00fancia. Kevin Lee, o atual Chief Commercial Officer e Vice-Presidente S\u00eanior, assumir\u00e1 a posi\u00e7\u00e3o a partir de 10 de fevereiro de 2026.<\/p>\n<p>Kevin Lee possui um diploma de Bacharel em Neg\u00f3cios Internacionais pela National Taiwan University e um MBA pela Claremont Graduate University nos EUA. Ele ingressou na empresa em 1997 e come\u00e7ou sua carreira como vendedor. Lee atuou em mercados importantes como China, EUA e Europa, e anteriormente liderou o departamento comercial e o departamento de subsidi\u00e1rias. Desde sua nomea\u00e7\u00e3o como Chief Commercial Officer em 2023, ele supervisionou o desempenho comercial global, demonstrando habilidade estrat\u00e9gica no desenvolvimento de novos mercados, na gest\u00e3o de contas-chave e na condu\u00e7\u00e3o de estrat\u00e9gias de investimento.<\/p>\n<p>Cliff Pai, que est\u00e1 no cargo desde 1\u00ba de agosto de 2024, impulsionou as iniciativas estrat\u00e9gicas da empresa em conformidade com a vis\u00e3o do presidente Dr. Chuck Tsai. Em estreita colabora\u00e7\u00e3o com a equipe da Yang Ming, ele se concentrou no fortalecimento do neg\u00f3cio principal de transporte mar\u00edtimo de linha e desempenhou um papel fundamental na defini\u00e7\u00e3o da dire\u00e7\u00e3o estrat\u00e9gica da empresa. O foco esteve em um desenvolvimento sustent\u00e1vel, crescimento dos neg\u00f3cios, transforma\u00e7\u00e3o digital e reforma organizacional. Entre as principais iniciativas durante seu mandato est\u00e3o o plano de otimiza\u00e7\u00e3o da frota e cont\u00eaineres, a extens\u00e3o do contrato de loca\u00e7\u00e3o de longo prazo para o Terminal n\u00ba 70 no porto de Kaohsiung e a acelera\u00e7\u00e3o da cria\u00e7\u00e3o do Global Service Center. Essas medidas estabeleceram uma base s\u00f3lida para a resili\u00eancia operacional de longo prazo e o desenvolvimento sustent\u00e1vel da Yang Ming.<\/p>\n<p>Olhando para o futuro, a Yang Ming est\u00e1 bem posicionada para apoiar o com\u00e9rcio global e o crescimento econ\u00f4mico. Sob a vis\u00e3o estrat\u00e9gica do presidente Dr. Tsai e o foco em inova\u00e7\u00e3o digital, al\u00e9m da expertise comercial do novo presidente Kevin Lee, a empresa busca alcan\u00e7ar uma participa\u00e7\u00e3o de mercado de 3,0\u20133,5% no transporte global de cont\u00eaineres at\u00e9 2032. A equipe da Yang Ming dever\u00e1 continuar a fortalecer o desempenho geral e buscar um crescimento sustent\u00e1vel.<\/p>\n<p>&nbsp;<\/p>\n<p><a href=\"https:\/\/www.yangming.com\/\" target=\"_blank\" rel=\"noopener noreferrer\">www.yangming.com<\/a><\/p>\n<p>&nbsp;<\/p>\n","protected":false},"excerpt":{"rendered":"<p>Yang Ming Marine Transport Corp. nomeou Kevin Lee como o novo presidente para avan\u00e7ar a vis\u00e3o estrat\u00e9gica da empresa at\u00e9 2032.<\/p>\n","protected":false},"author":12,"featured_media":74301,"comment_status":"open","ping_status":"open","sticky":false,"template":"","format":"standard","meta":{"_acf_changed":false,"footnotes":""},"categories":[1622,1619,1615],"tags":[],"class_list":["post-74306","post","type-post","status-publish","format-standard","has-post-thumbnail","hentry","category-asia-pacifico","category-navegacao-e-portos","category-pessoas-e-empresas"],"acf":[],"yoast_head":"<!-- This site is optimized with the Yoast SEO plugin v27.3 - https:\/\/yoast.com\/product\/yoast-seo-wordpress\/ -->\n<title>Novo presidente na Yang Ming - ITJ | International Transport Journal<\/title>\n<meta name=\"robots\" content=\"index, follow, max-snippet:-1, max-image-preview:large, max-video-preview:-1\" \/>\n<link rel=\"canonical\" href=\"https:\/\/transportjournal.com\/pt-pt\/2026\/01\/26\/novo-presidente-na-yang-ming\/\" \/>\n<meta property=\"og:locale\" content=\"pt_PT\" \/>\n<meta property=\"og:type\" content=\"article\" \/>\n<meta property=\"og:title\" content=\"Novo presidente na Yang Ming - ITJ | International Transport Journal\" \/>\n<meta property=\"og:description\" content=\"Yang Ming Marine Transport Corp. nomeou Kevin Lee como o novo presidente para avan\u00e7ar a vis\u00e3o estrat\u00e9gica da empresa at\u00e9 2032.\" \/>\n<meta property=\"og:url\" content=\"https:\/\/transportjournal.com\/pt-pt\/2026\/01\/26\/novo-presidente-na-yang-ming\/\" \/>\n<meta property=\"og:site_name\" content=\"ITJ | International Transport Journal\" \/>\n<meta property=\"article:published_time\" content=\"2026-01-26T09:22:58+00:00\" \/>\n<meta property=\"og:image\" content=\"https:\/\/transportjournal.com\/wp-content\/uploads\/sites\/2\/2026\/01\/Yang-Ming-1753241411289-aspect-ratio-1400-788-2.jpg\" \/>\n\t<meta property=\"og:image:width\" content=\"1626\" \/>\n\t<meta property=\"og:image:height\" content=\"915\" \/>\n\t<meta property=\"og:image:type\" content=\"image\/jpeg\" \/>\n<meta name=\"author\" content=\"Andreas Haug\" \/>\n<meta name=\"twitter:card\" content=\"summary_large_image\" \/>\n<meta name=\"twitter:label1\" content=\"Escrito por\" \/>\n\t<meta name=\"twitter:data1\" content=\"Andreas Haug\" \/>\n\t<meta name=\"twitter:label2\" content=\"Tempo estimado de leitura\" \/>\n\t<meta name=\"twitter:data2\" content=\"2 minutos\" \/>\n<script type=\"application\/ld+json\" class=\"yoast-schema-graph\">{\"@context\":\"https:\\\/\\\/schema.org\",\"@graph\":[{\"@type\":\"Article\",\"@id\":\"https:\\\/\\\/transportjournal.com\\\/pt-pt\\\/2026\\\/01\\\/26\\\/novo-presidente-na-yang-ming\\\/#article\",\"isPartOf\":{\"@id\":\"https:\\\/\\\/transportjournal.com\\\/pt-pt\\\/2026\\\/01\\\/26\\\/novo-presidente-na-yang-ming\\\/\"},\"author\":{\"name\":\"Andreas Haug\",\"@id\":\"https:\\\/\\\/transportjournal.com\\\/pt-pt\\\/#\\\/schema\\\/person\\\/cf538b3157f15afd7589245a4b3dbd25\"},\"headline\":\"Novo presidente na Yang Ming\",\"datePublished\":\"2026-01-26T09:22:58+00:00\",\"mainEntityOfPage\":{\"@id\":\"https:\\\/\\\/transportjournal.com\\\/pt-pt\\\/2026\\\/01\\\/26\\\/novo-presidente-na-yang-ming\\\/\"},\"wordCount\":402,\"commentCount\":0,\"publisher\":{\"@id\":\"https:\\\/\\\/transportjournal.com\\\/pt-pt\\\/#organization\"},\"image\":{\"@id\":\"https:\\\/\\\/transportjournal.com\\\/pt-pt\\\/2026\\\/01\\\/26\\\/novo-presidente-na-yang-ming\\\/#primaryimage\"},\"thumbnailUrl\":\"https:\\\/\\\/transportjournal.com\\\/wp-content\\\/uploads\\\/sites\\\/2\\\/2026\\\/01\\\/Yang-Ming-1753241411289-aspect-ratio-1400-788-2.jpg\",\"articleSection\":[\"\u00c1sia\\\/Pac\u00edfico\",\"Navega\u00e7\u00e3o e portos\",\"Pessoas e empresas\"],\"inLanguage\":\"pt-PT\",\"potentialAction\":[{\"@type\":\"CommentAction\",\"name\":\"Comment\",\"target\":[\"https:\\\/\\\/transportjournal.com\\\/pt-pt\\\/2026\\\/01\\\/26\\\/novo-presidente-na-yang-ming\\\/#respond\"]}]},{\"@type\":\"WebPage\",\"@id\":\"https:\\\/\\\/transportjournal.com\\\/pt-pt\\\/2026\\\/01\\\/26\\\/novo-presidente-na-yang-ming\\\/\",\"url\":\"https:\\\/\\\/transportjournal.com\\\/pt-pt\\\/2026\\\/01\\\/26\\\/novo-presidente-na-yang-ming\\\/\",\"name\":\"Novo presidente na Yang Ming - ITJ | International Transport Journal\",\"isPartOf\":{\"@id\":\"https:\\\/\\\/transportjournal.com\\\/pt-pt\\\/#website\"},\"primaryImageOfPage\":{\"@id\":\"https:\\\/\\\/transportjournal.com\\\/pt-pt\\\/2026\\\/01\\\/26\\\/novo-presidente-na-yang-ming\\\/#primaryimage\"},\"image\":{\"@id\":\"https:\\\/\\\/transportjournal.com\\\/pt-pt\\\/2026\\\/01\\\/26\\\/novo-presidente-na-yang-ming\\\/#primaryimage\"},\"thumbnailUrl\":\"https:\\\/\\\/transportjournal.com\\\/wp-content\\\/uploads\\\/sites\\\/2\\\/2026\\\/01\\\/Yang-Ming-1753241411289-aspect-ratio-1400-788-2.jpg\",\"datePublished\":\"2026-01-26T09:22:58+00:00\",\"breadcrumb\":{\"@id\":\"https:\\\/\\\/transportjournal.com\\\/pt-pt\\\/2026\\\/01\\\/26\\\/novo-presidente-na-yang-ming\\\/#breadcrumb\"},\"inLanguage\":\"pt-PT\",\"potentialAction\":[{\"@type\":\"ReadAction\",\"target\":[\"https:\\\/\\\/transportjournal.com\\\/pt-pt\\\/2026\\\/01\\\/26\\\/novo-presidente-na-yang-ming\\\/\"]}]},{\"@type\":\"ImageObject\",\"inLanguage\":\"pt-PT\",\"@id\":\"https:\\\/\\\/transportjournal.com\\\/pt-pt\\\/2026\\\/01\\\/26\\\/novo-presidente-na-yang-ming\\\/#primaryimage\",\"url\":\"https:\\\/\\\/transportjournal.com\\\/wp-content\\\/uploads\\\/sites\\\/2\\\/2026\\\/01\\\/Yang-Ming-1753241411289-aspect-ratio-1400-788-2.jpg\",\"contentUrl\":\"https:\\\/\\\/transportjournal.com\\\/wp-content\\\/uploads\\\/sites\\\/2\\\/2026\\\/01\\\/Yang-Ming-1753241411289-aspect-ratio-1400-788-2.jpg\",\"width\":1626,\"height\":915},{\"@type\":\"BreadcrumbList\",\"@id\":\"https:\\\/\\\/transportjournal.com\\\/pt-pt\\\/2026\\\/01\\\/26\\\/novo-presidente-na-yang-ming\\\/#breadcrumb\",\"itemListElement\":[{\"@type\":\"ListItem\",\"position\":1,\"name\":\"Startseite\",\"item\":\"https:\\\/\\\/transportjournal.com\\\/pt-pt\\\/\"},{\"@type\":\"ListItem\",\"position\":2,\"name\":\"Novo presidente na Yang Ming\"}]},{\"@type\":\"WebSite\",\"@id\":\"https:\\\/\\\/transportjournal.com\\\/pt-pt\\\/#website\",\"url\":\"https:\\\/\\\/transportjournal.com\\\/pt-pt\\\/\",\"name\":\"ITJ | International Transport Journal\",\"description\":\"Stay informed with the latest global news from the transport, logistics, and supply chain industries. Transport Journal delivers expert insights, analysis, and updates across shipping, aviation, intermodal, and forwarding.\",\"publisher\":{\"@id\":\"https:\\\/\\\/transportjournal.com\\\/pt-pt\\\/#organization\"},\"potentialAction\":[{\"@type\":\"SearchAction\",\"target\":{\"@type\":\"EntryPoint\",\"urlTemplate\":\"https:\\\/\\\/transportjournal.com\\\/pt-pt\\\/?s={search_term_string}\"},\"query-input\":{\"@type\":\"PropertyValueSpecification\",\"valueRequired\":true,\"valueName\":\"search_term_string\"}}],\"inLanguage\":\"pt-PT\"},{\"@type\":\"Organization\",\"@id\":\"https:\\\/\\\/transportjournal.com\\\/pt-pt\\\/#organization\",\"name\":\"Logismedia Group AG\",\"alternateName\":\"Logismedia Group AG\",\"url\":\"https:\\\/\\\/transportjournal.com\\\/pt-pt\\\/\",\"logo\":{\"@type\":\"ImageObject\",\"inLanguage\":\"pt-PT\",\"@id\":\"https:\\\/\\\/transportjournal.com\\\/pt-pt\\\/#\\\/schema\\\/logo\\\/image\\\/\",\"url\":\"https:\\\/\\\/transportjournal.com\\\/wp-content\\\/uploads\\\/sites\\\/2\\\/2025\\\/09\\\/Logo_ITJ.png\",\"contentUrl\":\"https:\\\/\\\/transportjournal.com\\\/wp-content\\\/uploads\\\/sites\\\/2\\\/2025\\\/09\\\/Logo_ITJ.png\",\"width\":799,\"height\":326,\"caption\":\"Logismedia Group AG\"},\"image\":{\"@id\":\"https:\\\/\\\/transportjournal.com\\\/pt-pt\\\/#\\\/schema\\\/logo\\\/image\\\/\"},\"sameAs\":[\"https:\\\/\\\/www.linkedin.com\\\/company\\\/56456496\\\/admin\\\/dashboard\\\/\",\"https:\\\/\\\/www.instagram.com\\\/logismediagroup\\\/\",\"https:\\\/\\\/www.youtube.com\\\/@LogiamediaGroupAG\"]},{\"@type\":\"Person\",\"@id\":\"https:\\\/\\\/transportjournal.com\\\/pt-pt\\\/#\\\/schema\\\/person\\\/cf538b3157f15afd7589245a4b3dbd25\",\"name\":\"Andreas Haug\",\"url\":\"https:\\\/\\\/transportjournal.com\\\/pt-pt\\\/author\\\/andreas\\\/\"}]}<\/script>\n<!-- \/ Yoast SEO plugin. -->","yoast_head_json":{"title":"Novo presidente na Yang Ming - ITJ | International Transport Journal","robots":{"index":"index","follow":"follow","max-snippet":"max-snippet:-1","max-image-preview":"max-image-preview:large","max-video-preview":"max-video-preview:-1"},"canonical":"https:\/\/transportjournal.com\/pt-pt\/2026\/01\/26\/novo-presidente-na-yang-ming\/","og_locale":"pt_PT","og_type":"article","og_title":"Novo presidente na Yang Ming - ITJ | International Transport Journal","og_description":"Yang Ming Marine Transport Corp. nomeou Kevin Lee como o novo presidente para avan\u00e7ar a vis\u00e3o estrat\u00e9gica da empresa at\u00e9 2032.","og_url":"https:\/\/transportjournal.com\/pt-pt\/2026\/01\/26\/novo-presidente-na-yang-ming\/","og_site_name":"ITJ | International Transport Journal","article_published_time":"2026-01-26T09:22:58+00:00","og_image":[{"width":1626,"height":915,"url":"https:\/\/transportjournal.com\/wp-content\/uploads\/sites\/2\/2026\/01\/Yang-Ming-1753241411289-aspect-ratio-1400-788-2.jpg","type":"image\/jpeg"}],"author":"Andreas Haug","twitter_card":"summary_large_image","twitter_misc":{"Escrito por":"Andreas Haug","Tempo estimado de leitura":"2 minutos"},"schema":{"@context":"https:\/\/schema.org","@graph":[{"@type":"Article","@id":"https:\/\/transportjournal.com\/pt-pt\/2026\/01\/26\/novo-presidente-na-yang-ming\/#article","isPartOf":{"@id":"https:\/\/transportjournal.com\/pt-pt\/2026\/01\/26\/novo-presidente-na-yang-ming\/"},"author":{"name":"Andreas Haug","@id":"https:\/\/transportjournal.com\/pt-pt\/#\/schema\/person\/cf538b3157f15afd7589245a4b3dbd25"},"headline":"Novo presidente na Yang Ming","datePublished":"2026-01-26T09:22:58+00:00","mainEntityOfPage":{"@id":"https:\/\/transportjournal.com\/pt-pt\/2026\/01\/26\/novo-presidente-na-yang-ming\/"},"wordCount":402,"commentCount":0,"publisher":{"@id":"https:\/\/transportjournal.com\/pt-pt\/#organization"},"image":{"@id":"https:\/\/transportjournal.com\/pt-pt\/2026\/01\/26\/novo-presidente-na-yang-ming\/#primaryimage"},"thumbnailUrl":"https:\/\/transportjournal.com\/wp-content\/uploads\/sites\/2\/2026\/01\/Yang-Ming-1753241411289-aspect-ratio-1400-788-2.jpg","articleSection":["\u00c1sia\/Pac\u00edfico","Navega\u00e7\u00e3o e portos","Pessoas e empresas"],"inLanguage":"pt-PT","potentialAction":[{"@type":"CommentAction","name":"Comment","target":["https:\/\/transportjournal.com\/pt-pt\/2026\/01\/26\/novo-presidente-na-yang-ming\/#respond"]}]},{"@type":"WebPage","@id":"https:\/\/transportjournal.com\/pt-pt\/2026\/01\/26\/novo-presidente-na-yang-ming\/","url":"https:\/\/transportjournal.com\/pt-pt\/2026\/01\/26\/novo-presidente-na-yang-ming\/","name":"Novo presidente na Yang Ming - ITJ | International Transport Journal","isPartOf":{"@id":"https:\/\/transportjournal.com\/pt-pt\/#website"},"primaryImageOfPage":{"@id":"https:\/\/transportjournal.com\/pt-pt\/2026\/01\/26\/novo-presidente-na-yang-ming\/#primaryimage"},"image":{"@id":"https:\/\/transportjournal.com\/pt-pt\/2026\/01\/26\/novo-presidente-na-yang-ming\/#primaryimage"},"thumbnailUrl":"https:\/\/transportjournal.com\/wp-content\/uploads\/sites\/2\/2026\/01\/Yang-Ming-1753241411289-aspect-ratio-1400-788-2.jpg","datePublished":"2026-01-26T09:22:58+00:00","breadcrumb":{"@id":"https:\/\/transportjournal.com\/pt-pt\/2026\/01\/26\/novo-presidente-na-yang-ming\/#breadcrumb"},"inLanguage":"pt-PT","potentialAction":[{"@type":"ReadAction","target":["https:\/\/transportjournal.com\/pt-pt\/2026\/01\/26\/novo-presidente-na-yang-ming\/"]}]},{"@type":"ImageObject","inLanguage":"pt-PT","@id":"https:\/\/transportjournal.com\/pt-pt\/2026\/01\/26\/novo-presidente-na-yang-ming\/#primaryimage","url":"https:\/\/transportjournal.com\/wp-content\/uploads\/sites\/2\/2026\/01\/Yang-Ming-1753241411289-aspect-ratio-1400-788-2.jpg","contentUrl":"https:\/\/transportjournal.com\/wp-content\/uploads\/sites\/2\/2026\/01\/Yang-Ming-1753241411289-aspect-ratio-1400-788-2.jpg","width":1626,"height":915},{"@type":"BreadcrumbList","@id":"https:\/\/transportjournal.com\/pt-pt\/2026\/01\/26\/novo-presidente-na-yang-ming\/#breadcrumb","itemListElement":[{"@type":"ListItem","position":1,"name":"Startseite","item":"https:\/\/transportjournal.com\/pt-pt\/"},{"@type":"ListItem","position":2,"name":"Novo presidente na Yang Ming"}]},{"@type":"WebSite","@id":"https:\/\/transportjournal.com\/pt-pt\/#website","url":"https:\/\/transportjournal.com\/pt-pt\/","name":"ITJ | International Transport Journal","description":"Stay informed with the latest global news from the transport, logistics, and supply chain industries. Transport Journal delivers expert insights, analysis, and updates across shipping, aviation, intermodal, and forwarding.","publisher":{"@id":"https:\/\/transportjournal.com\/pt-pt\/#organization"},"potentialAction":[{"@type":"SearchAction","target":{"@type":"EntryPoint","urlTemplate":"https:\/\/transportjournal.com\/pt-pt\/?s={search_term_string}"},"query-input":{"@type":"PropertyValueSpecification","valueRequired":true,"valueName":"search_term_string"}}],"inLanguage":"pt-PT"},{"@type":"Organization","@id":"https:\/\/transportjournal.com\/pt-pt\/#organization","name":"Logismedia Group AG","alternateName":"Logismedia Group AG","url":"https:\/\/transportjournal.com\/pt-pt\/","logo":{"@type":"ImageObject","inLanguage":"pt-PT","@id":"https:\/\/transportjournal.com\/pt-pt\/#\/schema\/logo\/image\/","url":"https:\/\/transportjournal.com\/wp-content\/uploads\/sites\/2\/2025\/09\/Logo_ITJ.png","contentUrl":"https:\/\/transportjournal.com\/wp-content\/uploads\/sites\/2\/2025\/09\/Logo_ITJ.png","width":799,"height":326,"caption":"Logismedia Group AG"},"image":{"@id":"https:\/\/transportjournal.com\/pt-pt\/#\/schema\/logo\/image\/"},"sameAs":["https:\/\/www.linkedin.com\/company\/56456496\/admin\/dashboard\/","https:\/\/www.instagram.com\/logismediagroup\/","https:\/\/www.youtube.com\/@LogiamediaGroupAG"]},{"@type":"Person","@id":"https:\/\/transportjournal.com\/pt-pt\/#\/schema\/person\/cf538b3157f15afd7589245a4b3dbd25","name":"Andreas Haug","url":"https:\/\/transportjournal.com\/pt-pt\/author\/andreas\/"}]}},"_links":{"self":[{"href":"https:\/\/transportjournal.com\/pt-pt\/wp-json\/wp\/v2\/posts\/74306","targetHints":{"allow":["GET"]}}],"collection":[{"href":"https:\/\/transportjournal.com\/pt-pt\/wp-json\/wp\/v2\/posts"}],"about":[{"href":"https:\/\/transportjournal.com\/pt-pt\/wp-json\/wp\/v2\/types\/post"}],"author":[{"embeddable":true,"href":"https:\/\/transportjournal.com\/pt-pt\/wp-json\/wp\/v2\/users\/12"}],"replies":[{"embeddable":true,"href":"https:\/\/transportjournal.com\/pt-pt\/wp-json\/wp\/v2\/comments?post=74306"}],"version-history":[{"count":0,"href":"https:\/\/transportjournal.com\/pt-pt\/wp-json\/wp\/v2\/posts\/74306\/revisions"}],"wp:featuredmedia":[{"embeddable":true,"href":"https:\/\/transportjournal.com\/pt-pt\/wp-json\/wp\/v2\/media\/74301"}],"wp:attachment":[{"href":"https:\/\/transportjournal.com\/pt-pt\/wp-json\/wp\/v2\/media?parent=74306"}],"wp:term":[{"taxonomy":"category","embeddable":true,"href":"https:\/\/transportjournal.com\/pt-pt\/wp-json\/wp\/v2\/categories?post=74306"},{"taxonomy":"post_tag","embeddable":true,"href":"https:\/\/transportjournal.com\/pt-pt\/wp-json\/wp\/v2\/tags?post=74306"}],"curies":[{"name":"wp","href":"https:\/\/api.w.org\/{rel}","templated":true}]}}