{"id":74290,"date":"2026-01-26T09:00:43","date_gmt":"2026-01-26T09:00:43","guid":{"rendered":"https:\/\/transportjournal.com\/2026\/01\/26\/flutuacoes-nos-precos-spot-de-caminhoes\/"},"modified":"2026-01-26T09:00:43","modified_gmt":"2026-01-26T09:00:43","slug":"flutuacoes-nos-precos-spot-de-caminhoes","status":"publish","type":"post","link":"https:\/\/transportjournal.com\/pt-pt\/2026\/01\/26\/flutuacoes-nos-precos-spot-de-caminhoes\/","title":{"rendered":"Flutua\u00e7\u00f5es nos pre\u00e7os spot de caminh\u00f5es"},"content":{"rendered":"<p>As atuais desenvolvimentos no mercado de transporte rodovi\u00e1rio de caminh\u00f5es mostram flutua\u00e7\u00f5es significativas nos pre\u00e7os spot, de acordo com o mais recente relat\u00f3rio da ACT Research, que analisa as previs\u00f5es para tarifas e volumes no setor de frete. Segundo este relat\u00f3rio, os pre\u00e7os spot aumentaram nas \u00faltimas semanas do ano passado e no in\u00edcio deste ano em porcentagens de dois d\u00edgitos em compara\u00e7\u00e3o ao ano anterior. Esses aumentos de pre\u00e7os s\u00e3o atribu\u00eddos principalmente a condi\u00e7\u00f5es clim\u00e1ticas extremas que afetam a capacidade no transporte rodovi\u00e1rio de caminh\u00f5es, segundo a ACT Research.<\/p>\n<h3>An\u00e1lise de mercado e desenvolvimentos futuros<\/h3>\n<p>Tim Denoyer, vice-presidente e analista s\u00eanior da ACT Research, explica que o aumento dos pre\u00e7os spot tamb\u00e9m est\u00e1 relacionado a um aumento nos pedidos de caminh\u00f5es da classe 8 em dezembro. Isso ocorre em um ambiente onde as condi\u00e7\u00f5es no transporte rodovi\u00e1rio de caminh\u00f5es melhoraram e surgiu uma certa clareza em rela\u00e7\u00e3o \u00e0s baixas regulamenta\u00e7\u00f5es de NOx da EPA para 2027. Denoyer espera que haja uma leve redu\u00e7\u00e3o na capacidade em 2026, que pode continuar em 2027.<\/p>\n<p>Denoyer aponta que h\u00e1 potencial para uma expans\u00e3o econ\u00f4mica mais ampla, especialmente se a pr\u00f3xima decis\u00e3o da Suprema Corte sobre tarifas levar a uma redu\u00e7\u00e3o nas tarifas. Tal desenvolvimento poderia resultar em uma desinfla\u00e7\u00e3o ampla adicional, o que daria mais margem de manobra ao Federal Reserve para continuar reduzindo as taxas de juros. Isso, por sua vez, poderia ter impactos positivos em setores sens\u00edveis ao frete, como a constru\u00e7\u00e3o de habita\u00e7\u00e3o e bens dur\u00e1veis.<\/p>\n<p><a href=\"https:\/\/www.actresearch.net\/\" target=\"_blank\" rel=\"noopener noreferrer\">www.actresearch.net<\/a><\/p>\n<p>&nbsp;<\/p>\n","protected":false},"excerpt":{"rendered":"<p>Os pre\u00e7os spot no transporte rodovi\u00e1rio est\u00e3o a aumentar devido a condi\u00e7\u00f5es clim\u00e1ticas extremas e a uma maior procura por cami\u00f5es, o que afeta as condi\u00e7\u00f5es de mercado.<\/p>\n","protected":false},"author":10,"featured_media":74285,"comment_status":"open","ping_status":"open","sticky":false,"template":"","format":"standard","meta":{"_acf_changed":false,"footnotes":""},"categories":[1626,1616],"tags":[1921,9094,9095,5666,9096,5669,9097,9098,9099,3353,9100,9101,9102,9103,9104,9105,5136,9106,9107,9108,9109,9110,9111,9112,9113,9114,5148,5681,9115,9116,2622,9117,1800,9118,3379,5151,9119,9120,9121,9122,9123,2641,9124,9125,9126,9127,9128,3807,8592,9129,9130,9131,9132,9133,9134,9135],"class_list":["post-74290","post","type-post","status-publish","format-standard","has-post-thumbnail","hentry","category-americas","category-intermodal-rodoviario","tag-act-research","tag-analyse-du-marche-du-fret","tag-augmentations-de-prix-camion","tag-camions-de-classe-8","tag-capacite-de-transport-routier","tag-class-8-trucks","tag-conditions-meteorologiques-extremes-logistique","tag-desinflation-du-fret","tag-deutsch-lkw-transport","tag-digitalisierung-logistik","tag-disinflation-fracht","tag-economic-expansion-logistics","tag-epa-nox-regulations","tag-expansion-economique-logistique","tag-extreme-weather-conditions-logistics","tag-extreme-wetterbedingungen-logistik","tag-fachkraeftemangel-transport","tag-federal-reserve-interest-rates","tag-frachtsektor-trends","tag-freight-disinflation","tag-freight-market-analysis","tag-freight-sector-trends","tag-industrie-du-transport-france","tag-infrastructure-transport-routier","tag-infrastruktur-lkw-transport","tag-kapazitaet-lkw-transport","tag-labor-shortage-transport","tag-lkw-klasse-8","tag-lkw-preisentwicklung-english-truck-transport","tag-logistics-digitization","tag-logistique-durable","tag-marktanalyse-fracht","tag-nachhaltige-logistik","tag-nox-vorschriften-epa","tag-numerisation-logistique","tag-penurie-de-main-doeuvre-transport","tag-preiserhoehungen-lkw","tag-price-increases-trucking","tag-prix-spot-camions","tag-reglementations-nox-epa","tag-spotpreise-lkw","tag-sustainable-logistics","tag-tariffs-supreme-court","tag-tarifs-cour-supreme","tag-taux-dinteret-reserve-federale","tag-tendances-des-prix-des-camions","tag-tendances-du-secteur-du-fret","tag-transport-industry-usa","tag-transportwirtschaft-deutschland","tag-truck-spot-prices","tag-truck-transport-capacity","tag-trucking-infrastructure","tag-trucking-price-trends-francais-transport-routier","tag-wirtschaftliche-expansion-logistik","tag-zinssaetze-federal-reserve","tag-zoelle-oberster-gerichtshof"],"acf":[],"yoast_head":"<!-- This site is optimized with the Yoast SEO plugin v27.3 - https:\/\/yoast.com\/product\/yoast-seo-wordpress\/ -->\n<title>Flutua\u00e7\u00f5es nos pre\u00e7os spot de caminh\u00f5es - ITJ | International Transport Journal<\/title>\n<meta name=\"robots\" content=\"index, follow, max-snippet:-1, max-image-preview:large, max-video-preview:-1\" \/>\n<link rel=\"canonical\" href=\"https:\/\/transportjournal.com\/pt-pt\/2026\/01\/26\/flutuacoes-nos-precos-spot-de-caminhoes\/\" \/>\n<meta property=\"og:locale\" content=\"pt_PT\" \/>\n<meta property=\"og:type\" content=\"article\" \/>\n<meta property=\"og:title\" content=\"Flutua\u00e7\u00f5es nos pre\u00e7os spot de caminh\u00f5es - ITJ | International Transport Journal\" \/>\n<meta property=\"og:description\" content=\"Os pre\u00e7os spot no transporte rodovi\u00e1rio est\u00e3o a aumentar devido a condi\u00e7\u00f5es clim\u00e1ticas extremas e a uma maior procura por cami\u00f5es, o que afeta as condi\u00e7\u00f5es de mercado.\" \/>\n<meta property=\"og:url\" content=\"https:\/\/transportjournal.com\/pt-pt\/2026\/01\/26\/flutuacoes-nos-precos-spot-de-caminhoes\/\" \/>\n<meta property=\"og:site_name\" content=\"ITJ | International Transport Journal\" \/>\n<meta property=\"article:published_time\" content=\"2026-01-26T09:00:43+00:00\" \/>\n<meta property=\"og:image\" content=\"https:\/\/transportjournal.com\/wp-content\/uploads\/sites\/2\/2026\/01\/Screenshot-2026-01-26-100845-aspect-ratio-1400-788.jpg\" \/>\n\t<meta property=\"og:image:width\" content=\"722\" \/>\n\t<meta property=\"og:image:height\" content=\"406\" \/>\n\t<meta property=\"og:image:type\" content=\"image\/jpeg\" \/>\n<meta name=\"author\" content=\"Jeremy Soland\" \/>\n<meta name=\"twitter:card\" content=\"summary_large_image\" \/>\n<meta name=\"twitter:label1\" content=\"Escrito por\" \/>\n\t<meta name=\"twitter:data1\" content=\"Jeremy Soland\" \/>\n\t<meta name=\"twitter:label2\" content=\"Tempo estimado de leitura\" \/>\n\t<meta name=\"twitter:data2\" content=\"1 minuto\" \/>\n<script type=\"application\/ld+json\" class=\"yoast-schema-graph\">{\"@context\":\"https:\\\/\\\/schema.org\",\"@graph\":[{\"@type\":\"Article\",\"@id\":\"https:\\\/\\\/transportjournal.com\\\/pt-pt\\\/2026\\\/01\\\/26\\\/flutuacoes-nos-precos-spot-de-caminhoes\\\/#article\",\"isPartOf\":{\"@id\":\"https:\\\/\\\/transportjournal.com\\\/pt-pt\\\/2026\\\/01\\\/26\\\/flutuacoes-nos-precos-spot-de-caminhoes\\\/\"},\"author\":{\"name\":\"Jeremy Soland\",\"@id\":\"https:\\\/\\\/transportjournal.com\\\/pt-pt\\\/#\\\/schema\\\/person\\\/41d36b5474b623392fa613e97e2363fa\"},\"headline\":\"Flutua\u00e7\u00f5es nos pre\u00e7os spot de caminh\u00f5es\",\"datePublished\":\"2026-01-26T09:00:43+00:00\",\"mainEntityOfPage\":{\"@id\":\"https:\\\/\\\/transportjournal.com\\\/pt-pt\\\/2026\\\/01\\\/26\\\/flutuacoes-nos-precos-spot-de-caminhoes\\\/\"},\"wordCount\":295,\"commentCount\":0,\"publisher\":{\"@id\":\"https:\\\/\\\/transportjournal.com\\\/pt-pt\\\/#organization\"},\"image\":{\"@id\":\"https:\\\/\\\/transportjournal.com\\\/pt-pt\\\/2026\\\/01\\\/26\\\/flutuacoes-nos-precos-spot-de-caminhoes\\\/#primaryimage\"},\"thumbnailUrl\":\"https:\\\/\\\/transportjournal.com\\\/wp-content\\\/uploads\\\/sites\\\/2\\\/2026\\\/01\\\/Screenshot-2026-01-26-100845-aspect-ratio-1400-788.jpg\",\"keywords\":[\"ACT Research\",\"analyse du march\u00e9 du fret\",\"augmentations de prix camion\",\"camions de classe 8\",\"capacit\u00e9 de transport routier\",\"Class 8 trucks\",\"conditions m\u00e9t\u00e9orologiques extr\u00eames logistique\",\"d\u00e9sinflation du fret\",\"Deutsch Lkw-Transport\",\"Digitalisierung Logistik\",\"Disinflation Fracht\",\"economic expansion logistics\",\"EPA NOx regulations\",\"expansion \u00e9conomique logistique\",\"extreme weather conditions logistics\",\"extreme Wetterbedingungen Logistik\",\"Fachkr\u00e4ftemangel Transport\",\"Federal Reserve interest rates\",\"Frachtsektor Trends\",\"freight disinflation\",\"freight market analysis\",\"freight sector trends\",\"industrie du transport France\",\"infrastructure transport routier\",\"Infrastruktur Lkw-Transport\",\"Kapazit\u00e4t Lkw-Transport\",\"labor shortage transport\",\"Lkw-Klasse 8\",\"Lkw-Preisentwicklung English truck transport\",\"logistics digitization\",\"logistique durable\",\"Marktanalyse Fracht\",\"nachhaltige Logistik\",\"NOx-Vorschriften EPA\",\"num\u00e9risation logistique\",\"p\u00e9nurie de main-d'\u0153uvre transport\",\"Preiserh\u00f6hungen Lkw\",\"price increases trucking\",\"prix spot camions\",\"r\u00e9glementations NOx EPA\",\"Spotpreise Lkw\",\"sustainable logistics\",\"tariffs Supreme Court\",\"tarifs Cour supr\u00eame\",\"taux d'int\u00e9r\u00eat R\u00e9serve f\u00e9d\u00e9rale\",\"tendances des prix des camions\",\"tendances du secteur du fret\",\"transport industry USA\",\"Transportwirtschaft Deutschland\",\"truck spot prices\",\"truck transport capacity\",\"trucking infrastructure\",\"trucking price trends Fran\u00e7ais transport routier\",\"wirtschaftliche Expansion Logistik\",\"Zinss\u00e4tze Federal Reserve\",\"Z\u00f6lle Oberster Gerichtshof\"],\"articleSection\":[\"Am\u00e9ricas\",\"Intermodal \\\/ Rodovi\u00e1rio\"],\"inLanguage\":\"pt-PT\",\"potentialAction\":[{\"@type\":\"CommentAction\",\"name\":\"Comment\",\"target\":[\"https:\\\/\\\/transportjournal.com\\\/pt-pt\\\/2026\\\/01\\\/26\\\/flutuacoes-nos-precos-spot-de-caminhoes\\\/#respond\"]}]},{\"@type\":\"WebPage\",\"@id\":\"https:\\\/\\\/transportjournal.com\\\/pt-pt\\\/2026\\\/01\\\/26\\\/flutuacoes-nos-precos-spot-de-caminhoes\\\/\",\"url\":\"https:\\\/\\\/transportjournal.com\\\/pt-pt\\\/2026\\\/01\\\/26\\\/flutuacoes-nos-precos-spot-de-caminhoes\\\/\",\"name\":\"Flutua\u00e7\u00f5es nos pre\u00e7os spot de caminh\u00f5es - ITJ | International Transport Journal\",\"isPartOf\":{\"@id\":\"https:\\\/\\\/transportjournal.com\\\/pt-pt\\\/#website\"},\"primaryImageOfPage\":{\"@id\":\"https:\\\/\\\/transportjournal.com\\\/pt-pt\\\/2026\\\/01\\\/26\\\/flutuacoes-nos-precos-spot-de-caminhoes\\\/#primaryimage\"},\"image\":{\"@id\":\"https:\\\/\\\/transportjournal.com\\\/pt-pt\\\/2026\\\/01\\\/26\\\/flutuacoes-nos-precos-spot-de-caminhoes\\\/#primaryimage\"},\"thumbnailUrl\":\"https:\\\/\\\/transportjournal.com\\\/wp-content\\\/uploads\\\/sites\\\/2\\\/2026\\\/01\\\/Screenshot-2026-01-26-100845-aspect-ratio-1400-788.jpg\",\"datePublished\":\"2026-01-26T09:00:43+00:00\",\"breadcrumb\":{\"@id\":\"https:\\\/\\\/transportjournal.com\\\/pt-pt\\\/2026\\\/01\\\/26\\\/flutuacoes-nos-precos-spot-de-caminhoes\\\/#breadcrumb\"},\"inLanguage\":\"pt-PT\",\"potentialAction\":[{\"@type\":\"ReadAction\",\"target\":[\"https:\\\/\\\/transportjournal.com\\\/pt-pt\\\/2026\\\/01\\\/26\\\/flutuacoes-nos-precos-spot-de-caminhoes\\\/\"]}]},{\"@type\":\"ImageObject\",\"inLanguage\":\"pt-PT\",\"@id\":\"https:\\\/\\\/transportjournal.com\\\/pt-pt\\\/2026\\\/01\\\/26\\\/flutuacoes-nos-precos-spot-de-caminhoes\\\/#primaryimage\",\"url\":\"https:\\\/\\\/transportjournal.com\\\/wp-content\\\/uploads\\\/sites\\\/2\\\/2026\\\/01\\\/Screenshot-2026-01-26-100845-aspect-ratio-1400-788.jpg\",\"contentUrl\":\"https:\\\/\\\/transportjournal.com\\\/wp-content\\\/uploads\\\/sites\\\/2\\\/2026\\\/01\\\/Screenshot-2026-01-26-100845-aspect-ratio-1400-788.jpg\",\"width\":722,\"height\":406},{\"@type\":\"BreadcrumbList\",\"@id\":\"https:\\\/\\\/transportjournal.com\\\/pt-pt\\\/2026\\\/01\\\/26\\\/flutuacoes-nos-precos-spot-de-caminhoes\\\/#breadcrumb\",\"itemListElement\":[{\"@type\":\"ListItem\",\"position\":1,\"name\":\"Startseite\",\"item\":\"https:\\\/\\\/transportjournal.com\\\/pt-pt\\\/\"},{\"@type\":\"ListItem\",\"position\":2,\"name\":\"Flutua\u00e7\u00f5es nos pre\u00e7os spot de caminh\u00f5es\"}]},{\"@type\":\"WebSite\",\"@id\":\"https:\\\/\\\/transportjournal.com\\\/pt-pt\\\/#website\",\"url\":\"https:\\\/\\\/transportjournal.com\\\/pt-pt\\\/\",\"name\":\"ITJ | International Transport Journal\",\"description\":\"Stay informed with the latest global news from the transport, logistics, and supply chain industries. Transport Journal delivers expert insights, analysis, and updates across shipping, aviation, intermodal, and forwarding.\",\"publisher\":{\"@id\":\"https:\\\/\\\/transportjournal.com\\\/pt-pt\\\/#organization\"},\"potentialAction\":[{\"@type\":\"SearchAction\",\"target\":{\"@type\":\"EntryPoint\",\"urlTemplate\":\"https:\\\/\\\/transportjournal.com\\\/pt-pt\\\/?s={search_term_string}\"},\"query-input\":{\"@type\":\"PropertyValueSpecification\",\"valueRequired\":true,\"valueName\":\"search_term_string\"}}],\"inLanguage\":\"pt-PT\"},{\"@type\":\"Organization\",\"@id\":\"https:\\\/\\\/transportjournal.com\\\/pt-pt\\\/#organization\",\"name\":\"Logismedia Group AG\",\"alternateName\":\"Logismedia Group AG\",\"url\":\"https:\\\/\\\/transportjournal.com\\\/pt-pt\\\/\",\"logo\":{\"@type\":\"ImageObject\",\"inLanguage\":\"pt-PT\",\"@id\":\"https:\\\/\\\/transportjournal.com\\\/pt-pt\\\/#\\\/schema\\\/logo\\\/image\\\/\",\"url\":\"https:\\\/\\\/transportjournal.com\\\/wp-content\\\/uploads\\\/sites\\\/2\\\/2025\\\/09\\\/Logo_ITJ.png\",\"contentUrl\":\"https:\\\/\\\/transportjournal.com\\\/wp-content\\\/uploads\\\/sites\\\/2\\\/2025\\\/09\\\/Logo_ITJ.png\",\"width\":799,\"height\":326,\"caption\":\"Logismedia Group AG\"},\"image\":{\"@id\":\"https:\\\/\\\/transportjournal.com\\\/pt-pt\\\/#\\\/schema\\\/logo\\\/image\\\/\"},\"sameAs\":[\"https:\\\/\\\/www.linkedin.com\\\/company\\\/56456496\\\/admin\\\/dashboard\\\/\",\"https:\\\/\\\/www.instagram.com\\\/logismediagroup\\\/\",\"https:\\\/\\\/www.youtube.com\\\/@LogiamediaGroupAG\"]},{\"@type\":\"Person\",\"@id\":\"https:\\\/\\\/transportjournal.com\\\/pt-pt\\\/#\\\/schema\\\/person\\\/41d36b5474b623392fa613e97e2363fa\",\"name\":\"Jeremy Soland\",\"url\":\"https:\\\/\\\/transportjournal.com\\\/pt-pt\\\/author\\\/jeremy\\\/\"}]}<\/script>\n<!-- \/ Yoast SEO plugin. -->","yoast_head_json":{"title":"Flutua\u00e7\u00f5es nos pre\u00e7os spot de caminh\u00f5es - ITJ | International Transport Journal","robots":{"index":"index","follow":"follow","max-snippet":"max-snippet:-1","max-image-preview":"max-image-preview:large","max-video-preview":"max-video-preview:-1"},"canonical":"https:\/\/transportjournal.com\/pt-pt\/2026\/01\/26\/flutuacoes-nos-precos-spot-de-caminhoes\/","og_locale":"pt_PT","og_type":"article","og_title":"Flutua\u00e7\u00f5es nos pre\u00e7os spot de caminh\u00f5es - ITJ | International Transport Journal","og_description":"Os pre\u00e7os spot no transporte rodovi\u00e1rio est\u00e3o a aumentar devido a condi\u00e7\u00f5es clim\u00e1ticas extremas e a uma maior procura por cami\u00f5es, o que afeta as condi\u00e7\u00f5es de mercado.","og_url":"https:\/\/transportjournal.com\/pt-pt\/2026\/01\/26\/flutuacoes-nos-precos-spot-de-caminhoes\/","og_site_name":"ITJ | International Transport Journal","article_published_time":"2026-01-26T09:00:43+00:00","og_image":[{"width":722,"height":406,"url":"https:\/\/transportjournal.com\/wp-content\/uploads\/sites\/2\/2026\/01\/Screenshot-2026-01-26-100845-aspect-ratio-1400-788.jpg","type":"image\/jpeg"}],"author":"Jeremy Soland","twitter_card":"summary_large_image","twitter_misc":{"Escrito por":"Jeremy Soland","Tempo estimado de leitura":"1 minuto"},"schema":{"@context":"https:\/\/schema.org","@graph":[{"@type":"Article","@id":"https:\/\/transportjournal.com\/pt-pt\/2026\/01\/26\/flutuacoes-nos-precos-spot-de-caminhoes\/#article","isPartOf":{"@id":"https:\/\/transportjournal.com\/pt-pt\/2026\/01\/26\/flutuacoes-nos-precos-spot-de-caminhoes\/"},"author":{"name":"Jeremy Soland","@id":"https:\/\/transportjournal.com\/pt-pt\/#\/schema\/person\/41d36b5474b623392fa613e97e2363fa"},"headline":"Flutua\u00e7\u00f5es nos pre\u00e7os spot de caminh\u00f5es","datePublished":"2026-01-26T09:00:43+00:00","mainEntityOfPage":{"@id":"https:\/\/transportjournal.com\/pt-pt\/2026\/01\/26\/flutuacoes-nos-precos-spot-de-caminhoes\/"},"wordCount":295,"commentCount":0,"publisher":{"@id":"https:\/\/transportjournal.com\/pt-pt\/#organization"},"image":{"@id":"https:\/\/transportjournal.com\/pt-pt\/2026\/01\/26\/flutuacoes-nos-precos-spot-de-caminhoes\/#primaryimage"},"thumbnailUrl":"https:\/\/transportjournal.com\/wp-content\/uploads\/sites\/2\/2026\/01\/Screenshot-2026-01-26-100845-aspect-ratio-1400-788.jpg","keywords":["ACT Research","analyse du march\u00e9 du fret","augmentations de prix camion","camions de classe 8","capacit\u00e9 de transport routier","Class 8 trucks","conditions m\u00e9t\u00e9orologiques extr\u00eames logistique","d\u00e9sinflation du fret","Deutsch Lkw-Transport","Digitalisierung Logistik","Disinflation Fracht","economic expansion logistics","EPA NOx regulations","expansion \u00e9conomique logistique","extreme weather conditions logistics","extreme Wetterbedingungen Logistik","Fachkr\u00e4ftemangel Transport","Federal Reserve interest rates","Frachtsektor Trends","freight disinflation","freight market analysis","freight sector trends","industrie du transport France","infrastructure transport routier","Infrastruktur Lkw-Transport","Kapazit\u00e4t Lkw-Transport","labor shortage transport","Lkw-Klasse 8","Lkw-Preisentwicklung English truck transport","logistics digitization","logistique durable","Marktanalyse Fracht","nachhaltige Logistik","NOx-Vorschriften EPA","num\u00e9risation logistique","p\u00e9nurie de main-d'\u0153uvre transport","Preiserh\u00f6hungen Lkw","price increases trucking","prix spot camions","r\u00e9glementations NOx EPA","Spotpreise Lkw","sustainable logistics","tariffs Supreme Court","tarifs Cour supr\u00eame","taux d'int\u00e9r\u00eat R\u00e9serve f\u00e9d\u00e9rale","tendances des prix des camions","tendances du secteur du fret","transport industry USA","Transportwirtschaft Deutschland","truck spot prices","truck transport capacity","trucking infrastructure","trucking price trends Fran\u00e7ais transport routier","wirtschaftliche Expansion Logistik","Zinss\u00e4tze Federal Reserve","Z\u00f6lle Oberster Gerichtshof"],"articleSection":["Am\u00e9ricas","Intermodal \/ Rodovi\u00e1rio"],"inLanguage":"pt-PT","potentialAction":[{"@type":"CommentAction","name":"Comment","target":["https:\/\/transportjournal.com\/pt-pt\/2026\/01\/26\/flutuacoes-nos-precos-spot-de-caminhoes\/#respond"]}]},{"@type":"WebPage","@id":"https:\/\/transportjournal.com\/pt-pt\/2026\/01\/26\/flutuacoes-nos-precos-spot-de-caminhoes\/","url":"https:\/\/transportjournal.com\/pt-pt\/2026\/01\/26\/flutuacoes-nos-precos-spot-de-caminhoes\/","name":"Flutua\u00e7\u00f5es nos pre\u00e7os spot de caminh\u00f5es - ITJ | International Transport Journal","isPartOf":{"@id":"https:\/\/transportjournal.com\/pt-pt\/#website"},"primaryImageOfPage":{"@id":"https:\/\/transportjournal.com\/pt-pt\/2026\/01\/26\/flutuacoes-nos-precos-spot-de-caminhoes\/#primaryimage"},"image":{"@id":"https:\/\/transportjournal.com\/pt-pt\/2026\/01\/26\/flutuacoes-nos-precos-spot-de-caminhoes\/#primaryimage"},"thumbnailUrl":"https:\/\/transportjournal.com\/wp-content\/uploads\/sites\/2\/2026\/01\/Screenshot-2026-01-26-100845-aspect-ratio-1400-788.jpg","datePublished":"2026-01-26T09:00:43+00:00","breadcrumb":{"@id":"https:\/\/transportjournal.com\/pt-pt\/2026\/01\/26\/flutuacoes-nos-precos-spot-de-caminhoes\/#breadcrumb"},"inLanguage":"pt-PT","potentialAction":[{"@type":"ReadAction","target":["https:\/\/transportjournal.com\/pt-pt\/2026\/01\/26\/flutuacoes-nos-precos-spot-de-caminhoes\/"]}]},{"@type":"ImageObject","inLanguage":"pt-PT","@id":"https:\/\/transportjournal.com\/pt-pt\/2026\/01\/26\/flutuacoes-nos-precos-spot-de-caminhoes\/#primaryimage","url":"https:\/\/transportjournal.com\/wp-content\/uploads\/sites\/2\/2026\/01\/Screenshot-2026-01-26-100845-aspect-ratio-1400-788.jpg","contentUrl":"https:\/\/transportjournal.com\/wp-content\/uploads\/sites\/2\/2026\/01\/Screenshot-2026-01-26-100845-aspect-ratio-1400-788.jpg","width":722,"height":406},{"@type":"BreadcrumbList","@id":"https:\/\/transportjournal.com\/pt-pt\/2026\/01\/26\/flutuacoes-nos-precos-spot-de-caminhoes\/#breadcrumb","itemListElement":[{"@type":"ListItem","position":1,"name":"Startseite","item":"https:\/\/transportjournal.com\/pt-pt\/"},{"@type":"ListItem","position":2,"name":"Flutua\u00e7\u00f5es nos pre\u00e7os spot de caminh\u00f5es"}]},{"@type":"WebSite","@id":"https:\/\/transportjournal.com\/pt-pt\/#website","url":"https:\/\/transportjournal.com\/pt-pt\/","name":"ITJ | International Transport Journal","description":"Stay informed with the latest global news from the transport, logistics, and supply chain industries. Transport Journal delivers expert insights, analysis, and updates across shipping, aviation, intermodal, and forwarding.","publisher":{"@id":"https:\/\/transportjournal.com\/pt-pt\/#organization"},"potentialAction":[{"@type":"SearchAction","target":{"@type":"EntryPoint","urlTemplate":"https:\/\/transportjournal.com\/pt-pt\/?s={search_term_string}"},"query-input":{"@type":"PropertyValueSpecification","valueRequired":true,"valueName":"search_term_string"}}],"inLanguage":"pt-PT"},{"@type":"Organization","@id":"https:\/\/transportjournal.com\/pt-pt\/#organization","name":"Logismedia Group AG","alternateName":"Logismedia Group AG","url":"https:\/\/transportjournal.com\/pt-pt\/","logo":{"@type":"ImageObject","inLanguage":"pt-PT","@id":"https:\/\/transportjournal.com\/pt-pt\/#\/schema\/logo\/image\/","url":"https:\/\/transportjournal.com\/wp-content\/uploads\/sites\/2\/2025\/09\/Logo_ITJ.png","contentUrl":"https:\/\/transportjournal.com\/wp-content\/uploads\/sites\/2\/2025\/09\/Logo_ITJ.png","width":799,"height":326,"caption":"Logismedia Group AG"},"image":{"@id":"https:\/\/transportjournal.com\/pt-pt\/#\/schema\/logo\/image\/"},"sameAs":["https:\/\/www.linkedin.com\/company\/56456496\/admin\/dashboard\/","https:\/\/www.instagram.com\/logismediagroup\/","https:\/\/www.youtube.com\/@LogiamediaGroupAG"]},{"@type":"Person","@id":"https:\/\/transportjournal.com\/pt-pt\/#\/schema\/person\/41d36b5474b623392fa613e97e2363fa","name":"Jeremy Soland","url":"https:\/\/transportjournal.com\/pt-pt\/author\/jeremy\/"}]}},"_links":{"self":[{"href":"https:\/\/transportjournal.com\/pt-pt\/wp-json\/wp\/v2\/posts\/74290","targetHints":{"allow":["GET"]}}],"collection":[{"href":"https:\/\/transportjournal.com\/pt-pt\/wp-json\/wp\/v2\/posts"}],"about":[{"href":"https:\/\/transportjournal.com\/pt-pt\/wp-json\/wp\/v2\/types\/post"}],"author":[{"embeddable":true,"href":"https:\/\/transportjournal.com\/pt-pt\/wp-json\/wp\/v2\/users\/10"}],"replies":[{"embeddable":true,"href":"https:\/\/transportjournal.com\/pt-pt\/wp-json\/wp\/v2\/comments?post=74290"}],"version-history":[{"count":0,"href":"https:\/\/transportjournal.com\/pt-pt\/wp-json\/wp\/v2\/posts\/74290\/revisions"}],"wp:featuredmedia":[{"embeddable":true,"href":"https:\/\/transportjournal.com\/pt-pt\/wp-json\/wp\/v2\/media\/74285"}],"wp:attachment":[{"href":"https:\/\/transportjournal.com\/pt-pt\/wp-json\/wp\/v2\/media?parent=74290"}],"wp:term":[{"taxonomy":"category","embeddable":true,"href":"https:\/\/transportjournal.com\/pt-pt\/wp-json\/wp\/v2\/categories?post=74290"},{"taxonomy":"post_tag","embeddable":true,"href":"https:\/\/transportjournal.com\/pt-pt\/wp-json\/wp\/v2\/tags?post=74290"}],"curies":[{"name":"wp","href":"https:\/\/api.w.org\/{rel}","templated":true}]}}