{"id":74275,"date":"2026-01-23T16:19:16","date_gmt":"2026-01-23T16:19:16","guid":{"rendered":"https:\/\/transportjournal.com\/2026\/01\/23\/ligacoes-de-caminhoes-exigem-melhorias-no-brenner\/"},"modified":"2026-01-26T21:22:56","modified_gmt":"2026-01-26T20:22:56","slug":"ligacoes-de-caminhoes-exigem-melhorias-no-brenner","status":"publish","type":"post","link":"https:\/\/transportjournal.com\/pt-pt\/2026\/01\/23\/ligacoes-de-caminhoes-exigem-melhorias-no-brenner\/","title":{"rendered":"Liga\u00e7\u00f5es de caminh\u00f5es exigem melhorias no Brenner"},"content":{"rendered":"<p>As associa\u00e7\u00f5es de transporte e log\u00edstica organizadas no grupo de trabalho Alpentransit pediram \u00e0 Comiss\u00e3o Europeia que inicie imediatamente negocia\u00e7\u00f5es com a \u00c1ustria e os estados vizinhos para melhorar a situa\u00e7\u00e3o do tr\u00e1fego no Brenner a curto prazo. Esta exig\u00eancia foi formulada durante uma troca de ideias com a Dire\u00e7\u00e3o-Geral de Mobilidade e Transportes (DG MOVE) da Comiss\u00e3o Europeia, na qual tamb\u00e9m participou Jens Gieseke, membro do Parlamento Europeu.<\/p>\n<h3>Problemas de tr\u00e1fego no Brenner em foco<\/h3>\n<p>O foco da conversa foram as dificuldades persistentes na rota do Brenner, especialmente a condu\u00e7\u00e3o de tr\u00e1fego em uma \u00fanica faixa na ponte Lueg. Esta situa\u00e7\u00e3o \u00e9 agravada pelas medidas anti-tr\u00e2nsito da Tirol, o que tem um impacto significativo no transporte rodovi\u00e1rio de mercadorias e no mercado interno europeu. O grupo de trabalho Alpentransit enfatizou a necessidade de iniciar negocia\u00e7\u00f5es trilaterais para encontrar solu\u00e7\u00f5es a curto prazo. Uma poss\u00edvel medida poderia ser a flexibiliza\u00e7\u00e3o da proibi\u00e7\u00e3o de tr\u00e1fego noturno, bem como de outras proibi\u00e7\u00f5es de circula\u00e7\u00e3o de caminh\u00f5es para ve\u00edculos ecol\u00f3gicos e silenciosos, a fim de aliviar o tr\u00e1fego.<\/p>\n<p>Os desafios atuais no tr\u00e2nsito do Brenner resultam em uma perda significativa de produtividade para as empresas de transporte afetadas, que em m\u00e9dia \u00e9 de 30%. Em dias com controle de fluxo, essa perda pode ultrapassar 50%. Diante desses problemas massivos e da dura\u00e7\u00e3o incerta do processo em andamento no Tribunal de Justi\u00e7a da Uni\u00e3o Europeia (TJUE) em rela\u00e7\u00e3o \u00e0 a\u00e7\u00e3o da It\u00e1lia contra as medidas da Tirol, o grupo de trabalho Alpentransit exige uma melhoria r\u00e1pida da situa\u00e7\u00e3o do tr\u00e1fego por meio de negocia\u00e7\u00f5es.<\/p>\n<p>A DG MOVE e Jens Gieseke garantiram ao grupo de trabalho Alpentransit seu apoio para abordar os problemas de tr\u00e2nsito na Tirol. O grupo de trabalho inclui, al\u00e9m da Associa\u00e7\u00e3o Federal de Transporte Rodovi\u00e1rio e Log\u00edstica (BGL), as associa\u00e7\u00f5es de transporte rodovi\u00e1rio AIS\u00d6 (\u00c1ustria), FNTR (Fran\u00e7a), ITD (Dinamarca), NLA (Dinamarca, Su\u00e9cia, Noruega), TLN (Pa\u00edses Baixos) e a associa\u00e7\u00e3o mundial IRU.<\/p>\n<p><a href=\"https:\/\/www.bgl-ev.de\/\" target=\"_blank\" rel=\"noopener noreferrer\">www.bgl-ev.de\/<\/a><\/p>\n","protected":false},"excerpt":{"rendered":"<p>O grupo de trabalho Alpentransit pede \u00e0 Comiss\u00e3o Europeia que inicie negocia\u00e7\u00f5es com a \u00c1ustria e pa\u00edses vizinhos para melhorar a situa\u00e7\u00e3o do tr\u00e1fego no Brenner.<\/p>\n","protected":false},"author":7,"featured_media":74270,"comment_status":"open","ping_status":"open","sticky":false,"template":"","format":"standard","meta":{"_acf_changed":false,"footnotes":""},"categories":[9092,1623,1616,9093],"tags":[],"class_list":["post-74275","post","type-post","status-publish","format-standard","has-post-thumbnail","hentry","category-deutschland","category-europa","category-intermodal-rodoviario","category-oesterreich"],"acf":[],"yoast_head":"<!-- This site is optimized with the Yoast SEO plugin v27.3 - https:\/\/yoast.com\/product\/yoast-seo-wordpress\/ -->\n<title>Liga\u00e7\u00f5es de caminh\u00f5es exigem melhorias no Brenner - ITJ | International Transport Journal<\/title>\n<meta name=\"robots\" content=\"index, follow, max-snippet:-1, max-image-preview:large, max-video-preview:-1\" \/>\n<link rel=\"canonical\" href=\"https:\/\/transportjournal.com\/pt-pt\/2026\/01\/23\/ligacoes-de-caminhoes-exigem-melhorias-no-brenner\/\" \/>\n<meta property=\"og:locale\" content=\"pt_PT\" \/>\n<meta property=\"og:type\" content=\"article\" \/>\n<meta property=\"og:title\" content=\"Liga\u00e7\u00f5es de caminh\u00f5es exigem melhorias no Brenner - ITJ | International Transport Journal\" \/>\n<meta property=\"og:description\" content=\"O grupo de trabalho Alpentransit pede \u00e0 Comiss\u00e3o Europeia que inicie negocia\u00e7\u00f5es com a \u00c1ustria e pa\u00edses vizinhos para melhorar a situa\u00e7\u00e3o do tr\u00e1fego no Brenner.\" \/>\n<meta property=\"og:url\" content=\"https:\/\/transportjournal.com\/pt-pt\/2026\/01\/23\/ligacoes-de-caminhoes-exigem-melhorias-no-brenner\/\" \/>\n<meta property=\"og:site_name\" content=\"ITJ | International Transport Journal\" \/>\n<meta property=\"article:published_time\" content=\"2026-01-23T16:19:16+00:00\" \/>\n<meta property=\"article:modified_time\" content=\"2026-01-26T20:22:56+00:00\" \/>\n<meta property=\"og:image\" content=\"https:\/\/transportjournal.com\/wp-content\/uploads\/sites\/2\/2026\/01\/Brenner_Autobahn-scaled-1.jpeg\" \/>\n\t<meta property=\"og:image:width\" content=\"2560\" \/>\n\t<meta property=\"og:image:height\" content=\"1437\" \/>\n\t<meta property=\"og:image:type\" content=\"image\/jpeg\" \/>\n<meta name=\"author\" content=\"Andreas M\u00fcller\" \/>\n<meta name=\"twitter:card\" content=\"summary_large_image\" \/>\n<meta name=\"twitter:label1\" content=\"Escrito por\" \/>\n\t<meta name=\"twitter:data1\" content=\"Andreas M\u00fcller\" \/>\n\t<meta name=\"twitter:label2\" content=\"Tempo estimado de leitura\" \/>\n\t<meta name=\"twitter:data2\" content=\"2 minutos\" \/>\n<script type=\"application\/ld+json\" class=\"yoast-schema-graph\">{\"@context\":\"https:\\\/\\\/schema.org\",\"@graph\":[{\"@type\":\"Article\",\"@id\":\"https:\\\/\\\/transportjournal.com\\\/pt-pt\\\/2026\\\/01\\\/23\\\/ligacoes-de-caminhoes-exigem-melhorias-no-brenner\\\/#article\",\"isPartOf\":{\"@id\":\"https:\\\/\\\/transportjournal.com\\\/pt-pt\\\/2026\\\/01\\\/23\\\/ligacoes-de-caminhoes-exigem-melhorias-no-brenner\\\/\"},\"author\":{\"name\":\"Andreas M\u00fcller\",\"@id\":\"https:\\\/\\\/transportjournal.com\\\/pt-pt\\\/#\\\/schema\\\/person\\\/7b1593b33567ba798d300c8a1b0b85b1\"},\"headline\":\"Liga\u00e7\u00f5es de caminh\u00f5es exigem melhorias no Brenner\",\"datePublished\":\"2026-01-23T16:19:16+00:00\",\"dateModified\":\"2026-01-26T20:22:56+00:00\",\"mainEntityOfPage\":{\"@id\":\"https:\\\/\\\/transportjournal.com\\\/pt-pt\\\/2026\\\/01\\\/23\\\/ligacoes-de-caminhoes-exigem-melhorias-no-brenner\\\/\"},\"wordCount\":377,\"commentCount\":0,\"publisher\":{\"@id\":\"https:\\\/\\\/transportjournal.com\\\/pt-pt\\\/#organization\"},\"image\":{\"@id\":\"https:\\\/\\\/transportjournal.com\\\/pt-pt\\\/2026\\\/01\\\/23\\\/ligacoes-de-caminhoes-exigem-melhorias-no-brenner\\\/#primaryimage\"},\"thumbnailUrl\":\"https:\\\/\\\/transportjournal.com\\\/wp-content\\\/uploads\\\/sites\\\/2\\\/2026\\\/01\\\/Brenner_Autobahn-scaled-1.jpeg\",\"articleSection\":[\"Deutschland\",\"Europa\",\"Intermodal \\\/ Rodovi\u00e1rio\",\"\u00d6sterreich\"],\"inLanguage\":\"pt-PT\",\"potentialAction\":[{\"@type\":\"CommentAction\",\"name\":\"Comment\",\"target\":[\"https:\\\/\\\/transportjournal.com\\\/pt-pt\\\/2026\\\/01\\\/23\\\/ligacoes-de-caminhoes-exigem-melhorias-no-brenner\\\/#respond\"]}]},{\"@type\":\"WebPage\",\"@id\":\"https:\\\/\\\/transportjournal.com\\\/pt-pt\\\/2026\\\/01\\\/23\\\/ligacoes-de-caminhoes-exigem-melhorias-no-brenner\\\/\",\"url\":\"https:\\\/\\\/transportjournal.com\\\/pt-pt\\\/2026\\\/01\\\/23\\\/ligacoes-de-caminhoes-exigem-melhorias-no-brenner\\\/\",\"name\":\"Liga\u00e7\u00f5es de caminh\u00f5es exigem melhorias no Brenner - ITJ | International Transport Journal\",\"isPartOf\":{\"@id\":\"https:\\\/\\\/transportjournal.com\\\/pt-pt\\\/#website\"},\"primaryImageOfPage\":{\"@id\":\"https:\\\/\\\/transportjournal.com\\\/pt-pt\\\/2026\\\/01\\\/23\\\/ligacoes-de-caminhoes-exigem-melhorias-no-brenner\\\/#primaryimage\"},\"image\":{\"@id\":\"https:\\\/\\\/transportjournal.com\\\/pt-pt\\\/2026\\\/01\\\/23\\\/ligacoes-de-caminhoes-exigem-melhorias-no-brenner\\\/#primaryimage\"},\"thumbnailUrl\":\"https:\\\/\\\/transportjournal.com\\\/wp-content\\\/uploads\\\/sites\\\/2\\\/2026\\\/01\\\/Brenner_Autobahn-scaled-1.jpeg\",\"datePublished\":\"2026-01-23T16:19:16+00:00\",\"dateModified\":\"2026-01-26T20:22:56+00:00\",\"breadcrumb\":{\"@id\":\"https:\\\/\\\/transportjournal.com\\\/pt-pt\\\/2026\\\/01\\\/23\\\/ligacoes-de-caminhoes-exigem-melhorias-no-brenner\\\/#breadcrumb\"},\"inLanguage\":\"pt-PT\",\"potentialAction\":[{\"@type\":\"ReadAction\",\"target\":[\"https:\\\/\\\/transportjournal.com\\\/pt-pt\\\/2026\\\/01\\\/23\\\/ligacoes-de-caminhoes-exigem-melhorias-no-brenner\\\/\"]}]},{\"@type\":\"ImageObject\",\"inLanguage\":\"pt-PT\",\"@id\":\"https:\\\/\\\/transportjournal.com\\\/pt-pt\\\/2026\\\/01\\\/23\\\/ligacoes-de-caminhoes-exigem-melhorias-no-brenner\\\/#primaryimage\",\"url\":\"https:\\\/\\\/transportjournal.com\\\/wp-content\\\/uploads\\\/sites\\\/2\\\/2026\\\/01\\\/Brenner_Autobahn-scaled-1.jpeg\",\"contentUrl\":\"https:\\\/\\\/transportjournal.com\\\/wp-content\\\/uploads\\\/sites\\\/2\\\/2026\\\/01\\\/Brenner_Autobahn-scaled-1.jpeg\",\"width\":2560,\"height\":1437,\"caption\":\"Transit traffic over the Brenner\"},{\"@type\":\"BreadcrumbList\",\"@id\":\"https:\\\/\\\/transportjournal.com\\\/pt-pt\\\/2026\\\/01\\\/23\\\/ligacoes-de-caminhoes-exigem-melhorias-no-brenner\\\/#breadcrumb\",\"itemListElement\":[{\"@type\":\"ListItem\",\"position\":1,\"name\":\"Startseite\",\"item\":\"https:\\\/\\\/transportjournal.com\\\/pt-pt\\\/\"},{\"@type\":\"ListItem\",\"position\":2,\"name\":\"Liga\u00e7\u00f5es de caminh\u00f5es exigem melhorias no Brenner\"}]},{\"@type\":\"WebSite\",\"@id\":\"https:\\\/\\\/transportjournal.com\\\/pt-pt\\\/#website\",\"url\":\"https:\\\/\\\/transportjournal.com\\\/pt-pt\\\/\",\"name\":\"ITJ | International Transport Journal\",\"description\":\"Stay informed with the latest global news from the transport, logistics, and supply chain industries. Transport Journal delivers expert insights, analysis, and updates across shipping, aviation, intermodal, and forwarding.\",\"publisher\":{\"@id\":\"https:\\\/\\\/transportjournal.com\\\/pt-pt\\\/#organization\"},\"potentialAction\":[{\"@type\":\"SearchAction\",\"target\":{\"@type\":\"EntryPoint\",\"urlTemplate\":\"https:\\\/\\\/transportjournal.com\\\/pt-pt\\\/?s={search_term_string}\"},\"query-input\":{\"@type\":\"PropertyValueSpecification\",\"valueRequired\":true,\"valueName\":\"search_term_string\"}}],\"inLanguage\":\"pt-PT\"},{\"@type\":\"Organization\",\"@id\":\"https:\\\/\\\/transportjournal.com\\\/pt-pt\\\/#organization\",\"name\":\"Logismedia Group AG\",\"alternateName\":\"Logismedia Group AG\",\"url\":\"https:\\\/\\\/transportjournal.com\\\/pt-pt\\\/\",\"logo\":{\"@type\":\"ImageObject\",\"inLanguage\":\"pt-PT\",\"@id\":\"https:\\\/\\\/transportjournal.com\\\/pt-pt\\\/#\\\/schema\\\/logo\\\/image\\\/\",\"url\":\"https:\\\/\\\/transportjournal.com\\\/wp-content\\\/uploads\\\/sites\\\/2\\\/2025\\\/09\\\/Logo_ITJ.png\",\"contentUrl\":\"https:\\\/\\\/transportjournal.com\\\/wp-content\\\/uploads\\\/sites\\\/2\\\/2025\\\/09\\\/Logo_ITJ.png\",\"width\":799,\"height\":326,\"caption\":\"Logismedia Group AG\"},\"image\":{\"@id\":\"https:\\\/\\\/transportjournal.com\\\/pt-pt\\\/#\\\/schema\\\/logo\\\/image\\\/\"},\"sameAs\":[\"https:\\\/\\\/www.linkedin.com\\\/company\\\/56456496\\\/admin\\\/dashboard\\\/\",\"https:\\\/\\\/www.instagram.com\\\/logismediagroup\\\/\",\"https:\\\/\\\/www.youtube.com\\\/@LogiamediaGroupAG\"]},{\"@type\":\"Person\",\"@id\":\"https:\\\/\\\/transportjournal.com\\\/pt-pt\\\/#\\\/schema\\\/person\\\/7b1593b33567ba798d300c8a1b0b85b1\",\"name\":\"Andreas M\u00fcller\",\"url\":\"https:\\\/\\\/transportjournal.com\\\/pt-pt\\\/author\\\/logismedia\\\/\"}]}<\/script>\n<!-- \/ Yoast SEO plugin. -->","yoast_head_json":{"title":"Liga\u00e7\u00f5es de caminh\u00f5es exigem melhorias no Brenner - ITJ | International Transport Journal","robots":{"index":"index","follow":"follow","max-snippet":"max-snippet:-1","max-image-preview":"max-image-preview:large","max-video-preview":"max-video-preview:-1"},"canonical":"https:\/\/transportjournal.com\/pt-pt\/2026\/01\/23\/ligacoes-de-caminhoes-exigem-melhorias-no-brenner\/","og_locale":"pt_PT","og_type":"article","og_title":"Liga\u00e7\u00f5es de caminh\u00f5es exigem melhorias no Brenner - ITJ | International Transport Journal","og_description":"O grupo de trabalho Alpentransit pede \u00e0 Comiss\u00e3o Europeia que inicie negocia\u00e7\u00f5es com a \u00c1ustria e pa\u00edses vizinhos para melhorar a situa\u00e7\u00e3o do tr\u00e1fego no Brenner.","og_url":"https:\/\/transportjournal.com\/pt-pt\/2026\/01\/23\/ligacoes-de-caminhoes-exigem-melhorias-no-brenner\/","og_site_name":"ITJ | International Transport Journal","article_published_time":"2026-01-23T16:19:16+00:00","article_modified_time":"2026-01-26T20:22:56+00:00","og_image":[{"width":2560,"height":1437,"url":"https:\/\/transportjournal.com\/wp-content\/uploads\/sites\/2\/2026\/01\/Brenner_Autobahn-scaled-1.jpeg","type":"image\/jpeg"}],"author":"Andreas M\u00fcller","twitter_card":"summary_large_image","twitter_misc":{"Escrito por":"Andreas M\u00fcller","Tempo estimado de leitura":"2 minutos"},"schema":{"@context":"https:\/\/schema.org","@graph":[{"@type":"Article","@id":"https:\/\/transportjournal.com\/pt-pt\/2026\/01\/23\/ligacoes-de-caminhoes-exigem-melhorias-no-brenner\/#article","isPartOf":{"@id":"https:\/\/transportjournal.com\/pt-pt\/2026\/01\/23\/ligacoes-de-caminhoes-exigem-melhorias-no-brenner\/"},"author":{"name":"Andreas M\u00fcller","@id":"https:\/\/transportjournal.com\/pt-pt\/#\/schema\/person\/7b1593b33567ba798d300c8a1b0b85b1"},"headline":"Liga\u00e7\u00f5es de caminh\u00f5es exigem melhorias no Brenner","datePublished":"2026-01-23T16:19:16+00:00","dateModified":"2026-01-26T20:22:56+00:00","mainEntityOfPage":{"@id":"https:\/\/transportjournal.com\/pt-pt\/2026\/01\/23\/ligacoes-de-caminhoes-exigem-melhorias-no-brenner\/"},"wordCount":377,"commentCount":0,"publisher":{"@id":"https:\/\/transportjournal.com\/pt-pt\/#organization"},"image":{"@id":"https:\/\/transportjournal.com\/pt-pt\/2026\/01\/23\/ligacoes-de-caminhoes-exigem-melhorias-no-brenner\/#primaryimage"},"thumbnailUrl":"https:\/\/transportjournal.com\/wp-content\/uploads\/sites\/2\/2026\/01\/Brenner_Autobahn-scaled-1.jpeg","articleSection":["Deutschland","Europa","Intermodal \/ Rodovi\u00e1rio","\u00d6sterreich"],"inLanguage":"pt-PT","potentialAction":[{"@type":"CommentAction","name":"Comment","target":["https:\/\/transportjournal.com\/pt-pt\/2026\/01\/23\/ligacoes-de-caminhoes-exigem-melhorias-no-brenner\/#respond"]}]},{"@type":"WebPage","@id":"https:\/\/transportjournal.com\/pt-pt\/2026\/01\/23\/ligacoes-de-caminhoes-exigem-melhorias-no-brenner\/","url":"https:\/\/transportjournal.com\/pt-pt\/2026\/01\/23\/ligacoes-de-caminhoes-exigem-melhorias-no-brenner\/","name":"Liga\u00e7\u00f5es de caminh\u00f5es exigem melhorias no Brenner - ITJ | International Transport Journal","isPartOf":{"@id":"https:\/\/transportjournal.com\/pt-pt\/#website"},"primaryImageOfPage":{"@id":"https:\/\/transportjournal.com\/pt-pt\/2026\/01\/23\/ligacoes-de-caminhoes-exigem-melhorias-no-brenner\/#primaryimage"},"image":{"@id":"https:\/\/transportjournal.com\/pt-pt\/2026\/01\/23\/ligacoes-de-caminhoes-exigem-melhorias-no-brenner\/#primaryimage"},"thumbnailUrl":"https:\/\/transportjournal.com\/wp-content\/uploads\/sites\/2\/2026\/01\/Brenner_Autobahn-scaled-1.jpeg","datePublished":"2026-01-23T16:19:16+00:00","dateModified":"2026-01-26T20:22:56+00:00","breadcrumb":{"@id":"https:\/\/transportjournal.com\/pt-pt\/2026\/01\/23\/ligacoes-de-caminhoes-exigem-melhorias-no-brenner\/#breadcrumb"},"inLanguage":"pt-PT","potentialAction":[{"@type":"ReadAction","target":["https:\/\/transportjournal.com\/pt-pt\/2026\/01\/23\/ligacoes-de-caminhoes-exigem-melhorias-no-brenner\/"]}]},{"@type":"ImageObject","inLanguage":"pt-PT","@id":"https:\/\/transportjournal.com\/pt-pt\/2026\/01\/23\/ligacoes-de-caminhoes-exigem-melhorias-no-brenner\/#primaryimage","url":"https:\/\/transportjournal.com\/wp-content\/uploads\/sites\/2\/2026\/01\/Brenner_Autobahn-scaled-1.jpeg","contentUrl":"https:\/\/transportjournal.com\/wp-content\/uploads\/sites\/2\/2026\/01\/Brenner_Autobahn-scaled-1.jpeg","width":2560,"height":1437,"caption":"Transit traffic over the Brenner"},{"@type":"BreadcrumbList","@id":"https:\/\/transportjournal.com\/pt-pt\/2026\/01\/23\/ligacoes-de-caminhoes-exigem-melhorias-no-brenner\/#breadcrumb","itemListElement":[{"@type":"ListItem","position":1,"name":"Startseite","item":"https:\/\/transportjournal.com\/pt-pt\/"},{"@type":"ListItem","position":2,"name":"Liga\u00e7\u00f5es de caminh\u00f5es exigem melhorias no Brenner"}]},{"@type":"WebSite","@id":"https:\/\/transportjournal.com\/pt-pt\/#website","url":"https:\/\/transportjournal.com\/pt-pt\/","name":"ITJ | International Transport Journal","description":"Stay informed with the latest global news from the transport, logistics, and supply chain industries. Transport Journal delivers expert insights, analysis, and updates across shipping, aviation, intermodal, and forwarding.","publisher":{"@id":"https:\/\/transportjournal.com\/pt-pt\/#organization"},"potentialAction":[{"@type":"SearchAction","target":{"@type":"EntryPoint","urlTemplate":"https:\/\/transportjournal.com\/pt-pt\/?s={search_term_string}"},"query-input":{"@type":"PropertyValueSpecification","valueRequired":true,"valueName":"search_term_string"}}],"inLanguage":"pt-PT"},{"@type":"Organization","@id":"https:\/\/transportjournal.com\/pt-pt\/#organization","name":"Logismedia Group AG","alternateName":"Logismedia Group AG","url":"https:\/\/transportjournal.com\/pt-pt\/","logo":{"@type":"ImageObject","inLanguage":"pt-PT","@id":"https:\/\/transportjournal.com\/pt-pt\/#\/schema\/logo\/image\/","url":"https:\/\/transportjournal.com\/wp-content\/uploads\/sites\/2\/2025\/09\/Logo_ITJ.png","contentUrl":"https:\/\/transportjournal.com\/wp-content\/uploads\/sites\/2\/2025\/09\/Logo_ITJ.png","width":799,"height":326,"caption":"Logismedia Group AG"},"image":{"@id":"https:\/\/transportjournal.com\/pt-pt\/#\/schema\/logo\/image\/"},"sameAs":["https:\/\/www.linkedin.com\/company\/56456496\/admin\/dashboard\/","https:\/\/www.instagram.com\/logismediagroup\/","https:\/\/www.youtube.com\/@LogiamediaGroupAG"]},{"@type":"Person","@id":"https:\/\/transportjournal.com\/pt-pt\/#\/schema\/person\/7b1593b33567ba798d300c8a1b0b85b1","name":"Andreas M\u00fcller","url":"https:\/\/transportjournal.com\/pt-pt\/author\/logismedia\/"}]}},"_links":{"self":[{"href":"https:\/\/transportjournal.com\/pt-pt\/wp-json\/wp\/v2\/posts\/74275","targetHints":{"allow":["GET"]}}],"collection":[{"href":"https:\/\/transportjournal.com\/pt-pt\/wp-json\/wp\/v2\/posts"}],"about":[{"href":"https:\/\/transportjournal.com\/pt-pt\/wp-json\/wp\/v2\/types\/post"}],"author":[{"embeddable":true,"href":"https:\/\/transportjournal.com\/pt-pt\/wp-json\/wp\/v2\/users\/7"}],"replies":[{"embeddable":true,"href":"https:\/\/transportjournal.com\/pt-pt\/wp-json\/wp\/v2\/comments?post=74275"}],"version-history":[{"count":1,"href":"https:\/\/transportjournal.com\/pt-pt\/wp-json\/wp\/v2\/posts\/74275\/revisions"}],"predecessor-version":[{"id":74452,"href":"https:\/\/transportjournal.com\/pt-pt\/wp-json\/wp\/v2\/posts\/74275\/revisions\/74452"}],"wp:featuredmedia":[{"embeddable":true,"href":"https:\/\/transportjournal.com\/pt-pt\/wp-json\/wp\/v2\/media\/74270"}],"wp:attachment":[{"href":"https:\/\/transportjournal.com\/pt-pt\/wp-json\/wp\/v2\/media?parent=74275"}],"wp:term":[{"taxonomy":"category","embeddable":true,"href":"https:\/\/transportjournal.com\/pt-pt\/wp-json\/wp\/v2\/categories?post=74275"},{"taxonomy":"post_tag","embeddable":true,"href":"https:\/\/transportjournal.com\/pt-pt\/wp-json\/wp\/v2\/tags?post=74275"}],"curies":[{"name":"wp","href":"https:\/\/api.w.org\/{rel}","templated":true}]}}