{"id":74252,"date":"2026-01-23T15:03:25","date_gmt":"2026-01-23T15:03:25","guid":{"rendered":"https:\/\/transportjournal.com\/2026\/01\/23\/emirates-skycargo-permanent-em-lgg\/"},"modified":"2026-01-23T15:03:25","modified_gmt":"2026-01-23T15:03:25","slug":"emirates-skycargo-permanent-em-lgg","status":"publish","type":"post","link":"https:\/\/transportjournal.com\/pt-pt\/2026\/01\/23\/emirates-skycargo-permanent-em-lgg\/","title":{"rendered":"Emirates SkyCargo permanent em LGG"},"content":{"rendered":"<p>Emirates SkyCargo adicionou o aeroporto belga de Li\u00e8ge (LGG) \u00e0 sua rede de voos de carga. Esta \u00e9 a primeira nova destina\u00e7\u00e3o para o ano de 2026, com a empresa planejando expandir significativamente ao longo do ano. A decis\u00e3o segue uma demanda cont\u00ednua que foi atendida nos \u00faltimos anos por meio de servi\u00e7os ad-hoc.<\/p>\n<p>O Aeroporto de Li\u00e8ge est\u00e1 estrategicamente localizado no chamado &#8222;tri\u00e2ngulo dourado&#8220; entre Amsterd\u00e3, Paris e Frankfurt, e se tornou um dos centros de carga que mais crescem no mundo. Em 2025, o aeroporto registrou um aumento de 14% no volume de carga. A Emirates SkyCargo j\u00e1 havia atendido Li\u00e8ge no passado com voos de carga ad-hoc (foto), transportando produtos especializados como flores frescas e pacotes de e-commerce. Al\u00e9m disso, foram oferecidos voos charter especiais para cavalos em competi\u00e7\u00f5es internacionais. Com a nova conex\u00e3o regular, a capacidade de carga dispon\u00edvel ser\u00e1 aumentada em 500 t por semana.<\/p>\n<h3>Expans\u00e3o da oferta de carga<\/h3>\n<p>Dos cinco voos de carga semanais, tr\u00eas far\u00e3o conex\u00f5es entre Li\u00e8ge e o Aeroporto Internacional O&#8217;Hare em Chicago, bem como o Aeroporto Internacional Al Maktoum em Dubai. Esses voos s\u00e3o projetados para transportar produtos farmac\u00eauticos sens\u00edveis \u00e0 temperatura por meio de uma cadeia de frio cont\u00ednua. Os dois voos restantes partir\u00e3o de Hong Kong e transportar\u00e3o envios de e-commerce para e atrav\u00e9s de Li\u00e8ge.<\/p>\n<p>Khawla Abdulla, Vice-Presidente de Carga Comercial para a Europa na Emirates SkyCargo, declarou: &#8222;A inclus\u00e3o de Li\u00e8ge em nossa rede de voos de carga \u00e9 um passo estrat\u00e9gico que fortalece nossa presen\u00e7a na Europa e oferece mais conectividade aos nossos clientes globais.&#8220; Em 2025, mais de 15.000 t de carga foram transportadas da B\u00e9lgica, tanto por voos de carga quanto pela capacidade de carga das aeronaves de passageiros para Bruxelas. Abdulla espera um crescimento significativo com a introdu\u00e7\u00e3o dos cinco voos de carga semanais.<\/p>\n<p>Torsten Wefers, Vice-Presidente de Vendas e Marketing no Aeroporto de Li\u00e8ge, tamb\u00e9m se manifestou positivamente sobre a nova conex\u00e3o: &#8222;Estamos honrados que a Emirates SkyCargo tenha inclu\u00eddo o Aeroporto de Li\u00e8ge em sua rede global de voos de carga. Os novos servi\u00e7os regulares conectam Li\u00e8ge a outros importantes aeroportos globais, incluindo o hub da Emirates SkyCargo em Dubai.&#8220; Wefers enfatizou a crescente import\u00e2ncia do aeroporto para a ind\u00fastria de carga a\u00e9rea europeia e o fortalecimento de sua posi\u00e7\u00e3o &#8222;como o maior hub de carga europeu com foco em produtos farmac\u00eauticos, produtos frescos, animais vivos e entregas expressas.&#8220;<\/p>\n<p>A Emirates SkyCargo atende a Europa com 38 aeronaves de carga e 538 voos de passageiros por semana. A empresa planeja expandir ainda mais sua cobertura, incluindo o an\u00fancio de voos de passageiros para Helsinque, que devem come\u00e7ar em outubro de 2026. Com a entrega de at\u00e9 dez novas Boeing 777F at\u00e9 dezembro de 2026, a Emirates SkyCargo ser\u00e1 capaz de expandir sua rede e atender a mais destinos com seu produto e servi\u00e7o.<\/p>\n<p>&nbsp;<\/p>\n<p><a href=\"https:\/\/www.skycargo.com\/\" target=\"_blank\" rel=\"noopener noreferrer\">www.skycargo.com<\/a><\/p>\n<p>&nbsp;<\/p>\n","protected":false},"excerpt":{"rendered":"<p>Emirates SkyCargo expande sua rede de voos de carga para Li\u00e8ge, na B\u00e9lgica, para atender \u00e0 crescente demanda e aumentar significativamente a capacidade de carga.<\/p>\n","protected":false},"author":12,"featured_media":74247,"comment_status":"open","ping_status":"open","sticky":false,"template":"","format":"standard","meta":{"_acf_changed":false,"footnotes":""},"categories":[1623,1624,1618],"tags":[9066,9067,7017,2648,2252,2794,5507,9068,5285,9069,9070,2800,9071,9072,9073,5289,9074,9075,2810,5291,9076,9077,5293,2655,9078,9079,9080,2817,2277,9081,9082,2045,9083,1962,2634,9084,9085,9086,9087,9088,7052,9089,9090,9091,5311],"class_list":["post-74252","post","type-post","status-publish","format-standard","has-post-thumbnail","hentry","category-europa","category-medio-oriente","category-transporte-aereo-de-mercadorias","tag-ad-hoc-cargo-flights","tag-ad-hoc-frachtfluege","tag-aeroport-de-liege","tag-air-freight","tag-air-freight-industry","tag-augmenter-la-capacite-de-fret","tag-avions-cargo","tag-cargo-aircraft-francais-emirates-skycargo","tag-cargo-flights","tag-cargo-network-europe","tag-competitions-internationales","tag-deutsch-emirates-skycargo","tag-e-commerce-shipments","tag-e-commerce-pakete","tag-envois-e-commerce","tag-frachtfluege","tag-frachtflugnetz-europa","tag-frachtflugzeuge-english-emirates-skycargo","tag-frachtkapazitaet-erhoehen","tag-frachtvolumen-2025","tag-frachtzentrum-belgien","tag-freight-hub-belgium","tag-freight-volume-2025","tag-fret-aerien","tag-golden-triangle","tag-goldenes-dreieck","tag-hub-de-fret-belgique","tag-increase-cargo-capacity","tag-industrie-du-fret-aerien","tag-international-competitions","tag-internationale-wettbewerbe","tag-liege-airport","tag-logistique-sous-temperature-controlee","tag-luftfracht","tag-luftfrachtindustrie","tag-pharmaceuticals-transport","tag-pharmazeutika-transport","tag-reseau-de-fret-europe","tag-temperature-controlled-logistics","tag-temperaturkontrollierte-logistik","tag-transport-de-produits-pharmaceutiques","tag-triangle-dor","tag-vols-cargo","tag-vols-cargo-ad-hoc","tag-volume-de-fret-2025"],"acf":[],"yoast_head":"<!-- This site is optimized with the Yoast SEO plugin v27.3 - https:\/\/yoast.com\/product\/yoast-seo-wordpress\/ -->\n<title>Emirates SkyCargo permanent em LGG - ITJ | International Transport Journal<\/title>\n<meta name=\"robots\" content=\"index, follow, max-snippet:-1, max-image-preview:large, max-video-preview:-1\" \/>\n<link rel=\"canonical\" href=\"https:\/\/transportjournal.com\/pt-pt\/2026\/01\/23\/emirates-skycargo-permanent-em-lgg\/\" \/>\n<meta property=\"og:locale\" content=\"pt_PT\" \/>\n<meta property=\"og:type\" content=\"article\" \/>\n<meta property=\"og:title\" content=\"Emirates SkyCargo permanent em LGG - ITJ | International Transport Journal\" \/>\n<meta property=\"og:description\" content=\"Emirates SkyCargo expande sua rede de voos de carga para Li\u00e8ge, na B\u00e9lgica, para atender \u00e0 crescente demanda e aumentar significativamente a capacidade de carga.\" \/>\n<meta property=\"og:url\" content=\"https:\/\/transportjournal.com\/pt-pt\/2026\/01\/23\/emirates-skycargo-permanent-em-lgg\/\" \/>\n<meta property=\"og:site_name\" content=\"ITJ | International Transport Journal\" \/>\n<meta property=\"article:published_time\" content=\"2026-01-23T15:03:25+00:00\" \/>\n<meta property=\"og:image\" content=\"https:\/\/transportjournal.com\/wp-content\/uploads\/sites\/2\/2026\/01\/LGG-Emirates-SkyCargo-556513928_31392595357051186_6402906136866486571_n-aspect-ratio-1400-788.jpg\" \/>\n\t<meta property=\"og:image:width\" content=\"2048\" \/>\n\t<meta property=\"og:image:height\" content=\"1153\" \/>\n\t<meta property=\"og:image:type\" content=\"image\/jpeg\" \/>\n<meta name=\"author\" content=\"Andreas Haug\" \/>\n<meta name=\"twitter:card\" content=\"summary_large_image\" \/>\n<meta name=\"twitter:label1\" content=\"Escrito por\" \/>\n\t<meta name=\"twitter:data1\" content=\"Andreas Haug\" \/>\n\t<meta name=\"twitter:label2\" content=\"Tempo estimado de leitura\" \/>\n\t<meta name=\"twitter:data2\" content=\"3 minutos\" \/>\n<script type=\"application\/ld+json\" class=\"yoast-schema-graph\">{\"@context\":\"https:\\\/\\\/schema.org\",\"@graph\":[{\"@type\":\"Article\",\"@id\":\"https:\\\/\\\/transportjournal.com\\\/pt-pt\\\/2026\\\/01\\\/23\\\/emirates-skycargo-permanent-em-lgg\\\/#article\",\"isPartOf\":{\"@id\":\"https:\\\/\\\/transportjournal.com\\\/pt-pt\\\/2026\\\/01\\\/23\\\/emirates-skycargo-permanent-em-lgg\\\/\"},\"author\":{\"name\":\"Andreas Haug\",\"@id\":\"https:\\\/\\\/transportjournal.com\\\/pt-pt\\\/#\\\/schema\\\/person\\\/cf538b3157f15afd7589245a4b3dbd25\"},\"headline\":\"Emirates SkyCargo permanent em LGG\",\"datePublished\":\"2026-01-23T15:03:25+00:00\",\"mainEntityOfPage\":{\"@id\":\"https:\\\/\\\/transportjournal.com\\\/pt-pt\\\/2026\\\/01\\\/23\\\/emirates-skycargo-permanent-em-lgg\\\/\"},\"wordCount\":517,\"commentCount\":0,\"publisher\":{\"@id\":\"https:\\\/\\\/transportjournal.com\\\/pt-pt\\\/#organization\"},\"image\":{\"@id\":\"https:\\\/\\\/transportjournal.com\\\/pt-pt\\\/2026\\\/01\\\/23\\\/emirates-skycargo-permanent-em-lgg\\\/#primaryimage\"},\"thumbnailUrl\":\"https:\\\/\\\/transportjournal.com\\\/wp-content\\\/uploads\\\/sites\\\/2\\\/2026\\\/01\\\/LGG-Emirates-SkyCargo-556513928_31392595357051186_6402906136866486571_n-aspect-ratio-1400-788.jpg\",\"keywords\":[\"ad-hoc cargo flights\",\"Ad-hoc-Frachtfl\u00fcge\",\"a\u00e9roport de Li\u00e8ge\",\"air freight\",\"air freight industry\",\"augmenter la capacit\u00e9 de fret\",\"avions cargo\",\"cargo aircraft Fran\u00e7ais Emirates SkyCargo\",\"cargo flights\",\"cargo network Europe\",\"comp\u00e9titions internationales\",\"Deutsch Emirates SkyCargo\",\"e-commerce shipments\",\"E-Commerce-Pakete\",\"envois e-commerce\",\"Frachtfl\u00fcge\",\"Frachtflugnetz Europa\",\"Frachtflugzeuge English Emirates SkyCargo\",\"Frachtkapazit\u00e4t erh\u00f6hen\",\"Frachtvolumen 2025\",\"Frachtzentrum Belgien\",\"freight hub Belgium\",\"freight volume 2025\",\"fret a\u00e9rien\",\"golden triangle\",\"goldenes Dreieck\",\"hub de fret Belgique\",\"increase cargo capacity\",\"industrie du fret a\u00e9rien\",\"international competitions\",\"internationale Wettbewerbe\",\"Liege Airport\",\"logistique sous temp\u00e9rature contr\u00f4l\u00e9e\",\"Luftfracht\",\"Luftfrachtindustrie\",\"pharmaceuticals transport\",\"Pharmazeutika Transport\",\"r\u00e9seau de fret Europe\",\"temperature-controlled logistics\",\"temperaturkontrollierte Logistik\",\"transport de produits pharmaceutiques\",\"triangle d'or\",\"vols cargo\",\"vols cargo ad hoc\",\"volume de fret 2025\"],\"articleSection\":[\"Europa\",\"M\u00e9dio Oriente\",\"Transporte a\u00e9reo de mercadorias\"],\"inLanguage\":\"pt-PT\",\"potentialAction\":[{\"@type\":\"CommentAction\",\"name\":\"Comment\",\"target\":[\"https:\\\/\\\/transportjournal.com\\\/pt-pt\\\/2026\\\/01\\\/23\\\/emirates-skycargo-permanent-em-lgg\\\/#respond\"]}]},{\"@type\":\"WebPage\",\"@id\":\"https:\\\/\\\/transportjournal.com\\\/pt-pt\\\/2026\\\/01\\\/23\\\/emirates-skycargo-permanent-em-lgg\\\/\",\"url\":\"https:\\\/\\\/transportjournal.com\\\/pt-pt\\\/2026\\\/01\\\/23\\\/emirates-skycargo-permanent-em-lgg\\\/\",\"name\":\"Emirates SkyCargo permanent em LGG - ITJ | International Transport Journal\",\"isPartOf\":{\"@id\":\"https:\\\/\\\/transportjournal.com\\\/pt-pt\\\/#website\"},\"primaryImageOfPage\":{\"@id\":\"https:\\\/\\\/transportjournal.com\\\/pt-pt\\\/2026\\\/01\\\/23\\\/emirates-skycargo-permanent-em-lgg\\\/#primaryimage\"},\"image\":{\"@id\":\"https:\\\/\\\/transportjournal.com\\\/pt-pt\\\/2026\\\/01\\\/23\\\/emirates-skycargo-permanent-em-lgg\\\/#primaryimage\"},\"thumbnailUrl\":\"https:\\\/\\\/transportjournal.com\\\/wp-content\\\/uploads\\\/sites\\\/2\\\/2026\\\/01\\\/LGG-Emirates-SkyCargo-556513928_31392595357051186_6402906136866486571_n-aspect-ratio-1400-788.jpg\",\"datePublished\":\"2026-01-23T15:03:25+00:00\",\"breadcrumb\":{\"@id\":\"https:\\\/\\\/transportjournal.com\\\/pt-pt\\\/2026\\\/01\\\/23\\\/emirates-skycargo-permanent-em-lgg\\\/#breadcrumb\"},\"inLanguage\":\"pt-PT\",\"potentialAction\":[{\"@type\":\"ReadAction\",\"target\":[\"https:\\\/\\\/transportjournal.com\\\/pt-pt\\\/2026\\\/01\\\/23\\\/emirates-skycargo-permanent-em-lgg\\\/\"]}]},{\"@type\":\"ImageObject\",\"inLanguage\":\"pt-PT\",\"@id\":\"https:\\\/\\\/transportjournal.com\\\/pt-pt\\\/2026\\\/01\\\/23\\\/emirates-skycargo-permanent-em-lgg\\\/#primaryimage\",\"url\":\"https:\\\/\\\/transportjournal.com\\\/wp-content\\\/uploads\\\/sites\\\/2\\\/2026\\\/01\\\/LGG-Emirates-SkyCargo-556513928_31392595357051186_6402906136866486571_n-aspect-ratio-1400-788.jpg\",\"contentUrl\":\"https:\\\/\\\/transportjournal.com\\\/wp-content\\\/uploads\\\/sites\\\/2\\\/2026\\\/01\\\/LGG-Emirates-SkyCargo-556513928_31392595357051186_6402906136866486571_n-aspect-ratio-1400-788.jpg\",\"width\":2048,\"height\":1153},{\"@type\":\"BreadcrumbList\",\"@id\":\"https:\\\/\\\/transportjournal.com\\\/pt-pt\\\/2026\\\/01\\\/23\\\/emirates-skycargo-permanent-em-lgg\\\/#breadcrumb\",\"itemListElement\":[{\"@type\":\"ListItem\",\"position\":1,\"name\":\"Startseite\",\"item\":\"https:\\\/\\\/transportjournal.com\\\/pt-pt\\\/\"},{\"@type\":\"ListItem\",\"position\":2,\"name\":\"Emirates SkyCargo permanent em LGG\"}]},{\"@type\":\"WebSite\",\"@id\":\"https:\\\/\\\/transportjournal.com\\\/pt-pt\\\/#website\",\"url\":\"https:\\\/\\\/transportjournal.com\\\/pt-pt\\\/\",\"name\":\"ITJ | International Transport Journal\",\"description\":\"Stay informed with the latest global news from the transport, logistics, and supply chain industries. Transport Journal delivers expert insights, analysis, and updates across shipping, aviation, intermodal, and forwarding.\",\"publisher\":{\"@id\":\"https:\\\/\\\/transportjournal.com\\\/pt-pt\\\/#organization\"},\"potentialAction\":[{\"@type\":\"SearchAction\",\"target\":{\"@type\":\"EntryPoint\",\"urlTemplate\":\"https:\\\/\\\/transportjournal.com\\\/pt-pt\\\/?s={search_term_string}\"},\"query-input\":{\"@type\":\"PropertyValueSpecification\",\"valueRequired\":true,\"valueName\":\"search_term_string\"}}],\"inLanguage\":\"pt-PT\"},{\"@type\":\"Organization\",\"@id\":\"https:\\\/\\\/transportjournal.com\\\/pt-pt\\\/#organization\",\"name\":\"Logismedia Group AG\",\"alternateName\":\"Logismedia Group AG\",\"url\":\"https:\\\/\\\/transportjournal.com\\\/pt-pt\\\/\",\"logo\":{\"@type\":\"ImageObject\",\"inLanguage\":\"pt-PT\",\"@id\":\"https:\\\/\\\/transportjournal.com\\\/pt-pt\\\/#\\\/schema\\\/logo\\\/image\\\/\",\"url\":\"https:\\\/\\\/transportjournal.com\\\/wp-content\\\/uploads\\\/sites\\\/2\\\/2025\\\/09\\\/Logo_ITJ.png\",\"contentUrl\":\"https:\\\/\\\/transportjournal.com\\\/wp-content\\\/uploads\\\/sites\\\/2\\\/2025\\\/09\\\/Logo_ITJ.png\",\"width\":799,\"height\":326,\"caption\":\"Logismedia Group AG\"},\"image\":{\"@id\":\"https:\\\/\\\/transportjournal.com\\\/pt-pt\\\/#\\\/schema\\\/logo\\\/image\\\/\"},\"sameAs\":[\"https:\\\/\\\/www.linkedin.com\\\/company\\\/56456496\\\/admin\\\/dashboard\\\/\",\"https:\\\/\\\/www.instagram.com\\\/logismediagroup\\\/\",\"https:\\\/\\\/www.youtube.com\\\/@LogiamediaGroupAG\"]},{\"@type\":\"Person\",\"@id\":\"https:\\\/\\\/transportjournal.com\\\/pt-pt\\\/#\\\/schema\\\/person\\\/cf538b3157f15afd7589245a4b3dbd25\",\"name\":\"Andreas Haug\",\"url\":\"https:\\\/\\\/transportjournal.com\\\/pt-pt\\\/author\\\/andreas\\\/\"}]}<\/script>\n<!-- \/ Yoast SEO plugin. -->","yoast_head_json":{"title":"Emirates SkyCargo permanent em LGG - ITJ | International Transport Journal","robots":{"index":"index","follow":"follow","max-snippet":"max-snippet:-1","max-image-preview":"max-image-preview:large","max-video-preview":"max-video-preview:-1"},"canonical":"https:\/\/transportjournal.com\/pt-pt\/2026\/01\/23\/emirates-skycargo-permanent-em-lgg\/","og_locale":"pt_PT","og_type":"article","og_title":"Emirates SkyCargo permanent em LGG - ITJ | International Transport Journal","og_description":"Emirates SkyCargo expande sua rede de voos de carga para Li\u00e8ge, na B\u00e9lgica, para atender \u00e0 crescente demanda e aumentar significativamente a capacidade de carga.","og_url":"https:\/\/transportjournal.com\/pt-pt\/2026\/01\/23\/emirates-skycargo-permanent-em-lgg\/","og_site_name":"ITJ | International Transport Journal","article_published_time":"2026-01-23T15:03:25+00:00","og_image":[{"width":2048,"height":1153,"url":"https:\/\/transportjournal.com\/wp-content\/uploads\/sites\/2\/2026\/01\/LGG-Emirates-SkyCargo-556513928_31392595357051186_6402906136866486571_n-aspect-ratio-1400-788.jpg","type":"image\/jpeg"}],"author":"Andreas Haug","twitter_card":"summary_large_image","twitter_misc":{"Escrito por":"Andreas Haug","Tempo estimado de leitura":"3 minutos"},"schema":{"@context":"https:\/\/schema.org","@graph":[{"@type":"Article","@id":"https:\/\/transportjournal.com\/pt-pt\/2026\/01\/23\/emirates-skycargo-permanent-em-lgg\/#article","isPartOf":{"@id":"https:\/\/transportjournal.com\/pt-pt\/2026\/01\/23\/emirates-skycargo-permanent-em-lgg\/"},"author":{"name":"Andreas Haug","@id":"https:\/\/transportjournal.com\/pt-pt\/#\/schema\/person\/cf538b3157f15afd7589245a4b3dbd25"},"headline":"Emirates SkyCargo permanent em LGG","datePublished":"2026-01-23T15:03:25+00:00","mainEntityOfPage":{"@id":"https:\/\/transportjournal.com\/pt-pt\/2026\/01\/23\/emirates-skycargo-permanent-em-lgg\/"},"wordCount":517,"commentCount":0,"publisher":{"@id":"https:\/\/transportjournal.com\/pt-pt\/#organization"},"image":{"@id":"https:\/\/transportjournal.com\/pt-pt\/2026\/01\/23\/emirates-skycargo-permanent-em-lgg\/#primaryimage"},"thumbnailUrl":"https:\/\/transportjournal.com\/wp-content\/uploads\/sites\/2\/2026\/01\/LGG-Emirates-SkyCargo-556513928_31392595357051186_6402906136866486571_n-aspect-ratio-1400-788.jpg","keywords":["ad-hoc cargo flights","Ad-hoc-Frachtfl\u00fcge","a\u00e9roport de Li\u00e8ge","air freight","air freight industry","augmenter la capacit\u00e9 de fret","avions cargo","cargo aircraft Fran\u00e7ais Emirates SkyCargo","cargo flights","cargo network Europe","comp\u00e9titions internationales","Deutsch Emirates SkyCargo","e-commerce shipments","E-Commerce-Pakete","envois e-commerce","Frachtfl\u00fcge","Frachtflugnetz Europa","Frachtflugzeuge English Emirates SkyCargo","Frachtkapazit\u00e4t erh\u00f6hen","Frachtvolumen 2025","Frachtzentrum Belgien","freight hub Belgium","freight volume 2025","fret a\u00e9rien","golden triangle","goldenes Dreieck","hub de fret Belgique","increase cargo capacity","industrie du fret a\u00e9rien","international competitions","internationale Wettbewerbe","Liege Airport","logistique sous temp\u00e9rature contr\u00f4l\u00e9e","Luftfracht","Luftfrachtindustrie","pharmaceuticals transport","Pharmazeutika Transport","r\u00e9seau de fret Europe","temperature-controlled logistics","temperaturkontrollierte Logistik","transport de produits pharmaceutiques","triangle d'or","vols cargo","vols cargo ad hoc","volume de fret 2025"],"articleSection":["Europa","M\u00e9dio Oriente","Transporte a\u00e9reo de mercadorias"],"inLanguage":"pt-PT","potentialAction":[{"@type":"CommentAction","name":"Comment","target":["https:\/\/transportjournal.com\/pt-pt\/2026\/01\/23\/emirates-skycargo-permanent-em-lgg\/#respond"]}]},{"@type":"WebPage","@id":"https:\/\/transportjournal.com\/pt-pt\/2026\/01\/23\/emirates-skycargo-permanent-em-lgg\/","url":"https:\/\/transportjournal.com\/pt-pt\/2026\/01\/23\/emirates-skycargo-permanent-em-lgg\/","name":"Emirates SkyCargo permanent em LGG - ITJ | International Transport Journal","isPartOf":{"@id":"https:\/\/transportjournal.com\/pt-pt\/#website"},"primaryImageOfPage":{"@id":"https:\/\/transportjournal.com\/pt-pt\/2026\/01\/23\/emirates-skycargo-permanent-em-lgg\/#primaryimage"},"image":{"@id":"https:\/\/transportjournal.com\/pt-pt\/2026\/01\/23\/emirates-skycargo-permanent-em-lgg\/#primaryimage"},"thumbnailUrl":"https:\/\/transportjournal.com\/wp-content\/uploads\/sites\/2\/2026\/01\/LGG-Emirates-SkyCargo-556513928_31392595357051186_6402906136866486571_n-aspect-ratio-1400-788.jpg","datePublished":"2026-01-23T15:03:25+00:00","breadcrumb":{"@id":"https:\/\/transportjournal.com\/pt-pt\/2026\/01\/23\/emirates-skycargo-permanent-em-lgg\/#breadcrumb"},"inLanguage":"pt-PT","potentialAction":[{"@type":"ReadAction","target":["https:\/\/transportjournal.com\/pt-pt\/2026\/01\/23\/emirates-skycargo-permanent-em-lgg\/"]}]},{"@type":"ImageObject","inLanguage":"pt-PT","@id":"https:\/\/transportjournal.com\/pt-pt\/2026\/01\/23\/emirates-skycargo-permanent-em-lgg\/#primaryimage","url":"https:\/\/transportjournal.com\/wp-content\/uploads\/sites\/2\/2026\/01\/LGG-Emirates-SkyCargo-556513928_31392595357051186_6402906136866486571_n-aspect-ratio-1400-788.jpg","contentUrl":"https:\/\/transportjournal.com\/wp-content\/uploads\/sites\/2\/2026\/01\/LGG-Emirates-SkyCargo-556513928_31392595357051186_6402906136866486571_n-aspect-ratio-1400-788.jpg","width":2048,"height":1153},{"@type":"BreadcrumbList","@id":"https:\/\/transportjournal.com\/pt-pt\/2026\/01\/23\/emirates-skycargo-permanent-em-lgg\/#breadcrumb","itemListElement":[{"@type":"ListItem","position":1,"name":"Startseite","item":"https:\/\/transportjournal.com\/pt-pt\/"},{"@type":"ListItem","position":2,"name":"Emirates SkyCargo permanent em LGG"}]},{"@type":"WebSite","@id":"https:\/\/transportjournal.com\/pt-pt\/#website","url":"https:\/\/transportjournal.com\/pt-pt\/","name":"ITJ | International Transport Journal","description":"Stay informed with the latest global news from the transport, logistics, and supply chain industries. Transport Journal delivers expert insights, analysis, and updates across shipping, aviation, intermodal, and forwarding.","publisher":{"@id":"https:\/\/transportjournal.com\/pt-pt\/#organization"},"potentialAction":[{"@type":"SearchAction","target":{"@type":"EntryPoint","urlTemplate":"https:\/\/transportjournal.com\/pt-pt\/?s={search_term_string}"},"query-input":{"@type":"PropertyValueSpecification","valueRequired":true,"valueName":"search_term_string"}}],"inLanguage":"pt-PT"},{"@type":"Organization","@id":"https:\/\/transportjournal.com\/pt-pt\/#organization","name":"Logismedia Group AG","alternateName":"Logismedia Group AG","url":"https:\/\/transportjournal.com\/pt-pt\/","logo":{"@type":"ImageObject","inLanguage":"pt-PT","@id":"https:\/\/transportjournal.com\/pt-pt\/#\/schema\/logo\/image\/","url":"https:\/\/transportjournal.com\/wp-content\/uploads\/sites\/2\/2025\/09\/Logo_ITJ.png","contentUrl":"https:\/\/transportjournal.com\/wp-content\/uploads\/sites\/2\/2025\/09\/Logo_ITJ.png","width":799,"height":326,"caption":"Logismedia Group AG"},"image":{"@id":"https:\/\/transportjournal.com\/pt-pt\/#\/schema\/logo\/image\/"},"sameAs":["https:\/\/www.linkedin.com\/company\/56456496\/admin\/dashboard\/","https:\/\/www.instagram.com\/logismediagroup\/","https:\/\/www.youtube.com\/@LogiamediaGroupAG"]},{"@type":"Person","@id":"https:\/\/transportjournal.com\/pt-pt\/#\/schema\/person\/cf538b3157f15afd7589245a4b3dbd25","name":"Andreas Haug","url":"https:\/\/transportjournal.com\/pt-pt\/author\/andreas\/"}]}},"_links":{"self":[{"href":"https:\/\/transportjournal.com\/pt-pt\/wp-json\/wp\/v2\/posts\/74252","targetHints":{"allow":["GET"]}}],"collection":[{"href":"https:\/\/transportjournal.com\/pt-pt\/wp-json\/wp\/v2\/posts"}],"about":[{"href":"https:\/\/transportjournal.com\/pt-pt\/wp-json\/wp\/v2\/types\/post"}],"author":[{"embeddable":true,"href":"https:\/\/transportjournal.com\/pt-pt\/wp-json\/wp\/v2\/users\/12"}],"replies":[{"embeddable":true,"href":"https:\/\/transportjournal.com\/pt-pt\/wp-json\/wp\/v2\/comments?post=74252"}],"version-history":[{"count":0,"href":"https:\/\/transportjournal.com\/pt-pt\/wp-json\/wp\/v2\/posts\/74252\/revisions"}],"wp:featuredmedia":[{"embeddable":true,"href":"https:\/\/transportjournal.com\/pt-pt\/wp-json\/wp\/v2\/media\/74247"}],"wp:attachment":[{"href":"https:\/\/transportjournal.com\/pt-pt\/wp-json\/wp\/v2\/media?parent=74252"}],"wp:term":[{"taxonomy":"category","embeddable":true,"href":"https:\/\/transportjournal.com\/pt-pt\/wp-json\/wp\/v2\/categories?post=74252"},{"taxonomy":"post_tag","embeddable":true,"href":"https:\/\/transportjournal.com\/pt-pt\/wp-json\/wp\/v2\/tags?post=74252"}],"curies":[{"name":"wp","href":"https:\/\/api.w.org\/{rel}","templated":true}]}}