{"id":74244,"date":"2026-01-23T11:29:28","date_gmt":"2026-01-23T11:29:28","guid":{"rendered":"https:\/\/transportjournal.com\/2026\/01\/23\/crescimento-do-setor-de-logistica-ate-2031\/"},"modified":"2026-01-23T11:29:28","modified_gmt":"2026-01-23T11:29:28","slug":"crescimento-do-setor-de-logistica-ate-2031","status":"publish","type":"post","link":"https:\/\/transportjournal.com\/pt-pt\/2026\/01\/23\/crescimento-do-setor-de-logistica-ate-2031\/","title":{"rendered":"Crescimento do setor de log\u00edstica at\u00e9 2031"},"content":{"rendered":"<p>A ind\u00fastria de log\u00edstica e frete na Alemanha mostra-se em trajet\u00f3ria de crescimento nos pr\u00f3ximos anos. De acordo com o relat\u00f3rio de mercado atual da Research and Markets, a receita no setor de frete e log\u00edstica na Alemanha deve aumentar de 221,37 bilh\u00f5es de USD em 2025 para 227,99 bilh\u00f5es de USD em 2026. At\u00e9 2031, um volume total de 264,17 bilh\u00f5es de USD \u00e9 previsto, o que corresponde a uma taxa de crescimento anual composta (CAGR) de 2,99% para o per\u00edodo de 2026 a 2031.<\/p>\n<h3>Crescimento atrav\u00e9s do E-Commerce e novas regulamenta\u00e7\u00f5es<\/h3>\n<p>Particularmente, o cumprimento de pedidos online e a orienta\u00e7\u00e3o para exporta\u00e7\u00e3o desempenham um papel crucial. Al\u00e9m disso, o setor \u00e9 influenciado pelas diretrizes do Pacto Ecol\u00f3gico Europeu, que trazem custos mais altos para o transporte rodovi\u00e1rio. Para enfrentar os desafios da precifica\u00e7\u00e3o de CO2, que est\u00e1 em 55 EUR (aproximadamente 60,7 USD) por tonelada, muitas empresas, de acordo com o relat\u00f3rio, est\u00e3o adotando solu\u00e7\u00f5es intermodais.<\/p>\n","protected":false},"excerpt":{"rendered":"<p>A ind\u00fastria de log\u00edstica e frete da Alemanha deve experimentar um crescimento de receita para 264,17 bilh\u00f5es de USD at\u00e9 2031, impulsionada pelo com\u00e9rcio eletr\u00f4nico e inova\u00e7\u00f5es tecnol\u00f3gicas.<\/p>\n","protected":false},"author":10,"featured_media":74239,"comment_status":"open","ping_status":"open","sticky":false,"template":"","format":"standard","meta":{"_acf_changed":false,"footnotes":""},"categories":[1623,1617],"tags":[9034,9035,9036,9037,2115,2116,5090,5091,9038,9039,9040,9041,9042,2122,9043,9044,9045,2123,9046,9047,3328,3994,5252,5253,9048,4000,9049,9050,2525,9051,2526,3750,5108,9052,9053,9054,3157,9055,9056,3756,3757,2145,9057,2869,9058,9059,2193,9060,9061,9062,1916,2339,5266,2106,9063,8591,3125,8592,9064,9065],"class_list":["post-74244","post","type-post","status-publish","format-standard","has-post-thumbnail","hentry","category-europa","category-expedicao-e-logistica","tag-co2-pricing-logistics","tag-co2-bepreisung-logistik","tag-croissance-logistique-2031","tag-deutsch-logistikbranche","tag-digitalisierung-in-der-logistik","tag-digitalization-in-logistics","tag-e-commerce-logistics","tag-e-commerce-logistik","tag-economie-du-transport-allemagne","tag-europaeischer-gruener-deal","tag-european-green-deal","tag-export-oriented-logistics-francais-secteur-logistique","tag-exportorientierung-logistik-english-logistics-industry","tag-fachkraeftemangel-logistik","tag-frachtmarkt-deutschland","tag-freight-market-germany","tag-freight-market-report","tag-gestion-de-la-chaine-dapprovisionnement","tag-growth-logistics-2031","tag-hafenbetrieb-deutschland","tag-infrastructure-logistique","tag-infrastruktur-logistik","tag-intermodal-solutions","tag-intermodale-loesungen","tag-logistics-industry-forecast","tag-logistics-infrastructure","tag-logistics-market-report","tag-logistics-revenue-2026","tag-logistics-service-providers-germany","tag-logistik-martktreport","tag-logistikdienstleister-deutschland","tag-logistique-de-colis","tag-logistique-e-commerce","tag-logistique-orientee-export","tag-marche-du-fret-allemagne","tag-marktbericht-fracht","tag-numerisation-dans-la-logistique","tag-operations-portuaires-allemagne","tag-pacte-vert-europeen","tag-paketlogistik","tag-parcel-logistics","tag-penurie-de-main-doeuvre-logistique","tag-port-operations-germany","tag-prestataires-de-services-logistiques-allemagne","tag-previsions-secteur-logistique","tag-prognose-logistikbranche","tag-rail-freight-transport","tag-rapport-de-marche-du-fret","tag-rapport-de-marche-logistique","tag-revenus-logistique-2026","tag-schienengueterverkehr","tag-skills-shortage-logistics","tag-solutions-intermodales","tag-supply-chain-management","tag-tarification-du-co2-logistique","tag-transport-economy-germany","tag-transport-ferroviaire-de-marchandises","tag-transportwirtschaft-deutschland","tag-umsatz-logistik-2026","tag-wachstum-logistik-2031"],"acf":[],"yoast_head":"<!-- This site is optimized with the Yoast SEO plugin v27.3 - https:\/\/yoast.com\/product\/yoast-seo-wordpress\/ -->\n<title>Crescimento do setor de log\u00edstica at\u00e9 2031 - ITJ | International Transport Journal<\/title>\n<meta name=\"robots\" content=\"index, follow, max-snippet:-1, max-image-preview:large, max-video-preview:-1\" \/>\n<link rel=\"canonical\" href=\"https:\/\/transportjournal.com\/pt-pt\/2026\/01\/23\/crescimento-do-setor-de-logistica-ate-2031\/\" \/>\n<meta property=\"og:locale\" content=\"pt_PT\" \/>\n<meta property=\"og:type\" content=\"article\" \/>\n<meta property=\"og:title\" content=\"Crescimento do setor de log\u00edstica at\u00e9 2031 - ITJ | International Transport Journal\" \/>\n<meta property=\"og:description\" content=\"A ind\u00fastria de log\u00edstica e frete da Alemanha deve experimentar um crescimento de receita para 264,17 bilh\u00f5es de USD at\u00e9 2031, impulsionada pelo com\u00e9rcio eletr\u00f4nico e inova\u00e7\u00f5es tecnol\u00f3gicas.\" \/>\n<meta property=\"og:url\" content=\"https:\/\/transportjournal.com\/pt-pt\/2026\/01\/23\/crescimento-do-setor-de-logistica-ate-2031\/\" \/>\n<meta property=\"og:site_name\" content=\"ITJ | International Transport Journal\" \/>\n<meta property=\"article:published_time\" content=\"2026-01-23T11:29:28+00:00\" \/>\n<meta property=\"og:image\" content=\"https:\/\/transportjournal.com\/wp-content\/uploads\/sites\/2\/2026\/01\/AdobeStock_354007764-1-scaled-aspect-ratio-1400-788-scaled-1.jpeg\" \/>\n\t<meta property=\"og:image:width\" content=\"2560\" \/>\n\t<meta property=\"og:image:height\" content=\"1441\" \/>\n\t<meta property=\"og:image:type\" content=\"image\/jpeg\" \/>\n<meta name=\"author\" content=\"Jeremy Soland\" \/>\n<meta name=\"twitter:card\" content=\"summary_large_image\" \/>\n<meta name=\"twitter:label1\" content=\"Escrito por\" \/>\n\t<meta name=\"twitter:data1\" content=\"Jeremy Soland\" \/>\n\t<meta name=\"twitter:label2\" content=\"Tempo estimado de leitura\" \/>\n\t<meta name=\"twitter:data2\" content=\"1 minuto\" \/>\n<script type=\"application\/ld+json\" class=\"yoast-schema-graph\">{\"@context\":\"https:\\\/\\\/schema.org\",\"@graph\":[{\"@type\":\"Article\",\"@id\":\"https:\\\/\\\/transportjournal.com\\\/pt-pt\\\/2026\\\/01\\\/23\\\/crescimento-do-setor-de-logistica-ate-2031\\\/#article\",\"isPartOf\":{\"@id\":\"https:\\\/\\\/transportjournal.com\\\/pt-pt\\\/2026\\\/01\\\/23\\\/crescimento-do-setor-de-logistica-ate-2031\\\/\"},\"author\":{\"name\":\"Jeremy Soland\",\"@id\":\"https:\\\/\\\/transportjournal.com\\\/pt-pt\\\/#\\\/schema\\\/person\\\/41d36b5474b623392fa613e97e2363fa\"},\"headline\":\"Crescimento do setor de log\u00edstica at\u00e9 2031\",\"datePublished\":\"2026-01-23T11:29:28+00:00\",\"mainEntityOfPage\":{\"@id\":\"https:\\\/\\\/transportjournal.com\\\/pt-pt\\\/2026\\\/01\\\/23\\\/crescimento-do-setor-de-logistica-ate-2031\\\/\"},\"wordCount\":173,\"commentCount\":0,\"publisher\":{\"@id\":\"https:\\\/\\\/transportjournal.com\\\/pt-pt\\\/#organization\"},\"image\":{\"@id\":\"https:\\\/\\\/transportjournal.com\\\/pt-pt\\\/2026\\\/01\\\/23\\\/crescimento-do-setor-de-logistica-ate-2031\\\/#primaryimage\"},\"thumbnailUrl\":\"https:\\\/\\\/transportjournal.com\\\/wp-content\\\/uploads\\\/sites\\\/2\\\/2026\\\/01\\\/AdobeStock_354007764-1-scaled-aspect-ratio-1400-788-scaled-1.jpeg\",\"keywords\":[\"CO2 pricing logistics\",\"CO2-Bepreisung Logistik\",\"croissance logistique 2031\",\"Deutsch Logistikbranche\",\"Digitalisierung in der Logistik\",\"digitalization in logistics\",\"e-commerce logistics\",\"E-Commerce Logistik\",\"\u00e9conomie du transport Allemagne\",\"europ\u00e4ischer Gr\u00fcner Deal\",\"European Green Deal\",\"export-oriented logistics Fran\u00e7ais secteur logistique\",\"Exportorientierung Logistik English logistics industry\",\"Fachkr\u00e4ftemangel Logistik\",\"Frachtmarkt Deutschland\",\"freight market Germany\",\"freight market report\",\"gestion de la cha\u00eene d'approvisionnement\",\"growth logistics 2031\",\"Hafenbetrieb Deutschland\",\"infrastructure logistique\",\"Infrastruktur Logistik\",\"intermodal solutions\",\"intermodale L\u00f6sungen\",\"logistics industry forecast\",\"logistics infrastructure\",\"logistics market report\",\"logistics revenue 2026\",\"logistics service providers Germany\",\"Logistik Martktreport\",\"Logistikdienstleister Deutschland\",\"logistique de colis\",\"logistique e-commerce\",\"logistique orient\u00e9e export\",\"march\u00e9 du fret Allemagne\",\"Marktbericht Fracht\",\"num\u00e9risation dans la logistique\",\"op\u00e9rations portuaires Allemagne\",\"Pacte vert europ\u00e9en\",\"Paketlogistik\",\"parcel logistics\",\"p\u00e9nurie de main-d'\u0153uvre logistique\",\"port operations Germany\",\"prestataires de services logistiques Allemagne\",\"pr\u00e9visions secteur logistique\",\"Prognose Logistikbranche\",\"rail freight transport\",\"rapport de march\u00e9 du fret\",\"rapport de march\u00e9 logistique\",\"revenus logistique 2026\",\"Schieneng\u00fcterverkehr\",\"skills shortage logistics\",\"solutions intermodales\",\"Supply Chain Management\",\"tarification du CO2 logistique\",\"transport economy Germany\",\"transport ferroviaire de marchandises\",\"Transportwirtschaft Deutschland\",\"Umsatz Logistik 2026\",\"Wachstum Logistik 2031\"],\"articleSection\":[\"Europa\",\"Expedi\u00e7\u00e3o de Mercadorias e Log\u00edstica\"],\"inLanguage\":\"pt-PT\",\"potentialAction\":[{\"@type\":\"CommentAction\",\"name\":\"Comment\",\"target\":[\"https:\\\/\\\/transportjournal.com\\\/pt-pt\\\/2026\\\/01\\\/23\\\/crescimento-do-setor-de-logistica-ate-2031\\\/#respond\"]}]},{\"@type\":\"WebPage\",\"@id\":\"https:\\\/\\\/transportjournal.com\\\/pt-pt\\\/2026\\\/01\\\/23\\\/crescimento-do-setor-de-logistica-ate-2031\\\/\",\"url\":\"https:\\\/\\\/transportjournal.com\\\/pt-pt\\\/2026\\\/01\\\/23\\\/crescimento-do-setor-de-logistica-ate-2031\\\/\",\"name\":\"Crescimento do setor de log\u00edstica at\u00e9 2031 - ITJ | International Transport Journal\",\"isPartOf\":{\"@id\":\"https:\\\/\\\/transportjournal.com\\\/pt-pt\\\/#website\"},\"primaryImageOfPage\":{\"@id\":\"https:\\\/\\\/transportjournal.com\\\/pt-pt\\\/2026\\\/01\\\/23\\\/crescimento-do-setor-de-logistica-ate-2031\\\/#primaryimage\"},\"image\":{\"@id\":\"https:\\\/\\\/transportjournal.com\\\/pt-pt\\\/2026\\\/01\\\/23\\\/crescimento-do-setor-de-logistica-ate-2031\\\/#primaryimage\"},\"thumbnailUrl\":\"https:\\\/\\\/transportjournal.com\\\/wp-content\\\/uploads\\\/sites\\\/2\\\/2026\\\/01\\\/AdobeStock_354007764-1-scaled-aspect-ratio-1400-788-scaled-1.jpeg\",\"datePublished\":\"2026-01-23T11:29:28+00:00\",\"breadcrumb\":{\"@id\":\"https:\\\/\\\/transportjournal.com\\\/pt-pt\\\/2026\\\/01\\\/23\\\/crescimento-do-setor-de-logistica-ate-2031\\\/#breadcrumb\"},\"inLanguage\":\"pt-PT\",\"potentialAction\":[{\"@type\":\"ReadAction\",\"target\":[\"https:\\\/\\\/transportjournal.com\\\/pt-pt\\\/2026\\\/01\\\/23\\\/crescimento-do-setor-de-logistica-ate-2031\\\/\"]}]},{\"@type\":\"ImageObject\",\"inLanguage\":\"pt-PT\",\"@id\":\"https:\\\/\\\/transportjournal.com\\\/pt-pt\\\/2026\\\/01\\\/23\\\/crescimento-do-setor-de-logistica-ate-2031\\\/#primaryimage\",\"url\":\"https:\\\/\\\/transportjournal.com\\\/wp-content\\\/uploads\\\/sites\\\/2\\\/2026\\\/01\\\/AdobeStock_354007764-1-scaled-aspect-ratio-1400-788-scaled-1.jpeg\",\"contentUrl\":\"https:\\\/\\\/transportjournal.com\\\/wp-content\\\/uploads\\\/sites\\\/2\\\/2026\\\/01\\\/AdobeStock_354007764-1-scaled-aspect-ratio-1400-788-scaled-1.jpeg\",\"width\":2560,\"height\":1441},{\"@type\":\"BreadcrumbList\",\"@id\":\"https:\\\/\\\/transportjournal.com\\\/pt-pt\\\/2026\\\/01\\\/23\\\/crescimento-do-setor-de-logistica-ate-2031\\\/#breadcrumb\",\"itemListElement\":[{\"@type\":\"ListItem\",\"position\":1,\"name\":\"Startseite\",\"item\":\"https:\\\/\\\/transportjournal.com\\\/pt-pt\\\/\"},{\"@type\":\"ListItem\",\"position\":2,\"name\":\"Crescimento do setor de log\u00edstica at\u00e9 2031\"}]},{\"@type\":\"WebSite\",\"@id\":\"https:\\\/\\\/transportjournal.com\\\/pt-pt\\\/#website\",\"url\":\"https:\\\/\\\/transportjournal.com\\\/pt-pt\\\/\",\"name\":\"ITJ | International Transport Journal\",\"description\":\"Stay informed with the latest global news from the transport, logistics, and supply chain industries. Transport Journal delivers expert insights, analysis, and updates across shipping, aviation, intermodal, and forwarding.\",\"publisher\":{\"@id\":\"https:\\\/\\\/transportjournal.com\\\/pt-pt\\\/#organization\"},\"potentialAction\":[{\"@type\":\"SearchAction\",\"target\":{\"@type\":\"EntryPoint\",\"urlTemplate\":\"https:\\\/\\\/transportjournal.com\\\/pt-pt\\\/?s={search_term_string}\"},\"query-input\":{\"@type\":\"PropertyValueSpecification\",\"valueRequired\":true,\"valueName\":\"search_term_string\"}}],\"inLanguage\":\"pt-PT\"},{\"@type\":\"Organization\",\"@id\":\"https:\\\/\\\/transportjournal.com\\\/pt-pt\\\/#organization\",\"name\":\"Logismedia Group AG\",\"alternateName\":\"Logismedia Group AG\",\"url\":\"https:\\\/\\\/transportjournal.com\\\/pt-pt\\\/\",\"logo\":{\"@type\":\"ImageObject\",\"inLanguage\":\"pt-PT\",\"@id\":\"https:\\\/\\\/transportjournal.com\\\/pt-pt\\\/#\\\/schema\\\/logo\\\/image\\\/\",\"url\":\"https:\\\/\\\/transportjournal.com\\\/wp-content\\\/uploads\\\/sites\\\/2\\\/2025\\\/09\\\/Logo_ITJ.png\",\"contentUrl\":\"https:\\\/\\\/transportjournal.com\\\/wp-content\\\/uploads\\\/sites\\\/2\\\/2025\\\/09\\\/Logo_ITJ.png\",\"width\":799,\"height\":326,\"caption\":\"Logismedia Group AG\"},\"image\":{\"@id\":\"https:\\\/\\\/transportjournal.com\\\/pt-pt\\\/#\\\/schema\\\/logo\\\/image\\\/\"},\"sameAs\":[\"https:\\\/\\\/www.linkedin.com\\\/company\\\/56456496\\\/admin\\\/dashboard\\\/\",\"https:\\\/\\\/www.instagram.com\\\/logismediagroup\\\/\",\"https:\\\/\\\/www.youtube.com\\\/@LogiamediaGroupAG\"]},{\"@type\":\"Person\",\"@id\":\"https:\\\/\\\/transportjournal.com\\\/pt-pt\\\/#\\\/schema\\\/person\\\/41d36b5474b623392fa613e97e2363fa\",\"name\":\"Jeremy Soland\",\"url\":\"https:\\\/\\\/transportjournal.com\\\/pt-pt\\\/author\\\/jeremy\\\/\"}]}<\/script>\n<!-- \/ Yoast SEO plugin. -->","yoast_head_json":{"title":"Crescimento do setor de log\u00edstica at\u00e9 2031 - ITJ | International Transport Journal","robots":{"index":"index","follow":"follow","max-snippet":"max-snippet:-1","max-image-preview":"max-image-preview:large","max-video-preview":"max-video-preview:-1"},"canonical":"https:\/\/transportjournal.com\/pt-pt\/2026\/01\/23\/crescimento-do-setor-de-logistica-ate-2031\/","og_locale":"pt_PT","og_type":"article","og_title":"Crescimento do setor de log\u00edstica at\u00e9 2031 - ITJ | International Transport Journal","og_description":"A ind\u00fastria de log\u00edstica e frete da Alemanha deve experimentar um crescimento de receita para 264,17 bilh\u00f5es de USD at\u00e9 2031, impulsionada pelo com\u00e9rcio eletr\u00f4nico e inova\u00e7\u00f5es tecnol\u00f3gicas.","og_url":"https:\/\/transportjournal.com\/pt-pt\/2026\/01\/23\/crescimento-do-setor-de-logistica-ate-2031\/","og_site_name":"ITJ | International Transport Journal","article_published_time":"2026-01-23T11:29:28+00:00","og_image":[{"width":2560,"height":1441,"url":"https:\/\/transportjournal.com\/wp-content\/uploads\/sites\/2\/2026\/01\/AdobeStock_354007764-1-scaled-aspect-ratio-1400-788-scaled-1.jpeg","type":"image\/jpeg"}],"author":"Jeremy Soland","twitter_card":"summary_large_image","twitter_misc":{"Escrito por":"Jeremy Soland","Tempo estimado de leitura":"1 minuto"},"schema":{"@context":"https:\/\/schema.org","@graph":[{"@type":"Article","@id":"https:\/\/transportjournal.com\/pt-pt\/2026\/01\/23\/crescimento-do-setor-de-logistica-ate-2031\/#article","isPartOf":{"@id":"https:\/\/transportjournal.com\/pt-pt\/2026\/01\/23\/crescimento-do-setor-de-logistica-ate-2031\/"},"author":{"name":"Jeremy Soland","@id":"https:\/\/transportjournal.com\/pt-pt\/#\/schema\/person\/41d36b5474b623392fa613e97e2363fa"},"headline":"Crescimento do setor de log\u00edstica at\u00e9 2031","datePublished":"2026-01-23T11:29:28+00:00","mainEntityOfPage":{"@id":"https:\/\/transportjournal.com\/pt-pt\/2026\/01\/23\/crescimento-do-setor-de-logistica-ate-2031\/"},"wordCount":173,"commentCount":0,"publisher":{"@id":"https:\/\/transportjournal.com\/pt-pt\/#organization"},"image":{"@id":"https:\/\/transportjournal.com\/pt-pt\/2026\/01\/23\/crescimento-do-setor-de-logistica-ate-2031\/#primaryimage"},"thumbnailUrl":"https:\/\/transportjournal.com\/wp-content\/uploads\/sites\/2\/2026\/01\/AdobeStock_354007764-1-scaled-aspect-ratio-1400-788-scaled-1.jpeg","keywords":["CO2 pricing logistics","CO2-Bepreisung Logistik","croissance logistique 2031","Deutsch Logistikbranche","Digitalisierung in der Logistik","digitalization in logistics","e-commerce logistics","E-Commerce Logistik","\u00e9conomie du transport Allemagne","europ\u00e4ischer Gr\u00fcner Deal","European Green Deal","export-oriented logistics Fran\u00e7ais secteur logistique","Exportorientierung Logistik English logistics industry","Fachkr\u00e4ftemangel Logistik","Frachtmarkt Deutschland","freight market Germany","freight market report","gestion de la cha\u00eene d'approvisionnement","growth logistics 2031","Hafenbetrieb Deutschland","infrastructure logistique","Infrastruktur Logistik","intermodal solutions","intermodale L\u00f6sungen","logistics industry forecast","logistics infrastructure","logistics market report","logistics revenue 2026","logistics service providers Germany","Logistik Martktreport","Logistikdienstleister Deutschland","logistique de colis","logistique e-commerce","logistique orient\u00e9e export","march\u00e9 du fret Allemagne","Marktbericht Fracht","num\u00e9risation dans la logistique","op\u00e9rations portuaires Allemagne","Pacte vert europ\u00e9en","Paketlogistik","parcel logistics","p\u00e9nurie de main-d'\u0153uvre logistique","port operations Germany","prestataires de services logistiques Allemagne","pr\u00e9visions secteur logistique","Prognose Logistikbranche","rail freight transport","rapport de march\u00e9 du fret","rapport de march\u00e9 logistique","revenus logistique 2026","Schieneng\u00fcterverkehr","skills shortage logistics","solutions intermodales","Supply Chain Management","tarification du CO2 logistique","transport economy Germany","transport ferroviaire de marchandises","Transportwirtschaft Deutschland","Umsatz Logistik 2026","Wachstum Logistik 2031"],"articleSection":["Europa","Expedi\u00e7\u00e3o de Mercadorias e Log\u00edstica"],"inLanguage":"pt-PT","potentialAction":[{"@type":"CommentAction","name":"Comment","target":["https:\/\/transportjournal.com\/pt-pt\/2026\/01\/23\/crescimento-do-setor-de-logistica-ate-2031\/#respond"]}]},{"@type":"WebPage","@id":"https:\/\/transportjournal.com\/pt-pt\/2026\/01\/23\/crescimento-do-setor-de-logistica-ate-2031\/","url":"https:\/\/transportjournal.com\/pt-pt\/2026\/01\/23\/crescimento-do-setor-de-logistica-ate-2031\/","name":"Crescimento do setor de log\u00edstica at\u00e9 2031 - ITJ | International Transport Journal","isPartOf":{"@id":"https:\/\/transportjournal.com\/pt-pt\/#website"},"primaryImageOfPage":{"@id":"https:\/\/transportjournal.com\/pt-pt\/2026\/01\/23\/crescimento-do-setor-de-logistica-ate-2031\/#primaryimage"},"image":{"@id":"https:\/\/transportjournal.com\/pt-pt\/2026\/01\/23\/crescimento-do-setor-de-logistica-ate-2031\/#primaryimage"},"thumbnailUrl":"https:\/\/transportjournal.com\/wp-content\/uploads\/sites\/2\/2026\/01\/AdobeStock_354007764-1-scaled-aspect-ratio-1400-788-scaled-1.jpeg","datePublished":"2026-01-23T11:29:28+00:00","breadcrumb":{"@id":"https:\/\/transportjournal.com\/pt-pt\/2026\/01\/23\/crescimento-do-setor-de-logistica-ate-2031\/#breadcrumb"},"inLanguage":"pt-PT","potentialAction":[{"@type":"ReadAction","target":["https:\/\/transportjournal.com\/pt-pt\/2026\/01\/23\/crescimento-do-setor-de-logistica-ate-2031\/"]}]},{"@type":"ImageObject","inLanguage":"pt-PT","@id":"https:\/\/transportjournal.com\/pt-pt\/2026\/01\/23\/crescimento-do-setor-de-logistica-ate-2031\/#primaryimage","url":"https:\/\/transportjournal.com\/wp-content\/uploads\/sites\/2\/2026\/01\/AdobeStock_354007764-1-scaled-aspect-ratio-1400-788-scaled-1.jpeg","contentUrl":"https:\/\/transportjournal.com\/wp-content\/uploads\/sites\/2\/2026\/01\/AdobeStock_354007764-1-scaled-aspect-ratio-1400-788-scaled-1.jpeg","width":2560,"height":1441},{"@type":"BreadcrumbList","@id":"https:\/\/transportjournal.com\/pt-pt\/2026\/01\/23\/crescimento-do-setor-de-logistica-ate-2031\/#breadcrumb","itemListElement":[{"@type":"ListItem","position":1,"name":"Startseite","item":"https:\/\/transportjournal.com\/pt-pt\/"},{"@type":"ListItem","position":2,"name":"Crescimento do setor de log\u00edstica at\u00e9 2031"}]},{"@type":"WebSite","@id":"https:\/\/transportjournal.com\/pt-pt\/#website","url":"https:\/\/transportjournal.com\/pt-pt\/","name":"ITJ | International Transport Journal","description":"Stay informed with the latest global news from the transport, logistics, and supply chain industries. Transport Journal delivers expert insights, analysis, and updates across shipping, aviation, intermodal, and forwarding.","publisher":{"@id":"https:\/\/transportjournal.com\/pt-pt\/#organization"},"potentialAction":[{"@type":"SearchAction","target":{"@type":"EntryPoint","urlTemplate":"https:\/\/transportjournal.com\/pt-pt\/?s={search_term_string}"},"query-input":{"@type":"PropertyValueSpecification","valueRequired":true,"valueName":"search_term_string"}}],"inLanguage":"pt-PT"},{"@type":"Organization","@id":"https:\/\/transportjournal.com\/pt-pt\/#organization","name":"Logismedia Group AG","alternateName":"Logismedia Group AG","url":"https:\/\/transportjournal.com\/pt-pt\/","logo":{"@type":"ImageObject","inLanguage":"pt-PT","@id":"https:\/\/transportjournal.com\/pt-pt\/#\/schema\/logo\/image\/","url":"https:\/\/transportjournal.com\/wp-content\/uploads\/sites\/2\/2025\/09\/Logo_ITJ.png","contentUrl":"https:\/\/transportjournal.com\/wp-content\/uploads\/sites\/2\/2025\/09\/Logo_ITJ.png","width":799,"height":326,"caption":"Logismedia Group AG"},"image":{"@id":"https:\/\/transportjournal.com\/pt-pt\/#\/schema\/logo\/image\/"},"sameAs":["https:\/\/www.linkedin.com\/company\/56456496\/admin\/dashboard\/","https:\/\/www.instagram.com\/logismediagroup\/","https:\/\/www.youtube.com\/@LogiamediaGroupAG"]},{"@type":"Person","@id":"https:\/\/transportjournal.com\/pt-pt\/#\/schema\/person\/41d36b5474b623392fa613e97e2363fa","name":"Jeremy Soland","url":"https:\/\/transportjournal.com\/pt-pt\/author\/jeremy\/"}]}},"_links":{"self":[{"href":"https:\/\/transportjournal.com\/pt-pt\/wp-json\/wp\/v2\/posts\/74244","targetHints":{"allow":["GET"]}}],"collection":[{"href":"https:\/\/transportjournal.com\/pt-pt\/wp-json\/wp\/v2\/posts"}],"about":[{"href":"https:\/\/transportjournal.com\/pt-pt\/wp-json\/wp\/v2\/types\/post"}],"author":[{"embeddable":true,"href":"https:\/\/transportjournal.com\/pt-pt\/wp-json\/wp\/v2\/users\/10"}],"replies":[{"embeddable":true,"href":"https:\/\/transportjournal.com\/pt-pt\/wp-json\/wp\/v2\/comments?post=74244"}],"version-history":[{"count":0,"href":"https:\/\/transportjournal.com\/pt-pt\/wp-json\/wp\/v2\/posts\/74244\/revisions"}],"wp:featuredmedia":[{"embeddable":true,"href":"https:\/\/transportjournal.com\/pt-pt\/wp-json\/wp\/v2\/media\/74239"}],"wp:attachment":[{"href":"https:\/\/transportjournal.com\/pt-pt\/wp-json\/wp\/v2\/media?parent=74244"}],"wp:term":[{"taxonomy":"category","embeddable":true,"href":"https:\/\/transportjournal.com\/pt-pt\/wp-json\/wp\/v2\/categories?post=74244"},{"taxonomy":"post_tag","embeddable":true,"href":"https:\/\/transportjournal.com\/pt-pt\/wp-json\/wp\/v2\/tags?post=74244"}],"curies":[{"name":"wp","href":"https:\/\/api.w.org\/{rel}","templated":true}]}}