{"id":74166,"date":"2026-01-23T10:08:57","date_gmt":"2026-01-23T10:08:57","guid":{"rendered":"https:\/\/transportjournal.com\/2026\/01\/23\/fedex-nomeia-salil-chari-como-presidente\/"},"modified":"2026-01-23T10:08:57","modified_gmt":"2026-01-23T10:08:57","slug":"fedex-nomeia-salil-chari-como-presidente","status":"publish","type":"post","link":"https:\/\/transportjournal.com\/pt-pt\/2026\/01\/23\/fedex-nomeia-salil-chari-como-presidente\/","title":{"rendered":"FedEx nomeia Salil Chari como presidente"},"content":{"rendered":"<p>Federal Express Corporation (FedEx) nomeou Salil Chari como o novo presidente da regi\u00e3o \u00c1sia-Pac\u00edfico. Chari, que anteriormente atuou como vice-presidente s\u00eanior de marketing e experi\u00eancia do cliente na regi\u00e3o APAC, assumiu sua nova posi\u00e7\u00e3o em 1\u00ba de janeiro de 2026. Ele sucede Kawal Preet, que assumiu um novo cargo como vice-presidente executivo de planejamento, engenharia e transforma\u00e7\u00e3o.<\/p>\n<p>Em sua fun\u00e7\u00e3o como presidente regional, Chari \u00e9 respons\u00e1vel pela dire\u00e7\u00e3o estrat\u00e9gica da empresa e lidera uma equipe de quase 30.000 colaboradores na regi\u00e3o APAC. Suas responsabilidades incluem promover um crescimento lucrativo, fornecer experi\u00eancias excepcionais aos clientes e melhorar a excel\u00eancia operacional na regi\u00e3o.<\/p>\n<p>Richard W. Smith, diretor de opera\u00e7\u00f5es da FedEx International, comentou positivamente sobre a nomea\u00e7\u00e3o: \u201cEstou feliz em dar as boas-vindas a Salil como o novo presidente para a \u00c1sia-Pac\u00edfico. Isso marca um novo e empolgante cap\u00edtulo para nossos neg\u00f3cios na regi\u00e3o APAC. Salil traz experi\u00eancias excepcionais em lideran\u00e7a multirregional e tem uma paix\u00e3o por oferecer valor aos nossos clientes. Com sua profunda compreens\u00e3o da regi\u00e3o, estou confiante de que ele levar\u00e1 nossos neg\u00f3cios na APAC a novas alturas.\u201d<\/p>\n<p>Salil Chari come\u00e7ou sua carreira na FedEx em 1997 como analista de marketing em Memphis, EUA. Atrav\u00e9s de v\u00e1rias posi\u00e7\u00f5es de lideran\u00e7a na Am\u00e9rica Latina, Caribe, regi\u00e3o APAC, bem como no Oriente M\u00e9dio, subcontinente indiano e \u00c1frica, ele sempre se dedicou a melhorar a experi\u00eancia do cliente e apoiar empresas na expans\u00e3o de seu alcance global e na explora\u00e7\u00e3o de novas oportunidades de mercado.<\/p>\n<p>\u201c\u00c9 uma honra liderar uma equipe t\u00e3o talentosa em uma regi\u00e3o que est\u00e1 no centro do com\u00e9rcio global\u201d, disse Chari. \u201cA \u00c1sia-Pac\u00edfico abriga algumas das rotas comerciais mais din\u00e2micas e em r\u00e1pida evolu\u00e7\u00e3o do mundo, oferecendo oportunidades de crescimento e competitividade poderosas para empresas de todos os tamanhos. Enquanto constru\u00edmos sobre nossa base s\u00f3lida, meu foco est\u00e1 em fortalecer a resili\u00eancia, acelerar o crescimento e aprofundar o papel da FedEx como um parceiro valioso para nossos clientes e comunidades. Com o compromisso incans\u00e1vel de nossos membros da equipe, que vivem a Purple Promise todos os dias para tornar cada experi\u00eancia do cliente excepcional, continuaremos a conectar empresas com novas oportunidades, impulsionar inova\u00e7\u00f5es e possibilitar o com\u00e9rcio global em um mercado em constante evolu\u00e7\u00e3o.\u201d<\/p>\n<p>&nbsp;<\/p>\n<p><a href=\"https:\/\/www.fedex.com\/\" target=\"_blank\" rel=\"noopener noreferrer\">www.fedex.com<\/a><\/p>\n<p>&nbsp;<\/p>\n","protected":false},"excerpt":{"rendered":"<p>Salil Chari foi nomeado presidente da regi\u00e3o APAC na FedEx e ir\u00e1 liderar a orienta\u00e7\u00e3o estrat\u00e9gica e o crescimento da empresa<\/p>\n","protected":false},"author":12,"featured_media":74161,"comment_status":"open","ping_status":"open","sticky":false,"template":"","format":"standard","meta":{"_acf_changed":false,"footnotes":""},"categories":[1622,1617,1615],"tags":[8811,5128,2112,8812,8813,4755,3739,2211,2212,4984,8814,2122,4207,2123,5139,5140,8815,8816,2125,3745,2075,2279,2280,8817,8818,2130,4128,1831,2622,8819,8820,1800,4988,8821,8822,8823,2479,8824,8825,8826,2481,8827,8828,8829,2339,2106,2641,8830,2242,2155,1837,2157,8831],"class_list":["post-74166","post","type-post","status-publish","format-standard","has-post-thumbnail","hentry","category-asia-pacifico","category-expedicao-e-logistica","category-pessoas-e-empresas","tag-apac-region","tag-commerce-mondial","tag-corporate-leadership","tag-customer-experience","tag-customer-retention-francais-fedex","tag-deutsch-fedex","tag-developpement-des-infrastructures","tag-digital-transformation","tag-digitale-transformation","tag-excellence-operationnelle","tag-experience-client","tag-fachkraeftemangel-logistik","tag-fidelisation-des-clients","tag-gestion-de-la-chaine-dapprovisionnement","tag-global-trade","tag-globaler-handel","tag-growth-opportunities","tag-handelswege-asien","tag-industrie-du-transport","tag-infrastructure-development","tag-infrastrukturentwicklung","tag-international-logistics","tag-internationale-logistik","tag-kundenbindung-english-fedex","tag-kundenerfahrung","tag-leadership-dentreprise","tag-logistics-provider","tag-logistikdienstleister","tag-logistique-durable","tag-market-opportunities","tag-marktchancen","tag-nachhaltige-logistik","tag-operational-excellence","tag-operativen-exzellenz","tag-opportunites-de-croissance","tag-opportunites-de-marche","tag-penurie-de-competences-logistique","tag-praesident-asien-pazifik","tag-president-asia-pacific","tag-president-asie-pacifique","tag-prestataire-logistique","tag-region-apac","tag-routes-commerciales-asie","tag-salil-chari","tag-skills-shortage-logistics","tag-supply-chain-management","tag-sustainable-logistics","tag-trade-routes-asia","tag-transformation-numerique","tag-transport-industry","tag-transportwirtschaft","tag-unternehmensfuehrung","tag-wachstumsmoeglichkeiten"],"acf":[],"yoast_head":"<!-- This site is optimized with the Yoast SEO plugin v27.3 - https:\/\/yoast.com\/product\/yoast-seo-wordpress\/ -->\n<title>FedEx nomeia Salil Chari como presidente - ITJ | International Transport Journal<\/title>\n<meta name=\"robots\" content=\"index, follow, max-snippet:-1, max-image-preview:large, max-video-preview:-1\" \/>\n<link rel=\"canonical\" href=\"https:\/\/transportjournal.com\/pt-pt\/2026\/01\/23\/fedex-nomeia-salil-chari-como-presidente\/\" \/>\n<meta property=\"og:locale\" content=\"pt_PT\" \/>\n<meta property=\"og:type\" content=\"article\" \/>\n<meta property=\"og:title\" content=\"FedEx nomeia Salil Chari como presidente - ITJ | International Transport Journal\" \/>\n<meta property=\"og:description\" content=\"Salil Chari foi nomeado presidente da regi\u00e3o APAC na FedEx e ir\u00e1 liderar a orienta\u00e7\u00e3o estrat\u00e9gica e o crescimento da empresa\" \/>\n<meta property=\"og:url\" content=\"https:\/\/transportjournal.com\/pt-pt\/2026\/01\/23\/fedex-nomeia-salil-chari-como-presidente\/\" \/>\n<meta property=\"og:site_name\" content=\"ITJ | International Transport Journal\" \/>\n<meta property=\"article:published_time\" content=\"2026-01-23T10:08:57+00:00\" \/>\n<meta property=\"og:image\" content=\"https:\/\/transportjournal.com\/wp-content\/uploads\/sites\/2\/2026\/01\/Fedex-Salil-Chari-aspect-ratio-1400-788-1.webp\" \/>\n\t<meta property=\"og:image:width\" content=\"878\" \/>\n\t<meta property=\"og:image:height\" content=\"494\" \/>\n\t<meta property=\"og:image:type\" content=\"image\/webp\" \/>\n<meta name=\"author\" content=\"Andreas Haug\" \/>\n<meta name=\"twitter:card\" content=\"summary_large_image\" \/>\n<meta name=\"twitter:label1\" content=\"Escrito por\" \/>\n\t<meta name=\"twitter:data1\" content=\"Andreas Haug\" \/>\n\t<meta name=\"twitter:label2\" content=\"Tempo estimado de leitura\" \/>\n\t<meta name=\"twitter:data2\" content=\"2 minutos\" \/>\n<script type=\"application\/ld+json\" class=\"yoast-schema-graph\">{\"@context\":\"https:\\\/\\\/schema.org\",\"@graph\":[{\"@type\":\"Article\",\"@id\":\"https:\\\/\\\/transportjournal.com\\\/pt-pt\\\/2026\\\/01\\\/23\\\/fedex-nomeia-salil-chari-como-presidente\\\/#article\",\"isPartOf\":{\"@id\":\"https:\\\/\\\/transportjournal.com\\\/pt-pt\\\/2026\\\/01\\\/23\\\/fedex-nomeia-salil-chari-como-presidente\\\/\"},\"author\":{\"name\":\"Andreas Haug\",\"@id\":\"https:\\\/\\\/transportjournal.com\\\/pt-pt\\\/#\\\/schema\\\/person\\\/cf538b3157f15afd7589245a4b3dbd25\"},\"headline\":\"FedEx nomeia Salil Chari como presidente\",\"datePublished\":\"2026-01-23T10:08:57+00:00\",\"mainEntityOfPage\":{\"@id\":\"https:\\\/\\\/transportjournal.com\\\/pt-pt\\\/2026\\\/01\\\/23\\\/fedex-nomeia-salil-chari-como-presidente\\\/\"},\"wordCount\":424,\"commentCount\":0,\"publisher\":{\"@id\":\"https:\\\/\\\/transportjournal.com\\\/pt-pt\\\/#organization\"},\"image\":{\"@id\":\"https:\\\/\\\/transportjournal.com\\\/pt-pt\\\/2026\\\/01\\\/23\\\/fedex-nomeia-salil-chari-como-presidente\\\/#primaryimage\"},\"thumbnailUrl\":\"https:\\\/\\\/transportjournal.com\\\/wp-content\\\/uploads\\\/sites\\\/2\\\/2026\\\/01\\\/Fedex-Salil-Chari-aspect-ratio-1400-788-1.webp\",\"keywords\":[\"APAC-Region\",\"commerce mondial\",\"corporate leadership\",\"customer experience\",\"customer retention Fran\u00e7ais FedEx\",\"Deutsch FedEx\",\"d\u00e9veloppement des infrastructures\",\"digital transformation\",\"digitale Transformation\",\"excellence op\u00e9rationnelle\",\"exp\u00e9rience client\",\"Fachkr\u00e4ftemangel Logistik\",\"fid\u00e9lisation des clients\",\"gestion de la cha\u00eene d'approvisionnement\",\"global trade\",\"globaler Handel\",\"growth opportunities\",\"Handelswege Asien\",\"industrie du transport\",\"infrastructure development\",\"Infrastrukturentwicklung\",\"international logistics\",\"internationale Logistik\",\"Kundenbindung English FedEx\",\"Kundenerfahrung\",\"leadership d'entreprise\",\"logistics provider\",\"Logistikdienstleister\",\"logistique durable\",\"market opportunities\",\"Marktchancen\",\"nachhaltige Logistik\",\"operational excellence\",\"operativen Exzellenz\",\"opportunit\u00e9s de croissance\",\"opportunit\u00e9s de march\u00e9\",\"p\u00e9nurie de comp\u00e9tences logistique\",\"Pr\u00e4sident Asien-Pazifik\",\"President Asia-Pacific\",\"Pr\u00e9sident Asie-Pacifique\",\"prestataire logistique\",\"r\u00e9gion APAC\",\"routes commerciales Asie\",\"Salil Chari\",\"skills shortage logistics\",\"Supply Chain Management\",\"sustainable logistics\",\"trade routes Asia\",\"transformation num\u00e9rique\",\"transport industry\",\"Transportwirtschaft\",\"Unternehmensf\u00fchrung\",\"Wachstumsm\u00f6glichkeiten\"],\"articleSection\":[\"\u00c1sia\\\/Pac\u00edfico\",\"Expedi\u00e7\u00e3o de Mercadorias e Log\u00edstica\",\"Pessoas e empresas\"],\"inLanguage\":\"pt-PT\",\"potentialAction\":[{\"@type\":\"CommentAction\",\"name\":\"Comment\",\"target\":[\"https:\\\/\\\/transportjournal.com\\\/pt-pt\\\/2026\\\/01\\\/23\\\/fedex-nomeia-salil-chari-como-presidente\\\/#respond\"]}]},{\"@type\":\"WebPage\",\"@id\":\"https:\\\/\\\/transportjournal.com\\\/pt-pt\\\/2026\\\/01\\\/23\\\/fedex-nomeia-salil-chari-como-presidente\\\/\",\"url\":\"https:\\\/\\\/transportjournal.com\\\/pt-pt\\\/2026\\\/01\\\/23\\\/fedex-nomeia-salil-chari-como-presidente\\\/\",\"name\":\"FedEx nomeia Salil Chari como presidente - ITJ | International Transport Journal\",\"isPartOf\":{\"@id\":\"https:\\\/\\\/transportjournal.com\\\/pt-pt\\\/#website\"},\"primaryImageOfPage\":{\"@id\":\"https:\\\/\\\/transportjournal.com\\\/pt-pt\\\/2026\\\/01\\\/23\\\/fedex-nomeia-salil-chari-como-presidente\\\/#primaryimage\"},\"image\":{\"@id\":\"https:\\\/\\\/transportjournal.com\\\/pt-pt\\\/2026\\\/01\\\/23\\\/fedex-nomeia-salil-chari-como-presidente\\\/#primaryimage\"},\"thumbnailUrl\":\"https:\\\/\\\/transportjournal.com\\\/wp-content\\\/uploads\\\/sites\\\/2\\\/2026\\\/01\\\/Fedex-Salil-Chari-aspect-ratio-1400-788-1.webp\",\"datePublished\":\"2026-01-23T10:08:57+00:00\",\"breadcrumb\":{\"@id\":\"https:\\\/\\\/transportjournal.com\\\/pt-pt\\\/2026\\\/01\\\/23\\\/fedex-nomeia-salil-chari-como-presidente\\\/#breadcrumb\"},\"inLanguage\":\"pt-PT\",\"potentialAction\":[{\"@type\":\"ReadAction\",\"target\":[\"https:\\\/\\\/transportjournal.com\\\/pt-pt\\\/2026\\\/01\\\/23\\\/fedex-nomeia-salil-chari-como-presidente\\\/\"]}]},{\"@type\":\"ImageObject\",\"inLanguage\":\"pt-PT\",\"@id\":\"https:\\\/\\\/transportjournal.com\\\/pt-pt\\\/2026\\\/01\\\/23\\\/fedex-nomeia-salil-chari-como-presidente\\\/#primaryimage\",\"url\":\"https:\\\/\\\/transportjournal.com\\\/wp-content\\\/uploads\\\/sites\\\/2\\\/2026\\\/01\\\/Fedex-Salil-Chari-aspect-ratio-1400-788-1.webp\",\"contentUrl\":\"https:\\\/\\\/transportjournal.com\\\/wp-content\\\/uploads\\\/sites\\\/2\\\/2026\\\/01\\\/Fedex-Salil-Chari-aspect-ratio-1400-788-1.webp\",\"width\":878,\"height\":494},{\"@type\":\"BreadcrumbList\",\"@id\":\"https:\\\/\\\/transportjournal.com\\\/pt-pt\\\/2026\\\/01\\\/23\\\/fedex-nomeia-salil-chari-como-presidente\\\/#breadcrumb\",\"itemListElement\":[{\"@type\":\"ListItem\",\"position\":1,\"name\":\"Startseite\",\"item\":\"https:\\\/\\\/transportjournal.com\\\/pt-pt\\\/\"},{\"@type\":\"ListItem\",\"position\":2,\"name\":\"FedEx nomeia Salil Chari como presidente\"}]},{\"@type\":\"WebSite\",\"@id\":\"https:\\\/\\\/transportjournal.com\\\/pt-pt\\\/#website\",\"url\":\"https:\\\/\\\/transportjournal.com\\\/pt-pt\\\/\",\"name\":\"ITJ | International Transport Journal\",\"description\":\"Stay informed with the latest global news from the transport, logistics, and supply chain industries. Transport Journal delivers expert insights, analysis, and updates across shipping, aviation, intermodal, and forwarding.\",\"publisher\":{\"@id\":\"https:\\\/\\\/transportjournal.com\\\/pt-pt\\\/#organization\"},\"potentialAction\":[{\"@type\":\"SearchAction\",\"target\":{\"@type\":\"EntryPoint\",\"urlTemplate\":\"https:\\\/\\\/transportjournal.com\\\/pt-pt\\\/?s={search_term_string}\"},\"query-input\":{\"@type\":\"PropertyValueSpecification\",\"valueRequired\":true,\"valueName\":\"search_term_string\"}}],\"inLanguage\":\"pt-PT\"},{\"@type\":\"Organization\",\"@id\":\"https:\\\/\\\/transportjournal.com\\\/pt-pt\\\/#organization\",\"name\":\"Logismedia Group AG\",\"alternateName\":\"Logismedia Group AG\",\"url\":\"https:\\\/\\\/transportjournal.com\\\/pt-pt\\\/\",\"logo\":{\"@type\":\"ImageObject\",\"inLanguage\":\"pt-PT\",\"@id\":\"https:\\\/\\\/transportjournal.com\\\/pt-pt\\\/#\\\/schema\\\/logo\\\/image\\\/\",\"url\":\"https:\\\/\\\/transportjournal.com\\\/wp-content\\\/uploads\\\/sites\\\/2\\\/2025\\\/09\\\/Logo_ITJ.png\",\"contentUrl\":\"https:\\\/\\\/transportjournal.com\\\/wp-content\\\/uploads\\\/sites\\\/2\\\/2025\\\/09\\\/Logo_ITJ.png\",\"width\":799,\"height\":326,\"caption\":\"Logismedia Group AG\"},\"image\":{\"@id\":\"https:\\\/\\\/transportjournal.com\\\/pt-pt\\\/#\\\/schema\\\/logo\\\/image\\\/\"},\"sameAs\":[\"https:\\\/\\\/www.linkedin.com\\\/company\\\/56456496\\\/admin\\\/dashboard\\\/\",\"https:\\\/\\\/www.instagram.com\\\/logismediagroup\\\/\",\"https:\\\/\\\/www.youtube.com\\\/@LogiamediaGroupAG\"]},{\"@type\":\"Person\",\"@id\":\"https:\\\/\\\/transportjournal.com\\\/pt-pt\\\/#\\\/schema\\\/person\\\/cf538b3157f15afd7589245a4b3dbd25\",\"name\":\"Andreas Haug\",\"url\":\"https:\\\/\\\/transportjournal.com\\\/pt-pt\\\/author\\\/andreas\\\/\"}]}<\/script>\n<!-- \/ Yoast SEO plugin. -->","yoast_head_json":{"title":"FedEx nomeia Salil Chari como presidente - ITJ | International Transport Journal","robots":{"index":"index","follow":"follow","max-snippet":"max-snippet:-1","max-image-preview":"max-image-preview:large","max-video-preview":"max-video-preview:-1"},"canonical":"https:\/\/transportjournal.com\/pt-pt\/2026\/01\/23\/fedex-nomeia-salil-chari-como-presidente\/","og_locale":"pt_PT","og_type":"article","og_title":"FedEx nomeia Salil Chari como presidente - ITJ | International Transport Journal","og_description":"Salil Chari foi nomeado presidente da regi\u00e3o APAC na FedEx e ir\u00e1 liderar a orienta\u00e7\u00e3o estrat\u00e9gica e o crescimento da empresa","og_url":"https:\/\/transportjournal.com\/pt-pt\/2026\/01\/23\/fedex-nomeia-salil-chari-como-presidente\/","og_site_name":"ITJ | International Transport Journal","article_published_time":"2026-01-23T10:08:57+00:00","og_image":[{"width":878,"height":494,"url":"https:\/\/transportjournal.com\/wp-content\/uploads\/sites\/2\/2026\/01\/Fedex-Salil-Chari-aspect-ratio-1400-788-1.webp","type":"image\/webp"}],"author":"Andreas Haug","twitter_card":"summary_large_image","twitter_misc":{"Escrito por":"Andreas Haug","Tempo estimado de leitura":"2 minutos"},"schema":{"@context":"https:\/\/schema.org","@graph":[{"@type":"Article","@id":"https:\/\/transportjournal.com\/pt-pt\/2026\/01\/23\/fedex-nomeia-salil-chari-como-presidente\/#article","isPartOf":{"@id":"https:\/\/transportjournal.com\/pt-pt\/2026\/01\/23\/fedex-nomeia-salil-chari-como-presidente\/"},"author":{"name":"Andreas Haug","@id":"https:\/\/transportjournal.com\/pt-pt\/#\/schema\/person\/cf538b3157f15afd7589245a4b3dbd25"},"headline":"FedEx nomeia Salil Chari como presidente","datePublished":"2026-01-23T10:08:57+00:00","mainEntityOfPage":{"@id":"https:\/\/transportjournal.com\/pt-pt\/2026\/01\/23\/fedex-nomeia-salil-chari-como-presidente\/"},"wordCount":424,"commentCount":0,"publisher":{"@id":"https:\/\/transportjournal.com\/pt-pt\/#organization"},"image":{"@id":"https:\/\/transportjournal.com\/pt-pt\/2026\/01\/23\/fedex-nomeia-salil-chari-como-presidente\/#primaryimage"},"thumbnailUrl":"https:\/\/transportjournal.com\/wp-content\/uploads\/sites\/2\/2026\/01\/Fedex-Salil-Chari-aspect-ratio-1400-788-1.webp","keywords":["APAC-Region","commerce mondial","corporate leadership","customer experience","customer retention Fran\u00e7ais FedEx","Deutsch FedEx","d\u00e9veloppement des infrastructures","digital transformation","digitale Transformation","excellence op\u00e9rationnelle","exp\u00e9rience client","Fachkr\u00e4ftemangel Logistik","fid\u00e9lisation des clients","gestion de la cha\u00eene d'approvisionnement","global trade","globaler Handel","growth opportunities","Handelswege Asien","industrie du transport","infrastructure development","Infrastrukturentwicklung","international logistics","internationale Logistik","Kundenbindung English FedEx","Kundenerfahrung","leadership d'entreprise","logistics provider","Logistikdienstleister","logistique durable","market opportunities","Marktchancen","nachhaltige Logistik","operational excellence","operativen Exzellenz","opportunit\u00e9s de croissance","opportunit\u00e9s de march\u00e9","p\u00e9nurie de comp\u00e9tences logistique","Pr\u00e4sident Asien-Pazifik","President Asia-Pacific","Pr\u00e9sident Asie-Pacifique","prestataire logistique","r\u00e9gion APAC","routes commerciales Asie","Salil Chari","skills shortage logistics","Supply Chain Management","sustainable logistics","trade routes Asia","transformation num\u00e9rique","transport industry","Transportwirtschaft","Unternehmensf\u00fchrung","Wachstumsm\u00f6glichkeiten"],"articleSection":["\u00c1sia\/Pac\u00edfico","Expedi\u00e7\u00e3o de Mercadorias e Log\u00edstica","Pessoas e empresas"],"inLanguage":"pt-PT","potentialAction":[{"@type":"CommentAction","name":"Comment","target":["https:\/\/transportjournal.com\/pt-pt\/2026\/01\/23\/fedex-nomeia-salil-chari-como-presidente\/#respond"]}]},{"@type":"WebPage","@id":"https:\/\/transportjournal.com\/pt-pt\/2026\/01\/23\/fedex-nomeia-salil-chari-como-presidente\/","url":"https:\/\/transportjournal.com\/pt-pt\/2026\/01\/23\/fedex-nomeia-salil-chari-como-presidente\/","name":"FedEx nomeia Salil Chari como presidente - ITJ | International Transport Journal","isPartOf":{"@id":"https:\/\/transportjournal.com\/pt-pt\/#website"},"primaryImageOfPage":{"@id":"https:\/\/transportjournal.com\/pt-pt\/2026\/01\/23\/fedex-nomeia-salil-chari-como-presidente\/#primaryimage"},"image":{"@id":"https:\/\/transportjournal.com\/pt-pt\/2026\/01\/23\/fedex-nomeia-salil-chari-como-presidente\/#primaryimage"},"thumbnailUrl":"https:\/\/transportjournal.com\/wp-content\/uploads\/sites\/2\/2026\/01\/Fedex-Salil-Chari-aspect-ratio-1400-788-1.webp","datePublished":"2026-01-23T10:08:57+00:00","breadcrumb":{"@id":"https:\/\/transportjournal.com\/pt-pt\/2026\/01\/23\/fedex-nomeia-salil-chari-como-presidente\/#breadcrumb"},"inLanguage":"pt-PT","potentialAction":[{"@type":"ReadAction","target":["https:\/\/transportjournal.com\/pt-pt\/2026\/01\/23\/fedex-nomeia-salil-chari-como-presidente\/"]}]},{"@type":"ImageObject","inLanguage":"pt-PT","@id":"https:\/\/transportjournal.com\/pt-pt\/2026\/01\/23\/fedex-nomeia-salil-chari-como-presidente\/#primaryimage","url":"https:\/\/transportjournal.com\/wp-content\/uploads\/sites\/2\/2026\/01\/Fedex-Salil-Chari-aspect-ratio-1400-788-1.webp","contentUrl":"https:\/\/transportjournal.com\/wp-content\/uploads\/sites\/2\/2026\/01\/Fedex-Salil-Chari-aspect-ratio-1400-788-1.webp","width":878,"height":494},{"@type":"BreadcrumbList","@id":"https:\/\/transportjournal.com\/pt-pt\/2026\/01\/23\/fedex-nomeia-salil-chari-como-presidente\/#breadcrumb","itemListElement":[{"@type":"ListItem","position":1,"name":"Startseite","item":"https:\/\/transportjournal.com\/pt-pt\/"},{"@type":"ListItem","position":2,"name":"FedEx nomeia Salil Chari como presidente"}]},{"@type":"WebSite","@id":"https:\/\/transportjournal.com\/pt-pt\/#website","url":"https:\/\/transportjournal.com\/pt-pt\/","name":"ITJ | International Transport Journal","description":"Stay informed with the latest global news from the transport, logistics, and supply chain industries. Transport Journal delivers expert insights, analysis, and updates across shipping, aviation, intermodal, and forwarding.","publisher":{"@id":"https:\/\/transportjournal.com\/pt-pt\/#organization"},"potentialAction":[{"@type":"SearchAction","target":{"@type":"EntryPoint","urlTemplate":"https:\/\/transportjournal.com\/pt-pt\/?s={search_term_string}"},"query-input":{"@type":"PropertyValueSpecification","valueRequired":true,"valueName":"search_term_string"}}],"inLanguage":"pt-PT"},{"@type":"Organization","@id":"https:\/\/transportjournal.com\/pt-pt\/#organization","name":"Logismedia Group AG","alternateName":"Logismedia Group AG","url":"https:\/\/transportjournal.com\/pt-pt\/","logo":{"@type":"ImageObject","inLanguage":"pt-PT","@id":"https:\/\/transportjournal.com\/pt-pt\/#\/schema\/logo\/image\/","url":"https:\/\/transportjournal.com\/wp-content\/uploads\/sites\/2\/2025\/09\/Logo_ITJ.png","contentUrl":"https:\/\/transportjournal.com\/wp-content\/uploads\/sites\/2\/2025\/09\/Logo_ITJ.png","width":799,"height":326,"caption":"Logismedia Group AG"},"image":{"@id":"https:\/\/transportjournal.com\/pt-pt\/#\/schema\/logo\/image\/"},"sameAs":["https:\/\/www.linkedin.com\/company\/56456496\/admin\/dashboard\/","https:\/\/www.instagram.com\/logismediagroup\/","https:\/\/www.youtube.com\/@LogiamediaGroupAG"]},{"@type":"Person","@id":"https:\/\/transportjournal.com\/pt-pt\/#\/schema\/person\/cf538b3157f15afd7589245a4b3dbd25","name":"Andreas Haug","url":"https:\/\/transportjournal.com\/pt-pt\/author\/andreas\/"}]}},"_links":{"self":[{"href":"https:\/\/transportjournal.com\/pt-pt\/wp-json\/wp\/v2\/posts\/74166","targetHints":{"allow":["GET"]}}],"collection":[{"href":"https:\/\/transportjournal.com\/pt-pt\/wp-json\/wp\/v2\/posts"}],"about":[{"href":"https:\/\/transportjournal.com\/pt-pt\/wp-json\/wp\/v2\/types\/post"}],"author":[{"embeddable":true,"href":"https:\/\/transportjournal.com\/pt-pt\/wp-json\/wp\/v2\/users\/12"}],"replies":[{"embeddable":true,"href":"https:\/\/transportjournal.com\/pt-pt\/wp-json\/wp\/v2\/comments?post=74166"}],"version-history":[{"count":0,"href":"https:\/\/transportjournal.com\/pt-pt\/wp-json\/wp\/v2\/posts\/74166\/revisions"}],"wp:featuredmedia":[{"embeddable":true,"href":"https:\/\/transportjournal.com\/pt-pt\/wp-json\/wp\/v2\/media\/74161"}],"wp:attachment":[{"href":"https:\/\/transportjournal.com\/pt-pt\/wp-json\/wp\/v2\/media?parent=74166"}],"wp:term":[{"taxonomy":"category","embeddable":true,"href":"https:\/\/transportjournal.com\/pt-pt\/wp-json\/wp\/v2\/categories?post=74166"},{"taxonomy":"post_tag","embeddable":true,"href":"https:\/\/transportjournal.com\/pt-pt\/wp-json\/wp\/v2\/tags?post=74166"}],"curies":[{"name":"wp","href":"https:\/\/api.w.org\/{rel}","templated":true}]}}